{"id":21738,"date":"2025-09-28T13:24:27","date_gmt":"2025-09-28T11:24:27","guid":{"rendered":"https:\/\/regese.ch\/fussball\/?p=21738"},"modified":"2025-09-29T21:36:19","modified_gmt":"2025-09-29T19:36:19","slug":"fcl-u21-fck-05-meisterschaftsspiel-27-09-25","status":"publish","type":"post","link":"https:\/\/regese.ch\/fussball\/fcl-u21-fck-05-meisterschaftsspiel-27-09-25\/","title":{"rendered":"FCL U21 &#8211; FCK 05 &#8211; Meisterschaftsspiel 27-09-25"},"content":{"rendered":"\n<p class=\"has-text-align-center has-large-font-size\"><strong>K\u00e4mpferische Niederlage <\/strong><\/p>\n\n\n\n<p>Letzten Samstag verlor unser Team zum ersten Mal auf heimischem Boden. Heute ging die Reise zur U21 des FC Luzern. Wie hat unser FCK die Niederlage verdaut? Die Nachwuchsequipe hingegen hatte im letzten Spiel die U21 des FC Lausanne gleich mit 6:2 abgefertigt. In der Startformation standen beim Heimteam einige erfahrene Spieler und viele Jungtalente, die bereits in Nationalmannschaften gespielt hatten.  Wie hier im Bild Edon Barisha, der schon f\u00fcr die Schweiozer U16, U18 und U19 Nati auflief.<\/p>\n\n\n\n<figure class=\"wp-block-image size-full\"><img loading=\"lazy\" decoding=\"async\" width=\"2000\" height=\"1333\" src=\"https:\/\/regese.ch\/fussball\/wp-content\/uploads\/2025\/09\/FCL-FCK05_27-09-25-1.jpg\" alt=\"\" class=\"wp-image-21741\" srcset=\"https:\/\/regese.ch\/fussball\/wp-content\/uploads\/2025\/09\/FCL-FCK05_27-09-25-1.jpg 2000w, https:\/\/regese.ch\/fussball\/wp-content\/uploads\/2025\/09\/FCL-FCK05_27-09-25-1-300x200.jpg 300w, https:\/\/regese.ch\/fussball\/wp-content\/uploads\/2025\/09\/FCL-FCK05_27-09-25-1-150x100.jpg 150w, https:\/\/regese.ch\/fussball\/wp-content\/uploads\/2025\/09\/FCL-FCK05_27-09-25-1-768x512.jpg 768w, https:\/\/regese.ch\/fussball\/wp-content\/uploads\/2025\/09\/FCL-FCK05_27-09-25-1-1536x1024.jpg 1536w, https:\/\/regese.ch\/fussball\/wp-content\/uploads\/2025\/09\/FCL-FCK05_27-09-25-1-128x85.jpg 128w, https:\/\/regese.ch\/fussball\/wp-content\/uploads\/2025\/09\/FCL-FCK05_27-09-25-1-32x21.jpg 32w\" sizes=\"auto, (max-width: 2000px) 100vw, 2000px\" \/><\/figure>\n\n\n\n<p>Nach einem sehr verhaltenen Start nimmt die U21 Fahrt auf &#8211; das wird sicher kein leichtes Unterfangen, Punkte zu sammeln.<\/p>\n\n\n\n<figure class=\"wp-block-image size-full\"><img loading=\"lazy\" decoding=\"async\" width=\"2000\" height=\"1333\" src=\"https:\/\/regese.ch\/fussball\/wp-content\/uploads\/2025\/09\/FCL-FCK05_27-09-25-7.jpg\" alt=\"\" class=\"wp-image-21747\" srcset=\"https:\/\/regese.ch\/fussball\/wp-content\/uploads\/2025\/09\/FCL-FCK05_27-09-25-7.jpg 2000w, https:\/\/regese.ch\/fussball\/wp-content\/uploads\/2025\/09\/FCL-FCK05_27-09-25-7-300x200.jpg 300w, https:\/\/regese.ch\/fussball\/wp-content\/uploads\/2025\/09\/FCL-FCK05_27-09-25-7-150x100.jpg 150w, https:\/\/regese.ch\/fussball\/wp-content\/uploads\/2025\/09\/FCL-FCK05_27-09-25-7-768x512.jpg 768w, https:\/\/regese.ch\/fussball\/wp-content\/uploads\/2025\/09\/FCL-FCK05_27-09-25-7-1536x1024.jpg 1536w, https:\/\/regese.ch\/fussball\/wp-content\/uploads\/2025\/09\/FCL-FCK05_27-09-25-7-128x85.jpg 128w, https:\/\/regese.ch\/fussball\/wp-content\/uploads\/2025\/09\/FCL-FCK05_27-09-25-7-32x21.jpg 32w\" sizes=\"auto, (max-width: 2000px) 100vw, 2000px\" \/><\/figure>\n\n\n\n<p>Unser Team hielt lange Zeit gut dagegen, stand defensiv gut, aber hatte M\u00fche, echte Torgefahr zu erzwingen. Die jungen Talente waren oft einen Ticken schneller und bissiger. <\/p>\n\n\n\n<figure class=\"wp-block-image size-full\"><img loading=\"lazy\" decoding=\"async\" width=\"2000\" height=\"1333\" src=\"https:\/\/regese.ch\/fussball\/wp-content\/uploads\/2025\/09\/FCL-FCK05_27-09-25-24.jpg\" alt=\"\" class=\"wp-image-21764\" srcset=\"https:\/\/regese.ch\/fussball\/wp-content\/uploads\/2025\/09\/FCL-FCK05_27-09-25-24.jpg 2000w, https:\/\/regese.ch\/fussball\/wp-content\/uploads\/2025\/09\/FCL-FCK05_27-09-25-24-300x200.jpg 300w, https:\/\/regese.ch\/fussball\/wp-content\/uploads\/2025\/09\/FCL-FCK05_27-09-25-24-150x100.jpg 150w, https:\/\/regese.ch\/fussball\/wp-content\/uploads\/2025\/09\/FCL-FCK05_27-09-25-24-768x512.jpg 768w, https:\/\/regese.ch\/fussball\/wp-content\/uploads\/2025\/09\/FCL-FCK05_27-09-25-24-1536x1024.jpg 1536w, https:\/\/regese.ch\/fussball\/wp-content\/uploads\/2025\/09\/FCL-FCK05_27-09-25-24-128x85.jpg 128w, https:\/\/regese.ch\/fussball\/wp-content\/uploads\/2025\/09\/FCL-FCK05_27-09-25-24-32x21.jpg 32w\" sizes=\"auto, (max-width: 2000px) 100vw, 2000px\" \/><\/figure>\n\n\n\n<p>In der 29. Minute gelang dem Schweizer U19 Natispieler Sascha Meyer der F\u00fchrungstreffer. <\/p>\n\n\n\n<figure class=\"wp-block-image size-full\"><img loading=\"lazy\" decoding=\"async\" width=\"2000\" height=\"1333\" src=\"https:\/\/regese.ch\/fussball\/wp-content\/uploads\/2025\/09\/FCL-FCK05_27-09-25-28.jpg\" alt=\"\" class=\"wp-image-21768\" srcset=\"https:\/\/regese.ch\/fussball\/wp-content\/uploads\/2025\/09\/FCL-FCK05_27-09-25-28.jpg 2000w, https:\/\/regese.ch\/fussball\/wp-content\/uploads\/2025\/09\/FCL-FCK05_27-09-25-28-300x200.jpg 300w, https:\/\/regese.ch\/fussball\/wp-content\/uploads\/2025\/09\/FCL-FCK05_27-09-25-28-150x100.jpg 150w, https:\/\/regese.ch\/fussball\/wp-content\/uploads\/2025\/09\/FCL-FCK05_27-09-25-28-768x512.jpg 768w, https:\/\/regese.ch\/fussball\/wp-content\/uploads\/2025\/09\/FCL-FCK05_27-09-25-28-1536x1024.jpg 1536w, https:\/\/regese.ch\/fussball\/wp-content\/uploads\/2025\/09\/FCL-FCK05_27-09-25-28-128x85.jpg 128w, https:\/\/regese.ch\/fussball\/wp-content\/uploads\/2025\/09\/FCL-FCK05_27-09-25-28-32x21.jpg 32w\" sizes=\"auto, (max-width: 2000px) 100vw, 2000px\" \/><\/figure>\n\n\n\n<p><br>Bis zur Pause \u00e4nderte sich an diesem Resultat nichts mehr.<\/p>\n\n\n\n<figure class=\"wp-block-image size-full\"><img loading=\"lazy\" decoding=\"async\" width=\"2000\" height=\"1333\" src=\"https:\/\/regese.ch\/fussball\/wp-content\/uploads\/2025\/09\/FCL-FCK05_27-09-25-31.jpg\" alt=\"\" class=\"wp-image-21771\" srcset=\"https:\/\/regese.ch\/fussball\/wp-content\/uploads\/2025\/09\/FCL-FCK05_27-09-25-31.jpg 2000w, https:\/\/regese.ch\/fussball\/wp-content\/uploads\/2025\/09\/FCL-FCK05_27-09-25-31-300x200.jpg 300w, https:\/\/regese.ch\/fussball\/wp-content\/uploads\/2025\/09\/FCL-FCK05_27-09-25-31-150x100.jpg 150w, https:\/\/regese.ch\/fussball\/wp-content\/uploads\/2025\/09\/FCL-FCK05_27-09-25-31-768x512.jpg 768w, https:\/\/regese.ch\/fussball\/wp-content\/uploads\/2025\/09\/FCL-FCK05_27-09-25-31-1536x1024.jpg 1536w, https:\/\/regese.ch\/fussball\/wp-content\/uploads\/2025\/09\/FCL-FCK05_27-09-25-31-128x85.jpg 128w, https:\/\/regese.ch\/fussball\/wp-content\/uploads\/2025\/09\/FCL-FCK05_27-09-25-31-32x21.jpg 32w\" sizes=\"auto, (max-width: 2000px) 100vw, 2000px\" \/><\/figure>\n\n\n\n<p>Nach dem Pausentee suchte unsere Mannschaft den Ausgleichstreffer.<\/p>\n\n\n\n<figure class=\"wp-block-image size-full\"><img loading=\"lazy\" decoding=\"async\" width=\"2000\" height=\"1333\" src=\"https:\/\/regese.ch\/fussball\/wp-content\/uploads\/2025\/09\/FCL-FCK05_27-09-25-17.jpg\" alt=\"\" class=\"wp-image-21757\" srcset=\"https:\/\/regese.ch\/fussball\/wp-content\/uploads\/2025\/09\/FCL-FCK05_27-09-25-17.jpg 2000w, https:\/\/regese.ch\/fussball\/wp-content\/uploads\/2025\/09\/FCL-FCK05_27-09-25-17-300x200.jpg 300w, https:\/\/regese.ch\/fussball\/wp-content\/uploads\/2025\/09\/FCL-FCK05_27-09-25-17-150x100.jpg 150w, https:\/\/regese.ch\/fussball\/wp-content\/uploads\/2025\/09\/FCL-FCK05_27-09-25-17-768x512.jpg 768w, https:\/\/regese.ch\/fussball\/wp-content\/uploads\/2025\/09\/FCL-FCK05_27-09-25-17-1536x1024.jpg 1536w, https:\/\/regese.ch\/fussball\/wp-content\/uploads\/2025\/09\/FCL-FCK05_27-09-25-17-128x85.jpg 128w, https:\/\/regese.ch\/fussball\/wp-content\/uploads\/2025\/09\/FCL-FCK05_27-09-25-17-32x21.jpg 32w\" sizes=\"auto, (max-width: 2000px) 100vw, 2000px\" \/><\/figure>\n\n\n\n<p>Man kombinierte aber oft etwas zu umst\u00e4ndlich und blieb dann an der Defensive, die mit Ismajl Beka einen sehr erfahrenen Chef in den Reihen hatte, h\u00e4ngen.<\/p>\n\n\n\n<figure class=\"wp-block-image size-full\"><img loading=\"lazy\" decoding=\"async\" width=\"2000\" height=\"1333\" src=\"https:\/\/regese.ch\/fussball\/wp-content\/uploads\/2025\/09\/FCL-FCK05_27-09-25-52.jpg\" alt=\"\" class=\"wp-image-21792\" srcset=\"https:\/\/regese.ch\/fussball\/wp-content\/uploads\/2025\/09\/FCL-FCK05_27-09-25-52.jpg 2000w, https:\/\/regese.ch\/fussball\/wp-content\/uploads\/2025\/09\/FCL-FCK05_27-09-25-52-300x200.jpg 300w, https:\/\/regese.ch\/fussball\/wp-content\/uploads\/2025\/09\/FCL-FCK05_27-09-25-52-150x100.jpg 150w, https:\/\/regese.ch\/fussball\/wp-content\/uploads\/2025\/09\/FCL-FCK05_27-09-25-52-768x512.jpg 768w, https:\/\/regese.ch\/fussball\/wp-content\/uploads\/2025\/09\/FCL-FCK05_27-09-25-52-1536x1024.jpg 1536w, https:\/\/regese.ch\/fussball\/wp-content\/uploads\/2025\/09\/FCL-FCK05_27-09-25-52-128x85.jpg 128w, https:\/\/regese.ch\/fussball\/wp-content\/uploads\/2025\/09\/FCL-FCK05_27-09-25-52-32x21.jpg 32w\" sizes=\"auto, (max-width: 2000px) 100vw, 2000px\" \/><\/figure>\n\n\n\n<p>Der FCK suchte mit aller Kraft den Anschlusstreffer, aber leider wollte das Leder nicht ins Netz.<\/p>\n\n\n\n<p>Rund 10 Minuten vor Ende scheiterte aber Adrian Rama-Bitterfeld mit seinem Schuss am Aluminium und im Gegenzug machte es das Heimteam besser: das Leder konnte nicht aus der Gefahrenzone befreit werden und Nico Lazri erh\u00f6hte auf 2:0.<\/p>\n\n\n\n<figure class=\"wp-block-image size-full\"><img loading=\"lazy\" decoding=\"async\" width=\"2000\" height=\"1333\" src=\"https:\/\/regese.ch\/fussball\/wp-content\/uploads\/2025\/09\/FCL-FCK05_27-09-25-47.jpg\" alt=\"\" class=\"wp-image-21787\" srcset=\"https:\/\/regese.ch\/fussball\/wp-content\/uploads\/2025\/09\/FCL-FCK05_27-09-25-47.jpg 2000w, https:\/\/regese.ch\/fussball\/wp-content\/uploads\/2025\/09\/FCL-FCK05_27-09-25-47-300x200.jpg 300w, https:\/\/regese.ch\/fussball\/wp-content\/uploads\/2025\/09\/FCL-FCK05_27-09-25-47-150x100.jpg 150w, https:\/\/regese.ch\/fussball\/wp-content\/uploads\/2025\/09\/FCL-FCK05_27-09-25-47-768x512.jpg 768w, https:\/\/regese.ch\/fussball\/wp-content\/uploads\/2025\/09\/FCL-FCK05_27-09-25-47-1536x1024.jpg 1536w, https:\/\/regese.ch\/fussball\/wp-content\/uploads\/2025\/09\/FCL-FCK05_27-09-25-47-128x85.jpg 128w, https:\/\/regese.ch\/fussball\/wp-content\/uploads\/2025\/09\/FCL-FCK05_27-09-25-47-32x21.jpg 32w\" sizes=\"auto, (max-width: 2000px) 100vw, 2000px\" \/><\/figure>\n\n\n\n<p>In der 79. Minute stellte dann Sandro Wyss mit seinem Treffer auf 3:0. Leider blieb unserer Mannschaft der verdiente Ehrentreffer heute verwehrt. <\/p>\n\n\n\n<figure class=\"wp-block-image size-full\"><img loading=\"lazy\" decoding=\"async\" width=\"2000\" height=\"1333\" src=\"https:\/\/regese.ch\/fussball\/wp-content\/uploads\/2025\/09\/FCL-FCK05_27-09-25-58.jpg\" alt=\"\" class=\"wp-image-21798\" srcset=\"https:\/\/regese.ch\/fussball\/wp-content\/uploads\/2025\/09\/FCL-FCK05_27-09-25-58.jpg 2000w, https:\/\/regese.ch\/fussball\/wp-content\/uploads\/2025\/09\/FCL-FCK05_27-09-25-58-300x200.jpg 300w, https:\/\/regese.ch\/fussball\/wp-content\/uploads\/2025\/09\/FCL-FCK05_27-09-25-58-150x100.jpg 150w, https:\/\/regese.ch\/fussball\/wp-content\/uploads\/2025\/09\/FCL-FCK05_27-09-25-58-768x512.jpg 768w, https:\/\/regese.ch\/fussball\/wp-content\/uploads\/2025\/09\/FCL-FCK05_27-09-25-58-1536x1024.jpg 1536w, https:\/\/regese.ch\/fussball\/wp-content\/uploads\/2025\/09\/FCL-FCK05_27-09-25-58-128x85.jpg 128w, https:\/\/regese.ch\/fussball\/wp-content\/uploads\/2025\/09\/FCL-FCK05_27-09-25-58-32x21.jpg 32w\" sizes=\"auto, (max-width: 2000px) 100vw, 2000px\" \/><\/figure>\n\n\n\n<p>Die Mannschaft bedankte sich bei den mitgereisten Fans f\u00fcr die Unterst\u00fctzung. Das Resultat widerspiegelt nicht das Geschehen auf dem Platz &#8211; wir spielten weite Strecken auf Augenh\u00f6he, liessen leider einige Ungenauigkeiten zu, die gnadenlos ausgenutzt wurden. <br>Ein Lehrst\u00fcck an Effizienz, die heute den Unterschied ausmachte. <br>Weiter geht&#8217;s &#8211; unser Team wird sich sicher bald wieder f\u00fcr den Aufwand belohnen &#8211; hopp FCK! <br>Hier das\u00a0<a href=\"https:\/\/matchcenter.el-pl.ch\/default.aspx?oid=3&amp;lng=1&amp;v=1787&amp;t=40544&amp;sg=65269&amp;ls=23263&amp;tg=4156793\" target=\"_blank\" rel=\"noreferrer noopener\">Matchtelegram <\/a>und der <a href=\"https:\/\/fcl.ch\/publication\/u21-heimsieg-gegen-kreuzlingen\/\">Bericht des\u00a0FC Luzern<\/a> und <a href=\"https:\/\/www.fck-1905.ch\/fc-luzern-u21-vs-fc-kreuzlingen-30-10\/\" target=\"_blank\" rel=\"noreferrer noopener\">des FCK 05<\/a>.<\/p>\n\n\n\n<div class=\"wp-block-envira-envira-gallery\"><div id=\"envira-gallery-wrap-21800\" class=\"envira-gallery-wrap envira-lazy-loading-enabled envira-layout-mason envira-gallery-theme-base\" itemscope itemtype=\"https:\/\/schema.org\/ImageGallery\"><div class=\"envira-loader\"><div><\/div><div><\/div><div><\/div><div><\/div><\/div><div id=\"envira-gallery-21800\" class=\"envira-gallery-public envira-gallery-2-columns envira-clear enviratope\" data-envira-id=\"21800\" data-gallery-config='{\"type\":\"default\",\"layout\":\"mason\",\"columns\":\"2\",\"gallery_theme\":\"base\",\"justified_margins\":10,\"justified_last_row\":\"nojustify\",\"lazy_loading\":1,\"lazy_loading_delay\":500,\"gutter\":10,\"gutter_mobile\":0,\"margin\":10,\"image_size\":\"default\",\"square_size\":300,\"crop_width\":640,\"crop_height\":480,\"crop\":0,\"crop_position\":\"c\",\"show_more_text\":\"Click for more\",\"additional_copy_0\":0,\"additional_copy_title\":0,\"additional_copy_caption\":0,\"additional_copy_title_caption\":0,\"additional_copy_0_mobile\":0,\"additional_copy_title_mobile\":0,\"additional_copy_caption_mobile\":0,\"additional_copy_title_caption_mobile\":0,\"gallery_column_title_caption\":\"0\",\"gallery_column_title_caption_mobile\":\"0\",\"additional_copy_automatic_0\":0,\"additional_copy_automatic_title\":0,\"additional_copy_automatic_caption\":0,\"additional_copy_automatic_title_caption\":0,\"additional_copy_automatic_0_mobile\":0,\"additional_copy_automatic_title_mobile\":0,\"additional_copy_automatic_caption_mobile\":0,\"additional_copy_automatic_title_caption_mobile\":0,\"gallery_automatic_title_caption\":\"0\",\"gallery_automatic_title_caption_mobile\":\"0\",\"justified_row_height\":150,\"description_position\":\"0\",\"description\":\"\",\"random\":\"title\",\"sort_order\":\"title\",\"sorting_direction\":\"ASC\",\"image_sizes_random\":[],\"isotope\":true,\"lightbox_enabled\":1,\"gallery_link_enabled\":1,\"lightbox_theme\":\"base_dark\",\"lightbox_image_size\":\"default\",\"title_display\":\"float\",\"lightbox_title_caption\":\"title\",\"arrows\":1,\"arrows_position\":\"inside\",\"toolbar\":0,\"toolbar_title\":0,\"toolbar_position\":\"top\",\"loop\":1,\"lightbox_open_close_effect\":\"fade\",\"effect\":\"fade\",\"supersize\":0,\"thumbnails_toggle\":0,\"thumbnails_hide\":0,\"image_counter\":0,\"lightbox_html_caption\":0,\"thumbnails\":1,\"thumbnails_width\":\"auto\",\"thumbnails_height\":\"auto\",\"thumbnails_position\":\"bottom\",\"thumbnails_custom_size\":0,\"mobile\":1,\"mobile_width\":320,\"mobile_height\":240,\"mobile_lightbox\":1,\"mobile_gallery_link_enabled\":0,\"mobile_arrows\":1,\"mobile_toolbar\":1,\"mobile_thumbnails\":1,\"mobile_touchwipe_close\":0,\"mobile_thumbnails_width\":75,\"mobile_thumbnails_height\":50,\"mobile_justified_row_height\":80,\"keyboard\":true,\"standalone_template\":\"\",\"classes\":[\"\"],\"rtl\":0,\"slug\":\"fcl-u21-27-09-25\",\"title\":\"\",\"gallery_id\":\"21800\"}' data-gallery-images='[{\"status\":\"active\",\"src\":\"https:\\\/\\\/regese.ch\\\/fussball\\\/wp-content\\\/uploads\\\/2025\\\/09\\\/FCL-FCK05_27-09-25-1.jpg\",\"title\":\"FCL - FCK05_27-09-25-1\",\"link\":\"https:\\\/\\\/regese.ch\\\/fussball\\\/wp-content\\\/uploads\\\/2025\\\/09\\\/FCL-FCK05_27-09-25-1.jpg\",\"alt\":\"\",\"caption\":false,\"thumb\":\"https:\\\/\\\/regese.ch\\\/fussball\\\/wp-content\\\/uploads\\\/2025\\\/09\\\/FCL-FCK05_27-09-25-1-75x50_c.jpg\",\"meta\":{\"aperture\":null,\"credit\":null,\"camera\":null,\"caption\":\"\",\"created_timestamp\":null,\"copyright\":null,\"focal_length\":null,\"iso\":null,\"shutter_speed\":null,\"title\":\"\",\"orientation\":null,\"keywords\":null,\"resized_images\":null},\"thumbnail\":\"https:\\\/\\\/regese.ch\\\/fussball\\\/wp-content\\\/uploads\\\/2025\\\/09\\\/FCL-FCK05_27-09-25-1-150x100.jpg\",\"medium\":\"https:\\\/\\\/regese.ch\\\/fussball\\\/wp-content\\\/uploads\\\/2025\\\/09\\\/FCL-FCK05_27-09-25-1-300x200.jpg\",\"medium_large\":\"https:\\\/\\\/regese.ch\\\/fussball\\\/wp-content\\\/uploads\\\/2025\\\/09\\\/FCL-FCK05_27-09-25-1-768x512.jpg\",\"large\":\"https:\\\/\\\/regese.ch\\\/fussball\\\/wp-content\\\/uploads\\\/2025\\\/09\\\/FCL-FCK05_27-09-25-1.jpg\",\"1536x1536\":\"https:\\\/\\\/regese.ch\\\/fussball\\\/wp-content\\\/uploads\\\/2025\\\/09\\\/FCL-FCK05_27-09-25-1-1536x1024.jpg\",\"2048x2048\":\"https:\\\/\\\/regese.ch\\\/fussball\\\/wp-content\\\/uploads\\\/2025\\\/09\\\/FCL-FCK05_27-09-25-1.jpg\",\"sportspress-crop-medium\":\"https:\\\/\\\/regese.ch\\\/fussball\\\/wp-content\\\/uploads\\\/2025\\\/09\\\/FCL-FCK05_27-09-25-1-300x300.jpg\",\"sportspress-fit-medium\":\"https:\\\/\\\/regese.ch\\\/fussball\\\/wp-content\\\/uploads\\\/2025\\\/09\\\/FCL-FCK05_27-09-25-1-300x200.jpg\",\"sportspress-fit-icon\":\"https:\\\/\\\/regese.ch\\\/fussball\\\/wp-content\\\/uploads\\\/2025\\\/09\\\/FCL-FCK05_27-09-25-1-128x85.jpg\",\"sportspress-fit-mini\":\"https:\\\/\\\/regese.ch\\\/fussball\\\/wp-content\\\/uploads\\\/2025\\\/09\\\/FCL-FCK05_27-09-25-1-32x21.jpg\",\"full\":\"https:\\\/\\\/regese.ch\\\/fussball\\\/wp-content\\\/uploads\\\/2025\\\/09\\\/FCL-FCK05_27-09-25-1.jpg\",\"index\":0,\"id\":21741,\"video\":false,\"opts\":{\"caption\":\"\",\"thumb\":\"https:\\\/\\\/regese.ch\\\/fussball\\\/wp-content\\\/uploads\\\/2025\\\/09\\\/FCL-FCK05_27-09-25-1-75x50_c.jpg\",\"title\":\"FCL - FCK05_27-09-25-1\"},\"gallery_id\":\"21800\"},{\"status\":\"active\",\"src\":\"https:\\\/\\\/regese.ch\\\/fussball\\\/wp-content\\\/uploads\\\/2025\\\/09\\\/FCL-FCK05_27-09-25-2.jpg\",\"title\":\"FCL - FCK05_27-09-25-2\",\"link\":\"https:\\\/\\\/regese.ch\\\/fussball\\\/wp-content\\\/uploads\\\/2025\\\/09\\\/FCL-FCK05_27-09-25-2.jpg\",\"alt\":\"\",\"caption\":false,\"thumb\":\"https:\\\/\\\/regese.ch\\\/fussball\\\/wp-content\\\/uploads\\\/2025\\\/09\\\/FCL-FCK05_27-09-25-2-75x50_c.jpg\",\"meta\":{\"aperture\":null,\"credit\":null,\"camera\":null,\"caption\":\"\",\"created_timestamp\":null,\"copyright\":null,\"focal_length\":null,\"iso\":null,\"shutter_speed\":null,\"title\":\"\",\"orientation\":null,\"keywords\":null,\"resized_images\":null},\"thumbnail\":\"https:\\\/\\\/regese.ch\\\/fussball\\\/wp-content\\\/uploads\\\/2025\\\/09\\\/FCL-FCK05_27-09-25-2-150x100.jpg\",\"medium\":\"https:\\\/\\\/regese.ch\\\/fussball\\\/wp-content\\\/uploads\\\/2025\\\/09\\\/FCL-FCK05_27-09-25-2-300x200.jpg\",\"medium_large\":\"https:\\\/\\\/regese.ch\\\/fussball\\\/wp-content\\\/uploads\\\/2025\\\/09\\\/FCL-FCK05_27-09-25-2-768x512.jpg\",\"large\":\"https:\\\/\\\/regese.ch\\\/fussball\\\/wp-content\\\/uploads\\\/2025\\\/09\\\/FCL-FCK05_27-09-25-2.jpg\",\"1536x1536\":\"https:\\\/\\\/regese.ch\\\/fussball\\\/wp-content\\\/uploads\\\/2025\\\/09\\\/FCL-FCK05_27-09-25-2-1536x1024.jpg\",\"2048x2048\":\"https:\\\/\\\/regese.ch\\\/fussball\\\/wp-content\\\/uploads\\\/2025\\\/09\\\/FCL-FCK05_27-09-25-2.jpg\",\"sportspress-crop-medium\":\"https:\\\/\\\/regese.ch\\\/fussball\\\/wp-content\\\/uploads\\\/2025\\\/09\\\/FCL-FCK05_27-09-25-2-300x300.jpg\",\"sportspress-fit-medium\":\"https:\\\/\\\/regese.ch\\\/fussball\\\/wp-content\\\/uploads\\\/2025\\\/09\\\/FCL-FCK05_27-09-25-2-300x200.jpg\",\"sportspress-fit-icon\":\"https:\\\/\\\/regese.ch\\\/fussball\\\/wp-content\\\/uploads\\\/2025\\\/09\\\/FCL-FCK05_27-09-25-2-128x85.jpg\",\"sportspress-fit-mini\":\"https:\\\/\\\/regese.ch\\\/fussball\\\/wp-content\\\/uploads\\\/2025\\\/09\\\/FCL-FCK05_27-09-25-2-32x21.jpg\",\"full\":\"https:\\\/\\\/regese.ch\\\/fussball\\\/wp-content\\\/uploads\\\/2025\\\/09\\\/FCL-FCK05_27-09-25-2.jpg\",\"index\":1,\"id\":21742,\"video\":false,\"opts\":{\"caption\":\"\",\"thumb\":\"https:\\\/\\\/regese.ch\\\/fussball\\\/wp-content\\\/uploads\\\/2025\\\/09\\\/FCL-FCK05_27-09-25-2-75x50_c.jpg\",\"title\":\"FCL - FCK05_27-09-25-2\"},\"gallery_id\":\"21800\"},{\"status\":\"active\",\"src\":\"https:\\\/\\\/regese.ch\\\/fussball\\\/wp-content\\\/uploads\\\/2025\\\/09\\\/FCL-FCK05_27-09-25-3.jpg\",\"title\":\"FCL - FCK05_27-09-25-3\",\"link\":\"https:\\\/\\\/regese.ch\\\/fussball\\\/wp-content\\\/uploads\\\/2025\\\/09\\\/FCL-FCK05_27-09-25-3.jpg\",\"alt\":\"\",\"caption\":false,\"thumb\":\"https:\\\/\\\/regese.ch\\\/fussball\\\/wp-content\\\/uploads\\\/2025\\\/09\\\/FCL-FCK05_27-09-25-3-75x50_c.jpg\",\"meta\":{\"aperture\":null,\"credit\":null,\"camera\":null,\"caption\":\"\",\"created_timestamp\":null,\"copyright\":null,\"focal_length\":null,\"iso\":null,\"shutter_speed\":null,\"title\":\"\",\"orientation\":null,\"keywords\":null,\"resized_images\":null},\"thumbnail\":\"https:\\\/\\\/regese.ch\\\/fussball\\\/wp-content\\\/uploads\\\/2025\\\/09\\\/FCL-FCK05_27-09-25-3-150x100.jpg\",\"medium\":\"https:\\\/\\\/regese.ch\\\/fussball\\\/wp-content\\\/uploads\\\/2025\\\/09\\\/FCL-FCK05_27-09-25-3-300x200.jpg\",\"medium_large\":\"https:\\\/\\\/regese.ch\\\/fussball\\\/wp-content\\\/uploads\\\/2025\\\/09\\\/FCL-FCK05_27-09-25-3-768x512.jpg\",\"large\":\"https:\\\/\\\/regese.ch\\\/fussball\\\/wp-content\\\/uploads\\\/2025\\\/09\\\/FCL-FCK05_27-09-25-3.jpg\",\"1536x1536\":\"https:\\\/\\\/regese.ch\\\/fussball\\\/wp-content\\\/uploads\\\/2025\\\/09\\\/FCL-FCK05_27-09-25-3-1536x1024.jpg\",\"2048x2048\":\"https:\\\/\\\/regese.ch\\\/fussball\\\/wp-content\\\/uploads\\\/2025\\\/09\\\/FCL-FCK05_27-09-25-3.jpg\",\"sportspress-crop-medium\":\"https:\\\/\\\/regese.ch\\\/fussball\\\/wp-content\\\/uploads\\\/2025\\\/09\\\/FCL-FCK05_27-09-25-3-300x300.jpg\",\"sportspress-fit-medium\":\"https:\\\/\\\/regese.ch\\\/fussball\\\/wp-content\\\/uploads\\\/2025\\\/09\\\/FCL-FCK05_27-09-25-3-300x200.jpg\",\"sportspress-fit-icon\":\"https:\\\/\\\/regese.ch\\\/fussball\\\/wp-content\\\/uploads\\\/2025\\\/09\\\/FCL-FCK05_27-09-25-3-128x85.jpg\",\"sportspress-fit-mini\":\"https:\\\/\\\/regese.ch\\\/fussball\\\/wp-content\\\/uploads\\\/2025\\\/09\\\/FCL-FCK05_27-09-25-3-32x21.jpg\",\"full\":\"https:\\\/\\\/regese.ch\\\/fussball\\\/wp-content\\\/uploads\\\/2025\\\/09\\\/FCL-FCK05_27-09-25-3.jpg\",\"index\":2,\"id\":21743,\"video\":false,\"opts\":{\"caption\":\"\",\"thumb\":\"https:\\\/\\\/regese.ch\\\/fussball\\\/wp-content\\\/uploads\\\/2025\\\/09\\\/FCL-FCK05_27-09-25-3-75x50_c.jpg\",\"title\":\"FCL - FCK05_27-09-25-3\"},\"gallery_id\":\"21800\"},{\"status\":\"active\",\"src\":\"https:\\\/\\\/regese.ch\\\/fussball\\\/wp-content\\\/uploads\\\/2025\\\/09\\\/FCL-FCK05_27-09-25-4.jpg\",\"title\":\"FCL - FCK05_27-09-25-4\",\"link\":\"https:\\\/\\\/regese.ch\\\/fussball\\\/wp-content\\\/uploads\\\/2025\\\/09\\\/FCL-FCK05_27-09-25-4.jpg\",\"alt\":\"\",\"caption\":false,\"thumb\":\"https:\\\/\\\/regese.ch\\\/fussball\\\/wp-content\\\/uploads\\\/2025\\\/09\\\/FCL-FCK05_27-09-25-4-75x50_c.jpg\",\"meta\":{\"aperture\":null,\"credit\":null,\"camera\":null,\"caption\":\"\",\"created_timestamp\":null,\"copyright\":null,\"focal_length\":null,\"iso\":null,\"shutter_speed\":null,\"title\":\"\",\"orientation\":null,\"keywords\":null,\"resized_images\":null},\"thumbnail\":\"https:\\\/\\\/regese.ch\\\/fussball\\\/wp-content\\\/uploads\\\/2025\\\/09\\\/FCL-FCK05_27-09-25-4-150x100.jpg\",\"medium\":\"https:\\\/\\\/regese.ch\\\/fussball\\\/wp-content\\\/uploads\\\/2025\\\/09\\\/FCL-FCK05_27-09-25-4-300x200.jpg\",\"medium_large\":\"https:\\\/\\\/regese.ch\\\/fussball\\\/wp-content\\\/uploads\\\/2025\\\/09\\\/FCL-FCK05_27-09-25-4-768x512.jpg\",\"large\":\"https:\\\/\\\/regese.ch\\\/fussball\\\/wp-content\\\/uploads\\\/2025\\\/09\\\/FCL-FCK05_27-09-25-4.jpg\",\"1536x1536\":\"https:\\\/\\\/regese.ch\\\/fussball\\\/wp-content\\\/uploads\\\/2025\\\/09\\\/FCL-FCK05_27-09-25-4-1536x1024.jpg\",\"2048x2048\":\"https:\\\/\\\/regese.ch\\\/fussball\\\/wp-content\\\/uploads\\\/2025\\\/09\\\/FCL-FCK05_27-09-25-4.jpg\",\"sportspress-crop-medium\":\"https:\\\/\\\/regese.ch\\\/fussball\\\/wp-content\\\/uploads\\\/2025\\\/09\\\/FCL-FCK05_27-09-25-4-300x300.jpg\",\"sportspress-fit-medium\":\"https:\\\/\\\/regese.ch\\\/fussball\\\/wp-content\\\/uploads\\\/2025\\\/09\\\/FCL-FCK05_27-09-25-4-300x200.jpg\",\"sportspress-fit-icon\":\"https:\\\/\\\/regese.ch\\\/fussball\\\/wp-content\\\/uploads\\\/2025\\\/09\\\/FCL-FCK05_27-09-25-4-128x85.jpg\",\"sportspress-fit-mini\":\"https:\\\/\\\/regese.ch\\\/fussball\\\/wp-content\\\/uploads\\\/2025\\\/09\\\/FCL-FCK05_27-09-25-4-32x21.jpg\",\"full\":\"https:\\\/\\\/regese.ch\\\/fussball\\\/wp-content\\\/uploads\\\/2025\\\/09\\\/FCL-FCK05_27-09-25-4.jpg\",\"index\":3,\"id\":21744,\"video\":false,\"opts\":{\"caption\":\"\",\"thumb\":\"https:\\\/\\\/regese.ch\\\/fussball\\\/wp-content\\\/uploads\\\/2025\\\/09\\\/FCL-FCK05_27-09-25-4-75x50_c.jpg\",\"title\":\"FCL - FCK05_27-09-25-4\"},\"gallery_id\":\"21800\"},{\"status\":\"active\",\"src\":\"https:\\\/\\\/regese.ch\\\/fussball\\\/wp-content\\\/uploads\\\/2025\\\/09\\\/FCL-FCK05_27-09-25-5.jpg\",\"title\":\"FCL - FCK05_27-09-25-5\",\"link\":\"https:\\\/\\\/regese.ch\\\/fussball\\\/wp-content\\\/uploads\\\/2025\\\/09\\\/FCL-FCK05_27-09-25-5.jpg\",\"alt\":\"\",\"caption\":false,\"thumb\":\"https:\\\/\\\/regese.ch\\\/fussball\\\/wp-content\\\/uploads\\\/2025\\\/09\\\/FCL-FCK05_27-09-25-5-75x50_c.jpg\",\"meta\":{\"aperture\":null,\"credit\":null,\"camera\":null,\"caption\":\"\",\"created_timestamp\":null,\"copyright\":null,\"focal_length\":null,\"iso\":null,\"shutter_speed\":null,\"title\":\"\",\"orientation\":null,\"keywords\":null,\"resized_images\":null},\"thumbnail\":\"https:\\\/\\\/regese.ch\\\/fussball\\\/wp-content\\\/uploads\\\/2025\\\/09\\\/FCL-FCK05_27-09-25-5-150x100.jpg\",\"medium\":\"https:\\\/\\\/regese.ch\\\/fussball\\\/wp-content\\\/uploads\\\/2025\\\/09\\\/FCL-FCK05_27-09-25-5-300x200.jpg\",\"medium_large\":\"https:\\\/\\\/regese.ch\\\/fussball\\\/wp-content\\\/uploads\\\/2025\\\/09\\\/FCL-FCK05_27-09-25-5-768x512.jpg\",\"large\":\"https:\\\/\\\/regese.ch\\\/fussball\\\/wp-content\\\/uploads\\\/2025\\\/09\\\/FCL-FCK05_27-09-25-5.jpg\",\"1536x1536\":\"https:\\\/\\\/regese.ch\\\/fussball\\\/wp-content\\\/uploads\\\/2025\\\/09\\\/FCL-FCK05_27-09-25-5-1536x1024.jpg\",\"2048x2048\":\"https:\\\/\\\/regese.ch\\\/fussball\\\/wp-content\\\/uploads\\\/2025\\\/09\\\/FCL-FCK05_27-09-25-5.jpg\",\"sportspress-crop-medium\":\"https:\\\/\\\/regese.ch\\\/fussball\\\/wp-content\\\/uploads\\\/2025\\\/09\\\/FCL-FCK05_27-09-25-5-300x300.jpg\",\"sportspress-fit-medium\":\"https:\\\/\\\/regese.ch\\\/fussball\\\/wp-content\\\/uploads\\\/2025\\\/09\\\/FCL-FCK05_27-09-25-5-300x200.jpg\",\"sportspress-fit-icon\":\"https:\\\/\\\/regese.ch\\\/fussball\\\/wp-content\\\/uploads\\\/2025\\\/09\\\/FCL-FCK05_27-09-25-5-128x85.jpg\",\"sportspress-fit-mini\":\"https:\\\/\\\/regese.ch\\\/fussball\\\/wp-content\\\/uploads\\\/2025\\\/09\\\/FCL-FCK05_27-09-25-5-32x21.jpg\",\"full\":\"https:\\\/\\\/regese.ch\\\/fussball\\\/wp-content\\\/uploads\\\/2025\\\/09\\\/FCL-FCK05_27-09-25-5.jpg\",\"index\":4,\"id\":21745,\"video\":false,\"opts\":{\"caption\":\"\",\"thumb\":\"https:\\\/\\\/regese.ch\\\/fussball\\\/wp-content\\\/uploads\\\/2025\\\/09\\\/FCL-FCK05_27-09-25-5-75x50_c.jpg\",\"title\":\"FCL - FCK05_27-09-25-5\"},\"gallery_id\":\"21800\"},{\"status\":\"active\",\"src\":\"https:\\\/\\\/regese.ch\\\/fussball\\\/wp-content\\\/uploads\\\/2025\\\/09\\\/FCL-FCK05_27-09-25-6.jpg\",\"title\":\"FCL - FCK05_27-09-25-6\",\"link\":\"https:\\\/\\\/regese.ch\\\/fussball\\\/wp-content\\\/uploads\\\/2025\\\/09\\\/FCL-FCK05_27-09-25-6.jpg\",\"alt\":\"\",\"caption\":false,\"thumb\":\"https:\\\/\\\/regese.ch\\\/fussball\\\/wp-content\\\/uploads\\\/2025\\\/09\\\/FCL-FCK05_27-09-25-6-75x50_c.jpg\",\"meta\":{\"aperture\":null,\"credit\":null,\"camera\":null,\"caption\":\"\",\"created_timestamp\":null,\"copyright\":null,\"focal_length\":null,\"iso\":null,\"shutter_speed\":null,\"title\":\"\",\"orientation\":null,\"keywords\":null,\"resized_images\":null},\"thumbnail\":\"https:\\\/\\\/regese.ch\\\/fussball\\\/wp-content\\\/uploads\\\/2025\\\/09\\\/FCL-FCK05_27-09-25-6-150x100.jpg\",\"medium\":\"https:\\\/\\\/regese.ch\\\/fussball\\\/wp-content\\\/uploads\\\/2025\\\/09\\\/FCL-FCK05_27-09-25-6-300x200.jpg\",\"medium_large\":\"https:\\\/\\\/regese.ch\\\/fussball\\\/wp-content\\\/uploads\\\/2025\\\/09\\\/FCL-FCK05_27-09-25-6-768x512.jpg\",\"large\":\"https:\\\/\\\/regese.ch\\\/fussball\\\/wp-content\\\/uploads\\\/2025\\\/09\\\/FCL-FCK05_27-09-25-6.jpg\",\"1536x1536\":\"https:\\\/\\\/regese.ch\\\/fussball\\\/wp-content\\\/uploads\\\/2025\\\/09\\\/FCL-FCK05_27-09-25-6-1536x1024.jpg\",\"2048x2048\":\"https:\\\/\\\/regese.ch\\\/fussball\\\/wp-content\\\/uploads\\\/2025\\\/09\\\/FCL-FCK05_27-09-25-6.jpg\",\"sportspress-crop-medium\":\"https:\\\/\\\/regese.ch\\\/fussball\\\/wp-content\\\/uploads\\\/2025\\\/09\\\/FCL-FCK05_27-09-25-6-300x300.jpg\",\"sportspress-fit-medium\":\"https:\\\/\\\/regese.ch\\\/fussball\\\/wp-content\\\/uploads\\\/2025\\\/09\\\/FCL-FCK05_27-09-25-6-300x200.jpg\",\"sportspress-fit-icon\":\"https:\\\/\\\/regese.ch\\\/fussball\\\/wp-content\\\/uploads\\\/2025\\\/09\\\/FCL-FCK05_27-09-25-6-128x85.jpg\",\"sportspress-fit-mini\":\"https:\\\/\\\/regese.ch\\\/fussball\\\/wp-content\\\/uploads\\\/2025\\\/09\\\/FCL-FCK05_27-09-25-6-32x21.jpg\",\"full\":\"https:\\\/\\\/regese.ch\\\/fussball\\\/wp-content\\\/uploads\\\/2025\\\/09\\\/FCL-FCK05_27-09-25-6.jpg\",\"index\":5,\"id\":21746,\"video\":false,\"opts\":{\"caption\":\"\",\"thumb\":\"https:\\\/\\\/regese.ch\\\/fussball\\\/wp-content\\\/uploads\\\/2025\\\/09\\\/FCL-FCK05_27-09-25-6-75x50_c.jpg\",\"title\":\"FCL - FCK05_27-09-25-6\"},\"gallery_id\":\"21800\"},{\"status\":\"active\",\"src\":\"https:\\\/\\\/regese.ch\\\/fussball\\\/wp-content\\\/uploads\\\/2025\\\/09\\\/FCL-FCK05_27-09-25-7.jpg\",\"title\":\"FCL - FCK05_27-09-25-7\",\"link\":\"https:\\\/\\\/regese.ch\\\/fussball\\\/wp-content\\\/uploads\\\/2025\\\/09\\\/FCL-FCK05_27-09-25-7.jpg\",\"alt\":\"\",\"caption\":false,\"thumb\":\"https:\\\/\\\/regese.ch\\\/fussball\\\/wp-content\\\/uploads\\\/2025\\\/09\\\/FCL-FCK05_27-09-25-7-75x50_c.jpg\",\"meta\":{\"aperture\":null,\"credit\":null,\"camera\":null,\"caption\":\"\",\"created_timestamp\":null,\"copyright\":null,\"focal_length\":null,\"iso\":null,\"shutter_speed\":null,\"title\":\"\",\"orientation\":null,\"keywords\":null,\"resized_images\":null},\"thumbnail\":\"https:\\\/\\\/regese.ch\\\/fussball\\\/wp-content\\\/uploads\\\/2025\\\/09\\\/FCL-FCK05_27-09-25-7-150x100.jpg\",\"medium\":\"https:\\\/\\\/regese.ch\\\/fussball\\\/wp-content\\\/uploads\\\/2025\\\/09\\\/FCL-FCK05_27-09-25-7-300x200.jpg\",\"medium_large\":\"https:\\\/\\\/regese.ch\\\/fussball\\\/wp-content\\\/uploads\\\/2025\\\/09\\\/FCL-FCK05_27-09-25-7-768x512.jpg\",\"large\":\"https:\\\/\\\/regese.ch\\\/fussball\\\/wp-content\\\/uploads\\\/2025\\\/09\\\/FCL-FCK05_27-09-25-7.jpg\",\"1536x1536\":\"https:\\\/\\\/regese.ch\\\/fussball\\\/wp-content\\\/uploads\\\/2025\\\/09\\\/FCL-FCK05_27-09-25-7-1536x1024.jpg\",\"2048x2048\":\"https:\\\/\\\/regese.ch\\\/fussball\\\/wp-content\\\/uploads\\\/2025\\\/09\\\/FCL-FCK05_27-09-25-7.jpg\",\"sportspress-crop-medium\":\"https:\\\/\\\/regese.ch\\\/fussball\\\/wp-content\\\/uploads\\\/2025\\\/09\\\/FCL-FCK05_27-09-25-7-300x300.jpg\",\"sportspress-fit-medium\":\"https:\\\/\\\/regese.ch\\\/fussball\\\/wp-content\\\/uploads\\\/2025\\\/09\\\/FCL-FCK05_27-09-25-7-300x200.jpg\",\"sportspress-fit-icon\":\"https:\\\/\\\/regese.ch\\\/fussball\\\/wp-content\\\/uploads\\\/2025\\\/09\\\/FCL-FCK05_27-09-25-7-128x85.jpg\",\"sportspress-fit-mini\":\"https:\\\/\\\/regese.ch\\\/fussball\\\/wp-content\\\/uploads\\\/2025\\\/09\\\/FCL-FCK05_27-09-25-7-32x21.jpg\",\"full\":\"https:\\\/\\\/regese.ch\\\/fussball\\\/wp-content\\\/uploads\\\/2025\\\/09\\\/FCL-FCK05_27-09-25-7.jpg\",\"index\":6,\"id\":21747,\"video\":false,\"opts\":{\"caption\":\"\",\"thumb\":\"https:\\\/\\\/regese.ch\\\/fussball\\\/wp-content\\\/uploads\\\/2025\\\/09\\\/FCL-FCK05_27-09-25-7-75x50_c.jpg\",\"title\":\"FCL - FCK05_27-09-25-7\"},\"gallery_id\":\"21800\"},{\"status\":\"active\",\"src\":\"https:\\\/\\\/regese.ch\\\/fussball\\\/wp-content\\\/uploads\\\/2025\\\/09\\\/FCL-FCK05_27-09-25-8.jpg\",\"title\":\"FCL - FCK05_27-09-25-8\",\"link\":\"https:\\\/\\\/regese.ch\\\/fussball\\\/wp-content\\\/uploads\\\/2025\\\/09\\\/FCL-FCK05_27-09-25-8.jpg\",\"alt\":\"\",\"caption\":false,\"thumb\":\"https:\\\/\\\/regese.ch\\\/fussball\\\/wp-content\\\/uploads\\\/2025\\\/09\\\/FCL-FCK05_27-09-25-8-75x50_c.jpg\",\"meta\":{\"aperture\":null,\"credit\":null,\"camera\":null,\"caption\":\"\",\"created_timestamp\":null,\"copyright\":null,\"focal_length\":null,\"iso\":null,\"shutter_speed\":null,\"title\":\"\",\"orientation\":null,\"keywords\":null,\"resized_images\":null},\"thumbnail\":\"https:\\\/\\\/regese.ch\\\/fussball\\\/wp-content\\\/uploads\\\/2025\\\/09\\\/FCL-FCK05_27-09-25-8-150x100.jpg\",\"medium\":\"https:\\\/\\\/regese.ch\\\/fussball\\\/wp-content\\\/uploads\\\/2025\\\/09\\\/FCL-FCK05_27-09-25-8-300x200.jpg\",\"medium_large\":\"https:\\\/\\\/regese.ch\\\/fussball\\\/wp-content\\\/uploads\\\/2025\\\/09\\\/FCL-FCK05_27-09-25-8-768x512.jpg\",\"large\":\"https:\\\/\\\/regese.ch\\\/fussball\\\/wp-content\\\/uploads\\\/2025\\\/09\\\/FCL-FCK05_27-09-25-8.jpg\",\"1536x1536\":\"https:\\\/\\\/regese.ch\\\/fussball\\\/wp-content\\\/uploads\\\/2025\\\/09\\\/FCL-FCK05_27-09-25-8-1536x1024.jpg\",\"2048x2048\":\"https:\\\/\\\/regese.ch\\\/fussball\\\/wp-content\\\/uploads\\\/2025\\\/09\\\/FCL-FCK05_27-09-25-8.jpg\",\"sportspress-crop-medium\":\"https:\\\/\\\/regese.ch\\\/fussball\\\/wp-content\\\/uploads\\\/2025\\\/09\\\/FCL-FCK05_27-09-25-8-300x300.jpg\",\"sportspress-fit-medium\":\"https:\\\/\\\/regese.ch\\\/fussball\\\/wp-content\\\/uploads\\\/2025\\\/09\\\/FCL-FCK05_27-09-25-8-300x200.jpg\",\"sportspress-fit-icon\":\"https:\\\/\\\/regese.ch\\\/fussball\\\/wp-content\\\/uploads\\\/2025\\\/09\\\/FCL-FCK05_27-09-25-8-128x85.jpg\",\"sportspress-fit-mini\":\"https:\\\/\\\/regese.ch\\\/fussball\\\/wp-content\\\/uploads\\\/2025\\\/09\\\/FCL-FCK05_27-09-25-8-32x21.jpg\",\"full\":\"https:\\\/\\\/regese.ch\\\/fussball\\\/wp-content\\\/uploads\\\/2025\\\/09\\\/FCL-FCK05_27-09-25-8.jpg\",\"index\":7,\"id\":21748,\"video\":false,\"opts\":{\"caption\":\"\",\"thumb\":\"https:\\\/\\\/regese.ch\\\/fussball\\\/wp-content\\\/uploads\\\/2025\\\/09\\\/FCL-FCK05_27-09-25-8-75x50_c.jpg\",\"title\":\"FCL - FCK05_27-09-25-8\"},\"gallery_id\":\"21800\"},{\"status\":\"active\",\"src\":\"https:\\\/\\\/regese.ch\\\/fussball\\\/wp-content\\\/uploads\\\/2025\\\/09\\\/FCL-FCK05_27-09-25-9.jpg\",\"title\":\"FCL - FCK05_27-09-25-9\",\"link\":\"https:\\\/\\\/regese.ch\\\/fussball\\\/wp-content\\\/uploads\\\/2025\\\/09\\\/FCL-FCK05_27-09-25-9.jpg\",\"alt\":\"\",\"caption\":false,\"thumb\":\"https:\\\/\\\/regese.ch\\\/fussball\\\/wp-content\\\/uploads\\\/2025\\\/09\\\/FCL-FCK05_27-09-25-9-75x50_c.jpg\",\"meta\":{\"aperture\":null,\"credit\":null,\"camera\":null,\"caption\":\"\",\"created_timestamp\":null,\"copyright\":null,\"focal_length\":null,\"iso\":null,\"shutter_speed\":null,\"title\":\"\",\"orientation\":null,\"keywords\":null,\"resized_images\":null},\"thumbnail\":\"https:\\\/\\\/regese.ch\\\/fussball\\\/wp-content\\\/uploads\\\/2025\\\/09\\\/FCL-FCK05_27-09-25-9-150x100.jpg\",\"medium\":\"https:\\\/\\\/regese.ch\\\/fussball\\\/wp-content\\\/uploads\\\/2025\\\/09\\\/FCL-FCK05_27-09-25-9-300x200.jpg\",\"medium_large\":\"https:\\\/\\\/regese.ch\\\/fussball\\\/wp-content\\\/uploads\\\/2025\\\/09\\\/FCL-FCK05_27-09-25-9-768x512.jpg\",\"large\":\"https:\\\/\\\/regese.ch\\\/fussball\\\/wp-content\\\/uploads\\\/2025\\\/09\\\/FCL-FCK05_27-09-25-9.jpg\",\"1536x1536\":\"https:\\\/\\\/regese.ch\\\/fussball\\\/wp-content\\\/uploads\\\/2025\\\/09\\\/FCL-FCK05_27-09-25-9-1536x1024.jpg\",\"2048x2048\":\"https:\\\/\\\/regese.ch\\\/fussball\\\/wp-content\\\/uploads\\\/2025\\\/09\\\/FCL-FCK05_27-09-25-9.jpg\",\"sportspress-crop-medium\":\"https:\\\/\\\/regese.ch\\\/fussball\\\/wp-content\\\/uploads\\\/2025\\\/09\\\/FCL-FCK05_27-09-25-9-300x300.jpg\",\"sportspress-fit-medium\":\"https:\\\/\\\/regese.ch\\\/fussball\\\/wp-content\\\/uploads\\\/2025\\\/09\\\/FCL-FCK05_27-09-25-9-300x200.jpg\",\"sportspress-fit-icon\":\"https:\\\/\\\/regese.ch\\\/fussball\\\/wp-content\\\/uploads\\\/2025\\\/09\\\/FCL-FCK05_27-09-25-9-128x85.jpg\",\"sportspress-fit-mini\":\"https:\\\/\\\/regese.ch\\\/fussball\\\/wp-content\\\/uploads\\\/2025\\\/09\\\/FCL-FCK05_27-09-25-9-32x21.jpg\",\"full\":\"https:\\\/\\\/regese.ch\\\/fussball\\\/wp-content\\\/uploads\\\/2025\\\/09\\\/FCL-FCK05_27-09-25-9.jpg\",\"index\":8,\"id\":21749,\"video\":false,\"opts\":{\"caption\":\"\",\"thumb\":\"https:\\\/\\\/regese.ch\\\/fussball\\\/wp-content\\\/uploads\\\/2025\\\/09\\\/FCL-FCK05_27-09-25-9-75x50_c.jpg\",\"title\":\"FCL - FCK05_27-09-25-9\"},\"gallery_id\":\"21800\"},{\"status\":\"active\",\"src\":\"https:\\\/\\\/regese.ch\\\/fussball\\\/wp-content\\\/uploads\\\/2025\\\/09\\\/FCL-FCK05_27-09-25-10.jpg\",\"title\":\"FCL - FCK05_27-09-25-10\",\"link\":\"https:\\\/\\\/regese.ch\\\/fussball\\\/wp-content\\\/uploads\\\/2025\\\/09\\\/FCL-FCK05_27-09-25-10.jpg\",\"alt\":\"\",\"caption\":false,\"thumb\":\"https:\\\/\\\/regese.ch\\\/fussball\\\/wp-content\\\/uploads\\\/2025\\\/09\\\/FCL-FCK05_27-09-25-10-75x50_c.jpg\",\"meta\":{\"aperture\":null,\"credit\":null,\"camera\":null,\"caption\":\"\",\"created_timestamp\":null,\"copyright\":null,\"focal_length\":null,\"iso\":null,\"shutter_speed\":null,\"title\":\"\",\"orientation\":null,\"keywords\":null,\"resized_images\":null},\"thumbnail\":\"https:\\\/\\\/regese.ch\\\/fussball\\\/wp-content\\\/uploads\\\/2025\\\/09\\\/FCL-FCK05_27-09-25-10-100x150.jpg\",\"medium\":\"https:\\\/\\\/regese.ch\\\/fussball\\\/wp-content\\\/uploads\\\/2025\\\/09\\\/FCL-FCK05_27-09-25-10-200x300.jpg\",\"medium_large\":\"https:\\\/\\\/regese.ch\\\/fussball\\\/wp-content\\\/uploads\\\/2025\\\/09\\\/FCL-FCK05_27-09-25-10-768x1152.jpg\",\"large\":\"https:\\\/\\\/regese.ch\\\/fussball\\\/wp-content\\\/uploads\\\/2025\\\/09\\\/FCL-FCK05_27-09-25-10.jpg\",\"1536x1536\":\"https:\\\/\\\/regese.ch\\\/fussball\\\/wp-content\\\/uploads\\\/2025\\\/09\\\/FCL-FCK05_27-09-25-10-1024x1536.jpg\",\"2048x2048\":\"https:\\\/\\\/regese.ch\\\/fussball\\\/wp-content\\\/uploads\\\/2025\\\/09\\\/FCL-FCK05_27-09-25-10.jpg\",\"sportspress-crop-medium\":\"https:\\\/\\\/regese.ch\\\/fussball\\\/wp-content\\\/uploads\\\/2025\\\/09\\\/FCL-FCK05_27-09-25-10-300x300.jpg\",\"sportspress-fit-medium\":\"https:\\\/\\\/regese.ch\\\/fussball\\\/wp-content\\\/uploads\\\/2025\\\/09\\\/FCL-FCK05_27-09-25-10-200x300.jpg\",\"sportspress-fit-icon\":\"https:\\\/\\\/regese.ch\\\/fussball\\\/wp-content\\\/uploads\\\/2025\\\/09\\\/FCL-FCK05_27-09-25-10-85x128.jpg\",\"sportspress-fit-mini\":\"https:\\\/\\\/regese.ch\\\/fussball\\\/wp-content\\\/uploads\\\/2025\\\/09\\\/FCL-FCK05_27-09-25-10-21x32.jpg\",\"full\":\"https:\\\/\\\/regese.ch\\\/fussball\\\/wp-content\\\/uploads\\\/2025\\\/09\\\/FCL-FCK05_27-09-25-10.jpg\",\"index\":9,\"id\":21750,\"video\":false,\"opts\":{\"caption\":\"\",\"thumb\":\"https:\\\/\\\/regese.ch\\\/fussball\\\/wp-content\\\/uploads\\\/2025\\\/09\\\/FCL-FCK05_27-09-25-10-75x50_c.jpg\",\"title\":\"FCL - FCK05_27-09-25-10\"},\"gallery_id\":\"21800\"},{\"status\":\"active\",\"src\":\"https:\\\/\\\/regese.ch\\\/fussball\\\/wp-content\\\/uploads\\\/2025\\\/09\\\/FCL-FCK05_27-09-25-11.jpg\",\"title\":\"FCL - FCK05_27-09-25-11\",\"link\":\"https:\\\/\\\/regese.ch\\\/fussball\\\/wp-content\\\/uploads\\\/2025\\\/09\\\/FCL-FCK05_27-09-25-11.jpg\",\"alt\":\"\",\"caption\":false,\"thumb\":\"https:\\\/\\\/regese.ch\\\/fussball\\\/wp-content\\\/uploads\\\/2025\\\/09\\\/FCL-FCK05_27-09-25-11-75x50_c.jpg\",\"meta\":{\"aperture\":null,\"credit\":null,\"camera\":null,\"caption\":\"\",\"created_timestamp\":null,\"copyright\":null,\"focal_length\":null,\"iso\":null,\"shutter_speed\":null,\"title\":\"\",\"orientation\":null,\"keywords\":null,\"resized_images\":null},\"thumbnail\":\"https:\\\/\\\/regese.ch\\\/fussball\\\/wp-content\\\/uploads\\\/2025\\\/09\\\/FCL-FCK05_27-09-25-11-150x100.jpg\",\"medium\":\"https:\\\/\\\/regese.ch\\\/fussball\\\/wp-content\\\/uploads\\\/2025\\\/09\\\/FCL-FCK05_27-09-25-11-300x200.jpg\",\"medium_large\":\"https:\\\/\\\/regese.ch\\\/fussball\\\/wp-content\\\/uploads\\\/2025\\\/09\\\/FCL-FCK05_27-09-25-11-768x512.jpg\",\"large\":\"https:\\\/\\\/regese.ch\\\/fussball\\\/wp-content\\\/uploads\\\/2025\\\/09\\\/FCL-FCK05_27-09-25-11.jpg\",\"1536x1536\":\"https:\\\/\\\/regese.ch\\\/fussball\\\/wp-content\\\/uploads\\\/2025\\\/09\\\/FCL-FCK05_27-09-25-11-1536x1024.jpg\",\"2048x2048\":\"https:\\\/\\\/regese.ch\\\/fussball\\\/wp-content\\\/uploads\\\/2025\\\/09\\\/FCL-FCK05_27-09-25-11.jpg\",\"sportspress-crop-medium\":\"https:\\\/\\\/regese.ch\\\/fussball\\\/wp-content\\\/uploads\\\/2025\\\/09\\\/FCL-FCK05_27-09-25-11-300x300.jpg\",\"sportspress-fit-medium\":\"https:\\\/\\\/regese.ch\\\/fussball\\\/wp-content\\\/uploads\\\/2025\\\/09\\\/FCL-FCK05_27-09-25-11-300x200.jpg\",\"sportspress-fit-icon\":\"https:\\\/\\\/regese.ch\\\/fussball\\\/wp-content\\\/uploads\\\/2025\\\/09\\\/FCL-FCK05_27-09-25-11-128x85.jpg\",\"sportspress-fit-mini\":\"https:\\\/\\\/regese.ch\\\/fussball\\\/wp-content\\\/uploads\\\/2025\\\/09\\\/FCL-FCK05_27-09-25-11-32x21.jpg\",\"full\":\"https:\\\/\\\/regese.ch\\\/fussball\\\/wp-content\\\/uploads\\\/2025\\\/09\\\/FCL-FCK05_27-09-25-11.jpg\",\"index\":10,\"id\":21751,\"video\":false,\"opts\":{\"caption\":\"\",\"thumb\":\"https:\\\/\\\/regese.ch\\\/fussball\\\/wp-content\\\/uploads\\\/2025\\\/09\\\/FCL-FCK05_27-09-25-11-75x50_c.jpg\",\"title\":\"FCL - FCK05_27-09-25-11\"},\"gallery_id\":\"21800\"},{\"status\":\"active\",\"src\":\"https:\\\/\\\/regese.ch\\\/fussball\\\/wp-content\\\/uploads\\\/2025\\\/09\\\/FCL-FCK05_27-09-25-12.jpg\",\"title\":\"FCL - FCK05_27-09-25-12\",\"link\":\"https:\\\/\\\/regese.ch\\\/fussball\\\/wp-content\\\/uploads\\\/2025\\\/09\\\/FCL-FCK05_27-09-25-12.jpg\",\"alt\":\"\",\"caption\":false,\"thumb\":\"https:\\\/\\\/regese.ch\\\/fussball\\\/wp-content\\\/uploads\\\/2025\\\/09\\\/FCL-FCK05_27-09-25-12-75x50_c.jpg\",\"meta\":{\"aperture\":null,\"credit\":null,\"camera\":null,\"caption\":\"\",\"created_timestamp\":null,\"copyright\":null,\"focal_length\":null,\"iso\":null,\"shutter_speed\":null,\"title\":\"\",\"orientation\":null,\"keywords\":null,\"resized_images\":null},\"thumbnail\":\"https:\\\/\\\/regese.ch\\\/fussball\\\/wp-content\\\/uploads\\\/2025\\\/09\\\/FCL-FCK05_27-09-25-12-150x100.jpg\",\"medium\":\"https:\\\/\\\/regese.ch\\\/fussball\\\/wp-content\\\/uploads\\\/2025\\\/09\\\/FCL-FCK05_27-09-25-12-300x200.jpg\",\"medium_large\":\"https:\\\/\\\/regese.ch\\\/fussball\\\/wp-content\\\/uploads\\\/2025\\\/09\\\/FCL-FCK05_27-09-25-12-768x512.jpg\",\"large\":\"https:\\\/\\\/regese.ch\\\/fussball\\\/wp-content\\\/uploads\\\/2025\\\/09\\\/FCL-FCK05_27-09-25-12.jpg\",\"1536x1536\":\"https:\\\/\\\/regese.ch\\\/fussball\\\/wp-content\\\/uploads\\\/2025\\\/09\\\/FCL-FCK05_27-09-25-12-1536x1024.jpg\",\"2048x2048\":\"https:\\\/\\\/regese.ch\\\/fussball\\\/wp-content\\\/uploads\\\/2025\\\/09\\\/FCL-FCK05_27-09-25-12.jpg\",\"sportspress-crop-medium\":\"https:\\\/\\\/regese.ch\\\/fussball\\\/wp-content\\\/uploads\\\/2025\\\/09\\\/FCL-FCK05_27-09-25-12-300x300.jpg\",\"sportspress-fit-medium\":\"https:\\\/\\\/regese.ch\\\/fussball\\\/wp-content\\\/uploads\\\/2025\\\/09\\\/FCL-FCK05_27-09-25-12-300x200.jpg\",\"sportspress-fit-icon\":\"https:\\\/\\\/regese.ch\\\/fussball\\\/wp-content\\\/uploads\\\/2025\\\/09\\\/FCL-FCK05_27-09-25-12-128x85.jpg\",\"sportspress-fit-mini\":\"https:\\\/\\\/regese.ch\\\/fussball\\\/wp-content\\\/uploads\\\/2025\\\/09\\\/FCL-FCK05_27-09-25-12-32x21.jpg\",\"full\":\"https:\\\/\\\/regese.ch\\\/fussball\\\/wp-content\\\/uploads\\\/2025\\\/09\\\/FCL-FCK05_27-09-25-12.jpg\",\"index\":11,\"id\":21752,\"video\":false,\"opts\":{\"caption\":\"\",\"thumb\":\"https:\\\/\\\/regese.ch\\\/fussball\\\/wp-content\\\/uploads\\\/2025\\\/09\\\/FCL-FCK05_27-09-25-12-75x50_c.jpg\",\"title\":\"FCL - FCK05_27-09-25-12\"},\"gallery_id\":\"21800\"},{\"status\":\"active\",\"src\":\"https:\\\/\\\/regese.ch\\\/fussball\\\/wp-content\\\/uploads\\\/2025\\\/09\\\/FCL-FCK05_27-09-25-13.jpg\",\"title\":\"FCL - FCK05_27-09-25-13\",\"link\":\"https:\\\/\\\/regese.ch\\\/fussball\\\/wp-content\\\/uploads\\\/2025\\\/09\\\/FCL-FCK05_27-09-25-13.jpg\",\"alt\":\"\",\"caption\":false,\"thumb\":\"https:\\\/\\\/regese.ch\\\/fussball\\\/wp-content\\\/uploads\\\/2025\\\/09\\\/FCL-FCK05_27-09-25-13-75x50_c.jpg\",\"meta\":{\"aperture\":null,\"credit\":null,\"camera\":null,\"caption\":\"\",\"created_timestamp\":null,\"copyright\":null,\"focal_length\":null,\"iso\":null,\"shutter_speed\":null,\"title\":\"\",\"orientation\":null,\"keywords\":null,\"resized_images\":null},\"thumbnail\":\"https:\\\/\\\/regese.ch\\\/fussball\\\/wp-content\\\/uploads\\\/2025\\\/09\\\/FCL-FCK05_27-09-25-13-150x100.jpg\",\"medium\":\"https:\\\/\\\/regese.ch\\\/fussball\\\/wp-content\\\/uploads\\\/2025\\\/09\\\/FCL-FCK05_27-09-25-13-300x200.jpg\",\"medium_large\":\"https:\\\/\\\/regese.ch\\\/fussball\\\/wp-content\\\/uploads\\\/2025\\\/09\\\/FCL-FCK05_27-09-25-13-768x512.jpg\",\"large\":\"https:\\\/\\\/regese.ch\\\/fussball\\\/wp-content\\\/uploads\\\/2025\\\/09\\\/FCL-FCK05_27-09-25-13.jpg\",\"1536x1536\":\"https:\\\/\\\/regese.ch\\\/fussball\\\/wp-content\\\/uploads\\\/2025\\\/09\\\/FCL-FCK05_27-09-25-13-1536x1024.jpg\",\"2048x2048\":\"https:\\\/\\\/regese.ch\\\/fussball\\\/wp-content\\\/uploads\\\/2025\\\/09\\\/FCL-FCK05_27-09-25-13.jpg\",\"sportspress-crop-medium\":\"https:\\\/\\\/regese.ch\\\/fussball\\\/wp-content\\\/uploads\\\/2025\\\/09\\\/FCL-FCK05_27-09-25-13-300x300.jpg\",\"sportspress-fit-medium\":\"https:\\\/\\\/regese.ch\\\/fussball\\\/wp-content\\\/uploads\\\/2025\\\/09\\\/FCL-FCK05_27-09-25-13-300x200.jpg\",\"sportspress-fit-icon\":\"https:\\\/\\\/regese.ch\\\/fussball\\\/wp-content\\\/uploads\\\/2025\\\/09\\\/FCL-FCK05_27-09-25-13-128x85.jpg\",\"sportspress-fit-mini\":\"https:\\\/\\\/regese.ch\\\/fussball\\\/wp-content\\\/uploads\\\/2025\\\/09\\\/FCL-FCK05_27-09-25-13-32x21.jpg\",\"full\":\"https:\\\/\\\/regese.ch\\\/fussball\\\/wp-content\\\/uploads\\\/2025\\\/09\\\/FCL-FCK05_27-09-25-13.jpg\",\"index\":12,\"id\":21753,\"video\":false,\"opts\":{\"caption\":\"\",\"thumb\":\"https:\\\/\\\/regese.ch\\\/fussball\\\/wp-content\\\/uploads\\\/2025\\\/09\\\/FCL-FCK05_27-09-25-13-75x50_c.jpg\",\"title\":\"FCL - FCK05_27-09-25-13\"},\"gallery_id\":\"21800\"},{\"status\":\"active\",\"src\":\"https:\\\/\\\/regese.ch\\\/fussball\\\/wp-content\\\/uploads\\\/2025\\\/09\\\/FCL-FCK05_27-09-25-14.jpg\",\"title\":\"FCL - FCK05_27-09-25-14\",\"link\":\"https:\\\/\\\/regese.ch\\\/fussball\\\/wp-content\\\/uploads\\\/2025\\\/09\\\/FCL-FCK05_27-09-25-14.jpg\",\"alt\":\"\",\"caption\":false,\"thumb\":\"https:\\\/\\\/regese.ch\\\/fussball\\\/wp-content\\\/uploads\\\/2025\\\/09\\\/FCL-FCK05_27-09-25-14-75x50_c.jpg\",\"meta\":{\"aperture\":null,\"credit\":null,\"camera\":null,\"caption\":\"\",\"created_timestamp\":null,\"copyright\":null,\"focal_length\":null,\"iso\":null,\"shutter_speed\":null,\"title\":\"\",\"orientation\":null,\"keywords\":null,\"resized_images\":null},\"thumbnail\":\"https:\\\/\\\/regese.ch\\\/fussball\\\/wp-content\\\/uploads\\\/2025\\\/09\\\/FCL-FCK05_27-09-25-14-150x100.jpg\",\"medium\":\"https:\\\/\\\/regese.ch\\\/fussball\\\/wp-content\\\/uploads\\\/2025\\\/09\\\/FCL-FCK05_27-09-25-14-300x200.jpg\",\"medium_large\":\"https:\\\/\\\/regese.ch\\\/fussball\\\/wp-content\\\/uploads\\\/2025\\\/09\\\/FCL-FCK05_27-09-25-14-768x512.jpg\",\"large\":\"https:\\\/\\\/regese.ch\\\/fussball\\\/wp-content\\\/uploads\\\/2025\\\/09\\\/FCL-FCK05_27-09-25-14.jpg\",\"1536x1536\":\"https:\\\/\\\/regese.ch\\\/fussball\\\/wp-content\\\/uploads\\\/2025\\\/09\\\/FCL-FCK05_27-09-25-14-1536x1024.jpg\",\"2048x2048\":\"https:\\\/\\\/regese.ch\\\/fussball\\\/wp-content\\\/uploads\\\/2025\\\/09\\\/FCL-FCK05_27-09-25-14.jpg\",\"sportspress-crop-medium\":\"https:\\\/\\\/regese.ch\\\/fussball\\\/wp-content\\\/uploads\\\/2025\\\/09\\\/FCL-FCK05_27-09-25-14-300x300.jpg\",\"sportspress-fit-medium\":\"https:\\\/\\\/regese.ch\\\/fussball\\\/wp-content\\\/uploads\\\/2025\\\/09\\\/FCL-FCK05_27-09-25-14-300x200.jpg\",\"sportspress-fit-icon\":\"https:\\\/\\\/regese.ch\\\/fussball\\\/wp-content\\\/uploads\\\/2025\\\/09\\\/FCL-FCK05_27-09-25-14-128x85.jpg\",\"sportspress-fit-mini\":\"https:\\\/\\\/regese.ch\\\/fussball\\\/wp-content\\\/uploads\\\/2025\\\/09\\\/FCL-FCK05_27-09-25-14-32x21.jpg\",\"full\":\"https:\\\/\\\/regese.ch\\\/fussball\\\/wp-content\\\/uploads\\\/2025\\\/09\\\/FCL-FCK05_27-09-25-14.jpg\",\"index\":13,\"id\":21754,\"video\":false,\"opts\":{\"caption\":\"\",\"thumb\":\"https:\\\/\\\/regese.ch\\\/fussball\\\/wp-content\\\/uploads\\\/2025\\\/09\\\/FCL-FCK05_27-09-25-14-75x50_c.jpg\",\"title\":\"FCL - FCK05_27-09-25-14\"},\"gallery_id\":\"21800\"},{\"status\":\"active\",\"src\":\"https:\\\/\\\/regese.ch\\\/fussball\\\/wp-content\\\/uploads\\\/2025\\\/09\\\/FCL-FCK05_27-09-25-15.jpg\",\"title\":\"FCL - FCK05_27-09-25-15\",\"link\":\"https:\\\/\\\/regese.ch\\\/fussball\\\/wp-content\\\/uploads\\\/2025\\\/09\\\/FCL-FCK05_27-09-25-15.jpg\",\"alt\":\"\",\"caption\":false,\"thumb\":\"https:\\\/\\\/regese.ch\\\/fussball\\\/wp-content\\\/uploads\\\/2025\\\/09\\\/FCL-FCK05_27-09-25-15-75x50_c.jpg\",\"meta\":{\"aperture\":null,\"credit\":null,\"camera\":null,\"caption\":\"\",\"created_timestamp\":null,\"copyright\":null,\"focal_length\":null,\"iso\":null,\"shutter_speed\":null,\"title\":\"\",\"orientation\":null,\"keywords\":null,\"resized_images\":null},\"thumbnail\":\"https:\\\/\\\/regese.ch\\\/fussball\\\/wp-content\\\/uploads\\\/2025\\\/09\\\/FCL-FCK05_27-09-25-15-150x100.jpg\",\"medium\":\"https:\\\/\\\/regese.ch\\\/fussball\\\/wp-content\\\/uploads\\\/2025\\\/09\\\/FCL-FCK05_27-09-25-15-300x200.jpg\",\"medium_large\":\"https:\\\/\\\/regese.ch\\\/fussball\\\/wp-content\\\/uploads\\\/2025\\\/09\\\/FCL-FCK05_27-09-25-15-768x512.jpg\",\"large\":\"https:\\\/\\\/regese.ch\\\/fussball\\\/wp-content\\\/uploads\\\/2025\\\/09\\\/FCL-FCK05_27-09-25-15.jpg\",\"1536x1536\":\"https:\\\/\\\/regese.ch\\\/fussball\\\/wp-content\\\/uploads\\\/2025\\\/09\\\/FCL-FCK05_27-09-25-15-1536x1024.jpg\",\"2048x2048\":\"https:\\\/\\\/regese.ch\\\/fussball\\\/wp-content\\\/uploads\\\/2025\\\/09\\\/FCL-FCK05_27-09-25-15.jpg\",\"sportspress-crop-medium\":\"https:\\\/\\\/regese.ch\\\/fussball\\\/wp-content\\\/uploads\\\/2025\\\/09\\\/FCL-FCK05_27-09-25-15-300x300.jpg\",\"sportspress-fit-medium\":\"https:\\\/\\\/regese.ch\\\/fussball\\\/wp-content\\\/uploads\\\/2025\\\/09\\\/FCL-FCK05_27-09-25-15-300x200.jpg\",\"sportspress-fit-icon\":\"https:\\\/\\\/regese.ch\\\/fussball\\\/wp-content\\\/uploads\\\/2025\\\/09\\\/FCL-FCK05_27-09-25-15-128x85.jpg\",\"sportspress-fit-mini\":\"https:\\\/\\\/regese.ch\\\/fussball\\\/wp-content\\\/uploads\\\/2025\\\/09\\\/FCL-FCK05_27-09-25-15-32x21.jpg\",\"full\":\"https:\\\/\\\/regese.ch\\\/fussball\\\/wp-content\\\/uploads\\\/2025\\\/09\\\/FCL-FCK05_27-09-25-15.jpg\",\"index\":14,\"id\":21755,\"video\":false,\"opts\":{\"caption\":\"\",\"thumb\":\"https:\\\/\\\/regese.ch\\\/fussball\\\/wp-content\\\/uploads\\\/2025\\\/09\\\/FCL-FCK05_27-09-25-15-75x50_c.jpg\",\"title\":\"FCL - FCK05_27-09-25-15\"},\"gallery_id\":\"21800\"},{\"status\":\"active\",\"src\":\"https:\\\/\\\/regese.ch\\\/fussball\\\/wp-content\\\/uploads\\\/2025\\\/09\\\/FCL-FCK05_27-09-25-16.jpg\",\"title\":\"FCL - FCK05_27-09-25-16\",\"link\":\"https:\\\/\\\/regese.ch\\\/fussball\\\/wp-content\\\/uploads\\\/2025\\\/09\\\/FCL-FCK05_27-09-25-16.jpg\",\"alt\":\"\",\"caption\":false,\"thumb\":\"https:\\\/\\\/regese.ch\\\/fussball\\\/wp-content\\\/uploads\\\/2025\\\/09\\\/FCL-FCK05_27-09-25-16-75x50_c.jpg\",\"meta\":{\"aperture\":null,\"credit\":null,\"camera\":null,\"caption\":\"\",\"created_timestamp\":null,\"copyright\":null,\"focal_length\":null,\"iso\":null,\"shutter_speed\":null,\"title\":\"\",\"orientation\":null,\"keywords\":null,\"resized_images\":null},\"thumbnail\":\"https:\\\/\\\/regese.ch\\\/fussball\\\/wp-content\\\/uploads\\\/2025\\\/09\\\/FCL-FCK05_27-09-25-16-150x100.jpg\",\"medium\":\"https:\\\/\\\/regese.ch\\\/fussball\\\/wp-content\\\/uploads\\\/2025\\\/09\\\/FCL-FCK05_27-09-25-16-300x200.jpg\",\"medium_large\":\"https:\\\/\\\/regese.ch\\\/fussball\\\/wp-content\\\/uploads\\\/2025\\\/09\\\/FCL-FCK05_27-09-25-16-768x512.jpg\",\"large\":\"https:\\\/\\\/regese.ch\\\/fussball\\\/wp-content\\\/uploads\\\/2025\\\/09\\\/FCL-FCK05_27-09-25-16.jpg\",\"1536x1536\":\"https:\\\/\\\/regese.ch\\\/fussball\\\/wp-content\\\/uploads\\\/2025\\\/09\\\/FCL-FCK05_27-09-25-16-1536x1024.jpg\",\"2048x2048\":\"https:\\\/\\\/regese.ch\\\/fussball\\\/wp-content\\\/uploads\\\/2025\\\/09\\\/FCL-FCK05_27-09-25-16.jpg\",\"sportspress-crop-medium\":\"https:\\\/\\\/regese.ch\\\/fussball\\\/wp-content\\\/uploads\\\/2025\\\/09\\\/FCL-FCK05_27-09-25-16-300x300.jpg\",\"sportspress-fit-medium\":\"https:\\\/\\\/regese.ch\\\/fussball\\\/wp-content\\\/uploads\\\/2025\\\/09\\\/FCL-FCK05_27-09-25-16-300x200.jpg\",\"sportspress-fit-icon\":\"https:\\\/\\\/regese.ch\\\/fussball\\\/wp-content\\\/uploads\\\/2025\\\/09\\\/FCL-FCK05_27-09-25-16-128x85.jpg\",\"sportspress-fit-mini\":\"https:\\\/\\\/regese.ch\\\/fussball\\\/wp-content\\\/uploads\\\/2025\\\/09\\\/FCL-FCK05_27-09-25-16-32x21.jpg\",\"full\":\"https:\\\/\\\/regese.ch\\\/fussball\\\/wp-content\\\/uploads\\\/2025\\\/09\\\/FCL-FCK05_27-09-25-16.jpg\",\"index\":15,\"id\":21756,\"video\":false,\"opts\":{\"caption\":\"\",\"thumb\":\"https:\\\/\\\/regese.ch\\\/fussball\\\/wp-content\\\/uploads\\\/2025\\\/09\\\/FCL-FCK05_27-09-25-16-75x50_c.jpg\",\"title\":\"FCL - FCK05_27-09-25-16\"},\"gallery_id\":\"21800\"},{\"status\":\"active\",\"src\":\"https:\\\/\\\/regese.ch\\\/fussball\\\/wp-content\\\/uploads\\\/2025\\\/09\\\/FCL-FCK05_27-09-25-17.jpg\",\"title\":\"FCL - FCK05_27-09-25-17\",\"link\":\"https:\\\/\\\/regese.ch\\\/fussball\\\/wp-content\\\/uploads\\\/2025\\\/09\\\/FCL-FCK05_27-09-25-17.jpg\",\"alt\":\"\",\"caption\":false,\"thumb\":\"https:\\\/\\\/regese.ch\\\/fussball\\\/wp-content\\\/uploads\\\/2025\\\/09\\\/FCL-FCK05_27-09-25-17-75x50_c.jpg\",\"meta\":{\"aperture\":null,\"credit\":null,\"camera\":null,\"caption\":\"\",\"created_timestamp\":null,\"copyright\":null,\"focal_length\":null,\"iso\":null,\"shutter_speed\":null,\"title\":\"\",\"orientation\":null,\"keywords\":null,\"resized_images\":null},\"thumbnail\":\"https:\\\/\\\/regese.ch\\\/fussball\\\/wp-content\\\/uploads\\\/2025\\\/09\\\/FCL-FCK05_27-09-25-17-150x100.jpg\",\"medium\":\"https:\\\/\\\/regese.ch\\\/fussball\\\/wp-content\\\/uploads\\\/2025\\\/09\\\/FCL-FCK05_27-09-25-17-300x200.jpg\",\"medium_large\":\"https:\\\/\\\/regese.ch\\\/fussball\\\/wp-content\\\/uploads\\\/2025\\\/09\\\/FCL-FCK05_27-09-25-17-768x512.jpg\",\"large\":\"https:\\\/\\\/regese.ch\\\/fussball\\\/wp-content\\\/uploads\\\/2025\\\/09\\\/FCL-FCK05_27-09-25-17.jpg\",\"1536x1536\":\"https:\\\/\\\/regese.ch\\\/fussball\\\/wp-content\\\/uploads\\\/2025\\\/09\\\/FCL-FCK05_27-09-25-17-1536x1024.jpg\",\"2048x2048\":\"https:\\\/\\\/regese.ch\\\/fussball\\\/wp-content\\\/uploads\\\/2025\\\/09\\\/FCL-FCK05_27-09-25-17.jpg\",\"sportspress-crop-medium\":\"https:\\\/\\\/regese.ch\\\/fussball\\\/wp-content\\\/uploads\\\/2025\\\/09\\\/FCL-FCK05_27-09-25-17-300x300.jpg\",\"sportspress-fit-medium\":\"https:\\\/\\\/regese.ch\\\/fussball\\\/wp-content\\\/uploads\\\/2025\\\/09\\\/FCL-FCK05_27-09-25-17-300x200.jpg\",\"sportspress-fit-icon\":\"https:\\\/\\\/regese.ch\\\/fussball\\\/wp-content\\\/uploads\\\/2025\\\/09\\\/FCL-FCK05_27-09-25-17-128x85.jpg\",\"sportspress-fit-mini\":\"https:\\\/\\\/regese.ch\\\/fussball\\\/wp-content\\\/uploads\\\/2025\\\/09\\\/FCL-FCK05_27-09-25-17-32x21.jpg\",\"full\":\"https:\\\/\\\/regese.ch\\\/fussball\\\/wp-content\\\/uploads\\\/2025\\\/09\\\/FCL-FCK05_27-09-25-17.jpg\",\"index\":16,\"id\":21757,\"video\":false,\"opts\":{\"caption\":\"\",\"thumb\":\"https:\\\/\\\/regese.ch\\\/fussball\\\/wp-content\\\/uploads\\\/2025\\\/09\\\/FCL-FCK05_27-09-25-17-75x50_c.jpg\",\"title\":\"FCL - FCK05_27-09-25-17\"},\"gallery_id\":\"21800\"},{\"status\":\"active\",\"src\":\"https:\\\/\\\/regese.ch\\\/fussball\\\/wp-content\\\/uploads\\\/2025\\\/09\\\/FCL-FCK05_27-09-25-18.jpg\",\"title\":\"FCL - FCK05_27-09-25-18\",\"link\":\"https:\\\/\\\/regese.ch\\\/fussball\\\/wp-content\\\/uploads\\\/2025\\\/09\\\/FCL-FCK05_27-09-25-18.jpg\",\"alt\":\"\",\"caption\":false,\"thumb\":\"https:\\\/\\\/regese.ch\\\/fussball\\\/wp-content\\\/uploads\\\/2025\\\/09\\\/FCL-FCK05_27-09-25-18-75x50_c.jpg\",\"meta\":{\"aperture\":null,\"credit\":null,\"camera\":null,\"caption\":\"\",\"created_timestamp\":null,\"copyright\":null,\"focal_length\":null,\"iso\":null,\"shutter_speed\":null,\"title\":\"\",\"orientation\":null,\"keywords\":null,\"resized_images\":null},\"thumbnail\":\"https:\\\/\\\/regese.ch\\\/fussball\\\/wp-content\\\/uploads\\\/2025\\\/09\\\/FCL-FCK05_27-09-25-18-150x100.jpg\",\"medium\":\"https:\\\/\\\/regese.ch\\\/fussball\\\/wp-content\\\/uploads\\\/2025\\\/09\\\/FCL-FCK05_27-09-25-18-300x200.jpg\",\"medium_large\":\"https:\\\/\\\/regese.ch\\\/fussball\\\/wp-content\\\/uploads\\\/2025\\\/09\\\/FCL-FCK05_27-09-25-18-768x512.jpg\",\"large\":\"https:\\\/\\\/regese.ch\\\/fussball\\\/wp-content\\\/uploads\\\/2025\\\/09\\\/FCL-FCK05_27-09-25-18.jpg\",\"1536x1536\":\"https:\\\/\\\/regese.ch\\\/fussball\\\/wp-content\\\/uploads\\\/2025\\\/09\\\/FCL-FCK05_27-09-25-18-1536x1024.jpg\",\"2048x2048\":\"https:\\\/\\\/regese.ch\\\/fussball\\\/wp-content\\\/uploads\\\/2025\\\/09\\\/FCL-FCK05_27-09-25-18.jpg\",\"sportspress-crop-medium\":\"https:\\\/\\\/regese.ch\\\/fussball\\\/wp-content\\\/uploads\\\/2025\\\/09\\\/FCL-FCK05_27-09-25-18-300x300.jpg\",\"sportspress-fit-medium\":\"https:\\\/\\\/regese.ch\\\/fussball\\\/wp-content\\\/uploads\\\/2025\\\/09\\\/FCL-FCK05_27-09-25-18-300x200.jpg\",\"sportspress-fit-icon\":\"https:\\\/\\\/regese.ch\\\/fussball\\\/wp-content\\\/uploads\\\/2025\\\/09\\\/FCL-FCK05_27-09-25-18-128x85.jpg\",\"sportspress-fit-mini\":\"https:\\\/\\\/regese.ch\\\/fussball\\\/wp-content\\\/uploads\\\/2025\\\/09\\\/FCL-FCK05_27-09-25-18-32x21.jpg\",\"full\":\"https:\\\/\\\/regese.ch\\\/fussball\\\/wp-content\\\/uploads\\\/2025\\\/09\\\/FCL-FCK05_27-09-25-18.jpg\",\"index\":17,\"id\":21758,\"video\":false,\"opts\":{\"caption\":\"\",\"thumb\":\"https:\\\/\\\/regese.ch\\\/fussball\\\/wp-content\\\/uploads\\\/2025\\\/09\\\/FCL-FCK05_27-09-25-18-75x50_c.jpg\",\"title\":\"FCL - FCK05_27-09-25-18\"},\"gallery_id\":\"21800\"},{\"status\":\"active\",\"src\":\"https:\\\/\\\/regese.ch\\\/fussball\\\/wp-content\\\/uploads\\\/2025\\\/09\\\/FCL-FCK05_27-09-25-19.jpg\",\"title\":\"FCL - FCK05_27-09-25-19\",\"link\":\"https:\\\/\\\/regese.ch\\\/fussball\\\/wp-content\\\/uploads\\\/2025\\\/09\\\/FCL-FCK05_27-09-25-19.jpg\",\"alt\":\"\",\"caption\":false,\"thumb\":\"https:\\\/\\\/regese.ch\\\/fussball\\\/wp-content\\\/uploads\\\/2025\\\/09\\\/FCL-FCK05_27-09-25-19-75x50_c.jpg\",\"meta\":{\"aperture\":null,\"credit\":null,\"camera\":null,\"caption\":\"\",\"created_timestamp\":null,\"copyright\":null,\"focal_length\":null,\"iso\":null,\"shutter_speed\":null,\"title\":\"\",\"orientation\":null,\"keywords\":null,\"resized_images\":null},\"thumbnail\":\"https:\\\/\\\/regese.ch\\\/fussball\\\/wp-content\\\/uploads\\\/2025\\\/09\\\/FCL-FCK05_27-09-25-19-150x100.jpg\",\"medium\":\"https:\\\/\\\/regese.ch\\\/fussball\\\/wp-content\\\/uploads\\\/2025\\\/09\\\/FCL-FCK05_27-09-25-19-300x200.jpg\",\"medium_large\":\"https:\\\/\\\/regese.ch\\\/fussball\\\/wp-content\\\/uploads\\\/2025\\\/09\\\/FCL-FCK05_27-09-25-19-768x512.jpg\",\"large\":\"https:\\\/\\\/regese.ch\\\/fussball\\\/wp-content\\\/uploads\\\/2025\\\/09\\\/FCL-FCK05_27-09-25-19.jpg\",\"1536x1536\":\"https:\\\/\\\/regese.ch\\\/fussball\\\/wp-content\\\/uploads\\\/2025\\\/09\\\/FCL-FCK05_27-09-25-19-1536x1024.jpg\",\"2048x2048\":\"https:\\\/\\\/regese.ch\\\/fussball\\\/wp-content\\\/uploads\\\/2025\\\/09\\\/FCL-FCK05_27-09-25-19.jpg\",\"sportspress-crop-medium\":\"https:\\\/\\\/regese.ch\\\/fussball\\\/wp-content\\\/uploads\\\/2025\\\/09\\\/FCL-FCK05_27-09-25-19-300x300.jpg\",\"sportspress-fit-medium\":\"https:\\\/\\\/regese.ch\\\/fussball\\\/wp-content\\\/uploads\\\/2025\\\/09\\\/FCL-FCK05_27-09-25-19-300x200.jpg\",\"sportspress-fit-icon\":\"https:\\\/\\\/regese.ch\\\/fussball\\\/wp-content\\\/uploads\\\/2025\\\/09\\\/FCL-FCK05_27-09-25-19-128x85.jpg\",\"sportspress-fit-mini\":\"https:\\\/\\\/regese.ch\\\/fussball\\\/wp-content\\\/uploads\\\/2025\\\/09\\\/FCL-FCK05_27-09-25-19-32x21.jpg\",\"full\":\"https:\\\/\\\/regese.ch\\\/fussball\\\/wp-content\\\/uploads\\\/2025\\\/09\\\/FCL-FCK05_27-09-25-19.jpg\",\"index\":18,\"id\":21759,\"video\":false,\"opts\":{\"caption\":\"\",\"thumb\":\"https:\\\/\\\/regese.ch\\\/fussball\\\/wp-content\\\/uploads\\\/2025\\\/09\\\/FCL-FCK05_27-09-25-19-75x50_c.jpg\",\"title\":\"FCL - FCK05_27-09-25-19\"},\"gallery_id\":\"21800\"},{\"status\":\"active\",\"src\":\"https:\\\/\\\/regese.ch\\\/fussball\\\/wp-content\\\/uploads\\\/2025\\\/09\\\/FCL-FCK05_27-09-25-20.jpg\",\"title\":\"FCL - FCK05_27-09-25-20\",\"link\":\"https:\\\/\\\/regese.ch\\\/fussball\\\/wp-content\\\/uploads\\\/2025\\\/09\\\/FCL-FCK05_27-09-25-20.jpg\",\"alt\":\"\",\"caption\":false,\"thumb\":\"https:\\\/\\\/regese.ch\\\/fussball\\\/wp-content\\\/uploads\\\/2025\\\/09\\\/FCL-FCK05_27-09-25-20-75x50_c.jpg\",\"meta\":{\"aperture\":null,\"credit\":null,\"camera\":null,\"caption\":\"\",\"created_timestamp\":null,\"copyright\":null,\"focal_length\":null,\"iso\":null,\"shutter_speed\":null,\"title\":\"\",\"orientation\":null,\"keywords\":null,\"resized_images\":null},\"thumbnail\":\"https:\\\/\\\/regese.ch\\\/fussball\\\/wp-content\\\/uploads\\\/2025\\\/09\\\/FCL-FCK05_27-09-25-20-150x100.jpg\",\"medium\":\"https:\\\/\\\/regese.ch\\\/fussball\\\/wp-content\\\/uploads\\\/2025\\\/09\\\/FCL-FCK05_27-09-25-20-300x200.jpg\",\"medium_large\":\"https:\\\/\\\/regese.ch\\\/fussball\\\/wp-content\\\/uploads\\\/2025\\\/09\\\/FCL-FCK05_27-09-25-20-768x512.jpg\",\"large\":\"https:\\\/\\\/regese.ch\\\/fussball\\\/wp-content\\\/uploads\\\/2025\\\/09\\\/FCL-FCK05_27-09-25-20.jpg\",\"1536x1536\":\"https:\\\/\\\/regese.ch\\\/fussball\\\/wp-content\\\/uploads\\\/2025\\\/09\\\/FCL-FCK05_27-09-25-20-1536x1024.jpg\",\"2048x2048\":\"https:\\\/\\\/regese.ch\\\/fussball\\\/wp-content\\\/uploads\\\/2025\\\/09\\\/FCL-FCK05_27-09-25-20.jpg\",\"sportspress-crop-medium\":\"https:\\\/\\\/regese.ch\\\/fussball\\\/wp-content\\\/uploads\\\/2025\\\/09\\\/FCL-FCK05_27-09-25-20-300x300.jpg\",\"sportspress-fit-medium\":\"https:\\\/\\\/regese.ch\\\/fussball\\\/wp-content\\\/uploads\\\/2025\\\/09\\\/FCL-FCK05_27-09-25-20-300x200.jpg\",\"sportspress-fit-icon\":\"https:\\\/\\\/regese.ch\\\/fussball\\\/wp-content\\\/uploads\\\/2025\\\/09\\\/FCL-FCK05_27-09-25-20-128x85.jpg\",\"sportspress-fit-mini\":\"https:\\\/\\\/regese.ch\\\/fussball\\\/wp-content\\\/uploads\\\/2025\\\/09\\\/FCL-FCK05_27-09-25-20-32x21.jpg\",\"full\":\"https:\\\/\\\/regese.ch\\\/fussball\\\/wp-content\\\/uploads\\\/2025\\\/09\\\/FCL-FCK05_27-09-25-20.jpg\",\"index\":19,\"id\":21760,\"video\":false,\"opts\":{\"caption\":\"\",\"thumb\":\"https:\\\/\\\/regese.ch\\\/fussball\\\/wp-content\\\/uploads\\\/2025\\\/09\\\/FCL-FCK05_27-09-25-20-75x50_c.jpg\",\"title\":\"FCL - FCK05_27-09-25-20\"},\"gallery_id\":\"21800\"},{\"status\":\"active\",\"src\":\"https:\\\/\\\/regese.ch\\\/fussball\\\/wp-content\\\/uploads\\\/2025\\\/09\\\/FCL-FCK05_27-09-25-21.jpg\",\"title\":\"FCL - FCK05_27-09-25-21\",\"link\":\"https:\\\/\\\/regese.ch\\\/fussball\\\/wp-content\\\/uploads\\\/2025\\\/09\\\/FCL-FCK05_27-09-25-21.jpg\",\"alt\":\"\",\"caption\":false,\"thumb\":\"https:\\\/\\\/regese.ch\\\/fussball\\\/wp-content\\\/uploads\\\/2025\\\/09\\\/FCL-FCK05_27-09-25-21-75x50_c.jpg\",\"meta\":{\"aperture\":null,\"credit\":null,\"camera\":null,\"caption\":\"\",\"created_timestamp\":null,\"copyright\":null,\"focal_length\":null,\"iso\":null,\"shutter_speed\":null,\"title\":\"\",\"orientation\":null,\"keywords\":null,\"resized_images\":null},\"thumbnail\":\"https:\\\/\\\/regese.ch\\\/fussball\\\/wp-content\\\/uploads\\\/2025\\\/09\\\/FCL-FCK05_27-09-25-21-100x150.jpg\",\"medium\":\"https:\\\/\\\/regese.ch\\\/fussball\\\/wp-content\\\/uploads\\\/2025\\\/09\\\/FCL-FCK05_27-09-25-21-200x300.jpg\",\"medium_large\":\"https:\\\/\\\/regese.ch\\\/fussball\\\/wp-content\\\/uploads\\\/2025\\\/09\\\/FCL-FCK05_27-09-25-21-768x1152.jpg\",\"large\":\"https:\\\/\\\/regese.ch\\\/fussball\\\/wp-content\\\/uploads\\\/2025\\\/09\\\/FCL-FCK05_27-09-25-21.jpg\",\"1536x1536\":\"https:\\\/\\\/regese.ch\\\/fussball\\\/wp-content\\\/uploads\\\/2025\\\/09\\\/FCL-FCK05_27-09-25-21-1024x1536.jpg\",\"2048x2048\":\"https:\\\/\\\/regese.ch\\\/fussball\\\/wp-content\\\/uploads\\\/2025\\\/09\\\/FCL-FCK05_27-09-25-21.jpg\",\"sportspress-crop-medium\":\"https:\\\/\\\/regese.ch\\\/fussball\\\/wp-content\\\/uploads\\\/2025\\\/09\\\/FCL-FCK05_27-09-25-21-300x300.jpg\",\"sportspress-fit-medium\":\"https:\\\/\\\/regese.ch\\\/fussball\\\/wp-content\\\/uploads\\\/2025\\\/09\\\/FCL-FCK05_27-09-25-21-200x300.jpg\",\"sportspress-fit-icon\":\"https:\\\/\\\/regese.ch\\\/fussball\\\/wp-content\\\/uploads\\\/2025\\\/09\\\/FCL-FCK05_27-09-25-21-85x128.jpg\",\"sportspress-fit-mini\":\"https:\\\/\\\/regese.ch\\\/fussball\\\/wp-content\\\/uploads\\\/2025\\\/09\\\/FCL-FCK05_27-09-25-21-21x32.jpg\",\"full\":\"https:\\\/\\\/regese.ch\\\/fussball\\\/wp-content\\\/uploads\\\/2025\\\/09\\\/FCL-FCK05_27-09-25-21.jpg\",\"index\":20,\"id\":21761,\"video\":false,\"opts\":{\"caption\":\"\",\"thumb\":\"https:\\\/\\\/regese.ch\\\/fussball\\\/wp-content\\\/uploads\\\/2025\\\/09\\\/FCL-FCK05_27-09-25-21-75x50_c.jpg\",\"title\":\"FCL - FCK05_27-09-25-21\"},\"gallery_id\":\"21800\"},{\"status\":\"active\",\"src\":\"https:\\\/\\\/regese.ch\\\/fussball\\\/wp-content\\\/uploads\\\/2025\\\/09\\\/FCL-FCK05_27-09-25-22.jpg\",\"title\":\"FCL - FCK05_27-09-25-22\",\"link\":\"https:\\\/\\\/regese.ch\\\/fussball\\\/wp-content\\\/uploads\\\/2025\\\/09\\\/FCL-FCK05_27-09-25-22.jpg\",\"alt\":\"\",\"caption\":false,\"thumb\":\"https:\\\/\\\/regese.ch\\\/fussball\\\/wp-content\\\/uploads\\\/2025\\\/09\\\/FCL-FCK05_27-09-25-22-75x50_c.jpg\",\"meta\":{\"aperture\":null,\"credit\":null,\"camera\":null,\"caption\":\"\",\"created_timestamp\":null,\"copyright\":null,\"focal_length\":null,\"iso\":null,\"shutter_speed\":null,\"title\":\"\",\"orientation\":null,\"keywords\":null,\"resized_images\":null},\"thumbnail\":\"https:\\\/\\\/regese.ch\\\/fussball\\\/wp-content\\\/uploads\\\/2025\\\/09\\\/FCL-FCK05_27-09-25-22-150x100.jpg\",\"medium\":\"https:\\\/\\\/regese.ch\\\/fussball\\\/wp-content\\\/uploads\\\/2025\\\/09\\\/FCL-FCK05_27-09-25-22-300x200.jpg\",\"medium_large\":\"https:\\\/\\\/regese.ch\\\/fussball\\\/wp-content\\\/uploads\\\/2025\\\/09\\\/FCL-FCK05_27-09-25-22-768x512.jpg\",\"large\":\"https:\\\/\\\/regese.ch\\\/fussball\\\/wp-content\\\/uploads\\\/2025\\\/09\\\/FCL-FCK05_27-09-25-22.jpg\",\"1536x1536\":\"https:\\\/\\\/regese.ch\\\/fussball\\\/wp-content\\\/uploads\\\/2025\\\/09\\\/FCL-FCK05_27-09-25-22-1536x1024.jpg\",\"2048x2048\":\"https:\\\/\\\/regese.ch\\\/fussball\\\/wp-content\\\/uploads\\\/2025\\\/09\\\/FCL-FCK05_27-09-25-22.jpg\",\"sportspress-crop-medium\":\"https:\\\/\\\/regese.ch\\\/fussball\\\/wp-content\\\/uploads\\\/2025\\\/09\\\/FCL-FCK05_27-09-25-22-300x300.jpg\",\"sportspress-fit-medium\":\"https:\\\/\\\/regese.ch\\\/fussball\\\/wp-content\\\/uploads\\\/2025\\\/09\\\/FCL-FCK05_27-09-25-22-300x200.jpg\",\"sportspress-fit-icon\":\"https:\\\/\\\/regese.ch\\\/fussball\\\/wp-content\\\/uploads\\\/2025\\\/09\\\/FCL-FCK05_27-09-25-22-128x85.jpg\",\"sportspress-fit-mini\":\"https:\\\/\\\/regese.ch\\\/fussball\\\/wp-content\\\/uploads\\\/2025\\\/09\\\/FCL-FCK05_27-09-25-22-32x21.jpg\",\"full\":\"https:\\\/\\\/regese.ch\\\/fussball\\\/wp-content\\\/uploads\\\/2025\\\/09\\\/FCL-FCK05_27-09-25-22.jpg\",\"index\":21,\"id\":21762,\"video\":false,\"opts\":{\"caption\":\"\",\"thumb\":\"https:\\\/\\\/regese.ch\\\/fussball\\\/wp-content\\\/uploads\\\/2025\\\/09\\\/FCL-FCK05_27-09-25-22-75x50_c.jpg\",\"title\":\"FCL - FCK05_27-09-25-22\"},\"gallery_id\":\"21800\"},{\"status\":\"active\",\"src\":\"https:\\\/\\\/regese.ch\\\/fussball\\\/wp-content\\\/uploads\\\/2025\\\/09\\\/FCL-FCK05_27-09-25-23.jpg\",\"title\":\"FCL - FCK05_27-09-25-23\",\"link\":\"https:\\\/\\\/regese.ch\\\/fussball\\\/wp-content\\\/uploads\\\/2025\\\/09\\\/FCL-FCK05_27-09-25-23.jpg\",\"alt\":\"\",\"caption\":false,\"thumb\":\"https:\\\/\\\/regese.ch\\\/fussball\\\/wp-content\\\/uploads\\\/2025\\\/09\\\/FCL-FCK05_27-09-25-23-75x50_c.jpg\",\"meta\":{\"aperture\":null,\"credit\":null,\"camera\":null,\"caption\":\"\",\"created_timestamp\":null,\"copyright\":null,\"focal_length\":null,\"iso\":null,\"shutter_speed\":null,\"title\":\"\",\"orientation\":null,\"keywords\":null,\"resized_images\":null},\"thumbnail\":\"https:\\\/\\\/regese.ch\\\/fussball\\\/wp-content\\\/uploads\\\/2025\\\/09\\\/FCL-FCK05_27-09-25-23-150x100.jpg\",\"medium\":\"https:\\\/\\\/regese.ch\\\/fussball\\\/wp-content\\\/uploads\\\/2025\\\/09\\\/FCL-FCK05_27-09-25-23-300x200.jpg\",\"medium_large\":\"https:\\\/\\\/regese.ch\\\/fussball\\\/wp-content\\\/uploads\\\/2025\\\/09\\\/FCL-FCK05_27-09-25-23-768x512.jpg\",\"large\":\"https:\\\/\\\/regese.ch\\\/fussball\\\/wp-content\\\/uploads\\\/2025\\\/09\\\/FCL-FCK05_27-09-25-23.jpg\",\"1536x1536\":\"https:\\\/\\\/regese.ch\\\/fussball\\\/wp-content\\\/uploads\\\/2025\\\/09\\\/FCL-FCK05_27-09-25-23-1536x1024.jpg\",\"2048x2048\":\"https:\\\/\\\/regese.ch\\\/fussball\\\/wp-content\\\/uploads\\\/2025\\\/09\\\/FCL-FCK05_27-09-25-23.jpg\",\"sportspress-crop-medium\":\"https:\\\/\\\/regese.ch\\\/fussball\\\/wp-content\\\/uploads\\\/2025\\\/09\\\/FCL-FCK05_27-09-25-23-300x300.jpg\",\"sportspress-fit-medium\":\"https:\\\/\\\/regese.ch\\\/fussball\\\/wp-content\\\/uploads\\\/2025\\\/09\\\/FCL-FCK05_27-09-25-23-300x200.jpg\",\"sportspress-fit-icon\":\"https:\\\/\\\/regese.ch\\\/fussball\\\/wp-content\\\/uploads\\\/2025\\\/09\\\/FCL-FCK05_27-09-25-23-128x85.jpg\",\"sportspress-fit-mini\":\"https:\\\/\\\/regese.ch\\\/fussball\\\/wp-content\\\/uploads\\\/2025\\\/09\\\/FCL-FCK05_27-09-25-23-32x21.jpg\",\"full\":\"https:\\\/\\\/regese.ch\\\/fussball\\\/wp-content\\\/uploads\\\/2025\\\/09\\\/FCL-FCK05_27-09-25-23.jpg\",\"index\":22,\"id\":21763,\"video\":false,\"opts\":{\"caption\":\"\",\"thumb\":\"https:\\\/\\\/regese.ch\\\/fussball\\\/wp-content\\\/uploads\\\/2025\\\/09\\\/FCL-FCK05_27-09-25-23-75x50_c.jpg\",\"title\":\"FCL - FCK05_27-09-25-23\"},\"gallery_id\":\"21800\"},{\"status\":\"active\",\"src\":\"https:\\\/\\\/regese.ch\\\/fussball\\\/wp-content\\\/uploads\\\/2025\\\/09\\\/FCL-FCK05_27-09-25-24.jpg\",\"title\":\"FCL - FCK05_27-09-25-24\",\"link\":\"https:\\\/\\\/regese.ch\\\/fussball\\\/wp-content\\\/uploads\\\/2025\\\/09\\\/FCL-FCK05_27-09-25-24.jpg\",\"alt\":\"\",\"caption\":false,\"thumb\":\"https:\\\/\\\/regese.ch\\\/fussball\\\/wp-content\\\/uploads\\\/2025\\\/09\\\/FCL-FCK05_27-09-25-24-75x50_c.jpg\",\"meta\":{\"aperture\":null,\"credit\":null,\"camera\":null,\"caption\":\"\",\"created_timestamp\":null,\"copyright\":null,\"focal_length\":null,\"iso\":null,\"shutter_speed\":null,\"title\":\"\",\"orientation\":null,\"keywords\":null,\"resized_images\":null},\"thumbnail\":\"https:\\\/\\\/regese.ch\\\/fussball\\\/wp-content\\\/uploads\\\/2025\\\/09\\\/FCL-FCK05_27-09-25-24-150x100.jpg\",\"medium\":\"https:\\\/\\\/regese.ch\\\/fussball\\\/wp-content\\\/uploads\\\/2025\\\/09\\\/FCL-FCK05_27-09-25-24-300x200.jpg\",\"medium_large\":\"https:\\\/\\\/regese.ch\\\/fussball\\\/wp-content\\\/uploads\\\/2025\\\/09\\\/FCL-FCK05_27-09-25-24-768x512.jpg\",\"large\":\"https:\\\/\\\/regese.ch\\\/fussball\\\/wp-content\\\/uploads\\\/2025\\\/09\\\/FCL-FCK05_27-09-25-24.jpg\",\"1536x1536\":\"https:\\\/\\\/regese.ch\\\/fussball\\\/wp-content\\\/uploads\\\/2025\\\/09\\\/FCL-FCK05_27-09-25-24-1536x1024.jpg\",\"2048x2048\":\"https:\\\/\\\/regese.ch\\\/fussball\\\/wp-content\\\/uploads\\\/2025\\\/09\\\/FCL-FCK05_27-09-25-24.jpg\",\"sportspress-crop-medium\":\"https:\\\/\\\/regese.ch\\\/fussball\\\/wp-content\\\/uploads\\\/2025\\\/09\\\/FCL-FCK05_27-09-25-24-300x300.jpg\",\"sportspress-fit-medium\":\"https:\\\/\\\/regese.ch\\\/fussball\\\/wp-content\\\/uploads\\\/2025\\\/09\\\/FCL-FCK05_27-09-25-24-300x200.jpg\",\"sportspress-fit-icon\":\"https:\\\/\\\/regese.ch\\\/fussball\\\/wp-content\\\/uploads\\\/2025\\\/09\\\/FCL-FCK05_27-09-25-24-128x85.jpg\",\"sportspress-fit-mini\":\"https:\\\/\\\/regese.ch\\\/fussball\\\/wp-content\\\/uploads\\\/2025\\\/09\\\/FCL-FCK05_27-09-25-24-32x21.jpg\",\"full\":\"https:\\\/\\\/regese.ch\\\/fussball\\\/wp-content\\\/uploads\\\/2025\\\/09\\\/FCL-FCK05_27-09-25-24.jpg\",\"index\":23,\"id\":21764,\"video\":false,\"opts\":{\"caption\":\"\",\"thumb\":\"https:\\\/\\\/regese.ch\\\/fussball\\\/wp-content\\\/uploads\\\/2025\\\/09\\\/FCL-FCK05_27-09-25-24-75x50_c.jpg\",\"title\":\"FCL - FCK05_27-09-25-24\"},\"gallery_id\":\"21800\"},{\"status\":\"active\",\"src\":\"https:\\\/\\\/regese.ch\\\/fussball\\\/wp-content\\\/uploads\\\/2025\\\/09\\\/FCL-FCK05_27-09-25-25.jpg\",\"title\":\"FCL - FCK05_27-09-25-25\",\"link\":\"https:\\\/\\\/regese.ch\\\/fussball\\\/wp-content\\\/uploads\\\/2025\\\/09\\\/FCL-FCK05_27-09-25-25.jpg\",\"alt\":\"\",\"caption\":false,\"thumb\":\"https:\\\/\\\/regese.ch\\\/fussball\\\/wp-content\\\/uploads\\\/2025\\\/09\\\/FCL-FCK05_27-09-25-25-75x50_c.jpg\",\"meta\":{\"aperture\":null,\"credit\":null,\"camera\":null,\"caption\":\"\",\"created_timestamp\":null,\"copyright\":null,\"focal_length\":null,\"iso\":null,\"shutter_speed\":null,\"title\":\"\",\"orientation\":null,\"keywords\":null,\"resized_images\":null},\"thumbnail\":\"https:\\\/\\\/regese.ch\\\/fussball\\\/wp-content\\\/uploads\\\/2025\\\/09\\\/FCL-FCK05_27-09-25-25-150x100.jpg\",\"medium\":\"https:\\\/\\\/regese.ch\\\/fussball\\\/wp-content\\\/uploads\\\/2025\\\/09\\\/FCL-FCK05_27-09-25-25-300x200.jpg\",\"medium_large\":\"https:\\\/\\\/regese.ch\\\/fussball\\\/wp-content\\\/uploads\\\/2025\\\/09\\\/FCL-FCK05_27-09-25-25-768x512.jpg\",\"large\":\"https:\\\/\\\/regese.ch\\\/fussball\\\/wp-content\\\/uploads\\\/2025\\\/09\\\/FCL-FCK05_27-09-25-25.jpg\",\"1536x1536\":\"https:\\\/\\\/regese.ch\\\/fussball\\\/wp-content\\\/uploads\\\/2025\\\/09\\\/FCL-FCK05_27-09-25-25-1536x1024.jpg\",\"2048x2048\":\"https:\\\/\\\/regese.ch\\\/fussball\\\/wp-content\\\/uploads\\\/2025\\\/09\\\/FCL-FCK05_27-09-25-25.jpg\",\"sportspress-crop-medium\":\"https:\\\/\\\/regese.ch\\\/fussball\\\/wp-content\\\/uploads\\\/2025\\\/09\\\/FCL-FCK05_27-09-25-25-300x300.jpg\",\"sportspress-fit-medium\":\"https:\\\/\\\/regese.ch\\\/fussball\\\/wp-content\\\/uploads\\\/2025\\\/09\\\/FCL-FCK05_27-09-25-25-300x200.jpg\",\"sportspress-fit-icon\":\"https:\\\/\\\/regese.ch\\\/fussball\\\/wp-content\\\/uploads\\\/2025\\\/09\\\/FCL-FCK05_27-09-25-25-128x85.jpg\",\"sportspress-fit-mini\":\"https:\\\/\\\/regese.ch\\\/fussball\\\/wp-content\\\/uploads\\\/2025\\\/09\\\/FCL-FCK05_27-09-25-25-32x21.jpg\",\"full\":\"https:\\\/\\\/regese.ch\\\/fussball\\\/wp-content\\\/uploads\\\/2025\\\/09\\\/FCL-FCK05_27-09-25-25.jpg\",\"index\":24,\"id\":21765,\"video\":false,\"opts\":{\"caption\":\"\",\"thumb\":\"https:\\\/\\\/regese.ch\\\/fussball\\\/wp-content\\\/uploads\\\/2025\\\/09\\\/FCL-FCK05_27-09-25-25-75x50_c.jpg\",\"title\":\"FCL - FCK05_27-09-25-25\"},\"gallery_id\":\"21800\"},{\"status\":\"active\",\"src\":\"https:\\\/\\\/regese.ch\\\/fussball\\\/wp-content\\\/uploads\\\/2025\\\/09\\\/FCL-FCK05_27-09-25-26.jpg\",\"title\":\"FCL - FCK05_27-09-25-26\",\"link\":\"https:\\\/\\\/regese.ch\\\/fussball\\\/wp-content\\\/uploads\\\/2025\\\/09\\\/FCL-FCK05_27-09-25-26.jpg\",\"alt\":\"\",\"caption\":false,\"thumb\":\"https:\\\/\\\/regese.ch\\\/fussball\\\/wp-content\\\/uploads\\\/2025\\\/09\\\/FCL-FCK05_27-09-25-26-75x50_c.jpg\",\"meta\":{\"aperture\":null,\"credit\":null,\"camera\":null,\"caption\":\"\",\"created_timestamp\":null,\"copyright\":null,\"focal_length\":null,\"iso\":null,\"shutter_speed\":null,\"title\":\"\",\"orientation\":null,\"keywords\":null,\"resized_images\":null},\"thumbnail\":\"https:\\\/\\\/regese.ch\\\/fussball\\\/wp-content\\\/uploads\\\/2025\\\/09\\\/FCL-FCK05_27-09-25-26-150x100.jpg\",\"medium\":\"https:\\\/\\\/regese.ch\\\/fussball\\\/wp-content\\\/uploads\\\/2025\\\/09\\\/FCL-FCK05_27-09-25-26-300x200.jpg\",\"medium_large\":\"https:\\\/\\\/regese.ch\\\/fussball\\\/wp-content\\\/uploads\\\/2025\\\/09\\\/FCL-FCK05_27-09-25-26-768x512.jpg\",\"large\":\"https:\\\/\\\/regese.ch\\\/fussball\\\/wp-content\\\/uploads\\\/2025\\\/09\\\/FCL-FCK05_27-09-25-26.jpg\",\"1536x1536\":\"https:\\\/\\\/regese.ch\\\/fussball\\\/wp-content\\\/uploads\\\/2025\\\/09\\\/FCL-FCK05_27-09-25-26-1536x1024.jpg\",\"2048x2048\":\"https:\\\/\\\/regese.ch\\\/fussball\\\/wp-content\\\/uploads\\\/2025\\\/09\\\/FCL-FCK05_27-09-25-26.jpg\",\"sportspress-crop-medium\":\"https:\\\/\\\/regese.ch\\\/fussball\\\/wp-content\\\/uploads\\\/2025\\\/09\\\/FCL-FCK05_27-09-25-26-300x300.jpg\",\"sportspress-fit-medium\":\"https:\\\/\\\/regese.ch\\\/fussball\\\/wp-content\\\/uploads\\\/2025\\\/09\\\/FCL-FCK05_27-09-25-26-300x200.jpg\",\"sportspress-fit-icon\":\"https:\\\/\\\/regese.ch\\\/fussball\\\/wp-content\\\/uploads\\\/2025\\\/09\\\/FCL-FCK05_27-09-25-26-128x85.jpg\",\"sportspress-fit-mini\":\"https:\\\/\\\/regese.ch\\\/fussball\\\/wp-content\\\/uploads\\\/2025\\\/09\\\/FCL-FCK05_27-09-25-26-32x21.jpg\",\"full\":\"https:\\\/\\\/regese.ch\\\/fussball\\\/wp-content\\\/uploads\\\/2025\\\/09\\\/FCL-FCK05_27-09-25-26.jpg\",\"index\":25,\"id\":21766,\"video\":false,\"opts\":{\"caption\":\"\",\"thumb\":\"https:\\\/\\\/regese.ch\\\/fussball\\\/wp-content\\\/uploads\\\/2025\\\/09\\\/FCL-FCK05_27-09-25-26-75x50_c.jpg\",\"title\":\"FCL - FCK05_27-09-25-26\"},\"gallery_id\":\"21800\"},{\"status\":\"active\",\"src\":\"https:\\\/\\\/regese.ch\\\/fussball\\\/wp-content\\\/uploads\\\/2025\\\/09\\\/FCL-FCK05_27-09-25-27.jpg\",\"title\":\"FCL - FCK05_27-09-25-27\",\"link\":\"https:\\\/\\\/regese.ch\\\/fussball\\\/wp-content\\\/uploads\\\/2025\\\/09\\\/FCL-FCK05_27-09-25-27.jpg\",\"alt\":\"\",\"caption\":false,\"thumb\":\"https:\\\/\\\/regese.ch\\\/fussball\\\/wp-content\\\/uploads\\\/2025\\\/09\\\/FCL-FCK05_27-09-25-27-75x50_c.jpg\",\"meta\":{\"aperture\":null,\"credit\":null,\"camera\":null,\"caption\":\"\",\"created_timestamp\":null,\"copyright\":null,\"focal_length\":null,\"iso\":null,\"shutter_speed\":null,\"title\":\"\",\"orientation\":null,\"keywords\":null,\"resized_images\":null},\"thumbnail\":\"https:\\\/\\\/regese.ch\\\/fussball\\\/wp-content\\\/uploads\\\/2025\\\/09\\\/FCL-FCK05_27-09-25-27-150x100.jpg\",\"medium\":\"https:\\\/\\\/regese.ch\\\/fussball\\\/wp-content\\\/uploads\\\/2025\\\/09\\\/FCL-FCK05_27-09-25-27-300x200.jpg\",\"medium_large\":\"https:\\\/\\\/regese.ch\\\/fussball\\\/wp-content\\\/uploads\\\/2025\\\/09\\\/FCL-FCK05_27-09-25-27-768x512.jpg\",\"large\":\"https:\\\/\\\/regese.ch\\\/fussball\\\/wp-content\\\/uploads\\\/2025\\\/09\\\/FCL-FCK05_27-09-25-27.jpg\",\"1536x1536\":\"https:\\\/\\\/regese.ch\\\/fussball\\\/wp-content\\\/uploads\\\/2025\\\/09\\\/FCL-FCK05_27-09-25-27-1536x1024.jpg\",\"2048x2048\":\"https:\\\/\\\/regese.ch\\\/fussball\\\/wp-content\\\/uploads\\\/2025\\\/09\\\/FCL-FCK05_27-09-25-27.jpg\",\"sportspress-crop-medium\":\"https:\\\/\\\/regese.ch\\\/fussball\\\/wp-content\\\/uploads\\\/2025\\\/09\\\/FCL-FCK05_27-09-25-27-300x300.jpg\",\"sportspress-fit-medium\":\"https:\\\/\\\/regese.ch\\\/fussball\\\/wp-content\\\/uploads\\\/2025\\\/09\\\/FCL-FCK05_27-09-25-27-300x200.jpg\",\"sportspress-fit-icon\":\"https:\\\/\\\/regese.ch\\\/fussball\\\/wp-content\\\/uploads\\\/2025\\\/09\\\/FCL-FCK05_27-09-25-27-128x85.jpg\",\"sportspress-fit-mini\":\"https:\\\/\\\/regese.ch\\\/fussball\\\/wp-content\\\/uploads\\\/2025\\\/09\\\/FCL-FCK05_27-09-25-27-32x21.jpg\",\"full\":\"https:\\\/\\\/regese.ch\\\/fussball\\\/wp-content\\\/uploads\\\/2025\\\/09\\\/FCL-FCK05_27-09-25-27.jpg\",\"index\":26,\"id\":21767,\"video\":false,\"opts\":{\"caption\":\"\",\"thumb\":\"https:\\\/\\\/regese.ch\\\/fussball\\\/wp-content\\\/uploads\\\/2025\\\/09\\\/FCL-FCK05_27-09-25-27-75x50_c.jpg\",\"title\":\"FCL - FCK05_27-09-25-27\"},\"gallery_id\":\"21800\"},{\"status\":\"active\",\"src\":\"https:\\\/\\\/regese.ch\\\/fussball\\\/wp-content\\\/uploads\\\/2025\\\/09\\\/FCL-FCK05_27-09-25-28.jpg\",\"title\":\"FCL - FCK05_27-09-25-28\",\"link\":\"https:\\\/\\\/regese.ch\\\/fussball\\\/wp-content\\\/uploads\\\/2025\\\/09\\\/FCL-FCK05_27-09-25-28.jpg\",\"alt\":\"\",\"caption\":false,\"thumb\":\"https:\\\/\\\/regese.ch\\\/fussball\\\/wp-content\\\/uploads\\\/2025\\\/09\\\/FCL-FCK05_27-09-25-28-75x50_c.jpg\",\"meta\":{\"aperture\":null,\"credit\":null,\"camera\":null,\"caption\":\"\",\"created_timestamp\":null,\"copyright\":null,\"focal_length\":null,\"iso\":null,\"shutter_speed\":null,\"title\":\"\",\"orientation\":null,\"keywords\":null,\"resized_images\":null},\"thumbnail\":\"https:\\\/\\\/regese.ch\\\/fussball\\\/wp-content\\\/uploads\\\/2025\\\/09\\\/FCL-FCK05_27-09-25-28-150x100.jpg\",\"medium\":\"https:\\\/\\\/regese.ch\\\/fussball\\\/wp-content\\\/uploads\\\/2025\\\/09\\\/FCL-FCK05_27-09-25-28-300x200.jpg\",\"medium_large\":\"https:\\\/\\\/regese.ch\\\/fussball\\\/wp-content\\\/uploads\\\/2025\\\/09\\\/FCL-FCK05_27-09-25-28-768x512.jpg\",\"large\":\"https:\\\/\\\/regese.ch\\\/fussball\\\/wp-content\\\/uploads\\\/2025\\\/09\\\/FCL-FCK05_27-09-25-28.jpg\",\"1536x1536\":\"https:\\\/\\\/regese.ch\\\/fussball\\\/wp-content\\\/uploads\\\/2025\\\/09\\\/FCL-FCK05_27-09-25-28-1536x1024.jpg\",\"2048x2048\":\"https:\\\/\\\/regese.ch\\\/fussball\\\/wp-content\\\/uploads\\\/2025\\\/09\\\/FCL-FCK05_27-09-25-28.jpg\",\"sportspress-crop-medium\":\"https:\\\/\\\/regese.ch\\\/fussball\\\/wp-content\\\/uploads\\\/2025\\\/09\\\/FCL-FCK05_27-09-25-28-300x300.jpg\",\"sportspress-fit-medium\":\"https:\\\/\\\/regese.ch\\\/fussball\\\/wp-content\\\/uploads\\\/2025\\\/09\\\/FCL-FCK05_27-09-25-28-300x200.jpg\",\"sportspress-fit-icon\":\"https:\\\/\\\/regese.ch\\\/fussball\\\/wp-content\\\/uploads\\\/2025\\\/09\\\/FCL-FCK05_27-09-25-28-128x85.jpg\",\"sportspress-fit-mini\":\"https:\\\/\\\/regese.ch\\\/fussball\\\/wp-content\\\/uploads\\\/2025\\\/09\\\/FCL-FCK05_27-09-25-28-32x21.jpg\",\"full\":\"https:\\\/\\\/regese.ch\\\/fussball\\\/wp-content\\\/uploads\\\/2025\\\/09\\\/FCL-FCK05_27-09-25-28.jpg\",\"index\":27,\"id\":21768,\"video\":false,\"opts\":{\"caption\":\"\",\"thumb\":\"https:\\\/\\\/regese.ch\\\/fussball\\\/wp-content\\\/uploads\\\/2025\\\/09\\\/FCL-FCK05_27-09-25-28-75x50_c.jpg\",\"title\":\"FCL - FCK05_27-09-25-28\"},\"gallery_id\":\"21800\"},{\"status\":\"active\",\"src\":\"https:\\\/\\\/regese.ch\\\/fussball\\\/wp-content\\\/uploads\\\/2025\\\/09\\\/FCL-FCK05_27-09-25-29.jpg\",\"title\":\"FCL - FCK05_27-09-25-29\",\"link\":\"https:\\\/\\\/regese.ch\\\/fussball\\\/wp-content\\\/uploads\\\/2025\\\/09\\\/FCL-FCK05_27-09-25-29.jpg\",\"alt\":\"\",\"caption\":false,\"thumb\":\"https:\\\/\\\/regese.ch\\\/fussball\\\/wp-content\\\/uploads\\\/2025\\\/09\\\/FCL-FCK05_27-09-25-29-75x50_c.jpg\",\"meta\":{\"aperture\":null,\"credit\":null,\"camera\":null,\"caption\":\"\",\"created_timestamp\":null,\"copyright\":null,\"focal_length\":null,\"iso\":null,\"shutter_speed\":null,\"title\":\"\",\"orientation\":null,\"keywords\":null,\"resized_images\":null},\"thumbnail\":\"https:\\\/\\\/regese.ch\\\/fussball\\\/wp-content\\\/uploads\\\/2025\\\/09\\\/FCL-FCK05_27-09-25-29-150x100.jpg\",\"medium\":\"https:\\\/\\\/regese.ch\\\/fussball\\\/wp-content\\\/uploads\\\/2025\\\/09\\\/FCL-FCK05_27-09-25-29-300x200.jpg\",\"medium_large\":\"https:\\\/\\\/regese.ch\\\/fussball\\\/wp-content\\\/uploads\\\/2025\\\/09\\\/FCL-FCK05_27-09-25-29-768x512.jpg\",\"large\":\"https:\\\/\\\/regese.ch\\\/fussball\\\/wp-content\\\/uploads\\\/2025\\\/09\\\/FCL-FCK05_27-09-25-29.jpg\",\"1536x1536\":\"https:\\\/\\\/regese.ch\\\/fussball\\\/wp-content\\\/uploads\\\/2025\\\/09\\\/FCL-FCK05_27-09-25-29-1536x1024.jpg\",\"2048x2048\":\"https:\\\/\\\/regese.ch\\\/fussball\\\/wp-content\\\/uploads\\\/2025\\\/09\\\/FCL-FCK05_27-09-25-29.jpg\",\"sportspress-crop-medium\":\"https:\\\/\\\/regese.ch\\\/fussball\\\/wp-content\\\/uploads\\\/2025\\\/09\\\/FCL-FCK05_27-09-25-29-300x300.jpg\",\"sportspress-fit-medium\":\"https:\\\/\\\/regese.ch\\\/fussball\\\/wp-content\\\/uploads\\\/2025\\\/09\\\/FCL-FCK05_27-09-25-29-300x200.jpg\",\"sportspress-fit-icon\":\"https:\\\/\\\/regese.ch\\\/fussball\\\/wp-content\\\/uploads\\\/2025\\\/09\\\/FCL-FCK05_27-09-25-29-128x85.jpg\",\"sportspress-fit-mini\":\"https:\\\/\\\/regese.ch\\\/fussball\\\/wp-content\\\/uploads\\\/2025\\\/09\\\/FCL-FCK05_27-09-25-29-32x21.jpg\",\"full\":\"https:\\\/\\\/regese.ch\\\/fussball\\\/wp-content\\\/uploads\\\/2025\\\/09\\\/FCL-FCK05_27-09-25-29.jpg\",\"index\":28,\"id\":21769,\"video\":false,\"opts\":{\"caption\":\"\",\"thumb\":\"https:\\\/\\\/regese.ch\\\/fussball\\\/wp-content\\\/uploads\\\/2025\\\/09\\\/FCL-FCK05_27-09-25-29-75x50_c.jpg\",\"title\":\"FCL - FCK05_27-09-25-29\"},\"gallery_id\":\"21800\"},{\"status\":\"active\",\"src\":\"https:\\\/\\\/regese.ch\\\/fussball\\\/wp-content\\\/uploads\\\/2025\\\/09\\\/FCL-FCK05_27-09-25-30.jpg\",\"title\":\"FCL - FCK05_27-09-25-30\",\"link\":\"https:\\\/\\\/regese.ch\\\/fussball\\\/wp-content\\\/uploads\\\/2025\\\/09\\\/FCL-FCK05_27-09-25-30.jpg\",\"alt\":\"\",\"caption\":false,\"thumb\":\"https:\\\/\\\/regese.ch\\\/fussball\\\/wp-content\\\/uploads\\\/2025\\\/09\\\/FCL-FCK05_27-09-25-30-75x50_c.jpg\",\"meta\":{\"aperture\":null,\"credit\":null,\"camera\":null,\"caption\":\"\",\"created_timestamp\":null,\"copyright\":null,\"focal_length\":null,\"iso\":null,\"shutter_speed\":null,\"title\":\"\",\"orientation\":null,\"keywords\":null,\"resized_images\":null},\"thumbnail\":\"https:\\\/\\\/regese.ch\\\/fussball\\\/wp-content\\\/uploads\\\/2025\\\/09\\\/FCL-FCK05_27-09-25-30-150x100.jpg\",\"medium\":\"https:\\\/\\\/regese.ch\\\/fussball\\\/wp-content\\\/uploads\\\/2025\\\/09\\\/FCL-FCK05_27-09-25-30-300x200.jpg\",\"medium_large\":\"https:\\\/\\\/regese.ch\\\/fussball\\\/wp-content\\\/uploads\\\/2025\\\/09\\\/FCL-FCK05_27-09-25-30-768x512.jpg\",\"large\":\"https:\\\/\\\/regese.ch\\\/fussball\\\/wp-content\\\/uploads\\\/2025\\\/09\\\/FCL-FCK05_27-09-25-30.jpg\",\"1536x1536\":\"https:\\\/\\\/regese.ch\\\/fussball\\\/wp-content\\\/uploads\\\/2025\\\/09\\\/FCL-FCK05_27-09-25-30-1536x1024.jpg\",\"2048x2048\":\"https:\\\/\\\/regese.ch\\\/fussball\\\/wp-content\\\/uploads\\\/2025\\\/09\\\/FCL-FCK05_27-09-25-30.jpg\",\"sportspress-crop-medium\":\"https:\\\/\\\/regese.ch\\\/fussball\\\/wp-content\\\/uploads\\\/2025\\\/09\\\/FCL-FCK05_27-09-25-30-300x300.jpg\",\"sportspress-fit-medium\":\"https:\\\/\\\/regese.ch\\\/fussball\\\/wp-content\\\/uploads\\\/2025\\\/09\\\/FCL-FCK05_27-09-25-30-300x200.jpg\",\"sportspress-fit-icon\":\"https:\\\/\\\/regese.ch\\\/fussball\\\/wp-content\\\/uploads\\\/2025\\\/09\\\/FCL-FCK05_27-09-25-30-128x85.jpg\",\"sportspress-fit-mini\":\"https:\\\/\\\/regese.ch\\\/fussball\\\/wp-content\\\/uploads\\\/2025\\\/09\\\/FCL-FCK05_27-09-25-30-32x21.jpg\",\"full\":\"https:\\\/\\\/regese.ch\\\/fussball\\\/wp-content\\\/uploads\\\/2025\\\/09\\\/FCL-FCK05_27-09-25-30.jpg\",\"index\":29,\"id\":21770,\"video\":false,\"opts\":{\"caption\":\"\",\"thumb\":\"https:\\\/\\\/regese.ch\\\/fussball\\\/wp-content\\\/uploads\\\/2025\\\/09\\\/FCL-FCK05_27-09-25-30-75x50_c.jpg\",\"title\":\"FCL - FCK05_27-09-25-30\"},\"gallery_id\":\"21800\"},{\"status\":\"active\",\"src\":\"https:\\\/\\\/regese.ch\\\/fussball\\\/wp-content\\\/uploads\\\/2025\\\/09\\\/FCL-FCK05_27-09-25-31.jpg\",\"title\":\"FCL - FCK05_27-09-25-31\",\"link\":\"https:\\\/\\\/regese.ch\\\/fussball\\\/wp-content\\\/uploads\\\/2025\\\/09\\\/FCL-FCK05_27-09-25-31.jpg\",\"alt\":\"\",\"caption\":false,\"thumb\":\"https:\\\/\\\/regese.ch\\\/fussball\\\/wp-content\\\/uploads\\\/2025\\\/09\\\/FCL-FCK05_27-09-25-31-75x50_c.jpg\",\"meta\":{\"aperture\":null,\"credit\":null,\"camera\":null,\"caption\":\"\",\"created_timestamp\":null,\"copyright\":null,\"focal_length\":null,\"iso\":null,\"shutter_speed\":null,\"title\":\"\",\"orientation\":null,\"keywords\":null,\"resized_images\":null},\"thumbnail\":\"https:\\\/\\\/regese.ch\\\/fussball\\\/wp-content\\\/uploads\\\/2025\\\/09\\\/FCL-FCK05_27-09-25-31-150x100.jpg\",\"medium\":\"https:\\\/\\\/regese.ch\\\/fussball\\\/wp-content\\\/uploads\\\/2025\\\/09\\\/FCL-FCK05_27-09-25-31-300x200.jpg\",\"medium_large\":\"https:\\\/\\\/regese.ch\\\/fussball\\\/wp-content\\\/uploads\\\/2025\\\/09\\\/FCL-FCK05_27-09-25-31-768x512.jpg\",\"large\":\"https:\\\/\\\/regese.ch\\\/fussball\\\/wp-content\\\/uploads\\\/2025\\\/09\\\/FCL-FCK05_27-09-25-31.jpg\",\"1536x1536\":\"https:\\\/\\\/regese.ch\\\/fussball\\\/wp-content\\\/uploads\\\/2025\\\/09\\\/FCL-FCK05_27-09-25-31-1536x1024.jpg\",\"2048x2048\":\"https:\\\/\\\/regese.ch\\\/fussball\\\/wp-content\\\/uploads\\\/2025\\\/09\\\/FCL-FCK05_27-09-25-31.jpg\",\"sportspress-crop-medium\":\"https:\\\/\\\/regese.ch\\\/fussball\\\/wp-content\\\/uploads\\\/2025\\\/09\\\/FCL-FCK05_27-09-25-31-300x300.jpg\",\"sportspress-fit-medium\":\"https:\\\/\\\/regese.ch\\\/fussball\\\/wp-content\\\/uploads\\\/2025\\\/09\\\/FCL-FCK05_27-09-25-31-300x200.jpg\",\"sportspress-fit-icon\":\"https:\\\/\\\/regese.ch\\\/fussball\\\/wp-content\\\/uploads\\\/2025\\\/09\\\/FCL-FCK05_27-09-25-31-128x85.jpg\",\"sportspress-fit-mini\":\"https:\\\/\\\/regese.ch\\\/fussball\\\/wp-content\\\/uploads\\\/2025\\\/09\\\/FCL-FCK05_27-09-25-31-32x21.jpg\",\"full\":\"https:\\\/\\\/regese.ch\\\/fussball\\\/wp-content\\\/uploads\\\/2025\\\/09\\\/FCL-FCK05_27-09-25-31.jpg\",\"index\":30,\"id\":21771,\"video\":false,\"opts\":{\"caption\":\"\",\"thumb\":\"https:\\\/\\\/regese.ch\\\/fussball\\\/wp-content\\\/uploads\\\/2025\\\/09\\\/FCL-FCK05_27-09-25-31-75x50_c.jpg\",\"title\":\"FCL - FCK05_27-09-25-31\"},\"gallery_id\":\"21800\"},{\"status\":\"active\",\"src\":\"https:\\\/\\\/regese.ch\\\/fussball\\\/wp-content\\\/uploads\\\/2025\\\/09\\\/FCL-FCK05_27-09-25-32.jpg\",\"title\":\"FCL - FCK05_27-09-25-32\",\"link\":\"https:\\\/\\\/regese.ch\\\/fussball\\\/wp-content\\\/uploads\\\/2025\\\/09\\\/FCL-FCK05_27-09-25-32.jpg\",\"alt\":\"\",\"caption\":false,\"thumb\":\"https:\\\/\\\/regese.ch\\\/fussball\\\/wp-content\\\/uploads\\\/2025\\\/09\\\/FCL-FCK05_27-09-25-32-75x50_c.jpg\",\"meta\":{\"aperture\":null,\"credit\":null,\"camera\":null,\"caption\":\"\",\"created_timestamp\":null,\"copyright\":null,\"focal_length\":null,\"iso\":null,\"shutter_speed\":null,\"title\":\"\",\"orientation\":null,\"keywords\":null,\"resized_images\":null},\"thumbnail\":\"https:\\\/\\\/regese.ch\\\/fussball\\\/wp-content\\\/uploads\\\/2025\\\/09\\\/FCL-FCK05_27-09-25-32-150x100.jpg\",\"medium\":\"https:\\\/\\\/regese.ch\\\/fussball\\\/wp-content\\\/uploads\\\/2025\\\/09\\\/FCL-FCK05_27-09-25-32-300x200.jpg\",\"medium_large\":\"https:\\\/\\\/regese.ch\\\/fussball\\\/wp-content\\\/uploads\\\/2025\\\/09\\\/FCL-FCK05_27-09-25-32-768x512.jpg\",\"large\":\"https:\\\/\\\/regese.ch\\\/fussball\\\/wp-content\\\/uploads\\\/2025\\\/09\\\/FCL-FCK05_27-09-25-32.jpg\",\"1536x1536\":\"https:\\\/\\\/regese.ch\\\/fussball\\\/wp-content\\\/uploads\\\/2025\\\/09\\\/FCL-FCK05_27-09-25-32-1536x1024.jpg\",\"2048x2048\":\"https:\\\/\\\/regese.ch\\\/fussball\\\/wp-content\\\/uploads\\\/2025\\\/09\\\/FCL-FCK05_27-09-25-32.jpg\",\"sportspress-crop-medium\":\"https:\\\/\\\/regese.ch\\\/fussball\\\/wp-content\\\/uploads\\\/2025\\\/09\\\/FCL-FCK05_27-09-25-32-300x300.jpg\",\"sportspress-fit-medium\":\"https:\\\/\\\/regese.ch\\\/fussball\\\/wp-content\\\/uploads\\\/2025\\\/09\\\/FCL-FCK05_27-09-25-32-300x200.jpg\",\"sportspress-fit-icon\":\"https:\\\/\\\/regese.ch\\\/fussball\\\/wp-content\\\/uploads\\\/2025\\\/09\\\/FCL-FCK05_27-09-25-32-128x85.jpg\",\"sportspress-fit-mini\":\"https:\\\/\\\/regese.ch\\\/fussball\\\/wp-content\\\/uploads\\\/2025\\\/09\\\/FCL-FCK05_27-09-25-32-32x21.jpg\",\"full\":\"https:\\\/\\\/regese.ch\\\/fussball\\\/wp-content\\\/uploads\\\/2025\\\/09\\\/FCL-FCK05_27-09-25-32.jpg\",\"index\":31,\"id\":21772,\"video\":false,\"opts\":{\"caption\":\"\",\"thumb\":\"https:\\\/\\\/regese.ch\\\/fussball\\\/wp-content\\\/uploads\\\/2025\\\/09\\\/FCL-FCK05_27-09-25-32-75x50_c.jpg\",\"title\":\"FCL - FCK05_27-09-25-32\"},\"gallery_id\":\"21800\"},{\"status\":\"active\",\"src\":\"https:\\\/\\\/regese.ch\\\/fussball\\\/wp-content\\\/uploads\\\/2025\\\/09\\\/FCL-FCK05_27-09-25-33.jpg\",\"title\":\"FCL - FCK05_27-09-25-33\",\"link\":\"https:\\\/\\\/regese.ch\\\/fussball\\\/wp-content\\\/uploads\\\/2025\\\/09\\\/FCL-FCK05_27-09-25-33.jpg\",\"alt\":\"\",\"caption\":false,\"thumb\":\"https:\\\/\\\/regese.ch\\\/fussball\\\/wp-content\\\/uploads\\\/2025\\\/09\\\/FCL-FCK05_27-09-25-33-75x50_c.jpg\",\"meta\":{\"aperture\":null,\"credit\":null,\"camera\":null,\"caption\":\"\",\"created_timestamp\":null,\"copyright\":null,\"focal_length\":null,\"iso\":null,\"shutter_speed\":null,\"title\":\"\",\"orientation\":null,\"keywords\":null,\"resized_images\":null},\"thumbnail\":\"https:\\\/\\\/regese.ch\\\/fussball\\\/wp-content\\\/uploads\\\/2025\\\/09\\\/FCL-FCK05_27-09-25-33-150x100.jpg\",\"medium\":\"https:\\\/\\\/regese.ch\\\/fussball\\\/wp-content\\\/uploads\\\/2025\\\/09\\\/FCL-FCK05_27-09-25-33-300x200.jpg\",\"medium_large\":\"https:\\\/\\\/regese.ch\\\/fussball\\\/wp-content\\\/uploads\\\/2025\\\/09\\\/FCL-FCK05_27-09-25-33-768x512.jpg\",\"large\":\"https:\\\/\\\/regese.ch\\\/fussball\\\/wp-content\\\/uploads\\\/2025\\\/09\\\/FCL-FCK05_27-09-25-33.jpg\",\"1536x1536\":\"https:\\\/\\\/regese.ch\\\/fussball\\\/wp-content\\\/uploads\\\/2025\\\/09\\\/FCL-FCK05_27-09-25-33-1536x1024.jpg\",\"2048x2048\":\"https:\\\/\\\/regese.ch\\\/fussball\\\/wp-content\\\/uploads\\\/2025\\\/09\\\/FCL-FCK05_27-09-25-33.jpg\",\"sportspress-crop-medium\":\"https:\\\/\\\/regese.ch\\\/fussball\\\/wp-content\\\/uploads\\\/2025\\\/09\\\/FCL-FCK05_27-09-25-33-300x300.jpg\",\"sportspress-fit-medium\":\"https:\\\/\\\/regese.ch\\\/fussball\\\/wp-content\\\/uploads\\\/2025\\\/09\\\/FCL-FCK05_27-09-25-33-300x200.jpg\",\"sportspress-fit-icon\":\"https:\\\/\\\/regese.ch\\\/fussball\\\/wp-content\\\/uploads\\\/2025\\\/09\\\/FCL-FCK05_27-09-25-33-128x85.jpg\",\"sportspress-fit-mini\":\"https:\\\/\\\/regese.ch\\\/fussball\\\/wp-content\\\/uploads\\\/2025\\\/09\\\/FCL-FCK05_27-09-25-33-32x21.jpg\",\"full\":\"https:\\\/\\\/regese.ch\\\/fussball\\\/wp-content\\\/uploads\\\/2025\\\/09\\\/FCL-FCK05_27-09-25-33.jpg\",\"index\":32,\"id\":21773,\"video\":false,\"opts\":{\"caption\":\"\",\"thumb\":\"https:\\\/\\\/regese.ch\\\/fussball\\\/wp-content\\\/uploads\\\/2025\\\/09\\\/FCL-FCK05_27-09-25-33-75x50_c.jpg\",\"title\":\"FCL - FCK05_27-09-25-33\"},\"gallery_id\":\"21800\"},{\"status\":\"active\",\"src\":\"https:\\\/\\\/regese.ch\\\/fussball\\\/wp-content\\\/uploads\\\/2025\\\/09\\\/FCL-FCK05_27-09-25-34.jpg\",\"title\":\"FCL - FCK05_27-09-25-34\",\"link\":\"https:\\\/\\\/regese.ch\\\/fussball\\\/wp-content\\\/uploads\\\/2025\\\/09\\\/FCL-FCK05_27-09-25-34.jpg\",\"alt\":\"\",\"caption\":false,\"thumb\":\"https:\\\/\\\/regese.ch\\\/fussball\\\/wp-content\\\/uploads\\\/2025\\\/09\\\/FCL-FCK05_27-09-25-34-75x50_c.jpg\",\"meta\":{\"aperture\":null,\"credit\":null,\"camera\":null,\"caption\":\"\",\"created_timestamp\":null,\"copyright\":null,\"focal_length\":null,\"iso\":null,\"shutter_speed\":null,\"title\":\"\",\"orientation\":null,\"keywords\":null,\"resized_images\":null},\"thumbnail\":\"https:\\\/\\\/regese.ch\\\/fussball\\\/wp-content\\\/uploads\\\/2025\\\/09\\\/FCL-FCK05_27-09-25-34-150x100.jpg\",\"medium\":\"https:\\\/\\\/regese.ch\\\/fussball\\\/wp-content\\\/uploads\\\/2025\\\/09\\\/FCL-FCK05_27-09-25-34-300x200.jpg\",\"medium_large\":\"https:\\\/\\\/regese.ch\\\/fussball\\\/wp-content\\\/uploads\\\/2025\\\/09\\\/FCL-FCK05_27-09-25-34-768x512.jpg\",\"large\":\"https:\\\/\\\/regese.ch\\\/fussball\\\/wp-content\\\/uploads\\\/2025\\\/09\\\/FCL-FCK05_27-09-25-34.jpg\",\"1536x1536\":\"https:\\\/\\\/regese.ch\\\/fussball\\\/wp-content\\\/uploads\\\/2025\\\/09\\\/FCL-FCK05_27-09-25-34-1536x1024.jpg\",\"2048x2048\":\"https:\\\/\\\/regese.ch\\\/fussball\\\/wp-content\\\/uploads\\\/2025\\\/09\\\/FCL-FCK05_27-09-25-34.jpg\",\"sportspress-crop-medium\":\"https:\\\/\\\/regese.ch\\\/fussball\\\/wp-content\\\/uploads\\\/2025\\\/09\\\/FCL-FCK05_27-09-25-34-300x300.jpg\",\"sportspress-fit-medium\":\"https:\\\/\\\/regese.ch\\\/fussball\\\/wp-content\\\/uploads\\\/2025\\\/09\\\/FCL-FCK05_27-09-25-34-300x200.jpg\",\"sportspress-fit-icon\":\"https:\\\/\\\/regese.ch\\\/fussball\\\/wp-content\\\/uploads\\\/2025\\\/09\\\/FCL-FCK05_27-09-25-34-128x85.jpg\",\"sportspress-fit-mini\":\"https:\\\/\\\/regese.ch\\\/fussball\\\/wp-content\\\/uploads\\\/2025\\\/09\\\/FCL-FCK05_27-09-25-34-32x21.jpg\",\"full\":\"https:\\\/\\\/regese.ch\\\/fussball\\\/wp-content\\\/uploads\\\/2025\\\/09\\\/FCL-FCK05_27-09-25-34.jpg\",\"index\":33,\"id\":21774,\"video\":false,\"opts\":{\"caption\":\"\",\"thumb\":\"https:\\\/\\\/regese.ch\\\/fussball\\\/wp-content\\\/uploads\\\/2025\\\/09\\\/FCL-FCK05_27-09-25-34-75x50_c.jpg\",\"title\":\"FCL - FCK05_27-09-25-34\"},\"gallery_id\":\"21800\"},{\"status\":\"active\",\"src\":\"https:\\\/\\\/regese.ch\\\/fussball\\\/wp-content\\\/uploads\\\/2025\\\/09\\\/FCL-FCK05_27-09-25-35.jpg\",\"title\":\"FCL - FCK05_27-09-25-35\",\"link\":\"https:\\\/\\\/regese.ch\\\/fussball\\\/wp-content\\\/uploads\\\/2025\\\/09\\\/FCL-FCK05_27-09-25-35.jpg\",\"alt\":\"\",\"caption\":false,\"thumb\":\"https:\\\/\\\/regese.ch\\\/fussball\\\/wp-content\\\/uploads\\\/2025\\\/09\\\/FCL-FCK05_27-09-25-35-75x50_c.jpg\",\"meta\":{\"aperture\":null,\"credit\":null,\"camera\":null,\"caption\":\"\",\"created_timestamp\":null,\"copyright\":null,\"focal_length\":null,\"iso\":null,\"shutter_speed\":null,\"title\":\"\",\"orientation\":null,\"keywords\":null,\"resized_images\":null},\"thumbnail\":\"https:\\\/\\\/regese.ch\\\/fussball\\\/wp-content\\\/uploads\\\/2025\\\/09\\\/FCL-FCK05_27-09-25-35-150x100.jpg\",\"medium\":\"https:\\\/\\\/regese.ch\\\/fussball\\\/wp-content\\\/uploads\\\/2025\\\/09\\\/FCL-FCK05_27-09-25-35-300x200.jpg\",\"medium_large\":\"https:\\\/\\\/regese.ch\\\/fussball\\\/wp-content\\\/uploads\\\/2025\\\/09\\\/FCL-FCK05_27-09-25-35-768x512.jpg\",\"large\":\"https:\\\/\\\/regese.ch\\\/fussball\\\/wp-content\\\/uploads\\\/2025\\\/09\\\/FCL-FCK05_27-09-25-35.jpg\",\"1536x1536\":\"https:\\\/\\\/regese.ch\\\/fussball\\\/wp-content\\\/uploads\\\/2025\\\/09\\\/FCL-FCK05_27-09-25-35-1536x1024.jpg\",\"2048x2048\":\"https:\\\/\\\/regese.ch\\\/fussball\\\/wp-content\\\/uploads\\\/2025\\\/09\\\/FCL-FCK05_27-09-25-35.jpg\",\"sportspress-crop-medium\":\"https:\\\/\\\/regese.ch\\\/fussball\\\/wp-content\\\/uploads\\\/2025\\\/09\\\/FCL-FCK05_27-09-25-35-300x300.jpg\",\"sportspress-fit-medium\":\"https:\\\/\\\/regese.ch\\\/fussball\\\/wp-content\\\/uploads\\\/2025\\\/09\\\/FCL-FCK05_27-09-25-35-300x200.jpg\",\"sportspress-fit-icon\":\"https:\\\/\\\/regese.ch\\\/fussball\\\/wp-content\\\/uploads\\\/2025\\\/09\\\/FCL-FCK05_27-09-25-35-128x85.jpg\",\"sportspress-fit-mini\":\"https:\\\/\\\/regese.ch\\\/fussball\\\/wp-content\\\/uploads\\\/2025\\\/09\\\/FCL-FCK05_27-09-25-35-32x21.jpg\",\"full\":\"https:\\\/\\\/regese.ch\\\/fussball\\\/wp-content\\\/uploads\\\/2025\\\/09\\\/FCL-FCK05_27-09-25-35.jpg\",\"index\":34,\"id\":21775,\"video\":false,\"opts\":{\"caption\":\"\",\"thumb\":\"https:\\\/\\\/regese.ch\\\/fussball\\\/wp-content\\\/uploads\\\/2025\\\/09\\\/FCL-FCK05_27-09-25-35-75x50_c.jpg\",\"title\":\"FCL - FCK05_27-09-25-35\"},\"gallery_id\":\"21800\"},{\"status\":\"active\",\"src\":\"https:\\\/\\\/regese.ch\\\/fussball\\\/wp-content\\\/uploads\\\/2025\\\/09\\\/FCL-FCK05_27-09-25-36.jpg\",\"title\":\"FCL - FCK05_27-09-25-36\",\"link\":\"https:\\\/\\\/regese.ch\\\/fussball\\\/wp-content\\\/uploads\\\/2025\\\/09\\\/FCL-FCK05_27-09-25-36.jpg\",\"alt\":\"\",\"caption\":false,\"thumb\":\"https:\\\/\\\/regese.ch\\\/fussball\\\/wp-content\\\/uploads\\\/2025\\\/09\\\/FCL-FCK05_27-09-25-36-75x50_c.jpg\",\"meta\":{\"aperture\":null,\"credit\":null,\"camera\":null,\"caption\":\"\",\"created_timestamp\":null,\"copyright\":null,\"focal_length\":null,\"iso\":null,\"shutter_speed\":null,\"title\":\"\",\"orientation\":null,\"keywords\":null,\"resized_images\":null},\"thumbnail\":\"https:\\\/\\\/regese.ch\\\/fussball\\\/wp-content\\\/uploads\\\/2025\\\/09\\\/FCL-FCK05_27-09-25-36-150x100.jpg\",\"medium\":\"https:\\\/\\\/regese.ch\\\/fussball\\\/wp-content\\\/uploads\\\/2025\\\/09\\\/FCL-FCK05_27-09-25-36-300x200.jpg\",\"medium_large\":\"https:\\\/\\\/regese.ch\\\/fussball\\\/wp-content\\\/uploads\\\/2025\\\/09\\\/FCL-FCK05_27-09-25-36-768x512.jpg\",\"large\":\"https:\\\/\\\/regese.ch\\\/fussball\\\/wp-content\\\/uploads\\\/2025\\\/09\\\/FCL-FCK05_27-09-25-36.jpg\",\"1536x1536\":\"https:\\\/\\\/regese.ch\\\/fussball\\\/wp-content\\\/uploads\\\/2025\\\/09\\\/FCL-FCK05_27-09-25-36-1536x1024.jpg\",\"2048x2048\":\"https:\\\/\\\/regese.ch\\\/fussball\\\/wp-content\\\/uploads\\\/2025\\\/09\\\/FCL-FCK05_27-09-25-36.jpg\",\"sportspress-crop-medium\":\"https:\\\/\\\/regese.ch\\\/fussball\\\/wp-content\\\/uploads\\\/2025\\\/09\\\/FCL-FCK05_27-09-25-36-300x300.jpg\",\"sportspress-fit-medium\":\"https:\\\/\\\/regese.ch\\\/fussball\\\/wp-content\\\/uploads\\\/2025\\\/09\\\/FCL-FCK05_27-09-25-36-300x200.jpg\",\"sportspress-fit-icon\":\"https:\\\/\\\/regese.ch\\\/fussball\\\/wp-content\\\/uploads\\\/2025\\\/09\\\/FCL-FCK05_27-09-25-36-128x85.jpg\",\"sportspress-fit-mini\":\"https:\\\/\\\/regese.ch\\\/fussball\\\/wp-content\\\/uploads\\\/2025\\\/09\\\/FCL-FCK05_27-09-25-36-32x21.jpg\",\"full\":\"https:\\\/\\\/regese.ch\\\/fussball\\\/wp-content\\\/uploads\\\/2025\\\/09\\\/FCL-FCK05_27-09-25-36.jpg\",\"index\":35,\"id\":21776,\"video\":false,\"opts\":{\"caption\":\"\",\"thumb\":\"https:\\\/\\\/regese.ch\\\/fussball\\\/wp-content\\\/uploads\\\/2025\\\/09\\\/FCL-FCK05_27-09-25-36-75x50_c.jpg\",\"title\":\"FCL - FCK05_27-09-25-36\"},\"gallery_id\":\"21800\"},{\"status\":\"active\",\"src\":\"https:\\\/\\\/regese.ch\\\/fussball\\\/wp-content\\\/uploads\\\/2025\\\/09\\\/FCL-FCK05_27-09-25-37.jpg\",\"title\":\"FCL - FCK05_27-09-25-37\",\"link\":\"https:\\\/\\\/regese.ch\\\/fussball\\\/wp-content\\\/uploads\\\/2025\\\/09\\\/FCL-FCK05_27-09-25-37.jpg\",\"alt\":\"\",\"caption\":false,\"thumb\":\"https:\\\/\\\/regese.ch\\\/fussball\\\/wp-content\\\/uploads\\\/2025\\\/09\\\/FCL-FCK05_27-09-25-37-75x50_c.jpg\",\"meta\":{\"aperture\":null,\"credit\":null,\"camera\":null,\"caption\":\"\",\"created_timestamp\":null,\"copyright\":null,\"focal_length\":null,\"iso\":null,\"shutter_speed\":null,\"title\":\"\",\"orientation\":null,\"keywords\":null,\"resized_images\":null},\"thumbnail\":\"https:\\\/\\\/regese.ch\\\/fussball\\\/wp-content\\\/uploads\\\/2025\\\/09\\\/FCL-FCK05_27-09-25-37-150x100.jpg\",\"medium\":\"https:\\\/\\\/regese.ch\\\/fussball\\\/wp-content\\\/uploads\\\/2025\\\/09\\\/FCL-FCK05_27-09-25-37-300x200.jpg\",\"medium_large\":\"https:\\\/\\\/regese.ch\\\/fussball\\\/wp-content\\\/uploads\\\/2025\\\/09\\\/FCL-FCK05_27-09-25-37-768x512.jpg\",\"large\":\"https:\\\/\\\/regese.ch\\\/fussball\\\/wp-content\\\/uploads\\\/2025\\\/09\\\/FCL-FCK05_27-09-25-37.jpg\",\"1536x1536\":\"https:\\\/\\\/regese.ch\\\/fussball\\\/wp-content\\\/uploads\\\/2025\\\/09\\\/FCL-FCK05_27-09-25-37-1536x1024.jpg\",\"2048x2048\":\"https:\\\/\\\/regese.ch\\\/fussball\\\/wp-content\\\/uploads\\\/2025\\\/09\\\/FCL-FCK05_27-09-25-37.jpg\",\"sportspress-crop-medium\":\"https:\\\/\\\/regese.ch\\\/fussball\\\/wp-content\\\/uploads\\\/2025\\\/09\\\/FCL-FCK05_27-09-25-37-300x300.jpg\",\"sportspress-fit-medium\":\"https:\\\/\\\/regese.ch\\\/fussball\\\/wp-content\\\/uploads\\\/2025\\\/09\\\/FCL-FCK05_27-09-25-37-300x200.jpg\",\"sportspress-fit-icon\":\"https:\\\/\\\/regese.ch\\\/fussball\\\/wp-content\\\/uploads\\\/2025\\\/09\\\/FCL-FCK05_27-09-25-37-128x85.jpg\",\"sportspress-fit-mini\":\"https:\\\/\\\/regese.ch\\\/fussball\\\/wp-content\\\/uploads\\\/2025\\\/09\\\/FCL-FCK05_27-09-25-37-32x21.jpg\",\"full\":\"https:\\\/\\\/regese.ch\\\/fussball\\\/wp-content\\\/uploads\\\/2025\\\/09\\\/FCL-FCK05_27-09-25-37.jpg\",\"index\":36,\"id\":21777,\"video\":false,\"opts\":{\"caption\":\"\",\"thumb\":\"https:\\\/\\\/regese.ch\\\/fussball\\\/wp-content\\\/uploads\\\/2025\\\/09\\\/FCL-FCK05_27-09-25-37-75x50_c.jpg\",\"title\":\"FCL - FCK05_27-09-25-37\"},\"gallery_id\":\"21800\"},{\"status\":\"active\",\"src\":\"https:\\\/\\\/regese.ch\\\/fussball\\\/wp-content\\\/uploads\\\/2025\\\/09\\\/FCL-FCK05_27-09-25-38.jpg\",\"title\":\"FCL - FCK05_27-09-25-38\",\"link\":\"https:\\\/\\\/regese.ch\\\/fussball\\\/wp-content\\\/uploads\\\/2025\\\/09\\\/FCL-FCK05_27-09-25-38.jpg\",\"alt\":\"\",\"caption\":false,\"thumb\":\"https:\\\/\\\/regese.ch\\\/fussball\\\/wp-content\\\/uploads\\\/2025\\\/09\\\/FCL-FCK05_27-09-25-38-75x50_c.jpg\",\"meta\":{\"aperture\":null,\"credit\":null,\"camera\":null,\"caption\":\"\",\"created_timestamp\":null,\"copyright\":null,\"focal_length\":null,\"iso\":null,\"shutter_speed\":null,\"title\":\"\",\"orientation\":null,\"keywords\":null,\"resized_images\":null},\"thumbnail\":\"https:\\\/\\\/regese.ch\\\/fussball\\\/wp-content\\\/uploads\\\/2025\\\/09\\\/FCL-FCK05_27-09-25-38-150x100.jpg\",\"medium\":\"https:\\\/\\\/regese.ch\\\/fussball\\\/wp-content\\\/uploads\\\/2025\\\/09\\\/FCL-FCK05_27-09-25-38-300x200.jpg\",\"medium_large\":\"https:\\\/\\\/regese.ch\\\/fussball\\\/wp-content\\\/uploads\\\/2025\\\/09\\\/FCL-FCK05_27-09-25-38-768x512.jpg\",\"large\":\"https:\\\/\\\/regese.ch\\\/fussball\\\/wp-content\\\/uploads\\\/2025\\\/09\\\/FCL-FCK05_27-09-25-38.jpg\",\"1536x1536\":\"https:\\\/\\\/regese.ch\\\/fussball\\\/wp-content\\\/uploads\\\/2025\\\/09\\\/FCL-FCK05_27-09-25-38-1536x1024.jpg\",\"2048x2048\":\"https:\\\/\\\/regese.ch\\\/fussball\\\/wp-content\\\/uploads\\\/2025\\\/09\\\/FCL-FCK05_27-09-25-38.jpg\",\"sportspress-crop-medium\":\"https:\\\/\\\/regese.ch\\\/fussball\\\/wp-content\\\/uploads\\\/2025\\\/09\\\/FCL-FCK05_27-09-25-38-300x300.jpg\",\"sportspress-fit-medium\":\"https:\\\/\\\/regese.ch\\\/fussball\\\/wp-content\\\/uploads\\\/2025\\\/09\\\/FCL-FCK05_27-09-25-38-300x200.jpg\",\"sportspress-fit-icon\":\"https:\\\/\\\/regese.ch\\\/fussball\\\/wp-content\\\/uploads\\\/2025\\\/09\\\/FCL-FCK05_27-09-25-38-128x85.jpg\",\"sportspress-fit-mini\":\"https:\\\/\\\/regese.ch\\\/fussball\\\/wp-content\\\/uploads\\\/2025\\\/09\\\/FCL-FCK05_27-09-25-38-32x21.jpg\",\"full\":\"https:\\\/\\\/regese.ch\\\/fussball\\\/wp-content\\\/uploads\\\/2025\\\/09\\\/FCL-FCK05_27-09-25-38.jpg\",\"index\":37,\"id\":21778,\"video\":false,\"opts\":{\"caption\":\"\",\"thumb\":\"https:\\\/\\\/regese.ch\\\/fussball\\\/wp-content\\\/uploads\\\/2025\\\/09\\\/FCL-FCK05_27-09-25-38-75x50_c.jpg\",\"title\":\"FCL - FCK05_27-09-25-38\"},\"gallery_id\":\"21800\"},{\"status\":\"active\",\"src\":\"https:\\\/\\\/regese.ch\\\/fussball\\\/wp-content\\\/uploads\\\/2025\\\/09\\\/FCL-FCK05_27-09-25-39.jpg\",\"title\":\"FCL - FCK05_27-09-25-39\",\"link\":\"https:\\\/\\\/regese.ch\\\/fussball\\\/wp-content\\\/uploads\\\/2025\\\/09\\\/FCL-FCK05_27-09-25-39.jpg\",\"alt\":\"\",\"caption\":false,\"thumb\":\"https:\\\/\\\/regese.ch\\\/fussball\\\/wp-content\\\/uploads\\\/2025\\\/09\\\/FCL-FCK05_27-09-25-39-75x50_c.jpg\",\"meta\":{\"aperture\":null,\"credit\":null,\"camera\":null,\"caption\":\"\",\"created_timestamp\":null,\"copyright\":null,\"focal_length\":null,\"iso\":null,\"shutter_speed\":null,\"title\":\"\",\"orientation\":null,\"keywords\":null,\"resized_images\":null},\"thumbnail\":\"https:\\\/\\\/regese.ch\\\/fussball\\\/wp-content\\\/uploads\\\/2025\\\/09\\\/FCL-FCK05_27-09-25-39-150x100.jpg\",\"medium\":\"https:\\\/\\\/regese.ch\\\/fussball\\\/wp-content\\\/uploads\\\/2025\\\/09\\\/FCL-FCK05_27-09-25-39-300x200.jpg\",\"medium_large\":\"https:\\\/\\\/regese.ch\\\/fussball\\\/wp-content\\\/uploads\\\/2025\\\/09\\\/FCL-FCK05_27-09-25-39-768x512.jpg\",\"large\":\"https:\\\/\\\/regese.ch\\\/fussball\\\/wp-content\\\/uploads\\\/2025\\\/09\\\/FCL-FCK05_27-09-25-39.jpg\",\"1536x1536\":\"https:\\\/\\\/regese.ch\\\/fussball\\\/wp-content\\\/uploads\\\/2025\\\/09\\\/FCL-FCK05_27-09-25-39-1536x1024.jpg\",\"2048x2048\":\"https:\\\/\\\/regese.ch\\\/fussball\\\/wp-content\\\/uploads\\\/2025\\\/09\\\/FCL-FCK05_27-09-25-39.jpg\",\"sportspress-crop-medium\":\"https:\\\/\\\/regese.ch\\\/fussball\\\/wp-content\\\/uploads\\\/2025\\\/09\\\/FCL-FCK05_27-09-25-39-300x300.jpg\",\"sportspress-fit-medium\":\"https:\\\/\\\/regese.ch\\\/fussball\\\/wp-content\\\/uploads\\\/2025\\\/09\\\/FCL-FCK05_27-09-25-39-300x200.jpg\",\"sportspress-fit-icon\":\"https:\\\/\\\/regese.ch\\\/fussball\\\/wp-content\\\/uploads\\\/2025\\\/09\\\/FCL-FCK05_27-09-25-39-128x85.jpg\",\"sportspress-fit-mini\":\"https:\\\/\\\/regese.ch\\\/fussball\\\/wp-content\\\/uploads\\\/2025\\\/09\\\/FCL-FCK05_27-09-25-39-32x21.jpg\",\"full\":\"https:\\\/\\\/regese.ch\\\/fussball\\\/wp-content\\\/uploads\\\/2025\\\/09\\\/FCL-FCK05_27-09-25-39.jpg\",\"index\":38,\"id\":21779,\"video\":false,\"opts\":{\"caption\":\"\",\"thumb\":\"https:\\\/\\\/regese.ch\\\/fussball\\\/wp-content\\\/uploads\\\/2025\\\/09\\\/FCL-FCK05_27-09-25-39-75x50_c.jpg\",\"title\":\"FCL - FCK05_27-09-25-39\"},\"gallery_id\":\"21800\"},{\"status\":\"active\",\"src\":\"https:\\\/\\\/regese.ch\\\/fussball\\\/wp-content\\\/uploads\\\/2025\\\/09\\\/FCL-FCK05_27-09-25-40.jpg\",\"title\":\"FCL - FCK05_27-09-25-40\",\"link\":\"https:\\\/\\\/regese.ch\\\/fussball\\\/wp-content\\\/uploads\\\/2025\\\/09\\\/FCL-FCK05_27-09-25-40.jpg\",\"alt\":\"\",\"caption\":false,\"thumb\":\"https:\\\/\\\/regese.ch\\\/fussball\\\/wp-content\\\/uploads\\\/2025\\\/09\\\/FCL-FCK05_27-09-25-40-75x50_c.jpg\",\"meta\":{\"aperture\":null,\"credit\":null,\"camera\":null,\"caption\":\"\",\"created_timestamp\":null,\"copyright\":null,\"focal_length\":null,\"iso\":null,\"shutter_speed\":null,\"title\":\"\",\"orientation\":null,\"keywords\":null,\"resized_images\":null},\"thumbnail\":\"https:\\\/\\\/regese.ch\\\/fussball\\\/wp-content\\\/uploads\\\/2025\\\/09\\\/FCL-FCK05_27-09-25-40-150x100.jpg\",\"medium\":\"https:\\\/\\\/regese.ch\\\/fussball\\\/wp-content\\\/uploads\\\/2025\\\/09\\\/FCL-FCK05_27-09-25-40-300x200.jpg\",\"medium_large\":\"https:\\\/\\\/regese.ch\\\/fussball\\\/wp-content\\\/uploads\\\/2025\\\/09\\\/FCL-FCK05_27-09-25-40-768x512.jpg\",\"large\":\"https:\\\/\\\/regese.ch\\\/fussball\\\/wp-content\\\/uploads\\\/2025\\\/09\\\/FCL-FCK05_27-09-25-40.jpg\",\"1536x1536\":\"https:\\\/\\\/regese.ch\\\/fussball\\\/wp-content\\\/uploads\\\/2025\\\/09\\\/FCL-FCK05_27-09-25-40-1536x1024.jpg\",\"2048x2048\":\"https:\\\/\\\/regese.ch\\\/fussball\\\/wp-content\\\/uploads\\\/2025\\\/09\\\/FCL-FCK05_27-09-25-40.jpg\",\"sportspress-crop-medium\":\"https:\\\/\\\/regese.ch\\\/fussball\\\/wp-content\\\/uploads\\\/2025\\\/09\\\/FCL-FCK05_27-09-25-40-300x300.jpg\",\"sportspress-fit-medium\":\"https:\\\/\\\/regese.ch\\\/fussball\\\/wp-content\\\/uploads\\\/2025\\\/09\\\/FCL-FCK05_27-09-25-40-300x200.jpg\",\"sportspress-fit-icon\":\"https:\\\/\\\/regese.ch\\\/fussball\\\/wp-content\\\/uploads\\\/2025\\\/09\\\/FCL-FCK05_27-09-25-40-128x85.jpg\",\"sportspress-fit-mini\":\"https:\\\/\\\/regese.ch\\\/fussball\\\/wp-content\\\/uploads\\\/2025\\\/09\\\/FCL-FCK05_27-09-25-40-32x21.jpg\",\"full\":\"https:\\\/\\\/regese.ch\\\/fussball\\\/wp-content\\\/uploads\\\/2025\\\/09\\\/FCL-FCK05_27-09-25-40.jpg\",\"index\":39,\"id\":21780,\"video\":false,\"opts\":{\"caption\":\"\",\"thumb\":\"https:\\\/\\\/regese.ch\\\/fussball\\\/wp-content\\\/uploads\\\/2025\\\/09\\\/FCL-FCK05_27-09-25-40-75x50_c.jpg\",\"title\":\"FCL - FCK05_27-09-25-40\"},\"gallery_id\":\"21800\"},{\"status\":\"active\",\"src\":\"https:\\\/\\\/regese.ch\\\/fussball\\\/wp-content\\\/uploads\\\/2025\\\/09\\\/FCL-FCK05_27-09-25-41.jpg\",\"title\":\"FCL - FCK05_27-09-25-41\",\"link\":\"https:\\\/\\\/regese.ch\\\/fussball\\\/wp-content\\\/uploads\\\/2025\\\/09\\\/FCL-FCK05_27-09-25-41.jpg\",\"alt\":\"\",\"caption\":false,\"thumb\":\"https:\\\/\\\/regese.ch\\\/fussball\\\/wp-content\\\/uploads\\\/2025\\\/09\\\/FCL-FCK05_27-09-25-41-75x50_c.jpg\",\"meta\":{\"aperture\":null,\"credit\":null,\"camera\":null,\"caption\":\"\",\"created_timestamp\":null,\"copyright\":null,\"focal_length\":null,\"iso\":null,\"shutter_speed\":null,\"title\":\"\",\"orientation\":null,\"keywords\":null,\"resized_images\":null},\"thumbnail\":\"https:\\\/\\\/regese.ch\\\/fussball\\\/wp-content\\\/uploads\\\/2025\\\/09\\\/FCL-FCK05_27-09-25-41-150x100.jpg\",\"medium\":\"https:\\\/\\\/regese.ch\\\/fussball\\\/wp-content\\\/uploads\\\/2025\\\/09\\\/FCL-FCK05_27-09-25-41-300x200.jpg\",\"medium_large\":\"https:\\\/\\\/regese.ch\\\/fussball\\\/wp-content\\\/uploads\\\/2025\\\/09\\\/FCL-FCK05_27-09-25-41-768x512.jpg\",\"large\":\"https:\\\/\\\/regese.ch\\\/fussball\\\/wp-content\\\/uploads\\\/2025\\\/09\\\/FCL-FCK05_27-09-25-41.jpg\",\"1536x1536\":\"https:\\\/\\\/regese.ch\\\/fussball\\\/wp-content\\\/uploads\\\/2025\\\/09\\\/FCL-FCK05_27-09-25-41-1536x1024.jpg\",\"2048x2048\":\"https:\\\/\\\/regese.ch\\\/fussball\\\/wp-content\\\/uploads\\\/2025\\\/09\\\/FCL-FCK05_27-09-25-41.jpg\",\"sportspress-crop-medium\":\"https:\\\/\\\/regese.ch\\\/fussball\\\/wp-content\\\/uploads\\\/2025\\\/09\\\/FCL-FCK05_27-09-25-41-300x300.jpg\",\"sportspress-fit-medium\":\"https:\\\/\\\/regese.ch\\\/fussball\\\/wp-content\\\/uploads\\\/2025\\\/09\\\/FCL-FCK05_27-09-25-41-300x200.jpg\",\"sportspress-fit-icon\":\"https:\\\/\\\/regese.ch\\\/fussball\\\/wp-content\\\/uploads\\\/2025\\\/09\\\/FCL-FCK05_27-09-25-41-128x85.jpg\",\"sportspress-fit-mini\":\"https:\\\/\\\/regese.ch\\\/fussball\\\/wp-content\\\/uploads\\\/2025\\\/09\\\/FCL-FCK05_27-09-25-41-32x21.jpg\",\"full\":\"https:\\\/\\\/regese.ch\\\/fussball\\\/wp-content\\\/uploads\\\/2025\\\/09\\\/FCL-FCK05_27-09-25-41.jpg\",\"index\":40,\"id\":21781,\"video\":false,\"opts\":{\"caption\":\"\",\"thumb\":\"https:\\\/\\\/regese.ch\\\/fussball\\\/wp-content\\\/uploads\\\/2025\\\/09\\\/FCL-FCK05_27-09-25-41-75x50_c.jpg\",\"title\":\"FCL - FCK05_27-09-25-41\"},\"gallery_id\":\"21800\"},{\"status\":\"active\",\"src\":\"https:\\\/\\\/regese.ch\\\/fussball\\\/wp-content\\\/uploads\\\/2025\\\/09\\\/FCL-FCK05_27-09-25-42.jpg\",\"title\":\"FCL - FCK05_27-09-25-42\",\"link\":\"https:\\\/\\\/regese.ch\\\/fussball\\\/wp-content\\\/uploads\\\/2025\\\/09\\\/FCL-FCK05_27-09-25-42.jpg\",\"alt\":\"\",\"caption\":false,\"thumb\":\"https:\\\/\\\/regese.ch\\\/fussball\\\/wp-content\\\/uploads\\\/2025\\\/09\\\/FCL-FCK05_27-09-25-42-75x50_c.jpg\",\"meta\":{\"aperture\":null,\"credit\":null,\"camera\":null,\"caption\":\"\",\"created_timestamp\":null,\"copyright\":null,\"focal_length\":null,\"iso\":null,\"shutter_speed\":null,\"title\":\"\",\"orientation\":null,\"keywords\":null,\"resized_images\":null},\"thumbnail\":\"https:\\\/\\\/regese.ch\\\/fussball\\\/wp-content\\\/uploads\\\/2025\\\/09\\\/FCL-FCK05_27-09-25-42-150x100.jpg\",\"medium\":\"https:\\\/\\\/regese.ch\\\/fussball\\\/wp-content\\\/uploads\\\/2025\\\/09\\\/FCL-FCK05_27-09-25-42-300x200.jpg\",\"medium_large\":\"https:\\\/\\\/regese.ch\\\/fussball\\\/wp-content\\\/uploads\\\/2025\\\/09\\\/FCL-FCK05_27-09-25-42-768x512.jpg\",\"large\":\"https:\\\/\\\/regese.ch\\\/fussball\\\/wp-content\\\/uploads\\\/2025\\\/09\\\/FCL-FCK05_27-09-25-42.jpg\",\"1536x1536\":\"https:\\\/\\\/regese.ch\\\/fussball\\\/wp-content\\\/uploads\\\/2025\\\/09\\\/FCL-FCK05_27-09-25-42-1536x1024.jpg\",\"2048x2048\":\"https:\\\/\\\/regese.ch\\\/fussball\\\/wp-content\\\/uploads\\\/2025\\\/09\\\/FCL-FCK05_27-09-25-42.jpg\",\"sportspress-crop-medium\":\"https:\\\/\\\/regese.ch\\\/fussball\\\/wp-content\\\/uploads\\\/2025\\\/09\\\/FCL-FCK05_27-09-25-42-300x300.jpg\",\"sportspress-fit-medium\":\"https:\\\/\\\/regese.ch\\\/fussball\\\/wp-content\\\/uploads\\\/2025\\\/09\\\/FCL-FCK05_27-09-25-42-300x200.jpg\",\"sportspress-fit-icon\":\"https:\\\/\\\/regese.ch\\\/fussball\\\/wp-content\\\/uploads\\\/2025\\\/09\\\/FCL-FCK05_27-09-25-42-128x85.jpg\",\"sportspress-fit-mini\":\"https:\\\/\\\/regese.ch\\\/fussball\\\/wp-content\\\/uploads\\\/2025\\\/09\\\/FCL-FCK05_27-09-25-42-32x21.jpg\",\"full\":\"https:\\\/\\\/regese.ch\\\/fussball\\\/wp-content\\\/uploads\\\/2025\\\/09\\\/FCL-FCK05_27-09-25-42.jpg\",\"index\":41,\"id\":21782,\"video\":false,\"opts\":{\"caption\":\"\",\"thumb\":\"https:\\\/\\\/regese.ch\\\/fussball\\\/wp-content\\\/uploads\\\/2025\\\/09\\\/FCL-FCK05_27-09-25-42-75x50_c.jpg\",\"title\":\"FCL - FCK05_27-09-25-42\"},\"gallery_id\":\"21800\"},{\"status\":\"active\",\"src\":\"https:\\\/\\\/regese.ch\\\/fussball\\\/wp-content\\\/uploads\\\/2025\\\/09\\\/FCL-FCK05_27-09-25-43.jpg\",\"title\":\"FCL - FCK05_27-09-25-43\",\"link\":\"https:\\\/\\\/regese.ch\\\/fussball\\\/wp-content\\\/uploads\\\/2025\\\/09\\\/FCL-FCK05_27-09-25-43.jpg\",\"alt\":\"\",\"caption\":false,\"thumb\":\"https:\\\/\\\/regese.ch\\\/fussball\\\/wp-content\\\/uploads\\\/2025\\\/09\\\/FCL-FCK05_27-09-25-43-75x50_c.jpg\",\"meta\":{\"aperture\":null,\"credit\":null,\"camera\":null,\"caption\":\"\",\"created_timestamp\":null,\"copyright\":null,\"focal_length\":null,\"iso\":null,\"shutter_speed\":null,\"title\":\"\",\"orientation\":null,\"keywords\":null,\"resized_images\":null},\"thumbnail\":\"https:\\\/\\\/regese.ch\\\/fussball\\\/wp-content\\\/uploads\\\/2025\\\/09\\\/FCL-FCK05_27-09-25-43-150x100.jpg\",\"medium\":\"https:\\\/\\\/regese.ch\\\/fussball\\\/wp-content\\\/uploads\\\/2025\\\/09\\\/FCL-FCK05_27-09-25-43-300x200.jpg\",\"medium_large\":\"https:\\\/\\\/regese.ch\\\/fussball\\\/wp-content\\\/uploads\\\/2025\\\/09\\\/FCL-FCK05_27-09-25-43-768x512.jpg\",\"large\":\"https:\\\/\\\/regese.ch\\\/fussball\\\/wp-content\\\/uploads\\\/2025\\\/09\\\/FCL-FCK05_27-09-25-43.jpg\",\"1536x1536\":\"https:\\\/\\\/regese.ch\\\/fussball\\\/wp-content\\\/uploads\\\/2025\\\/09\\\/FCL-FCK05_27-09-25-43-1536x1024.jpg\",\"2048x2048\":\"https:\\\/\\\/regese.ch\\\/fussball\\\/wp-content\\\/uploads\\\/2025\\\/09\\\/FCL-FCK05_27-09-25-43.jpg\",\"sportspress-crop-medium\":\"https:\\\/\\\/regese.ch\\\/fussball\\\/wp-content\\\/uploads\\\/2025\\\/09\\\/FCL-FCK05_27-09-25-43-300x300.jpg\",\"sportspress-fit-medium\":\"https:\\\/\\\/regese.ch\\\/fussball\\\/wp-content\\\/uploads\\\/2025\\\/09\\\/FCL-FCK05_27-09-25-43-300x200.jpg\",\"sportspress-fit-icon\":\"https:\\\/\\\/regese.ch\\\/fussball\\\/wp-content\\\/uploads\\\/2025\\\/09\\\/FCL-FCK05_27-09-25-43-128x85.jpg\",\"sportspress-fit-mini\":\"https:\\\/\\\/regese.ch\\\/fussball\\\/wp-content\\\/uploads\\\/2025\\\/09\\\/FCL-FCK05_27-09-25-43-32x21.jpg\",\"full\":\"https:\\\/\\\/regese.ch\\\/fussball\\\/wp-content\\\/uploads\\\/2025\\\/09\\\/FCL-FCK05_27-09-25-43.jpg\",\"index\":42,\"id\":21783,\"video\":false,\"opts\":{\"caption\":\"\",\"thumb\":\"https:\\\/\\\/regese.ch\\\/fussball\\\/wp-content\\\/uploads\\\/2025\\\/09\\\/FCL-FCK05_27-09-25-43-75x50_c.jpg\",\"title\":\"FCL - FCK05_27-09-25-43\"},\"gallery_id\":\"21800\"},{\"status\":\"active\",\"src\":\"https:\\\/\\\/regese.ch\\\/fussball\\\/wp-content\\\/uploads\\\/2025\\\/09\\\/FCL-FCK05_27-09-25-44.jpg\",\"title\":\"FCL - FCK05_27-09-25-44\",\"link\":\"https:\\\/\\\/regese.ch\\\/fussball\\\/wp-content\\\/uploads\\\/2025\\\/09\\\/FCL-FCK05_27-09-25-44.jpg\",\"alt\":\"\",\"caption\":false,\"thumb\":\"https:\\\/\\\/regese.ch\\\/fussball\\\/wp-content\\\/uploads\\\/2025\\\/09\\\/FCL-FCK05_27-09-25-44-75x50_c.jpg\",\"meta\":{\"aperture\":null,\"credit\":null,\"camera\":null,\"caption\":\"\",\"created_timestamp\":null,\"copyright\":null,\"focal_length\":null,\"iso\":null,\"shutter_speed\":null,\"title\":\"\",\"orientation\":null,\"keywords\":null,\"resized_images\":null},\"thumbnail\":\"https:\\\/\\\/regese.ch\\\/fussball\\\/wp-content\\\/uploads\\\/2025\\\/09\\\/FCL-FCK05_27-09-25-44-150x100.jpg\",\"medium\":\"https:\\\/\\\/regese.ch\\\/fussball\\\/wp-content\\\/uploads\\\/2025\\\/09\\\/FCL-FCK05_27-09-25-44-300x200.jpg\",\"medium_large\":\"https:\\\/\\\/regese.ch\\\/fussball\\\/wp-content\\\/uploads\\\/2025\\\/09\\\/FCL-FCK05_27-09-25-44-768x512.jpg\",\"large\":\"https:\\\/\\\/regese.ch\\\/fussball\\\/wp-content\\\/uploads\\\/2025\\\/09\\\/FCL-FCK05_27-09-25-44.jpg\",\"1536x1536\":\"https:\\\/\\\/regese.ch\\\/fussball\\\/wp-content\\\/uploads\\\/2025\\\/09\\\/FCL-FCK05_27-09-25-44-1536x1024.jpg\",\"2048x2048\":\"https:\\\/\\\/regese.ch\\\/fussball\\\/wp-content\\\/uploads\\\/2025\\\/09\\\/FCL-FCK05_27-09-25-44.jpg\",\"sportspress-crop-medium\":\"https:\\\/\\\/regese.ch\\\/fussball\\\/wp-content\\\/uploads\\\/2025\\\/09\\\/FCL-FCK05_27-09-25-44-300x300.jpg\",\"sportspress-fit-medium\":\"https:\\\/\\\/regese.ch\\\/fussball\\\/wp-content\\\/uploads\\\/2025\\\/09\\\/FCL-FCK05_27-09-25-44-300x200.jpg\",\"sportspress-fit-icon\":\"https:\\\/\\\/regese.ch\\\/fussball\\\/wp-content\\\/uploads\\\/2025\\\/09\\\/FCL-FCK05_27-09-25-44-128x85.jpg\",\"sportspress-fit-mini\":\"https:\\\/\\\/regese.ch\\\/fussball\\\/wp-content\\\/uploads\\\/2025\\\/09\\\/FCL-FCK05_27-09-25-44-32x21.jpg\",\"full\":\"https:\\\/\\\/regese.ch\\\/fussball\\\/wp-content\\\/uploads\\\/2025\\\/09\\\/FCL-FCK05_27-09-25-44.jpg\",\"index\":43,\"id\":21784,\"video\":false,\"opts\":{\"caption\":\"\",\"thumb\":\"https:\\\/\\\/regese.ch\\\/fussball\\\/wp-content\\\/uploads\\\/2025\\\/09\\\/FCL-FCK05_27-09-25-44-75x50_c.jpg\",\"title\":\"FCL - FCK05_27-09-25-44\"},\"gallery_id\":\"21800\"},{\"status\":\"active\",\"src\":\"https:\\\/\\\/regese.ch\\\/fussball\\\/wp-content\\\/uploads\\\/2025\\\/09\\\/FCL-FCK05_27-09-25-45.jpg\",\"title\":\"FCL - FCK05_27-09-25-45\",\"link\":\"https:\\\/\\\/regese.ch\\\/fussball\\\/wp-content\\\/uploads\\\/2025\\\/09\\\/FCL-FCK05_27-09-25-45.jpg\",\"alt\":\"\",\"caption\":false,\"thumb\":\"https:\\\/\\\/regese.ch\\\/fussball\\\/wp-content\\\/uploads\\\/2025\\\/09\\\/FCL-FCK05_27-09-25-45-75x50_c.jpg\",\"meta\":{\"aperture\":null,\"credit\":null,\"camera\":null,\"caption\":\"\",\"created_timestamp\":null,\"copyright\":null,\"focal_length\":null,\"iso\":null,\"shutter_speed\":null,\"title\":\"\",\"orientation\":null,\"keywords\":null,\"resized_images\":null},\"thumbnail\":\"https:\\\/\\\/regese.ch\\\/fussball\\\/wp-content\\\/uploads\\\/2025\\\/09\\\/FCL-FCK05_27-09-25-45-150x100.jpg\",\"medium\":\"https:\\\/\\\/regese.ch\\\/fussball\\\/wp-content\\\/uploads\\\/2025\\\/09\\\/FCL-FCK05_27-09-25-45-300x200.jpg\",\"medium_large\":\"https:\\\/\\\/regese.ch\\\/fussball\\\/wp-content\\\/uploads\\\/2025\\\/09\\\/FCL-FCK05_27-09-25-45-768x512.jpg\",\"large\":\"https:\\\/\\\/regese.ch\\\/fussball\\\/wp-content\\\/uploads\\\/2025\\\/09\\\/FCL-FCK05_27-09-25-45.jpg\",\"1536x1536\":\"https:\\\/\\\/regese.ch\\\/fussball\\\/wp-content\\\/uploads\\\/2025\\\/09\\\/FCL-FCK05_27-09-25-45-1536x1024.jpg\",\"2048x2048\":\"https:\\\/\\\/regese.ch\\\/fussball\\\/wp-content\\\/uploads\\\/2025\\\/09\\\/FCL-FCK05_27-09-25-45.jpg\",\"sportspress-crop-medium\":\"https:\\\/\\\/regese.ch\\\/fussball\\\/wp-content\\\/uploads\\\/2025\\\/09\\\/FCL-FCK05_27-09-25-45-300x300.jpg\",\"sportspress-fit-medium\":\"https:\\\/\\\/regese.ch\\\/fussball\\\/wp-content\\\/uploads\\\/2025\\\/09\\\/FCL-FCK05_27-09-25-45-300x200.jpg\",\"sportspress-fit-icon\":\"https:\\\/\\\/regese.ch\\\/fussball\\\/wp-content\\\/uploads\\\/2025\\\/09\\\/FCL-FCK05_27-09-25-45-128x85.jpg\",\"sportspress-fit-mini\":\"https:\\\/\\\/regese.ch\\\/fussball\\\/wp-content\\\/uploads\\\/2025\\\/09\\\/FCL-FCK05_27-09-25-45-32x21.jpg\",\"full\":\"https:\\\/\\\/regese.ch\\\/fussball\\\/wp-content\\\/uploads\\\/2025\\\/09\\\/FCL-FCK05_27-09-25-45.jpg\",\"index\":44,\"id\":21785,\"video\":false,\"opts\":{\"caption\":\"\",\"thumb\":\"https:\\\/\\\/regese.ch\\\/fussball\\\/wp-content\\\/uploads\\\/2025\\\/09\\\/FCL-FCK05_27-09-25-45-75x50_c.jpg\",\"title\":\"FCL - FCK05_27-09-25-45\"},\"gallery_id\":\"21800\"},{\"status\":\"active\",\"src\":\"https:\\\/\\\/regese.ch\\\/fussball\\\/wp-content\\\/uploads\\\/2025\\\/09\\\/FCL-FCK05_27-09-25-46.jpg\",\"title\":\"FCL - FCK05_27-09-25-46\",\"link\":\"https:\\\/\\\/regese.ch\\\/fussball\\\/wp-content\\\/uploads\\\/2025\\\/09\\\/FCL-FCK05_27-09-25-46.jpg\",\"alt\":\"\",\"caption\":false,\"thumb\":\"https:\\\/\\\/regese.ch\\\/fussball\\\/wp-content\\\/uploads\\\/2025\\\/09\\\/FCL-FCK05_27-09-25-46-75x50_c.jpg\",\"meta\":{\"aperture\":null,\"credit\":null,\"camera\":null,\"caption\":\"\",\"created_timestamp\":null,\"copyright\":null,\"focal_length\":null,\"iso\":null,\"shutter_speed\":null,\"title\":\"\",\"orientation\":null,\"keywords\":null,\"resized_images\":null},\"thumbnail\":\"https:\\\/\\\/regese.ch\\\/fussball\\\/wp-content\\\/uploads\\\/2025\\\/09\\\/FCL-FCK05_27-09-25-46-150x100.jpg\",\"medium\":\"https:\\\/\\\/regese.ch\\\/fussball\\\/wp-content\\\/uploads\\\/2025\\\/09\\\/FCL-FCK05_27-09-25-46-300x200.jpg\",\"medium_large\":\"https:\\\/\\\/regese.ch\\\/fussball\\\/wp-content\\\/uploads\\\/2025\\\/09\\\/FCL-FCK05_27-09-25-46-768x512.jpg\",\"large\":\"https:\\\/\\\/regese.ch\\\/fussball\\\/wp-content\\\/uploads\\\/2025\\\/09\\\/FCL-FCK05_27-09-25-46.jpg\",\"1536x1536\":\"https:\\\/\\\/regese.ch\\\/fussball\\\/wp-content\\\/uploads\\\/2025\\\/09\\\/FCL-FCK05_27-09-25-46-1536x1024.jpg\",\"2048x2048\":\"https:\\\/\\\/regese.ch\\\/fussball\\\/wp-content\\\/uploads\\\/2025\\\/09\\\/FCL-FCK05_27-09-25-46.jpg\",\"sportspress-crop-medium\":\"https:\\\/\\\/regese.ch\\\/fussball\\\/wp-content\\\/uploads\\\/2025\\\/09\\\/FCL-FCK05_27-09-25-46-300x300.jpg\",\"sportspress-fit-medium\":\"https:\\\/\\\/regese.ch\\\/fussball\\\/wp-content\\\/uploads\\\/2025\\\/09\\\/FCL-FCK05_27-09-25-46-300x200.jpg\",\"sportspress-fit-icon\":\"https:\\\/\\\/regese.ch\\\/fussball\\\/wp-content\\\/uploads\\\/2025\\\/09\\\/FCL-FCK05_27-09-25-46-128x85.jpg\",\"sportspress-fit-mini\":\"https:\\\/\\\/regese.ch\\\/fussball\\\/wp-content\\\/uploads\\\/2025\\\/09\\\/FCL-FCK05_27-09-25-46-32x21.jpg\",\"full\":\"https:\\\/\\\/regese.ch\\\/fussball\\\/wp-content\\\/uploads\\\/2025\\\/09\\\/FCL-FCK05_27-09-25-46.jpg\",\"index\":45,\"id\":21786,\"video\":false,\"opts\":{\"caption\":\"\",\"thumb\":\"https:\\\/\\\/regese.ch\\\/fussball\\\/wp-content\\\/uploads\\\/2025\\\/09\\\/FCL-FCK05_27-09-25-46-75x50_c.jpg\",\"title\":\"FCL - FCK05_27-09-25-46\"},\"gallery_id\":\"21800\"},{\"status\":\"active\",\"src\":\"https:\\\/\\\/regese.ch\\\/fussball\\\/wp-content\\\/uploads\\\/2025\\\/09\\\/FCL-FCK05_27-09-25-47.jpg\",\"title\":\"FCL - FCK05_27-09-25-47\",\"link\":\"https:\\\/\\\/regese.ch\\\/fussball\\\/wp-content\\\/uploads\\\/2025\\\/09\\\/FCL-FCK05_27-09-25-47.jpg\",\"alt\":\"\",\"caption\":false,\"thumb\":\"https:\\\/\\\/regese.ch\\\/fussball\\\/wp-content\\\/uploads\\\/2025\\\/09\\\/FCL-FCK05_27-09-25-47-75x50_c.jpg\",\"meta\":{\"aperture\":null,\"credit\":null,\"camera\":null,\"caption\":\"\",\"created_timestamp\":null,\"copyright\":null,\"focal_length\":null,\"iso\":null,\"shutter_speed\":null,\"title\":\"\",\"orientation\":null,\"keywords\":null,\"resized_images\":null},\"thumbnail\":\"https:\\\/\\\/regese.ch\\\/fussball\\\/wp-content\\\/uploads\\\/2025\\\/09\\\/FCL-FCK05_27-09-25-47-150x100.jpg\",\"medium\":\"https:\\\/\\\/regese.ch\\\/fussball\\\/wp-content\\\/uploads\\\/2025\\\/09\\\/FCL-FCK05_27-09-25-47-300x200.jpg\",\"medium_large\":\"https:\\\/\\\/regese.ch\\\/fussball\\\/wp-content\\\/uploads\\\/2025\\\/09\\\/FCL-FCK05_27-09-25-47-768x512.jpg\",\"large\":\"https:\\\/\\\/regese.ch\\\/fussball\\\/wp-content\\\/uploads\\\/2025\\\/09\\\/FCL-FCK05_27-09-25-47.jpg\",\"1536x1536\":\"https:\\\/\\\/regese.ch\\\/fussball\\\/wp-content\\\/uploads\\\/2025\\\/09\\\/FCL-FCK05_27-09-25-47-1536x1024.jpg\",\"2048x2048\":\"https:\\\/\\\/regese.ch\\\/fussball\\\/wp-content\\\/uploads\\\/2025\\\/09\\\/FCL-FCK05_27-09-25-47.jpg\",\"sportspress-crop-medium\":\"https:\\\/\\\/regese.ch\\\/fussball\\\/wp-content\\\/uploads\\\/2025\\\/09\\\/FCL-FCK05_27-09-25-47-300x300.jpg\",\"sportspress-fit-medium\":\"https:\\\/\\\/regese.ch\\\/fussball\\\/wp-content\\\/uploads\\\/2025\\\/09\\\/FCL-FCK05_27-09-25-47-300x200.jpg\",\"sportspress-fit-icon\":\"https:\\\/\\\/regese.ch\\\/fussball\\\/wp-content\\\/uploads\\\/2025\\\/09\\\/FCL-FCK05_27-09-25-47-128x85.jpg\",\"sportspress-fit-mini\":\"https:\\\/\\\/regese.ch\\\/fussball\\\/wp-content\\\/uploads\\\/2025\\\/09\\\/FCL-FCK05_27-09-25-47-32x21.jpg\",\"full\":\"https:\\\/\\\/regese.ch\\\/fussball\\\/wp-content\\\/uploads\\\/2025\\\/09\\\/FCL-FCK05_27-09-25-47.jpg\",\"index\":46,\"id\":21787,\"video\":false,\"opts\":{\"caption\":\"\",\"thumb\":\"https:\\\/\\\/regese.ch\\\/fussball\\\/wp-content\\\/uploads\\\/2025\\\/09\\\/FCL-FCK05_27-09-25-47-75x50_c.jpg\",\"title\":\"FCL - FCK05_27-09-25-47\"},\"gallery_id\":\"21800\"},{\"status\":\"active\",\"src\":\"https:\\\/\\\/regese.ch\\\/fussball\\\/wp-content\\\/uploads\\\/2025\\\/09\\\/FCL-FCK05_27-09-25-48.jpg\",\"title\":\"FCL - FCK05_27-09-25-48\",\"link\":\"https:\\\/\\\/regese.ch\\\/fussball\\\/wp-content\\\/uploads\\\/2025\\\/09\\\/FCL-FCK05_27-09-25-48.jpg\",\"alt\":\"\",\"caption\":false,\"thumb\":\"https:\\\/\\\/regese.ch\\\/fussball\\\/wp-content\\\/uploads\\\/2025\\\/09\\\/FCL-FCK05_27-09-25-48-75x50_c.jpg\",\"meta\":{\"aperture\":null,\"credit\":null,\"camera\":null,\"caption\":\"\",\"created_timestamp\":null,\"copyright\":null,\"focal_length\":null,\"iso\":null,\"shutter_speed\":null,\"title\":\"\",\"orientation\":null,\"keywords\":null,\"resized_images\":null},\"thumbnail\":\"https:\\\/\\\/regese.ch\\\/fussball\\\/wp-content\\\/uploads\\\/2025\\\/09\\\/FCL-FCK05_27-09-25-48-150x100.jpg\",\"medium\":\"https:\\\/\\\/regese.ch\\\/fussball\\\/wp-content\\\/uploads\\\/2025\\\/09\\\/FCL-FCK05_27-09-25-48-300x200.jpg\",\"medium_large\":\"https:\\\/\\\/regese.ch\\\/fussball\\\/wp-content\\\/uploads\\\/2025\\\/09\\\/FCL-FCK05_27-09-25-48-768x512.jpg\",\"large\":\"https:\\\/\\\/regese.ch\\\/fussball\\\/wp-content\\\/uploads\\\/2025\\\/09\\\/FCL-FCK05_27-09-25-48.jpg\",\"1536x1536\":\"https:\\\/\\\/regese.ch\\\/fussball\\\/wp-content\\\/uploads\\\/2025\\\/09\\\/FCL-FCK05_27-09-25-48-1536x1024.jpg\",\"2048x2048\":\"https:\\\/\\\/regese.ch\\\/fussball\\\/wp-content\\\/uploads\\\/2025\\\/09\\\/FCL-FCK05_27-09-25-48.jpg\",\"sportspress-crop-medium\":\"https:\\\/\\\/regese.ch\\\/fussball\\\/wp-content\\\/uploads\\\/2025\\\/09\\\/FCL-FCK05_27-09-25-48-300x300.jpg\",\"sportspress-fit-medium\":\"https:\\\/\\\/regese.ch\\\/fussball\\\/wp-content\\\/uploads\\\/2025\\\/09\\\/FCL-FCK05_27-09-25-48-300x200.jpg\",\"sportspress-fit-icon\":\"https:\\\/\\\/regese.ch\\\/fussball\\\/wp-content\\\/uploads\\\/2025\\\/09\\\/FCL-FCK05_27-09-25-48-128x85.jpg\",\"sportspress-fit-mini\":\"https:\\\/\\\/regese.ch\\\/fussball\\\/wp-content\\\/uploads\\\/2025\\\/09\\\/FCL-FCK05_27-09-25-48-32x21.jpg\",\"full\":\"https:\\\/\\\/regese.ch\\\/fussball\\\/wp-content\\\/uploads\\\/2025\\\/09\\\/FCL-FCK05_27-09-25-48.jpg\",\"index\":47,\"id\":21788,\"video\":false,\"opts\":{\"caption\":\"\",\"thumb\":\"https:\\\/\\\/regese.ch\\\/fussball\\\/wp-content\\\/uploads\\\/2025\\\/09\\\/FCL-FCK05_27-09-25-48-75x50_c.jpg\",\"title\":\"FCL - FCK05_27-09-25-48\"},\"gallery_id\":\"21800\"},{\"status\":\"active\",\"src\":\"https:\\\/\\\/regese.ch\\\/fussball\\\/wp-content\\\/uploads\\\/2025\\\/09\\\/FCL-FCK05_27-09-25-49.jpg\",\"title\":\"FCL - FCK05_27-09-25-49\",\"link\":\"https:\\\/\\\/regese.ch\\\/fussball\\\/wp-content\\\/uploads\\\/2025\\\/09\\\/FCL-FCK05_27-09-25-49.jpg\",\"alt\":\"\",\"caption\":false,\"thumb\":\"https:\\\/\\\/regese.ch\\\/fussball\\\/wp-content\\\/uploads\\\/2025\\\/09\\\/FCL-FCK05_27-09-25-49-75x50_c.jpg\",\"meta\":{\"aperture\":null,\"credit\":null,\"camera\":null,\"caption\":\"\",\"created_timestamp\":null,\"copyright\":null,\"focal_length\":null,\"iso\":null,\"shutter_speed\":null,\"title\":\"\",\"orientation\":null,\"keywords\":null,\"resized_images\":null},\"thumbnail\":\"https:\\\/\\\/regese.ch\\\/fussball\\\/wp-content\\\/uploads\\\/2025\\\/09\\\/FCL-FCK05_27-09-25-49-150x100.jpg\",\"medium\":\"https:\\\/\\\/regese.ch\\\/fussball\\\/wp-content\\\/uploads\\\/2025\\\/09\\\/FCL-FCK05_27-09-25-49-300x200.jpg\",\"medium_large\":\"https:\\\/\\\/regese.ch\\\/fussball\\\/wp-content\\\/uploads\\\/2025\\\/09\\\/FCL-FCK05_27-09-25-49-768x512.jpg\",\"large\":\"https:\\\/\\\/regese.ch\\\/fussball\\\/wp-content\\\/uploads\\\/2025\\\/09\\\/FCL-FCK05_27-09-25-49.jpg\",\"1536x1536\":\"https:\\\/\\\/regese.ch\\\/fussball\\\/wp-content\\\/uploads\\\/2025\\\/09\\\/FCL-FCK05_27-09-25-49-1536x1024.jpg\",\"2048x2048\":\"https:\\\/\\\/regese.ch\\\/fussball\\\/wp-content\\\/uploads\\\/2025\\\/09\\\/FCL-FCK05_27-09-25-49.jpg\",\"sportspress-crop-medium\":\"https:\\\/\\\/regese.ch\\\/fussball\\\/wp-content\\\/uploads\\\/2025\\\/09\\\/FCL-FCK05_27-09-25-49-300x300.jpg\",\"sportspress-fit-medium\":\"https:\\\/\\\/regese.ch\\\/fussball\\\/wp-content\\\/uploads\\\/2025\\\/09\\\/FCL-FCK05_27-09-25-49-300x200.jpg\",\"sportspress-fit-icon\":\"https:\\\/\\\/regese.ch\\\/fussball\\\/wp-content\\\/uploads\\\/2025\\\/09\\\/FCL-FCK05_27-09-25-49-128x85.jpg\",\"sportspress-fit-mini\":\"https:\\\/\\\/regese.ch\\\/fussball\\\/wp-content\\\/uploads\\\/2025\\\/09\\\/FCL-FCK05_27-09-25-49-32x21.jpg\",\"full\":\"https:\\\/\\\/regese.ch\\\/fussball\\\/wp-content\\\/uploads\\\/2025\\\/09\\\/FCL-FCK05_27-09-25-49.jpg\",\"index\":48,\"id\":21789,\"video\":false,\"opts\":{\"caption\":\"\",\"thumb\":\"https:\\\/\\\/regese.ch\\\/fussball\\\/wp-content\\\/uploads\\\/2025\\\/09\\\/FCL-FCK05_27-09-25-49-75x50_c.jpg\",\"title\":\"FCL - FCK05_27-09-25-49\"},\"gallery_id\":\"21800\"},{\"status\":\"active\",\"src\":\"https:\\\/\\\/regese.ch\\\/fussball\\\/wp-content\\\/uploads\\\/2025\\\/09\\\/FCL-FCK05_27-09-25-50.jpg\",\"title\":\"FCL - FCK05_27-09-25-50\",\"link\":\"https:\\\/\\\/regese.ch\\\/fussball\\\/wp-content\\\/uploads\\\/2025\\\/09\\\/FCL-FCK05_27-09-25-50.jpg\",\"alt\":\"\",\"caption\":false,\"thumb\":\"https:\\\/\\\/regese.ch\\\/fussball\\\/wp-content\\\/uploads\\\/2025\\\/09\\\/FCL-FCK05_27-09-25-50-75x50_c.jpg\",\"meta\":{\"aperture\":null,\"credit\":null,\"camera\":null,\"caption\":\"\",\"created_timestamp\":null,\"copyright\":null,\"focal_length\":null,\"iso\":null,\"shutter_speed\":null,\"title\":\"\",\"orientation\":null,\"keywords\":null,\"resized_images\":null},\"thumbnail\":\"https:\\\/\\\/regese.ch\\\/fussball\\\/wp-content\\\/uploads\\\/2025\\\/09\\\/FCL-FCK05_27-09-25-50-150x100.jpg\",\"medium\":\"https:\\\/\\\/regese.ch\\\/fussball\\\/wp-content\\\/uploads\\\/2025\\\/09\\\/FCL-FCK05_27-09-25-50-300x200.jpg\",\"medium_large\":\"https:\\\/\\\/regese.ch\\\/fussball\\\/wp-content\\\/uploads\\\/2025\\\/09\\\/FCL-FCK05_27-09-25-50-768x512.jpg\",\"large\":\"https:\\\/\\\/regese.ch\\\/fussball\\\/wp-content\\\/uploads\\\/2025\\\/09\\\/FCL-FCK05_27-09-25-50.jpg\",\"1536x1536\":\"https:\\\/\\\/regese.ch\\\/fussball\\\/wp-content\\\/uploads\\\/2025\\\/09\\\/FCL-FCK05_27-09-25-50-1536x1024.jpg\",\"2048x2048\":\"https:\\\/\\\/regese.ch\\\/fussball\\\/wp-content\\\/uploads\\\/2025\\\/09\\\/FCL-FCK05_27-09-25-50.jpg\",\"sportspress-crop-medium\":\"https:\\\/\\\/regese.ch\\\/fussball\\\/wp-content\\\/uploads\\\/2025\\\/09\\\/FCL-FCK05_27-09-25-50-300x300.jpg\",\"sportspress-fit-medium\":\"https:\\\/\\\/regese.ch\\\/fussball\\\/wp-content\\\/uploads\\\/2025\\\/09\\\/FCL-FCK05_27-09-25-50-300x200.jpg\",\"sportspress-fit-icon\":\"https:\\\/\\\/regese.ch\\\/fussball\\\/wp-content\\\/uploads\\\/2025\\\/09\\\/FCL-FCK05_27-09-25-50-128x85.jpg\",\"sportspress-fit-mini\":\"https:\\\/\\\/regese.ch\\\/fussball\\\/wp-content\\\/uploads\\\/2025\\\/09\\\/FCL-FCK05_27-09-25-50-32x21.jpg\",\"full\":\"https:\\\/\\\/regese.ch\\\/fussball\\\/wp-content\\\/uploads\\\/2025\\\/09\\\/FCL-FCK05_27-09-25-50.jpg\",\"index\":49,\"id\":21790,\"video\":false,\"opts\":{\"caption\":\"\",\"thumb\":\"https:\\\/\\\/regese.ch\\\/fussball\\\/wp-content\\\/uploads\\\/2025\\\/09\\\/FCL-FCK05_27-09-25-50-75x50_c.jpg\",\"title\":\"FCL - FCK05_27-09-25-50\"},\"gallery_id\":\"21800\"},{\"status\":\"active\",\"src\":\"https:\\\/\\\/regese.ch\\\/fussball\\\/wp-content\\\/uploads\\\/2025\\\/09\\\/FCL-FCK05_27-09-25-51.jpg\",\"title\":\"FCL - FCK05_27-09-25-51\",\"link\":\"https:\\\/\\\/regese.ch\\\/fussball\\\/wp-content\\\/uploads\\\/2025\\\/09\\\/FCL-FCK05_27-09-25-51.jpg\",\"alt\":\"\",\"caption\":false,\"thumb\":\"https:\\\/\\\/regese.ch\\\/fussball\\\/wp-content\\\/uploads\\\/2025\\\/09\\\/FCL-FCK05_27-09-25-51-75x50_c.jpg\",\"meta\":{\"aperture\":null,\"credit\":null,\"camera\":null,\"caption\":\"\",\"created_timestamp\":null,\"copyright\":null,\"focal_length\":null,\"iso\":null,\"shutter_speed\":null,\"title\":\"\",\"orientation\":null,\"keywords\":null,\"resized_images\":null},\"thumbnail\":\"https:\\\/\\\/regese.ch\\\/fussball\\\/wp-content\\\/uploads\\\/2025\\\/09\\\/FCL-FCK05_27-09-25-51-150x100.jpg\",\"medium\":\"https:\\\/\\\/regese.ch\\\/fussball\\\/wp-content\\\/uploads\\\/2025\\\/09\\\/FCL-FCK05_27-09-25-51-300x200.jpg\",\"medium_large\":\"https:\\\/\\\/regese.ch\\\/fussball\\\/wp-content\\\/uploads\\\/2025\\\/09\\\/FCL-FCK05_27-09-25-51-768x512.jpg\",\"large\":\"https:\\\/\\\/regese.ch\\\/fussball\\\/wp-content\\\/uploads\\\/2025\\\/09\\\/FCL-FCK05_27-09-25-51.jpg\",\"1536x1536\":\"https:\\\/\\\/regese.ch\\\/fussball\\\/wp-content\\\/uploads\\\/2025\\\/09\\\/FCL-FCK05_27-09-25-51-1536x1024.jpg\",\"2048x2048\":\"https:\\\/\\\/regese.ch\\\/fussball\\\/wp-content\\\/uploads\\\/2025\\\/09\\\/FCL-FCK05_27-09-25-51.jpg\",\"sportspress-crop-medium\":\"https:\\\/\\\/regese.ch\\\/fussball\\\/wp-content\\\/uploads\\\/2025\\\/09\\\/FCL-FCK05_27-09-25-51-300x300.jpg\",\"sportspress-fit-medium\":\"https:\\\/\\\/regese.ch\\\/fussball\\\/wp-content\\\/uploads\\\/2025\\\/09\\\/FCL-FCK05_27-09-25-51-300x200.jpg\",\"sportspress-fit-icon\":\"https:\\\/\\\/regese.ch\\\/fussball\\\/wp-content\\\/uploads\\\/2025\\\/09\\\/FCL-FCK05_27-09-25-51-128x85.jpg\",\"sportspress-fit-mini\":\"https:\\\/\\\/regese.ch\\\/fussball\\\/wp-content\\\/uploads\\\/2025\\\/09\\\/FCL-FCK05_27-09-25-51-32x21.jpg\",\"full\":\"https:\\\/\\\/regese.ch\\\/fussball\\\/wp-content\\\/uploads\\\/2025\\\/09\\\/FCL-FCK05_27-09-25-51.jpg\",\"index\":50,\"id\":21791,\"video\":false,\"opts\":{\"caption\":\"\",\"thumb\":\"https:\\\/\\\/regese.ch\\\/fussball\\\/wp-content\\\/uploads\\\/2025\\\/09\\\/FCL-FCK05_27-09-25-51-75x50_c.jpg\",\"title\":\"FCL - FCK05_27-09-25-51\"},\"gallery_id\":\"21800\"},{\"status\":\"active\",\"src\":\"https:\\\/\\\/regese.ch\\\/fussball\\\/wp-content\\\/uploads\\\/2025\\\/09\\\/FCL-FCK05_27-09-25-52.jpg\",\"title\":\"FCL - FCK05_27-09-25-52\",\"link\":\"https:\\\/\\\/regese.ch\\\/fussball\\\/wp-content\\\/uploads\\\/2025\\\/09\\\/FCL-FCK05_27-09-25-52.jpg\",\"alt\":\"\",\"caption\":false,\"thumb\":\"https:\\\/\\\/regese.ch\\\/fussball\\\/wp-content\\\/uploads\\\/2025\\\/09\\\/FCL-FCK05_27-09-25-52-75x50_c.jpg\",\"meta\":{\"aperture\":null,\"credit\":null,\"camera\":null,\"caption\":\"\",\"created_timestamp\":null,\"copyright\":null,\"focal_length\":null,\"iso\":null,\"shutter_speed\":null,\"title\":\"\",\"orientation\":null,\"keywords\":null,\"resized_images\":null},\"thumbnail\":\"https:\\\/\\\/regese.ch\\\/fussball\\\/wp-content\\\/uploads\\\/2025\\\/09\\\/FCL-FCK05_27-09-25-52-150x100.jpg\",\"medium\":\"https:\\\/\\\/regese.ch\\\/fussball\\\/wp-content\\\/uploads\\\/2025\\\/09\\\/FCL-FCK05_27-09-25-52-300x200.jpg\",\"medium_large\":\"https:\\\/\\\/regese.ch\\\/fussball\\\/wp-content\\\/uploads\\\/2025\\\/09\\\/FCL-FCK05_27-09-25-52-768x512.jpg\",\"large\":\"https:\\\/\\\/regese.ch\\\/fussball\\\/wp-content\\\/uploads\\\/2025\\\/09\\\/FCL-FCK05_27-09-25-52.jpg\",\"1536x1536\":\"https:\\\/\\\/regese.ch\\\/fussball\\\/wp-content\\\/uploads\\\/2025\\\/09\\\/FCL-FCK05_27-09-25-52-1536x1024.jpg\",\"2048x2048\":\"https:\\\/\\\/regese.ch\\\/fussball\\\/wp-content\\\/uploads\\\/2025\\\/09\\\/FCL-FCK05_27-09-25-52.jpg\",\"sportspress-crop-medium\":\"https:\\\/\\\/regese.ch\\\/fussball\\\/wp-content\\\/uploads\\\/2025\\\/09\\\/FCL-FCK05_27-09-25-52-300x300.jpg\",\"sportspress-fit-medium\":\"https:\\\/\\\/regese.ch\\\/fussball\\\/wp-content\\\/uploads\\\/2025\\\/09\\\/FCL-FCK05_27-09-25-52-300x200.jpg\",\"sportspress-fit-icon\":\"https:\\\/\\\/regese.ch\\\/fussball\\\/wp-content\\\/uploads\\\/2025\\\/09\\\/FCL-FCK05_27-09-25-52-128x85.jpg\",\"sportspress-fit-mini\":\"https:\\\/\\\/regese.ch\\\/fussball\\\/wp-content\\\/uploads\\\/2025\\\/09\\\/FCL-FCK05_27-09-25-52-32x21.jpg\",\"full\":\"https:\\\/\\\/regese.ch\\\/fussball\\\/wp-content\\\/uploads\\\/2025\\\/09\\\/FCL-FCK05_27-09-25-52.jpg\",\"index\":51,\"id\":21792,\"video\":false,\"opts\":{\"caption\":\"\",\"thumb\":\"https:\\\/\\\/regese.ch\\\/fussball\\\/wp-content\\\/uploads\\\/2025\\\/09\\\/FCL-FCK05_27-09-25-52-75x50_c.jpg\",\"title\":\"FCL - FCK05_27-09-25-52\"},\"gallery_id\":\"21800\"},{\"status\":\"active\",\"src\":\"https:\\\/\\\/regese.ch\\\/fussball\\\/wp-content\\\/uploads\\\/2025\\\/09\\\/FCL-FCK05_27-09-25-53.jpg\",\"title\":\"FCL - FCK05_27-09-25-53\",\"link\":\"https:\\\/\\\/regese.ch\\\/fussball\\\/wp-content\\\/uploads\\\/2025\\\/09\\\/FCL-FCK05_27-09-25-53.jpg\",\"alt\":\"\",\"caption\":false,\"thumb\":\"https:\\\/\\\/regese.ch\\\/fussball\\\/wp-content\\\/uploads\\\/2025\\\/09\\\/FCL-FCK05_27-09-25-53-75x50_c.jpg\",\"meta\":{\"aperture\":null,\"credit\":null,\"camera\":null,\"caption\":\"\",\"created_timestamp\":null,\"copyright\":null,\"focal_length\":null,\"iso\":null,\"shutter_speed\":null,\"title\":\"\",\"orientation\":null,\"keywords\":null,\"resized_images\":null},\"thumbnail\":\"https:\\\/\\\/regese.ch\\\/fussball\\\/wp-content\\\/uploads\\\/2025\\\/09\\\/FCL-FCK05_27-09-25-53-150x100.jpg\",\"medium\":\"https:\\\/\\\/regese.ch\\\/fussball\\\/wp-content\\\/uploads\\\/2025\\\/09\\\/FCL-FCK05_27-09-25-53-300x200.jpg\",\"medium_large\":\"https:\\\/\\\/regese.ch\\\/fussball\\\/wp-content\\\/uploads\\\/2025\\\/09\\\/FCL-FCK05_27-09-25-53-768x512.jpg\",\"large\":\"https:\\\/\\\/regese.ch\\\/fussball\\\/wp-content\\\/uploads\\\/2025\\\/09\\\/FCL-FCK05_27-09-25-53.jpg\",\"1536x1536\":\"https:\\\/\\\/regese.ch\\\/fussball\\\/wp-content\\\/uploads\\\/2025\\\/09\\\/FCL-FCK05_27-09-25-53-1536x1024.jpg\",\"2048x2048\":\"https:\\\/\\\/regese.ch\\\/fussball\\\/wp-content\\\/uploads\\\/2025\\\/09\\\/FCL-FCK05_27-09-25-53.jpg\",\"sportspress-crop-medium\":\"https:\\\/\\\/regese.ch\\\/fussball\\\/wp-content\\\/uploads\\\/2025\\\/09\\\/FCL-FCK05_27-09-25-53-300x300.jpg\",\"sportspress-fit-medium\":\"https:\\\/\\\/regese.ch\\\/fussball\\\/wp-content\\\/uploads\\\/2025\\\/09\\\/FCL-FCK05_27-09-25-53-300x200.jpg\",\"sportspress-fit-icon\":\"https:\\\/\\\/regese.ch\\\/fussball\\\/wp-content\\\/uploads\\\/2025\\\/09\\\/FCL-FCK05_27-09-25-53-128x85.jpg\",\"sportspress-fit-mini\":\"https:\\\/\\\/regese.ch\\\/fussball\\\/wp-content\\\/uploads\\\/2025\\\/09\\\/FCL-FCK05_27-09-25-53-32x21.jpg\",\"full\":\"https:\\\/\\\/regese.ch\\\/fussball\\\/wp-content\\\/uploads\\\/2025\\\/09\\\/FCL-FCK05_27-09-25-53.jpg\",\"index\":52,\"id\":21793,\"video\":false,\"opts\":{\"caption\":\"\",\"thumb\":\"https:\\\/\\\/regese.ch\\\/fussball\\\/wp-content\\\/uploads\\\/2025\\\/09\\\/FCL-FCK05_27-09-25-53-75x50_c.jpg\",\"title\":\"FCL - FCK05_27-09-25-53\"},\"gallery_id\":\"21800\"},{\"status\":\"active\",\"src\":\"https:\\\/\\\/regese.ch\\\/fussball\\\/wp-content\\\/uploads\\\/2025\\\/09\\\/FCL-FCK05_27-09-25-54.jpg\",\"title\":\"FCL - FCK05_27-09-25-54\",\"link\":\"https:\\\/\\\/regese.ch\\\/fussball\\\/wp-content\\\/uploads\\\/2025\\\/09\\\/FCL-FCK05_27-09-25-54.jpg\",\"alt\":\"\",\"caption\":false,\"thumb\":\"https:\\\/\\\/regese.ch\\\/fussball\\\/wp-content\\\/uploads\\\/2025\\\/09\\\/FCL-FCK05_27-09-25-54-75x50_c.jpg\",\"meta\":{\"aperture\":null,\"credit\":null,\"camera\":null,\"caption\":\"\",\"created_timestamp\":null,\"copyright\":null,\"focal_length\":null,\"iso\":null,\"shutter_speed\":null,\"title\":\"\",\"orientation\":null,\"keywords\":null,\"resized_images\":null},\"thumbnail\":\"https:\\\/\\\/regese.ch\\\/fussball\\\/wp-content\\\/uploads\\\/2025\\\/09\\\/FCL-FCK05_27-09-25-54-150x100.jpg\",\"medium\":\"https:\\\/\\\/regese.ch\\\/fussball\\\/wp-content\\\/uploads\\\/2025\\\/09\\\/FCL-FCK05_27-09-25-54-300x200.jpg\",\"medium_large\":\"https:\\\/\\\/regese.ch\\\/fussball\\\/wp-content\\\/uploads\\\/2025\\\/09\\\/FCL-FCK05_27-09-25-54-768x512.jpg\",\"large\":\"https:\\\/\\\/regese.ch\\\/fussball\\\/wp-content\\\/uploads\\\/2025\\\/09\\\/FCL-FCK05_27-09-25-54.jpg\",\"1536x1536\":\"https:\\\/\\\/regese.ch\\\/fussball\\\/wp-content\\\/uploads\\\/2025\\\/09\\\/FCL-FCK05_27-09-25-54-1536x1024.jpg\",\"2048x2048\":\"https:\\\/\\\/regese.ch\\\/fussball\\\/wp-content\\\/uploads\\\/2025\\\/09\\\/FCL-FCK05_27-09-25-54.jpg\",\"sportspress-crop-medium\":\"https:\\\/\\\/regese.ch\\\/fussball\\\/wp-content\\\/uploads\\\/2025\\\/09\\\/FCL-FCK05_27-09-25-54-300x300.jpg\",\"sportspress-fit-medium\":\"https:\\\/\\\/regese.ch\\\/fussball\\\/wp-content\\\/uploads\\\/2025\\\/09\\\/FCL-FCK05_27-09-25-54-300x200.jpg\",\"sportspress-fit-icon\":\"https:\\\/\\\/regese.ch\\\/fussball\\\/wp-content\\\/uploads\\\/2025\\\/09\\\/FCL-FCK05_27-09-25-54-128x85.jpg\",\"sportspress-fit-mini\":\"https:\\\/\\\/regese.ch\\\/fussball\\\/wp-content\\\/uploads\\\/2025\\\/09\\\/FCL-FCK05_27-09-25-54-32x21.jpg\",\"full\":\"https:\\\/\\\/regese.ch\\\/fussball\\\/wp-content\\\/uploads\\\/2025\\\/09\\\/FCL-FCK05_27-09-25-54.jpg\",\"index\":53,\"id\":21794,\"video\":false,\"opts\":{\"caption\":\"\",\"thumb\":\"https:\\\/\\\/regese.ch\\\/fussball\\\/wp-content\\\/uploads\\\/2025\\\/09\\\/FCL-FCK05_27-09-25-54-75x50_c.jpg\",\"title\":\"FCL - FCK05_27-09-25-54\"},\"gallery_id\":\"21800\"},{\"status\":\"active\",\"src\":\"https:\\\/\\\/regese.ch\\\/fussball\\\/wp-content\\\/uploads\\\/2025\\\/09\\\/FCL-FCK05_27-09-25-55.jpg\",\"title\":\"FCL - FCK05_27-09-25-55\",\"link\":\"https:\\\/\\\/regese.ch\\\/fussball\\\/wp-content\\\/uploads\\\/2025\\\/09\\\/FCL-FCK05_27-09-25-55.jpg\",\"alt\":\"\",\"caption\":false,\"thumb\":\"https:\\\/\\\/regese.ch\\\/fussball\\\/wp-content\\\/uploads\\\/2025\\\/09\\\/FCL-FCK05_27-09-25-55-75x50_c.jpg\",\"meta\":{\"aperture\":null,\"credit\":null,\"camera\":null,\"caption\":\"\",\"created_timestamp\":null,\"copyright\":null,\"focal_length\":null,\"iso\":null,\"shutter_speed\":null,\"title\":\"\",\"orientation\":null,\"keywords\":null,\"resized_images\":null},\"thumbnail\":\"https:\\\/\\\/regese.ch\\\/fussball\\\/wp-content\\\/uploads\\\/2025\\\/09\\\/FCL-FCK05_27-09-25-55-150x100.jpg\",\"medium\":\"https:\\\/\\\/regese.ch\\\/fussball\\\/wp-content\\\/uploads\\\/2025\\\/09\\\/FCL-FCK05_27-09-25-55-300x200.jpg\",\"medium_large\":\"https:\\\/\\\/regese.ch\\\/fussball\\\/wp-content\\\/uploads\\\/2025\\\/09\\\/FCL-FCK05_27-09-25-55-768x512.jpg\",\"large\":\"https:\\\/\\\/regese.ch\\\/fussball\\\/wp-content\\\/uploads\\\/2025\\\/09\\\/FCL-FCK05_27-09-25-55.jpg\",\"1536x1536\":\"https:\\\/\\\/regese.ch\\\/fussball\\\/wp-content\\\/uploads\\\/2025\\\/09\\\/FCL-FCK05_27-09-25-55-1536x1024.jpg\",\"2048x2048\":\"https:\\\/\\\/regese.ch\\\/fussball\\\/wp-content\\\/uploads\\\/2025\\\/09\\\/FCL-FCK05_27-09-25-55.jpg\",\"sportspress-crop-medium\":\"https:\\\/\\\/regese.ch\\\/fussball\\\/wp-content\\\/uploads\\\/2025\\\/09\\\/FCL-FCK05_27-09-25-55-300x300.jpg\",\"sportspress-fit-medium\":\"https:\\\/\\\/regese.ch\\\/fussball\\\/wp-content\\\/uploads\\\/2025\\\/09\\\/FCL-FCK05_27-09-25-55-300x200.jpg\",\"sportspress-fit-icon\":\"https:\\\/\\\/regese.ch\\\/fussball\\\/wp-content\\\/uploads\\\/2025\\\/09\\\/FCL-FCK05_27-09-25-55-128x85.jpg\",\"sportspress-fit-mini\":\"https:\\\/\\\/regese.ch\\\/fussball\\\/wp-content\\\/uploads\\\/2025\\\/09\\\/FCL-FCK05_27-09-25-55-32x21.jpg\",\"full\":\"https:\\\/\\\/regese.ch\\\/fussball\\\/wp-content\\\/uploads\\\/2025\\\/09\\\/FCL-FCK05_27-09-25-55.jpg\",\"index\":54,\"id\":21795,\"video\":false,\"opts\":{\"caption\":\"\",\"thumb\":\"https:\\\/\\\/regese.ch\\\/fussball\\\/wp-content\\\/uploads\\\/2025\\\/09\\\/FCL-FCK05_27-09-25-55-75x50_c.jpg\",\"title\":\"FCL - FCK05_27-09-25-55\"},\"gallery_id\":\"21800\"},{\"status\":\"active\",\"src\":\"https:\\\/\\\/regese.ch\\\/fussball\\\/wp-content\\\/uploads\\\/2025\\\/09\\\/FCL-FCK05_27-09-25-56.jpg\",\"title\":\"FCL - FCK05_27-09-25-56\",\"link\":\"https:\\\/\\\/regese.ch\\\/fussball\\\/wp-content\\\/uploads\\\/2025\\\/09\\\/FCL-FCK05_27-09-25-56.jpg\",\"alt\":\"\",\"caption\":false,\"thumb\":\"https:\\\/\\\/regese.ch\\\/fussball\\\/wp-content\\\/uploads\\\/2025\\\/09\\\/FCL-FCK05_27-09-25-56-75x50_c.jpg\",\"meta\":{\"aperture\":null,\"credit\":null,\"camera\":null,\"caption\":\"\",\"created_timestamp\":null,\"copyright\":null,\"focal_length\":null,\"iso\":null,\"shutter_speed\":null,\"title\":\"\",\"orientation\":null,\"keywords\":null,\"resized_images\":null},\"thumbnail\":\"https:\\\/\\\/regese.ch\\\/fussball\\\/wp-content\\\/uploads\\\/2025\\\/09\\\/FCL-FCK05_27-09-25-56-150x100.jpg\",\"medium\":\"https:\\\/\\\/regese.ch\\\/fussball\\\/wp-content\\\/uploads\\\/2025\\\/09\\\/FCL-FCK05_27-09-25-56-300x200.jpg\",\"medium_large\":\"https:\\\/\\\/regese.ch\\\/fussball\\\/wp-content\\\/uploads\\\/2025\\\/09\\\/FCL-FCK05_27-09-25-56-768x512.jpg\",\"large\":\"https:\\\/\\\/regese.ch\\\/fussball\\\/wp-content\\\/uploads\\\/2025\\\/09\\\/FCL-FCK05_27-09-25-56.jpg\",\"1536x1536\":\"https:\\\/\\\/regese.ch\\\/fussball\\\/wp-content\\\/uploads\\\/2025\\\/09\\\/FCL-FCK05_27-09-25-56-1536x1024.jpg\",\"2048x2048\":\"https:\\\/\\\/regese.ch\\\/fussball\\\/wp-content\\\/uploads\\\/2025\\\/09\\\/FCL-FCK05_27-09-25-56.jpg\",\"sportspress-crop-medium\":\"https:\\\/\\\/regese.ch\\\/fussball\\\/wp-content\\\/uploads\\\/2025\\\/09\\\/FCL-FCK05_27-09-25-56-300x300.jpg\",\"sportspress-fit-medium\":\"https:\\\/\\\/regese.ch\\\/fussball\\\/wp-content\\\/uploads\\\/2025\\\/09\\\/FCL-FCK05_27-09-25-56-300x200.jpg\",\"sportspress-fit-icon\":\"https:\\\/\\\/regese.ch\\\/fussball\\\/wp-content\\\/uploads\\\/2025\\\/09\\\/FCL-FCK05_27-09-25-56-128x85.jpg\",\"sportspress-fit-mini\":\"https:\\\/\\\/regese.ch\\\/fussball\\\/wp-content\\\/uploads\\\/2025\\\/09\\\/FCL-FCK05_27-09-25-56-32x21.jpg\",\"full\":\"https:\\\/\\\/regese.ch\\\/fussball\\\/wp-content\\\/uploads\\\/2025\\\/09\\\/FCL-FCK05_27-09-25-56.jpg\",\"index\":55,\"id\":21796,\"video\":false,\"opts\":{\"caption\":\"\",\"thumb\":\"https:\\\/\\\/regese.ch\\\/fussball\\\/wp-content\\\/uploads\\\/2025\\\/09\\\/FCL-FCK05_27-09-25-56-75x50_c.jpg\",\"title\":\"FCL - FCK05_27-09-25-56\"},\"gallery_id\":\"21800\"},{\"status\":\"active\",\"src\":\"https:\\\/\\\/regese.ch\\\/fussball\\\/wp-content\\\/uploads\\\/2025\\\/09\\\/FCL-FCK05_27-09-25-57.jpg\",\"title\":\"FCL - FCK05_27-09-25-57\",\"link\":\"https:\\\/\\\/regese.ch\\\/fussball\\\/wp-content\\\/uploads\\\/2025\\\/09\\\/FCL-FCK05_27-09-25-57.jpg\",\"alt\":\"\",\"caption\":false,\"thumb\":\"https:\\\/\\\/regese.ch\\\/fussball\\\/wp-content\\\/uploads\\\/2025\\\/09\\\/FCL-FCK05_27-09-25-57-75x50_c.jpg\",\"meta\":{\"aperture\":null,\"credit\":null,\"camera\":null,\"caption\":\"\",\"created_timestamp\":null,\"copyright\":null,\"focal_length\":null,\"iso\":null,\"shutter_speed\":null,\"title\":\"\",\"orientation\":null,\"keywords\":null,\"resized_images\":null},\"thumbnail\":\"https:\\\/\\\/regese.ch\\\/fussball\\\/wp-content\\\/uploads\\\/2025\\\/09\\\/FCL-FCK05_27-09-25-57-150x100.jpg\",\"medium\":\"https:\\\/\\\/regese.ch\\\/fussball\\\/wp-content\\\/uploads\\\/2025\\\/09\\\/FCL-FCK05_27-09-25-57-300x200.jpg\",\"medium_large\":\"https:\\\/\\\/regese.ch\\\/fussball\\\/wp-content\\\/uploads\\\/2025\\\/09\\\/FCL-FCK05_27-09-25-57-768x512.jpg\",\"large\":\"https:\\\/\\\/regese.ch\\\/fussball\\\/wp-content\\\/uploads\\\/2025\\\/09\\\/FCL-FCK05_27-09-25-57.jpg\",\"1536x1536\":\"https:\\\/\\\/regese.ch\\\/fussball\\\/wp-content\\\/uploads\\\/2025\\\/09\\\/FCL-FCK05_27-09-25-57-1536x1024.jpg\",\"2048x2048\":\"https:\\\/\\\/regese.ch\\\/fussball\\\/wp-content\\\/uploads\\\/2025\\\/09\\\/FCL-FCK05_27-09-25-57.jpg\",\"sportspress-crop-medium\":\"https:\\\/\\\/regese.ch\\\/fussball\\\/wp-content\\\/uploads\\\/2025\\\/09\\\/FCL-FCK05_27-09-25-57-300x300.jpg\",\"sportspress-fit-medium\":\"https:\\\/\\\/regese.ch\\\/fussball\\\/wp-content\\\/uploads\\\/2025\\\/09\\\/FCL-FCK05_27-09-25-57-300x200.jpg\",\"sportspress-fit-icon\":\"https:\\\/\\\/regese.ch\\\/fussball\\\/wp-content\\\/uploads\\\/2025\\\/09\\\/FCL-FCK05_27-09-25-57-128x85.jpg\",\"sportspress-fit-mini\":\"https:\\\/\\\/regese.ch\\\/fussball\\\/wp-content\\\/uploads\\\/2025\\\/09\\\/FCL-FCK05_27-09-25-57-32x21.jpg\",\"full\":\"https:\\\/\\\/regese.ch\\\/fussball\\\/wp-content\\\/uploads\\\/2025\\\/09\\\/FCL-FCK05_27-09-25-57.jpg\",\"index\":56,\"id\":21797,\"video\":false,\"opts\":{\"caption\":\"\",\"thumb\":\"https:\\\/\\\/regese.ch\\\/fussball\\\/wp-content\\\/uploads\\\/2025\\\/09\\\/FCL-FCK05_27-09-25-57-75x50_c.jpg\",\"title\":\"FCL - FCK05_27-09-25-57\"},\"gallery_id\":\"21800\"},{\"status\":\"active\",\"src\":\"https:\\\/\\\/regese.ch\\\/fussball\\\/wp-content\\\/uploads\\\/2025\\\/09\\\/FCL-FCK05_27-09-25-58.jpg\",\"title\":\"FCL - FCK05_27-09-25-58\",\"link\":\"https:\\\/\\\/regese.ch\\\/fussball\\\/wp-content\\\/uploads\\\/2025\\\/09\\\/FCL-FCK05_27-09-25-58.jpg\",\"alt\":\"\",\"caption\":false,\"thumb\":\"https:\\\/\\\/regese.ch\\\/fussball\\\/wp-content\\\/uploads\\\/2025\\\/09\\\/FCL-FCK05_27-09-25-58-75x50_c.jpg\",\"meta\":{\"aperture\":null,\"credit\":null,\"camera\":null,\"caption\":\"\",\"created_timestamp\":null,\"copyright\":null,\"focal_length\":null,\"iso\":null,\"shutter_speed\":null,\"title\":\"\",\"orientation\":null,\"keywords\":null,\"resized_images\":null},\"thumbnail\":\"https:\\\/\\\/regese.ch\\\/fussball\\\/wp-content\\\/uploads\\\/2025\\\/09\\\/FCL-FCK05_27-09-25-58-150x100.jpg\",\"medium\":\"https:\\\/\\\/regese.ch\\\/fussball\\\/wp-content\\\/uploads\\\/2025\\\/09\\\/FCL-FCK05_27-09-25-58-300x200.jpg\",\"medium_large\":\"https:\\\/\\\/regese.ch\\\/fussball\\\/wp-content\\\/uploads\\\/2025\\\/09\\\/FCL-FCK05_27-09-25-58-768x512.jpg\",\"large\":\"https:\\\/\\\/regese.ch\\\/fussball\\\/wp-content\\\/uploads\\\/2025\\\/09\\\/FCL-FCK05_27-09-25-58.jpg\",\"1536x1536\":\"https:\\\/\\\/regese.ch\\\/fussball\\\/wp-content\\\/uploads\\\/2025\\\/09\\\/FCL-FCK05_27-09-25-58-1536x1024.jpg\",\"2048x2048\":\"https:\\\/\\\/regese.ch\\\/fussball\\\/wp-content\\\/uploads\\\/2025\\\/09\\\/FCL-FCK05_27-09-25-58.jpg\",\"sportspress-crop-medium\":\"https:\\\/\\\/regese.ch\\\/fussball\\\/wp-content\\\/uploads\\\/2025\\\/09\\\/FCL-FCK05_27-09-25-58-300x300.jpg\",\"sportspress-fit-medium\":\"https:\\\/\\\/regese.ch\\\/fussball\\\/wp-content\\\/uploads\\\/2025\\\/09\\\/FCL-FCK05_27-09-25-58-300x200.jpg\",\"sportspress-fit-icon\":\"https:\\\/\\\/regese.ch\\\/fussball\\\/wp-content\\\/uploads\\\/2025\\\/09\\\/FCL-FCK05_27-09-25-58-128x85.jpg\",\"sportspress-fit-mini\":\"https:\\\/\\\/regese.ch\\\/fussball\\\/wp-content\\\/uploads\\\/2025\\\/09\\\/FCL-FCK05_27-09-25-58-32x21.jpg\",\"full\":\"https:\\\/\\\/regese.ch\\\/fussball\\\/wp-content\\\/uploads\\\/2025\\\/09\\\/FCL-FCK05_27-09-25-58.jpg\",\"index\":57,\"id\":21798,\"video\":false,\"opts\":{\"caption\":\"\",\"thumb\":\"https:\\\/\\\/regese.ch\\\/fussball\\\/wp-content\\\/uploads\\\/2025\\\/09\\\/FCL-FCK05_27-09-25-58-75x50_c.jpg\",\"title\":\"FCL - FCK05_27-09-25-58\"},\"gallery_id\":\"21800\"}]' data-lightbox-theme='{&quot;arrows&quot;:true,&quot;margins&quot;:[120,0],&quot;gutter&quot;:&quot;100&quot;,&quot;thumbs_position&quot;:&quot;bottom&quot;,&quot;base_template&quot;:&quot;&lt;div id=\\&quot;envirabox-21800\\&quot; data-envirabox-id=\\&quot;21800\\&quot; class=\\&quot;envirabox-container envirabox-theme-base_dark envirabox-wrap\\&quot; role=\\&quot;dialog\\&quot;&gt;&lt;div class=\\&quot;envirabox-bg\\&quot;&gt;&lt;\\\/div&gt;&lt;div class=\\&quot;envirabox-outer\\&quot;&gt;&lt;div class=\\&quot;envirabox-inner\\&quot;&gt;&lt;div class=\\&quot;envirabox-caption-wrap\\&quot;&gt;&lt;div class=\\&quot;envirabox-title\\&quot;&gt;&lt;\\\/div&gt;&lt;\\\/div&gt;&lt;div class=\\&quot;envirabox-toolbar\\&quot;&gt;&lt;div class=\\&quot;envira-close-button\\&quot;&gt;&lt;a data-envirabox-close class=\\&quot;envirabox-item envirabox-close envirabox-button--close\\&quot; title=\\&quot;Close\\&quot; href=\\&quot;#\\&quot;&gt;&lt;\\\/a&gt;&lt;\\\/div&gt;&lt;\\\/div&gt;&lt;div class=\\&quot;envirabox-navigation\\&quot;&gt;&lt;a data-envirabox-prev title=\\&quot;Prev\\&quot; class=\\&quot;envirabox-arrow envirabox-arrow--left envirabox-nav envirabox-prev\\&quot; href=\\&quot;#\\&quot;&gt;&lt;span&gt;&lt;\\\/span&gt;&lt;\\\/a&gt;&lt;a data-envirabox-next title=\\&quot;Next\\&quot; class=\\&quot;envirabox-arrow envirabox-arrow--right envirabox-nav envirabox-next\\&quot; href=\\&quot;#\\&quot;&gt;&lt;span&gt;&lt;\\\/span&gt;&lt;\\\/a&gt;&lt;\\\/div&gt;&lt;div class=\\&quot;envirabox-stage\\&quot;&gt;&lt;\\\/div&gt;&lt;\\\/div&gt;&lt;\\\/div&gt;&lt;\\\/div&gt;&quot;,&quot;load_all&quot;:false,&quot;error_template&quot;:&quot;&lt;div class=\\&quot;envirabox-error\\&quot;&gt;&lt;p&gt;{{ERROR}}&lt;p&gt;&lt;\\\/div&gt;&quot;,&quot;inner_caption&quot;:false,&quot;caption_position&quot;:false,&quot;arrow_position&quot;:false,&quot;toolbar&quot;:true,&quot;infobar&quot;:false,&quot;show_smallbtn&quot;:false,&quot;idle_time&quot;:false,&quot;click_content&quot;:false,&quot;click_slide&quot;:false,&quot;click_outside&quot;:false,&quot;animation_duration&quot;:false,&quot;transition_duration&quot;:false,&quot;small_btn_template&quot;:&quot;&lt;a data-envirabox-close class=\\&quot;envirabox-item envirabox-close envirabox-button--close\\&quot; title=\\&quot;Close\\&quot; href=\\&quot;#\\&quot;&gt;&lt;\\\/a&gt;&quot;}' data-parsed-attrs='{\"id\":\"21800\",\"cache\":true}'><div id=\"envira-gallery-item-21741\" class=\"envira-gallery-item envira-gallery-item-1 envira-lazy-load enviratope-item\" style=\"padding-left: 5px; padding-bottom: 10px; padding-right: 5px;\"  itemscope itemtype=\"https:\/\/schema.org\/ImageObject\"><div class=\"envira-gallery-item-inner\"><div class=\"envira-gallery-position-overlay envira-gallery-top-left\"><\/div><div class=\"envira-gallery-position-overlay envira-gallery-top-right\"><\/div><div class=\"envira-gallery-position-overlay envira-gallery-bottom-left\"><\/div><div class=\"envira-gallery-position-overlay envira-gallery-bottom-right\"><\/div><a class=\"envira-gallery-21800 envira-gallery-link\" href=\"https:\/\/regese.ch\/fussball\/wp-content\/uploads\/2025\/09\/FCL-FCK05_27-09-25-1.jpg\" title=\"FCL - FCK05_27-09-25-1\" data-caption=\"\" data-envira-item-id=\"21741\" data-envira-retina=\"https:\/\/regese.ch\/fussball\/wp-content\/uploads\/2025\/09\/FCL-FCK05_27-09-25-1.jpg\" data-thumb=\"https:\/\/regese.ch\/fussball\/wp-content\/uploads\/2025\/09\/FCL-FCK05_27-09-25-1-75x50_c.jpg\" data-title=\"FCL - FCK05_27-09-25-1\" data-envirabox='21800' itemprop=\"contentUrl\"><div class=\"envira-lazy\" style=\"padding-bottom: 75%;\" data-envira-changed=\"false\" data-width=\"640\" data-height=\"480\"><img loading=\"lazy\" decoding=\"async\" src=\"https:\/\/regese.ch\/fussball\/wp-content\/uploads\/2025\/09\/FCL-FCK05_27-09-25-1-1536x1024.jpg\" alt=\"\" class=\"envira-gallery-image envira-gallery-image-1    envira-lazy\" height=\"480\" id=\"envira-gallery-image-21741\" srcset=\"data:image\/gif;base64,R0lGODlhAQABAIAAAP\/\/\/\/\/\/\/yH5BAEKAAEALAAAAAABAAEAAAICTAEAOw==\" tabindex=\"-1\" title=\"FCL - FCK05_27-09-25-1\" width=\"640\" data-caption=\"\" data-envira-gallery-id=\"21800\" data-envira-index=\"0\" data-envira-item-id=\"21741\" data-envira-src=\"https:\/\/regese.ch\/fussball\/wp-content\/uploads\/2025\/09\/FCL-FCK05_27-09-25-1-1536x1024.jpg\" data-envira-srcset=\"https:\/\/regese.ch\/fussball\/wp-content\/uploads\/2025\/09\/FCL-FCK05_27-09-25-1-1536x1024.jpg 400w, https:\/\/regese.ch\/fussball\/wp-content\/uploads\/2025\/09\/FCL-FCK05_27-09-25-1-1536x1024.jpg 2x\" data-title=\"FCL - FCK05_27-09-25-1\" itemprop=\"thumbnailUrl\"  data-envirabox=\"21800\" \/><\/div><\/a><div class=\"envira-gallery-captioned-data envira-gallery-captioned-data-base\"><\/div><\/div><\/div><div id=\"envira-gallery-item-21742\" class=\"envira-gallery-item envira-gallery-item-2 envira-lazy-load enviratope-item\" style=\"padding-left: 5px; padding-bottom: 10px; padding-right: 5px;\"  itemscope itemtype=\"https:\/\/schema.org\/ImageObject\"><div class=\"envira-gallery-item-inner\"><div class=\"envira-gallery-position-overlay envira-gallery-top-left\"><\/div><div class=\"envira-gallery-position-overlay envira-gallery-top-right\"><\/div><div class=\"envira-gallery-position-overlay envira-gallery-bottom-left\"><\/div><div class=\"envira-gallery-position-overlay envira-gallery-bottom-right\"><\/div><a class=\"envira-gallery-21800 envira-gallery-link\" href=\"https:\/\/regese.ch\/fussball\/wp-content\/uploads\/2025\/09\/FCL-FCK05_27-09-25-2.jpg\" title=\"FCL - FCK05_27-09-25-2\" data-caption=\"\" data-envira-item-id=\"21742\" data-envira-retina=\"https:\/\/regese.ch\/fussball\/wp-content\/uploads\/2025\/09\/FCL-FCK05_27-09-25-2.jpg\" data-thumb=\"https:\/\/regese.ch\/fussball\/wp-content\/uploads\/2025\/09\/FCL-FCK05_27-09-25-2-75x50_c.jpg\" data-title=\"FCL - FCK05_27-09-25-2\" data-envirabox='21800' itemprop=\"contentUrl\"><div class=\"envira-lazy\" style=\"padding-bottom: 75%;\" data-envira-changed=\"false\" data-width=\"640\" data-height=\"480\"><img loading=\"lazy\" decoding=\"async\" src=\"https:\/\/regese.ch\/fussball\/wp-content\/uploads\/2025\/09\/FCL-FCK05_27-09-25-2-1536x1024.jpg\" alt=\"\" class=\"envira-gallery-image envira-gallery-image-2    envira-lazy\" height=\"480\" id=\"envira-gallery-image-21742\" srcset=\"data:image\/gif;base64,R0lGODlhAQABAIAAAP\/\/\/\/\/\/\/yH5BAEKAAEALAAAAAABAAEAAAICTAEAOw==\" tabindex=\"-1\" title=\"FCL - FCK05_27-09-25-2\" width=\"640\" data-caption=\"\" data-envira-gallery-id=\"21800\" data-envira-index=\"1\" data-envira-item-id=\"21742\" data-envira-src=\"https:\/\/regese.ch\/fussball\/wp-content\/uploads\/2025\/09\/FCL-FCK05_27-09-25-2-1536x1024.jpg\" data-envira-srcset=\"https:\/\/regese.ch\/fussball\/wp-content\/uploads\/2025\/09\/FCL-FCK05_27-09-25-2-1536x1024.jpg 400w, https:\/\/regese.ch\/fussball\/wp-content\/uploads\/2025\/09\/FCL-FCK05_27-09-25-2-1536x1024.jpg 2x\" data-title=\"FCL - FCK05_27-09-25-2\" itemprop=\"thumbnailUrl\"  data-envirabox=\"21800\" \/><\/div><\/a><div class=\"envira-gallery-captioned-data envira-gallery-captioned-data-base\"><\/div><\/div><\/div><div id=\"envira-gallery-item-21743\" class=\"envira-gallery-item envira-gallery-item-3 envira-lazy-load enviratope-item\" style=\"padding-left: 5px; padding-bottom: 10px; padding-right: 5px;\"  itemscope itemtype=\"https:\/\/schema.org\/ImageObject\"><div class=\"envira-gallery-item-inner\"><div class=\"envira-gallery-position-overlay envira-gallery-top-left\"><\/div><div class=\"envira-gallery-position-overlay envira-gallery-top-right\"><\/div><div class=\"envira-gallery-position-overlay envira-gallery-bottom-left\"><\/div><div class=\"envira-gallery-position-overlay envira-gallery-bottom-right\"><\/div><a class=\"envira-gallery-21800 envira-gallery-link\" href=\"https:\/\/regese.ch\/fussball\/wp-content\/uploads\/2025\/09\/FCL-FCK05_27-09-25-3.jpg\" title=\"FCL - FCK05_27-09-25-3\" data-caption=\"\" data-envira-item-id=\"21743\" data-envira-retina=\"https:\/\/regese.ch\/fussball\/wp-content\/uploads\/2025\/09\/FCL-FCK05_27-09-25-3.jpg\" data-thumb=\"https:\/\/regese.ch\/fussball\/wp-content\/uploads\/2025\/09\/FCL-FCK05_27-09-25-3-75x50_c.jpg\" data-title=\"FCL - FCK05_27-09-25-3\" data-envirabox='21800' itemprop=\"contentUrl\"><div class=\"envira-lazy\" style=\"padding-bottom: 75%;\" data-envira-changed=\"false\" data-width=\"640\" data-height=\"480\"><img loading=\"lazy\" decoding=\"async\" src=\"https:\/\/regese.ch\/fussball\/wp-content\/uploads\/2025\/09\/FCL-FCK05_27-09-25-3-1536x1024.jpg\" alt=\"\" class=\"envira-gallery-image envira-gallery-image-3    envira-lazy\" height=\"480\" id=\"envira-gallery-image-21743\" srcset=\"data:image\/gif;base64,R0lGODlhAQABAIAAAP\/\/\/\/\/\/\/yH5BAEKAAEALAAAAAABAAEAAAICTAEAOw==\" tabindex=\"-1\" title=\"FCL - FCK05_27-09-25-3\" width=\"640\" data-caption=\"\" data-envira-gallery-id=\"21800\" data-envira-index=\"2\" data-envira-item-id=\"21743\" data-envira-src=\"https:\/\/regese.ch\/fussball\/wp-content\/uploads\/2025\/09\/FCL-FCK05_27-09-25-3-1536x1024.jpg\" data-envira-srcset=\"https:\/\/regese.ch\/fussball\/wp-content\/uploads\/2025\/09\/FCL-FCK05_27-09-25-3-1536x1024.jpg 400w, https:\/\/regese.ch\/fussball\/wp-content\/uploads\/2025\/09\/FCL-FCK05_27-09-25-3-1536x1024.jpg 2x\" data-title=\"FCL - FCK05_27-09-25-3\" itemprop=\"thumbnailUrl\"  data-envirabox=\"21800\" \/><\/div><\/a><div class=\"envira-gallery-captioned-data envira-gallery-captioned-data-base\"><\/div><\/div><\/div><div id=\"envira-gallery-item-21744\" class=\"envira-gallery-item envira-gallery-item-4 envira-lazy-load enviratope-item\" style=\"padding-left: 5px; padding-bottom: 10px; padding-right: 5px;\"  itemscope itemtype=\"https:\/\/schema.org\/ImageObject\"><div class=\"envira-gallery-item-inner\"><div class=\"envira-gallery-position-overlay envira-gallery-top-left\"><\/div><div class=\"envira-gallery-position-overlay envira-gallery-top-right\"><\/div><div class=\"envira-gallery-position-overlay envira-gallery-bottom-left\"><\/div><div class=\"envira-gallery-position-overlay envira-gallery-bottom-right\"><\/div><a class=\"envira-gallery-21800 envira-gallery-link\" href=\"https:\/\/regese.ch\/fussball\/wp-content\/uploads\/2025\/09\/FCL-FCK05_27-09-25-4.jpg\" title=\"FCL - FCK05_27-09-25-4\" data-caption=\"\" data-envira-item-id=\"21744\" data-envira-retina=\"https:\/\/regese.ch\/fussball\/wp-content\/uploads\/2025\/09\/FCL-FCK05_27-09-25-4.jpg\" data-thumb=\"https:\/\/regese.ch\/fussball\/wp-content\/uploads\/2025\/09\/FCL-FCK05_27-09-25-4-75x50_c.jpg\" data-title=\"FCL - FCK05_27-09-25-4\" data-envirabox='21800' itemprop=\"contentUrl\"><div class=\"envira-lazy\" style=\"padding-bottom: 75%;\" data-envira-changed=\"false\" data-width=\"640\" data-height=\"480\"><img loading=\"lazy\" decoding=\"async\" src=\"https:\/\/regese.ch\/fussball\/wp-content\/uploads\/2025\/09\/FCL-FCK05_27-09-25-4-1536x1024.jpg\" alt=\"\" class=\"envira-gallery-image envira-gallery-image-4    envira-lazy\" height=\"480\" id=\"envira-gallery-image-21744\" srcset=\"data:image\/gif;base64,R0lGODlhAQABAIAAAP\/\/\/\/\/\/\/yH5BAEKAAEALAAAAAABAAEAAAICTAEAOw==\" tabindex=\"-1\" title=\"FCL - FCK05_27-09-25-4\" width=\"640\" data-caption=\"\" data-envira-gallery-id=\"21800\" data-envira-index=\"3\" data-envira-item-id=\"21744\" data-envira-src=\"https:\/\/regese.ch\/fussball\/wp-content\/uploads\/2025\/09\/FCL-FCK05_27-09-25-4-1536x1024.jpg\" data-envira-srcset=\"https:\/\/regese.ch\/fussball\/wp-content\/uploads\/2025\/09\/FCL-FCK05_27-09-25-4-1536x1024.jpg 400w, https:\/\/regese.ch\/fussball\/wp-content\/uploads\/2025\/09\/FCL-FCK05_27-09-25-4-1536x1024.jpg 2x\" data-title=\"FCL - FCK05_27-09-25-4\" itemprop=\"thumbnailUrl\"  data-envirabox=\"21800\" \/><\/div><\/a><div class=\"envira-gallery-captioned-data envira-gallery-captioned-data-base\"><\/div><\/div><\/div><div id=\"envira-gallery-item-21745\" class=\"envira-gallery-item envira-gallery-item-5 envira-lazy-load enviratope-item\" style=\"padding-left: 5px; padding-bottom: 10px; padding-right: 5px;\"  itemscope itemtype=\"https:\/\/schema.org\/ImageObject\"><div class=\"envira-gallery-item-inner\"><div class=\"envira-gallery-position-overlay envira-gallery-top-left\"><\/div><div class=\"envira-gallery-position-overlay envira-gallery-top-right\"><\/div><div class=\"envira-gallery-position-overlay envira-gallery-bottom-left\"><\/div><div class=\"envira-gallery-position-overlay envira-gallery-bottom-right\"><\/div><a class=\"envira-gallery-21800 envira-gallery-link\" href=\"https:\/\/regese.ch\/fussball\/wp-content\/uploads\/2025\/09\/FCL-FCK05_27-09-25-5.jpg\" title=\"FCL - FCK05_27-09-25-5\" data-caption=\"\" data-envira-item-id=\"21745\" data-envira-retina=\"https:\/\/regese.ch\/fussball\/wp-content\/uploads\/2025\/09\/FCL-FCK05_27-09-25-5.jpg\" data-thumb=\"https:\/\/regese.ch\/fussball\/wp-content\/uploads\/2025\/09\/FCL-FCK05_27-09-25-5-75x50_c.jpg\" data-title=\"FCL - FCK05_27-09-25-5\" data-envirabox='21800' itemprop=\"contentUrl\"><div class=\"envira-lazy\" style=\"padding-bottom: 75%;\" data-envira-changed=\"false\" data-width=\"640\" data-height=\"480\"><img loading=\"lazy\" decoding=\"async\" src=\"https:\/\/regese.ch\/fussball\/wp-content\/uploads\/2025\/09\/FCL-FCK05_27-09-25-5-1536x1024.jpg\" alt=\"\" class=\"envira-gallery-image envira-gallery-image-5    envira-lazy\" height=\"480\" id=\"envira-gallery-image-21745\" srcset=\"data:image\/gif;base64,R0lGODlhAQABAIAAAP\/\/\/\/\/\/\/yH5BAEKAAEALAAAAAABAAEAAAICTAEAOw==\" tabindex=\"-1\" title=\"FCL - FCK05_27-09-25-5\" width=\"640\" data-caption=\"\" data-envira-gallery-id=\"21800\" data-envira-index=\"4\" data-envira-item-id=\"21745\" data-envira-src=\"https:\/\/regese.ch\/fussball\/wp-content\/uploads\/2025\/09\/FCL-FCK05_27-09-25-5-1536x1024.jpg\" data-envira-srcset=\"https:\/\/regese.ch\/fussball\/wp-content\/uploads\/2025\/09\/FCL-FCK05_27-09-25-5-1536x1024.jpg 400w, https:\/\/regese.ch\/fussball\/wp-content\/uploads\/2025\/09\/FCL-FCK05_27-09-25-5-1536x1024.jpg 2x\" data-title=\"FCL - FCK05_27-09-25-5\" itemprop=\"thumbnailUrl\"  data-envirabox=\"21800\" \/><\/div><\/a><div class=\"envira-gallery-captioned-data envira-gallery-captioned-data-base\"><\/div><\/div><\/div><div id=\"envira-gallery-item-21746\" class=\"envira-gallery-item envira-gallery-item-6 envira-lazy-load enviratope-item\" style=\"padding-left: 5px; padding-bottom: 10px; padding-right: 5px;\"  itemscope itemtype=\"https:\/\/schema.org\/ImageObject\"><div class=\"envira-gallery-item-inner\"><div class=\"envira-gallery-position-overlay envira-gallery-top-left\"><\/div><div class=\"envira-gallery-position-overlay envira-gallery-top-right\"><\/div><div class=\"envira-gallery-position-overlay envira-gallery-bottom-left\"><\/div><div class=\"envira-gallery-position-overlay envira-gallery-bottom-right\"><\/div><a class=\"envira-gallery-21800 envira-gallery-link\" href=\"https:\/\/regese.ch\/fussball\/wp-content\/uploads\/2025\/09\/FCL-FCK05_27-09-25-6.jpg\" title=\"FCL - FCK05_27-09-25-6\" data-caption=\"\" data-envira-item-id=\"21746\" data-envira-retina=\"https:\/\/regese.ch\/fussball\/wp-content\/uploads\/2025\/09\/FCL-FCK05_27-09-25-6.jpg\" data-thumb=\"https:\/\/regese.ch\/fussball\/wp-content\/uploads\/2025\/09\/FCL-FCK05_27-09-25-6-75x50_c.jpg\" data-title=\"FCL - FCK05_27-09-25-6\" data-envirabox='21800' itemprop=\"contentUrl\"><div class=\"envira-lazy\" style=\"padding-bottom: 75%;\" data-envira-changed=\"false\" data-width=\"640\" data-height=\"480\"><img loading=\"lazy\" decoding=\"async\" src=\"https:\/\/regese.ch\/fussball\/wp-content\/uploads\/2025\/09\/FCL-FCK05_27-09-25-6-1536x1024.jpg\" alt=\"\" class=\"envira-gallery-image envira-gallery-image-6    envira-lazy\" height=\"480\" id=\"envira-gallery-image-21746\" srcset=\"data:image\/gif;base64,R0lGODlhAQABAIAAAP\/\/\/\/\/\/\/yH5BAEKAAEALAAAAAABAAEAAAICTAEAOw==\" tabindex=\"-1\" title=\"FCL - FCK05_27-09-25-6\" width=\"640\" data-caption=\"\" data-envira-gallery-id=\"21800\" data-envira-index=\"5\" data-envira-item-id=\"21746\" data-envira-src=\"https:\/\/regese.ch\/fussball\/wp-content\/uploads\/2025\/09\/FCL-FCK05_27-09-25-6-1536x1024.jpg\" data-envira-srcset=\"https:\/\/regese.ch\/fussball\/wp-content\/uploads\/2025\/09\/FCL-FCK05_27-09-25-6-1536x1024.jpg 400w, https:\/\/regese.ch\/fussball\/wp-content\/uploads\/2025\/09\/FCL-FCK05_27-09-25-6-1536x1024.jpg 2x\" data-title=\"FCL - FCK05_27-09-25-6\" itemprop=\"thumbnailUrl\"  data-envirabox=\"21800\" \/><\/div><\/a><div class=\"envira-gallery-captioned-data envira-gallery-captioned-data-base\"><\/div><\/div><\/div><div id=\"envira-gallery-item-21747\" class=\"envira-gallery-item envira-gallery-item-7 envira-lazy-load enviratope-item\" style=\"padding-left: 5px; padding-bottom: 10px; padding-right: 5px;\"  itemscope itemtype=\"https:\/\/schema.org\/ImageObject\"><div class=\"envira-gallery-item-inner\"><div class=\"envira-gallery-position-overlay envira-gallery-top-left\"><\/div><div class=\"envira-gallery-position-overlay envira-gallery-top-right\"><\/div><div class=\"envira-gallery-position-overlay envira-gallery-bottom-left\"><\/div><div class=\"envira-gallery-position-overlay envira-gallery-bottom-right\"><\/div><a class=\"envira-gallery-21800 envira-gallery-link\" href=\"https:\/\/regese.ch\/fussball\/wp-content\/uploads\/2025\/09\/FCL-FCK05_27-09-25-7.jpg\" title=\"FCL - FCK05_27-09-25-7\" data-caption=\"\" data-envira-item-id=\"21747\" data-envira-retina=\"https:\/\/regese.ch\/fussball\/wp-content\/uploads\/2025\/09\/FCL-FCK05_27-09-25-7.jpg\" data-thumb=\"https:\/\/regese.ch\/fussball\/wp-content\/uploads\/2025\/09\/FCL-FCK05_27-09-25-7-75x50_c.jpg\" data-title=\"FCL - FCK05_27-09-25-7\" data-envirabox='21800' itemprop=\"contentUrl\"><div class=\"envira-lazy\" style=\"padding-bottom: 75%;\" data-envira-changed=\"false\" data-width=\"640\" data-height=\"480\"><img loading=\"lazy\" decoding=\"async\" src=\"https:\/\/regese.ch\/fussball\/wp-content\/uploads\/2025\/09\/FCL-FCK05_27-09-25-7-1536x1024.jpg\" alt=\"\" class=\"envira-gallery-image envira-gallery-image-7    envira-lazy\" height=\"480\" id=\"envira-gallery-image-21747\" srcset=\"data:image\/gif;base64,R0lGODlhAQABAIAAAP\/\/\/\/\/\/\/yH5BAEKAAEALAAAAAABAAEAAAICTAEAOw==\" tabindex=\"-1\" title=\"FCL - FCK05_27-09-25-7\" width=\"640\" data-caption=\"\" data-envira-gallery-id=\"21800\" data-envira-index=\"6\" data-envira-item-id=\"21747\" data-envira-src=\"https:\/\/regese.ch\/fussball\/wp-content\/uploads\/2025\/09\/FCL-FCK05_27-09-25-7-1536x1024.jpg\" data-envira-srcset=\"https:\/\/regese.ch\/fussball\/wp-content\/uploads\/2025\/09\/FCL-FCK05_27-09-25-7-1536x1024.jpg 400w, https:\/\/regese.ch\/fussball\/wp-content\/uploads\/2025\/09\/FCL-FCK05_27-09-25-7-1536x1024.jpg 2x\" data-title=\"FCL - FCK05_27-09-25-7\" itemprop=\"thumbnailUrl\"  data-envirabox=\"21800\" \/><\/div><\/a><div class=\"envira-gallery-captioned-data envira-gallery-captioned-data-base\"><\/div><\/div><\/div><div id=\"envira-gallery-item-21748\" class=\"envira-gallery-item envira-gallery-item-8 envira-lazy-load enviratope-item\" style=\"padding-left: 5px; padding-bottom: 10px; padding-right: 5px;\"  itemscope itemtype=\"https:\/\/schema.org\/ImageObject\"><div class=\"envira-gallery-item-inner\"><div class=\"envira-gallery-position-overlay envira-gallery-top-left\"><\/div><div class=\"envira-gallery-position-overlay envira-gallery-top-right\"><\/div><div class=\"envira-gallery-position-overlay envira-gallery-bottom-left\"><\/div><div class=\"envira-gallery-position-overlay envira-gallery-bottom-right\"><\/div><a class=\"envira-gallery-21800 envira-gallery-link\" href=\"https:\/\/regese.ch\/fussball\/wp-content\/uploads\/2025\/09\/FCL-FCK05_27-09-25-8.jpg\" title=\"FCL - FCK05_27-09-25-8\" data-caption=\"\" data-envira-item-id=\"21748\" data-envira-retina=\"https:\/\/regese.ch\/fussball\/wp-content\/uploads\/2025\/09\/FCL-FCK05_27-09-25-8.jpg\" data-thumb=\"https:\/\/regese.ch\/fussball\/wp-content\/uploads\/2025\/09\/FCL-FCK05_27-09-25-8-75x50_c.jpg\" data-title=\"FCL - FCK05_27-09-25-8\" data-envirabox='21800' itemprop=\"contentUrl\"><div class=\"envira-lazy\" style=\"padding-bottom: 75%;\" data-envira-changed=\"false\" data-width=\"640\" data-height=\"480\"><img loading=\"lazy\" decoding=\"async\" src=\"https:\/\/regese.ch\/fussball\/wp-content\/uploads\/2025\/09\/FCL-FCK05_27-09-25-8-1536x1024.jpg\" alt=\"\" class=\"envira-gallery-image envira-gallery-image-8    envira-lazy\" height=\"480\" id=\"envira-gallery-image-21748\" srcset=\"data:image\/gif;base64,R0lGODlhAQABAIAAAP\/\/\/\/\/\/\/yH5BAEKAAEALAAAAAABAAEAAAICTAEAOw==\" tabindex=\"-1\" title=\"FCL - FCK05_27-09-25-8\" width=\"640\" data-caption=\"\" data-envira-gallery-id=\"21800\" data-envira-index=\"7\" data-envira-item-id=\"21748\" data-envira-src=\"https:\/\/regese.ch\/fussball\/wp-content\/uploads\/2025\/09\/FCL-FCK05_27-09-25-8-1536x1024.jpg\" data-envira-srcset=\"https:\/\/regese.ch\/fussball\/wp-content\/uploads\/2025\/09\/FCL-FCK05_27-09-25-8-1536x1024.jpg 400w, https:\/\/regese.ch\/fussball\/wp-content\/uploads\/2025\/09\/FCL-FCK05_27-09-25-8-1536x1024.jpg 2x\" data-title=\"FCL - FCK05_27-09-25-8\" itemprop=\"thumbnailUrl\"  data-envirabox=\"21800\" \/><\/div><\/a><div class=\"envira-gallery-captioned-data envira-gallery-captioned-data-base\"><\/div><\/div><\/div><div id=\"envira-gallery-item-21749\" class=\"envira-gallery-item envira-gallery-item-9 envira-lazy-load enviratope-item\" style=\"padding-left: 5px; padding-bottom: 10px; padding-right: 5px;\"  itemscope itemtype=\"https:\/\/schema.org\/ImageObject\"><div class=\"envira-gallery-item-inner\"><div class=\"envira-gallery-position-overlay envira-gallery-top-left\"><\/div><div class=\"envira-gallery-position-overlay envira-gallery-top-right\"><\/div><div class=\"envira-gallery-position-overlay envira-gallery-bottom-left\"><\/div><div class=\"envira-gallery-position-overlay envira-gallery-bottom-right\"><\/div><a class=\"envira-gallery-21800 envira-gallery-link\" href=\"https:\/\/regese.ch\/fussball\/wp-content\/uploads\/2025\/09\/FCL-FCK05_27-09-25-9.jpg\" title=\"FCL - FCK05_27-09-25-9\" data-caption=\"\" data-envira-item-id=\"21749\" data-envira-retina=\"https:\/\/regese.ch\/fussball\/wp-content\/uploads\/2025\/09\/FCL-FCK05_27-09-25-9.jpg\" data-thumb=\"https:\/\/regese.ch\/fussball\/wp-content\/uploads\/2025\/09\/FCL-FCK05_27-09-25-9-75x50_c.jpg\" data-title=\"FCL - FCK05_27-09-25-9\" data-envirabox='21800' itemprop=\"contentUrl\"><div class=\"envira-lazy\" style=\"padding-bottom: 75%;\" data-envira-changed=\"false\" data-width=\"640\" data-height=\"480\"><img loading=\"lazy\" decoding=\"async\" src=\"https:\/\/regese.ch\/fussball\/wp-content\/uploads\/2025\/09\/FCL-FCK05_27-09-25-9-1536x1024.jpg\" alt=\"\" class=\"envira-gallery-image envira-gallery-image-9    envira-lazy\" height=\"480\" id=\"envira-gallery-image-21749\" srcset=\"data:image\/gif;base64,R0lGODlhAQABAIAAAP\/\/\/\/\/\/\/yH5BAEKAAEALAAAAAABAAEAAAICTAEAOw==\" tabindex=\"-1\" title=\"FCL - FCK05_27-09-25-9\" width=\"640\" data-caption=\"\" data-envira-gallery-id=\"21800\" data-envira-index=\"8\" data-envira-item-id=\"21749\" data-envira-src=\"https:\/\/regese.ch\/fussball\/wp-content\/uploads\/2025\/09\/FCL-FCK05_27-09-25-9-1536x1024.jpg\" data-envira-srcset=\"https:\/\/regese.ch\/fussball\/wp-content\/uploads\/2025\/09\/FCL-FCK05_27-09-25-9-1536x1024.jpg 400w, https:\/\/regese.ch\/fussball\/wp-content\/uploads\/2025\/09\/FCL-FCK05_27-09-25-9-1536x1024.jpg 2x\" data-title=\"FCL - FCK05_27-09-25-9\" itemprop=\"thumbnailUrl\"  data-envirabox=\"21800\" \/><\/div><\/a><div class=\"envira-gallery-captioned-data envira-gallery-captioned-data-base\"><\/div><\/div><\/div><div id=\"envira-gallery-item-21750\" class=\"envira-gallery-item envira-gallery-item-10 envira-lazy-load enviratope-item\" style=\"padding-left: 5px; padding-bottom: 10px; padding-right: 5px;\"  itemscope itemtype=\"https:\/\/schema.org\/ImageObject\"><div class=\"envira-gallery-item-inner\"><div class=\"envira-gallery-position-overlay envira-gallery-top-left\"><\/div><div class=\"envira-gallery-position-overlay envira-gallery-top-right\"><\/div><div class=\"envira-gallery-position-overlay envira-gallery-bottom-left\"><\/div><div class=\"envira-gallery-position-overlay envira-gallery-bottom-right\"><\/div><a class=\"envira-gallery-21800 envira-gallery-link\" href=\"https:\/\/regese.ch\/fussball\/wp-content\/uploads\/2025\/09\/FCL-FCK05_27-09-25-10.jpg\" title=\"FCL - FCK05_27-09-25-10\" data-caption=\"\" data-envira-item-id=\"21750\" data-envira-retina=\"https:\/\/regese.ch\/fussball\/wp-content\/uploads\/2025\/09\/FCL-FCK05_27-09-25-10.jpg\" data-thumb=\"https:\/\/regese.ch\/fussball\/wp-content\/uploads\/2025\/09\/FCL-FCK05_27-09-25-10-75x50_c.jpg\" data-title=\"FCL - FCK05_27-09-25-10\" data-envirabox='21800' itemprop=\"contentUrl\"><div class=\"envira-lazy\" style=\"padding-bottom: 75%;\" data-envira-changed=\"false\" data-width=\"640\" data-height=\"480\"><img loading=\"lazy\" decoding=\"async\" src=\"https:\/\/regese.ch\/fussball\/wp-content\/uploads\/2025\/09\/FCL-FCK05_27-09-25-10-1024x1536.jpg\" alt=\"\" class=\"envira-gallery-image envira-gallery-image-10    envira-lazy\" height=\"480\" id=\"envira-gallery-image-21750\" srcset=\"data:image\/gif;base64,R0lGODlhAQABAIAAAP\/\/\/\/\/\/\/yH5BAEKAAEALAAAAAABAAEAAAICTAEAOw==\" tabindex=\"-1\" title=\"FCL - FCK05_27-09-25-10\" width=\"640\" data-caption=\"\" data-envira-gallery-id=\"21800\" data-envira-index=\"9\" data-envira-item-id=\"21750\" data-envira-src=\"https:\/\/regese.ch\/fussball\/wp-content\/uploads\/2025\/09\/FCL-FCK05_27-09-25-10-1024x1536.jpg\" data-envira-srcset=\"https:\/\/regese.ch\/fussball\/wp-content\/uploads\/2025\/09\/FCL-FCK05_27-09-25-10-1024x1536.jpg 400w, https:\/\/regese.ch\/fussball\/wp-content\/uploads\/2025\/09\/FCL-FCK05_27-09-25-10-1024x1536.jpg 2x\" data-title=\"FCL - FCK05_27-09-25-10\" itemprop=\"thumbnailUrl\"  data-envirabox=\"21800\" \/><\/div><\/a><div class=\"envira-gallery-captioned-data envira-gallery-captioned-data-base\"><\/div><\/div><\/div><div id=\"envira-gallery-item-21751\" class=\"envira-gallery-item envira-gallery-item-11 envira-lazy-load enviratope-item\" style=\"padding-left: 5px; padding-bottom: 10px; padding-right: 5px;\"  itemscope itemtype=\"https:\/\/schema.org\/ImageObject\"><div class=\"envira-gallery-item-inner\"><div class=\"envira-gallery-position-overlay envira-gallery-top-left\"><\/div><div class=\"envira-gallery-position-overlay envira-gallery-top-right\"><\/div><div class=\"envira-gallery-position-overlay envira-gallery-bottom-left\"><\/div><div class=\"envira-gallery-position-overlay envira-gallery-bottom-right\"><\/div><a class=\"envira-gallery-21800 envira-gallery-link\" href=\"https:\/\/regese.ch\/fussball\/wp-content\/uploads\/2025\/09\/FCL-FCK05_27-09-25-11.jpg\" title=\"FCL - FCK05_27-09-25-11\" data-caption=\"\" data-envira-item-id=\"21751\" data-envira-retina=\"https:\/\/regese.ch\/fussball\/wp-content\/uploads\/2025\/09\/FCL-FCK05_27-09-25-11.jpg\" data-thumb=\"https:\/\/regese.ch\/fussball\/wp-content\/uploads\/2025\/09\/FCL-FCK05_27-09-25-11-75x50_c.jpg\" data-title=\"FCL - FCK05_27-09-25-11\" data-envirabox='21800' itemprop=\"contentUrl\"><div class=\"envira-lazy\" style=\"padding-bottom: 75%;\" data-envira-changed=\"false\" data-width=\"640\" data-height=\"480\"><img loading=\"lazy\" decoding=\"async\" src=\"https:\/\/regese.ch\/fussball\/wp-content\/uploads\/2025\/09\/FCL-FCK05_27-09-25-11-1536x1024.jpg\" alt=\"\" class=\"envira-gallery-image envira-gallery-image-11    envira-lazy\" height=\"480\" id=\"envira-gallery-image-21751\" srcset=\"data:image\/gif;base64,R0lGODlhAQABAIAAAP\/\/\/\/\/\/\/yH5BAEKAAEALAAAAAABAAEAAAICTAEAOw==\" tabindex=\"-1\" title=\"FCL - FCK05_27-09-25-11\" width=\"640\" data-caption=\"\" data-envira-gallery-id=\"21800\" data-envira-index=\"10\" data-envira-item-id=\"21751\" data-envira-src=\"https:\/\/regese.ch\/fussball\/wp-content\/uploads\/2025\/09\/FCL-FCK05_27-09-25-11-1536x1024.jpg\" data-envira-srcset=\"https:\/\/regese.ch\/fussball\/wp-content\/uploads\/2025\/09\/FCL-FCK05_27-09-25-11-1536x1024.jpg 400w, https:\/\/regese.ch\/fussball\/wp-content\/uploads\/2025\/09\/FCL-FCK05_27-09-25-11-1536x1024.jpg 2x\" data-title=\"FCL - FCK05_27-09-25-11\" itemprop=\"thumbnailUrl\"  data-envirabox=\"21800\" \/><\/div><\/a><div class=\"envira-gallery-captioned-data envira-gallery-captioned-data-base\"><\/div><\/div><\/div><div id=\"envira-gallery-item-21752\" class=\"envira-gallery-item envira-gallery-item-12 envira-lazy-load enviratope-item\" style=\"padding-left: 5px; padding-bottom: 10px; padding-right: 5px;\"  itemscope itemtype=\"https:\/\/schema.org\/ImageObject\"><div class=\"envira-gallery-item-inner\"><div class=\"envira-gallery-position-overlay envira-gallery-top-left\"><\/div><div class=\"envira-gallery-position-overlay envira-gallery-top-right\"><\/div><div class=\"envira-gallery-position-overlay envira-gallery-bottom-left\"><\/div><div class=\"envira-gallery-position-overlay envira-gallery-bottom-right\"><\/div><a class=\"envira-gallery-21800 envira-gallery-link\" href=\"https:\/\/regese.ch\/fussball\/wp-content\/uploads\/2025\/09\/FCL-FCK05_27-09-25-12.jpg\" title=\"FCL - FCK05_27-09-25-12\" data-caption=\"\" data-envira-item-id=\"21752\" data-envira-retina=\"https:\/\/regese.ch\/fussball\/wp-content\/uploads\/2025\/09\/FCL-FCK05_27-09-25-12.jpg\" data-thumb=\"https:\/\/regese.ch\/fussball\/wp-content\/uploads\/2025\/09\/FCL-FCK05_27-09-25-12-75x50_c.jpg\" data-title=\"FCL - FCK05_27-09-25-12\" data-envirabox='21800' itemprop=\"contentUrl\"><div class=\"envira-lazy\" style=\"padding-bottom: 75%;\" data-envira-changed=\"false\" data-width=\"640\" data-height=\"480\"><img loading=\"lazy\" decoding=\"async\" src=\"https:\/\/regese.ch\/fussball\/wp-content\/uploads\/2025\/09\/FCL-FCK05_27-09-25-12-1536x1024.jpg\" alt=\"\" class=\"envira-gallery-image envira-gallery-image-12    envira-lazy\" height=\"480\" id=\"envira-gallery-image-21752\" srcset=\"data:image\/gif;base64,R0lGODlhAQABAIAAAP\/\/\/\/\/\/\/yH5BAEKAAEALAAAAAABAAEAAAICTAEAOw==\" tabindex=\"-1\" title=\"FCL - FCK05_27-09-25-12\" width=\"640\" data-caption=\"\" data-envira-gallery-id=\"21800\" data-envira-index=\"11\" data-envira-item-id=\"21752\" data-envira-src=\"https:\/\/regese.ch\/fussball\/wp-content\/uploads\/2025\/09\/FCL-FCK05_27-09-25-12-1536x1024.jpg\" data-envira-srcset=\"https:\/\/regese.ch\/fussball\/wp-content\/uploads\/2025\/09\/FCL-FCK05_27-09-25-12-1536x1024.jpg 400w, https:\/\/regese.ch\/fussball\/wp-content\/uploads\/2025\/09\/FCL-FCK05_27-09-25-12-1536x1024.jpg 2x\" data-title=\"FCL - FCK05_27-09-25-12\" itemprop=\"thumbnailUrl\"  data-envirabox=\"21800\" \/><\/div><\/a><div class=\"envira-gallery-captioned-data envira-gallery-captioned-data-base\"><\/div><\/div><\/div><div id=\"envira-gallery-item-21753\" class=\"envira-gallery-item envira-gallery-item-13 envira-lazy-load enviratope-item\" style=\"padding-left: 5px; padding-bottom: 10px; padding-right: 5px;\"  itemscope itemtype=\"https:\/\/schema.org\/ImageObject\"><div class=\"envira-gallery-item-inner\"><div class=\"envira-gallery-position-overlay envira-gallery-top-left\"><\/div><div class=\"envira-gallery-position-overlay envira-gallery-top-right\"><\/div><div class=\"envira-gallery-position-overlay envira-gallery-bottom-left\"><\/div><div class=\"envira-gallery-position-overlay envira-gallery-bottom-right\"><\/div><a class=\"envira-gallery-21800 envira-gallery-link\" href=\"https:\/\/regese.ch\/fussball\/wp-content\/uploads\/2025\/09\/FCL-FCK05_27-09-25-13.jpg\" title=\"FCL - FCK05_27-09-25-13\" data-caption=\"\" data-envira-item-id=\"21753\" data-envira-retina=\"https:\/\/regese.ch\/fussball\/wp-content\/uploads\/2025\/09\/FCL-FCK05_27-09-25-13.jpg\" data-thumb=\"https:\/\/regese.ch\/fussball\/wp-content\/uploads\/2025\/09\/FCL-FCK05_27-09-25-13-75x50_c.jpg\" data-title=\"FCL - FCK05_27-09-25-13\" data-envirabox='21800' itemprop=\"contentUrl\"><div class=\"envira-lazy\" style=\"padding-bottom: 75%;\" data-envira-changed=\"false\" data-width=\"640\" data-height=\"480\"><img loading=\"lazy\" decoding=\"async\" src=\"https:\/\/regese.ch\/fussball\/wp-content\/uploads\/2025\/09\/FCL-FCK05_27-09-25-13-1536x1024.jpg\" alt=\"\" class=\"envira-gallery-image envira-gallery-image-13    envira-lazy\" height=\"480\" id=\"envira-gallery-image-21753\" srcset=\"data:image\/gif;base64,R0lGODlhAQABAIAAAP\/\/\/\/\/\/\/yH5BAEKAAEALAAAAAABAAEAAAICTAEAOw==\" tabindex=\"-1\" title=\"FCL - FCK05_27-09-25-13\" width=\"640\" data-caption=\"\" data-envira-gallery-id=\"21800\" data-envira-index=\"12\" data-envira-item-id=\"21753\" data-envira-src=\"https:\/\/regese.ch\/fussball\/wp-content\/uploads\/2025\/09\/FCL-FCK05_27-09-25-13-1536x1024.jpg\" data-envira-srcset=\"https:\/\/regese.ch\/fussball\/wp-content\/uploads\/2025\/09\/FCL-FCK05_27-09-25-13-1536x1024.jpg 400w, https:\/\/regese.ch\/fussball\/wp-content\/uploads\/2025\/09\/FCL-FCK05_27-09-25-13-1536x1024.jpg 2x\" data-title=\"FCL - FCK05_27-09-25-13\" itemprop=\"thumbnailUrl\"  data-envirabox=\"21800\" \/><\/div><\/a><div class=\"envira-gallery-captioned-data envira-gallery-captioned-data-base\"><\/div><\/div><\/div><div id=\"envira-gallery-item-21754\" class=\"envira-gallery-item envira-gallery-item-14 envira-lazy-load enviratope-item\" style=\"padding-left: 5px; padding-bottom: 10px; padding-right: 5px;\"  itemscope itemtype=\"https:\/\/schema.org\/ImageObject\"><div class=\"envira-gallery-item-inner\"><div class=\"envira-gallery-position-overlay envira-gallery-top-left\"><\/div><div class=\"envira-gallery-position-overlay envira-gallery-top-right\"><\/div><div class=\"envira-gallery-position-overlay envira-gallery-bottom-left\"><\/div><div class=\"envira-gallery-position-overlay envira-gallery-bottom-right\"><\/div><a class=\"envira-gallery-21800 envira-gallery-link\" href=\"https:\/\/regese.ch\/fussball\/wp-content\/uploads\/2025\/09\/FCL-FCK05_27-09-25-14.jpg\" title=\"FCL - FCK05_27-09-25-14\" data-caption=\"\" data-envira-item-id=\"21754\" data-envira-retina=\"https:\/\/regese.ch\/fussball\/wp-content\/uploads\/2025\/09\/FCL-FCK05_27-09-25-14.jpg\" data-thumb=\"https:\/\/regese.ch\/fussball\/wp-content\/uploads\/2025\/09\/FCL-FCK05_27-09-25-14-75x50_c.jpg\" data-title=\"FCL - FCK05_27-09-25-14\" data-envirabox='21800' itemprop=\"contentUrl\"><div class=\"envira-lazy\" style=\"padding-bottom: 75%;\" data-envira-changed=\"false\" data-width=\"640\" data-height=\"480\"><img loading=\"lazy\" decoding=\"async\" src=\"https:\/\/regese.ch\/fussball\/wp-content\/uploads\/2025\/09\/FCL-FCK05_27-09-25-14-1536x1024.jpg\" alt=\"\" class=\"envira-gallery-image envira-gallery-image-14    envira-lazy\" height=\"480\" id=\"envira-gallery-image-21754\" srcset=\"data:image\/gif;base64,R0lGODlhAQABAIAAAP\/\/\/\/\/\/\/yH5BAEKAAEALAAAAAABAAEAAAICTAEAOw==\" tabindex=\"-1\" title=\"FCL - FCK05_27-09-25-14\" width=\"640\" data-caption=\"\" data-envira-gallery-id=\"21800\" data-envira-index=\"13\" data-envira-item-id=\"21754\" data-envira-src=\"https:\/\/regese.ch\/fussball\/wp-content\/uploads\/2025\/09\/FCL-FCK05_27-09-25-14-1536x1024.jpg\" data-envira-srcset=\"https:\/\/regese.ch\/fussball\/wp-content\/uploads\/2025\/09\/FCL-FCK05_27-09-25-14-1536x1024.jpg 400w, https:\/\/regese.ch\/fussball\/wp-content\/uploads\/2025\/09\/FCL-FCK05_27-09-25-14-1536x1024.jpg 2x\" data-title=\"FCL - FCK05_27-09-25-14\" itemprop=\"thumbnailUrl\"  data-envirabox=\"21800\" \/><\/div><\/a><div class=\"envira-gallery-captioned-data envira-gallery-captioned-data-base\"><\/div><\/div><\/div><div id=\"envira-gallery-item-21755\" class=\"envira-gallery-item envira-gallery-item-15 envira-lazy-load enviratope-item\" style=\"padding-left: 5px; padding-bottom: 10px; padding-right: 5px;\"  itemscope itemtype=\"https:\/\/schema.org\/ImageObject\"><div class=\"envira-gallery-item-inner\"><div class=\"envira-gallery-position-overlay envira-gallery-top-left\"><\/div><div class=\"envira-gallery-position-overlay envira-gallery-top-right\"><\/div><div class=\"envira-gallery-position-overlay envira-gallery-bottom-left\"><\/div><div class=\"envira-gallery-position-overlay envira-gallery-bottom-right\"><\/div><a class=\"envira-gallery-21800 envira-gallery-link\" href=\"https:\/\/regese.ch\/fussball\/wp-content\/uploads\/2025\/09\/FCL-FCK05_27-09-25-15.jpg\" title=\"FCL - FCK05_27-09-25-15\" data-caption=\"\" data-envira-item-id=\"21755\" data-envira-retina=\"https:\/\/regese.ch\/fussball\/wp-content\/uploads\/2025\/09\/FCL-FCK05_27-09-25-15.jpg\" data-thumb=\"https:\/\/regese.ch\/fussball\/wp-content\/uploads\/2025\/09\/FCL-FCK05_27-09-25-15-75x50_c.jpg\" data-title=\"FCL - FCK05_27-09-25-15\" data-envirabox='21800' itemprop=\"contentUrl\"><div class=\"envira-lazy\" style=\"padding-bottom: 75%;\" data-envira-changed=\"false\" data-width=\"640\" data-height=\"480\"><img loading=\"lazy\" decoding=\"async\" src=\"https:\/\/regese.ch\/fussball\/wp-content\/uploads\/2025\/09\/FCL-FCK05_27-09-25-15-1536x1024.jpg\" alt=\"\" class=\"envira-gallery-image envira-gallery-image-15    envira-lazy\" height=\"480\" id=\"envira-gallery-image-21755\" srcset=\"data:image\/gif;base64,R0lGODlhAQABAIAAAP\/\/\/\/\/\/\/yH5BAEKAAEALAAAAAABAAEAAAICTAEAOw==\" tabindex=\"-1\" title=\"FCL - FCK05_27-09-25-15\" width=\"640\" data-caption=\"\" data-envira-gallery-id=\"21800\" data-envira-index=\"14\" data-envira-item-id=\"21755\" data-envira-src=\"https:\/\/regese.ch\/fussball\/wp-content\/uploads\/2025\/09\/FCL-FCK05_27-09-25-15-1536x1024.jpg\" data-envira-srcset=\"https:\/\/regese.ch\/fussball\/wp-content\/uploads\/2025\/09\/FCL-FCK05_27-09-25-15-1536x1024.jpg 400w, https:\/\/regese.ch\/fussball\/wp-content\/uploads\/2025\/09\/FCL-FCK05_27-09-25-15-1536x1024.jpg 2x\" data-title=\"FCL - FCK05_27-09-25-15\" itemprop=\"thumbnailUrl\"  data-envirabox=\"21800\" \/><\/div><\/a><div class=\"envira-gallery-captioned-data envira-gallery-captioned-data-base\"><\/div><\/div><\/div><div id=\"envira-gallery-item-21756\" class=\"envira-gallery-item envira-gallery-item-16 envira-lazy-load enviratope-item\" style=\"padding-left: 5px; padding-bottom: 10px; padding-right: 5px;\"  itemscope itemtype=\"https:\/\/schema.org\/ImageObject\"><div class=\"envira-gallery-item-inner\"><div class=\"envira-gallery-position-overlay envira-gallery-top-left\"><\/div><div class=\"envira-gallery-position-overlay envira-gallery-top-right\"><\/div><div class=\"envira-gallery-position-overlay envira-gallery-bottom-left\"><\/div><div class=\"envira-gallery-position-overlay envira-gallery-bottom-right\"><\/div><a class=\"envira-gallery-21800 envira-gallery-link\" href=\"https:\/\/regese.ch\/fussball\/wp-content\/uploads\/2025\/09\/FCL-FCK05_27-09-25-16.jpg\" title=\"FCL - FCK05_27-09-25-16\" data-caption=\"\" data-envira-item-id=\"21756\" data-envira-retina=\"https:\/\/regese.ch\/fussball\/wp-content\/uploads\/2025\/09\/FCL-FCK05_27-09-25-16.jpg\" data-thumb=\"https:\/\/regese.ch\/fussball\/wp-content\/uploads\/2025\/09\/FCL-FCK05_27-09-25-16-75x50_c.jpg\" data-title=\"FCL - FCK05_27-09-25-16\" data-envirabox='21800' itemprop=\"contentUrl\"><div class=\"envira-lazy\" style=\"padding-bottom: 75%;\" data-envira-changed=\"false\" data-width=\"640\" data-height=\"480\"><img loading=\"lazy\" decoding=\"async\" src=\"https:\/\/regese.ch\/fussball\/wp-content\/uploads\/2025\/09\/FCL-FCK05_27-09-25-16-1536x1024.jpg\" alt=\"\" class=\"envira-gallery-image envira-gallery-image-16    envira-lazy\" height=\"480\" id=\"envira-gallery-image-21756\" srcset=\"data:image\/gif;base64,R0lGODlhAQABAIAAAP\/\/\/\/\/\/\/yH5BAEKAAEALAAAAAABAAEAAAICTAEAOw==\" tabindex=\"-1\" title=\"FCL - FCK05_27-09-25-16\" width=\"640\" data-caption=\"\" data-envira-gallery-id=\"21800\" data-envira-index=\"15\" data-envira-item-id=\"21756\" data-envira-src=\"https:\/\/regese.ch\/fussball\/wp-content\/uploads\/2025\/09\/FCL-FCK05_27-09-25-16-1536x1024.jpg\" data-envira-srcset=\"https:\/\/regese.ch\/fussball\/wp-content\/uploads\/2025\/09\/FCL-FCK05_27-09-25-16-1536x1024.jpg 400w, https:\/\/regese.ch\/fussball\/wp-content\/uploads\/2025\/09\/FCL-FCK05_27-09-25-16-1536x1024.jpg 2x\" data-title=\"FCL - FCK05_27-09-25-16\" itemprop=\"thumbnailUrl\"  data-envirabox=\"21800\" \/><\/div><\/a><div class=\"envira-gallery-captioned-data envira-gallery-captioned-data-base\"><\/div><\/div><\/div><div id=\"envira-gallery-item-21757\" class=\"envira-gallery-item envira-gallery-item-17 envira-lazy-load enviratope-item\" style=\"padding-left: 5px; padding-bottom: 10px; padding-right: 5px;\"  itemscope itemtype=\"https:\/\/schema.org\/ImageObject\"><div class=\"envira-gallery-item-inner\"><div class=\"envira-gallery-position-overlay envira-gallery-top-left\"><\/div><div class=\"envira-gallery-position-overlay envira-gallery-top-right\"><\/div><div class=\"envira-gallery-position-overlay envira-gallery-bottom-left\"><\/div><div class=\"envira-gallery-position-overlay envira-gallery-bottom-right\"><\/div><a class=\"envira-gallery-21800 envira-gallery-link\" href=\"https:\/\/regese.ch\/fussball\/wp-content\/uploads\/2025\/09\/FCL-FCK05_27-09-25-17.jpg\" title=\"FCL - FCK05_27-09-25-17\" data-caption=\"\" data-envira-item-id=\"21757\" data-envira-retina=\"https:\/\/regese.ch\/fussball\/wp-content\/uploads\/2025\/09\/FCL-FCK05_27-09-25-17.jpg\" data-thumb=\"https:\/\/regese.ch\/fussball\/wp-content\/uploads\/2025\/09\/FCL-FCK05_27-09-25-17-75x50_c.jpg\" data-title=\"FCL - FCK05_27-09-25-17\" data-envirabox='21800' itemprop=\"contentUrl\"><div class=\"envira-lazy\" style=\"padding-bottom: 75%;\" data-envira-changed=\"false\" data-width=\"640\" data-height=\"480\"><img loading=\"lazy\" decoding=\"async\" src=\"https:\/\/regese.ch\/fussball\/wp-content\/uploads\/2025\/09\/FCL-FCK05_27-09-25-17-1536x1024.jpg\" alt=\"\" class=\"envira-gallery-image envira-gallery-image-17    envira-lazy\" height=\"480\" id=\"envira-gallery-image-21757\" srcset=\"data:image\/gif;base64,R0lGODlhAQABAIAAAP\/\/\/\/\/\/\/yH5BAEKAAEALAAAAAABAAEAAAICTAEAOw==\" tabindex=\"-1\" title=\"FCL - FCK05_27-09-25-17\" width=\"640\" data-caption=\"\" data-envira-gallery-id=\"21800\" data-envira-index=\"16\" data-envira-item-id=\"21757\" data-envira-src=\"https:\/\/regese.ch\/fussball\/wp-content\/uploads\/2025\/09\/FCL-FCK05_27-09-25-17-1536x1024.jpg\" data-envira-srcset=\"https:\/\/regese.ch\/fussball\/wp-content\/uploads\/2025\/09\/FCL-FCK05_27-09-25-17-1536x1024.jpg 400w, https:\/\/regese.ch\/fussball\/wp-content\/uploads\/2025\/09\/FCL-FCK05_27-09-25-17-1536x1024.jpg 2x\" data-title=\"FCL - FCK05_27-09-25-17\" itemprop=\"thumbnailUrl\"  data-envirabox=\"21800\" \/><\/div><\/a><div class=\"envira-gallery-captioned-data envira-gallery-captioned-data-base\"><\/div><\/div><\/div><div id=\"envira-gallery-item-21758\" class=\"envira-gallery-item envira-gallery-item-18 envira-lazy-load enviratope-item\" style=\"padding-left: 5px; padding-bottom: 10px; padding-right: 5px;\"  itemscope itemtype=\"https:\/\/schema.org\/ImageObject\"><div class=\"envira-gallery-item-inner\"><div class=\"envira-gallery-position-overlay envira-gallery-top-left\"><\/div><div class=\"envira-gallery-position-overlay envira-gallery-top-right\"><\/div><div class=\"envira-gallery-position-overlay envira-gallery-bottom-left\"><\/div><div class=\"envira-gallery-position-overlay envira-gallery-bottom-right\"><\/div><a class=\"envira-gallery-21800 envira-gallery-link\" href=\"https:\/\/regese.ch\/fussball\/wp-content\/uploads\/2025\/09\/FCL-FCK05_27-09-25-18.jpg\" title=\"FCL - FCK05_27-09-25-18\" data-caption=\"\" data-envira-item-id=\"21758\" data-envira-retina=\"https:\/\/regese.ch\/fussball\/wp-content\/uploads\/2025\/09\/FCL-FCK05_27-09-25-18.jpg\" data-thumb=\"https:\/\/regese.ch\/fussball\/wp-content\/uploads\/2025\/09\/FCL-FCK05_27-09-25-18-75x50_c.jpg\" data-title=\"FCL - FCK05_27-09-25-18\" data-envirabox='21800' itemprop=\"contentUrl\"><div class=\"envira-lazy\" style=\"padding-bottom: 75%;\" data-envira-changed=\"false\" data-width=\"640\" data-height=\"480\"><img loading=\"lazy\" decoding=\"async\" src=\"https:\/\/regese.ch\/fussball\/wp-content\/uploads\/2025\/09\/FCL-FCK05_27-09-25-18-1536x1024.jpg\" alt=\"\" class=\"envira-gallery-image envira-gallery-image-18    envira-lazy\" height=\"480\" id=\"envira-gallery-image-21758\" srcset=\"data:image\/gif;base64,R0lGODlhAQABAIAAAP\/\/\/\/\/\/\/yH5BAEKAAEALAAAAAABAAEAAAICTAEAOw==\" tabindex=\"-1\" title=\"FCL - FCK05_27-09-25-18\" width=\"640\" data-caption=\"\" data-envira-gallery-id=\"21800\" data-envira-index=\"17\" data-envira-item-id=\"21758\" data-envira-src=\"https:\/\/regese.ch\/fussball\/wp-content\/uploads\/2025\/09\/FCL-FCK05_27-09-25-18-1536x1024.jpg\" data-envira-srcset=\"https:\/\/regese.ch\/fussball\/wp-content\/uploads\/2025\/09\/FCL-FCK05_27-09-25-18-1536x1024.jpg 400w, https:\/\/regese.ch\/fussball\/wp-content\/uploads\/2025\/09\/FCL-FCK05_27-09-25-18-1536x1024.jpg 2x\" data-title=\"FCL - FCK05_27-09-25-18\" itemprop=\"thumbnailUrl\"  data-envirabox=\"21800\" \/><\/div><\/a><div class=\"envira-gallery-captioned-data envira-gallery-captioned-data-base\"><\/div><\/div><\/div><div id=\"envira-gallery-item-21759\" class=\"envira-gallery-item envira-gallery-item-19 envira-lazy-load enviratope-item\" style=\"padding-left: 5px; padding-bottom: 10px; padding-right: 5px;\"  itemscope itemtype=\"https:\/\/schema.org\/ImageObject\"><div class=\"envira-gallery-item-inner\"><div class=\"envira-gallery-position-overlay envira-gallery-top-left\"><\/div><div class=\"envira-gallery-position-overlay envira-gallery-top-right\"><\/div><div class=\"envira-gallery-position-overlay envira-gallery-bottom-left\"><\/div><div class=\"envira-gallery-position-overlay envira-gallery-bottom-right\"><\/div><a class=\"envira-gallery-21800 envira-gallery-link\" href=\"https:\/\/regese.ch\/fussball\/wp-content\/uploads\/2025\/09\/FCL-FCK05_27-09-25-19.jpg\" title=\"FCL - FCK05_27-09-25-19\" data-caption=\"\" data-envira-item-id=\"21759\" data-envira-retina=\"https:\/\/regese.ch\/fussball\/wp-content\/uploads\/2025\/09\/FCL-FCK05_27-09-25-19.jpg\" data-thumb=\"https:\/\/regese.ch\/fussball\/wp-content\/uploads\/2025\/09\/FCL-FCK05_27-09-25-19-75x50_c.jpg\" data-title=\"FCL - FCK05_27-09-25-19\" data-envirabox='21800' itemprop=\"contentUrl\"><div class=\"envira-lazy\" style=\"padding-bottom: 75%;\" data-envira-changed=\"false\" data-width=\"640\" data-height=\"480\"><img loading=\"lazy\" decoding=\"async\" src=\"https:\/\/regese.ch\/fussball\/wp-content\/uploads\/2025\/09\/FCL-FCK05_27-09-25-19-1536x1024.jpg\" alt=\"\" class=\"envira-gallery-image envira-gallery-image-19    envira-lazy\" height=\"480\" id=\"envira-gallery-image-21759\" srcset=\"data:image\/gif;base64,R0lGODlhAQABAIAAAP\/\/\/\/\/\/\/yH5BAEKAAEALAAAAAABAAEAAAICTAEAOw==\" tabindex=\"-1\" title=\"FCL - FCK05_27-09-25-19\" width=\"640\" data-caption=\"\" data-envira-gallery-id=\"21800\" data-envira-index=\"18\" data-envira-item-id=\"21759\" data-envira-src=\"https:\/\/regese.ch\/fussball\/wp-content\/uploads\/2025\/09\/FCL-FCK05_27-09-25-19-1536x1024.jpg\" data-envira-srcset=\"https:\/\/regese.ch\/fussball\/wp-content\/uploads\/2025\/09\/FCL-FCK05_27-09-25-19-1536x1024.jpg 400w, https:\/\/regese.ch\/fussball\/wp-content\/uploads\/2025\/09\/FCL-FCK05_27-09-25-19-1536x1024.jpg 2x\" data-title=\"FCL - FCK05_27-09-25-19\" itemprop=\"thumbnailUrl\"  data-envirabox=\"21800\" \/><\/div><\/a><div class=\"envira-gallery-captioned-data envira-gallery-captioned-data-base\"><\/div><\/div><\/div><div id=\"envira-gallery-item-21760\" class=\"envira-gallery-item envira-gallery-item-20 envira-lazy-load enviratope-item\" style=\"padding-left: 5px; padding-bottom: 10px; padding-right: 5px;\"  itemscope itemtype=\"https:\/\/schema.org\/ImageObject\"><div class=\"envira-gallery-item-inner\"><div class=\"envira-gallery-position-overlay envira-gallery-top-left\"><\/div><div class=\"envira-gallery-position-overlay envira-gallery-top-right\"><\/div><div class=\"envira-gallery-position-overlay envira-gallery-bottom-left\"><\/div><div class=\"envira-gallery-position-overlay envira-gallery-bottom-right\"><\/div><a class=\"envira-gallery-21800 envira-gallery-link\" href=\"https:\/\/regese.ch\/fussball\/wp-content\/uploads\/2025\/09\/FCL-FCK05_27-09-25-20.jpg\" title=\"FCL - FCK05_27-09-25-20\" data-caption=\"\" data-envira-item-id=\"21760\" data-envira-retina=\"https:\/\/regese.ch\/fussball\/wp-content\/uploads\/2025\/09\/FCL-FCK05_27-09-25-20.jpg\" data-thumb=\"https:\/\/regese.ch\/fussball\/wp-content\/uploads\/2025\/09\/FCL-FCK05_27-09-25-20-75x50_c.jpg\" data-title=\"FCL - FCK05_27-09-25-20\" data-envirabox='21800' itemprop=\"contentUrl\"><div class=\"envira-lazy\" style=\"padding-bottom: 75%;\" data-envira-changed=\"false\" data-width=\"640\" data-height=\"480\"><img loading=\"lazy\" decoding=\"async\" src=\"https:\/\/regese.ch\/fussball\/wp-content\/uploads\/2025\/09\/FCL-FCK05_27-09-25-20-1536x1024.jpg\" alt=\"\" class=\"envira-gallery-image envira-gallery-image-20    envira-lazy\" height=\"480\" id=\"envira-gallery-image-21760\" srcset=\"data:image\/gif;base64,R0lGODlhAQABAIAAAP\/\/\/\/\/\/\/yH5BAEKAAEALAAAAAABAAEAAAICTAEAOw==\" tabindex=\"-1\" title=\"FCL - FCK05_27-09-25-20\" width=\"640\" data-caption=\"\" data-envira-gallery-id=\"21800\" data-envira-index=\"19\" data-envira-item-id=\"21760\" data-envira-src=\"https:\/\/regese.ch\/fussball\/wp-content\/uploads\/2025\/09\/FCL-FCK05_27-09-25-20-1536x1024.jpg\" data-envira-srcset=\"https:\/\/regese.ch\/fussball\/wp-content\/uploads\/2025\/09\/FCL-FCK05_27-09-25-20-1536x1024.jpg 400w, https:\/\/regese.ch\/fussball\/wp-content\/uploads\/2025\/09\/FCL-FCK05_27-09-25-20-1536x1024.jpg 2x\" data-title=\"FCL - FCK05_27-09-25-20\" itemprop=\"thumbnailUrl\"  data-envirabox=\"21800\" \/><\/div><\/a><div class=\"envira-gallery-captioned-data envira-gallery-captioned-data-base\"><\/div><\/div><\/div><div id=\"envira-gallery-item-21761\" class=\"envira-gallery-item envira-gallery-item-21 envira-lazy-load enviratope-item\" style=\"padding-left: 5px; padding-bottom: 10px; padding-right: 5px;\"  itemscope itemtype=\"https:\/\/schema.org\/ImageObject\"><div class=\"envira-gallery-item-inner\"><div class=\"envira-gallery-position-overlay envira-gallery-top-left\"><\/div><div class=\"envira-gallery-position-overlay envira-gallery-top-right\"><\/div><div class=\"envira-gallery-position-overlay envira-gallery-bottom-left\"><\/div><div class=\"envira-gallery-position-overlay envira-gallery-bottom-right\"><\/div><a class=\"envira-gallery-21800 envira-gallery-link\" href=\"https:\/\/regese.ch\/fussball\/wp-content\/uploads\/2025\/09\/FCL-FCK05_27-09-25-21.jpg\" title=\"FCL - FCK05_27-09-25-21\" data-caption=\"\" data-envira-item-id=\"21761\" data-envira-retina=\"https:\/\/regese.ch\/fussball\/wp-content\/uploads\/2025\/09\/FCL-FCK05_27-09-25-21.jpg\" data-thumb=\"https:\/\/regese.ch\/fussball\/wp-content\/uploads\/2025\/09\/FCL-FCK05_27-09-25-21-75x50_c.jpg\" data-title=\"FCL - FCK05_27-09-25-21\" data-envirabox='21800' itemprop=\"contentUrl\"><div class=\"envira-lazy\" style=\"padding-bottom: 75%;\" data-envira-changed=\"false\" data-width=\"640\" data-height=\"480\"><img loading=\"lazy\" decoding=\"async\" src=\"https:\/\/regese.ch\/fussball\/wp-content\/uploads\/2025\/09\/FCL-FCK05_27-09-25-21-1024x1536.jpg\" alt=\"\" class=\"envira-gallery-image envira-gallery-image-21    envira-lazy\" height=\"480\" id=\"envira-gallery-image-21761\" srcset=\"data:image\/gif;base64,R0lGODlhAQABAIAAAP\/\/\/\/\/\/\/yH5BAEKAAEALAAAAAABAAEAAAICTAEAOw==\" tabindex=\"-1\" title=\"FCL - FCK05_27-09-25-21\" width=\"640\" data-caption=\"\" data-envira-gallery-id=\"21800\" data-envira-index=\"20\" data-envira-item-id=\"21761\" data-envira-src=\"https:\/\/regese.ch\/fussball\/wp-content\/uploads\/2025\/09\/FCL-FCK05_27-09-25-21-1024x1536.jpg\" data-envira-srcset=\"https:\/\/regese.ch\/fussball\/wp-content\/uploads\/2025\/09\/FCL-FCK05_27-09-25-21-1024x1536.jpg 400w, https:\/\/regese.ch\/fussball\/wp-content\/uploads\/2025\/09\/FCL-FCK05_27-09-25-21-1024x1536.jpg 2x\" data-title=\"FCL - FCK05_27-09-25-21\" itemprop=\"thumbnailUrl\"  data-envirabox=\"21800\" \/><\/div><\/a><div class=\"envira-gallery-captioned-data envira-gallery-captioned-data-base\"><\/div><\/div><\/div><div id=\"envira-gallery-item-21762\" class=\"envira-gallery-item envira-gallery-item-22 envira-lazy-load enviratope-item\" style=\"padding-left: 5px; padding-bottom: 10px; padding-right: 5px;\"  itemscope itemtype=\"https:\/\/schema.org\/ImageObject\"><div class=\"envira-gallery-item-inner\"><div class=\"envira-gallery-position-overlay envira-gallery-top-left\"><\/div><div class=\"envira-gallery-position-overlay envira-gallery-top-right\"><\/div><div class=\"envira-gallery-position-overlay envira-gallery-bottom-left\"><\/div><div class=\"envira-gallery-position-overlay envira-gallery-bottom-right\"><\/div><a class=\"envira-gallery-21800 envira-gallery-link\" href=\"https:\/\/regese.ch\/fussball\/wp-content\/uploads\/2025\/09\/FCL-FCK05_27-09-25-22.jpg\" title=\"FCL - FCK05_27-09-25-22\" data-caption=\"\" data-envira-item-id=\"21762\" data-envira-retina=\"https:\/\/regese.ch\/fussball\/wp-content\/uploads\/2025\/09\/FCL-FCK05_27-09-25-22.jpg\" data-thumb=\"https:\/\/regese.ch\/fussball\/wp-content\/uploads\/2025\/09\/FCL-FCK05_27-09-25-22-75x50_c.jpg\" data-title=\"FCL - FCK05_27-09-25-22\" data-envirabox='21800' itemprop=\"contentUrl\"><div class=\"envira-lazy\" style=\"padding-bottom: 75%;\" data-envira-changed=\"false\" data-width=\"640\" data-height=\"480\"><img loading=\"lazy\" decoding=\"async\" src=\"https:\/\/regese.ch\/fussball\/wp-content\/uploads\/2025\/09\/FCL-FCK05_27-09-25-22-1536x1024.jpg\" alt=\"\" class=\"envira-gallery-image envira-gallery-image-22    envira-lazy\" height=\"480\" id=\"envira-gallery-image-21762\" srcset=\"data:image\/gif;base64,R0lGODlhAQABAIAAAP\/\/\/\/\/\/\/yH5BAEKAAEALAAAAAABAAEAAAICTAEAOw==\" tabindex=\"-1\" title=\"FCL - FCK05_27-09-25-22\" width=\"640\" data-caption=\"\" data-envira-gallery-id=\"21800\" data-envira-index=\"21\" data-envira-item-id=\"21762\" data-envira-src=\"https:\/\/regese.ch\/fussball\/wp-content\/uploads\/2025\/09\/FCL-FCK05_27-09-25-22-1536x1024.jpg\" data-envira-srcset=\"https:\/\/regese.ch\/fussball\/wp-content\/uploads\/2025\/09\/FCL-FCK05_27-09-25-22-1536x1024.jpg 400w, https:\/\/regese.ch\/fussball\/wp-content\/uploads\/2025\/09\/FCL-FCK05_27-09-25-22-1536x1024.jpg 2x\" data-title=\"FCL - FCK05_27-09-25-22\" itemprop=\"thumbnailUrl\"  data-envirabox=\"21800\" \/><\/div><\/a><div class=\"envira-gallery-captioned-data envira-gallery-captioned-data-base\"><\/div><\/div><\/div><div id=\"envira-gallery-item-21763\" class=\"envira-gallery-item envira-gallery-item-23 envira-lazy-load enviratope-item\" style=\"padding-left: 5px; padding-bottom: 10px; padding-right: 5px;\"  itemscope itemtype=\"https:\/\/schema.org\/ImageObject\"><div class=\"envira-gallery-item-inner\"><div class=\"envira-gallery-position-overlay envira-gallery-top-left\"><\/div><div class=\"envira-gallery-position-overlay envira-gallery-top-right\"><\/div><div class=\"envira-gallery-position-overlay envira-gallery-bottom-left\"><\/div><div class=\"envira-gallery-position-overlay envira-gallery-bottom-right\"><\/div><a class=\"envira-gallery-21800 envira-gallery-link\" href=\"https:\/\/regese.ch\/fussball\/wp-content\/uploads\/2025\/09\/FCL-FCK05_27-09-25-23.jpg\" title=\"FCL - FCK05_27-09-25-23\" data-caption=\"\" data-envira-item-id=\"21763\" data-envira-retina=\"https:\/\/regese.ch\/fussball\/wp-content\/uploads\/2025\/09\/FCL-FCK05_27-09-25-23.jpg\" data-thumb=\"https:\/\/regese.ch\/fussball\/wp-content\/uploads\/2025\/09\/FCL-FCK05_27-09-25-23-75x50_c.jpg\" data-title=\"FCL - FCK05_27-09-25-23\" data-envirabox='21800' itemprop=\"contentUrl\"><div class=\"envira-lazy\" style=\"padding-bottom: 75%;\" data-envira-changed=\"false\" data-width=\"640\" data-height=\"480\"><img loading=\"lazy\" decoding=\"async\" src=\"https:\/\/regese.ch\/fussball\/wp-content\/uploads\/2025\/09\/FCL-FCK05_27-09-25-23-1536x1024.jpg\" alt=\"\" class=\"envira-gallery-image envira-gallery-image-23    envira-lazy\" height=\"480\" id=\"envira-gallery-image-21763\" srcset=\"data:image\/gif;base64,R0lGODlhAQABAIAAAP\/\/\/\/\/\/\/yH5BAEKAAEALAAAAAABAAEAAAICTAEAOw==\" tabindex=\"-1\" title=\"FCL - FCK05_27-09-25-23\" width=\"640\" data-caption=\"\" data-envira-gallery-id=\"21800\" data-envira-index=\"22\" data-envira-item-id=\"21763\" data-envira-src=\"https:\/\/regese.ch\/fussball\/wp-content\/uploads\/2025\/09\/FCL-FCK05_27-09-25-23-1536x1024.jpg\" data-envira-srcset=\"https:\/\/regese.ch\/fussball\/wp-content\/uploads\/2025\/09\/FCL-FCK05_27-09-25-23-1536x1024.jpg 400w, https:\/\/regese.ch\/fussball\/wp-content\/uploads\/2025\/09\/FCL-FCK05_27-09-25-23-1536x1024.jpg 2x\" data-title=\"FCL - FCK05_27-09-25-23\" itemprop=\"thumbnailUrl\"  data-envirabox=\"21800\" \/><\/div><\/a><div class=\"envira-gallery-captioned-data envira-gallery-captioned-data-base\"><\/div><\/div><\/div><div id=\"envira-gallery-item-21764\" class=\"envira-gallery-item envira-gallery-item-24 envira-lazy-load enviratope-item\" style=\"padding-left: 5px; padding-bottom: 10px; padding-right: 5px;\"  itemscope itemtype=\"https:\/\/schema.org\/ImageObject\"><div class=\"envira-gallery-item-inner\"><div class=\"envira-gallery-position-overlay envira-gallery-top-left\"><\/div><div class=\"envira-gallery-position-overlay envira-gallery-top-right\"><\/div><div class=\"envira-gallery-position-overlay envira-gallery-bottom-left\"><\/div><div class=\"envira-gallery-position-overlay envira-gallery-bottom-right\"><\/div><a class=\"envira-gallery-21800 envira-gallery-link\" href=\"https:\/\/regese.ch\/fussball\/wp-content\/uploads\/2025\/09\/FCL-FCK05_27-09-25-24.jpg\" title=\"FCL - FCK05_27-09-25-24\" data-caption=\"\" data-envira-item-id=\"21764\" data-envira-retina=\"https:\/\/regese.ch\/fussball\/wp-content\/uploads\/2025\/09\/FCL-FCK05_27-09-25-24.jpg\" data-thumb=\"https:\/\/regese.ch\/fussball\/wp-content\/uploads\/2025\/09\/FCL-FCK05_27-09-25-24-75x50_c.jpg\" data-title=\"FCL - FCK05_27-09-25-24\" data-envirabox='21800' itemprop=\"contentUrl\"><div class=\"envira-lazy\" style=\"padding-bottom: 75%;\" data-envira-changed=\"false\" data-width=\"640\" data-height=\"480\"><img loading=\"lazy\" decoding=\"async\" src=\"https:\/\/regese.ch\/fussball\/wp-content\/uploads\/2025\/09\/FCL-FCK05_27-09-25-24-1536x1024.jpg\" alt=\"\" class=\"envira-gallery-image envira-gallery-image-24    envira-lazy\" height=\"480\" id=\"envira-gallery-image-21764\" srcset=\"data:image\/gif;base64,R0lGODlhAQABAIAAAP\/\/\/\/\/\/\/yH5BAEKAAEALAAAAAABAAEAAAICTAEAOw==\" tabindex=\"-1\" title=\"FCL - FCK05_27-09-25-24\" width=\"640\" data-caption=\"\" data-envira-gallery-id=\"21800\" data-envira-index=\"23\" data-envira-item-id=\"21764\" data-envira-src=\"https:\/\/regese.ch\/fussball\/wp-content\/uploads\/2025\/09\/FCL-FCK05_27-09-25-24-1536x1024.jpg\" data-envira-srcset=\"https:\/\/regese.ch\/fussball\/wp-content\/uploads\/2025\/09\/FCL-FCK05_27-09-25-24-1536x1024.jpg 400w, https:\/\/regese.ch\/fussball\/wp-content\/uploads\/2025\/09\/FCL-FCK05_27-09-25-24-1536x1024.jpg 2x\" data-title=\"FCL - FCK05_27-09-25-24\" itemprop=\"thumbnailUrl\"  data-envirabox=\"21800\" \/><\/div><\/a><div class=\"envira-gallery-captioned-data envira-gallery-captioned-data-base\"><\/div><\/div><\/div><div id=\"envira-gallery-item-21765\" class=\"envira-gallery-item envira-gallery-item-25 envira-lazy-load enviratope-item\" style=\"padding-left: 5px; padding-bottom: 10px; padding-right: 5px;\"  itemscope itemtype=\"https:\/\/schema.org\/ImageObject\"><div class=\"envira-gallery-item-inner\"><div class=\"envira-gallery-position-overlay envira-gallery-top-left\"><\/div><div class=\"envira-gallery-position-overlay envira-gallery-top-right\"><\/div><div class=\"envira-gallery-position-overlay envira-gallery-bottom-left\"><\/div><div class=\"envira-gallery-position-overlay envira-gallery-bottom-right\"><\/div><a class=\"envira-gallery-21800 envira-gallery-link\" href=\"https:\/\/regese.ch\/fussball\/wp-content\/uploads\/2025\/09\/FCL-FCK05_27-09-25-25.jpg\" title=\"FCL - FCK05_27-09-25-25\" data-caption=\"\" data-envira-item-id=\"21765\" data-envira-retina=\"https:\/\/regese.ch\/fussball\/wp-content\/uploads\/2025\/09\/FCL-FCK05_27-09-25-25.jpg\" data-thumb=\"https:\/\/regese.ch\/fussball\/wp-content\/uploads\/2025\/09\/FCL-FCK05_27-09-25-25-75x50_c.jpg\" data-title=\"FCL - FCK05_27-09-25-25\" data-envirabox='21800' itemprop=\"contentUrl\"><div class=\"envira-lazy\" style=\"padding-bottom: 75%;\" data-envira-changed=\"false\" data-width=\"640\" data-height=\"480\"><img loading=\"lazy\" decoding=\"async\" src=\"https:\/\/regese.ch\/fussball\/wp-content\/uploads\/2025\/09\/FCL-FCK05_27-09-25-25-1536x1024.jpg\" alt=\"\" class=\"envira-gallery-image envira-gallery-image-25    envira-lazy\" height=\"480\" id=\"envira-gallery-image-21765\" srcset=\"data:image\/gif;base64,R0lGODlhAQABAIAAAP\/\/\/\/\/\/\/yH5BAEKAAEALAAAAAABAAEAAAICTAEAOw==\" tabindex=\"-1\" title=\"FCL - FCK05_27-09-25-25\" width=\"640\" data-caption=\"\" data-envira-gallery-id=\"21800\" data-envira-index=\"24\" data-envira-item-id=\"21765\" data-envira-src=\"https:\/\/regese.ch\/fussball\/wp-content\/uploads\/2025\/09\/FCL-FCK05_27-09-25-25-1536x1024.jpg\" data-envira-srcset=\"https:\/\/regese.ch\/fussball\/wp-content\/uploads\/2025\/09\/FCL-FCK05_27-09-25-25-1536x1024.jpg 400w, https:\/\/regese.ch\/fussball\/wp-content\/uploads\/2025\/09\/FCL-FCK05_27-09-25-25-1536x1024.jpg 2x\" data-title=\"FCL - FCK05_27-09-25-25\" itemprop=\"thumbnailUrl\"  data-envirabox=\"21800\" \/><\/div><\/a><div class=\"envira-gallery-captioned-data envira-gallery-captioned-data-base\"><\/div><\/div><\/div><div id=\"envira-gallery-item-21766\" class=\"envira-gallery-item envira-gallery-item-26 envira-lazy-load enviratope-item\" style=\"padding-left: 5px; padding-bottom: 10px; padding-right: 5px;\"  itemscope itemtype=\"https:\/\/schema.org\/ImageObject\"><div class=\"envira-gallery-item-inner\"><div class=\"envira-gallery-position-overlay envira-gallery-top-left\"><\/div><div class=\"envira-gallery-position-overlay envira-gallery-top-right\"><\/div><div class=\"envira-gallery-position-overlay envira-gallery-bottom-left\"><\/div><div class=\"envira-gallery-position-overlay envira-gallery-bottom-right\"><\/div><a class=\"envira-gallery-21800 envira-gallery-link\" href=\"https:\/\/regese.ch\/fussball\/wp-content\/uploads\/2025\/09\/FCL-FCK05_27-09-25-26.jpg\" title=\"FCL - FCK05_27-09-25-26\" data-caption=\"\" data-envira-item-id=\"21766\" data-envira-retina=\"https:\/\/regese.ch\/fussball\/wp-content\/uploads\/2025\/09\/FCL-FCK05_27-09-25-26.jpg\" data-thumb=\"https:\/\/regese.ch\/fussball\/wp-content\/uploads\/2025\/09\/FCL-FCK05_27-09-25-26-75x50_c.jpg\" data-title=\"FCL - FCK05_27-09-25-26\" data-envirabox='21800' itemprop=\"contentUrl\"><div class=\"envira-lazy\" style=\"padding-bottom: 75%;\" data-envira-changed=\"false\" data-width=\"640\" data-height=\"480\"><img loading=\"lazy\" decoding=\"async\" src=\"https:\/\/regese.ch\/fussball\/wp-content\/uploads\/2025\/09\/FCL-FCK05_27-09-25-26-1536x1024.jpg\" alt=\"\" class=\"envira-gallery-image envira-gallery-image-26    envira-lazy\" height=\"480\" id=\"envira-gallery-image-21766\" srcset=\"data:image\/gif;base64,R0lGODlhAQABAIAAAP\/\/\/\/\/\/\/yH5BAEKAAEALAAAAAABAAEAAAICTAEAOw==\" tabindex=\"-1\" title=\"FCL - FCK05_27-09-25-26\" width=\"640\" data-caption=\"\" data-envira-gallery-id=\"21800\" data-envira-index=\"25\" data-envira-item-id=\"21766\" data-envira-src=\"https:\/\/regese.ch\/fussball\/wp-content\/uploads\/2025\/09\/FCL-FCK05_27-09-25-26-1536x1024.jpg\" data-envira-srcset=\"https:\/\/regese.ch\/fussball\/wp-content\/uploads\/2025\/09\/FCL-FCK05_27-09-25-26-1536x1024.jpg 400w, https:\/\/regese.ch\/fussball\/wp-content\/uploads\/2025\/09\/FCL-FCK05_27-09-25-26-1536x1024.jpg 2x\" data-title=\"FCL - FCK05_27-09-25-26\" itemprop=\"thumbnailUrl\"  data-envirabox=\"21800\" \/><\/div><\/a><div class=\"envira-gallery-captioned-data envira-gallery-captioned-data-base\"><\/div><\/div><\/div><div id=\"envira-gallery-item-21767\" class=\"envira-gallery-item envira-gallery-item-27 envira-lazy-load enviratope-item\" style=\"padding-left: 5px; padding-bottom: 10px; padding-right: 5px;\"  itemscope itemtype=\"https:\/\/schema.org\/ImageObject\"><div class=\"envira-gallery-item-inner\"><div class=\"envira-gallery-position-overlay envira-gallery-top-left\"><\/div><div class=\"envira-gallery-position-overlay envira-gallery-top-right\"><\/div><div class=\"envira-gallery-position-overlay envira-gallery-bottom-left\"><\/div><div class=\"envira-gallery-position-overlay envira-gallery-bottom-right\"><\/div><a class=\"envira-gallery-21800 envira-gallery-link\" href=\"https:\/\/regese.ch\/fussball\/wp-content\/uploads\/2025\/09\/FCL-FCK05_27-09-25-27.jpg\" title=\"FCL - FCK05_27-09-25-27\" data-caption=\"\" data-envira-item-id=\"21767\" data-envira-retina=\"https:\/\/regese.ch\/fussball\/wp-content\/uploads\/2025\/09\/FCL-FCK05_27-09-25-27.jpg\" data-thumb=\"https:\/\/regese.ch\/fussball\/wp-content\/uploads\/2025\/09\/FCL-FCK05_27-09-25-27-75x50_c.jpg\" data-title=\"FCL - FCK05_27-09-25-27\" data-envirabox='21800' itemprop=\"contentUrl\"><div class=\"envira-lazy\" style=\"padding-bottom: 75%;\" data-envira-changed=\"false\" data-width=\"640\" data-height=\"480\"><img loading=\"lazy\" decoding=\"async\" src=\"https:\/\/regese.ch\/fussball\/wp-content\/uploads\/2025\/09\/FCL-FCK05_27-09-25-27-1536x1024.jpg\" alt=\"\" class=\"envira-gallery-image envira-gallery-image-27    envira-lazy\" height=\"480\" id=\"envira-gallery-image-21767\" srcset=\"data:image\/gif;base64,R0lGODlhAQABAIAAAP\/\/\/\/\/\/\/yH5BAEKAAEALAAAAAABAAEAAAICTAEAOw==\" tabindex=\"-1\" title=\"FCL - FCK05_27-09-25-27\" width=\"640\" data-caption=\"\" data-envira-gallery-id=\"21800\" data-envira-index=\"26\" data-envira-item-id=\"21767\" data-envira-src=\"https:\/\/regese.ch\/fussball\/wp-content\/uploads\/2025\/09\/FCL-FCK05_27-09-25-27-1536x1024.jpg\" data-envira-srcset=\"https:\/\/regese.ch\/fussball\/wp-content\/uploads\/2025\/09\/FCL-FCK05_27-09-25-27-1536x1024.jpg 400w, https:\/\/regese.ch\/fussball\/wp-content\/uploads\/2025\/09\/FCL-FCK05_27-09-25-27-1536x1024.jpg 2x\" data-title=\"FCL - FCK05_27-09-25-27\" itemprop=\"thumbnailUrl\"  data-envirabox=\"21800\" \/><\/div><\/a><div class=\"envira-gallery-captioned-data envira-gallery-captioned-data-base\"><\/div><\/div><\/div><div id=\"envira-gallery-item-21768\" class=\"envira-gallery-item envira-gallery-item-28 envira-lazy-load enviratope-item\" style=\"padding-left: 5px; padding-bottom: 10px; padding-right: 5px;\"  itemscope itemtype=\"https:\/\/schema.org\/ImageObject\"><div class=\"envira-gallery-item-inner\"><div class=\"envira-gallery-position-overlay envira-gallery-top-left\"><\/div><div class=\"envira-gallery-position-overlay envira-gallery-top-right\"><\/div><div class=\"envira-gallery-position-overlay envira-gallery-bottom-left\"><\/div><div class=\"envira-gallery-position-overlay envira-gallery-bottom-right\"><\/div><a class=\"envira-gallery-21800 envira-gallery-link\" href=\"https:\/\/regese.ch\/fussball\/wp-content\/uploads\/2025\/09\/FCL-FCK05_27-09-25-28.jpg\" title=\"FCL - FCK05_27-09-25-28\" data-caption=\"\" data-envira-item-id=\"21768\" data-envira-retina=\"https:\/\/regese.ch\/fussball\/wp-content\/uploads\/2025\/09\/FCL-FCK05_27-09-25-28.jpg\" data-thumb=\"https:\/\/regese.ch\/fussball\/wp-content\/uploads\/2025\/09\/FCL-FCK05_27-09-25-28-75x50_c.jpg\" data-title=\"FCL - FCK05_27-09-25-28\" data-envirabox='21800' itemprop=\"contentUrl\"><div class=\"envira-lazy\" style=\"padding-bottom: 75%;\" data-envira-changed=\"false\" data-width=\"640\" data-height=\"480\"><img loading=\"lazy\" decoding=\"async\" src=\"https:\/\/regese.ch\/fussball\/wp-content\/uploads\/2025\/09\/FCL-FCK05_27-09-25-28-1536x1024.jpg\" alt=\"\" class=\"envira-gallery-image envira-gallery-image-28    envira-lazy\" height=\"480\" id=\"envira-gallery-image-21768\" srcset=\"data:image\/gif;base64,R0lGODlhAQABAIAAAP\/\/\/\/\/\/\/yH5BAEKAAEALAAAAAABAAEAAAICTAEAOw==\" tabindex=\"-1\" title=\"FCL - FCK05_27-09-25-28\" width=\"640\" data-caption=\"\" data-envira-gallery-id=\"21800\" data-envira-index=\"27\" data-envira-item-id=\"21768\" data-envira-src=\"https:\/\/regese.ch\/fussball\/wp-content\/uploads\/2025\/09\/FCL-FCK05_27-09-25-28-1536x1024.jpg\" data-envira-srcset=\"https:\/\/regese.ch\/fussball\/wp-content\/uploads\/2025\/09\/FCL-FCK05_27-09-25-28-1536x1024.jpg 400w, https:\/\/regese.ch\/fussball\/wp-content\/uploads\/2025\/09\/FCL-FCK05_27-09-25-28-1536x1024.jpg 2x\" data-title=\"FCL - FCK05_27-09-25-28\" itemprop=\"thumbnailUrl\"  data-envirabox=\"21800\" \/><\/div><\/a><div class=\"envira-gallery-captioned-data envira-gallery-captioned-data-base\"><\/div><\/div><\/div><div id=\"envira-gallery-item-21769\" class=\"envira-gallery-item envira-gallery-item-29 envira-lazy-load enviratope-item\" style=\"padding-left: 5px; padding-bottom: 10px; padding-right: 5px;\"  itemscope itemtype=\"https:\/\/schema.org\/ImageObject\"><div class=\"envira-gallery-item-inner\"><div class=\"envira-gallery-position-overlay envira-gallery-top-left\"><\/div><div class=\"envira-gallery-position-overlay envira-gallery-top-right\"><\/div><div class=\"envira-gallery-position-overlay envira-gallery-bottom-left\"><\/div><div class=\"envira-gallery-position-overlay envira-gallery-bottom-right\"><\/div><a class=\"envira-gallery-21800 envira-gallery-link\" href=\"https:\/\/regese.ch\/fussball\/wp-content\/uploads\/2025\/09\/FCL-FCK05_27-09-25-29.jpg\" title=\"FCL - FCK05_27-09-25-29\" data-caption=\"\" data-envira-item-id=\"21769\" data-envira-retina=\"https:\/\/regese.ch\/fussball\/wp-content\/uploads\/2025\/09\/FCL-FCK05_27-09-25-29.jpg\" data-thumb=\"https:\/\/regese.ch\/fussball\/wp-content\/uploads\/2025\/09\/FCL-FCK05_27-09-25-29-75x50_c.jpg\" data-title=\"FCL - FCK05_27-09-25-29\" data-envirabox='21800' itemprop=\"contentUrl\"><div class=\"envira-lazy\" style=\"padding-bottom: 75%;\" data-envira-changed=\"false\" data-width=\"640\" data-height=\"480\"><img loading=\"lazy\" decoding=\"async\" src=\"https:\/\/regese.ch\/fussball\/wp-content\/uploads\/2025\/09\/FCL-FCK05_27-09-25-29-1536x1024.jpg\" alt=\"\" class=\"envira-gallery-image envira-gallery-image-29    envira-lazy\" height=\"480\" id=\"envira-gallery-image-21769\" srcset=\"data:image\/gif;base64,R0lGODlhAQABAIAAAP\/\/\/\/\/\/\/yH5BAEKAAEALAAAAAABAAEAAAICTAEAOw==\" tabindex=\"-1\" title=\"FCL - FCK05_27-09-25-29\" width=\"640\" data-caption=\"\" data-envira-gallery-id=\"21800\" data-envira-index=\"28\" data-envira-item-id=\"21769\" data-envira-src=\"https:\/\/regese.ch\/fussball\/wp-content\/uploads\/2025\/09\/FCL-FCK05_27-09-25-29-1536x1024.jpg\" data-envira-srcset=\"https:\/\/regese.ch\/fussball\/wp-content\/uploads\/2025\/09\/FCL-FCK05_27-09-25-29-1536x1024.jpg 400w, https:\/\/regese.ch\/fussball\/wp-content\/uploads\/2025\/09\/FCL-FCK05_27-09-25-29-1536x1024.jpg 2x\" data-title=\"FCL - FCK05_27-09-25-29\" itemprop=\"thumbnailUrl\"  data-envirabox=\"21800\" \/><\/div><\/a><div class=\"envira-gallery-captioned-data envira-gallery-captioned-data-base\"><\/div><\/div><\/div><div id=\"envira-gallery-item-21770\" class=\"envira-gallery-item envira-gallery-item-30 envira-lazy-load enviratope-item\" style=\"padding-left: 5px; padding-bottom: 10px; padding-right: 5px;\"  itemscope itemtype=\"https:\/\/schema.org\/ImageObject\"><div class=\"envira-gallery-item-inner\"><div class=\"envira-gallery-position-overlay envira-gallery-top-left\"><\/div><div class=\"envira-gallery-position-overlay envira-gallery-top-right\"><\/div><div class=\"envira-gallery-position-overlay envira-gallery-bottom-left\"><\/div><div class=\"envira-gallery-position-overlay envira-gallery-bottom-right\"><\/div><a class=\"envira-gallery-21800 envira-gallery-link\" href=\"https:\/\/regese.ch\/fussball\/wp-content\/uploads\/2025\/09\/FCL-FCK05_27-09-25-30.jpg\" title=\"FCL - FCK05_27-09-25-30\" data-caption=\"\" data-envira-item-id=\"21770\" data-envira-retina=\"https:\/\/regese.ch\/fussball\/wp-content\/uploads\/2025\/09\/FCL-FCK05_27-09-25-30.jpg\" data-thumb=\"https:\/\/regese.ch\/fussball\/wp-content\/uploads\/2025\/09\/FCL-FCK05_27-09-25-30-75x50_c.jpg\" data-title=\"FCL - FCK05_27-09-25-30\" data-envirabox='21800' itemprop=\"contentUrl\"><div class=\"envira-lazy\" style=\"padding-bottom: 75%;\" data-envira-changed=\"false\" data-width=\"640\" data-height=\"480\"><img loading=\"lazy\" decoding=\"async\" src=\"https:\/\/regese.ch\/fussball\/wp-content\/uploads\/2025\/09\/FCL-FCK05_27-09-25-30-1536x1024.jpg\" alt=\"\" class=\"envira-gallery-image envira-gallery-image-30    envira-lazy\" height=\"480\" id=\"envira-gallery-image-21770\" srcset=\"data:image\/gif;base64,R0lGODlhAQABAIAAAP\/\/\/\/\/\/\/yH5BAEKAAEALAAAAAABAAEAAAICTAEAOw==\" tabindex=\"-1\" title=\"FCL - FCK05_27-09-25-30\" width=\"640\" data-caption=\"\" data-envira-gallery-id=\"21800\" data-envira-index=\"29\" data-envira-item-id=\"21770\" data-envira-src=\"https:\/\/regese.ch\/fussball\/wp-content\/uploads\/2025\/09\/FCL-FCK05_27-09-25-30-1536x1024.jpg\" data-envira-srcset=\"https:\/\/regese.ch\/fussball\/wp-content\/uploads\/2025\/09\/FCL-FCK05_27-09-25-30-1536x1024.jpg 400w, https:\/\/regese.ch\/fussball\/wp-content\/uploads\/2025\/09\/FCL-FCK05_27-09-25-30-1536x1024.jpg 2x\" data-title=\"FCL - FCK05_27-09-25-30\" itemprop=\"thumbnailUrl\"  data-envirabox=\"21800\" \/><\/div><\/a><div class=\"envira-gallery-captioned-data envira-gallery-captioned-data-base\"><\/div><\/div><\/div><div id=\"envira-gallery-item-21771\" class=\"envira-gallery-item envira-gallery-item-31 envira-lazy-load enviratope-item\" style=\"padding-left: 5px; padding-bottom: 10px; padding-right: 5px;\"  itemscope itemtype=\"https:\/\/schema.org\/ImageObject\"><div class=\"envira-gallery-item-inner\"><div class=\"envira-gallery-position-overlay envira-gallery-top-left\"><\/div><div class=\"envira-gallery-position-overlay envira-gallery-top-right\"><\/div><div class=\"envira-gallery-position-overlay envira-gallery-bottom-left\"><\/div><div class=\"envira-gallery-position-overlay envira-gallery-bottom-right\"><\/div><a class=\"envira-gallery-21800 envira-gallery-link\" href=\"https:\/\/regese.ch\/fussball\/wp-content\/uploads\/2025\/09\/FCL-FCK05_27-09-25-31.jpg\" title=\"FCL - FCK05_27-09-25-31\" data-caption=\"\" data-envira-item-id=\"21771\" data-envira-retina=\"https:\/\/regese.ch\/fussball\/wp-content\/uploads\/2025\/09\/FCL-FCK05_27-09-25-31.jpg\" data-thumb=\"https:\/\/regese.ch\/fussball\/wp-content\/uploads\/2025\/09\/FCL-FCK05_27-09-25-31-75x50_c.jpg\" data-title=\"FCL - FCK05_27-09-25-31\" data-envirabox='21800' itemprop=\"contentUrl\"><div class=\"envira-lazy\" style=\"padding-bottom: 75%;\" data-envira-changed=\"false\" data-width=\"640\" data-height=\"480\"><img loading=\"lazy\" decoding=\"async\" src=\"https:\/\/regese.ch\/fussball\/wp-content\/uploads\/2025\/09\/FCL-FCK05_27-09-25-31-1536x1024.jpg\" alt=\"\" class=\"envira-gallery-image envira-gallery-image-31    envira-lazy\" height=\"480\" id=\"envira-gallery-image-21771\" srcset=\"data:image\/gif;base64,R0lGODlhAQABAIAAAP\/\/\/\/\/\/\/yH5BAEKAAEALAAAAAABAAEAAAICTAEAOw==\" tabindex=\"-1\" title=\"FCL - FCK05_27-09-25-31\" width=\"640\" data-caption=\"\" data-envira-gallery-id=\"21800\" data-envira-index=\"30\" data-envira-item-id=\"21771\" data-envira-src=\"https:\/\/regese.ch\/fussball\/wp-content\/uploads\/2025\/09\/FCL-FCK05_27-09-25-31-1536x1024.jpg\" data-envira-srcset=\"https:\/\/regese.ch\/fussball\/wp-content\/uploads\/2025\/09\/FCL-FCK05_27-09-25-31-1536x1024.jpg 400w, https:\/\/regese.ch\/fussball\/wp-content\/uploads\/2025\/09\/FCL-FCK05_27-09-25-31-1536x1024.jpg 2x\" data-title=\"FCL - FCK05_27-09-25-31\" itemprop=\"thumbnailUrl\"  data-envirabox=\"21800\" \/><\/div><\/a><div class=\"envira-gallery-captioned-data envira-gallery-captioned-data-base\"><\/div><\/div><\/div><div id=\"envira-gallery-item-21772\" class=\"envira-gallery-item envira-gallery-item-32 envira-lazy-load enviratope-item\" style=\"padding-left: 5px; padding-bottom: 10px; padding-right: 5px;\"  itemscope itemtype=\"https:\/\/schema.org\/ImageObject\"><div class=\"envira-gallery-item-inner\"><div class=\"envira-gallery-position-overlay envira-gallery-top-left\"><\/div><div class=\"envira-gallery-position-overlay envira-gallery-top-right\"><\/div><div class=\"envira-gallery-position-overlay envira-gallery-bottom-left\"><\/div><div class=\"envira-gallery-position-overlay envira-gallery-bottom-right\"><\/div><a class=\"envira-gallery-21800 envira-gallery-link\" href=\"https:\/\/regese.ch\/fussball\/wp-content\/uploads\/2025\/09\/FCL-FCK05_27-09-25-32.jpg\" title=\"FCL - FCK05_27-09-25-32\" data-caption=\"\" data-envira-item-id=\"21772\" data-envira-retina=\"https:\/\/regese.ch\/fussball\/wp-content\/uploads\/2025\/09\/FCL-FCK05_27-09-25-32.jpg\" data-thumb=\"https:\/\/regese.ch\/fussball\/wp-content\/uploads\/2025\/09\/FCL-FCK05_27-09-25-32-75x50_c.jpg\" data-title=\"FCL - FCK05_27-09-25-32\" data-envirabox='21800' itemprop=\"contentUrl\"><div class=\"envira-lazy\" style=\"padding-bottom: 75%;\" data-envira-changed=\"false\" data-width=\"640\" data-height=\"480\"><img loading=\"lazy\" decoding=\"async\" src=\"https:\/\/regese.ch\/fussball\/wp-content\/uploads\/2025\/09\/FCL-FCK05_27-09-25-32-1536x1024.jpg\" alt=\"\" class=\"envira-gallery-image envira-gallery-image-32    envira-lazy\" height=\"480\" id=\"envira-gallery-image-21772\" srcset=\"data:image\/gif;base64,R0lGODlhAQABAIAAAP\/\/\/\/\/\/\/yH5BAEKAAEALAAAAAABAAEAAAICTAEAOw==\" tabindex=\"-1\" title=\"FCL - FCK05_27-09-25-32\" width=\"640\" data-caption=\"\" data-envira-gallery-id=\"21800\" data-envira-index=\"31\" data-envira-item-id=\"21772\" data-envira-src=\"https:\/\/regese.ch\/fussball\/wp-content\/uploads\/2025\/09\/FCL-FCK05_27-09-25-32-1536x1024.jpg\" data-envira-srcset=\"https:\/\/regese.ch\/fussball\/wp-content\/uploads\/2025\/09\/FCL-FCK05_27-09-25-32-1536x1024.jpg 400w, https:\/\/regese.ch\/fussball\/wp-content\/uploads\/2025\/09\/FCL-FCK05_27-09-25-32-1536x1024.jpg 2x\" data-title=\"FCL - FCK05_27-09-25-32\" itemprop=\"thumbnailUrl\"  data-envirabox=\"21800\" \/><\/div><\/a><div class=\"envira-gallery-captioned-data envira-gallery-captioned-data-base\"><\/div><\/div><\/div><div id=\"envira-gallery-item-21773\" class=\"envira-gallery-item envira-gallery-item-33 envira-lazy-load enviratope-item\" style=\"padding-left: 5px; padding-bottom: 10px; padding-right: 5px;\"  itemscope itemtype=\"https:\/\/schema.org\/ImageObject\"><div class=\"envira-gallery-item-inner\"><div class=\"envira-gallery-position-overlay envira-gallery-top-left\"><\/div><div class=\"envira-gallery-position-overlay envira-gallery-top-right\"><\/div><div class=\"envira-gallery-position-overlay envira-gallery-bottom-left\"><\/div><div class=\"envira-gallery-position-overlay envira-gallery-bottom-right\"><\/div><a class=\"envira-gallery-21800 envira-gallery-link\" href=\"https:\/\/regese.ch\/fussball\/wp-content\/uploads\/2025\/09\/FCL-FCK05_27-09-25-33.jpg\" title=\"FCL - FCK05_27-09-25-33\" data-caption=\"\" data-envira-item-id=\"21773\" data-envira-retina=\"https:\/\/regese.ch\/fussball\/wp-content\/uploads\/2025\/09\/FCL-FCK05_27-09-25-33.jpg\" data-thumb=\"https:\/\/regese.ch\/fussball\/wp-content\/uploads\/2025\/09\/FCL-FCK05_27-09-25-33-75x50_c.jpg\" data-title=\"FCL - FCK05_27-09-25-33\" data-envirabox='21800' itemprop=\"contentUrl\"><div class=\"envira-lazy\" style=\"padding-bottom: 75%;\" data-envira-changed=\"false\" data-width=\"640\" data-height=\"480\"><img loading=\"lazy\" decoding=\"async\" src=\"https:\/\/regese.ch\/fussball\/wp-content\/uploads\/2025\/09\/FCL-FCK05_27-09-25-33-1536x1024.jpg\" alt=\"\" class=\"envira-gallery-image envira-gallery-image-33    envira-lazy\" height=\"480\" id=\"envira-gallery-image-21773\" srcset=\"data:image\/gif;base64,R0lGODlhAQABAIAAAP\/\/\/\/\/\/\/yH5BAEKAAEALAAAAAABAAEAAAICTAEAOw==\" tabindex=\"-1\" title=\"FCL - FCK05_27-09-25-33\" width=\"640\" data-caption=\"\" data-envira-gallery-id=\"21800\" data-envira-index=\"32\" data-envira-item-id=\"21773\" data-envira-src=\"https:\/\/regese.ch\/fussball\/wp-content\/uploads\/2025\/09\/FCL-FCK05_27-09-25-33-1536x1024.jpg\" data-envira-srcset=\"https:\/\/regese.ch\/fussball\/wp-content\/uploads\/2025\/09\/FCL-FCK05_27-09-25-33-1536x1024.jpg 400w, https:\/\/regese.ch\/fussball\/wp-content\/uploads\/2025\/09\/FCL-FCK05_27-09-25-33-1536x1024.jpg 2x\" data-title=\"FCL - FCK05_27-09-25-33\" itemprop=\"thumbnailUrl\"  data-envirabox=\"21800\" \/><\/div><\/a><div class=\"envira-gallery-captioned-data envira-gallery-captioned-data-base\"><\/div><\/div><\/div><div id=\"envira-gallery-item-21774\" class=\"envira-gallery-item envira-gallery-item-34 envira-lazy-load enviratope-item\" style=\"padding-left: 5px; padding-bottom: 10px; padding-right: 5px;\"  itemscope itemtype=\"https:\/\/schema.org\/ImageObject\"><div class=\"envira-gallery-item-inner\"><div class=\"envira-gallery-position-overlay envira-gallery-top-left\"><\/div><div class=\"envira-gallery-position-overlay envira-gallery-top-right\"><\/div><div class=\"envira-gallery-position-overlay envira-gallery-bottom-left\"><\/div><div class=\"envira-gallery-position-overlay envira-gallery-bottom-right\"><\/div><a class=\"envira-gallery-21800 envira-gallery-link\" href=\"https:\/\/regese.ch\/fussball\/wp-content\/uploads\/2025\/09\/FCL-FCK05_27-09-25-34.jpg\" title=\"FCL - FCK05_27-09-25-34\" data-caption=\"\" data-envira-item-id=\"21774\" data-envira-retina=\"https:\/\/regese.ch\/fussball\/wp-content\/uploads\/2025\/09\/FCL-FCK05_27-09-25-34.jpg\" data-thumb=\"https:\/\/regese.ch\/fussball\/wp-content\/uploads\/2025\/09\/FCL-FCK05_27-09-25-34-75x50_c.jpg\" data-title=\"FCL - FCK05_27-09-25-34\" data-envirabox='21800' itemprop=\"contentUrl\"><div class=\"envira-lazy\" style=\"padding-bottom: 75%;\" data-envira-changed=\"false\" data-width=\"640\" data-height=\"480\"><img loading=\"lazy\" decoding=\"async\" src=\"https:\/\/regese.ch\/fussball\/wp-content\/uploads\/2025\/09\/FCL-FCK05_27-09-25-34-1536x1024.jpg\" alt=\"\" class=\"envira-gallery-image envira-gallery-image-34    envira-lazy\" height=\"480\" id=\"envira-gallery-image-21774\" srcset=\"data:image\/gif;base64,R0lGODlhAQABAIAAAP\/\/\/\/\/\/\/yH5BAEKAAEALAAAAAABAAEAAAICTAEAOw==\" tabindex=\"-1\" title=\"FCL - FCK05_27-09-25-34\" width=\"640\" data-caption=\"\" data-envira-gallery-id=\"21800\" data-envira-index=\"33\" data-envira-item-id=\"21774\" data-envira-src=\"https:\/\/regese.ch\/fussball\/wp-content\/uploads\/2025\/09\/FCL-FCK05_27-09-25-34-1536x1024.jpg\" data-envira-srcset=\"https:\/\/regese.ch\/fussball\/wp-content\/uploads\/2025\/09\/FCL-FCK05_27-09-25-34-1536x1024.jpg 400w, https:\/\/regese.ch\/fussball\/wp-content\/uploads\/2025\/09\/FCL-FCK05_27-09-25-34-1536x1024.jpg 2x\" data-title=\"FCL - FCK05_27-09-25-34\" itemprop=\"thumbnailUrl\"  data-envirabox=\"21800\" \/><\/div><\/a><div class=\"envira-gallery-captioned-data envira-gallery-captioned-data-base\"><\/div><\/div><\/div><div id=\"envira-gallery-item-21775\" class=\"envira-gallery-item envira-gallery-item-35 envira-lazy-load enviratope-item\" style=\"padding-left: 5px; padding-bottom: 10px; padding-right: 5px;\"  itemscope itemtype=\"https:\/\/schema.org\/ImageObject\"><div class=\"envira-gallery-item-inner\"><div class=\"envira-gallery-position-overlay envira-gallery-top-left\"><\/div><div class=\"envira-gallery-position-overlay envira-gallery-top-right\"><\/div><div class=\"envira-gallery-position-overlay envira-gallery-bottom-left\"><\/div><div class=\"envira-gallery-position-overlay envira-gallery-bottom-right\"><\/div><a class=\"envira-gallery-21800 envira-gallery-link\" href=\"https:\/\/regese.ch\/fussball\/wp-content\/uploads\/2025\/09\/FCL-FCK05_27-09-25-35.jpg\" title=\"FCL - FCK05_27-09-25-35\" data-caption=\"\" data-envira-item-id=\"21775\" data-envira-retina=\"https:\/\/regese.ch\/fussball\/wp-content\/uploads\/2025\/09\/FCL-FCK05_27-09-25-35.jpg\" data-thumb=\"https:\/\/regese.ch\/fussball\/wp-content\/uploads\/2025\/09\/FCL-FCK05_27-09-25-35-75x50_c.jpg\" data-title=\"FCL - FCK05_27-09-25-35\" data-envirabox='21800' itemprop=\"contentUrl\"><div class=\"envira-lazy\" style=\"padding-bottom: 75%;\" data-envira-changed=\"false\" data-width=\"640\" data-height=\"480\"><img loading=\"lazy\" decoding=\"async\" src=\"https:\/\/regese.ch\/fussball\/wp-content\/uploads\/2025\/09\/FCL-FCK05_27-09-25-35-1536x1024.jpg\" alt=\"\" class=\"envira-gallery-image envira-gallery-image-35    envira-lazy\" height=\"480\" id=\"envira-gallery-image-21775\" srcset=\"data:image\/gif;base64,R0lGODlhAQABAIAAAP\/\/\/\/\/\/\/yH5BAEKAAEALAAAAAABAAEAAAICTAEAOw==\" tabindex=\"-1\" title=\"FCL - FCK05_27-09-25-35\" width=\"640\" data-caption=\"\" data-envira-gallery-id=\"21800\" data-envira-index=\"34\" data-envira-item-id=\"21775\" data-envira-src=\"https:\/\/regese.ch\/fussball\/wp-content\/uploads\/2025\/09\/FCL-FCK05_27-09-25-35-1536x1024.jpg\" data-envira-srcset=\"https:\/\/regese.ch\/fussball\/wp-content\/uploads\/2025\/09\/FCL-FCK05_27-09-25-35-1536x1024.jpg 400w, https:\/\/regese.ch\/fussball\/wp-content\/uploads\/2025\/09\/FCL-FCK05_27-09-25-35-1536x1024.jpg 2x\" data-title=\"FCL - FCK05_27-09-25-35\" itemprop=\"thumbnailUrl\"  data-envirabox=\"21800\" \/><\/div><\/a><div class=\"envira-gallery-captioned-data envira-gallery-captioned-data-base\"><\/div><\/div><\/div><div id=\"envira-gallery-item-21776\" class=\"envira-gallery-item envira-gallery-item-36 envira-lazy-load enviratope-item\" style=\"padding-left: 5px; padding-bottom: 10px; padding-right: 5px;\"  itemscope itemtype=\"https:\/\/schema.org\/ImageObject\"><div class=\"envira-gallery-item-inner\"><div class=\"envira-gallery-position-overlay envira-gallery-top-left\"><\/div><div class=\"envira-gallery-position-overlay envira-gallery-top-right\"><\/div><div class=\"envira-gallery-position-overlay envira-gallery-bottom-left\"><\/div><div class=\"envira-gallery-position-overlay envira-gallery-bottom-right\"><\/div><a class=\"envira-gallery-21800 envira-gallery-link\" href=\"https:\/\/regese.ch\/fussball\/wp-content\/uploads\/2025\/09\/FCL-FCK05_27-09-25-36.jpg\" title=\"FCL - FCK05_27-09-25-36\" data-caption=\"\" data-envira-item-id=\"21776\" data-envira-retina=\"https:\/\/regese.ch\/fussball\/wp-content\/uploads\/2025\/09\/FCL-FCK05_27-09-25-36.jpg\" data-thumb=\"https:\/\/regese.ch\/fussball\/wp-content\/uploads\/2025\/09\/FCL-FCK05_27-09-25-36-75x50_c.jpg\" data-title=\"FCL - FCK05_27-09-25-36\" data-envirabox='21800' itemprop=\"contentUrl\"><div class=\"envira-lazy\" style=\"padding-bottom: 75%;\" data-envira-changed=\"false\" data-width=\"640\" data-height=\"480\"><img loading=\"lazy\" decoding=\"async\" src=\"https:\/\/regese.ch\/fussball\/wp-content\/uploads\/2025\/09\/FCL-FCK05_27-09-25-36-1536x1024.jpg\" alt=\"\" class=\"envira-gallery-image envira-gallery-image-36    envira-lazy\" height=\"480\" id=\"envira-gallery-image-21776\" srcset=\"data:image\/gif;base64,R0lGODlhAQABAIAAAP\/\/\/\/\/\/\/yH5BAEKAAEALAAAAAABAAEAAAICTAEAOw==\" tabindex=\"-1\" title=\"FCL - FCK05_27-09-25-36\" width=\"640\" data-caption=\"\" data-envira-gallery-id=\"21800\" data-envira-index=\"35\" data-envira-item-id=\"21776\" data-envira-src=\"https:\/\/regese.ch\/fussball\/wp-content\/uploads\/2025\/09\/FCL-FCK05_27-09-25-36-1536x1024.jpg\" data-envira-srcset=\"https:\/\/regese.ch\/fussball\/wp-content\/uploads\/2025\/09\/FCL-FCK05_27-09-25-36-1536x1024.jpg 400w, https:\/\/regese.ch\/fussball\/wp-content\/uploads\/2025\/09\/FCL-FCK05_27-09-25-36-1536x1024.jpg 2x\" data-title=\"FCL - FCK05_27-09-25-36\" itemprop=\"thumbnailUrl\"  data-envirabox=\"21800\" \/><\/div><\/a><div class=\"envira-gallery-captioned-data envira-gallery-captioned-data-base\"><\/div><\/div><\/div><div id=\"envira-gallery-item-21777\" class=\"envira-gallery-item envira-gallery-item-37 envira-lazy-load enviratope-item\" style=\"padding-left: 5px; padding-bottom: 10px; padding-right: 5px;\"  itemscope itemtype=\"https:\/\/schema.org\/ImageObject\"><div class=\"envira-gallery-item-inner\"><div class=\"envira-gallery-position-overlay envira-gallery-top-left\"><\/div><div class=\"envira-gallery-position-overlay envira-gallery-top-right\"><\/div><div class=\"envira-gallery-position-overlay envira-gallery-bottom-left\"><\/div><div class=\"envira-gallery-position-overlay envira-gallery-bottom-right\"><\/div><a class=\"envira-gallery-21800 envira-gallery-link\" href=\"https:\/\/regese.ch\/fussball\/wp-content\/uploads\/2025\/09\/FCL-FCK05_27-09-25-37.jpg\" title=\"FCL - FCK05_27-09-25-37\" data-caption=\"\" data-envira-item-id=\"21777\" data-envira-retina=\"https:\/\/regese.ch\/fussball\/wp-content\/uploads\/2025\/09\/FCL-FCK05_27-09-25-37.jpg\" data-thumb=\"https:\/\/regese.ch\/fussball\/wp-content\/uploads\/2025\/09\/FCL-FCK05_27-09-25-37-75x50_c.jpg\" data-title=\"FCL - FCK05_27-09-25-37\" data-envirabox='21800' itemprop=\"contentUrl\"><div class=\"envira-lazy\" style=\"padding-bottom: 75%;\" data-envira-changed=\"false\" data-width=\"640\" data-height=\"480\"><img loading=\"lazy\" decoding=\"async\" src=\"https:\/\/regese.ch\/fussball\/wp-content\/uploads\/2025\/09\/FCL-FCK05_27-09-25-37-1536x1024.jpg\" alt=\"\" class=\"envira-gallery-image envira-gallery-image-37    envira-lazy\" height=\"480\" id=\"envira-gallery-image-21777\" srcset=\"data:image\/gif;base64,R0lGODlhAQABAIAAAP\/\/\/\/\/\/\/yH5BAEKAAEALAAAAAABAAEAAAICTAEAOw==\" tabindex=\"-1\" title=\"FCL - FCK05_27-09-25-37\" width=\"640\" data-caption=\"\" data-envira-gallery-id=\"21800\" data-envira-index=\"36\" data-envira-item-id=\"21777\" data-envira-src=\"https:\/\/regese.ch\/fussball\/wp-content\/uploads\/2025\/09\/FCL-FCK05_27-09-25-37-1536x1024.jpg\" data-envira-srcset=\"https:\/\/regese.ch\/fussball\/wp-content\/uploads\/2025\/09\/FCL-FCK05_27-09-25-37-1536x1024.jpg 400w, https:\/\/regese.ch\/fussball\/wp-content\/uploads\/2025\/09\/FCL-FCK05_27-09-25-37-1536x1024.jpg 2x\" data-title=\"FCL - FCK05_27-09-25-37\" itemprop=\"thumbnailUrl\"  data-envirabox=\"21800\" \/><\/div><\/a><div class=\"envira-gallery-captioned-data envira-gallery-captioned-data-base\"><\/div><\/div><\/div><div id=\"envira-gallery-item-21778\" class=\"envira-gallery-item envira-gallery-item-38 envira-lazy-load enviratope-item\" style=\"padding-left: 5px; padding-bottom: 10px; padding-right: 5px;\"  itemscope itemtype=\"https:\/\/schema.org\/ImageObject\"><div class=\"envira-gallery-item-inner\"><div class=\"envira-gallery-position-overlay envira-gallery-top-left\"><\/div><div class=\"envira-gallery-position-overlay envira-gallery-top-right\"><\/div><div class=\"envira-gallery-position-overlay envira-gallery-bottom-left\"><\/div><div class=\"envira-gallery-position-overlay envira-gallery-bottom-right\"><\/div><a class=\"envira-gallery-21800 envira-gallery-link\" href=\"https:\/\/regese.ch\/fussball\/wp-content\/uploads\/2025\/09\/FCL-FCK05_27-09-25-38.jpg\" title=\"FCL - FCK05_27-09-25-38\" data-caption=\"\" data-envira-item-id=\"21778\" data-envira-retina=\"https:\/\/regese.ch\/fussball\/wp-content\/uploads\/2025\/09\/FCL-FCK05_27-09-25-38.jpg\" data-thumb=\"https:\/\/regese.ch\/fussball\/wp-content\/uploads\/2025\/09\/FCL-FCK05_27-09-25-38-75x50_c.jpg\" data-title=\"FCL - FCK05_27-09-25-38\" data-envirabox='21800' itemprop=\"contentUrl\"><div class=\"envira-lazy\" style=\"padding-bottom: 75%;\" data-envira-changed=\"false\" data-width=\"640\" data-height=\"480\"><img loading=\"lazy\" decoding=\"async\" src=\"https:\/\/regese.ch\/fussball\/wp-content\/uploads\/2025\/09\/FCL-FCK05_27-09-25-38-1536x1024.jpg\" alt=\"\" class=\"envira-gallery-image envira-gallery-image-38    envira-lazy\" height=\"480\" id=\"envira-gallery-image-21778\" srcset=\"data:image\/gif;base64,R0lGODlhAQABAIAAAP\/\/\/\/\/\/\/yH5BAEKAAEALAAAAAABAAEAAAICTAEAOw==\" tabindex=\"-1\" title=\"FCL - FCK05_27-09-25-38\" width=\"640\" data-caption=\"\" data-envira-gallery-id=\"21800\" data-envira-index=\"37\" data-envira-item-id=\"21778\" data-envira-src=\"https:\/\/regese.ch\/fussball\/wp-content\/uploads\/2025\/09\/FCL-FCK05_27-09-25-38-1536x1024.jpg\" data-envira-srcset=\"https:\/\/regese.ch\/fussball\/wp-content\/uploads\/2025\/09\/FCL-FCK05_27-09-25-38-1536x1024.jpg 400w, https:\/\/regese.ch\/fussball\/wp-content\/uploads\/2025\/09\/FCL-FCK05_27-09-25-38-1536x1024.jpg 2x\" data-title=\"FCL - FCK05_27-09-25-38\" itemprop=\"thumbnailUrl\"  data-envirabox=\"21800\" \/><\/div><\/a><div class=\"envira-gallery-captioned-data envira-gallery-captioned-data-base\"><\/div><\/div><\/div><div id=\"envira-gallery-item-21779\" class=\"envira-gallery-item envira-gallery-item-39 envira-lazy-load enviratope-item\" style=\"padding-left: 5px; padding-bottom: 10px; padding-right: 5px;\"  itemscope itemtype=\"https:\/\/schema.org\/ImageObject\"><div class=\"envira-gallery-item-inner\"><div class=\"envira-gallery-position-overlay envira-gallery-top-left\"><\/div><div class=\"envira-gallery-position-overlay envira-gallery-top-right\"><\/div><div class=\"envira-gallery-position-overlay envira-gallery-bottom-left\"><\/div><div class=\"envira-gallery-position-overlay envira-gallery-bottom-right\"><\/div><a class=\"envira-gallery-21800 envira-gallery-link\" href=\"https:\/\/regese.ch\/fussball\/wp-content\/uploads\/2025\/09\/FCL-FCK05_27-09-25-39.jpg\" title=\"FCL - FCK05_27-09-25-39\" data-caption=\"\" data-envira-item-id=\"21779\" data-envira-retina=\"https:\/\/regese.ch\/fussball\/wp-content\/uploads\/2025\/09\/FCL-FCK05_27-09-25-39.jpg\" data-thumb=\"https:\/\/regese.ch\/fussball\/wp-content\/uploads\/2025\/09\/FCL-FCK05_27-09-25-39-75x50_c.jpg\" data-title=\"FCL - FCK05_27-09-25-39\" data-envirabox='21800' itemprop=\"contentUrl\"><div class=\"envira-lazy\" style=\"padding-bottom: 75%;\" data-envira-changed=\"false\" data-width=\"640\" data-height=\"480\"><img loading=\"lazy\" decoding=\"async\" src=\"https:\/\/regese.ch\/fussball\/wp-content\/uploads\/2025\/09\/FCL-FCK05_27-09-25-39-1536x1024.jpg\" alt=\"\" class=\"envira-gallery-image envira-gallery-image-39    envira-lazy\" height=\"480\" id=\"envira-gallery-image-21779\" srcset=\"data:image\/gif;base64,R0lGODlhAQABAIAAAP\/\/\/\/\/\/\/yH5BAEKAAEALAAAAAABAAEAAAICTAEAOw==\" tabindex=\"-1\" title=\"FCL - FCK05_27-09-25-39\" width=\"640\" data-caption=\"\" data-envira-gallery-id=\"21800\" data-envira-index=\"38\" data-envira-item-id=\"21779\" data-envira-src=\"https:\/\/regese.ch\/fussball\/wp-content\/uploads\/2025\/09\/FCL-FCK05_27-09-25-39-1536x1024.jpg\" data-envira-srcset=\"https:\/\/regese.ch\/fussball\/wp-content\/uploads\/2025\/09\/FCL-FCK05_27-09-25-39-1536x1024.jpg 400w, https:\/\/regese.ch\/fussball\/wp-content\/uploads\/2025\/09\/FCL-FCK05_27-09-25-39-1536x1024.jpg 2x\" data-title=\"FCL - FCK05_27-09-25-39\" itemprop=\"thumbnailUrl\"  data-envirabox=\"21800\" \/><\/div><\/a><div class=\"envira-gallery-captioned-data envira-gallery-captioned-data-base\"><\/div><\/div><\/div><div id=\"envira-gallery-item-21780\" class=\"envira-gallery-item envira-gallery-item-40 envira-lazy-load enviratope-item\" style=\"padding-left: 5px; padding-bottom: 10px; padding-right: 5px;\"  itemscope itemtype=\"https:\/\/schema.org\/ImageObject\"><div class=\"envira-gallery-item-inner\"><div class=\"envira-gallery-position-overlay envira-gallery-top-left\"><\/div><div class=\"envira-gallery-position-overlay envira-gallery-top-right\"><\/div><div class=\"envira-gallery-position-overlay envira-gallery-bottom-left\"><\/div><div class=\"envira-gallery-position-overlay envira-gallery-bottom-right\"><\/div><a class=\"envira-gallery-21800 envira-gallery-link\" href=\"https:\/\/regese.ch\/fussball\/wp-content\/uploads\/2025\/09\/FCL-FCK05_27-09-25-40.jpg\" title=\"FCL - FCK05_27-09-25-40\" data-caption=\"\" data-envira-item-id=\"21780\" data-envira-retina=\"https:\/\/regese.ch\/fussball\/wp-content\/uploads\/2025\/09\/FCL-FCK05_27-09-25-40.jpg\" data-thumb=\"https:\/\/regese.ch\/fussball\/wp-content\/uploads\/2025\/09\/FCL-FCK05_27-09-25-40-75x50_c.jpg\" data-title=\"FCL - FCK05_27-09-25-40\" data-envirabox='21800' itemprop=\"contentUrl\"><div class=\"envira-lazy\" style=\"padding-bottom: 75%;\" data-envira-changed=\"false\" data-width=\"640\" data-height=\"480\"><img loading=\"lazy\" decoding=\"async\" src=\"https:\/\/regese.ch\/fussball\/wp-content\/uploads\/2025\/09\/FCL-FCK05_27-09-25-40-1536x1024.jpg\" alt=\"\" class=\"envira-gallery-image envira-gallery-image-40    envira-lazy\" height=\"480\" id=\"envira-gallery-image-21780\" srcset=\"data:image\/gif;base64,R0lGODlhAQABAIAAAP\/\/\/\/\/\/\/yH5BAEKAAEALAAAAAABAAEAAAICTAEAOw==\" tabindex=\"-1\" title=\"FCL - FCK05_27-09-25-40\" width=\"640\" data-caption=\"\" data-envira-gallery-id=\"21800\" data-envira-index=\"39\" data-envira-item-id=\"21780\" data-envira-src=\"https:\/\/regese.ch\/fussball\/wp-content\/uploads\/2025\/09\/FCL-FCK05_27-09-25-40-1536x1024.jpg\" data-envira-srcset=\"https:\/\/regese.ch\/fussball\/wp-content\/uploads\/2025\/09\/FCL-FCK05_27-09-25-40-1536x1024.jpg 400w, https:\/\/regese.ch\/fussball\/wp-content\/uploads\/2025\/09\/FCL-FCK05_27-09-25-40-1536x1024.jpg 2x\" data-title=\"FCL - FCK05_27-09-25-40\" itemprop=\"thumbnailUrl\"  data-envirabox=\"21800\" \/><\/div><\/a><div class=\"envira-gallery-captioned-data envira-gallery-captioned-data-base\"><\/div><\/div><\/div><div id=\"envira-gallery-item-21781\" class=\"envira-gallery-item envira-gallery-item-41 envira-lazy-load enviratope-item\" style=\"padding-left: 5px; padding-bottom: 10px; padding-right: 5px;\"  itemscope itemtype=\"https:\/\/schema.org\/ImageObject\"><div class=\"envira-gallery-item-inner\"><div class=\"envira-gallery-position-overlay envira-gallery-top-left\"><\/div><div class=\"envira-gallery-position-overlay envira-gallery-top-right\"><\/div><div class=\"envira-gallery-position-overlay envira-gallery-bottom-left\"><\/div><div class=\"envira-gallery-position-overlay envira-gallery-bottom-right\"><\/div><a class=\"envira-gallery-21800 envira-gallery-link\" href=\"https:\/\/regese.ch\/fussball\/wp-content\/uploads\/2025\/09\/FCL-FCK05_27-09-25-41.jpg\" title=\"FCL - FCK05_27-09-25-41\" data-caption=\"\" data-envira-item-id=\"21781\" data-envira-retina=\"https:\/\/regese.ch\/fussball\/wp-content\/uploads\/2025\/09\/FCL-FCK05_27-09-25-41.jpg\" data-thumb=\"https:\/\/regese.ch\/fussball\/wp-content\/uploads\/2025\/09\/FCL-FCK05_27-09-25-41-75x50_c.jpg\" data-title=\"FCL - FCK05_27-09-25-41\" data-envirabox='21800' itemprop=\"contentUrl\"><div class=\"envira-lazy\" style=\"padding-bottom: 75%;\" data-envira-changed=\"false\" data-width=\"640\" data-height=\"480\"><img loading=\"lazy\" decoding=\"async\" src=\"https:\/\/regese.ch\/fussball\/wp-content\/uploads\/2025\/09\/FCL-FCK05_27-09-25-41-1536x1024.jpg\" alt=\"\" class=\"envira-gallery-image envira-gallery-image-41    envira-lazy\" height=\"480\" id=\"envira-gallery-image-21781\" srcset=\"data:image\/gif;base64,R0lGODlhAQABAIAAAP\/\/\/\/\/\/\/yH5BAEKAAEALAAAAAABAAEAAAICTAEAOw==\" tabindex=\"-1\" title=\"FCL - FCK05_27-09-25-41\" width=\"640\" data-caption=\"\" data-envira-gallery-id=\"21800\" data-envira-index=\"40\" data-envira-item-id=\"21781\" data-envira-src=\"https:\/\/regese.ch\/fussball\/wp-content\/uploads\/2025\/09\/FCL-FCK05_27-09-25-41-1536x1024.jpg\" data-envira-srcset=\"https:\/\/regese.ch\/fussball\/wp-content\/uploads\/2025\/09\/FCL-FCK05_27-09-25-41-1536x1024.jpg 400w, https:\/\/regese.ch\/fussball\/wp-content\/uploads\/2025\/09\/FCL-FCK05_27-09-25-41-1536x1024.jpg 2x\" data-title=\"FCL - FCK05_27-09-25-41\" itemprop=\"thumbnailUrl\"  data-envirabox=\"21800\" \/><\/div><\/a><div class=\"envira-gallery-captioned-data envira-gallery-captioned-data-base\"><\/div><\/div><\/div><div id=\"envira-gallery-item-21782\" class=\"envira-gallery-item envira-gallery-item-42 envira-lazy-load enviratope-item\" style=\"padding-left: 5px; padding-bottom: 10px; padding-right: 5px;\"  itemscope itemtype=\"https:\/\/schema.org\/ImageObject\"><div class=\"envira-gallery-item-inner\"><div class=\"envira-gallery-position-overlay envira-gallery-top-left\"><\/div><div class=\"envira-gallery-position-overlay envira-gallery-top-right\"><\/div><div class=\"envira-gallery-position-overlay envira-gallery-bottom-left\"><\/div><div class=\"envira-gallery-position-overlay envira-gallery-bottom-right\"><\/div><a class=\"envira-gallery-21800 envira-gallery-link\" href=\"https:\/\/regese.ch\/fussball\/wp-content\/uploads\/2025\/09\/FCL-FCK05_27-09-25-42.jpg\" title=\"FCL - FCK05_27-09-25-42\" data-caption=\"\" data-envira-item-id=\"21782\" data-envira-retina=\"https:\/\/regese.ch\/fussball\/wp-content\/uploads\/2025\/09\/FCL-FCK05_27-09-25-42.jpg\" data-thumb=\"https:\/\/regese.ch\/fussball\/wp-content\/uploads\/2025\/09\/FCL-FCK05_27-09-25-42-75x50_c.jpg\" data-title=\"FCL - FCK05_27-09-25-42\" data-envirabox='21800' itemprop=\"contentUrl\"><div class=\"envira-lazy\" style=\"padding-bottom: 75%;\" data-envira-changed=\"false\" data-width=\"640\" data-height=\"480\"><img loading=\"lazy\" decoding=\"async\" src=\"https:\/\/regese.ch\/fussball\/wp-content\/uploads\/2025\/09\/FCL-FCK05_27-09-25-42-1536x1024.jpg\" alt=\"\" class=\"envira-gallery-image envira-gallery-image-42    envira-lazy\" height=\"480\" id=\"envira-gallery-image-21782\" srcset=\"data:image\/gif;base64,R0lGODlhAQABAIAAAP\/\/\/\/\/\/\/yH5BAEKAAEALAAAAAABAAEAAAICTAEAOw==\" tabindex=\"-1\" title=\"FCL - FCK05_27-09-25-42\" width=\"640\" data-caption=\"\" data-envira-gallery-id=\"21800\" data-envira-index=\"41\" data-envira-item-id=\"21782\" data-envira-src=\"https:\/\/regese.ch\/fussball\/wp-content\/uploads\/2025\/09\/FCL-FCK05_27-09-25-42-1536x1024.jpg\" data-envira-srcset=\"https:\/\/regese.ch\/fussball\/wp-content\/uploads\/2025\/09\/FCL-FCK05_27-09-25-42-1536x1024.jpg 400w, https:\/\/regese.ch\/fussball\/wp-content\/uploads\/2025\/09\/FCL-FCK05_27-09-25-42-1536x1024.jpg 2x\" data-title=\"FCL - FCK05_27-09-25-42\" itemprop=\"thumbnailUrl\"  data-envirabox=\"21800\" \/><\/div><\/a><div class=\"envira-gallery-captioned-data envira-gallery-captioned-data-base\"><\/div><\/div><\/div><div id=\"envira-gallery-item-21783\" class=\"envira-gallery-item envira-gallery-item-43 envira-lazy-load enviratope-item\" style=\"padding-left: 5px; padding-bottom: 10px; padding-right: 5px;\"  itemscope itemtype=\"https:\/\/schema.org\/ImageObject\"><div class=\"envira-gallery-item-inner\"><div class=\"envira-gallery-position-overlay envira-gallery-top-left\"><\/div><div class=\"envira-gallery-position-overlay envira-gallery-top-right\"><\/div><div class=\"envira-gallery-position-overlay envira-gallery-bottom-left\"><\/div><div class=\"envira-gallery-position-overlay envira-gallery-bottom-right\"><\/div><a class=\"envira-gallery-21800 envira-gallery-link\" href=\"https:\/\/regese.ch\/fussball\/wp-content\/uploads\/2025\/09\/FCL-FCK05_27-09-25-43.jpg\" title=\"FCL - FCK05_27-09-25-43\" data-caption=\"\" data-envira-item-id=\"21783\" data-envira-retina=\"https:\/\/regese.ch\/fussball\/wp-content\/uploads\/2025\/09\/FCL-FCK05_27-09-25-43.jpg\" data-thumb=\"https:\/\/regese.ch\/fussball\/wp-content\/uploads\/2025\/09\/FCL-FCK05_27-09-25-43-75x50_c.jpg\" data-title=\"FCL - FCK05_27-09-25-43\" data-envirabox='21800' itemprop=\"contentUrl\"><div class=\"envira-lazy\" style=\"padding-bottom: 75%;\" data-envira-changed=\"false\" data-width=\"640\" data-height=\"480\"><img loading=\"lazy\" decoding=\"async\" src=\"https:\/\/regese.ch\/fussball\/wp-content\/uploads\/2025\/09\/FCL-FCK05_27-09-25-43-1536x1024.jpg\" alt=\"\" class=\"envira-gallery-image envira-gallery-image-43    envira-lazy\" height=\"480\" id=\"envira-gallery-image-21783\" srcset=\"data:image\/gif;base64,R0lGODlhAQABAIAAAP\/\/\/\/\/\/\/yH5BAEKAAEALAAAAAABAAEAAAICTAEAOw==\" tabindex=\"-1\" title=\"FCL - FCK05_27-09-25-43\" width=\"640\" data-caption=\"\" data-envira-gallery-id=\"21800\" data-envira-index=\"42\" data-envira-item-id=\"21783\" data-envira-src=\"https:\/\/regese.ch\/fussball\/wp-content\/uploads\/2025\/09\/FCL-FCK05_27-09-25-43-1536x1024.jpg\" data-envira-srcset=\"https:\/\/regese.ch\/fussball\/wp-content\/uploads\/2025\/09\/FCL-FCK05_27-09-25-43-1536x1024.jpg 400w, https:\/\/regese.ch\/fussball\/wp-content\/uploads\/2025\/09\/FCL-FCK05_27-09-25-43-1536x1024.jpg 2x\" data-title=\"FCL - FCK05_27-09-25-43\" itemprop=\"thumbnailUrl\"  data-envirabox=\"21800\" \/><\/div><\/a><div class=\"envira-gallery-captioned-data envira-gallery-captioned-data-base\"><\/div><\/div><\/div><div id=\"envira-gallery-item-21784\" class=\"envira-gallery-item envira-gallery-item-44 envira-lazy-load enviratope-item\" style=\"padding-left: 5px; padding-bottom: 10px; padding-right: 5px;\"  itemscope itemtype=\"https:\/\/schema.org\/ImageObject\"><div class=\"envira-gallery-item-inner\"><div class=\"envira-gallery-position-overlay envira-gallery-top-left\"><\/div><div class=\"envira-gallery-position-overlay envira-gallery-top-right\"><\/div><div class=\"envira-gallery-position-overlay envira-gallery-bottom-left\"><\/div><div class=\"envira-gallery-position-overlay envira-gallery-bottom-right\"><\/div><a class=\"envira-gallery-21800 envira-gallery-link\" href=\"https:\/\/regese.ch\/fussball\/wp-content\/uploads\/2025\/09\/FCL-FCK05_27-09-25-44.jpg\" title=\"FCL - FCK05_27-09-25-44\" data-caption=\"\" data-envira-item-id=\"21784\" data-envira-retina=\"https:\/\/regese.ch\/fussball\/wp-content\/uploads\/2025\/09\/FCL-FCK05_27-09-25-44.jpg\" data-thumb=\"https:\/\/regese.ch\/fussball\/wp-content\/uploads\/2025\/09\/FCL-FCK05_27-09-25-44-75x50_c.jpg\" data-title=\"FCL - FCK05_27-09-25-44\" data-envirabox='21800' itemprop=\"contentUrl\"><div class=\"envira-lazy\" style=\"padding-bottom: 75%;\" data-envira-changed=\"false\" data-width=\"640\" data-height=\"480\"><img loading=\"lazy\" decoding=\"async\" src=\"https:\/\/regese.ch\/fussball\/wp-content\/uploads\/2025\/09\/FCL-FCK05_27-09-25-44-1536x1024.jpg\" alt=\"\" class=\"envira-gallery-image envira-gallery-image-44    envira-lazy\" height=\"480\" id=\"envira-gallery-image-21784\" srcset=\"data:image\/gif;base64,R0lGODlhAQABAIAAAP\/\/\/\/\/\/\/yH5BAEKAAEALAAAAAABAAEAAAICTAEAOw==\" tabindex=\"-1\" title=\"FCL - FCK05_27-09-25-44\" width=\"640\" data-caption=\"\" data-envira-gallery-id=\"21800\" data-envira-index=\"43\" data-envira-item-id=\"21784\" data-envira-src=\"https:\/\/regese.ch\/fussball\/wp-content\/uploads\/2025\/09\/FCL-FCK05_27-09-25-44-1536x1024.jpg\" data-envira-srcset=\"https:\/\/regese.ch\/fussball\/wp-content\/uploads\/2025\/09\/FCL-FCK05_27-09-25-44-1536x1024.jpg 400w, https:\/\/regese.ch\/fussball\/wp-content\/uploads\/2025\/09\/FCL-FCK05_27-09-25-44-1536x1024.jpg 2x\" data-title=\"FCL - FCK05_27-09-25-44\" itemprop=\"thumbnailUrl\"  data-envirabox=\"21800\" \/><\/div><\/a><div class=\"envira-gallery-captioned-data envira-gallery-captioned-data-base\"><\/div><\/div><\/div><div id=\"envira-gallery-item-21785\" class=\"envira-gallery-item envira-gallery-item-45 envira-lazy-load enviratope-item\" style=\"padding-left: 5px; padding-bottom: 10px; padding-right: 5px;\"  itemscope itemtype=\"https:\/\/schema.org\/ImageObject\"><div class=\"envira-gallery-item-inner\"><div class=\"envira-gallery-position-overlay envira-gallery-top-left\"><\/div><div class=\"envira-gallery-position-overlay envira-gallery-top-right\"><\/div><div class=\"envira-gallery-position-overlay envira-gallery-bottom-left\"><\/div><div class=\"envira-gallery-position-overlay envira-gallery-bottom-right\"><\/div><a class=\"envira-gallery-21800 envira-gallery-link\" href=\"https:\/\/regese.ch\/fussball\/wp-content\/uploads\/2025\/09\/FCL-FCK05_27-09-25-45.jpg\" title=\"FCL - FCK05_27-09-25-45\" data-caption=\"\" data-envira-item-id=\"21785\" data-envira-retina=\"https:\/\/regese.ch\/fussball\/wp-content\/uploads\/2025\/09\/FCL-FCK05_27-09-25-45.jpg\" data-thumb=\"https:\/\/regese.ch\/fussball\/wp-content\/uploads\/2025\/09\/FCL-FCK05_27-09-25-45-75x50_c.jpg\" data-title=\"FCL - FCK05_27-09-25-45\" data-envirabox='21800' itemprop=\"contentUrl\"><div class=\"envira-lazy\" style=\"padding-bottom: 75%;\" data-envira-changed=\"false\" data-width=\"640\" data-height=\"480\"><img loading=\"lazy\" decoding=\"async\" src=\"https:\/\/regese.ch\/fussball\/wp-content\/uploads\/2025\/09\/FCL-FCK05_27-09-25-45-1536x1024.jpg\" alt=\"\" class=\"envira-gallery-image envira-gallery-image-45    envira-lazy\" height=\"480\" id=\"envira-gallery-image-21785\" srcset=\"data:image\/gif;base64,R0lGODlhAQABAIAAAP\/\/\/\/\/\/\/yH5BAEKAAEALAAAAAABAAEAAAICTAEAOw==\" tabindex=\"-1\" title=\"FCL - FCK05_27-09-25-45\" width=\"640\" data-caption=\"\" data-envira-gallery-id=\"21800\" data-envira-index=\"44\" data-envira-item-id=\"21785\" data-envira-src=\"https:\/\/regese.ch\/fussball\/wp-content\/uploads\/2025\/09\/FCL-FCK05_27-09-25-45-1536x1024.jpg\" data-envira-srcset=\"https:\/\/regese.ch\/fussball\/wp-content\/uploads\/2025\/09\/FCL-FCK05_27-09-25-45-1536x1024.jpg 400w, https:\/\/regese.ch\/fussball\/wp-content\/uploads\/2025\/09\/FCL-FCK05_27-09-25-45-1536x1024.jpg 2x\" data-title=\"FCL - FCK05_27-09-25-45\" itemprop=\"thumbnailUrl\"  data-envirabox=\"21800\" \/><\/div><\/a><div class=\"envira-gallery-captioned-data envira-gallery-captioned-data-base\"><\/div><\/div><\/div><div id=\"envira-gallery-item-21786\" class=\"envira-gallery-item envira-gallery-item-46 envira-lazy-load enviratope-item\" style=\"padding-left: 5px; padding-bottom: 10px; padding-right: 5px;\"  itemscope itemtype=\"https:\/\/schema.org\/ImageObject\"><div class=\"envira-gallery-item-inner\"><div class=\"envira-gallery-position-overlay envira-gallery-top-left\"><\/div><div class=\"envira-gallery-position-overlay envira-gallery-top-right\"><\/div><div class=\"envira-gallery-position-overlay envira-gallery-bottom-left\"><\/div><div class=\"envira-gallery-position-overlay envira-gallery-bottom-right\"><\/div><a class=\"envira-gallery-21800 envira-gallery-link\" href=\"https:\/\/regese.ch\/fussball\/wp-content\/uploads\/2025\/09\/FCL-FCK05_27-09-25-46.jpg\" title=\"FCL - FCK05_27-09-25-46\" data-caption=\"\" data-envira-item-id=\"21786\" data-envira-retina=\"https:\/\/regese.ch\/fussball\/wp-content\/uploads\/2025\/09\/FCL-FCK05_27-09-25-46.jpg\" data-thumb=\"https:\/\/regese.ch\/fussball\/wp-content\/uploads\/2025\/09\/FCL-FCK05_27-09-25-46-75x50_c.jpg\" data-title=\"FCL - FCK05_27-09-25-46\" data-envirabox='21800' itemprop=\"contentUrl\"><div class=\"envira-lazy\" style=\"padding-bottom: 75%;\" data-envira-changed=\"false\" data-width=\"640\" data-height=\"480\"><img loading=\"lazy\" decoding=\"async\" src=\"https:\/\/regese.ch\/fussball\/wp-content\/uploads\/2025\/09\/FCL-FCK05_27-09-25-46-1536x1024.jpg\" alt=\"\" class=\"envira-gallery-image envira-gallery-image-46    envira-lazy\" height=\"480\" id=\"envira-gallery-image-21786\" srcset=\"data:image\/gif;base64,R0lGODlhAQABAIAAAP\/\/\/\/\/\/\/yH5BAEKAAEALAAAAAABAAEAAAICTAEAOw==\" tabindex=\"-1\" title=\"FCL - FCK05_27-09-25-46\" width=\"640\" data-caption=\"\" data-envira-gallery-id=\"21800\" data-envira-index=\"45\" data-envira-item-id=\"21786\" data-envira-src=\"https:\/\/regese.ch\/fussball\/wp-content\/uploads\/2025\/09\/FCL-FCK05_27-09-25-46-1536x1024.jpg\" data-envira-srcset=\"https:\/\/regese.ch\/fussball\/wp-content\/uploads\/2025\/09\/FCL-FCK05_27-09-25-46-1536x1024.jpg 400w, https:\/\/regese.ch\/fussball\/wp-content\/uploads\/2025\/09\/FCL-FCK05_27-09-25-46-1536x1024.jpg 2x\" data-title=\"FCL - FCK05_27-09-25-46\" itemprop=\"thumbnailUrl\"  data-envirabox=\"21800\" \/><\/div><\/a><div class=\"envira-gallery-captioned-data envira-gallery-captioned-data-base\"><\/div><\/div><\/div><div id=\"envira-gallery-item-21787\" class=\"envira-gallery-item envira-gallery-item-47 envira-lazy-load enviratope-item\" style=\"padding-left: 5px; padding-bottom: 10px; padding-right: 5px;\"  itemscope itemtype=\"https:\/\/schema.org\/ImageObject\"><div class=\"envira-gallery-item-inner\"><div class=\"envira-gallery-position-overlay envira-gallery-top-left\"><\/div><div class=\"envira-gallery-position-overlay envira-gallery-top-right\"><\/div><div class=\"envira-gallery-position-overlay envira-gallery-bottom-left\"><\/div><div class=\"envira-gallery-position-overlay envira-gallery-bottom-right\"><\/div><a class=\"envira-gallery-21800 envira-gallery-link\" href=\"https:\/\/regese.ch\/fussball\/wp-content\/uploads\/2025\/09\/FCL-FCK05_27-09-25-47.jpg\" title=\"FCL - FCK05_27-09-25-47\" data-caption=\"\" data-envira-item-id=\"21787\" data-envira-retina=\"https:\/\/regese.ch\/fussball\/wp-content\/uploads\/2025\/09\/FCL-FCK05_27-09-25-47.jpg\" data-thumb=\"https:\/\/regese.ch\/fussball\/wp-content\/uploads\/2025\/09\/FCL-FCK05_27-09-25-47-75x50_c.jpg\" data-title=\"FCL - FCK05_27-09-25-47\" data-envirabox='21800' itemprop=\"contentUrl\"><div class=\"envira-lazy\" style=\"padding-bottom: 75%;\" data-envira-changed=\"false\" data-width=\"640\" data-height=\"480\"><img loading=\"lazy\" decoding=\"async\" src=\"https:\/\/regese.ch\/fussball\/wp-content\/uploads\/2025\/09\/FCL-FCK05_27-09-25-47-1536x1024.jpg\" alt=\"\" class=\"envira-gallery-image envira-gallery-image-47    envira-lazy\" height=\"480\" id=\"envira-gallery-image-21787\" srcset=\"data:image\/gif;base64,R0lGODlhAQABAIAAAP\/\/\/\/\/\/\/yH5BAEKAAEALAAAAAABAAEAAAICTAEAOw==\" tabindex=\"-1\" title=\"FCL - FCK05_27-09-25-47\" width=\"640\" data-caption=\"\" data-envira-gallery-id=\"21800\" data-envira-index=\"46\" data-envira-item-id=\"21787\" data-envira-src=\"https:\/\/regese.ch\/fussball\/wp-content\/uploads\/2025\/09\/FCL-FCK05_27-09-25-47-1536x1024.jpg\" data-envira-srcset=\"https:\/\/regese.ch\/fussball\/wp-content\/uploads\/2025\/09\/FCL-FCK05_27-09-25-47-1536x1024.jpg 400w, https:\/\/regese.ch\/fussball\/wp-content\/uploads\/2025\/09\/FCL-FCK05_27-09-25-47-1536x1024.jpg 2x\" data-title=\"FCL - FCK05_27-09-25-47\" itemprop=\"thumbnailUrl\"  data-envirabox=\"21800\" \/><\/div><\/a><div class=\"envira-gallery-captioned-data envira-gallery-captioned-data-base\"><\/div><\/div><\/div><div id=\"envira-gallery-item-21788\" class=\"envira-gallery-item envira-gallery-item-48 envira-lazy-load enviratope-item\" style=\"padding-left: 5px; padding-bottom: 10px; padding-right: 5px;\"  itemscope itemtype=\"https:\/\/schema.org\/ImageObject\"><div class=\"envira-gallery-item-inner\"><div class=\"envira-gallery-position-overlay envira-gallery-top-left\"><\/div><div class=\"envira-gallery-position-overlay envira-gallery-top-right\"><\/div><div class=\"envira-gallery-position-overlay envira-gallery-bottom-left\"><\/div><div class=\"envira-gallery-position-overlay envira-gallery-bottom-right\"><\/div><a class=\"envira-gallery-21800 envira-gallery-link\" href=\"https:\/\/regese.ch\/fussball\/wp-content\/uploads\/2025\/09\/FCL-FCK05_27-09-25-48.jpg\" title=\"FCL - FCK05_27-09-25-48\" data-caption=\"\" data-envira-item-id=\"21788\" data-envira-retina=\"https:\/\/regese.ch\/fussball\/wp-content\/uploads\/2025\/09\/FCL-FCK05_27-09-25-48.jpg\" data-thumb=\"https:\/\/regese.ch\/fussball\/wp-content\/uploads\/2025\/09\/FCL-FCK05_27-09-25-48-75x50_c.jpg\" data-title=\"FCL - FCK05_27-09-25-48\" data-envirabox='21800' itemprop=\"contentUrl\"><div class=\"envira-lazy\" style=\"padding-bottom: 75%;\" data-envira-changed=\"false\" data-width=\"640\" data-height=\"480\"><img loading=\"lazy\" decoding=\"async\" src=\"https:\/\/regese.ch\/fussball\/wp-content\/uploads\/2025\/09\/FCL-FCK05_27-09-25-48-1536x1024.jpg\" alt=\"\" class=\"envira-gallery-image envira-gallery-image-48    envira-lazy\" height=\"480\" id=\"envira-gallery-image-21788\" srcset=\"data:image\/gif;base64,R0lGODlhAQABAIAAAP\/\/\/\/\/\/\/yH5BAEKAAEALAAAAAABAAEAAAICTAEAOw==\" tabindex=\"-1\" title=\"FCL - FCK05_27-09-25-48\" width=\"640\" data-caption=\"\" data-envira-gallery-id=\"21800\" data-envira-index=\"47\" data-envira-item-id=\"21788\" data-envira-src=\"https:\/\/regese.ch\/fussball\/wp-content\/uploads\/2025\/09\/FCL-FCK05_27-09-25-48-1536x1024.jpg\" data-envira-srcset=\"https:\/\/regese.ch\/fussball\/wp-content\/uploads\/2025\/09\/FCL-FCK05_27-09-25-48-1536x1024.jpg 400w, https:\/\/regese.ch\/fussball\/wp-content\/uploads\/2025\/09\/FCL-FCK05_27-09-25-48-1536x1024.jpg 2x\" data-title=\"FCL - FCK05_27-09-25-48\" itemprop=\"thumbnailUrl\"  data-envirabox=\"21800\" \/><\/div><\/a><div class=\"envira-gallery-captioned-data envira-gallery-captioned-data-base\"><\/div><\/div><\/div><div id=\"envira-gallery-item-21789\" class=\"envira-gallery-item envira-gallery-item-49 envira-lazy-load enviratope-item\" style=\"padding-left: 5px; padding-bottom: 10px; padding-right: 5px;\"  itemscope itemtype=\"https:\/\/schema.org\/ImageObject\"><div class=\"envira-gallery-item-inner\"><div class=\"envira-gallery-position-overlay envira-gallery-top-left\"><\/div><div class=\"envira-gallery-position-overlay envira-gallery-top-right\"><\/div><div class=\"envira-gallery-position-overlay envira-gallery-bottom-left\"><\/div><div class=\"envira-gallery-position-overlay envira-gallery-bottom-right\"><\/div><a class=\"envira-gallery-21800 envira-gallery-link\" href=\"https:\/\/regese.ch\/fussball\/wp-content\/uploads\/2025\/09\/FCL-FCK05_27-09-25-49.jpg\" title=\"FCL - FCK05_27-09-25-49\" data-caption=\"\" data-envira-item-id=\"21789\" data-envira-retina=\"https:\/\/regese.ch\/fussball\/wp-content\/uploads\/2025\/09\/FCL-FCK05_27-09-25-49.jpg\" data-thumb=\"https:\/\/regese.ch\/fussball\/wp-content\/uploads\/2025\/09\/FCL-FCK05_27-09-25-49-75x50_c.jpg\" data-title=\"FCL - FCK05_27-09-25-49\" data-envirabox='21800' itemprop=\"contentUrl\"><div class=\"envira-lazy\" style=\"padding-bottom: 75%;\" data-envira-changed=\"false\" data-width=\"640\" data-height=\"480\"><img loading=\"lazy\" decoding=\"async\" src=\"https:\/\/regese.ch\/fussball\/wp-content\/uploads\/2025\/09\/FCL-FCK05_27-09-25-49-1536x1024.jpg\" alt=\"\" class=\"envira-gallery-image envira-gallery-image-49    envira-lazy\" height=\"480\" id=\"envira-gallery-image-21789\" srcset=\"data:image\/gif;base64,R0lGODlhAQABAIAAAP\/\/\/\/\/\/\/yH5BAEKAAEALAAAAAABAAEAAAICTAEAOw==\" tabindex=\"-1\" title=\"FCL - FCK05_27-09-25-49\" width=\"640\" data-caption=\"\" data-envira-gallery-id=\"21800\" data-envira-index=\"48\" data-envira-item-id=\"21789\" data-envira-src=\"https:\/\/regese.ch\/fussball\/wp-content\/uploads\/2025\/09\/FCL-FCK05_27-09-25-49-1536x1024.jpg\" data-envira-srcset=\"https:\/\/regese.ch\/fussball\/wp-content\/uploads\/2025\/09\/FCL-FCK05_27-09-25-49-1536x1024.jpg 400w, https:\/\/regese.ch\/fussball\/wp-content\/uploads\/2025\/09\/FCL-FCK05_27-09-25-49-1536x1024.jpg 2x\" data-title=\"FCL - FCK05_27-09-25-49\" itemprop=\"thumbnailUrl\"  data-envirabox=\"21800\" \/><\/div><\/a><div class=\"envira-gallery-captioned-data envira-gallery-captioned-data-base\"><\/div><\/div><\/div><div id=\"envira-gallery-item-21790\" class=\"envira-gallery-item envira-gallery-item-50 envira-lazy-load enviratope-item\" style=\"padding-left: 5px; padding-bottom: 10px; padding-right: 5px;\"  itemscope itemtype=\"https:\/\/schema.org\/ImageObject\"><div class=\"envira-gallery-item-inner\"><div class=\"envira-gallery-position-overlay envira-gallery-top-left\"><\/div><div class=\"envira-gallery-position-overlay envira-gallery-top-right\"><\/div><div class=\"envira-gallery-position-overlay envira-gallery-bottom-left\"><\/div><div class=\"envira-gallery-position-overlay envira-gallery-bottom-right\"><\/div><a class=\"envira-gallery-21800 envira-gallery-link\" href=\"https:\/\/regese.ch\/fussball\/wp-content\/uploads\/2025\/09\/FCL-FCK05_27-09-25-50.jpg\" title=\"FCL - FCK05_27-09-25-50\" data-caption=\"\" data-envira-item-id=\"21790\" data-envira-retina=\"https:\/\/regese.ch\/fussball\/wp-content\/uploads\/2025\/09\/FCL-FCK05_27-09-25-50.jpg\" data-thumb=\"https:\/\/regese.ch\/fussball\/wp-content\/uploads\/2025\/09\/FCL-FCK05_27-09-25-50-75x50_c.jpg\" data-title=\"FCL - FCK05_27-09-25-50\" data-envirabox='21800' itemprop=\"contentUrl\"><div class=\"envira-lazy\" style=\"padding-bottom: 75%;\" data-envira-changed=\"false\" data-width=\"640\" data-height=\"480\"><img loading=\"lazy\" decoding=\"async\" src=\"https:\/\/regese.ch\/fussball\/wp-content\/uploads\/2025\/09\/FCL-FCK05_27-09-25-50-1536x1024.jpg\" alt=\"\" class=\"envira-gallery-image envira-gallery-image-50    envira-lazy\" height=\"480\" id=\"envira-gallery-image-21790\" srcset=\"data:image\/gif;base64,R0lGODlhAQABAIAAAP\/\/\/\/\/\/\/yH5BAEKAAEALAAAAAABAAEAAAICTAEAOw==\" tabindex=\"-1\" title=\"FCL - FCK05_27-09-25-50\" width=\"640\" data-caption=\"\" data-envira-gallery-id=\"21800\" data-envira-index=\"49\" data-envira-item-id=\"21790\" data-envira-src=\"https:\/\/regese.ch\/fussball\/wp-content\/uploads\/2025\/09\/FCL-FCK05_27-09-25-50-1536x1024.jpg\" data-envira-srcset=\"https:\/\/regese.ch\/fussball\/wp-content\/uploads\/2025\/09\/FCL-FCK05_27-09-25-50-1536x1024.jpg 400w, https:\/\/regese.ch\/fussball\/wp-content\/uploads\/2025\/09\/FCL-FCK05_27-09-25-50-1536x1024.jpg 2x\" data-title=\"FCL - FCK05_27-09-25-50\" itemprop=\"thumbnailUrl\"  data-envirabox=\"21800\" \/><\/div><\/a><div class=\"envira-gallery-captioned-data envira-gallery-captioned-data-base\"><\/div><\/div><\/div><div id=\"envira-gallery-item-21791\" class=\"envira-gallery-item envira-gallery-item-51 envira-lazy-load enviratope-item\" style=\"padding-left: 5px; padding-bottom: 10px; padding-right: 5px;\"  itemscope itemtype=\"https:\/\/schema.org\/ImageObject\"><div class=\"envira-gallery-item-inner\"><div class=\"envira-gallery-position-overlay envira-gallery-top-left\"><\/div><div class=\"envira-gallery-position-overlay envira-gallery-top-right\"><\/div><div class=\"envira-gallery-position-overlay envira-gallery-bottom-left\"><\/div><div class=\"envira-gallery-position-overlay envira-gallery-bottom-right\"><\/div><a class=\"envira-gallery-21800 envira-gallery-link\" href=\"https:\/\/regese.ch\/fussball\/wp-content\/uploads\/2025\/09\/FCL-FCK05_27-09-25-51.jpg\" title=\"FCL - FCK05_27-09-25-51\" data-caption=\"\" data-envira-item-id=\"21791\" data-envira-retina=\"https:\/\/regese.ch\/fussball\/wp-content\/uploads\/2025\/09\/FCL-FCK05_27-09-25-51.jpg\" data-thumb=\"https:\/\/regese.ch\/fussball\/wp-content\/uploads\/2025\/09\/FCL-FCK05_27-09-25-51-75x50_c.jpg\" data-title=\"FCL - FCK05_27-09-25-51\" data-envirabox='21800' itemprop=\"contentUrl\"><div class=\"envira-lazy\" style=\"padding-bottom: 75%;\" data-envira-changed=\"false\" data-width=\"640\" data-height=\"480\"><img loading=\"lazy\" decoding=\"async\" src=\"https:\/\/regese.ch\/fussball\/wp-content\/uploads\/2025\/09\/FCL-FCK05_27-09-25-51-1536x1024.jpg\" alt=\"\" class=\"envira-gallery-image envira-gallery-image-51    envira-lazy\" height=\"480\" id=\"envira-gallery-image-21791\" srcset=\"data:image\/gif;base64,R0lGODlhAQABAIAAAP\/\/\/\/\/\/\/yH5BAEKAAEALAAAAAABAAEAAAICTAEAOw==\" tabindex=\"-1\" title=\"FCL - FCK05_27-09-25-51\" width=\"640\" data-caption=\"\" data-envira-gallery-id=\"21800\" data-envira-index=\"50\" data-envira-item-id=\"21791\" data-envira-src=\"https:\/\/regese.ch\/fussball\/wp-content\/uploads\/2025\/09\/FCL-FCK05_27-09-25-51-1536x1024.jpg\" data-envira-srcset=\"https:\/\/regese.ch\/fussball\/wp-content\/uploads\/2025\/09\/FCL-FCK05_27-09-25-51-1536x1024.jpg 400w, https:\/\/regese.ch\/fussball\/wp-content\/uploads\/2025\/09\/FCL-FCK05_27-09-25-51-1536x1024.jpg 2x\" data-title=\"FCL - FCK05_27-09-25-51\" itemprop=\"thumbnailUrl\"  data-envirabox=\"21800\" \/><\/div><\/a><div class=\"envira-gallery-captioned-data envira-gallery-captioned-data-base\"><\/div><\/div><\/div><div id=\"envira-gallery-item-21792\" class=\"envira-gallery-item envira-gallery-item-52 envira-lazy-load enviratope-item\" style=\"padding-left: 5px; padding-bottom: 10px; padding-right: 5px;\"  itemscope itemtype=\"https:\/\/schema.org\/ImageObject\"><div class=\"envira-gallery-item-inner\"><div class=\"envira-gallery-position-overlay envira-gallery-top-left\"><\/div><div class=\"envira-gallery-position-overlay envira-gallery-top-right\"><\/div><div class=\"envira-gallery-position-overlay envira-gallery-bottom-left\"><\/div><div class=\"envira-gallery-position-overlay envira-gallery-bottom-right\"><\/div><a class=\"envira-gallery-21800 envira-gallery-link\" href=\"https:\/\/regese.ch\/fussball\/wp-content\/uploads\/2025\/09\/FCL-FCK05_27-09-25-52.jpg\" title=\"FCL - FCK05_27-09-25-52\" data-caption=\"\" data-envira-item-id=\"21792\" data-envira-retina=\"https:\/\/regese.ch\/fussball\/wp-content\/uploads\/2025\/09\/FCL-FCK05_27-09-25-52.jpg\" data-thumb=\"https:\/\/regese.ch\/fussball\/wp-content\/uploads\/2025\/09\/FCL-FCK05_27-09-25-52-75x50_c.jpg\" data-title=\"FCL - FCK05_27-09-25-52\" data-envirabox='21800' itemprop=\"contentUrl\"><div class=\"envira-lazy\" style=\"padding-bottom: 75%;\" data-envira-changed=\"false\" data-width=\"640\" data-height=\"480\"><img loading=\"lazy\" decoding=\"async\" src=\"https:\/\/regese.ch\/fussball\/wp-content\/uploads\/2025\/09\/FCL-FCK05_27-09-25-52-1536x1024.jpg\" alt=\"\" class=\"envira-gallery-image envira-gallery-image-52    envira-lazy\" height=\"480\" id=\"envira-gallery-image-21792\" srcset=\"data:image\/gif;base64,R0lGODlhAQABAIAAAP\/\/\/\/\/\/\/yH5BAEKAAEALAAAAAABAAEAAAICTAEAOw==\" tabindex=\"-1\" title=\"FCL - FCK05_27-09-25-52\" width=\"640\" data-caption=\"\" data-envira-gallery-id=\"21800\" data-envira-index=\"51\" data-envira-item-id=\"21792\" data-envira-src=\"https:\/\/regese.ch\/fussball\/wp-content\/uploads\/2025\/09\/FCL-FCK05_27-09-25-52-1536x1024.jpg\" data-envira-srcset=\"https:\/\/regese.ch\/fussball\/wp-content\/uploads\/2025\/09\/FCL-FCK05_27-09-25-52-1536x1024.jpg 400w, https:\/\/regese.ch\/fussball\/wp-content\/uploads\/2025\/09\/FCL-FCK05_27-09-25-52-1536x1024.jpg 2x\" data-title=\"FCL - FCK05_27-09-25-52\" itemprop=\"thumbnailUrl\"  data-envirabox=\"21800\" \/><\/div><\/a><div class=\"envira-gallery-captioned-data envira-gallery-captioned-data-base\"><\/div><\/div><\/div><div id=\"envira-gallery-item-21793\" class=\"envira-gallery-item envira-gallery-item-53 envira-lazy-load enviratope-item\" style=\"padding-left: 5px; padding-bottom: 10px; padding-right: 5px;\"  itemscope itemtype=\"https:\/\/schema.org\/ImageObject\"><div class=\"envira-gallery-item-inner\"><div class=\"envira-gallery-position-overlay envira-gallery-top-left\"><\/div><div class=\"envira-gallery-position-overlay envira-gallery-top-right\"><\/div><div class=\"envira-gallery-position-overlay envira-gallery-bottom-left\"><\/div><div class=\"envira-gallery-position-overlay envira-gallery-bottom-right\"><\/div><a class=\"envira-gallery-21800 envira-gallery-link\" href=\"https:\/\/regese.ch\/fussball\/wp-content\/uploads\/2025\/09\/FCL-FCK05_27-09-25-53.jpg\" title=\"FCL - FCK05_27-09-25-53\" data-caption=\"\" data-envira-item-id=\"21793\" data-envira-retina=\"https:\/\/regese.ch\/fussball\/wp-content\/uploads\/2025\/09\/FCL-FCK05_27-09-25-53.jpg\" data-thumb=\"https:\/\/regese.ch\/fussball\/wp-content\/uploads\/2025\/09\/FCL-FCK05_27-09-25-53-75x50_c.jpg\" data-title=\"FCL - FCK05_27-09-25-53\" data-envirabox='21800' itemprop=\"contentUrl\"><div class=\"envira-lazy\" style=\"padding-bottom: 75%;\" data-envira-changed=\"false\" data-width=\"640\" data-height=\"480\"><img loading=\"lazy\" decoding=\"async\" src=\"https:\/\/regese.ch\/fussball\/wp-content\/uploads\/2025\/09\/FCL-FCK05_27-09-25-53-1536x1024.jpg\" alt=\"\" class=\"envira-gallery-image envira-gallery-image-53    envira-lazy\" height=\"480\" id=\"envira-gallery-image-21793\" srcset=\"data:image\/gif;base64,R0lGODlhAQABAIAAAP\/\/\/\/\/\/\/yH5BAEKAAEALAAAAAABAAEAAAICTAEAOw==\" tabindex=\"-1\" title=\"FCL - FCK05_27-09-25-53\" width=\"640\" data-caption=\"\" data-envira-gallery-id=\"21800\" data-envira-index=\"52\" data-envira-item-id=\"21793\" data-envira-src=\"https:\/\/regese.ch\/fussball\/wp-content\/uploads\/2025\/09\/FCL-FCK05_27-09-25-53-1536x1024.jpg\" data-envira-srcset=\"https:\/\/regese.ch\/fussball\/wp-content\/uploads\/2025\/09\/FCL-FCK05_27-09-25-53-1536x1024.jpg 400w, https:\/\/regese.ch\/fussball\/wp-content\/uploads\/2025\/09\/FCL-FCK05_27-09-25-53-1536x1024.jpg 2x\" data-title=\"FCL - FCK05_27-09-25-53\" itemprop=\"thumbnailUrl\"  data-envirabox=\"21800\" \/><\/div><\/a><div class=\"envira-gallery-captioned-data envira-gallery-captioned-data-base\"><\/div><\/div><\/div><div id=\"envira-gallery-item-21794\" class=\"envira-gallery-item envira-gallery-item-54 envira-lazy-load enviratope-item\" style=\"padding-left: 5px; padding-bottom: 10px; padding-right: 5px;\"  itemscope itemtype=\"https:\/\/schema.org\/ImageObject\"><div class=\"envira-gallery-item-inner\"><div class=\"envira-gallery-position-overlay envira-gallery-top-left\"><\/div><div class=\"envira-gallery-position-overlay envira-gallery-top-right\"><\/div><div class=\"envira-gallery-position-overlay envira-gallery-bottom-left\"><\/div><div class=\"envira-gallery-position-overlay envira-gallery-bottom-right\"><\/div><a class=\"envira-gallery-21800 envira-gallery-link\" href=\"https:\/\/regese.ch\/fussball\/wp-content\/uploads\/2025\/09\/FCL-FCK05_27-09-25-54.jpg\" title=\"FCL - FCK05_27-09-25-54\" data-caption=\"\" data-envira-item-id=\"21794\" data-envira-retina=\"https:\/\/regese.ch\/fussball\/wp-content\/uploads\/2025\/09\/FCL-FCK05_27-09-25-54.jpg\" data-thumb=\"https:\/\/regese.ch\/fussball\/wp-content\/uploads\/2025\/09\/FCL-FCK05_27-09-25-54-75x50_c.jpg\" data-title=\"FCL - FCK05_27-09-25-54\" data-envirabox='21800' itemprop=\"contentUrl\"><div class=\"envira-lazy\" style=\"padding-bottom: 75%;\" data-envira-changed=\"false\" data-width=\"640\" data-height=\"480\"><img loading=\"lazy\" decoding=\"async\" src=\"https:\/\/regese.ch\/fussball\/wp-content\/uploads\/2025\/09\/FCL-FCK05_27-09-25-54-1536x1024.jpg\" alt=\"\" class=\"envira-gallery-image envira-gallery-image-54    envira-lazy\" height=\"480\" id=\"envira-gallery-image-21794\" srcset=\"data:image\/gif;base64,R0lGODlhAQABAIAAAP\/\/\/\/\/\/\/yH5BAEKAAEALAAAAAABAAEAAAICTAEAOw==\" tabindex=\"-1\" title=\"FCL - FCK05_27-09-25-54\" width=\"640\" data-caption=\"\" data-envira-gallery-id=\"21800\" data-envira-index=\"53\" data-envira-item-id=\"21794\" data-envira-src=\"https:\/\/regese.ch\/fussball\/wp-content\/uploads\/2025\/09\/FCL-FCK05_27-09-25-54-1536x1024.jpg\" data-envira-srcset=\"https:\/\/regese.ch\/fussball\/wp-content\/uploads\/2025\/09\/FCL-FCK05_27-09-25-54-1536x1024.jpg 400w, https:\/\/regese.ch\/fussball\/wp-content\/uploads\/2025\/09\/FCL-FCK05_27-09-25-54-1536x1024.jpg 2x\" data-title=\"FCL - FCK05_27-09-25-54\" itemprop=\"thumbnailUrl\"  data-envirabox=\"21800\" \/><\/div><\/a><div class=\"envira-gallery-captioned-data envira-gallery-captioned-data-base\"><\/div><\/div><\/div><div id=\"envira-gallery-item-21795\" class=\"envira-gallery-item envira-gallery-item-55 envira-lazy-load enviratope-item\" style=\"padding-left: 5px; padding-bottom: 10px; padding-right: 5px;\"  itemscope itemtype=\"https:\/\/schema.org\/ImageObject\"><div class=\"envira-gallery-item-inner\"><div class=\"envira-gallery-position-overlay envira-gallery-top-left\"><\/div><div class=\"envira-gallery-position-overlay envira-gallery-top-right\"><\/div><div class=\"envira-gallery-position-overlay envira-gallery-bottom-left\"><\/div><div class=\"envira-gallery-position-overlay envira-gallery-bottom-right\"><\/div><a class=\"envira-gallery-21800 envira-gallery-link\" href=\"https:\/\/regese.ch\/fussball\/wp-content\/uploads\/2025\/09\/FCL-FCK05_27-09-25-55.jpg\" title=\"FCL - FCK05_27-09-25-55\" data-caption=\"\" data-envira-item-id=\"21795\" data-envira-retina=\"https:\/\/regese.ch\/fussball\/wp-content\/uploads\/2025\/09\/FCL-FCK05_27-09-25-55.jpg\" data-thumb=\"https:\/\/regese.ch\/fussball\/wp-content\/uploads\/2025\/09\/FCL-FCK05_27-09-25-55-75x50_c.jpg\" data-title=\"FCL - FCK05_27-09-25-55\" data-envirabox='21800' itemprop=\"contentUrl\"><div class=\"envira-lazy\" style=\"padding-bottom: 75%;\" data-envira-changed=\"false\" data-width=\"640\" data-height=\"480\"><img loading=\"lazy\" decoding=\"async\" src=\"https:\/\/regese.ch\/fussball\/wp-content\/uploads\/2025\/09\/FCL-FCK05_27-09-25-55-1536x1024.jpg\" alt=\"\" class=\"envira-gallery-image envira-gallery-image-55    envira-lazy\" height=\"480\" id=\"envira-gallery-image-21795\" srcset=\"data:image\/gif;base64,R0lGODlhAQABAIAAAP\/\/\/\/\/\/\/yH5BAEKAAEALAAAAAABAAEAAAICTAEAOw==\" tabindex=\"-1\" title=\"FCL - FCK05_27-09-25-55\" width=\"640\" data-caption=\"\" data-envira-gallery-id=\"21800\" data-envira-index=\"54\" data-envira-item-id=\"21795\" data-envira-src=\"https:\/\/regese.ch\/fussball\/wp-content\/uploads\/2025\/09\/FCL-FCK05_27-09-25-55-1536x1024.jpg\" data-envira-srcset=\"https:\/\/regese.ch\/fussball\/wp-content\/uploads\/2025\/09\/FCL-FCK05_27-09-25-55-1536x1024.jpg 400w, https:\/\/regese.ch\/fussball\/wp-content\/uploads\/2025\/09\/FCL-FCK05_27-09-25-55-1536x1024.jpg 2x\" data-title=\"FCL - FCK05_27-09-25-55\" itemprop=\"thumbnailUrl\"  data-envirabox=\"21800\" \/><\/div><\/a><div class=\"envira-gallery-captioned-data envira-gallery-captioned-data-base\"><\/div><\/div><\/div><div id=\"envira-gallery-item-21796\" class=\"envira-gallery-item envira-gallery-item-56 envira-lazy-load enviratope-item\" style=\"padding-left: 5px; padding-bottom: 10px; padding-right: 5px;\"  itemscope itemtype=\"https:\/\/schema.org\/ImageObject\"><div class=\"envira-gallery-item-inner\"><div class=\"envira-gallery-position-overlay envira-gallery-top-left\"><\/div><div class=\"envira-gallery-position-overlay envira-gallery-top-right\"><\/div><div class=\"envira-gallery-position-overlay envira-gallery-bottom-left\"><\/div><div class=\"envira-gallery-position-overlay envira-gallery-bottom-right\"><\/div><a class=\"envira-gallery-21800 envira-gallery-link\" href=\"https:\/\/regese.ch\/fussball\/wp-content\/uploads\/2025\/09\/FCL-FCK05_27-09-25-56.jpg\" title=\"FCL - FCK05_27-09-25-56\" data-caption=\"\" data-envira-item-id=\"21796\" data-envira-retina=\"https:\/\/regese.ch\/fussball\/wp-content\/uploads\/2025\/09\/FCL-FCK05_27-09-25-56.jpg\" data-thumb=\"https:\/\/regese.ch\/fussball\/wp-content\/uploads\/2025\/09\/FCL-FCK05_27-09-25-56-75x50_c.jpg\" data-title=\"FCL - FCK05_27-09-25-56\" data-envirabox='21800' itemprop=\"contentUrl\"><div class=\"envira-lazy\" style=\"padding-bottom: 75%;\" data-envira-changed=\"false\" data-width=\"640\" data-height=\"480\"><img loading=\"lazy\" decoding=\"async\" src=\"https:\/\/regese.ch\/fussball\/wp-content\/uploads\/2025\/09\/FCL-FCK05_27-09-25-56-1536x1024.jpg\" alt=\"\" class=\"envira-gallery-image envira-gallery-image-56    envira-lazy\" height=\"480\" id=\"envira-gallery-image-21796\" srcset=\"data:image\/gif;base64,R0lGODlhAQABAIAAAP\/\/\/\/\/\/\/yH5BAEKAAEALAAAAAABAAEAAAICTAEAOw==\" tabindex=\"-1\" title=\"FCL - FCK05_27-09-25-56\" width=\"640\" data-caption=\"\" data-envira-gallery-id=\"21800\" data-envira-index=\"55\" data-envira-item-id=\"21796\" data-envira-src=\"https:\/\/regese.ch\/fussball\/wp-content\/uploads\/2025\/09\/FCL-FCK05_27-09-25-56-1536x1024.jpg\" data-envira-srcset=\"https:\/\/regese.ch\/fussball\/wp-content\/uploads\/2025\/09\/FCL-FCK05_27-09-25-56-1536x1024.jpg 400w, https:\/\/regese.ch\/fussball\/wp-content\/uploads\/2025\/09\/FCL-FCK05_27-09-25-56-1536x1024.jpg 2x\" data-title=\"FCL - FCK05_27-09-25-56\" itemprop=\"thumbnailUrl\"  data-envirabox=\"21800\" \/><\/div><\/a><div class=\"envira-gallery-captioned-data envira-gallery-captioned-data-base\"><\/div><\/div><\/div><div id=\"envira-gallery-item-21797\" class=\"envira-gallery-item envira-gallery-item-57 envira-lazy-load enviratope-item\" style=\"padding-left: 5px; padding-bottom: 10px; padding-right: 5px;\"  itemscope itemtype=\"https:\/\/schema.org\/ImageObject\"><div class=\"envira-gallery-item-inner\"><div class=\"envira-gallery-position-overlay envira-gallery-top-left\"><\/div><div class=\"envira-gallery-position-overlay envira-gallery-top-right\"><\/div><div class=\"envira-gallery-position-overlay envira-gallery-bottom-left\"><\/div><div class=\"envira-gallery-position-overlay envira-gallery-bottom-right\"><\/div><a class=\"envira-gallery-21800 envira-gallery-link\" href=\"https:\/\/regese.ch\/fussball\/wp-content\/uploads\/2025\/09\/FCL-FCK05_27-09-25-57.jpg\" title=\"FCL - FCK05_27-09-25-57\" data-caption=\"\" data-envira-item-id=\"21797\" data-envira-retina=\"https:\/\/regese.ch\/fussball\/wp-content\/uploads\/2025\/09\/FCL-FCK05_27-09-25-57.jpg\" data-thumb=\"https:\/\/regese.ch\/fussball\/wp-content\/uploads\/2025\/09\/FCL-FCK05_27-09-25-57-75x50_c.jpg\" data-title=\"FCL - FCK05_27-09-25-57\" data-envirabox='21800' itemprop=\"contentUrl\"><div class=\"envira-lazy\" style=\"padding-bottom: 75%;\" data-envira-changed=\"false\" data-width=\"640\" data-height=\"480\"><img loading=\"lazy\" decoding=\"async\" src=\"https:\/\/regese.ch\/fussball\/wp-content\/uploads\/2025\/09\/FCL-FCK05_27-09-25-57-1536x1024.jpg\" alt=\"\" class=\"envira-gallery-image envira-gallery-image-57    envira-lazy\" height=\"480\" id=\"envira-gallery-image-21797\" srcset=\"data:image\/gif;base64,R0lGODlhAQABAIAAAP\/\/\/\/\/\/\/yH5BAEKAAEALAAAAAABAAEAAAICTAEAOw==\" tabindex=\"-1\" title=\"FCL - FCK05_27-09-25-57\" width=\"640\" data-caption=\"\" data-envira-gallery-id=\"21800\" data-envira-index=\"56\" data-envira-item-id=\"21797\" data-envira-src=\"https:\/\/regese.ch\/fussball\/wp-content\/uploads\/2025\/09\/FCL-FCK05_27-09-25-57-1536x1024.jpg\" data-envira-srcset=\"https:\/\/regese.ch\/fussball\/wp-content\/uploads\/2025\/09\/FCL-FCK05_27-09-25-57-1536x1024.jpg 400w, https:\/\/regese.ch\/fussball\/wp-content\/uploads\/2025\/09\/FCL-FCK05_27-09-25-57-1536x1024.jpg 2x\" data-title=\"FCL - FCK05_27-09-25-57\" itemprop=\"thumbnailUrl\"  data-envirabox=\"21800\" \/><\/div><\/a><div class=\"envira-gallery-captioned-data envira-gallery-captioned-data-base\"><\/div><\/div><\/div><div id=\"envira-gallery-item-21798\" class=\"envira-gallery-item envira-gallery-item-58 envira-lazy-load enviratope-item\" style=\"padding-left: 5px; padding-bottom: 10px; padding-right: 5px;\"  itemscope itemtype=\"https:\/\/schema.org\/ImageObject\"><div class=\"envira-gallery-item-inner\"><div class=\"envira-gallery-position-overlay envira-gallery-top-left\"><\/div><div class=\"envira-gallery-position-overlay envira-gallery-top-right\"><\/div><div class=\"envira-gallery-position-overlay envira-gallery-bottom-left\"><\/div><div class=\"envira-gallery-position-overlay envira-gallery-bottom-right\"><\/div><a class=\"envira-gallery-21800 envira-gallery-link\" href=\"https:\/\/regese.ch\/fussball\/wp-content\/uploads\/2025\/09\/FCL-FCK05_27-09-25-58.jpg\" title=\"FCL - FCK05_27-09-25-58\" data-caption=\"\" data-envira-item-id=\"21798\" data-envira-retina=\"https:\/\/regese.ch\/fussball\/wp-content\/uploads\/2025\/09\/FCL-FCK05_27-09-25-58.jpg\" data-thumb=\"https:\/\/regese.ch\/fussball\/wp-content\/uploads\/2025\/09\/FCL-FCK05_27-09-25-58-75x50_c.jpg\" data-title=\"FCL - FCK05_27-09-25-58\" data-envirabox='21800' itemprop=\"contentUrl\"><div class=\"envira-lazy\" style=\"padding-bottom: 75%;\" data-envira-changed=\"false\" data-width=\"640\" data-height=\"480\"><img loading=\"lazy\" decoding=\"async\" src=\"https:\/\/regese.ch\/fussball\/wp-content\/uploads\/2025\/09\/FCL-FCK05_27-09-25-58-1536x1024.jpg\" alt=\"\" class=\"envira-gallery-image envira-gallery-image-58    envira-lazy\" height=\"480\" id=\"envira-gallery-image-21798\" srcset=\"data:image\/gif;base64,R0lGODlhAQABAIAAAP\/\/\/\/\/\/\/yH5BAEKAAEALAAAAAABAAEAAAICTAEAOw==\" tabindex=\"-1\" title=\"FCL - FCK05_27-09-25-58\" width=\"640\" data-caption=\"\" data-envira-gallery-id=\"21800\" data-envira-index=\"57\" data-envira-item-id=\"21798\" data-envira-src=\"https:\/\/regese.ch\/fussball\/wp-content\/uploads\/2025\/09\/FCL-FCK05_27-09-25-58-1536x1024.jpg\" data-envira-srcset=\"https:\/\/regese.ch\/fussball\/wp-content\/uploads\/2025\/09\/FCL-FCK05_27-09-25-58-1536x1024.jpg 400w, https:\/\/regese.ch\/fussball\/wp-content\/uploads\/2025\/09\/FCL-FCK05_27-09-25-58-1536x1024.jpg 2x\" data-title=\"FCL - FCK05_27-09-25-58\" itemprop=\"thumbnailUrl\"  data-envirabox=\"21800\" \/><\/div><\/a><div class=\"envira-gallery-captioned-data envira-gallery-captioned-data-base\"><\/div><\/div><\/div><\/div><\/div><noscript><img src='https:\/\/regese.ch\/fussball\/wp-content\/uploads\/2025\/09\/FCL-FCK05_27-09-25-1.jpg' alt='' class='envira_noscript_images ' \/><img src='https:\/\/regese.ch\/fussball\/wp-content\/uploads\/2025\/09\/FCL-FCK05_27-09-25-2.jpg' alt='' class='envira_noscript_images ' \/><img src='https:\/\/regese.ch\/fussball\/wp-content\/uploads\/2025\/09\/FCL-FCK05_27-09-25-3.jpg' alt='' class='envira_noscript_images ' \/><img src='https:\/\/regese.ch\/fussball\/wp-content\/uploads\/2025\/09\/FCL-FCK05_27-09-25-4.jpg' alt='' class='envira_noscript_images ' \/><img src='https:\/\/regese.ch\/fussball\/wp-content\/uploads\/2025\/09\/FCL-FCK05_27-09-25-5.jpg' alt='' class='envira_noscript_images ' \/><img src='https:\/\/regese.ch\/fussball\/wp-content\/uploads\/2025\/09\/FCL-FCK05_27-09-25-6.jpg' alt='' class='envira_noscript_images ' \/><img src='https:\/\/regese.ch\/fussball\/wp-content\/uploads\/2025\/09\/FCL-FCK05_27-09-25-7.jpg' alt='' class='envira_noscript_images ' \/><img src='https:\/\/regese.ch\/fussball\/wp-content\/uploads\/2025\/09\/FCL-FCK05_27-09-25-8.jpg' alt='' class='envira_noscript_images ' \/><img src='https:\/\/regese.ch\/fussball\/wp-content\/uploads\/2025\/09\/FCL-FCK05_27-09-25-9.jpg' alt='' class='envira_noscript_images ' \/><img src='https:\/\/regese.ch\/fussball\/wp-content\/uploads\/2025\/09\/FCL-FCK05_27-09-25-10.jpg' alt='' class='envira_noscript_images ' \/><img src='https:\/\/regese.ch\/fussball\/wp-content\/uploads\/2025\/09\/FCL-FCK05_27-09-25-11.jpg' alt='' class='envira_noscript_images ' \/><img src='https:\/\/regese.ch\/fussball\/wp-content\/uploads\/2025\/09\/FCL-FCK05_27-09-25-12.jpg' alt='' class='envira_noscript_images ' \/><img src='https:\/\/regese.ch\/fussball\/wp-content\/uploads\/2025\/09\/FCL-FCK05_27-09-25-13.jpg' alt='' class='envira_noscript_images ' \/><img src='https:\/\/regese.ch\/fussball\/wp-content\/uploads\/2025\/09\/FCL-FCK05_27-09-25-14.jpg' alt='' class='envira_noscript_images ' \/><img src='https:\/\/regese.ch\/fussball\/wp-content\/uploads\/2025\/09\/FCL-FCK05_27-09-25-15.jpg' alt='' class='envira_noscript_images ' \/><img src='https:\/\/regese.ch\/fussball\/wp-content\/uploads\/2025\/09\/FCL-FCK05_27-09-25-16.jpg' alt='' class='envira_noscript_images ' \/><img src='https:\/\/regese.ch\/fussball\/wp-content\/uploads\/2025\/09\/FCL-FCK05_27-09-25-17.jpg' alt='' class='envira_noscript_images ' \/><img src='https:\/\/regese.ch\/fussball\/wp-content\/uploads\/2025\/09\/FCL-FCK05_27-09-25-18.jpg' alt='' class='envira_noscript_images ' \/><img src='https:\/\/regese.ch\/fussball\/wp-content\/uploads\/2025\/09\/FCL-FCK05_27-09-25-19.jpg' alt='' class='envira_noscript_images ' \/><img src='https:\/\/regese.ch\/fussball\/wp-content\/uploads\/2025\/09\/FCL-FCK05_27-09-25-20.jpg' alt='' class='envira_noscript_images ' \/><img src='https:\/\/regese.ch\/fussball\/wp-content\/uploads\/2025\/09\/FCL-FCK05_27-09-25-21.jpg' alt='' class='envira_noscript_images ' \/><img src='https:\/\/regese.ch\/fussball\/wp-content\/uploads\/2025\/09\/FCL-FCK05_27-09-25-22.jpg' alt='' class='envira_noscript_images ' \/><img src='https:\/\/regese.ch\/fussball\/wp-content\/uploads\/2025\/09\/FCL-FCK05_27-09-25-23.jpg' alt='' class='envira_noscript_images ' \/><img src='https:\/\/regese.ch\/fussball\/wp-content\/uploads\/2025\/09\/FCL-FCK05_27-09-25-24.jpg' alt='' class='envira_noscript_images ' \/><img src='https:\/\/regese.ch\/fussball\/wp-content\/uploads\/2025\/09\/FCL-FCK05_27-09-25-25.jpg' alt='' class='envira_noscript_images ' \/><img src='https:\/\/regese.ch\/fussball\/wp-content\/uploads\/2025\/09\/FCL-FCK05_27-09-25-26.jpg' alt='' class='envira_noscript_images ' \/><img src='https:\/\/regese.ch\/fussball\/wp-content\/uploads\/2025\/09\/FCL-FCK05_27-09-25-27.jpg' alt='' class='envira_noscript_images ' \/><img src='https:\/\/regese.ch\/fussball\/wp-content\/uploads\/2025\/09\/FCL-FCK05_27-09-25-28.jpg' alt='' class='envira_noscript_images ' \/><img src='https:\/\/regese.ch\/fussball\/wp-content\/uploads\/2025\/09\/FCL-FCK05_27-09-25-29.jpg' alt='' class='envira_noscript_images ' \/><img src='https:\/\/regese.ch\/fussball\/wp-content\/uploads\/2025\/09\/FCL-FCK05_27-09-25-30.jpg' alt='' class='envira_noscript_images ' \/><img src='https:\/\/regese.ch\/fussball\/wp-content\/uploads\/2025\/09\/FCL-FCK05_27-09-25-31.jpg' alt='' class='envira_noscript_images ' \/><img src='https:\/\/regese.ch\/fussball\/wp-content\/uploads\/2025\/09\/FCL-FCK05_27-09-25-32.jpg' alt='' class='envira_noscript_images ' \/><img src='https:\/\/regese.ch\/fussball\/wp-content\/uploads\/2025\/09\/FCL-FCK05_27-09-25-33.jpg' alt='' class='envira_noscript_images ' \/><img src='https:\/\/regese.ch\/fussball\/wp-content\/uploads\/2025\/09\/FCL-FCK05_27-09-25-34.jpg' alt='' class='envira_noscript_images ' \/><img src='https:\/\/regese.ch\/fussball\/wp-content\/uploads\/2025\/09\/FCL-FCK05_27-09-25-35.jpg' alt='' class='envira_noscript_images ' \/><img src='https:\/\/regese.ch\/fussball\/wp-content\/uploads\/2025\/09\/FCL-FCK05_27-09-25-36.jpg' alt='' class='envira_noscript_images ' \/><img src='https:\/\/regese.ch\/fussball\/wp-content\/uploads\/2025\/09\/FCL-FCK05_27-09-25-37.jpg' alt='' class='envira_noscript_images ' \/><img src='https:\/\/regese.ch\/fussball\/wp-content\/uploads\/2025\/09\/FCL-FCK05_27-09-25-38.jpg' alt='' class='envira_noscript_images ' \/><img src='https:\/\/regese.ch\/fussball\/wp-content\/uploads\/2025\/09\/FCL-FCK05_27-09-25-39.jpg' alt='' class='envira_noscript_images ' \/><img src='https:\/\/regese.ch\/fussball\/wp-content\/uploads\/2025\/09\/FCL-FCK05_27-09-25-40.jpg' alt='' class='envira_noscript_images ' \/><img src='https:\/\/regese.ch\/fussball\/wp-content\/uploads\/2025\/09\/FCL-FCK05_27-09-25-41.jpg' alt='' class='envira_noscript_images ' \/><img src='https:\/\/regese.ch\/fussball\/wp-content\/uploads\/2025\/09\/FCL-FCK05_27-09-25-42.jpg' alt='' class='envira_noscript_images ' \/><img src='https:\/\/regese.ch\/fussball\/wp-content\/uploads\/2025\/09\/FCL-FCK05_27-09-25-43.jpg' alt='' class='envira_noscript_images ' \/><img src='https:\/\/regese.ch\/fussball\/wp-content\/uploads\/2025\/09\/FCL-FCK05_27-09-25-44.jpg' alt='' class='envira_noscript_images ' \/><img src='https:\/\/regese.ch\/fussball\/wp-content\/uploads\/2025\/09\/FCL-FCK05_27-09-25-45.jpg' alt='' class='envira_noscript_images ' \/><img src='https:\/\/regese.ch\/fussball\/wp-content\/uploads\/2025\/09\/FCL-FCK05_27-09-25-46.jpg' alt='' class='envira_noscript_images ' \/><img src='https:\/\/regese.ch\/fussball\/wp-content\/uploads\/2025\/09\/FCL-FCK05_27-09-25-47.jpg' alt='' class='envira_noscript_images ' \/><img src='https:\/\/regese.ch\/fussball\/wp-content\/uploads\/2025\/09\/FCL-FCK05_27-09-25-48.jpg' alt='' class='envira_noscript_images ' \/><img src='https:\/\/regese.ch\/fussball\/wp-content\/uploads\/2025\/09\/FCL-FCK05_27-09-25-49.jpg' alt='' class='envira_noscript_images ' \/><img src='https:\/\/regese.ch\/fussball\/wp-content\/uploads\/2025\/09\/FCL-FCK05_27-09-25-50.jpg' alt='' class='envira_noscript_images ' \/><img src='https:\/\/regese.ch\/fussball\/wp-content\/uploads\/2025\/09\/FCL-FCK05_27-09-25-51.jpg' alt='' class='envira_noscript_images ' \/><img src='https:\/\/regese.ch\/fussball\/wp-content\/uploads\/2025\/09\/FCL-FCK05_27-09-25-52.jpg' alt='' class='envira_noscript_images ' \/><img src='https:\/\/regese.ch\/fussball\/wp-content\/uploads\/2025\/09\/FCL-FCK05_27-09-25-53.jpg' alt='' class='envira_noscript_images ' \/><img src='https:\/\/regese.ch\/fussball\/wp-content\/uploads\/2025\/09\/FCL-FCK05_27-09-25-54.jpg' alt='' class='envira_noscript_images ' \/><img src='https:\/\/regese.ch\/fussball\/wp-content\/uploads\/2025\/09\/FCL-FCK05_27-09-25-55.jpg' alt='' class='envira_noscript_images ' \/><img src='https:\/\/regese.ch\/fussball\/wp-content\/uploads\/2025\/09\/FCL-FCK05_27-09-25-56.jpg' alt='' class='envira_noscript_images ' \/><img src='https:\/\/regese.ch\/fussball\/wp-content\/uploads\/2025\/09\/FCL-FCK05_27-09-25-57.jpg' alt='' class='envira_noscript_images ' \/><img src='https:\/\/regese.ch\/fussball\/wp-content\/uploads\/2025\/09\/FCL-FCK05_27-09-25-58.jpg' alt='' class='envira_noscript_images ' \/><\/noscript><\/div>\n\n\n<div class=\"wp-block-post-views-counter-post-views\"><div class=\"post-views content-post post-21738 entry-meta load-static\">\r\n\t\t\t\t<span class=\"post-views-icon dashicons dashicons-chart-bar\"><\/span> <span class=\"post-views-label\">Post Views:<\/span> <span class=\"post-views-count\">142<\/span>\r\n\t\t\t<\/div><\/div>\n\n\n<p>Auf instagram folgen<\/p>\n\n\n\n<figure class=\"wp-block-image\" id=\"block-945f2e57-4048-4b18-98cd-e7792ac1fc64\"><img decoding=\"async\" src=\"https:\/\/regese.ch\/fussball\/wp-content\/uploads\/2022\/08\/fck05_ese_qr4-261x300.png\" alt=\"This image has an empty alt attribute; its file name is fck05_ese_qr4-261x300.png\"\/><\/figure>\n\n\n\n<p id=\"block-c7331b14-4dad-4026-8eba-6eff6bf3f1ef\"><strong>Aktuelle Tabelle Saison 25 &#8211; 26<\/strong><\/p>\n\n\n<div id=\"fp-widget_root-30mAUJknly04PaDbaQaGKMPx3Jk\"><a href=\"https:\/\/www.fupa.net\/club\/fc-kreuzlingen\" target=\"_blank\" rel=\"noopener\">FC Kreuzlingen auf FuPa<\/a><\/div>\n<p><script src=\"https:\/\/widget-api.fupa.net\/vendor\/widget.js?v1\"><\/script><\/p>\n\n\n\n<p><strong>Unser Spielplan f\u00fcr die Saison 25 &#8211; 26:<\/strong><\/p>\n\n\n<div id=\"fp-widget_root-30mAoSuZscb9NbG7rt2fB637xG2\"><a href=\"https:\/\/www.fupa.net\/club\/fc-kreuzlingen\" target=\"_blank\" rel=\"noopener\">FC Kreuzlingen auf FuPa<\/a><\/div>\n<p><script src=\"https:\/\/widget-api.fupa.net\/vendor\/widget.js?v1\"><\/script><\/p>\n","protected":false},"excerpt":{"rendered":"<p>K\u00e4mpferische Niederlage Letzten Samstag verlor unser Team zum ersten Mal auf heimischem Boden. Heute ging die Reise zur U21 des FC Luzern. Wie hat unser FCK die Niederlage verdaut? Die Nachwuchsequipe hingegen hatte im letzten Spiel die U21 des FC Lausanne gleich mit 6:2 abgefertigt. In der Startformation standen beim Heimteam einige erfahrene Spieler und &#8230; <a title=\"FCL U21 &#8211; FCK 05 &#8211; Meisterschaftsspiel 27-09-25\" class=\"read-more\" href=\"https:\/\/regese.ch\/fussball\/fcl-u21-fck-05-meisterschaftsspiel-27-09-25\/\" aria-label=\"Read more about FCL U21 &#8211; FCK 05 &#8211; Meisterschaftsspiel 27-09-25\">Read more<\/a><\/p>\n","protected":false},"author":1,"featured_media":21788,"comment_status":"open","ping_status":"closed","sticky":false,"template":"","format":"standard","meta":{"footnotes":""},"categories":[116],"tags":[],"class_list":["post-21738","post","type-post","status-publish","format-standard","has-post-thumbnail","hentry","category-fck-05-saison-25-26"],"yoast_head":"<!-- This site is optimized with the Yoast SEO plugin v27.4 - https:\/\/yoast.com\/product\/yoast-seo-wordpress\/ -->\n<title>FCL U21 - FCK 05 - Meisterschaftsspiel 27-09-25 | Fussballblicke | Erich Seeger<\/title>\n<meta name=\"robots\" content=\"index, follow, max-snippet:-1, max-image-preview:large, max-video-preview:-1\" \/>\n<link rel=\"canonical\" href=\"https:\/\/regese.ch\/fussball\/fcl-u21-fck-05-meisterschaftsspiel-27-09-25\/\" \/>\n<meta property=\"og:locale\" content=\"de_DE\" \/>\n<meta property=\"og:type\" content=\"article\" \/>\n<meta property=\"og:title\" content=\"FCL U21 - FCK 05 - Meisterschaftsspiel 27-09-25 | Fussballblicke | Erich Seeger\" \/>\n<meta property=\"og:description\" content=\"K\u00e4mpferische Niederlage Letzten Samstag verlor unser Team zum ersten Mal auf heimischem Boden. Heute ging die Reise zur U21 des FC Luzern. Wie hat unser FCK die Niederlage verdaut? Die Nachwuchsequipe hingegen hatte im letzten Spiel die U21 des FC Lausanne gleich mit 6:2 abgefertigt. In der Startformation standen beim Heimteam einige erfahrene Spieler und ... Read more\" \/>\n<meta property=\"og:url\" content=\"https:\/\/regese.ch\/fussball\/fcl-u21-fck-05-meisterschaftsspiel-27-09-25\/\" \/>\n<meta property=\"og:site_name\" content=\"Fussballblicke\" \/>\n<meta property=\"article:published_time\" content=\"2025-09-28T11:24:27+00:00\" \/>\n<meta property=\"article:modified_time\" content=\"2025-09-29T19:36:19+00:00\" \/>\n<meta property=\"og:image\" content=\"https:\/\/regese.ch\/fussball\/wp-content\/uploads\/2025\/09\/FCL-FCK05_27-09-25-48.jpg\" \/>\n\t<meta property=\"og:image:width\" content=\"2000\" \/>\n\t<meta property=\"og:image:height\" content=\"1333\" \/>\n\t<meta property=\"og:image:type\" content=\"image\/jpeg\" \/>\n<meta name=\"author\" content=\"admin\" \/>\n<meta name=\"twitter:card\" content=\"summary_large_image\" \/>\n<meta name=\"twitter:label1\" content=\"Geschrieben von\" \/>\n\t<meta name=\"twitter:data1\" content=\"admin\" \/>\n\t<meta name=\"twitter:label2\" content=\"Gesch\u00e4tzte Lesezeit\" \/>\n\t<meta name=\"twitter:data2\" content=\"5\u00a0Minuten\" \/>\n<script type=\"application\/ld+json\" class=\"yoast-schema-graph\">{\"@context\":\"https:\\\/\\\/schema.org\",\"@graph\":[{\"@type\":\"Article\",\"@id\":\"https:\\\/\\\/regese.ch\\\/fussball\\\/fcl-u21-fck-05-meisterschaftsspiel-27-09-25\\\/#article\",\"isPartOf\":{\"@id\":\"https:\\\/\\\/regese.ch\\\/fussball\\\/fcl-u21-fck-05-meisterschaftsspiel-27-09-25\\\/\"},\"author\":{\"name\":\"admin\",\"@id\":\"https:\\\/\\\/regese.ch\\\/fussball\\\/#\\\/schema\\\/person\\\/ddd2578315ccba2ed485145ed081d710\"},\"headline\":\"FCL U21 &#8211; FCK 05 &#8211; Meisterschaftsspiel 27-09-25\",\"datePublished\":\"2025-09-28T11:24:27+00:00\",\"dateModified\":\"2025-09-29T19:36:19+00:00\",\"mainEntityOfPage\":{\"@id\":\"https:\\\/\\\/regese.ch\\\/fussball\\\/fcl-u21-fck-05-meisterschaftsspiel-27-09-25\\\/\"},\"wordCount\":372,\"commentCount\":0,\"publisher\":{\"@id\":\"https:\\\/\\\/regese.ch\\\/fussball\\\/#\\\/schema\\\/person\\\/ddd2578315ccba2ed485145ed081d710\"},\"image\":{\"@id\":\"https:\\\/\\\/regese.ch\\\/fussball\\\/fcl-u21-fck-05-meisterschaftsspiel-27-09-25\\\/#primaryimage\"},\"thumbnailUrl\":\"https:\\\/\\\/regese.ch\\\/fussball\\\/wp-content\\\/uploads\\\/2025\\\/09\\\/FCL-FCK05_27-09-25-48.jpg\",\"articleSection\":[\"FCK 05 Saison 25-26\"],\"inLanguage\":\"de-CH\",\"potentialAction\":[{\"@type\":\"CommentAction\",\"name\":\"Comment\",\"target\":[\"https:\\\/\\\/regese.ch\\\/fussball\\\/fcl-u21-fck-05-meisterschaftsspiel-27-09-25\\\/#respond\"]}]},{\"@type\":\"WebPage\",\"@id\":\"https:\\\/\\\/regese.ch\\\/fussball\\\/fcl-u21-fck-05-meisterschaftsspiel-27-09-25\\\/\",\"url\":\"https:\\\/\\\/regese.ch\\\/fussball\\\/fcl-u21-fck-05-meisterschaftsspiel-27-09-25\\\/\",\"name\":\"FCL U21 - FCK 05 - Meisterschaftsspiel 27-09-25 | Fussballblicke | Erich Seeger\",\"isPartOf\":{\"@id\":\"https:\\\/\\\/regese.ch\\\/fussball\\\/#website\"},\"primaryImageOfPage\":{\"@id\":\"https:\\\/\\\/regese.ch\\\/fussball\\\/fcl-u21-fck-05-meisterschaftsspiel-27-09-25\\\/#primaryimage\"},\"image\":{\"@id\":\"https:\\\/\\\/regese.ch\\\/fussball\\\/fcl-u21-fck-05-meisterschaftsspiel-27-09-25\\\/#primaryimage\"},\"thumbnailUrl\":\"https:\\\/\\\/regese.ch\\\/fussball\\\/wp-content\\\/uploads\\\/2025\\\/09\\\/FCL-FCK05_27-09-25-48.jpg\",\"datePublished\":\"2025-09-28T11:24:27+00:00\",\"dateModified\":\"2025-09-29T19:36:19+00:00\",\"breadcrumb\":{\"@id\":\"https:\\\/\\\/regese.ch\\\/fussball\\\/fcl-u21-fck-05-meisterschaftsspiel-27-09-25\\\/#breadcrumb\"},\"inLanguage\":\"de-CH\",\"potentialAction\":[{\"@type\":\"ReadAction\",\"target\":[\"https:\\\/\\\/regese.ch\\\/fussball\\\/fcl-u21-fck-05-meisterschaftsspiel-27-09-25\\\/\"]}]},{\"@type\":\"ImageObject\",\"inLanguage\":\"de-CH\",\"@id\":\"https:\\\/\\\/regese.ch\\\/fussball\\\/fcl-u21-fck-05-meisterschaftsspiel-27-09-25\\\/#primaryimage\",\"url\":\"https:\\\/\\\/regese.ch\\\/fussball\\\/wp-content\\\/uploads\\\/2025\\\/09\\\/FCL-FCK05_27-09-25-48.jpg\",\"contentUrl\":\"https:\\\/\\\/regese.ch\\\/fussball\\\/wp-content\\\/uploads\\\/2025\\\/09\\\/FCL-FCK05_27-09-25-48.jpg\",\"width\":2000,\"height\":1333},{\"@type\":\"BreadcrumbList\",\"@id\":\"https:\\\/\\\/regese.ch\\\/fussball\\\/fcl-u21-fck-05-meisterschaftsspiel-27-09-25\\\/#breadcrumb\",\"itemListElement\":[{\"@type\":\"ListItem\",\"position\":1,\"name\":\"Home\",\"item\":\"https:\\\/\\\/regese.ch\\\/fussball\\\/\"},{\"@type\":\"ListItem\",\"position\":2,\"name\":\"FCL U21 &#8211; FCK 05 &#8211; Meisterschaftsspiel 27-09-25\"}]},{\"@type\":\"WebSite\",\"@id\":\"https:\\\/\\\/regese.ch\\\/fussball\\\/#website\",\"url\":\"https:\\\/\\\/regese.ch\\\/fussball\\\/\",\"name\":\"Fussballblicke | Fussballbilder vom FC Kreuzlingen. Und mehr\",\"description\":\"\",\"publisher\":{\"@id\":\"https:\\\/\\\/regese.ch\\\/fussball\\\/#\\\/schema\\\/person\\\/ddd2578315ccba2ed485145ed081d710\"},\"alternateName\":\"Fussballbilder FC Kreuzlingen\",\"potentialAction\":[{\"@type\":\"SearchAction\",\"target\":{\"@type\":\"EntryPoint\",\"urlTemplate\":\"https:\\\/\\\/regese.ch\\\/fussball\\\/?s={search_term_string}\"},\"query-input\":{\"@type\":\"PropertyValueSpecification\",\"valueRequired\":true,\"valueName\":\"search_term_string\"}}],\"inLanguage\":\"de-CH\"},{\"@type\":[\"Person\",\"Organization\"],\"@id\":\"https:\\\/\\\/regese.ch\\\/fussball\\\/#\\\/schema\\\/person\\\/ddd2578315ccba2ed485145ed081d710\",\"name\":\"admin\",\"image\":{\"@type\":\"ImageObject\",\"inLanguage\":\"de-CH\",\"@id\":\"https:\\\/\\\/regese.ch\\\/fussball\\\/wp-content\\\/uploads\\\/2022\\\/03\\\/cropped-AdobeStock_294761021-fUSSBALLBLICK-Breit.png\",\"url\":\"https:\\\/\\\/regese.ch\\\/fussball\\\/wp-content\\\/uploads\\\/2022\\\/03\\\/cropped-AdobeStock_294761021-fUSSBALLBLICK-Breit.png\",\"contentUrl\":\"https:\\\/\\\/regese.ch\\\/fussball\\\/wp-content\\\/uploads\\\/2022\\\/03\\\/cropped-AdobeStock_294761021-fUSSBALLBLICK-Breit.png\",\"width\":1500,\"height\":300,\"caption\":\"admin\"},\"logo\":{\"@id\":\"https:\\\/\\\/regese.ch\\\/fussball\\\/wp-content\\\/uploads\\\/2022\\\/03\\\/cropped-AdobeStock_294761021-fUSSBALLBLICK-Breit.png\"},\"sameAs\":[\"instagram.com\\\/fck05_ese\"]}]}<\/script>\n<!-- \/ Yoast SEO plugin. -->","yoast_head_json":{"title":"FCL U21 - FCK 05 - Meisterschaftsspiel 27-09-25 | Fussballblicke | Erich Seeger","robots":{"index":"index","follow":"follow","max-snippet":"max-snippet:-1","max-image-preview":"max-image-preview:large","max-video-preview":"max-video-preview:-1"},"canonical":"https:\/\/regese.ch\/fussball\/fcl-u21-fck-05-meisterschaftsspiel-27-09-25\/","og_locale":"de_DE","og_type":"article","og_title":"FCL U21 - FCK 05 - Meisterschaftsspiel 27-09-25 | Fussballblicke | Erich Seeger","og_description":"K\u00e4mpferische Niederlage Letzten Samstag verlor unser Team zum ersten Mal auf heimischem Boden. Heute ging die Reise zur U21 des FC Luzern. Wie hat unser FCK die Niederlage verdaut? Die Nachwuchsequipe hingegen hatte im letzten Spiel die U21 des FC Lausanne gleich mit 6:2 abgefertigt. In der Startformation standen beim Heimteam einige erfahrene Spieler und ... Read more","og_url":"https:\/\/regese.ch\/fussball\/fcl-u21-fck-05-meisterschaftsspiel-27-09-25\/","og_site_name":"Fussballblicke","article_published_time":"2025-09-28T11:24:27+00:00","article_modified_time":"2025-09-29T19:36:19+00:00","og_image":[{"width":2000,"height":1333,"url":"https:\/\/regese.ch\/fussball\/wp-content\/uploads\/2025\/09\/FCL-FCK05_27-09-25-48.jpg","type":"image\/jpeg"}],"author":"admin","twitter_card":"summary_large_image","twitter_misc":{"Geschrieben von":"admin","Gesch\u00e4tzte Lesezeit":"5\u00a0Minuten"},"schema":{"@context":"https:\/\/schema.org","@graph":[{"@type":"Article","@id":"https:\/\/regese.ch\/fussball\/fcl-u21-fck-05-meisterschaftsspiel-27-09-25\/#article","isPartOf":{"@id":"https:\/\/regese.ch\/fussball\/fcl-u21-fck-05-meisterschaftsspiel-27-09-25\/"},"author":{"name":"admin","@id":"https:\/\/regese.ch\/fussball\/#\/schema\/person\/ddd2578315ccba2ed485145ed081d710"},"headline":"FCL U21 &#8211; FCK 05 &#8211; Meisterschaftsspiel 27-09-25","datePublished":"2025-09-28T11:24:27+00:00","dateModified":"2025-09-29T19:36:19+00:00","mainEntityOfPage":{"@id":"https:\/\/regese.ch\/fussball\/fcl-u21-fck-05-meisterschaftsspiel-27-09-25\/"},"wordCount":372,"commentCount":0,"publisher":{"@id":"https:\/\/regese.ch\/fussball\/#\/schema\/person\/ddd2578315ccba2ed485145ed081d710"},"image":{"@id":"https:\/\/regese.ch\/fussball\/fcl-u21-fck-05-meisterschaftsspiel-27-09-25\/#primaryimage"},"thumbnailUrl":"https:\/\/regese.ch\/fussball\/wp-content\/uploads\/2025\/09\/FCL-FCK05_27-09-25-48.jpg","articleSection":["FCK 05 Saison 25-26"],"inLanguage":"de-CH","potentialAction":[{"@type":"CommentAction","name":"Comment","target":["https:\/\/regese.ch\/fussball\/fcl-u21-fck-05-meisterschaftsspiel-27-09-25\/#respond"]}]},{"@type":"WebPage","@id":"https:\/\/regese.ch\/fussball\/fcl-u21-fck-05-meisterschaftsspiel-27-09-25\/","url":"https:\/\/regese.ch\/fussball\/fcl-u21-fck-05-meisterschaftsspiel-27-09-25\/","name":"FCL U21 - FCK 05 - Meisterschaftsspiel 27-09-25 | Fussballblicke | Erich Seeger","isPartOf":{"@id":"https:\/\/regese.ch\/fussball\/#website"},"primaryImageOfPage":{"@id":"https:\/\/regese.ch\/fussball\/fcl-u21-fck-05-meisterschaftsspiel-27-09-25\/#primaryimage"},"image":{"@id":"https:\/\/regese.ch\/fussball\/fcl-u21-fck-05-meisterschaftsspiel-27-09-25\/#primaryimage"},"thumbnailUrl":"https:\/\/regese.ch\/fussball\/wp-content\/uploads\/2025\/09\/FCL-FCK05_27-09-25-48.jpg","datePublished":"2025-09-28T11:24:27+00:00","dateModified":"2025-09-29T19:36:19+00:00","breadcrumb":{"@id":"https:\/\/regese.ch\/fussball\/fcl-u21-fck-05-meisterschaftsspiel-27-09-25\/#breadcrumb"},"inLanguage":"de-CH","potentialAction":[{"@type":"ReadAction","target":["https:\/\/regese.ch\/fussball\/fcl-u21-fck-05-meisterschaftsspiel-27-09-25\/"]}]},{"@type":"ImageObject","inLanguage":"de-CH","@id":"https:\/\/regese.ch\/fussball\/fcl-u21-fck-05-meisterschaftsspiel-27-09-25\/#primaryimage","url":"https:\/\/regese.ch\/fussball\/wp-content\/uploads\/2025\/09\/FCL-FCK05_27-09-25-48.jpg","contentUrl":"https:\/\/regese.ch\/fussball\/wp-content\/uploads\/2025\/09\/FCL-FCK05_27-09-25-48.jpg","width":2000,"height":1333},{"@type":"BreadcrumbList","@id":"https:\/\/regese.ch\/fussball\/fcl-u21-fck-05-meisterschaftsspiel-27-09-25\/#breadcrumb","itemListElement":[{"@type":"ListItem","position":1,"name":"Home","item":"https:\/\/regese.ch\/fussball\/"},{"@type":"ListItem","position":2,"name":"FCL U21 &#8211; FCK 05 &#8211; Meisterschaftsspiel 27-09-25"}]},{"@type":"WebSite","@id":"https:\/\/regese.ch\/fussball\/#website","url":"https:\/\/regese.ch\/fussball\/","name":"Fussballblicke | Fussballbilder vom FC Kreuzlingen. Und mehr","description":"","publisher":{"@id":"https:\/\/regese.ch\/fussball\/#\/schema\/person\/ddd2578315ccba2ed485145ed081d710"},"alternateName":"Fussballbilder FC Kreuzlingen","potentialAction":[{"@type":"SearchAction","target":{"@type":"EntryPoint","urlTemplate":"https:\/\/regese.ch\/fussball\/?s={search_term_string}"},"query-input":{"@type":"PropertyValueSpecification","valueRequired":true,"valueName":"search_term_string"}}],"inLanguage":"de-CH"},{"@type":["Person","Organization"],"@id":"https:\/\/regese.ch\/fussball\/#\/schema\/person\/ddd2578315ccba2ed485145ed081d710","name":"admin","image":{"@type":"ImageObject","inLanguage":"de-CH","@id":"https:\/\/regese.ch\/fussball\/wp-content\/uploads\/2022\/03\/cropped-AdobeStock_294761021-fUSSBALLBLICK-Breit.png","url":"https:\/\/regese.ch\/fussball\/wp-content\/uploads\/2022\/03\/cropped-AdobeStock_294761021-fUSSBALLBLICK-Breit.png","contentUrl":"https:\/\/regese.ch\/fussball\/wp-content\/uploads\/2022\/03\/cropped-AdobeStock_294761021-fUSSBALLBLICK-Breit.png","width":1500,"height":300,"caption":"admin"},"logo":{"@id":"https:\/\/regese.ch\/fussball\/wp-content\/uploads\/2022\/03\/cropped-AdobeStock_294761021-fUSSBALLBLICK-Breit.png"},"sameAs":["instagram.com\/fck05_ese"]}]}},"_links":{"self":[{"href":"https:\/\/regese.ch\/fussball\/wp-json\/wp\/v2\/posts\/21738","targetHints":{"allow":["GET"]}}],"collection":[{"href":"https:\/\/regese.ch\/fussball\/wp-json\/wp\/v2\/posts"}],"about":[{"href":"https:\/\/regese.ch\/fussball\/wp-json\/wp\/v2\/types\/post"}],"author":[{"embeddable":true,"href":"https:\/\/regese.ch\/fussball\/wp-json\/wp\/v2\/users\/1"}],"replies":[{"embeddable":true,"href":"https:\/\/regese.ch\/fussball\/wp-json\/wp\/v2\/comments?post=21738"}],"version-history":[{"count":7,"href":"https:\/\/regese.ch\/fussball\/wp-json\/wp\/v2\/posts\/21738\/revisions"}],"predecessor-version":[{"id":21807,"href":"https:\/\/regese.ch\/fussball\/wp-json\/wp\/v2\/posts\/21738\/revisions\/21807"}],"wp:featuredmedia":[{"embeddable":true,"href":"https:\/\/regese.ch\/fussball\/wp-json\/wp\/v2\/media\/21788"}],"wp:attachment":[{"href":"https:\/\/regese.ch\/fussball\/wp-json\/wp\/v2\/media?parent=21738"}],"wp:term":[{"taxonomy":"category","embeddable":true,"href":"https:\/\/regese.ch\/fussball\/wp-json\/wp\/v2\/categories?post=21738"},{"taxonomy":"post_tag","embeddable":true,"href":"https:\/\/regese.ch\/fussball\/wp-json\/wp\/v2\/tags?post=21738"}],"curies":[{"name":"wp","href":"https:\/\/api.w.org\/{rel}","templated":true}]}}