{"id":21628,"date":"2025-09-14T00:25:06","date_gmt":"2025-09-13T22:25:06","guid":{"rendered":"https:\/\/regese.ch\/fussball\/?p=21628"},"modified":"2025-09-15T21:41:27","modified_gmt":"2025-09-15T19:41:27","slug":"fck-05-fc-vevey-sports-meisterschaftsspiel-13-09-25","status":"publish","type":"post","link":"https:\/\/regese.ch\/fussball\/fck-05-fc-vevey-sports-meisterschaftsspiel-13-09-25\/","title":{"rendered":"FCK 05 &#8211; FC Vevey-Sports &#8211; Meisterschaftsspiel 13-09-25"},"content":{"rendered":"\n<p class=\"has-text-align-center has-large-font-size\"><strong>Die Ungeschlagenheit gewahrt<\/strong><\/p>\n\n\n\n<p>Nach dem wichtigen <a href=\"https:\/\/regese.ch\/fussball\/fck-05-fc-breitenrain-meisterschaftsspiel-06-09-25\/\" target=\"_blank\" rel=\"noreferrer noopener\">Sieg <\/a>gegen den FC Breitenrain m\u00f6chte unser Team heute die n\u00e4chsten drei Punkte einsammeln. Das Ausw\u00e4rtsspiel in Vevey wurde aus Platzgr\u00fcnden (?) zu einem Heimspiel. Vevey-Sports ist sehr verhalten in die Saison gestartet. Aufgrund einer Regelverletzung wurden dem Team drei Punkte abgesprochen, weshalb sich Vevey-Sports aktuell auf dem letzten Platz befindet. Der Klub steht finanziell auf wackeligen Beinen und die Mannschaft wurde ziemlich stark umgebaut. Wir sind gespannt, wie sie sich in der EC TECHNIK REMU Arena pr\u00e4sentieren wird.<\/p>\n\n\n\n<figure class=\"wp-block-image size-large\"><img loading=\"lazy\" decoding=\"async\" width=\"2000\" height=\"1333\" src=\"https:\/\/regese.ch\/fussball\/wp-content\/uploads\/2025\/09\/FCK05-Vevey_13-09-25-1-2000x1333.jpg\" alt=\"\" class=\"wp-image-21634\" srcset=\"https:\/\/regese.ch\/fussball\/wp-content\/uploads\/2025\/09\/FCK05-Vevey_13-09-25-1-2000x1333.jpg 2000w, https:\/\/regese.ch\/fussball\/wp-content\/uploads\/2025\/09\/FCK05-Vevey_13-09-25-1-300x200.jpg 300w, https:\/\/regese.ch\/fussball\/wp-content\/uploads\/2025\/09\/FCK05-Vevey_13-09-25-1-150x100.jpg 150w, https:\/\/regese.ch\/fussball\/wp-content\/uploads\/2025\/09\/FCK05-Vevey_13-09-25-1-768x512.jpg 768w, https:\/\/regese.ch\/fussball\/wp-content\/uploads\/2025\/09\/FCK05-Vevey_13-09-25-1-1536x1024.jpg 1536w, https:\/\/regese.ch\/fussball\/wp-content\/uploads\/2025\/09\/FCK05-Vevey_13-09-25-1-2048x1365.jpg 2048w, https:\/\/regese.ch\/fussball\/wp-content\/uploads\/2025\/09\/FCK05-Vevey_13-09-25-1-128x85.jpg 128w, https:\/\/regese.ch\/fussball\/wp-content\/uploads\/2025\/09\/FCK05-Vevey_13-09-25-1-32x21.jpg 32w\" sizes=\"auto, (max-width: 2000px) 100vw, 2000px\" \/><\/figure>\n\n\n\n<p><br>Auf die Pl\u00e4tze &#8211; fertig &#8211; los! Von der ersten Minute an suchten beide Teams ihr Gl\u00fcck in der Offensive. <\/p>\n\n\n\n<figure class=\"wp-block-image size-large\"><img loading=\"lazy\" decoding=\"async\" width=\"2000\" height=\"1334\" src=\"https:\/\/regese.ch\/fussball\/wp-content\/uploads\/2025\/09\/FCK05-Vevey_13-09-25-2-2000x1334.jpg\" alt=\"\" class=\"wp-image-21635\" srcset=\"https:\/\/regese.ch\/fussball\/wp-content\/uploads\/2025\/09\/FCK05-Vevey_13-09-25-2-2000x1334.jpg 2000w, https:\/\/regese.ch\/fussball\/wp-content\/uploads\/2025\/09\/FCK05-Vevey_13-09-25-2-300x200.jpg 300w, https:\/\/regese.ch\/fussball\/wp-content\/uploads\/2025\/09\/FCK05-Vevey_13-09-25-2-150x100.jpg 150w, https:\/\/regese.ch\/fussball\/wp-content\/uploads\/2025\/09\/FCK05-Vevey_13-09-25-2-768x512.jpg 768w, https:\/\/regese.ch\/fussball\/wp-content\/uploads\/2025\/09\/FCK05-Vevey_13-09-25-2-1536x1024.jpg 1536w, https:\/\/regese.ch\/fussball\/wp-content\/uploads\/2025\/09\/FCK05-Vevey_13-09-25-2-2048x1366.jpg 2048w, https:\/\/regese.ch\/fussball\/wp-content\/uploads\/2025\/09\/FCK05-Vevey_13-09-25-2-128x85.jpg 128w, https:\/\/regese.ch\/fussball\/wp-content\/uploads\/2025\/09\/FCK05-Vevey_13-09-25-2-32x21.jpg 32w\" sizes=\"auto, (max-width: 2000px) 100vw, 2000px\" \/><\/figure>\n\n\n\n<p>Leider f\u00fchrte der erste Angriff gleich zu einem R\u00fcckstand. <\/p>\n\n\n\n<p>Nach einer Hereingabe konnte der Ball nur bis zur Strafraumgrenze gekl\u00e4rt werden, wo Samuel Baumann den Hammer auspackte und das Leder in die Maschen h\u00e4mmerte.<\/p>\n\n\n\n<figure class=\"wp-block-image size-large\"><img loading=\"lazy\" decoding=\"async\" width=\"2000\" height=\"1333\" src=\"https:\/\/regese.ch\/fussball\/wp-content\/uploads\/2025\/09\/FCK05-Vevey_13-09-25-6-2000x1333.jpg\" alt=\"\" class=\"wp-image-21639\" srcset=\"https:\/\/regese.ch\/fussball\/wp-content\/uploads\/2025\/09\/FCK05-Vevey_13-09-25-6-2000x1333.jpg 2000w, https:\/\/regese.ch\/fussball\/wp-content\/uploads\/2025\/09\/FCK05-Vevey_13-09-25-6-300x200.jpg 300w, https:\/\/regese.ch\/fussball\/wp-content\/uploads\/2025\/09\/FCK05-Vevey_13-09-25-6-150x100.jpg 150w, https:\/\/regese.ch\/fussball\/wp-content\/uploads\/2025\/09\/FCK05-Vevey_13-09-25-6-768x512.jpg 768w, https:\/\/regese.ch\/fussball\/wp-content\/uploads\/2025\/09\/FCK05-Vevey_13-09-25-6-1536x1024.jpg 1536w, https:\/\/regese.ch\/fussball\/wp-content\/uploads\/2025\/09\/FCK05-Vevey_13-09-25-6-2048x1365.jpg 2048w, https:\/\/regese.ch\/fussball\/wp-content\/uploads\/2025\/09\/FCK05-Vevey_13-09-25-6-128x85.jpg 128w, https:\/\/regese.ch\/fussball\/wp-content\/uploads\/2025\/09\/FCK05-Vevey_13-09-25-6-32x21.jpg 32w\" sizes=\"auto, (max-width: 2000px) 100vw, 2000px\" \/><\/figure>\n\n\n\n<p>Von diesem Nackenschlag erholte sich unser Team in den folgenden 43 Minuten nicht. Es gelang kaum, gef\u00e4hrliche Situationen zu kreieren. Die G\u00e4ste waren wacher, gewannen mehr Zweik\u00e4mpfe und sorgten mit raschen Gegenst\u00f6ssen immer wieder f\u00fcr Druck.<\/p>\n\n\n\n<figure class=\"wp-block-image size-large\"><img loading=\"lazy\" decoding=\"async\" width=\"2000\" height=\"1333\" src=\"https:\/\/regese.ch\/fussball\/wp-content\/uploads\/2025\/09\/FCK05-Vevey_13-09-25-10-2000x1333.jpg\" alt=\"\" class=\"wp-image-21643\" srcset=\"https:\/\/regese.ch\/fussball\/wp-content\/uploads\/2025\/09\/FCK05-Vevey_13-09-25-10-2000x1333.jpg 2000w, https:\/\/regese.ch\/fussball\/wp-content\/uploads\/2025\/09\/FCK05-Vevey_13-09-25-10-300x200.jpg 300w, https:\/\/regese.ch\/fussball\/wp-content\/uploads\/2025\/09\/FCK05-Vevey_13-09-25-10-150x100.jpg 150w, https:\/\/regese.ch\/fussball\/wp-content\/uploads\/2025\/09\/FCK05-Vevey_13-09-25-10-768x512.jpg 768w, https:\/\/regese.ch\/fussball\/wp-content\/uploads\/2025\/09\/FCK05-Vevey_13-09-25-10-1536x1024.jpg 1536w, https:\/\/regese.ch\/fussball\/wp-content\/uploads\/2025\/09\/FCK05-Vevey_13-09-25-10-2048x1365.jpg 2048w, https:\/\/regese.ch\/fussball\/wp-content\/uploads\/2025\/09\/FCK05-Vevey_13-09-25-10-128x85.jpg 128w, https:\/\/regese.ch\/fussball\/wp-content\/uploads\/2025\/09\/FCK05-Vevey_13-09-25-10-32x21.jpg 32w\" sizes=\"auto, (max-width: 2000px) 100vw, 2000px\" \/><\/figure>\n\n\n\n<p>So ging es mit einem \u00e4rgerlichen R\u00fcckstand in die Pause.<br>Coach K\u00fcrsat sorgte mit einem Doppelwechsel f\u00fcr eine neue taktische Ausrichtung. <\/p>\n\n\n\n<figure class=\"wp-block-image size-large\"><img loading=\"lazy\" decoding=\"async\" width=\"2000\" height=\"1333\" src=\"https:\/\/regese.ch\/fussball\/wp-content\/uploads\/2025\/09\/FCK05-Vevey_13-09-25-24-2000x1333.jpg\" alt=\"\" class=\"wp-image-21657\" srcset=\"https:\/\/regese.ch\/fussball\/wp-content\/uploads\/2025\/09\/FCK05-Vevey_13-09-25-24-2000x1333.jpg 2000w, https:\/\/regese.ch\/fussball\/wp-content\/uploads\/2025\/09\/FCK05-Vevey_13-09-25-24-300x200.jpg 300w, https:\/\/regese.ch\/fussball\/wp-content\/uploads\/2025\/09\/FCK05-Vevey_13-09-25-24-150x100.jpg 150w, https:\/\/regese.ch\/fussball\/wp-content\/uploads\/2025\/09\/FCK05-Vevey_13-09-25-24-768x512.jpg 768w, https:\/\/regese.ch\/fussball\/wp-content\/uploads\/2025\/09\/FCK05-Vevey_13-09-25-24-1536x1024.jpg 1536w, https:\/\/regese.ch\/fussball\/wp-content\/uploads\/2025\/09\/FCK05-Vevey_13-09-25-24-2048x1365.jpg 2048w, https:\/\/regese.ch\/fussball\/wp-content\/uploads\/2025\/09\/FCK05-Vevey_13-09-25-24-128x85.jpg 128w, https:\/\/regese.ch\/fussball\/wp-content\/uploads\/2025\/09\/FCK05-Vevey_13-09-25-24-32x21.jpg 32w\" sizes=\"auto, (max-width: 2000px) 100vw, 2000px\" \/><\/figure>\n\n\n\n<p>Uche und Simi brachten mehr Tempo ins Spiel. Und bereits nach 4 Minuten zahlte es sich aus. <\/p>\n\n\n\n<figure class=\"wp-block-image size-large\"><img loading=\"lazy\" decoding=\"async\" width=\"2000\" height=\"1333\" src=\"https:\/\/regese.ch\/fussball\/wp-content\/uploads\/2025\/09\/FCK05-Vevey_13-09-25-27-2000x1333.jpg\" alt=\"\" class=\"wp-image-21660\" srcset=\"https:\/\/regese.ch\/fussball\/wp-content\/uploads\/2025\/09\/FCK05-Vevey_13-09-25-27-2000x1333.jpg 2000w, https:\/\/regese.ch\/fussball\/wp-content\/uploads\/2025\/09\/FCK05-Vevey_13-09-25-27-300x200.jpg 300w, https:\/\/regese.ch\/fussball\/wp-content\/uploads\/2025\/09\/FCK05-Vevey_13-09-25-27-150x100.jpg 150w, https:\/\/regese.ch\/fussball\/wp-content\/uploads\/2025\/09\/FCK05-Vevey_13-09-25-27-768x512.jpg 768w, https:\/\/regese.ch\/fussball\/wp-content\/uploads\/2025\/09\/FCK05-Vevey_13-09-25-27-1536x1024.jpg 1536w, https:\/\/regese.ch\/fussball\/wp-content\/uploads\/2025\/09\/FCK05-Vevey_13-09-25-27-2048x1365.jpg 2048w, https:\/\/regese.ch\/fussball\/wp-content\/uploads\/2025\/09\/FCK05-Vevey_13-09-25-27-128x85.jpg 128w, https:\/\/regese.ch\/fussball\/wp-content\/uploads\/2025\/09\/FCK05-Vevey_13-09-25-27-32x21.jpg 32w\" sizes=\"auto, (max-width: 2000px) 100vw, 2000px\" \/><\/figure>\n\n\n\n<p>Reda konnte die Hereingabe \u00fcber die Linie dr\u00fccken.<\/p>\n\n\n\n<figure class=\"wp-block-image size-large\"><img loading=\"lazy\" decoding=\"async\" width=\"2000\" height=\"1334\" src=\"https:\/\/regese.ch\/fussball\/wp-content\/uploads\/2025\/09\/FCK05-Vevey_13-09-25-33-2000x1334.jpg\" alt=\"\" class=\"wp-image-21666\" srcset=\"https:\/\/regese.ch\/fussball\/wp-content\/uploads\/2025\/09\/FCK05-Vevey_13-09-25-33-2000x1334.jpg 2000w, https:\/\/regese.ch\/fussball\/wp-content\/uploads\/2025\/09\/FCK05-Vevey_13-09-25-33-300x200.jpg 300w, https:\/\/regese.ch\/fussball\/wp-content\/uploads\/2025\/09\/FCK05-Vevey_13-09-25-33-150x100.jpg 150w, https:\/\/regese.ch\/fussball\/wp-content\/uploads\/2025\/09\/FCK05-Vevey_13-09-25-33-768x512.jpg 768w, https:\/\/regese.ch\/fussball\/wp-content\/uploads\/2025\/09\/FCK05-Vevey_13-09-25-33-1536x1024.jpg 1536w, https:\/\/regese.ch\/fussball\/wp-content\/uploads\/2025\/09\/FCK05-Vevey_13-09-25-33-2048x1366.jpg 2048w, https:\/\/regese.ch\/fussball\/wp-content\/uploads\/2025\/09\/FCK05-Vevey_13-09-25-33-128x85.jpg 128w, https:\/\/regese.ch\/fussball\/wp-content\/uploads\/2025\/09\/FCK05-Vevey_13-09-25-33-32x21.jpg 32w\" sizes=\"auto, (max-width: 2000px) 100vw, 2000px\" \/><\/figure>\n\n\n\n<p>Nun hatte unser Team mehr Sicherheit und kontrollierte mehrheitlich das Spiel. In der 69. Minute war Enrique Wild f\u00fcr den F\u00fchrungstreffer verantwortlich.<\/p>\n\n\n\n<figure class=\"wp-block-image size-large\"><img loading=\"lazy\" decoding=\"async\" width=\"2000\" height=\"1333\" src=\"https:\/\/regese.ch\/fussball\/wp-content\/uploads\/2025\/09\/FCK05-Vevey_13-09-25-35-2000x1333.jpg\" alt=\"\" class=\"wp-image-21668\" srcset=\"https:\/\/regese.ch\/fussball\/wp-content\/uploads\/2025\/09\/FCK05-Vevey_13-09-25-35-2000x1333.jpg 2000w, https:\/\/regese.ch\/fussball\/wp-content\/uploads\/2025\/09\/FCK05-Vevey_13-09-25-35-300x200.jpg 300w, https:\/\/regese.ch\/fussball\/wp-content\/uploads\/2025\/09\/FCK05-Vevey_13-09-25-35-150x100.jpg 150w, https:\/\/regese.ch\/fussball\/wp-content\/uploads\/2025\/09\/FCK05-Vevey_13-09-25-35-768x512.jpg 768w, https:\/\/regese.ch\/fussball\/wp-content\/uploads\/2025\/09\/FCK05-Vevey_13-09-25-35-1536x1024.jpg 1536w, https:\/\/regese.ch\/fussball\/wp-content\/uploads\/2025\/09\/FCK05-Vevey_13-09-25-35-2048x1365.jpg 2048w, https:\/\/regese.ch\/fussball\/wp-content\/uploads\/2025\/09\/FCK05-Vevey_13-09-25-35-128x85.jpg 128w, https:\/\/regese.ch\/fussball\/wp-content\/uploads\/2025\/09\/FCK05-Vevey_13-09-25-35-32x21.jpg 32w\" sizes=\"auto, (max-width: 2000px) 100vw, 2000px\" \/><\/figure>\n\n\n\n<p>Die G\u00e4ste dr\u00fcckten nun auf den Ausgleichstreffer. <\/p>\n\n\n\n<figure class=\"wp-block-image size-large\"><img loading=\"lazy\" decoding=\"async\" width=\"2000\" height=\"1333\" src=\"https:\/\/regese.ch\/fussball\/wp-content\/uploads\/2025\/09\/FCK05-Vevey_13-09-25-31-2000x1333.jpg\" alt=\"\" class=\"wp-image-21664\" srcset=\"https:\/\/regese.ch\/fussball\/wp-content\/uploads\/2025\/09\/FCK05-Vevey_13-09-25-31-2000x1333.jpg 2000w, https:\/\/regese.ch\/fussball\/wp-content\/uploads\/2025\/09\/FCK05-Vevey_13-09-25-31-300x200.jpg 300w, https:\/\/regese.ch\/fussball\/wp-content\/uploads\/2025\/09\/FCK05-Vevey_13-09-25-31-150x100.jpg 150w, https:\/\/regese.ch\/fussball\/wp-content\/uploads\/2025\/09\/FCK05-Vevey_13-09-25-31-768x512.jpg 768w, https:\/\/regese.ch\/fussball\/wp-content\/uploads\/2025\/09\/FCK05-Vevey_13-09-25-31-1536x1024.jpg 1536w, https:\/\/regese.ch\/fussball\/wp-content\/uploads\/2025\/09\/FCK05-Vevey_13-09-25-31-2048x1365.jpg 2048w, https:\/\/regese.ch\/fussball\/wp-content\/uploads\/2025\/09\/FCK05-Vevey_13-09-25-31-128x85.jpg 128w, https:\/\/regese.ch\/fussball\/wp-content\/uploads\/2025\/09\/FCK05-Vevey_13-09-25-31-32x21.jpg 32w\" sizes=\"auto, (max-width: 2000px) 100vw, 2000px\" \/><\/figure>\n\n\n\n<p>Als ein St\u00fcrmer der G\u00e4ste nur noch regelwidrig gestoppt werden konnte, musste Fabian Fellmann sein ganzes K\u00f6nnen auspacken, um den Penalty abzuwehren.<\/p>\n\n\n\n<figure class=\"wp-block-image size-large\"><img decoding=\"async\" src=\"https:\/\/regese.ch\/fussball\/wp-content\/uploads\/2025\/09\/FCK05-Vevey_13-09-25-38-2000x1333.jpg\" alt=\"\" class=\"wp-image-21671\"\/><\/figure>\n\n\n\n<p>Doch die G\u00e4ste blieben weiter am Dr\u00fccker. Nach einem rasch ausgef\u00fchrten Einwurf landete der Ball im Strafraum, wo sich Tony Romain Rober gegen zwei Verteidiger durchsetzen und zum 2:2 ausgleichen konnte.<\/p>\n\n\n\n<figure class=\"wp-block-image size-full\"><img decoding=\"async\" src=\"https:\/\/regese.ch\/fussball\/wp-content\/uploads\/2025\/09\/FCK05-Vevey_13-09-25-48.jpg\" alt=\"\" class=\"wp-image-21681\"\/><\/figure>\n\n\n\n<p>In der letzten Viertelstunde glich das Spiel einem Cup-Fight. Beide Teams suchten die Entscheidung, wobei unser FCK05 bei Standardsituationen einige Male nur knapp scheiterte &#8230;<\/p>\n\n\n\n<figure class=\"wp-block-image size-full\"><img decoding=\"async\" src=\"https:\/\/regese.ch\/fussball\/wp-content\/uploads\/2025\/09\/FCK05-Vevey_13-09-25-47.jpg\" alt=\"\" class=\"wp-image-21680\"\/><\/figure>\n\n\n\n<p>oder den Ball vom stark spielenden Torwart Michel Simo Fohouo abgewehrt sah.<\/p>\n\n\n\n<figure class=\"wp-block-image size-full\"><img decoding=\"async\" src=\"https:\/\/regese.ch\/fussball\/wp-content\/uploads\/2025\/09\/FCK05-Vevey_13-09-25-54.jpg\" alt=\"\" class=\"wp-image-21723\"\/><\/figure>\n\n\n\n<p>So blieb es bei einem gerechten Unentschieden, womit unser Team nach wie vor Zuhause ungeschlagen bleibt. Hopp FCK! <br>Hier das&nbsp;<a href=\"https:\/\/matchcenter.el-pl.ch\/default.aspx?oid=3&amp;lng=1&amp;v=1787&amp;t=40544&amp;sg=67658&amp;ls=24467&amp;tg=4156774\" target=\"_blank\" rel=\"noreferrer noopener\">Matchtelegram<\/a> und der Bericht des&nbsp;FCK 05&nbsp;(folgt).<\/p>\n\n\n\n<div class=\"wp-block-envira-envira-gallery\"><div id=\"envira-gallery-wrap-21631\" class=\"envira-gallery-wrap envira-lazy-loading-enabled envira-layout-mason envira-gallery-theme-base\" itemscope itemtype=\"https:\/\/schema.org\/ImageGallery\"><div class=\"envira-loader\"><div><\/div><div><\/div><div><\/div><div><\/div><\/div><div id=\"envira-gallery-21631\" class=\"envira-gallery-public envira-gallery-2-columns envira-clear enviratope\" data-envira-id=\"21631\" data-gallery-config='{\"type\":\"default\",\"layout\":\"mason\",\"columns\":\"2\",\"gallery_theme\":\"base\",\"justified_margins\":10,\"justified_last_row\":\"nojustify\",\"lazy_loading\":1,\"lazy_loading_delay\":500,\"gutter\":10,\"gutter_mobile\":0,\"margin\":10,\"image_size\":\"default\",\"square_size\":300,\"crop_width\":640,\"crop_height\":480,\"crop\":0,\"crop_position\":\"c\",\"show_more_text\":\"Click for more\",\"additional_copy_0\":0,\"additional_copy_title\":0,\"additional_copy_caption\":0,\"additional_copy_title_caption\":0,\"additional_copy_0_mobile\":0,\"additional_copy_title_mobile\":0,\"additional_copy_caption_mobile\":0,\"additional_copy_title_caption_mobile\":0,\"gallery_column_title_caption\":\"0\",\"gallery_column_title_caption_mobile\":\"0\",\"additional_copy_automatic_0\":0,\"additional_copy_automatic_title\":0,\"additional_copy_automatic_caption\":0,\"additional_copy_automatic_title_caption\":0,\"additional_copy_automatic_0_mobile\":0,\"additional_copy_automatic_title_mobile\":0,\"additional_copy_automatic_caption_mobile\":0,\"additional_copy_automatic_title_caption_mobile\":0,\"gallery_automatic_title_caption\":\"0\",\"gallery_automatic_title_caption_mobile\":\"0\",\"justified_row_height\":150,\"description_position\":\"0\",\"description\":\"\",\"random\":\"title\",\"sort_order\":\"title\",\"sorting_direction\":\"ASC\",\"image_sizes_random\":[],\"isotope\":true,\"lightbox_enabled\":1,\"gallery_link_enabled\":1,\"lightbox_theme\":\"base_dark\",\"lightbox_image_size\":\"default\",\"title_display\":\"float\",\"lightbox_title_caption\":\"title\",\"arrows\":1,\"arrows_position\":\"inside\",\"toolbar\":0,\"toolbar_title\":0,\"toolbar_position\":\"top\",\"loop\":1,\"lightbox_open_close_effect\":\"fade\",\"effect\":\"fade\",\"supersize\":0,\"thumbnails_toggle\":0,\"thumbnails_hide\":0,\"image_counter\":0,\"lightbox_html_caption\":0,\"thumbnails\":1,\"thumbnails_width\":\"auto\",\"thumbnails_height\":\"auto\",\"thumbnails_position\":\"bottom\",\"thumbnails_custom_size\":0,\"mobile\":1,\"mobile_width\":320,\"mobile_height\":240,\"mobile_lightbox\":1,\"mobile_gallery_link_enabled\":0,\"mobile_arrows\":1,\"mobile_toolbar\":1,\"mobile_thumbnails\":1,\"mobile_touchwipe_close\":0,\"mobile_thumbnails_width\":75,\"mobile_thumbnails_height\":50,\"mobile_justified_row_height\":80,\"keyboard\":true,\"standalone_template\":\"\",\"classes\":[\"\"],\"rtl\":0,\"slug\":\"fck05-vevey-sports_13-09-25\",\"title\":\"\",\"gallery_id\":\"21631\"}' data-gallery-images='[{\"status\":\"active\",\"src\":\"https:\\\/\\\/regese.ch\\\/fussball\\\/wp-content\\\/uploads\\\/2025\\\/09\\\/FCK05-Vevey_13-09-25-1-scaled.jpg\",\"title\":\"FCK05 - Vevey_13-09-25-1\",\"link\":\"https:\\\/\\\/regese.ch\\\/fussball\\\/wp-content\\\/uploads\\\/2025\\\/09\\\/FCK05-Vevey_13-09-25-1-scaled.jpg\",\"alt\":\"\",\"caption\":false,\"thumb\":\"https:\\\/\\\/regese.ch\\\/fussball\\\/wp-content\\\/uploads\\\/2025\\\/09\\\/FCK05-Vevey_13-09-25-1-scaled-75x50_c.jpg\",\"meta\":{\"aperture\":null,\"credit\":null,\"camera\":null,\"caption\":\"\",\"created_timestamp\":null,\"copyright\":null,\"focal_length\":null,\"iso\":null,\"shutter_speed\":null,\"title\":\"\",\"orientation\":null,\"keywords\":null,\"resized_images\":null},\"thumbnail\":\"https:\\\/\\\/regese.ch\\\/fussball\\\/wp-content\\\/uploads\\\/2025\\\/09\\\/FCK05-Vevey_13-09-25-1-150x100.jpg\",\"medium\":\"https:\\\/\\\/regese.ch\\\/fussball\\\/wp-content\\\/uploads\\\/2025\\\/09\\\/FCK05-Vevey_13-09-25-1-300x200.jpg\",\"medium_large\":\"https:\\\/\\\/regese.ch\\\/fussball\\\/wp-content\\\/uploads\\\/2025\\\/09\\\/FCK05-Vevey_13-09-25-1-768x512.jpg\",\"large\":\"https:\\\/\\\/regese.ch\\\/fussball\\\/wp-content\\\/uploads\\\/2025\\\/09\\\/FCK05-Vevey_13-09-25-1-2000x1333.jpg\",\"1536x1536\":\"https:\\\/\\\/regese.ch\\\/fussball\\\/wp-content\\\/uploads\\\/2025\\\/09\\\/FCK05-Vevey_13-09-25-1-1536x1024.jpg\",\"2048x2048\":\"https:\\\/\\\/regese.ch\\\/fussball\\\/wp-content\\\/uploads\\\/2025\\\/09\\\/FCK05-Vevey_13-09-25-1-2048x1365.jpg\",\"sportspress-crop-medium\":\"https:\\\/\\\/regese.ch\\\/fussball\\\/wp-content\\\/uploads\\\/2025\\\/09\\\/FCK05-Vevey_13-09-25-1-300x300.jpg\",\"sportspress-fit-medium\":\"https:\\\/\\\/regese.ch\\\/fussball\\\/wp-content\\\/uploads\\\/2025\\\/09\\\/FCK05-Vevey_13-09-25-1-300x200.jpg\",\"sportspress-fit-icon\":\"https:\\\/\\\/regese.ch\\\/fussball\\\/wp-content\\\/uploads\\\/2025\\\/09\\\/FCK05-Vevey_13-09-25-1-128x85.jpg\",\"sportspress-fit-mini\":\"https:\\\/\\\/regese.ch\\\/fussball\\\/wp-content\\\/uploads\\\/2025\\\/09\\\/FCK05-Vevey_13-09-25-1-32x21.jpg\",\"full\":\"https:\\\/\\\/regese.ch\\\/fussball\\\/wp-content\\\/uploads\\\/2025\\\/09\\\/FCK05-Vevey_13-09-25-1-scaled.jpg\",\"index\":0,\"id\":21634,\"video\":false,\"opts\":{\"caption\":\"\",\"thumb\":\"https:\\\/\\\/regese.ch\\\/fussball\\\/wp-content\\\/uploads\\\/2025\\\/09\\\/FCK05-Vevey_13-09-25-1-scaled-75x50_c.jpg\",\"title\":\"FCK05 - Vevey_13-09-25-1\"},\"gallery_id\":\"21631\"},{\"status\":\"active\",\"src\":\"https:\\\/\\\/regese.ch\\\/fussball\\\/wp-content\\\/uploads\\\/2025\\\/09\\\/FCK05-Vevey_13-09-25-2-scaled.jpg\",\"title\":\"FCK05 - Vevey_13-09-25-2\",\"link\":\"https:\\\/\\\/regese.ch\\\/fussball\\\/wp-content\\\/uploads\\\/2025\\\/09\\\/FCK05-Vevey_13-09-25-2-scaled.jpg\",\"alt\":\"\",\"caption\":false,\"thumb\":\"https:\\\/\\\/regese.ch\\\/fussball\\\/wp-content\\\/uploads\\\/2025\\\/09\\\/FCK05-Vevey_13-09-25-2-scaled-75x50_c.jpg\",\"meta\":{\"aperture\":null,\"credit\":null,\"camera\":null,\"caption\":\"\",\"created_timestamp\":null,\"copyright\":null,\"focal_length\":null,\"iso\":null,\"shutter_speed\":null,\"title\":\"\",\"orientation\":null,\"keywords\":null,\"resized_images\":null},\"thumbnail\":\"https:\\\/\\\/regese.ch\\\/fussball\\\/wp-content\\\/uploads\\\/2025\\\/09\\\/FCK05-Vevey_13-09-25-2-150x100.jpg\",\"medium\":\"https:\\\/\\\/regese.ch\\\/fussball\\\/wp-content\\\/uploads\\\/2025\\\/09\\\/FCK05-Vevey_13-09-25-2-300x200.jpg\",\"medium_large\":\"https:\\\/\\\/regese.ch\\\/fussball\\\/wp-content\\\/uploads\\\/2025\\\/09\\\/FCK05-Vevey_13-09-25-2-768x512.jpg\",\"large\":\"https:\\\/\\\/regese.ch\\\/fussball\\\/wp-content\\\/uploads\\\/2025\\\/09\\\/FCK05-Vevey_13-09-25-2-2000x1334.jpg\",\"1536x1536\":\"https:\\\/\\\/regese.ch\\\/fussball\\\/wp-content\\\/uploads\\\/2025\\\/09\\\/FCK05-Vevey_13-09-25-2-1536x1024.jpg\",\"2048x2048\":\"https:\\\/\\\/regese.ch\\\/fussball\\\/wp-content\\\/uploads\\\/2025\\\/09\\\/FCK05-Vevey_13-09-25-2-2048x1366.jpg\",\"sportspress-crop-medium\":\"https:\\\/\\\/regese.ch\\\/fussball\\\/wp-content\\\/uploads\\\/2025\\\/09\\\/FCK05-Vevey_13-09-25-2-300x300.jpg\",\"sportspress-fit-medium\":\"https:\\\/\\\/regese.ch\\\/fussball\\\/wp-content\\\/uploads\\\/2025\\\/09\\\/FCK05-Vevey_13-09-25-2-300x200.jpg\",\"sportspress-fit-icon\":\"https:\\\/\\\/regese.ch\\\/fussball\\\/wp-content\\\/uploads\\\/2025\\\/09\\\/FCK05-Vevey_13-09-25-2-128x85.jpg\",\"sportspress-fit-mini\":\"https:\\\/\\\/regese.ch\\\/fussball\\\/wp-content\\\/uploads\\\/2025\\\/09\\\/FCK05-Vevey_13-09-25-2-32x21.jpg\",\"full\":\"https:\\\/\\\/regese.ch\\\/fussball\\\/wp-content\\\/uploads\\\/2025\\\/09\\\/FCK05-Vevey_13-09-25-2-scaled.jpg\",\"index\":1,\"id\":21635,\"video\":false,\"opts\":{\"caption\":\"\",\"thumb\":\"https:\\\/\\\/regese.ch\\\/fussball\\\/wp-content\\\/uploads\\\/2025\\\/09\\\/FCK05-Vevey_13-09-25-2-scaled-75x50_c.jpg\",\"title\":\"FCK05 - Vevey_13-09-25-2\"},\"gallery_id\":\"21631\"},{\"status\":\"active\",\"src\":\"https:\\\/\\\/regese.ch\\\/fussball\\\/wp-content\\\/uploads\\\/2025\\\/09\\\/FCK05-Vevey_13-09-25-3-scaled.jpg\",\"title\":\"FCK05 - Vevey_13-09-25-3\",\"link\":\"https:\\\/\\\/regese.ch\\\/fussball\\\/wp-content\\\/uploads\\\/2025\\\/09\\\/FCK05-Vevey_13-09-25-3-scaled.jpg\",\"alt\":\"\",\"caption\":false,\"thumb\":\"https:\\\/\\\/regese.ch\\\/fussball\\\/wp-content\\\/uploads\\\/2025\\\/09\\\/FCK05-Vevey_13-09-25-3-scaled-75x50_c.jpg\",\"meta\":{\"aperture\":null,\"credit\":null,\"camera\":null,\"caption\":\"\",\"created_timestamp\":null,\"copyright\":null,\"focal_length\":null,\"iso\":null,\"shutter_speed\":null,\"title\":\"\",\"orientation\":null,\"keywords\":null,\"resized_images\":null},\"thumbnail\":\"https:\\\/\\\/regese.ch\\\/fussball\\\/wp-content\\\/uploads\\\/2025\\\/09\\\/FCK05-Vevey_13-09-25-3-150x100.jpg\",\"medium\":\"https:\\\/\\\/regese.ch\\\/fussball\\\/wp-content\\\/uploads\\\/2025\\\/09\\\/FCK05-Vevey_13-09-25-3-300x200.jpg\",\"medium_large\":\"https:\\\/\\\/regese.ch\\\/fussball\\\/wp-content\\\/uploads\\\/2025\\\/09\\\/FCK05-Vevey_13-09-25-3-768x512.jpg\",\"large\":\"https:\\\/\\\/regese.ch\\\/fussball\\\/wp-content\\\/uploads\\\/2025\\\/09\\\/FCK05-Vevey_13-09-25-3-2000x1334.jpg\",\"1536x1536\":\"https:\\\/\\\/regese.ch\\\/fussball\\\/wp-content\\\/uploads\\\/2025\\\/09\\\/FCK05-Vevey_13-09-25-3-1536x1024.jpg\",\"2048x2048\":\"https:\\\/\\\/regese.ch\\\/fussball\\\/wp-content\\\/uploads\\\/2025\\\/09\\\/FCK05-Vevey_13-09-25-3-2048x1366.jpg\",\"sportspress-crop-medium\":\"https:\\\/\\\/regese.ch\\\/fussball\\\/wp-content\\\/uploads\\\/2025\\\/09\\\/FCK05-Vevey_13-09-25-3-300x300.jpg\",\"sportspress-fit-medium\":\"https:\\\/\\\/regese.ch\\\/fussball\\\/wp-content\\\/uploads\\\/2025\\\/09\\\/FCK05-Vevey_13-09-25-3-300x200.jpg\",\"sportspress-fit-icon\":\"https:\\\/\\\/regese.ch\\\/fussball\\\/wp-content\\\/uploads\\\/2025\\\/09\\\/FCK05-Vevey_13-09-25-3-128x85.jpg\",\"sportspress-fit-mini\":\"https:\\\/\\\/regese.ch\\\/fussball\\\/wp-content\\\/uploads\\\/2025\\\/09\\\/FCK05-Vevey_13-09-25-3-32x21.jpg\",\"full\":\"https:\\\/\\\/regese.ch\\\/fussball\\\/wp-content\\\/uploads\\\/2025\\\/09\\\/FCK05-Vevey_13-09-25-3-scaled.jpg\",\"index\":2,\"id\":21636,\"video\":false,\"opts\":{\"caption\":\"\",\"thumb\":\"https:\\\/\\\/regese.ch\\\/fussball\\\/wp-content\\\/uploads\\\/2025\\\/09\\\/FCK05-Vevey_13-09-25-3-scaled-75x50_c.jpg\",\"title\":\"FCK05 - Vevey_13-09-25-3\"},\"gallery_id\":\"21631\"},{\"status\":\"active\",\"src\":\"https:\\\/\\\/regese.ch\\\/fussball\\\/wp-content\\\/uploads\\\/2025\\\/09\\\/FCK05-Vevey_13-09-25-4-scaled.jpg\",\"title\":\"FCK05 - Vevey_13-09-25-4\",\"link\":\"https:\\\/\\\/regese.ch\\\/fussball\\\/wp-content\\\/uploads\\\/2025\\\/09\\\/FCK05-Vevey_13-09-25-4-scaled.jpg\",\"alt\":\"\",\"caption\":false,\"thumb\":\"https:\\\/\\\/regese.ch\\\/fussball\\\/wp-content\\\/uploads\\\/2025\\\/09\\\/FCK05-Vevey_13-09-25-4-scaled-75x50_c.jpg\",\"meta\":{\"aperture\":null,\"credit\":null,\"camera\":null,\"caption\":\"\",\"created_timestamp\":null,\"copyright\":null,\"focal_length\":null,\"iso\":null,\"shutter_speed\":null,\"title\":\"\",\"orientation\":null,\"keywords\":null,\"resized_images\":null},\"thumbnail\":\"https:\\\/\\\/regese.ch\\\/fussball\\\/wp-content\\\/uploads\\\/2025\\\/09\\\/FCK05-Vevey_13-09-25-4-150x100.jpg\",\"medium\":\"https:\\\/\\\/regese.ch\\\/fussball\\\/wp-content\\\/uploads\\\/2025\\\/09\\\/FCK05-Vevey_13-09-25-4-300x200.jpg\",\"medium_large\":\"https:\\\/\\\/regese.ch\\\/fussball\\\/wp-content\\\/uploads\\\/2025\\\/09\\\/FCK05-Vevey_13-09-25-4-768x512.jpg\",\"large\":\"https:\\\/\\\/regese.ch\\\/fussball\\\/wp-content\\\/uploads\\\/2025\\\/09\\\/FCK05-Vevey_13-09-25-4-2000x1333.jpg\",\"1536x1536\":\"https:\\\/\\\/regese.ch\\\/fussball\\\/wp-content\\\/uploads\\\/2025\\\/09\\\/FCK05-Vevey_13-09-25-4-1536x1024.jpg\",\"2048x2048\":\"https:\\\/\\\/regese.ch\\\/fussball\\\/wp-content\\\/uploads\\\/2025\\\/09\\\/FCK05-Vevey_13-09-25-4-2048x1365.jpg\",\"sportspress-crop-medium\":\"https:\\\/\\\/regese.ch\\\/fussball\\\/wp-content\\\/uploads\\\/2025\\\/09\\\/FCK05-Vevey_13-09-25-4-300x300.jpg\",\"sportspress-fit-medium\":\"https:\\\/\\\/regese.ch\\\/fussball\\\/wp-content\\\/uploads\\\/2025\\\/09\\\/FCK05-Vevey_13-09-25-4-300x200.jpg\",\"sportspress-fit-icon\":\"https:\\\/\\\/regese.ch\\\/fussball\\\/wp-content\\\/uploads\\\/2025\\\/09\\\/FCK05-Vevey_13-09-25-4-128x85.jpg\",\"sportspress-fit-mini\":\"https:\\\/\\\/regese.ch\\\/fussball\\\/wp-content\\\/uploads\\\/2025\\\/09\\\/FCK05-Vevey_13-09-25-4-32x21.jpg\",\"full\":\"https:\\\/\\\/regese.ch\\\/fussball\\\/wp-content\\\/uploads\\\/2025\\\/09\\\/FCK05-Vevey_13-09-25-4-scaled.jpg\",\"index\":3,\"id\":21637,\"video\":false,\"opts\":{\"caption\":\"\",\"thumb\":\"https:\\\/\\\/regese.ch\\\/fussball\\\/wp-content\\\/uploads\\\/2025\\\/09\\\/FCK05-Vevey_13-09-25-4-scaled-75x50_c.jpg\",\"title\":\"FCK05 - Vevey_13-09-25-4\"},\"gallery_id\":\"21631\"},{\"status\":\"active\",\"src\":\"https:\\\/\\\/regese.ch\\\/fussball\\\/wp-content\\\/uploads\\\/2025\\\/09\\\/FCK05-Vevey_13-09-25-5-scaled.jpg\",\"title\":\"FCK05 - Vevey_13-09-25-5\",\"link\":\"https:\\\/\\\/regese.ch\\\/fussball\\\/wp-content\\\/uploads\\\/2025\\\/09\\\/FCK05-Vevey_13-09-25-5-scaled.jpg\",\"alt\":\"\",\"caption\":false,\"thumb\":\"https:\\\/\\\/regese.ch\\\/fussball\\\/wp-content\\\/uploads\\\/2025\\\/09\\\/FCK05-Vevey_13-09-25-5-scaled-75x50_c.jpg\",\"meta\":{\"aperture\":null,\"credit\":null,\"camera\":null,\"caption\":\"\",\"created_timestamp\":null,\"copyright\":null,\"focal_length\":null,\"iso\":null,\"shutter_speed\":null,\"title\":\"\",\"orientation\":null,\"keywords\":null,\"resized_images\":null},\"thumbnail\":\"https:\\\/\\\/regese.ch\\\/fussball\\\/wp-content\\\/uploads\\\/2025\\\/09\\\/FCK05-Vevey_13-09-25-5-150x100.jpg\",\"medium\":\"https:\\\/\\\/regese.ch\\\/fussball\\\/wp-content\\\/uploads\\\/2025\\\/09\\\/FCK05-Vevey_13-09-25-5-300x200.jpg\",\"medium_large\":\"https:\\\/\\\/regese.ch\\\/fussball\\\/wp-content\\\/uploads\\\/2025\\\/09\\\/FCK05-Vevey_13-09-25-5-768x512.jpg\",\"large\":\"https:\\\/\\\/regese.ch\\\/fussball\\\/wp-content\\\/uploads\\\/2025\\\/09\\\/FCK05-Vevey_13-09-25-5-2000x1333.jpg\",\"1536x1536\":\"https:\\\/\\\/regese.ch\\\/fussball\\\/wp-content\\\/uploads\\\/2025\\\/09\\\/FCK05-Vevey_13-09-25-5-1536x1024.jpg\",\"2048x2048\":\"https:\\\/\\\/regese.ch\\\/fussball\\\/wp-content\\\/uploads\\\/2025\\\/09\\\/FCK05-Vevey_13-09-25-5-2048x1365.jpg\",\"sportspress-crop-medium\":\"https:\\\/\\\/regese.ch\\\/fussball\\\/wp-content\\\/uploads\\\/2025\\\/09\\\/FCK05-Vevey_13-09-25-5-300x300.jpg\",\"sportspress-fit-medium\":\"https:\\\/\\\/regese.ch\\\/fussball\\\/wp-content\\\/uploads\\\/2025\\\/09\\\/FCK05-Vevey_13-09-25-5-300x200.jpg\",\"sportspress-fit-icon\":\"https:\\\/\\\/regese.ch\\\/fussball\\\/wp-content\\\/uploads\\\/2025\\\/09\\\/FCK05-Vevey_13-09-25-5-128x85.jpg\",\"sportspress-fit-mini\":\"https:\\\/\\\/regese.ch\\\/fussball\\\/wp-content\\\/uploads\\\/2025\\\/09\\\/FCK05-Vevey_13-09-25-5-32x21.jpg\",\"full\":\"https:\\\/\\\/regese.ch\\\/fussball\\\/wp-content\\\/uploads\\\/2025\\\/09\\\/FCK05-Vevey_13-09-25-5-scaled.jpg\",\"index\":4,\"id\":21638,\"video\":false,\"opts\":{\"caption\":\"\",\"thumb\":\"https:\\\/\\\/regese.ch\\\/fussball\\\/wp-content\\\/uploads\\\/2025\\\/09\\\/FCK05-Vevey_13-09-25-5-scaled-75x50_c.jpg\",\"title\":\"FCK05 - Vevey_13-09-25-5\"},\"gallery_id\":\"21631\"},{\"status\":\"active\",\"src\":\"https:\\\/\\\/regese.ch\\\/fussball\\\/wp-content\\\/uploads\\\/2025\\\/09\\\/FCK05-Vevey_13-09-25-6-scaled.jpg\",\"title\":\"FCK05 - Vevey_13-09-25-6\",\"link\":\"https:\\\/\\\/regese.ch\\\/fussball\\\/wp-content\\\/uploads\\\/2025\\\/09\\\/FCK05-Vevey_13-09-25-6-scaled.jpg\",\"alt\":\"\",\"caption\":false,\"thumb\":\"https:\\\/\\\/regese.ch\\\/fussball\\\/wp-content\\\/uploads\\\/2025\\\/09\\\/FCK05-Vevey_13-09-25-6-scaled-75x50_c.jpg\",\"meta\":{\"aperture\":null,\"credit\":null,\"camera\":null,\"caption\":\"\",\"created_timestamp\":null,\"copyright\":null,\"focal_length\":null,\"iso\":null,\"shutter_speed\":null,\"title\":\"\",\"orientation\":null,\"keywords\":null,\"resized_images\":null},\"thumbnail\":\"https:\\\/\\\/regese.ch\\\/fussball\\\/wp-content\\\/uploads\\\/2025\\\/09\\\/FCK05-Vevey_13-09-25-6-150x100.jpg\",\"medium\":\"https:\\\/\\\/regese.ch\\\/fussball\\\/wp-content\\\/uploads\\\/2025\\\/09\\\/FCK05-Vevey_13-09-25-6-300x200.jpg\",\"medium_large\":\"https:\\\/\\\/regese.ch\\\/fussball\\\/wp-content\\\/uploads\\\/2025\\\/09\\\/FCK05-Vevey_13-09-25-6-768x512.jpg\",\"large\":\"https:\\\/\\\/regese.ch\\\/fussball\\\/wp-content\\\/uploads\\\/2025\\\/09\\\/FCK05-Vevey_13-09-25-6-2000x1333.jpg\",\"1536x1536\":\"https:\\\/\\\/regese.ch\\\/fussball\\\/wp-content\\\/uploads\\\/2025\\\/09\\\/FCK05-Vevey_13-09-25-6-1536x1024.jpg\",\"2048x2048\":\"https:\\\/\\\/regese.ch\\\/fussball\\\/wp-content\\\/uploads\\\/2025\\\/09\\\/FCK05-Vevey_13-09-25-6-2048x1365.jpg\",\"sportspress-crop-medium\":\"https:\\\/\\\/regese.ch\\\/fussball\\\/wp-content\\\/uploads\\\/2025\\\/09\\\/FCK05-Vevey_13-09-25-6-300x300.jpg\",\"sportspress-fit-medium\":\"https:\\\/\\\/regese.ch\\\/fussball\\\/wp-content\\\/uploads\\\/2025\\\/09\\\/FCK05-Vevey_13-09-25-6-300x200.jpg\",\"sportspress-fit-icon\":\"https:\\\/\\\/regese.ch\\\/fussball\\\/wp-content\\\/uploads\\\/2025\\\/09\\\/FCK05-Vevey_13-09-25-6-128x85.jpg\",\"sportspress-fit-mini\":\"https:\\\/\\\/regese.ch\\\/fussball\\\/wp-content\\\/uploads\\\/2025\\\/09\\\/FCK05-Vevey_13-09-25-6-32x21.jpg\",\"full\":\"https:\\\/\\\/regese.ch\\\/fussball\\\/wp-content\\\/uploads\\\/2025\\\/09\\\/FCK05-Vevey_13-09-25-6-scaled.jpg\",\"index\":5,\"id\":21639,\"video\":false,\"opts\":{\"caption\":\"\",\"thumb\":\"https:\\\/\\\/regese.ch\\\/fussball\\\/wp-content\\\/uploads\\\/2025\\\/09\\\/FCK05-Vevey_13-09-25-6-scaled-75x50_c.jpg\",\"title\":\"FCK05 - Vevey_13-09-25-6\"},\"gallery_id\":\"21631\"},{\"status\":\"active\",\"src\":\"https:\\\/\\\/regese.ch\\\/fussball\\\/wp-content\\\/uploads\\\/2025\\\/09\\\/FCK05-Vevey_13-09-25-7-scaled.jpg\",\"title\":\"FCK05 - Vevey_13-09-25-7\",\"link\":\"https:\\\/\\\/regese.ch\\\/fussball\\\/wp-content\\\/uploads\\\/2025\\\/09\\\/FCK05-Vevey_13-09-25-7-scaled.jpg\",\"alt\":\"\",\"caption\":false,\"thumb\":\"https:\\\/\\\/regese.ch\\\/fussball\\\/wp-content\\\/uploads\\\/2025\\\/09\\\/FCK05-Vevey_13-09-25-7-scaled-75x50_c.jpg\",\"meta\":{\"aperture\":null,\"credit\":null,\"camera\":null,\"caption\":\"\",\"created_timestamp\":null,\"copyright\":null,\"focal_length\":null,\"iso\":null,\"shutter_speed\":null,\"title\":\"\",\"orientation\":null,\"keywords\":null,\"resized_images\":null},\"thumbnail\":\"https:\\\/\\\/regese.ch\\\/fussball\\\/wp-content\\\/uploads\\\/2025\\\/09\\\/FCK05-Vevey_13-09-25-7-150x100.jpg\",\"medium\":\"https:\\\/\\\/regese.ch\\\/fussball\\\/wp-content\\\/uploads\\\/2025\\\/09\\\/FCK05-Vevey_13-09-25-7-300x200.jpg\",\"medium_large\":\"https:\\\/\\\/regese.ch\\\/fussball\\\/wp-content\\\/uploads\\\/2025\\\/09\\\/FCK05-Vevey_13-09-25-7-768x512.jpg\",\"large\":\"https:\\\/\\\/regese.ch\\\/fussball\\\/wp-content\\\/uploads\\\/2025\\\/09\\\/FCK05-Vevey_13-09-25-7-2000x1333.jpg\",\"1536x1536\":\"https:\\\/\\\/regese.ch\\\/fussball\\\/wp-content\\\/uploads\\\/2025\\\/09\\\/FCK05-Vevey_13-09-25-7-1536x1024.jpg\",\"2048x2048\":\"https:\\\/\\\/regese.ch\\\/fussball\\\/wp-content\\\/uploads\\\/2025\\\/09\\\/FCK05-Vevey_13-09-25-7-2048x1365.jpg\",\"sportspress-crop-medium\":\"https:\\\/\\\/regese.ch\\\/fussball\\\/wp-content\\\/uploads\\\/2025\\\/09\\\/FCK05-Vevey_13-09-25-7-300x300.jpg\",\"sportspress-fit-medium\":\"https:\\\/\\\/regese.ch\\\/fussball\\\/wp-content\\\/uploads\\\/2025\\\/09\\\/FCK05-Vevey_13-09-25-7-300x200.jpg\",\"sportspress-fit-icon\":\"https:\\\/\\\/regese.ch\\\/fussball\\\/wp-content\\\/uploads\\\/2025\\\/09\\\/FCK05-Vevey_13-09-25-7-128x85.jpg\",\"sportspress-fit-mini\":\"https:\\\/\\\/regese.ch\\\/fussball\\\/wp-content\\\/uploads\\\/2025\\\/09\\\/FCK05-Vevey_13-09-25-7-32x21.jpg\",\"full\":\"https:\\\/\\\/regese.ch\\\/fussball\\\/wp-content\\\/uploads\\\/2025\\\/09\\\/FCK05-Vevey_13-09-25-7-scaled.jpg\",\"index\":6,\"id\":21640,\"video\":false,\"opts\":{\"caption\":\"\",\"thumb\":\"https:\\\/\\\/regese.ch\\\/fussball\\\/wp-content\\\/uploads\\\/2025\\\/09\\\/FCK05-Vevey_13-09-25-7-scaled-75x50_c.jpg\",\"title\":\"FCK05 - Vevey_13-09-25-7\"},\"gallery_id\":\"21631\"},{\"status\":\"active\",\"src\":\"https:\\\/\\\/regese.ch\\\/fussball\\\/wp-content\\\/uploads\\\/2025\\\/09\\\/FCK05-Vevey_13-09-25-8-scaled.jpg\",\"title\":\"FCK05 - Vevey_13-09-25-8\",\"link\":\"https:\\\/\\\/regese.ch\\\/fussball\\\/wp-content\\\/uploads\\\/2025\\\/09\\\/FCK05-Vevey_13-09-25-8-scaled.jpg\",\"alt\":\"\",\"caption\":false,\"thumb\":\"https:\\\/\\\/regese.ch\\\/fussball\\\/wp-content\\\/uploads\\\/2025\\\/09\\\/FCK05-Vevey_13-09-25-8-scaled-75x50_c.jpg\",\"meta\":{\"aperture\":null,\"credit\":null,\"camera\":null,\"caption\":\"\",\"created_timestamp\":null,\"copyright\":null,\"focal_length\":null,\"iso\":null,\"shutter_speed\":null,\"title\":\"\",\"orientation\":null,\"keywords\":null,\"resized_images\":null},\"thumbnail\":\"https:\\\/\\\/regese.ch\\\/fussball\\\/wp-content\\\/uploads\\\/2025\\\/09\\\/FCK05-Vevey_13-09-25-8-150x100.jpg\",\"medium\":\"https:\\\/\\\/regese.ch\\\/fussball\\\/wp-content\\\/uploads\\\/2025\\\/09\\\/FCK05-Vevey_13-09-25-8-300x200.jpg\",\"medium_large\":\"https:\\\/\\\/regese.ch\\\/fussball\\\/wp-content\\\/uploads\\\/2025\\\/09\\\/FCK05-Vevey_13-09-25-8-768x512.jpg\",\"large\":\"https:\\\/\\\/regese.ch\\\/fussball\\\/wp-content\\\/uploads\\\/2025\\\/09\\\/FCK05-Vevey_13-09-25-8-2000x1333.jpg\",\"1536x1536\":\"https:\\\/\\\/regese.ch\\\/fussball\\\/wp-content\\\/uploads\\\/2025\\\/09\\\/FCK05-Vevey_13-09-25-8-1536x1024.jpg\",\"2048x2048\":\"https:\\\/\\\/regese.ch\\\/fussball\\\/wp-content\\\/uploads\\\/2025\\\/09\\\/FCK05-Vevey_13-09-25-8-2048x1365.jpg\",\"sportspress-crop-medium\":\"https:\\\/\\\/regese.ch\\\/fussball\\\/wp-content\\\/uploads\\\/2025\\\/09\\\/FCK05-Vevey_13-09-25-8-300x300.jpg\",\"sportspress-fit-medium\":\"https:\\\/\\\/regese.ch\\\/fussball\\\/wp-content\\\/uploads\\\/2025\\\/09\\\/FCK05-Vevey_13-09-25-8-300x200.jpg\",\"sportspress-fit-icon\":\"https:\\\/\\\/regese.ch\\\/fussball\\\/wp-content\\\/uploads\\\/2025\\\/09\\\/FCK05-Vevey_13-09-25-8-128x85.jpg\",\"sportspress-fit-mini\":\"https:\\\/\\\/regese.ch\\\/fussball\\\/wp-content\\\/uploads\\\/2025\\\/09\\\/FCK05-Vevey_13-09-25-8-32x21.jpg\",\"full\":\"https:\\\/\\\/regese.ch\\\/fussball\\\/wp-content\\\/uploads\\\/2025\\\/09\\\/FCK05-Vevey_13-09-25-8-scaled.jpg\",\"index\":7,\"id\":21641,\"video\":false,\"opts\":{\"caption\":\"\",\"thumb\":\"https:\\\/\\\/regese.ch\\\/fussball\\\/wp-content\\\/uploads\\\/2025\\\/09\\\/FCK05-Vevey_13-09-25-8-scaled-75x50_c.jpg\",\"title\":\"FCK05 - Vevey_13-09-25-8\"},\"gallery_id\":\"21631\"},{\"status\":\"active\",\"src\":\"https:\\\/\\\/regese.ch\\\/fussball\\\/wp-content\\\/uploads\\\/2025\\\/09\\\/FCK05-Vevey_13-09-25-9-scaled.jpg\",\"title\":\"FCK05 - Vevey_13-09-25-9\",\"link\":\"https:\\\/\\\/regese.ch\\\/fussball\\\/wp-content\\\/uploads\\\/2025\\\/09\\\/FCK05-Vevey_13-09-25-9-scaled.jpg\",\"alt\":\"\",\"caption\":false,\"thumb\":\"https:\\\/\\\/regese.ch\\\/fussball\\\/wp-content\\\/uploads\\\/2025\\\/09\\\/FCK05-Vevey_13-09-25-9-scaled-75x50_c.jpg\",\"meta\":{\"aperture\":null,\"credit\":null,\"camera\":null,\"caption\":\"\",\"created_timestamp\":null,\"copyright\":null,\"focal_length\":null,\"iso\":null,\"shutter_speed\":null,\"title\":\"\",\"orientation\":null,\"keywords\":null,\"resized_images\":null},\"thumbnail\":\"https:\\\/\\\/regese.ch\\\/fussball\\\/wp-content\\\/uploads\\\/2025\\\/09\\\/FCK05-Vevey_13-09-25-9-150x100.jpg\",\"medium\":\"https:\\\/\\\/regese.ch\\\/fussball\\\/wp-content\\\/uploads\\\/2025\\\/09\\\/FCK05-Vevey_13-09-25-9-300x200.jpg\",\"medium_large\":\"https:\\\/\\\/regese.ch\\\/fussball\\\/wp-content\\\/uploads\\\/2025\\\/09\\\/FCK05-Vevey_13-09-25-9-768x512.jpg\",\"large\":\"https:\\\/\\\/regese.ch\\\/fussball\\\/wp-content\\\/uploads\\\/2025\\\/09\\\/FCK05-Vevey_13-09-25-9-2000x1334.jpg\",\"1536x1536\":\"https:\\\/\\\/regese.ch\\\/fussball\\\/wp-content\\\/uploads\\\/2025\\\/09\\\/FCK05-Vevey_13-09-25-9-1536x1024.jpg\",\"2048x2048\":\"https:\\\/\\\/regese.ch\\\/fussball\\\/wp-content\\\/uploads\\\/2025\\\/09\\\/FCK05-Vevey_13-09-25-9-2048x1366.jpg\",\"sportspress-crop-medium\":\"https:\\\/\\\/regese.ch\\\/fussball\\\/wp-content\\\/uploads\\\/2025\\\/09\\\/FCK05-Vevey_13-09-25-9-300x300.jpg\",\"sportspress-fit-medium\":\"https:\\\/\\\/regese.ch\\\/fussball\\\/wp-content\\\/uploads\\\/2025\\\/09\\\/FCK05-Vevey_13-09-25-9-300x200.jpg\",\"sportspress-fit-icon\":\"https:\\\/\\\/regese.ch\\\/fussball\\\/wp-content\\\/uploads\\\/2025\\\/09\\\/FCK05-Vevey_13-09-25-9-128x85.jpg\",\"sportspress-fit-mini\":\"https:\\\/\\\/regese.ch\\\/fussball\\\/wp-content\\\/uploads\\\/2025\\\/09\\\/FCK05-Vevey_13-09-25-9-32x21.jpg\",\"full\":\"https:\\\/\\\/regese.ch\\\/fussball\\\/wp-content\\\/uploads\\\/2025\\\/09\\\/FCK05-Vevey_13-09-25-9-scaled.jpg\",\"index\":8,\"id\":21642,\"video\":false,\"opts\":{\"caption\":\"\",\"thumb\":\"https:\\\/\\\/regese.ch\\\/fussball\\\/wp-content\\\/uploads\\\/2025\\\/09\\\/FCK05-Vevey_13-09-25-9-scaled-75x50_c.jpg\",\"title\":\"FCK05 - Vevey_13-09-25-9\"},\"gallery_id\":\"21631\"},{\"status\":\"active\",\"src\":\"https:\\\/\\\/regese.ch\\\/fussball\\\/wp-content\\\/uploads\\\/2025\\\/09\\\/FCK05-Vevey_13-09-25-10-scaled.jpg\",\"title\":\"FCK05 - Vevey_13-09-25-10\",\"link\":\"https:\\\/\\\/regese.ch\\\/fussball\\\/wp-content\\\/uploads\\\/2025\\\/09\\\/FCK05-Vevey_13-09-25-10-scaled.jpg\",\"alt\":\"\",\"caption\":false,\"thumb\":\"https:\\\/\\\/regese.ch\\\/fussball\\\/wp-content\\\/uploads\\\/2025\\\/09\\\/FCK05-Vevey_13-09-25-10-scaled-75x50_c.jpg\",\"meta\":{\"aperture\":null,\"credit\":null,\"camera\":null,\"caption\":\"\",\"created_timestamp\":null,\"copyright\":null,\"focal_length\":null,\"iso\":null,\"shutter_speed\":null,\"title\":\"\",\"orientation\":null,\"keywords\":null,\"resized_images\":null},\"thumbnail\":\"https:\\\/\\\/regese.ch\\\/fussball\\\/wp-content\\\/uploads\\\/2025\\\/09\\\/FCK05-Vevey_13-09-25-10-150x100.jpg\",\"medium\":\"https:\\\/\\\/regese.ch\\\/fussball\\\/wp-content\\\/uploads\\\/2025\\\/09\\\/FCK05-Vevey_13-09-25-10-300x200.jpg\",\"medium_large\":\"https:\\\/\\\/regese.ch\\\/fussball\\\/wp-content\\\/uploads\\\/2025\\\/09\\\/FCK05-Vevey_13-09-25-10-768x512.jpg\",\"large\":\"https:\\\/\\\/regese.ch\\\/fussball\\\/wp-content\\\/uploads\\\/2025\\\/09\\\/FCK05-Vevey_13-09-25-10-2000x1333.jpg\",\"1536x1536\":\"https:\\\/\\\/regese.ch\\\/fussball\\\/wp-content\\\/uploads\\\/2025\\\/09\\\/FCK05-Vevey_13-09-25-10-1536x1024.jpg\",\"2048x2048\":\"https:\\\/\\\/regese.ch\\\/fussball\\\/wp-content\\\/uploads\\\/2025\\\/09\\\/FCK05-Vevey_13-09-25-10-2048x1365.jpg\",\"sportspress-crop-medium\":\"https:\\\/\\\/regese.ch\\\/fussball\\\/wp-content\\\/uploads\\\/2025\\\/09\\\/FCK05-Vevey_13-09-25-10-300x300.jpg\",\"sportspress-fit-medium\":\"https:\\\/\\\/regese.ch\\\/fussball\\\/wp-content\\\/uploads\\\/2025\\\/09\\\/FCK05-Vevey_13-09-25-10-300x200.jpg\",\"sportspress-fit-icon\":\"https:\\\/\\\/regese.ch\\\/fussball\\\/wp-content\\\/uploads\\\/2025\\\/09\\\/FCK05-Vevey_13-09-25-10-128x85.jpg\",\"sportspress-fit-mini\":\"https:\\\/\\\/regese.ch\\\/fussball\\\/wp-content\\\/uploads\\\/2025\\\/09\\\/FCK05-Vevey_13-09-25-10-32x21.jpg\",\"full\":\"https:\\\/\\\/regese.ch\\\/fussball\\\/wp-content\\\/uploads\\\/2025\\\/09\\\/FCK05-Vevey_13-09-25-10-scaled.jpg\",\"index\":9,\"id\":21643,\"video\":false,\"opts\":{\"caption\":\"\",\"thumb\":\"https:\\\/\\\/regese.ch\\\/fussball\\\/wp-content\\\/uploads\\\/2025\\\/09\\\/FCK05-Vevey_13-09-25-10-scaled-75x50_c.jpg\",\"title\":\"FCK05 - Vevey_13-09-25-10\"},\"gallery_id\":\"21631\"},{\"status\":\"active\",\"src\":\"https:\\\/\\\/regese.ch\\\/fussball\\\/wp-content\\\/uploads\\\/2025\\\/09\\\/FCK05-Vevey_13-09-25-11-scaled.jpg\",\"title\":\"FCK05 - Vevey_13-09-25-11\",\"link\":\"https:\\\/\\\/regese.ch\\\/fussball\\\/wp-content\\\/uploads\\\/2025\\\/09\\\/FCK05-Vevey_13-09-25-11-scaled.jpg\",\"alt\":\"\",\"caption\":false,\"thumb\":\"https:\\\/\\\/regese.ch\\\/fussball\\\/wp-content\\\/uploads\\\/2025\\\/09\\\/FCK05-Vevey_13-09-25-11-scaled-75x50_c.jpg\",\"meta\":{\"aperture\":null,\"credit\":null,\"camera\":null,\"caption\":\"\",\"created_timestamp\":null,\"copyright\":null,\"focal_length\":null,\"iso\":null,\"shutter_speed\":null,\"title\":\"\",\"orientation\":null,\"keywords\":null,\"resized_images\":null},\"thumbnail\":\"https:\\\/\\\/regese.ch\\\/fussball\\\/wp-content\\\/uploads\\\/2025\\\/09\\\/FCK05-Vevey_13-09-25-11-150x100.jpg\",\"medium\":\"https:\\\/\\\/regese.ch\\\/fussball\\\/wp-content\\\/uploads\\\/2025\\\/09\\\/FCK05-Vevey_13-09-25-11-300x200.jpg\",\"medium_large\":\"https:\\\/\\\/regese.ch\\\/fussball\\\/wp-content\\\/uploads\\\/2025\\\/09\\\/FCK05-Vevey_13-09-25-11-768x512.jpg\",\"large\":\"https:\\\/\\\/regese.ch\\\/fussball\\\/wp-content\\\/uploads\\\/2025\\\/09\\\/FCK05-Vevey_13-09-25-11-2000x1334.jpg\",\"1536x1536\":\"https:\\\/\\\/regese.ch\\\/fussball\\\/wp-content\\\/uploads\\\/2025\\\/09\\\/FCK05-Vevey_13-09-25-11-1536x1024.jpg\",\"2048x2048\":\"https:\\\/\\\/regese.ch\\\/fussball\\\/wp-content\\\/uploads\\\/2025\\\/09\\\/FCK05-Vevey_13-09-25-11-2048x1366.jpg\",\"sportspress-crop-medium\":\"https:\\\/\\\/regese.ch\\\/fussball\\\/wp-content\\\/uploads\\\/2025\\\/09\\\/FCK05-Vevey_13-09-25-11-300x300.jpg\",\"sportspress-fit-medium\":\"https:\\\/\\\/regese.ch\\\/fussball\\\/wp-content\\\/uploads\\\/2025\\\/09\\\/FCK05-Vevey_13-09-25-11-300x200.jpg\",\"sportspress-fit-icon\":\"https:\\\/\\\/regese.ch\\\/fussball\\\/wp-content\\\/uploads\\\/2025\\\/09\\\/FCK05-Vevey_13-09-25-11-128x85.jpg\",\"sportspress-fit-mini\":\"https:\\\/\\\/regese.ch\\\/fussball\\\/wp-content\\\/uploads\\\/2025\\\/09\\\/FCK05-Vevey_13-09-25-11-32x21.jpg\",\"full\":\"https:\\\/\\\/regese.ch\\\/fussball\\\/wp-content\\\/uploads\\\/2025\\\/09\\\/FCK05-Vevey_13-09-25-11-scaled.jpg\",\"index\":10,\"id\":21644,\"video\":false,\"opts\":{\"caption\":\"\",\"thumb\":\"https:\\\/\\\/regese.ch\\\/fussball\\\/wp-content\\\/uploads\\\/2025\\\/09\\\/FCK05-Vevey_13-09-25-11-scaled-75x50_c.jpg\",\"title\":\"FCK05 - Vevey_13-09-25-11\"},\"gallery_id\":\"21631\"},{\"status\":\"active\",\"src\":\"https:\\\/\\\/regese.ch\\\/fussball\\\/wp-content\\\/uploads\\\/2025\\\/09\\\/FCK05-Vevey_13-09-25-12-scaled.jpg\",\"title\":\"FCK05 - Vevey_13-09-25-12\",\"link\":\"https:\\\/\\\/regese.ch\\\/fussball\\\/wp-content\\\/uploads\\\/2025\\\/09\\\/FCK05-Vevey_13-09-25-12-scaled.jpg\",\"alt\":\"\",\"caption\":false,\"thumb\":\"https:\\\/\\\/regese.ch\\\/fussball\\\/wp-content\\\/uploads\\\/2025\\\/09\\\/FCK05-Vevey_13-09-25-12-scaled-75x50_c.jpg\",\"meta\":{\"aperture\":null,\"credit\":null,\"camera\":null,\"caption\":\"\",\"created_timestamp\":null,\"copyright\":null,\"focal_length\":null,\"iso\":null,\"shutter_speed\":null,\"title\":\"\",\"orientation\":null,\"keywords\":null,\"resized_images\":null},\"thumbnail\":\"https:\\\/\\\/regese.ch\\\/fussball\\\/wp-content\\\/uploads\\\/2025\\\/09\\\/FCK05-Vevey_13-09-25-12-150x100.jpg\",\"medium\":\"https:\\\/\\\/regese.ch\\\/fussball\\\/wp-content\\\/uploads\\\/2025\\\/09\\\/FCK05-Vevey_13-09-25-12-300x200.jpg\",\"medium_large\":\"https:\\\/\\\/regese.ch\\\/fussball\\\/wp-content\\\/uploads\\\/2025\\\/09\\\/FCK05-Vevey_13-09-25-12-768x512.jpg\",\"large\":\"https:\\\/\\\/regese.ch\\\/fussball\\\/wp-content\\\/uploads\\\/2025\\\/09\\\/FCK05-Vevey_13-09-25-12-2000x1333.jpg\",\"1536x1536\":\"https:\\\/\\\/regese.ch\\\/fussball\\\/wp-content\\\/uploads\\\/2025\\\/09\\\/FCK05-Vevey_13-09-25-12-1536x1024.jpg\",\"2048x2048\":\"https:\\\/\\\/regese.ch\\\/fussball\\\/wp-content\\\/uploads\\\/2025\\\/09\\\/FCK05-Vevey_13-09-25-12-2048x1365.jpg\",\"sportspress-crop-medium\":\"https:\\\/\\\/regese.ch\\\/fussball\\\/wp-content\\\/uploads\\\/2025\\\/09\\\/FCK05-Vevey_13-09-25-12-300x300.jpg\",\"sportspress-fit-medium\":\"https:\\\/\\\/regese.ch\\\/fussball\\\/wp-content\\\/uploads\\\/2025\\\/09\\\/FCK05-Vevey_13-09-25-12-300x200.jpg\",\"sportspress-fit-icon\":\"https:\\\/\\\/regese.ch\\\/fussball\\\/wp-content\\\/uploads\\\/2025\\\/09\\\/FCK05-Vevey_13-09-25-12-128x85.jpg\",\"sportspress-fit-mini\":\"https:\\\/\\\/regese.ch\\\/fussball\\\/wp-content\\\/uploads\\\/2025\\\/09\\\/FCK05-Vevey_13-09-25-12-32x21.jpg\",\"full\":\"https:\\\/\\\/regese.ch\\\/fussball\\\/wp-content\\\/uploads\\\/2025\\\/09\\\/FCK05-Vevey_13-09-25-12-scaled.jpg\",\"index\":11,\"id\":21645,\"video\":false,\"opts\":{\"caption\":\"\",\"thumb\":\"https:\\\/\\\/regese.ch\\\/fussball\\\/wp-content\\\/uploads\\\/2025\\\/09\\\/FCK05-Vevey_13-09-25-12-scaled-75x50_c.jpg\",\"title\":\"FCK05 - Vevey_13-09-25-12\"},\"gallery_id\":\"21631\"},{\"status\":\"active\",\"src\":\"https:\\\/\\\/regese.ch\\\/fussball\\\/wp-content\\\/uploads\\\/2025\\\/09\\\/FCK05-Vevey_13-09-25-13-scaled.jpg\",\"title\":\"FCK05 - Vevey_13-09-25-13\",\"link\":\"https:\\\/\\\/regese.ch\\\/fussball\\\/wp-content\\\/uploads\\\/2025\\\/09\\\/FCK05-Vevey_13-09-25-13-scaled.jpg\",\"alt\":\"\",\"caption\":false,\"thumb\":\"https:\\\/\\\/regese.ch\\\/fussball\\\/wp-content\\\/uploads\\\/2025\\\/09\\\/FCK05-Vevey_13-09-25-13-scaled-75x50_c.jpg\",\"meta\":{\"aperture\":null,\"credit\":null,\"camera\":null,\"caption\":\"\",\"created_timestamp\":null,\"copyright\":null,\"focal_length\":null,\"iso\":null,\"shutter_speed\":null,\"title\":\"\",\"orientation\":null,\"keywords\":null,\"resized_images\":null},\"thumbnail\":\"https:\\\/\\\/regese.ch\\\/fussball\\\/wp-content\\\/uploads\\\/2025\\\/09\\\/FCK05-Vevey_13-09-25-13-150x100.jpg\",\"medium\":\"https:\\\/\\\/regese.ch\\\/fussball\\\/wp-content\\\/uploads\\\/2025\\\/09\\\/FCK05-Vevey_13-09-25-13-300x200.jpg\",\"medium_large\":\"https:\\\/\\\/regese.ch\\\/fussball\\\/wp-content\\\/uploads\\\/2025\\\/09\\\/FCK05-Vevey_13-09-25-13-768x512.jpg\",\"large\":\"https:\\\/\\\/regese.ch\\\/fussball\\\/wp-content\\\/uploads\\\/2025\\\/09\\\/FCK05-Vevey_13-09-25-13-2000x1333.jpg\",\"1536x1536\":\"https:\\\/\\\/regese.ch\\\/fussball\\\/wp-content\\\/uploads\\\/2025\\\/09\\\/FCK05-Vevey_13-09-25-13-1536x1024.jpg\",\"2048x2048\":\"https:\\\/\\\/regese.ch\\\/fussball\\\/wp-content\\\/uploads\\\/2025\\\/09\\\/FCK05-Vevey_13-09-25-13-2048x1365.jpg\",\"sportspress-crop-medium\":\"https:\\\/\\\/regese.ch\\\/fussball\\\/wp-content\\\/uploads\\\/2025\\\/09\\\/FCK05-Vevey_13-09-25-13-300x300.jpg\",\"sportspress-fit-medium\":\"https:\\\/\\\/regese.ch\\\/fussball\\\/wp-content\\\/uploads\\\/2025\\\/09\\\/FCK05-Vevey_13-09-25-13-300x200.jpg\",\"sportspress-fit-icon\":\"https:\\\/\\\/regese.ch\\\/fussball\\\/wp-content\\\/uploads\\\/2025\\\/09\\\/FCK05-Vevey_13-09-25-13-128x85.jpg\",\"sportspress-fit-mini\":\"https:\\\/\\\/regese.ch\\\/fussball\\\/wp-content\\\/uploads\\\/2025\\\/09\\\/FCK05-Vevey_13-09-25-13-32x21.jpg\",\"full\":\"https:\\\/\\\/regese.ch\\\/fussball\\\/wp-content\\\/uploads\\\/2025\\\/09\\\/FCK05-Vevey_13-09-25-13-scaled.jpg\",\"index\":12,\"id\":21646,\"video\":false,\"opts\":{\"caption\":\"\",\"thumb\":\"https:\\\/\\\/regese.ch\\\/fussball\\\/wp-content\\\/uploads\\\/2025\\\/09\\\/FCK05-Vevey_13-09-25-13-scaled-75x50_c.jpg\",\"title\":\"FCK05 - Vevey_13-09-25-13\"},\"gallery_id\":\"21631\"},{\"status\":\"active\",\"src\":\"https:\\\/\\\/regese.ch\\\/fussball\\\/wp-content\\\/uploads\\\/2025\\\/09\\\/FCK05-Vevey_13-09-25-14-scaled.jpg\",\"title\":\"FCK05 - Vevey_13-09-25-14\",\"link\":\"https:\\\/\\\/regese.ch\\\/fussball\\\/wp-content\\\/uploads\\\/2025\\\/09\\\/FCK05-Vevey_13-09-25-14-scaled.jpg\",\"alt\":\"\",\"caption\":false,\"thumb\":\"https:\\\/\\\/regese.ch\\\/fussball\\\/wp-content\\\/uploads\\\/2025\\\/09\\\/FCK05-Vevey_13-09-25-14-scaled-75x50_c.jpg\",\"meta\":{\"aperture\":null,\"credit\":null,\"camera\":null,\"caption\":\"\",\"created_timestamp\":null,\"copyright\":null,\"focal_length\":null,\"iso\":null,\"shutter_speed\":null,\"title\":\"\",\"orientation\":null,\"keywords\":null,\"resized_images\":null},\"thumbnail\":\"https:\\\/\\\/regese.ch\\\/fussball\\\/wp-content\\\/uploads\\\/2025\\\/09\\\/FCK05-Vevey_13-09-25-14-150x100.jpg\",\"medium\":\"https:\\\/\\\/regese.ch\\\/fussball\\\/wp-content\\\/uploads\\\/2025\\\/09\\\/FCK05-Vevey_13-09-25-14-300x200.jpg\",\"medium_large\":\"https:\\\/\\\/regese.ch\\\/fussball\\\/wp-content\\\/uploads\\\/2025\\\/09\\\/FCK05-Vevey_13-09-25-14-768x512.jpg\",\"large\":\"https:\\\/\\\/regese.ch\\\/fussball\\\/wp-content\\\/uploads\\\/2025\\\/09\\\/FCK05-Vevey_13-09-25-14-2000x1333.jpg\",\"1536x1536\":\"https:\\\/\\\/regese.ch\\\/fussball\\\/wp-content\\\/uploads\\\/2025\\\/09\\\/FCK05-Vevey_13-09-25-14-1536x1024.jpg\",\"2048x2048\":\"https:\\\/\\\/regese.ch\\\/fussball\\\/wp-content\\\/uploads\\\/2025\\\/09\\\/FCK05-Vevey_13-09-25-14-2048x1365.jpg\",\"sportspress-crop-medium\":\"https:\\\/\\\/regese.ch\\\/fussball\\\/wp-content\\\/uploads\\\/2025\\\/09\\\/FCK05-Vevey_13-09-25-14-300x300.jpg\",\"sportspress-fit-medium\":\"https:\\\/\\\/regese.ch\\\/fussball\\\/wp-content\\\/uploads\\\/2025\\\/09\\\/FCK05-Vevey_13-09-25-14-300x200.jpg\",\"sportspress-fit-icon\":\"https:\\\/\\\/regese.ch\\\/fussball\\\/wp-content\\\/uploads\\\/2025\\\/09\\\/FCK05-Vevey_13-09-25-14-128x85.jpg\",\"sportspress-fit-mini\":\"https:\\\/\\\/regese.ch\\\/fussball\\\/wp-content\\\/uploads\\\/2025\\\/09\\\/FCK05-Vevey_13-09-25-14-32x21.jpg\",\"full\":\"https:\\\/\\\/regese.ch\\\/fussball\\\/wp-content\\\/uploads\\\/2025\\\/09\\\/FCK05-Vevey_13-09-25-14-scaled.jpg\",\"index\":13,\"id\":21647,\"video\":false,\"opts\":{\"caption\":\"\",\"thumb\":\"https:\\\/\\\/regese.ch\\\/fussball\\\/wp-content\\\/uploads\\\/2025\\\/09\\\/FCK05-Vevey_13-09-25-14-scaled-75x50_c.jpg\",\"title\":\"FCK05 - Vevey_13-09-25-14\"},\"gallery_id\":\"21631\"},{\"status\":\"active\",\"src\":\"https:\\\/\\\/regese.ch\\\/fussball\\\/wp-content\\\/uploads\\\/2025\\\/09\\\/FCK05-Vevey_13-09-25-15-scaled.jpg\",\"title\":\"FCK05 - Vevey_13-09-25-15\",\"link\":\"https:\\\/\\\/regese.ch\\\/fussball\\\/wp-content\\\/uploads\\\/2025\\\/09\\\/FCK05-Vevey_13-09-25-15-scaled.jpg\",\"alt\":\"\",\"caption\":false,\"thumb\":\"https:\\\/\\\/regese.ch\\\/fussball\\\/wp-content\\\/uploads\\\/2025\\\/09\\\/FCK05-Vevey_13-09-25-15-scaled-75x50_c.jpg\",\"meta\":{\"aperture\":null,\"credit\":null,\"camera\":null,\"caption\":\"\",\"created_timestamp\":null,\"copyright\":null,\"focal_length\":null,\"iso\":null,\"shutter_speed\":null,\"title\":\"\",\"orientation\":null,\"keywords\":null,\"resized_images\":null},\"thumbnail\":\"https:\\\/\\\/regese.ch\\\/fussball\\\/wp-content\\\/uploads\\\/2025\\\/09\\\/FCK05-Vevey_13-09-25-15-150x100.jpg\",\"medium\":\"https:\\\/\\\/regese.ch\\\/fussball\\\/wp-content\\\/uploads\\\/2025\\\/09\\\/FCK05-Vevey_13-09-25-15-300x200.jpg\",\"medium_large\":\"https:\\\/\\\/regese.ch\\\/fussball\\\/wp-content\\\/uploads\\\/2025\\\/09\\\/FCK05-Vevey_13-09-25-15-768x512.jpg\",\"large\":\"https:\\\/\\\/regese.ch\\\/fussball\\\/wp-content\\\/uploads\\\/2025\\\/09\\\/FCK05-Vevey_13-09-25-15-2000x1333.jpg\",\"1536x1536\":\"https:\\\/\\\/regese.ch\\\/fussball\\\/wp-content\\\/uploads\\\/2025\\\/09\\\/FCK05-Vevey_13-09-25-15-1536x1024.jpg\",\"2048x2048\":\"https:\\\/\\\/regese.ch\\\/fussball\\\/wp-content\\\/uploads\\\/2025\\\/09\\\/FCK05-Vevey_13-09-25-15-2048x1365.jpg\",\"sportspress-crop-medium\":\"https:\\\/\\\/regese.ch\\\/fussball\\\/wp-content\\\/uploads\\\/2025\\\/09\\\/FCK05-Vevey_13-09-25-15-300x300.jpg\",\"sportspress-fit-medium\":\"https:\\\/\\\/regese.ch\\\/fussball\\\/wp-content\\\/uploads\\\/2025\\\/09\\\/FCK05-Vevey_13-09-25-15-300x200.jpg\",\"sportspress-fit-icon\":\"https:\\\/\\\/regese.ch\\\/fussball\\\/wp-content\\\/uploads\\\/2025\\\/09\\\/FCK05-Vevey_13-09-25-15-128x85.jpg\",\"sportspress-fit-mini\":\"https:\\\/\\\/regese.ch\\\/fussball\\\/wp-content\\\/uploads\\\/2025\\\/09\\\/FCK05-Vevey_13-09-25-15-32x21.jpg\",\"full\":\"https:\\\/\\\/regese.ch\\\/fussball\\\/wp-content\\\/uploads\\\/2025\\\/09\\\/FCK05-Vevey_13-09-25-15-scaled.jpg\",\"index\":14,\"id\":21648,\"video\":false,\"opts\":{\"caption\":\"\",\"thumb\":\"https:\\\/\\\/regese.ch\\\/fussball\\\/wp-content\\\/uploads\\\/2025\\\/09\\\/FCK05-Vevey_13-09-25-15-scaled-75x50_c.jpg\",\"title\":\"FCK05 - Vevey_13-09-25-15\"},\"gallery_id\":\"21631\"},{\"status\":\"active\",\"src\":\"https:\\\/\\\/regese.ch\\\/fussball\\\/wp-content\\\/uploads\\\/2025\\\/09\\\/FCK05-Vevey_13-09-25-16-scaled.jpg\",\"title\":\"FCK05 - Vevey_13-09-25-16\",\"link\":\"https:\\\/\\\/regese.ch\\\/fussball\\\/wp-content\\\/uploads\\\/2025\\\/09\\\/FCK05-Vevey_13-09-25-16-scaled.jpg\",\"alt\":\"\",\"caption\":false,\"thumb\":\"https:\\\/\\\/regese.ch\\\/fussball\\\/wp-content\\\/uploads\\\/2025\\\/09\\\/FCK05-Vevey_13-09-25-16-scaled-75x50_c.jpg\",\"meta\":{\"aperture\":null,\"credit\":null,\"camera\":null,\"caption\":\"\",\"created_timestamp\":null,\"copyright\":null,\"focal_length\":null,\"iso\":null,\"shutter_speed\":null,\"title\":\"\",\"orientation\":null,\"keywords\":null,\"resized_images\":null},\"thumbnail\":\"https:\\\/\\\/regese.ch\\\/fussball\\\/wp-content\\\/uploads\\\/2025\\\/09\\\/FCK05-Vevey_13-09-25-16-150x100.jpg\",\"medium\":\"https:\\\/\\\/regese.ch\\\/fussball\\\/wp-content\\\/uploads\\\/2025\\\/09\\\/FCK05-Vevey_13-09-25-16-300x200.jpg\",\"medium_large\":\"https:\\\/\\\/regese.ch\\\/fussball\\\/wp-content\\\/uploads\\\/2025\\\/09\\\/FCK05-Vevey_13-09-25-16-768x512.jpg\",\"large\":\"https:\\\/\\\/regese.ch\\\/fussball\\\/wp-content\\\/uploads\\\/2025\\\/09\\\/FCK05-Vevey_13-09-25-16-2000x1333.jpg\",\"1536x1536\":\"https:\\\/\\\/regese.ch\\\/fussball\\\/wp-content\\\/uploads\\\/2025\\\/09\\\/FCK05-Vevey_13-09-25-16-1536x1024.jpg\",\"2048x2048\":\"https:\\\/\\\/regese.ch\\\/fussball\\\/wp-content\\\/uploads\\\/2025\\\/09\\\/FCK05-Vevey_13-09-25-16-2048x1365.jpg\",\"sportspress-crop-medium\":\"https:\\\/\\\/regese.ch\\\/fussball\\\/wp-content\\\/uploads\\\/2025\\\/09\\\/FCK05-Vevey_13-09-25-16-300x300.jpg\",\"sportspress-fit-medium\":\"https:\\\/\\\/regese.ch\\\/fussball\\\/wp-content\\\/uploads\\\/2025\\\/09\\\/FCK05-Vevey_13-09-25-16-300x200.jpg\",\"sportspress-fit-icon\":\"https:\\\/\\\/regese.ch\\\/fussball\\\/wp-content\\\/uploads\\\/2025\\\/09\\\/FCK05-Vevey_13-09-25-16-128x85.jpg\",\"sportspress-fit-mini\":\"https:\\\/\\\/regese.ch\\\/fussball\\\/wp-content\\\/uploads\\\/2025\\\/09\\\/FCK05-Vevey_13-09-25-16-32x21.jpg\",\"full\":\"https:\\\/\\\/regese.ch\\\/fussball\\\/wp-content\\\/uploads\\\/2025\\\/09\\\/FCK05-Vevey_13-09-25-16-scaled.jpg\",\"index\":15,\"id\":21649,\"video\":false,\"opts\":{\"caption\":\"\",\"thumb\":\"https:\\\/\\\/regese.ch\\\/fussball\\\/wp-content\\\/uploads\\\/2025\\\/09\\\/FCK05-Vevey_13-09-25-16-scaled-75x50_c.jpg\",\"title\":\"FCK05 - Vevey_13-09-25-16\"},\"gallery_id\":\"21631\"},{\"status\":\"active\",\"src\":\"https:\\\/\\\/regese.ch\\\/fussball\\\/wp-content\\\/uploads\\\/2025\\\/09\\\/FCK05-Vevey_13-09-25-17-scaled.jpg\",\"title\":\"FCK05 - Vevey_13-09-25-17\",\"link\":\"https:\\\/\\\/regese.ch\\\/fussball\\\/wp-content\\\/uploads\\\/2025\\\/09\\\/FCK05-Vevey_13-09-25-17-scaled.jpg\",\"alt\":\"\",\"caption\":false,\"thumb\":\"https:\\\/\\\/regese.ch\\\/fussball\\\/wp-content\\\/uploads\\\/2025\\\/09\\\/FCK05-Vevey_13-09-25-17-scaled-75x50_c.jpg\",\"meta\":{\"aperture\":null,\"credit\":null,\"camera\":null,\"caption\":\"\",\"created_timestamp\":null,\"copyright\":null,\"focal_length\":null,\"iso\":null,\"shutter_speed\":null,\"title\":\"\",\"orientation\":null,\"keywords\":null,\"resized_images\":null},\"thumbnail\":\"https:\\\/\\\/regese.ch\\\/fussball\\\/wp-content\\\/uploads\\\/2025\\\/09\\\/FCK05-Vevey_13-09-25-17-150x100.jpg\",\"medium\":\"https:\\\/\\\/regese.ch\\\/fussball\\\/wp-content\\\/uploads\\\/2025\\\/09\\\/FCK05-Vevey_13-09-25-17-300x200.jpg\",\"medium_large\":\"https:\\\/\\\/regese.ch\\\/fussball\\\/wp-content\\\/uploads\\\/2025\\\/09\\\/FCK05-Vevey_13-09-25-17-768x512.jpg\",\"large\":\"https:\\\/\\\/regese.ch\\\/fussball\\\/wp-content\\\/uploads\\\/2025\\\/09\\\/FCK05-Vevey_13-09-25-17-2000x1333.jpg\",\"1536x1536\":\"https:\\\/\\\/regese.ch\\\/fussball\\\/wp-content\\\/uploads\\\/2025\\\/09\\\/FCK05-Vevey_13-09-25-17-1536x1024.jpg\",\"2048x2048\":\"https:\\\/\\\/regese.ch\\\/fussball\\\/wp-content\\\/uploads\\\/2025\\\/09\\\/FCK05-Vevey_13-09-25-17-2048x1365.jpg\",\"sportspress-crop-medium\":\"https:\\\/\\\/regese.ch\\\/fussball\\\/wp-content\\\/uploads\\\/2025\\\/09\\\/FCK05-Vevey_13-09-25-17-300x300.jpg\",\"sportspress-fit-medium\":\"https:\\\/\\\/regese.ch\\\/fussball\\\/wp-content\\\/uploads\\\/2025\\\/09\\\/FCK05-Vevey_13-09-25-17-300x200.jpg\",\"sportspress-fit-icon\":\"https:\\\/\\\/regese.ch\\\/fussball\\\/wp-content\\\/uploads\\\/2025\\\/09\\\/FCK05-Vevey_13-09-25-17-128x85.jpg\",\"sportspress-fit-mini\":\"https:\\\/\\\/regese.ch\\\/fussball\\\/wp-content\\\/uploads\\\/2025\\\/09\\\/FCK05-Vevey_13-09-25-17-32x21.jpg\",\"full\":\"https:\\\/\\\/regese.ch\\\/fussball\\\/wp-content\\\/uploads\\\/2025\\\/09\\\/FCK05-Vevey_13-09-25-17-scaled.jpg\",\"index\":16,\"id\":21650,\"video\":false,\"opts\":{\"caption\":\"\",\"thumb\":\"https:\\\/\\\/regese.ch\\\/fussball\\\/wp-content\\\/uploads\\\/2025\\\/09\\\/FCK05-Vevey_13-09-25-17-scaled-75x50_c.jpg\",\"title\":\"FCK05 - Vevey_13-09-25-17\"},\"gallery_id\":\"21631\"},{\"status\":\"active\",\"src\":\"https:\\\/\\\/regese.ch\\\/fussball\\\/wp-content\\\/uploads\\\/2025\\\/09\\\/FCK05-Vevey_13-09-25-18-scaled.jpg\",\"title\":\"FCK05 - Vevey_13-09-25-18\",\"link\":\"https:\\\/\\\/regese.ch\\\/fussball\\\/wp-content\\\/uploads\\\/2025\\\/09\\\/FCK05-Vevey_13-09-25-18-scaled.jpg\",\"alt\":\"\",\"caption\":false,\"thumb\":\"https:\\\/\\\/regese.ch\\\/fussball\\\/wp-content\\\/uploads\\\/2025\\\/09\\\/FCK05-Vevey_13-09-25-18-scaled-75x50_c.jpg\",\"meta\":{\"aperture\":null,\"credit\":null,\"camera\":null,\"caption\":\"\",\"created_timestamp\":null,\"copyright\":null,\"focal_length\":null,\"iso\":null,\"shutter_speed\":null,\"title\":\"\",\"orientation\":null,\"keywords\":null,\"resized_images\":null},\"thumbnail\":\"https:\\\/\\\/regese.ch\\\/fussball\\\/wp-content\\\/uploads\\\/2025\\\/09\\\/FCK05-Vevey_13-09-25-18-150x100.jpg\",\"medium\":\"https:\\\/\\\/regese.ch\\\/fussball\\\/wp-content\\\/uploads\\\/2025\\\/09\\\/FCK05-Vevey_13-09-25-18-300x200.jpg\",\"medium_large\":\"https:\\\/\\\/regese.ch\\\/fussball\\\/wp-content\\\/uploads\\\/2025\\\/09\\\/FCK05-Vevey_13-09-25-18-768x512.jpg\",\"large\":\"https:\\\/\\\/regese.ch\\\/fussball\\\/wp-content\\\/uploads\\\/2025\\\/09\\\/FCK05-Vevey_13-09-25-18-2000x1333.jpg\",\"1536x1536\":\"https:\\\/\\\/regese.ch\\\/fussball\\\/wp-content\\\/uploads\\\/2025\\\/09\\\/FCK05-Vevey_13-09-25-18-1536x1024.jpg\",\"2048x2048\":\"https:\\\/\\\/regese.ch\\\/fussball\\\/wp-content\\\/uploads\\\/2025\\\/09\\\/FCK05-Vevey_13-09-25-18-2048x1365.jpg\",\"sportspress-crop-medium\":\"https:\\\/\\\/regese.ch\\\/fussball\\\/wp-content\\\/uploads\\\/2025\\\/09\\\/FCK05-Vevey_13-09-25-18-300x300.jpg\",\"sportspress-fit-medium\":\"https:\\\/\\\/regese.ch\\\/fussball\\\/wp-content\\\/uploads\\\/2025\\\/09\\\/FCK05-Vevey_13-09-25-18-300x200.jpg\",\"sportspress-fit-icon\":\"https:\\\/\\\/regese.ch\\\/fussball\\\/wp-content\\\/uploads\\\/2025\\\/09\\\/FCK05-Vevey_13-09-25-18-128x85.jpg\",\"sportspress-fit-mini\":\"https:\\\/\\\/regese.ch\\\/fussball\\\/wp-content\\\/uploads\\\/2025\\\/09\\\/FCK05-Vevey_13-09-25-18-32x21.jpg\",\"full\":\"https:\\\/\\\/regese.ch\\\/fussball\\\/wp-content\\\/uploads\\\/2025\\\/09\\\/FCK05-Vevey_13-09-25-18-scaled.jpg\",\"index\":17,\"id\":21651,\"video\":false,\"opts\":{\"caption\":\"\",\"thumb\":\"https:\\\/\\\/regese.ch\\\/fussball\\\/wp-content\\\/uploads\\\/2025\\\/09\\\/FCK05-Vevey_13-09-25-18-scaled-75x50_c.jpg\",\"title\":\"FCK05 - Vevey_13-09-25-18\"},\"gallery_id\":\"21631\"},{\"status\":\"active\",\"src\":\"https:\\\/\\\/regese.ch\\\/fussball\\\/wp-content\\\/uploads\\\/2025\\\/09\\\/FCK05-Vevey_13-09-25-19-scaled.jpg\",\"title\":\"FCK05 - Vevey_13-09-25-19\",\"link\":\"https:\\\/\\\/regese.ch\\\/fussball\\\/wp-content\\\/uploads\\\/2025\\\/09\\\/FCK05-Vevey_13-09-25-19-scaled.jpg\",\"alt\":\"\",\"caption\":false,\"thumb\":\"https:\\\/\\\/regese.ch\\\/fussball\\\/wp-content\\\/uploads\\\/2025\\\/09\\\/FCK05-Vevey_13-09-25-19-scaled-75x50_c.jpg\",\"meta\":{\"aperture\":null,\"credit\":null,\"camera\":null,\"caption\":\"\",\"created_timestamp\":null,\"copyright\":null,\"focal_length\":null,\"iso\":null,\"shutter_speed\":null,\"title\":\"\",\"orientation\":null,\"keywords\":null,\"resized_images\":null},\"thumbnail\":\"https:\\\/\\\/regese.ch\\\/fussball\\\/wp-content\\\/uploads\\\/2025\\\/09\\\/FCK05-Vevey_13-09-25-19-150x100.jpg\",\"medium\":\"https:\\\/\\\/regese.ch\\\/fussball\\\/wp-content\\\/uploads\\\/2025\\\/09\\\/FCK05-Vevey_13-09-25-19-300x200.jpg\",\"medium_large\":\"https:\\\/\\\/regese.ch\\\/fussball\\\/wp-content\\\/uploads\\\/2025\\\/09\\\/FCK05-Vevey_13-09-25-19-768x512.jpg\",\"large\":\"https:\\\/\\\/regese.ch\\\/fussball\\\/wp-content\\\/uploads\\\/2025\\\/09\\\/FCK05-Vevey_13-09-25-19-2000x1333.jpg\",\"1536x1536\":\"https:\\\/\\\/regese.ch\\\/fussball\\\/wp-content\\\/uploads\\\/2025\\\/09\\\/FCK05-Vevey_13-09-25-19-1536x1024.jpg\",\"2048x2048\":\"https:\\\/\\\/regese.ch\\\/fussball\\\/wp-content\\\/uploads\\\/2025\\\/09\\\/FCK05-Vevey_13-09-25-19-2048x1365.jpg\",\"sportspress-crop-medium\":\"https:\\\/\\\/regese.ch\\\/fussball\\\/wp-content\\\/uploads\\\/2025\\\/09\\\/FCK05-Vevey_13-09-25-19-300x300.jpg\",\"sportspress-fit-medium\":\"https:\\\/\\\/regese.ch\\\/fussball\\\/wp-content\\\/uploads\\\/2025\\\/09\\\/FCK05-Vevey_13-09-25-19-300x200.jpg\",\"sportspress-fit-icon\":\"https:\\\/\\\/regese.ch\\\/fussball\\\/wp-content\\\/uploads\\\/2025\\\/09\\\/FCK05-Vevey_13-09-25-19-128x85.jpg\",\"sportspress-fit-mini\":\"https:\\\/\\\/regese.ch\\\/fussball\\\/wp-content\\\/uploads\\\/2025\\\/09\\\/FCK05-Vevey_13-09-25-19-32x21.jpg\",\"full\":\"https:\\\/\\\/regese.ch\\\/fussball\\\/wp-content\\\/uploads\\\/2025\\\/09\\\/FCK05-Vevey_13-09-25-19-scaled.jpg\",\"index\":18,\"id\":21652,\"video\":false,\"opts\":{\"caption\":\"\",\"thumb\":\"https:\\\/\\\/regese.ch\\\/fussball\\\/wp-content\\\/uploads\\\/2025\\\/09\\\/FCK05-Vevey_13-09-25-19-scaled-75x50_c.jpg\",\"title\":\"FCK05 - Vevey_13-09-25-19\"},\"gallery_id\":\"21631\"},{\"status\":\"active\",\"src\":\"https:\\\/\\\/regese.ch\\\/fussball\\\/wp-content\\\/uploads\\\/2025\\\/09\\\/FCK05-Vevey_13-09-25-20-scaled.jpg\",\"title\":\"FCK05 - Vevey_13-09-25-20\",\"link\":\"https:\\\/\\\/regese.ch\\\/fussball\\\/wp-content\\\/uploads\\\/2025\\\/09\\\/FCK05-Vevey_13-09-25-20-scaled.jpg\",\"alt\":\"\",\"caption\":false,\"thumb\":\"https:\\\/\\\/regese.ch\\\/fussball\\\/wp-content\\\/uploads\\\/2025\\\/09\\\/FCK05-Vevey_13-09-25-20-scaled-75x50_c.jpg\",\"meta\":{\"aperture\":null,\"credit\":null,\"camera\":null,\"caption\":\"\",\"created_timestamp\":null,\"copyright\":null,\"focal_length\":null,\"iso\":null,\"shutter_speed\":null,\"title\":\"\",\"orientation\":null,\"keywords\":null,\"resized_images\":null},\"thumbnail\":\"https:\\\/\\\/regese.ch\\\/fussball\\\/wp-content\\\/uploads\\\/2025\\\/09\\\/FCK05-Vevey_13-09-25-20-150x100.jpg\",\"medium\":\"https:\\\/\\\/regese.ch\\\/fussball\\\/wp-content\\\/uploads\\\/2025\\\/09\\\/FCK05-Vevey_13-09-25-20-300x200.jpg\",\"medium_large\":\"https:\\\/\\\/regese.ch\\\/fussball\\\/wp-content\\\/uploads\\\/2025\\\/09\\\/FCK05-Vevey_13-09-25-20-768x512.jpg\",\"large\":\"https:\\\/\\\/regese.ch\\\/fussball\\\/wp-content\\\/uploads\\\/2025\\\/09\\\/FCK05-Vevey_13-09-25-20-2000x1334.jpg\",\"1536x1536\":\"https:\\\/\\\/regese.ch\\\/fussball\\\/wp-content\\\/uploads\\\/2025\\\/09\\\/FCK05-Vevey_13-09-25-20-1536x1024.jpg\",\"2048x2048\":\"https:\\\/\\\/regese.ch\\\/fussball\\\/wp-content\\\/uploads\\\/2025\\\/09\\\/FCK05-Vevey_13-09-25-20-2048x1366.jpg\",\"sportspress-crop-medium\":\"https:\\\/\\\/regese.ch\\\/fussball\\\/wp-content\\\/uploads\\\/2025\\\/09\\\/FCK05-Vevey_13-09-25-20-300x300.jpg\",\"sportspress-fit-medium\":\"https:\\\/\\\/regese.ch\\\/fussball\\\/wp-content\\\/uploads\\\/2025\\\/09\\\/FCK05-Vevey_13-09-25-20-300x200.jpg\",\"sportspress-fit-icon\":\"https:\\\/\\\/regese.ch\\\/fussball\\\/wp-content\\\/uploads\\\/2025\\\/09\\\/FCK05-Vevey_13-09-25-20-128x85.jpg\",\"sportspress-fit-mini\":\"https:\\\/\\\/regese.ch\\\/fussball\\\/wp-content\\\/uploads\\\/2025\\\/09\\\/FCK05-Vevey_13-09-25-20-32x21.jpg\",\"full\":\"https:\\\/\\\/regese.ch\\\/fussball\\\/wp-content\\\/uploads\\\/2025\\\/09\\\/FCK05-Vevey_13-09-25-20-scaled.jpg\",\"index\":19,\"id\":21653,\"video\":false,\"opts\":{\"caption\":\"\",\"thumb\":\"https:\\\/\\\/regese.ch\\\/fussball\\\/wp-content\\\/uploads\\\/2025\\\/09\\\/FCK05-Vevey_13-09-25-20-scaled-75x50_c.jpg\",\"title\":\"FCK05 - Vevey_13-09-25-20\"},\"gallery_id\":\"21631\"},{\"status\":\"active\",\"src\":\"https:\\\/\\\/regese.ch\\\/fussball\\\/wp-content\\\/uploads\\\/2025\\\/09\\\/FCK05-Vevey_13-09-25-21-scaled.jpg\",\"title\":\"FCK05 - Vevey_13-09-25-21\",\"link\":\"https:\\\/\\\/regese.ch\\\/fussball\\\/wp-content\\\/uploads\\\/2025\\\/09\\\/FCK05-Vevey_13-09-25-21-scaled.jpg\",\"alt\":\"\",\"caption\":false,\"thumb\":\"https:\\\/\\\/regese.ch\\\/fussball\\\/wp-content\\\/uploads\\\/2025\\\/09\\\/FCK05-Vevey_13-09-25-21-scaled-75x50_c.jpg\",\"meta\":{\"aperture\":null,\"credit\":null,\"camera\":null,\"caption\":\"\",\"created_timestamp\":null,\"copyright\":null,\"focal_length\":null,\"iso\":null,\"shutter_speed\":null,\"title\":\"\",\"orientation\":null,\"keywords\":null,\"resized_images\":null},\"thumbnail\":\"https:\\\/\\\/regese.ch\\\/fussball\\\/wp-content\\\/uploads\\\/2025\\\/09\\\/FCK05-Vevey_13-09-25-21-150x100.jpg\",\"medium\":\"https:\\\/\\\/regese.ch\\\/fussball\\\/wp-content\\\/uploads\\\/2025\\\/09\\\/FCK05-Vevey_13-09-25-21-300x200.jpg\",\"medium_large\":\"https:\\\/\\\/regese.ch\\\/fussball\\\/wp-content\\\/uploads\\\/2025\\\/09\\\/FCK05-Vevey_13-09-25-21-768x512.jpg\",\"large\":\"https:\\\/\\\/regese.ch\\\/fussball\\\/wp-content\\\/uploads\\\/2025\\\/09\\\/FCK05-Vevey_13-09-25-21-2000x1333.jpg\",\"1536x1536\":\"https:\\\/\\\/regese.ch\\\/fussball\\\/wp-content\\\/uploads\\\/2025\\\/09\\\/FCK05-Vevey_13-09-25-21-1536x1024.jpg\",\"2048x2048\":\"https:\\\/\\\/regese.ch\\\/fussball\\\/wp-content\\\/uploads\\\/2025\\\/09\\\/FCK05-Vevey_13-09-25-21-2048x1365.jpg\",\"sportspress-crop-medium\":\"https:\\\/\\\/regese.ch\\\/fussball\\\/wp-content\\\/uploads\\\/2025\\\/09\\\/FCK05-Vevey_13-09-25-21-300x300.jpg\",\"sportspress-fit-medium\":\"https:\\\/\\\/regese.ch\\\/fussball\\\/wp-content\\\/uploads\\\/2025\\\/09\\\/FCK05-Vevey_13-09-25-21-300x200.jpg\",\"sportspress-fit-icon\":\"https:\\\/\\\/regese.ch\\\/fussball\\\/wp-content\\\/uploads\\\/2025\\\/09\\\/FCK05-Vevey_13-09-25-21-128x85.jpg\",\"sportspress-fit-mini\":\"https:\\\/\\\/regese.ch\\\/fussball\\\/wp-content\\\/uploads\\\/2025\\\/09\\\/FCK05-Vevey_13-09-25-21-32x21.jpg\",\"full\":\"https:\\\/\\\/regese.ch\\\/fussball\\\/wp-content\\\/uploads\\\/2025\\\/09\\\/FCK05-Vevey_13-09-25-21-scaled.jpg\",\"index\":20,\"id\":21654,\"video\":false,\"opts\":{\"caption\":\"\",\"thumb\":\"https:\\\/\\\/regese.ch\\\/fussball\\\/wp-content\\\/uploads\\\/2025\\\/09\\\/FCK05-Vevey_13-09-25-21-scaled-75x50_c.jpg\",\"title\":\"FCK05 - Vevey_13-09-25-21\"},\"gallery_id\":\"21631\"},{\"status\":\"active\",\"src\":\"https:\\\/\\\/regese.ch\\\/fussball\\\/wp-content\\\/uploads\\\/2025\\\/09\\\/FCK05-Vevey_13-09-25-22-scaled.jpg\",\"title\":\"FCK05 - Vevey_13-09-25-22\",\"link\":\"https:\\\/\\\/regese.ch\\\/fussball\\\/wp-content\\\/uploads\\\/2025\\\/09\\\/FCK05-Vevey_13-09-25-22-scaled.jpg\",\"alt\":\"\",\"caption\":false,\"thumb\":\"https:\\\/\\\/regese.ch\\\/fussball\\\/wp-content\\\/uploads\\\/2025\\\/09\\\/FCK05-Vevey_13-09-25-22-scaled-75x50_c.jpg\",\"meta\":{\"aperture\":null,\"credit\":null,\"camera\":null,\"caption\":\"\",\"created_timestamp\":null,\"copyright\":null,\"focal_length\":null,\"iso\":null,\"shutter_speed\":null,\"title\":\"\",\"orientation\":null,\"keywords\":null,\"resized_images\":null},\"thumbnail\":\"https:\\\/\\\/regese.ch\\\/fussball\\\/wp-content\\\/uploads\\\/2025\\\/09\\\/FCK05-Vevey_13-09-25-22-150x100.jpg\",\"medium\":\"https:\\\/\\\/regese.ch\\\/fussball\\\/wp-content\\\/uploads\\\/2025\\\/09\\\/FCK05-Vevey_13-09-25-22-300x200.jpg\",\"medium_large\":\"https:\\\/\\\/regese.ch\\\/fussball\\\/wp-content\\\/uploads\\\/2025\\\/09\\\/FCK05-Vevey_13-09-25-22-768x512.jpg\",\"large\":\"https:\\\/\\\/regese.ch\\\/fussball\\\/wp-content\\\/uploads\\\/2025\\\/09\\\/FCK05-Vevey_13-09-25-22-2000x1333.jpg\",\"1536x1536\":\"https:\\\/\\\/regese.ch\\\/fussball\\\/wp-content\\\/uploads\\\/2025\\\/09\\\/FCK05-Vevey_13-09-25-22-1536x1024.jpg\",\"2048x2048\":\"https:\\\/\\\/regese.ch\\\/fussball\\\/wp-content\\\/uploads\\\/2025\\\/09\\\/FCK05-Vevey_13-09-25-22-2048x1365.jpg\",\"sportspress-crop-medium\":\"https:\\\/\\\/regese.ch\\\/fussball\\\/wp-content\\\/uploads\\\/2025\\\/09\\\/FCK05-Vevey_13-09-25-22-300x300.jpg\",\"sportspress-fit-medium\":\"https:\\\/\\\/regese.ch\\\/fussball\\\/wp-content\\\/uploads\\\/2025\\\/09\\\/FCK05-Vevey_13-09-25-22-300x200.jpg\",\"sportspress-fit-icon\":\"https:\\\/\\\/regese.ch\\\/fussball\\\/wp-content\\\/uploads\\\/2025\\\/09\\\/FCK05-Vevey_13-09-25-22-128x85.jpg\",\"sportspress-fit-mini\":\"https:\\\/\\\/regese.ch\\\/fussball\\\/wp-content\\\/uploads\\\/2025\\\/09\\\/FCK05-Vevey_13-09-25-22-32x21.jpg\",\"full\":\"https:\\\/\\\/regese.ch\\\/fussball\\\/wp-content\\\/uploads\\\/2025\\\/09\\\/FCK05-Vevey_13-09-25-22-scaled.jpg\",\"index\":21,\"id\":21655,\"video\":false,\"opts\":{\"caption\":\"\",\"thumb\":\"https:\\\/\\\/regese.ch\\\/fussball\\\/wp-content\\\/uploads\\\/2025\\\/09\\\/FCK05-Vevey_13-09-25-22-scaled-75x50_c.jpg\",\"title\":\"FCK05 - Vevey_13-09-25-22\"},\"gallery_id\":\"21631\"},{\"status\":\"active\",\"src\":\"https:\\\/\\\/regese.ch\\\/fussball\\\/wp-content\\\/uploads\\\/2025\\\/09\\\/FCK05-Vevey_13-09-25-23-scaled.jpg\",\"title\":\"FCK05 - Vevey_13-09-25-23\",\"link\":\"https:\\\/\\\/regese.ch\\\/fussball\\\/wp-content\\\/uploads\\\/2025\\\/09\\\/FCK05-Vevey_13-09-25-23-scaled.jpg\",\"alt\":\"\",\"caption\":false,\"thumb\":\"https:\\\/\\\/regese.ch\\\/fussball\\\/wp-content\\\/uploads\\\/2025\\\/09\\\/FCK05-Vevey_13-09-25-23-scaled-75x50_c.jpg\",\"meta\":{\"aperture\":null,\"credit\":null,\"camera\":null,\"caption\":\"\",\"created_timestamp\":null,\"copyright\":null,\"focal_length\":null,\"iso\":null,\"shutter_speed\":null,\"title\":\"\",\"orientation\":null,\"keywords\":null,\"resized_images\":null},\"thumbnail\":\"https:\\\/\\\/regese.ch\\\/fussball\\\/wp-content\\\/uploads\\\/2025\\\/09\\\/FCK05-Vevey_13-09-25-23-150x100.jpg\",\"medium\":\"https:\\\/\\\/regese.ch\\\/fussball\\\/wp-content\\\/uploads\\\/2025\\\/09\\\/FCK05-Vevey_13-09-25-23-300x200.jpg\",\"medium_large\":\"https:\\\/\\\/regese.ch\\\/fussball\\\/wp-content\\\/uploads\\\/2025\\\/09\\\/FCK05-Vevey_13-09-25-23-768x512.jpg\",\"large\":\"https:\\\/\\\/regese.ch\\\/fussball\\\/wp-content\\\/uploads\\\/2025\\\/09\\\/FCK05-Vevey_13-09-25-23-2000x1333.jpg\",\"1536x1536\":\"https:\\\/\\\/regese.ch\\\/fussball\\\/wp-content\\\/uploads\\\/2025\\\/09\\\/FCK05-Vevey_13-09-25-23-1536x1024.jpg\",\"2048x2048\":\"https:\\\/\\\/regese.ch\\\/fussball\\\/wp-content\\\/uploads\\\/2025\\\/09\\\/FCK05-Vevey_13-09-25-23-2048x1365.jpg\",\"sportspress-crop-medium\":\"https:\\\/\\\/regese.ch\\\/fussball\\\/wp-content\\\/uploads\\\/2025\\\/09\\\/FCK05-Vevey_13-09-25-23-300x300.jpg\",\"sportspress-fit-medium\":\"https:\\\/\\\/regese.ch\\\/fussball\\\/wp-content\\\/uploads\\\/2025\\\/09\\\/FCK05-Vevey_13-09-25-23-300x200.jpg\",\"sportspress-fit-icon\":\"https:\\\/\\\/regese.ch\\\/fussball\\\/wp-content\\\/uploads\\\/2025\\\/09\\\/FCK05-Vevey_13-09-25-23-128x85.jpg\",\"sportspress-fit-mini\":\"https:\\\/\\\/regese.ch\\\/fussball\\\/wp-content\\\/uploads\\\/2025\\\/09\\\/FCK05-Vevey_13-09-25-23-32x21.jpg\",\"full\":\"https:\\\/\\\/regese.ch\\\/fussball\\\/wp-content\\\/uploads\\\/2025\\\/09\\\/FCK05-Vevey_13-09-25-23-scaled.jpg\",\"index\":22,\"id\":21656,\"video\":false,\"opts\":{\"caption\":\"\",\"thumb\":\"https:\\\/\\\/regese.ch\\\/fussball\\\/wp-content\\\/uploads\\\/2025\\\/09\\\/FCK05-Vevey_13-09-25-23-scaled-75x50_c.jpg\",\"title\":\"FCK05 - Vevey_13-09-25-23\"},\"gallery_id\":\"21631\"},{\"status\":\"active\",\"src\":\"https:\\\/\\\/regese.ch\\\/fussball\\\/wp-content\\\/uploads\\\/2025\\\/09\\\/FCK05-Vevey_13-09-25-24-scaled.jpg\",\"title\":\"FCK05 - Vevey_13-09-25-24\",\"link\":\"https:\\\/\\\/regese.ch\\\/fussball\\\/wp-content\\\/uploads\\\/2025\\\/09\\\/FCK05-Vevey_13-09-25-24-scaled.jpg\",\"alt\":\"\",\"caption\":false,\"thumb\":\"https:\\\/\\\/regese.ch\\\/fussball\\\/wp-content\\\/uploads\\\/2025\\\/09\\\/FCK05-Vevey_13-09-25-24-scaled-75x50_c.jpg\",\"meta\":{\"aperture\":null,\"credit\":null,\"camera\":null,\"caption\":\"\",\"created_timestamp\":null,\"copyright\":null,\"focal_length\":null,\"iso\":null,\"shutter_speed\":null,\"title\":\"\",\"orientation\":null,\"keywords\":null,\"resized_images\":null},\"thumbnail\":\"https:\\\/\\\/regese.ch\\\/fussball\\\/wp-content\\\/uploads\\\/2025\\\/09\\\/FCK05-Vevey_13-09-25-24-150x100.jpg\",\"medium\":\"https:\\\/\\\/regese.ch\\\/fussball\\\/wp-content\\\/uploads\\\/2025\\\/09\\\/FCK05-Vevey_13-09-25-24-300x200.jpg\",\"medium_large\":\"https:\\\/\\\/regese.ch\\\/fussball\\\/wp-content\\\/uploads\\\/2025\\\/09\\\/FCK05-Vevey_13-09-25-24-768x512.jpg\",\"large\":\"https:\\\/\\\/regese.ch\\\/fussball\\\/wp-content\\\/uploads\\\/2025\\\/09\\\/FCK05-Vevey_13-09-25-24-2000x1333.jpg\",\"1536x1536\":\"https:\\\/\\\/regese.ch\\\/fussball\\\/wp-content\\\/uploads\\\/2025\\\/09\\\/FCK05-Vevey_13-09-25-24-1536x1024.jpg\",\"2048x2048\":\"https:\\\/\\\/regese.ch\\\/fussball\\\/wp-content\\\/uploads\\\/2025\\\/09\\\/FCK05-Vevey_13-09-25-24-2048x1365.jpg\",\"sportspress-crop-medium\":\"https:\\\/\\\/regese.ch\\\/fussball\\\/wp-content\\\/uploads\\\/2025\\\/09\\\/FCK05-Vevey_13-09-25-24-300x300.jpg\",\"sportspress-fit-medium\":\"https:\\\/\\\/regese.ch\\\/fussball\\\/wp-content\\\/uploads\\\/2025\\\/09\\\/FCK05-Vevey_13-09-25-24-300x200.jpg\",\"sportspress-fit-icon\":\"https:\\\/\\\/regese.ch\\\/fussball\\\/wp-content\\\/uploads\\\/2025\\\/09\\\/FCK05-Vevey_13-09-25-24-128x85.jpg\",\"sportspress-fit-mini\":\"https:\\\/\\\/regese.ch\\\/fussball\\\/wp-content\\\/uploads\\\/2025\\\/09\\\/FCK05-Vevey_13-09-25-24-32x21.jpg\",\"full\":\"https:\\\/\\\/regese.ch\\\/fussball\\\/wp-content\\\/uploads\\\/2025\\\/09\\\/FCK05-Vevey_13-09-25-24-scaled.jpg\",\"index\":23,\"id\":21657,\"video\":false,\"opts\":{\"caption\":\"\",\"thumb\":\"https:\\\/\\\/regese.ch\\\/fussball\\\/wp-content\\\/uploads\\\/2025\\\/09\\\/FCK05-Vevey_13-09-25-24-scaled-75x50_c.jpg\",\"title\":\"FCK05 - Vevey_13-09-25-24\"},\"gallery_id\":\"21631\"},{\"status\":\"active\",\"src\":\"https:\\\/\\\/regese.ch\\\/fussball\\\/wp-content\\\/uploads\\\/2025\\\/09\\\/FCK05-Vevey_13-09-25-25-scaled.jpg\",\"title\":\"FCK05 - Vevey_13-09-25-25\",\"link\":\"https:\\\/\\\/regese.ch\\\/fussball\\\/wp-content\\\/uploads\\\/2025\\\/09\\\/FCK05-Vevey_13-09-25-25-scaled.jpg\",\"alt\":\"\",\"caption\":false,\"thumb\":\"https:\\\/\\\/regese.ch\\\/fussball\\\/wp-content\\\/uploads\\\/2025\\\/09\\\/FCK05-Vevey_13-09-25-25-scaled-75x50_c.jpg\",\"meta\":{\"aperture\":null,\"credit\":null,\"camera\":null,\"caption\":\"\",\"created_timestamp\":null,\"copyright\":null,\"focal_length\":null,\"iso\":null,\"shutter_speed\":null,\"title\":\"\",\"orientation\":null,\"keywords\":null,\"resized_images\":null},\"thumbnail\":\"https:\\\/\\\/regese.ch\\\/fussball\\\/wp-content\\\/uploads\\\/2025\\\/09\\\/FCK05-Vevey_13-09-25-25-150x100.jpg\",\"medium\":\"https:\\\/\\\/regese.ch\\\/fussball\\\/wp-content\\\/uploads\\\/2025\\\/09\\\/FCK05-Vevey_13-09-25-25-300x200.jpg\",\"medium_large\":\"https:\\\/\\\/regese.ch\\\/fussball\\\/wp-content\\\/uploads\\\/2025\\\/09\\\/FCK05-Vevey_13-09-25-25-768x512.jpg\",\"large\":\"https:\\\/\\\/regese.ch\\\/fussball\\\/wp-content\\\/uploads\\\/2025\\\/09\\\/FCK05-Vevey_13-09-25-25-2000x1333.jpg\",\"1536x1536\":\"https:\\\/\\\/regese.ch\\\/fussball\\\/wp-content\\\/uploads\\\/2025\\\/09\\\/FCK05-Vevey_13-09-25-25-1536x1024.jpg\",\"2048x2048\":\"https:\\\/\\\/regese.ch\\\/fussball\\\/wp-content\\\/uploads\\\/2025\\\/09\\\/FCK05-Vevey_13-09-25-25-2048x1365.jpg\",\"sportspress-crop-medium\":\"https:\\\/\\\/regese.ch\\\/fussball\\\/wp-content\\\/uploads\\\/2025\\\/09\\\/FCK05-Vevey_13-09-25-25-300x300.jpg\",\"sportspress-fit-medium\":\"https:\\\/\\\/regese.ch\\\/fussball\\\/wp-content\\\/uploads\\\/2025\\\/09\\\/FCK05-Vevey_13-09-25-25-300x200.jpg\",\"sportspress-fit-icon\":\"https:\\\/\\\/regese.ch\\\/fussball\\\/wp-content\\\/uploads\\\/2025\\\/09\\\/FCK05-Vevey_13-09-25-25-128x85.jpg\",\"sportspress-fit-mini\":\"https:\\\/\\\/regese.ch\\\/fussball\\\/wp-content\\\/uploads\\\/2025\\\/09\\\/FCK05-Vevey_13-09-25-25-32x21.jpg\",\"full\":\"https:\\\/\\\/regese.ch\\\/fussball\\\/wp-content\\\/uploads\\\/2025\\\/09\\\/FCK05-Vevey_13-09-25-25-scaled.jpg\",\"index\":24,\"id\":21658,\"video\":false,\"opts\":{\"caption\":\"\",\"thumb\":\"https:\\\/\\\/regese.ch\\\/fussball\\\/wp-content\\\/uploads\\\/2025\\\/09\\\/FCK05-Vevey_13-09-25-25-scaled-75x50_c.jpg\",\"title\":\"FCK05 - Vevey_13-09-25-25\"},\"gallery_id\":\"21631\"},{\"status\":\"active\",\"src\":\"https:\\\/\\\/regese.ch\\\/fussball\\\/wp-content\\\/uploads\\\/2025\\\/09\\\/FCK05-Vevey_13-09-25-26-scaled.jpg\",\"title\":\"FCK05 - Vevey_13-09-25-26\",\"link\":\"https:\\\/\\\/regese.ch\\\/fussball\\\/wp-content\\\/uploads\\\/2025\\\/09\\\/FCK05-Vevey_13-09-25-26-scaled.jpg\",\"alt\":\"\",\"caption\":false,\"thumb\":\"https:\\\/\\\/regese.ch\\\/fussball\\\/wp-content\\\/uploads\\\/2025\\\/09\\\/FCK05-Vevey_13-09-25-26-scaled-75x50_c.jpg\",\"meta\":{\"aperture\":null,\"credit\":null,\"camera\":null,\"caption\":\"\",\"created_timestamp\":null,\"copyright\":null,\"focal_length\":null,\"iso\":null,\"shutter_speed\":null,\"title\":\"\",\"orientation\":null,\"keywords\":null,\"resized_images\":null},\"thumbnail\":\"https:\\\/\\\/regese.ch\\\/fussball\\\/wp-content\\\/uploads\\\/2025\\\/09\\\/FCK05-Vevey_13-09-25-26-150x100.jpg\",\"medium\":\"https:\\\/\\\/regese.ch\\\/fussball\\\/wp-content\\\/uploads\\\/2025\\\/09\\\/FCK05-Vevey_13-09-25-26-300x200.jpg\",\"medium_large\":\"https:\\\/\\\/regese.ch\\\/fussball\\\/wp-content\\\/uploads\\\/2025\\\/09\\\/FCK05-Vevey_13-09-25-26-768x512.jpg\",\"large\":\"https:\\\/\\\/regese.ch\\\/fussball\\\/wp-content\\\/uploads\\\/2025\\\/09\\\/FCK05-Vevey_13-09-25-26-2000x1333.jpg\",\"1536x1536\":\"https:\\\/\\\/regese.ch\\\/fussball\\\/wp-content\\\/uploads\\\/2025\\\/09\\\/FCK05-Vevey_13-09-25-26-1536x1024.jpg\",\"2048x2048\":\"https:\\\/\\\/regese.ch\\\/fussball\\\/wp-content\\\/uploads\\\/2025\\\/09\\\/FCK05-Vevey_13-09-25-26-2048x1365.jpg\",\"sportspress-crop-medium\":\"https:\\\/\\\/regese.ch\\\/fussball\\\/wp-content\\\/uploads\\\/2025\\\/09\\\/FCK05-Vevey_13-09-25-26-300x300.jpg\",\"sportspress-fit-medium\":\"https:\\\/\\\/regese.ch\\\/fussball\\\/wp-content\\\/uploads\\\/2025\\\/09\\\/FCK05-Vevey_13-09-25-26-300x200.jpg\",\"sportspress-fit-icon\":\"https:\\\/\\\/regese.ch\\\/fussball\\\/wp-content\\\/uploads\\\/2025\\\/09\\\/FCK05-Vevey_13-09-25-26-128x85.jpg\",\"sportspress-fit-mini\":\"https:\\\/\\\/regese.ch\\\/fussball\\\/wp-content\\\/uploads\\\/2025\\\/09\\\/FCK05-Vevey_13-09-25-26-32x21.jpg\",\"full\":\"https:\\\/\\\/regese.ch\\\/fussball\\\/wp-content\\\/uploads\\\/2025\\\/09\\\/FCK05-Vevey_13-09-25-26-scaled.jpg\",\"index\":25,\"id\":21659,\"video\":false,\"opts\":{\"caption\":\"\",\"thumb\":\"https:\\\/\\\/regese.ch\\\/fussball\\\/wp-content\\\/uploads\\\/2025\\\/09\\\/FCK05-Vevey_13-09-25-26-scaled-75x50_c.jpg\",\"title\":\"FCK05 - Vevey_13-09-25-26\"},\"gallery_id\":\"21631\"},{\"status\":\"active\",\"src\":\"https:\\\/\\\/regese.ch\\\/fussball\\\/wp-content\\\/uploads\\\/2025\\\/09\\\/FCK05-Vevey_13-09-25-27-scaled.jpg\",\"title\":\"FCK05 - Vevey_13-09-25-27\",\"link\":\"https:\\\/\\\/regese.ch\\\/fussball\\\/wp-content\\\/uploads\\\/2025\\\/09\\\/FCK05-Vevey_13-09-25-27-scaled.jpg\",\"alt\":\"\",\"caption\":false,\"thumb\":\"https:\\\/\\\/regese.ch\\\/fussball\\\/wp-content\\\/uploads\\\/2025\\\/09\\\/FCK05-Vevey_13-09-25-27-scaled-75x50_c.jpg\",\"meta\":{\"aperture\":null,\"credit\":null,\"camera\":null,\"caption\":\"\",\"created_timestamp\":null,\"copyright\":null,\"focal_length\":null,\"iso\":null,\"shutter_speed\":null,\"title\":\"\",\"orientation\":null,\"keywords\":null,\"resized_images\":null},\"thumbnail\":\"https:\\\/\\\/regese.ch\\\/fussball\\\/wp-content\\\/uploads\\\/2025\\\/09\\\/FCK05-Vevey_13-09-25-27-150x100.jpg\",\"medium\":\"https:\\\/\\\/regese.ch\\\/fussball\\\/wp-content\\\/uploads\\\/2025\\\/09\\\/FCK05-Vevey_13-09-25-27-300x200.jpg\",\"medium_large\":\"https:\\\/\\\/regese.ch\\\/fussball\\\/wp-content\\\/uploads\\\/2025\\\/09\\\/FCK05-Vevey_13-09-25-27-768x512.jpg\",\"large\":\"https:\\\/\\\/regese.ch\\\/fussball\\\/wp-content\\\/uploads\\\/2025\\\/09\\\/FCK05-Vevey_13-09-25-27-2000x1333.jpg\",\"1536x1536\":\"https:\\\/\\\/regese.ch\\\/fussball\\\/wp-content\\\/uploads\\\/2025\\\/09\\\/FCK05-Vevey_13-09-25-27-1536x1024.jpg\",\"2048x2048\":\"https:\\\/\\\/regese.ch\\\/fussball\\\/wp-content\\\/uploads\\\/2025\\\/09\\\/FCK05-Vevey_13-09-25-27-2048x1365.jpg\",\"sportspress-crop-medium\":\"https:\\\/\\\/regese.ch\\\/fussball\\\/wp-content\\\/uploads\\\/2025\\\/09\\\/FCK05-Vevey_13-09-25-27-300x300.jpg\",\"sportspress-fit-medium\":\"https:\\\/\\\/regese.ch\\\/fussball\\\/wp-content\\\/uploads\\\/2025\\\/09\\\/FCK05-Vevey_13-09-25-27-300x200.jpg\",\"sportspress-fit-icon\":\"https:\\\/\\\/regese.ch\\\/fussball\\\/wp-content\\\/uploads\\\/2025\\\/09\\\/FCK05-Vevey_13-09-25-27-128x85.jpg\",\"sportspress-fit-mini\":\"https:\\\/\\\/regese.ch\\\/fussball\\\/wp-content\\\/uploads\\\/2025\\\/09\\\/FCK05-Vevey_13-09-25-27-32x21.jpg\",\"full\":\"https:\\\/\\\/regese.ch\\\/fussball\\\/wp-content\\\/uploads\\\/2025\\\/09\\\/FCK05-Vevey_13-09-25-27-scaled.jpg\",\"index\":26,\"id\":21660,\"video\":false,\"opts\":{\"caption\":\"\",\"thumb\":\"https:\\\/\\\/regese.ch\\\/fussball\\\/wp-content\\\/uploads\\\/2025\\\/09\\\/FCK05-Vevey_13-09-25-27-scaled-75x50_c.jpg\",\"title\":\"FCK05 - Vevey_13-09-25-27\"},\"gallery_id\":\"21631\"},{\"status\":\"active\",\"src\":\"https:\\\/\\\/regese.ch\\\/fussball\\\/wp-content\\\/uploads\\\/2025\\\/09\\\/FCK05-Vevey_13-09-25-28-scaled.jpg\",\"title\":\"FCK05 - Vevey_13-09-25-28\",\"link\":\"https:\\\/\\\/regese.ch\\\/fussball\\\/wp-content\\\/uploads\\\/2025\\\/09\\\/FCK05-Vevey_13-09-25-28-scaled.jpg\",\"alt\":\"\",\"caption\":false,\"thumb\":\"https:\\\/\\\/regese.ch\\\/fussball\\\/wp-content\\\/uploads\\\/2025\\\/09\\\/FCK05-Vevey_13-09-25-28-scaled-75x50_c.jpg\",\"meta\":{\"aperture\":null,\"credit\":null,\"camera\":null,\"caption\":\"\",\"created_timestamp\":null,\"copyright\":null,\"focal_length\":null,\"iso\":null,\"shutter_speed\":null,\"title\":\"\",\"orientation\":null,\"keywords\":null,\"resized_images\":null},\"thumbnail\":\"https:\\\/\\\/regese.ch\\\/fussball\\\/wp-content\\\/uploads\\\/2025\\\/09\\\/FCK05-Vevey_13-09-25-28-100x150.jpg\",\"medium\":\"https:\\\/\\\/regese.ch\\\/fussball\\\/wp-content\\\/uploads\\\/2025\\\/09\\\/FCK05-Vevey_13-09-25-28-200x300.jpg\",\"medium_large\":\"https:\\\/\\\/regese.ch\\\/fussball\\\/wp-content\\\/uploads\\\/2025\\\/09\\\/FCK05-Vevey_13-09-25-28-768x1152.jpg\",\"large\":\"https:\\\/\\\/regese.ch\\\/fussball\\\/wp-content\\\/uploads\\\/2025\\\/09\\\/FCK05-Vevey_13-09-25-28-1334x2000.jpg\",\"1536x1536\":\"https:\\\/\\\/regese.ch\\\/fussball\\\/wp-content\\\/uploads\\\/2025\\\/09\\\/FCK05-Vevey_13-09-25-28-1024x1536.jpg\",\"2048x2048\":\"https:\\\/\\\/regese.ch\\\/fussball\\\/wp-content\\\/uploads\\\/2025\\\/09\\\/FCK05-Vevey_13-09-25-28-1366x2048.jpg\",\"sportspress-crop-medium\":\"https:\\\/\\\/regese.ch\\\/fussball\\\/wp-content\\\/uploads\\\/2025\\\/09\\\/FCK05-Vevey_13-09-25-28-300x300.jpg\",\"sportspress-fit-medium\":\"https:\\\/\\\/regese.ch\\\/fussball\\\/wp-content\\\/uploads\\\/2025\\\/09\\\/FCK05-Vevey_13-09-25-28-200x300.jpg\",\"sportspress-fit-icon\":\"https:\\\/\\\/regese.ch\\\/fussball\\\/wp-content\\\/uploads\\\/2025\\\/09\\\/FCK05-Vevey_13-09-25-28-85x128.jpg\",\"sportspress-fit-mini\":\"https:\\\/\\\/regese.ch\\\/fussball\\\/wp-content\\\/uploads\\\/2025\\\/09\\\/FCK05-Vevey_13-09-25-28-21x32.jpg\",\"full\":\"https:\\\/\\\/regese.ch\\\/fussball\\\/wp-content\\\/uploads\\\/2025\\\/09\\\/FCK05-Vevey_13-09-25-28-scaled.jpg\",\"index\":27,\"id\":21661,\"video\":false,\"opts\":{\"caption\":\"\",\"thumb\":\"https:\\\/\\\/regese.ch\\\/fussball\\\/wp-content\\\/uploads\\\/2025\\\/09\\\/FCK05-Vevey_13-09-25-28-scaled-75x50_c.jpg\",\"title\":\"FCK05 - Vevey_13-09-25-28\"},\"gallery_id\":\"21631\"},{\"status\":\"active\",\"src\":\"https:\\\/\\\/regese.ch\\\/fussball\\\/wp-content\\\/uploads\\\/2025\\\/09\\\/FCK05-Vevey_13-09-25-29-scaled.jpg\",\"title\":\"FCK05 - Vevey_13-09-25-29\",\"link\":\"https:\\\/\\\/regese.ch\\\/fussball\\\/wp-content\\\/uploads\\\/2025\\\/09\\\/FCK05-Vevey_13-09-25-29-scaled.jpg\",\"alt\":\"\",\"caption\":false,\"thumb\":\"https:\\\/\\\/regese.ch\\\/fussball\\\/wp-content\\\/uploads\\\/2025\\\/09\\\/FCK05-Vevey_13-09-25-29-scaled-75x50_c.jpg\",\"meta\":{\"aperture\":null,\"credit\":null,\"camera\":null,\"caption\":\"\",\"created_timestamp\":null,\"copyright\":null,\"focal_length\":null,\"iso\":null,\"shutter_speed\":null,\"title\":\"\",\"orientation\":null,\"keywords\":null,\"resized_images\":null},\"thumbnail\":\"https:\\\/\\\/regese.ch\\\/fussball\\\/wp-content\\\/uploads\\\/2025\\\/09\\\/FCK05-Vevey_13-09-25-29-150x100.jpg\",\"medium\":\"https:\\\/\\\/regese.ch\\\/fussball\\\/wp-content\\\/uploads\\\/2025\\\/09\\\/FCK05-Vevey_13-09-25-29-300x200.jpg\",\"medium_large\":\"https:\\\/\\\/regese.ch\\\/fussball\\\/wp-content\\\/uploads\\\/2025\\\/09\\\/FCK05-Vevey_13-09-25-29-768x512.jpg\",\"large\":\"https:\\\/\\\/regese.ch\\\/fussball\\\/wp-content\\\/uploads\\\/2025\\\/09\\\/FCK05-Vevey_13-09-25-29-2000x1333.jpg\",\"1536x1536\":\"https:\\\/\\\/regese.ch\\\/fussball\\\/wp-content\\\/uploads\\\/2025\\\/09\\\/FCK05-Vevey_13-09-25-29-1536x1024.jpg\",\"2048x2048\":\"https:\\\/\\\/regese.ch\\\/fussball\\\/wp-content\\\/uploads\\\/2025\\\/09\\\/FCK05-Vevey_13-09-25-29-2048x1365.jpg\",\"sportspress-crop-medium\":\"https:\\\/\\\/regese.ch\\\/fussball\\\/wp-content\\\/uploads\\\/2025\\\/09\\\/FCK05-Vevey_13-09-25-29-300x300.jpg\",\"sportspress-fit-medium\":\"https:\\\/\\\/regese.ch\\\/fussball\\\/wp-content\\\/uploads\\\/2025\\\/09\\\/FCK05-Vevey_13-09-25-29-300x200.jpg\",\"sportspress-fit-icon\":\"https:\\\/\\\/regese.ch\\\/fussball\\\/wp-content\\\/uploads\\\/2025\\\/09\\\/FCK05-Vevey_13-09-25-29-128x85.jpg\",\"sportspress-fit-mini\":\"https:\\\/\\\/regese.ch\\\/fussball\\\/wp-content\\\/uploads\\\/2025\\\/09\\\/FCK05-Vevey_13-09-25-29-32x21.jpg\",\"full\":\"https:\\\/\\\/regese.ch\\\/fussball\\\/wp-content\\\/uploads\\\/2025\\\/09\\\/FCK05-Vevey_13-09-25-29-scaled.jpg\",\"index\":28,\"id\":21662,\"video\":false,\"opts\":{\"caption\":\"\",\"thumb\":\"https:\\\/\\\/regese.ch\\\/fussball\\\/wp-content\\\/uploads\\\/2025\\\/09\\\/FCK05-Vevey_13-09-25-29-scaled-75x50_c.jpg\",\"title\":\"FCK05 - Vevey_13-09-25-29\"},\"gallery_id\":\"21631\"},{\"status\":\"active\",\"src\":\"https:\\\/\\\/regese.ch\\\/fussball\\\/wp-content\\\/uploads\\\/2025\\\/09\\\/FCK05-Vevey_13-09-25-30-scaled.jpg\",\"title\":\"FCK05 - Vevey_13-09-25-30\",\"link\":\"https:\\\/\\\/regese.ch\\\/fussball\\\/wp-content\\\/uploads\\\/2025\\\/09\\\/FCK05-Vevey_13-09-25-30-scaled.jpg\",\"alt\":\"\",\"caption\":false,\"thumb\":\"https:\\\/\\\/regese.ch\\\/fussball\\\/wp-content\\\/uploads\\\/2025\\\/09\\\/FCK05-Vevey_13-09-25-30-scaled-75x50_c.jpg\",\"meta\":{\"aperture\":null,\"credit\":null,\"camera\":null,\"caption\":\"\",\"created_timestamp\":null,\"copyright\":null,\"focal_length\":null,\"iso\":null,\"shutter_speed\":null,\"title\":\"\",\"orientation\":null,\"keywords\":null,\"resized_images\":null},\"thumbnail\":\"https:\\\/\\\/regese.ch\\\/fussball\\\/wp-content\\\/uploads\\\/2025\\\/09\\\/FCK05-Vevey_13-09-25-30-150x62.jpg\",\"medium\":\"https:\\\/\\\/regese.ch\\\/fussball\\\/wp-content\\\/uploads\\\/2025\\\/09\\\/FCK05-Vevey_13-09-25-30-300x124.jpg\",\"medium_large\":\"https:\\\/\\\/regese.ch\\\/fussball\\\/wp-content\\\/uploads\\\/2025\\\/09\\\/FCK05-Vevey_13-09-25-30-768x316.jpg\",\"large\":\"https:\\\/\\\/regese.ch\\\/fussball\\\/wp-content\\\/uploads\\\/2025\\\/09\\\/FCK05-Vevey_13-09-25-30-2000x824.jpg\",\"1536x1536\":\"https:\\\/\\\/regese.ch\\\/fussball\\\/wp-content\\\/uploads\\\/2025\\\/09\\\/FCK05-Vevey_13-09-25-30-1536x633.jpg\",\"2048x2048\":\"https:\\\/\\\/regese.ch\\\/fussball\\\/wp-content\\\/uploads\\\/2025\\\/09\\\/FCK05-Vevey_13-09-25-30-2048x843.jpg\",\"sportspress-crop-medium\":\"https:\\\/\\\/regese.ch\\\/fussball\\\/wp-content\\\/uploads\\\/2025\\\/09\\\/FCK05-Vevey_13-09-25-30-300x300.jpg\",\"sportspress-fit-medium\":\"https:\\\/\\\/regese.ch\\\/fussball\\\/wp-content\\\/uploads\\\/2025\\\/09\\\/FCK05-Vevey_13-09-25-30-300x124.jpg\",\"sportspress-fit-icon\":\"https:\\\/\\\/regese.ch\\\/fussball\\\/wp-content\\\/uploads\\\/2025\\\/09\\\/FCK05-Vevey_13-09-25-30-128x53.jpg\",\"sportspress-fit-mini\":\"https:\\\/\\\/regese.ch\\\/fussball\\\/wp-content\\\/uploads\\\/2025\\\/09\\\/FCK05-Vevey_13-09-25-30-32x13.jpg\",\"full\":\"https:\\\/\\\/regese.ch\\\/fussball\\\/wp-content\\\/uploads\\\/2025\\\/09\\\/FCK05-Vevey_13-09-25-30-scaled.jpg\",\"index\":29,\"id\":21663,\"video\":false,\"opts\":{\"caption\":\"\",\"thumb\":\"https:\\\/\\\/regese.ch\\\/fussball\\\/wp-content\\\/uploads\\\/2025\\\/09\\\/FCK05-Vevey_13-09-25-30-scaled-75x50_c.jpg\",\"title\":\"FCK05 - Vevey_13-09-25-30\"},\"gallery_id\":\"21631\"},{\"status\":\"active\",\"src\":\"https:\\\/\\\/regese.ch\\\/fussball\\\/wp-content\\\/uploads\\\/2025\\\/09\\\/FCK05-Vevey_13-09-25-31-scaled.jpg\",\"title\":\"FCK05 - Vevey_13-09-25-31\",\"link\":\"https:\\\/\\\/regese.ch\\\/fussball\\\/wp-content\\\/uploads\\\/2025\\\/09\\\/FCK05-Vevey_13-09-25-31-scaled.jpg\",\"alt\":\"\",\"caption\":false,\"thumb\":\"https:\\\/\\\/regese.ch\\\/fussball\\\/wp-content\\\/uploads\\\/2025\\\/09\\\/FCK05-Vevey_13-09-25-31-scaled-75x50_c.jpg\",\"meta\":{\"aperture\":null,\"credit\":null,\"camera\":null,\"caption\":\"\",\"created_timestamp\":null,\"copyright\":null,\"focal_length\":null,\"iso\":null,\"shutter_speed\":null,\"title\":\"\",\"orientation\":null,\"keywords\":null,\"resized_images\":null},\"thumbnail\":\"https:\\\/\\\/regese.ch\\\/fussball\\\/wp-content\\\/uploads\\\/2025\\\/09\\\/FCK05-Vevey_13-09-25-31-150x100.jpg\",\"medium\":\"https:\\\/\\\/regese.ch\\\/fussball\\\/wp-content\\\/uploads\\\/2025\\\/09\\\/FCK05-Vevey_13-09-25-31-300x200.jpg\",\"medium_large\":\"https:\\\/\\\/regese.ch\\\/fussball\\\/wp-content\\\/uploads\\\/2025\\\/09\\\/FCK05-Vevey_13-09-25-31-768x512.jpg\",\"large\":\"https:\\\/\\\/regese.ch\\\/fussball\\\/wp-content\\\/uploads\\\/2025\\\/09\\\/FCK05-Vevey_13-09-25-31-2000x1333.jpg\",\"1536x1536\":\"https:\\\/\\\/regese.ch\\\/fussball\\\/wp-content\\\/uploads\\\/2025\\\/09\\\/FCK05-Vevey_13-09-25-31-1536x1024.jpg\",\"2048x2048\":\"https:\\\/\\\/regese.ch\\\/fussball\\\/wp-content\\\/uploads\\\/2025\\\/09\\\/FCK05-Vevey_13-09-25-31-2048x1365.jpg\",\"sportspress-crop-medium\":\"https:\\\/\\\/regese.ch\\\/fussball\\\/wp-content\\\/uploads\\\/2025\\\/09\\\/FCK05-Vevey_13-09-25-31-300x300.jpg\",\"sportspress-fit-medium\":\"https:\\\/\\\/regese.ch\\\/fussball\\\/wp-content\\\/uploads\\\/2025\\\/09\\\/FCK05-Vevey_13-09-25-31-300x200.jpg\",\"sportspress-fit-icon\":\"https:\\\/\\\/regese.ch\\\/fussball\\\/wp-content\\\/uploads\\\/2025\\\/09\\\/FCK05-Vevey_13-09-25-31-128x85.jpg\",\"sportspress-fit-mini\":\"https:\\\/\\\/regese.ch\\\/fussball\\\/wp-content\\\/uploads\\\/2025\\\/09\\\/FCK05-Vevey_13-09-25-31-32x21.jpg\",\"full\":\"https:\\\/\\\/regese.ch\\\/fussball\\\/wp-content\\\/uploads\\\/2025\\\/09\\\/FCK05-Vevey_13-09-25-31-scaled.jpg\",\"index\":30,\"id\":21664,\"video\":false,\"opts\":{\"caption\":\"\",\"thumb\":\"https:\\\/\\\/regese.ch\\\/fussball\\\/wp-content\\\/uploads\\\/2025\\\/09\\\/FCK05-Vevey_13-09-25-31-scaled-75x50_c.jpg\",\"title\":\"FCK05 - Vevey_13-09-25-31\"},\"gallery_id\":\"21631\"},{\"status\":\"active\",\"src\":\"https:\\\/\\\/regese.ch\\\/fussball\\\/wp-content\\\/uploads\\\/2025\\\/09\\\/FCK05-Vevey_13-09-25-32-scaled.jpg\",\"title\":\"FCK05 - Vevey_13-09-25-32\",\"link\":\"https:\\\/\\\/regese.ch\\\/fussball\\\/wp-content\\\/uploads\\\/2025\\\/09\\\/FCK05-Vevey_13-09-25-32-scaled.jpg\",\"alt\":\"\",\"caption\":false,\"thumb\":\"https:\\\/\\\/regese.ch\\\/fussball\\\/wp-content\\\/uploads\\\/2025\\\/09\\\/FCK05-Vevey_13-09-25-32-scaled-75x50_c.jpg\",\"meta\":{\"aperture\":null,\"credit\":null,\"camera\":null,\"caption\":\"\",\"created_timestamp\":null,\"copyright\":null,\"focal_length\":null,\"iso\":null,\"shutter_speed\":null,\"title\":\"\",\"orientation\":null,\"keywords\":null,\"resized_images\":null},\"thumbnail\":\"https:\\\/\\\/regese.ch\\\/fussball\\\/wp-content\\\/uploads\\\/2025\\\/09\\\/FCK05-Vevey_13-09-25-32-150x100.jpg\",\"medium\":\"https:\\\/\\\/regese.ch\\\/fussball\\\/wp-content\\\/uploads\\\/2025\\\/09\\\/FCK05-Vevey_13-09-25-32-300x200.jpg\",\"medium_large\":\"https:\\\/\\\/regese.ch\\\/fussball\\\/wp-content\\\/uploads\\\/2025\\\/09\\\/FCK05-Vevey_13-09-25-32-768x512.jpg\",\"large\":\"https:\\\/\\\/regese.ch\\\/fussball\\\/wp-content\\\/uploads\\\/2025\\\/09\\\/FCK05-Vevey_13-09-25-32-2000x1333.jpg\",\"1536x1536\":\"https:\\\/\\\/regese.ch\\\/fussball\\\/wp-content\\\/uploads\\\/2025\\\/09\\\/FCK05-Vevey_13-09-25-32-1536x1024.jpg\",\"2048x2048\":\"https:\\\/\\\/regese.ch\\\/fussball\\\/wp-content\\\/uploads\\\/2025\\\/09\\\/FCK05-Vevey_13-09-25-32-2048x1365.jpg\",\"sportspress-crop-medium\":\"https:\\\/\\\/regese.ch\\\/fussball\\\/wp-content\\\/uploads\\\/2025\\\/09\\\/FCK05-Vevey_13-09-25-32-300x300.jpg\",\"sportspress-fit-medium\":\"https:\\\/\\\/regese.ch\\\/fussball\\\/wp-content\\\/uploads\\\/2025\\\/09\\\/FCK05-Vevey_13-09-25-32-300x200.jpg\",\"sportspress-fit-icon\":\"https:\\\/\\\/regese.ch\\\/fussball\\\/wp-content\\\/uploads\\\/2025\\\/09\\\/FCK05-Vevey_13-09-25-32-128x85.jpg\",\"sportspress-fit-mini\":\"https:\\\/\\\/regese.ch\\\/fussball\\\/wp-content\\\/uploads\\\/2025\\\/09\\\/FCK05-Vevey_13-09-25-32-32x21.jpg\",\"full\":\"https:\\\/\\\/regese.ch\\\/fussball\\\/wp-content\\\/uploads\\\/2025\\\/09\\\/FCK05-Vevey_13-09-25-32-scaled.jpg\",\"index\":31,\"id\":21665,\"video\":false,\"opts\":{\"caption\":\"\",\"thumb\":\"https:\\\/\\\/regese.ch\\\/fussball\\\/wp-content\\\/uploads\\\/2025\\\/09\\\/FCK05-Vevey_13-09-25-32-scaled-75x50_c.jpg\",\"title\":\"FCK05 - Vevey_13-09-25-32\"},\"gallery_id\":\"21631\"},{\"status\":\"active\",\"src\":\"https:\\\/\\\/regese.ch\\\/fussball\\\/wp-content\\\/uploads\\\/2025\\\/09\\\/FCK05-Vevey_13-09-25-33-scaled.jpg\",\"title\":\"FCK05 - Vevey_13-09-25-33\",\"link\":\"https:\\\/\\\/regese.ch\\\/fussball\\\/wp-content\\\/uploads\\\/2025\\\/09\\\/FCK05-Vevey_13-09-25-33-scaled.jpg\",\"alt\":\"\",\"caption\":false,\"thumb\":\"https:\\\/\\\/regese.ch\\\/fussball\\\/wp-content\\\/uploads\\\/2025\\\/09\\\/FCK05-Vevey_13-09-25-33-scaled-75x50_c.jpg\",\"meta\":{\"aperture\":null,\"credit\":null,\"camera\":null,\"caption\":\"\",\"created_timestamp\":null,\"copyright\":null,\"focal_length\":null,\"iso\":null,\"shutter_speed\":null,\"title\":\"\",\"orientation\":null,\"keywords\":null,\"resized_images\":null},\"thumbnail\":\"https:\\\/\\\/regese.ch\\\/fussball\\\/wp-content\\\/uploads\\\/2025\\\/09\\\/FCK05-Vevey_13-09-25-33-150x100.jpg\",\"medium\":\"https:\\\/\\\/regese.ch\\\/fussball\\\/wp-content\\\/uploads\\\/2025\\\/09\\\/FCK05-Vevey_13-09-25-33-300x200.jpg\",\"medium_large\":\"https:\\\/\\\/regese.ch\\\/fussball\\\/wp-content\\\/uploads\\\/2025\\\/09\\\/FCK05-Vevey_13-09-25-33-768x512.jpg\",\"large\":\"https:\\\/\\\/regese.ch\\\/fussball\\\/wp-content\\\/uploads\\\/2025\\\/09\\\/FCK05-Vevey_13-09-25-33-2000x1334.jpg\",\"1536x1536\":\"https:\\\/\\\/regese.ch\\\/fussball\\\/wp-content\\\/uploads\\\/2025\\\/09\\\/FCK05-Vevey_13-09-25-33-1536x1024.jpg\",\"2048x2048\":\"https:\\\/\\\/regese.ch\\\/fussball\\\/wp-content\\\/uploads\\\/2025\\\/09\\\/FCK05-Vevey_13-09-25-33-2048x1366.jpg\",\"sportspress-crop-medium\":\"https:\\\/\\\/regese.ch\\\/fussball\\\/wp-content\\\/uploads\\\/2025\\\/09\\\/FCK05-Vevey_13-09-25-33-300x300.jpg\",\"sportspress-fit-medium\":\"https:\\\/\\\/regese.ch\\\/fussball\\\/wp-content\\\/uploads\\\/2025\\\/09\\\/FCK05-Vevey_13-09-25-33-300x200.jpg\",\"sportspress-fit-icon\":\"https:\\\/\\\/regese.ch\\\/fussball\\\/wp-content\\\/uploads\\\/2025\\\/09\\\/FCK05-Vevey_13-09-25-33-128x85.jpg\",\"sportspress-fit-mini\":\"https:\\\/\\\/regese.ch\\\/fussball\\\/wp-content\\\/uploads\\\/2025\\\/09\\\/FCK05-Vevey_13-09-25-33-32x21.jpg\",\"full\":\"https:\\\/\\\/regese.ch\\\/fussball\\\/wp-content\\\/uploads\\\/2025\\\/09\\\/FCK05-Vevey_13-09-25-33-scaled.jpg\",\"index\":32,\"id\":21666,\"video\":false,\"opts\":{\"caption\":\"\",\"thumb\":\"https:\\\/\\\/regese.ch\\\/fussball\\\/wp-content\\\/uploads\\\/2025\\\/09\\\/FCK05-Vevey_13-09-25-33-scaled-75x50_c.jpg\",\"title\":\"FCK05 - Vevey_13-09-25-33\"},\"gallery_id\":\"21631\"},{\"status\":\"active\",\"src\":\"https:\\\/\\\/regese.ch\\\/fussball\\\/wp-content\\\/uploads\\\/2025\\\/09\\\/FCK05-Vevey_13-09-25-34-scaled.jpg\",\"title\":\"FCK05 - Vevey_13-09-25-34\",\"link\":\"https:\\\/\\\/regese.ch\\\/fussball\\\/wp-content\\\/uploads\\\/2025\\\/09\\\/FCK05-Vevey_13-09-25-34-scaled.jpg\",\"alt\":\"\",\"caption\":false,\"thumb\":\"https:\\\/\\\/regese.ch\\\/fussball\\\/wp-content\\\/uploads\\\/2025\\\/09\\\/FCK05-Vevey_13-09-25-34-scaled-75x50_c.jpg\",\"meta\":{\"aperture\":null,\"credit\":null,\"camera\":null,\"caption\":\"\",\"created_timestamp\":null,\"copyright\":null,\"focal_length\":null,\"iso\":null,\"shutter_speed\":null,\"title\":\"\",\"orientation\":null,\"keywords\":null,\"resized_images\":null},\"thumbnail\":\"https:\\\/\\\/regese.ch\\\/fussball\\\/wp-content\\\/uploads\\\/2025\\\/09\\\/FCK05-Vevey_13-09-25-34-150x100.jpg\",\"medium\":\"https:\\\/\\\/regese.ch\\\/fussball\\\/wp-content\\\/uploads\\\/2025\\\/09\\\/FCK05-Vevey_13-09-25-34-300x200.jpg\",\"medium_large\":\"https:\\\/\\\/regese.ch\\\/fussball\\\/wp-content\\\/uploads\\\/2025\\\/09\\\/FCK05-Vevey_13-09-25-34-768x512.jpg\",\"large\":\"https:\\\/\\\/regese.ch\\\/fussball\\\/wp-content\\\/uploads\\\/2025\\\/09\\\/FCK05-Vevey_13-09-25-34-2000x1333.jpg\",\"1536x1536\":\"https:\\\/\\\/regese.ch\\\/fussball\\\/wp-content\\\/uploads\\\/2025\\\/09\\\/FCK05-Vevey_13-09-25-34-1536x1024.jpg\",\"2048x2048\":\"https:\\\/\\\/regese.ch\\\/fussball\\\/wp-content\\\/uploads\\\/2025\\\/09\\\/FCK05-Vevey_13-09-25-34-2048x1365.jpg\",\"sportspress-crop-medium\":\"https:\\\/\\\/regese.ch\\\/fussball\\\/wp-content\\\/uploads\\\/2025\\\/09\\\/FCK05-Vevey_13-09-25-34-300x300.jpg\",\"sportspress-fit-medium\":\"https:\\\/\\\/regese.ch\\\/fussball\\\/wp-content\\\/uploads\\\/2025\\\/09\\\/FCK05-Vevey_13-09-25-34-300x200.jpg\",\"sportspress-fit-icon\":\"https:\\\/\\\/regese.ch\\\/fussball\\\/wp-content\\\/uploads\\\/2025\\\/09\\\/FCK05-Vevey_13-09-25-34-128x85.jpg\",\"sportspress-fit-mini\":\"https:\\\/\\\/regese.ch\\\/fussball\\\/wp-content\\\/uploads\\\/2025\\\/09\\\/FCK05-Vevey_13-09-25-34-32x21.jpg\",\"full\":\"https:\\\/\\\/regese.ch\\\/fussball\\\/wp-content\\\/uploads\\\/2025\\\/09\\\/FCK05-Vevey_13-09-25-34-scaled.jpg\",\"index\":33,\"id\":21667,\"video\":false,\"opts\":{\"caption\":\"\",\"thumb\":\"https:\\\/\\\/regese.ch\\\/fussball\\\/wp-content\\\/uploads\\\/2025\\\/09\\\/FCK05-Vevey_13-09-25-34-scaled-75x50_c.jpg\",\"title\":\"FCK05 - Vevey_13-09-25-34\"},\"gallery_id\":\"21631\"},{\"status\":\"active\",\"src\":\"https:\\\/\\\/regese.ch\\\/fussball\\\/wp-content\\\/uploads\\\/2025\\\/09\\\/FCK05-Vevey_13-09-25-35-scaled.jpg\",\"title\":\"FCK05 - Vevey_13-09-25-35\",\"link\":\"https:\\\/\\\/regese.ch\\\/fussball\\\/wp-content\\\/uploads\\\/2025\\\/09\\\/FCK05-Vevey_13-09-25-35-scaled.jpg\",\"alt\":\"\",\"caption\":false,\"thumb\":\"https:\\\/\\\/regese.ch\\\/fussball\\\/wp-content\\\/uploads\\\/2025\\\/09\\\/FCK05-Vevey_13-09-25-35-scaled-75x50_c.jpg\",\"meta\":{\"aperture\":null,\"credit\":null,\"camera\":null,\"caption\":\"\",\"created_timestamp\":null,\"copyright\":null,\"focal_length\":null,\"iso\":null,\"shutter_speed\":null,\"title\":\"\",\"orientation\":null,\"keywords\":null,\"resized_images\":null},\"thumbnail\":\"https:\\\/\\\/regese.ch\\\/fussball\\\/wp-content\\\/uploads\\\/2025\\\/09\\\/FCK05-Vevey_13-09-25-35-150x100.jpg\",\"medium\":\"https:\\\/\\\/regese.ch\\\/fussball\\\/wp-content\\\/uploads\\\/2025\\\/09\\\/FCK05-Vevey_13-09-25-35-300x200.jpg\",\"medium_large\":\"https:\\\/\\\/regese.ch\\\/fussball\\\/wp-content\\\/uploads\\\/2025\\\/09\\\/FCK05-Vevey_13-09-25-35-768x512.jpg\",\"large\":\"https:\\\/\\\/regese.ch\\\/fussball\\\/wp-content\\\/uploads\\\/2025\\\/09\\\/FCK05-Vevey_13-09-25-35-2000x1333.jpg\",\"1536x1536\":\"https:\\\/\\\/regese.ch\\\/fussball\\\/wp-content\\\/uploads\\\/2025\\\/09\\\/FCK05-Vevey_13-09-25-35-1536x1024.jpg\",\"2048x2048\":\"https:\\\/\\\/regese.ch\\\/fussball\\\/wp-content\\\/uploads\\\/2025\\\/09\\\/FCK05-Vevey_13-09-25-35-2048x1365.jpg\",\"sportspress-crop-medium\":\"https:\\\/\\\/regese.ch\\\/fussball\\\/wp-content\\\/uploads\\\/2025\\\/09\\\/FCK05-Vevey_13-09-25-35-300x300.jpg\",\"sportspress-fit-medium\":\"https:\\\/\\\/regese.ch\\\/fussball\\\/wp-content\\\/uploads\\\/2025\\\/09\\\/FCK05-Vevey_13-09-25-35-300x200.jpg\",\"sportspress-fit-icon\":\"https:\\\/\\\/regese.ch\\\/fussball\\\/wp-content\\\/uploads\\\/2025\\\/09\\\/FCK05-Vevey_13-09-25-35-128x85.jpg\",\"sportspress-fit-mini\":\"https:\\\/\\\/regese.ch\\\/fussball\\\/wp-content\\\/uploads\\\/2025\\\/09\\\/FCK05-Vevey_13-09-25-35-32x21.jpg\",\"full\":\"https:\\\/\\\/regese.ch\\\/fussball\\\/wp-content\\\/uploads\\\/2025\\\/09\\\/FCK05-Vevey_13-09-25-35-scaled.jpg\",\"index\":34,\"id\":21668,\"video\":false,\"opts\":{\"caption\":\"\",\"thumb\":\"https:\\\/\\\/regese.ch\\\/fussball\\\/wp-content\\\/uploads\\\/2025\\\/09\\\/FCK05-Vevey_13-09-25-35-scaled-75x50_c.jpg\",\"title\":\"FCK05 - Vevey_13-09-25-35\"},\"gallery_id\":\"21631\"},{\"status\":\"active\",\"src\":\"https:\\\/\\\/regese.ch\\\/fussball\\\/wp-content\\\/uploads\\\/2025\\\/09\\\/FCK05-Vevey_13-09-25-36-scaled.jpg\",\"title\":\"FCK05 - Vevey_13-09-25-36\",\"link\":\"https:\\\/\\\/regese.ch\\\/fussball\\\/wp-content\\\/uploads\\\/2025\\\/09\\\/FCK05-Vevey_13-09-25-36-scaled.jpg\",\"alt\":\"\",\"caption\":false,\"thumb\":\"https:\\\/\\\/regese.ch\\\/fussball\\\/wp-content\\\/uploads\\\/2025\\\/09\\\/FCK05-Vevey_13-09-25-36-scaled-75x50_c.jpg\",\"meta\":{\"aperture\":null,\"credit\":null,\"camera\":null,\"caption\":\"\",\"created_timestamp\":null,\"copyright\":null,\"focal_length\":null,\"iso\":null,\"shutter_speed\":null,\"title\":\"\",\"orientation\":null,\"keywords\":null,\"resized_images\":null},\"thumbnail\":\"https:\\\/\\\/regese.ch\\\/fussball\\\/wp-content\\\/uploads\\\/2025\\\/09\\\/FCK05-Vevey_13-09-25-36-150x100.jpg\",\"medium\":\"https:\\\/\\\/regese.ch\\\/fussball\\\/wp-content\\\/uploads\\\/2025\\\/09\\\/FCK05-Vevey_13-09-25-36-300x200.jpg\",\"medium_large\":\"https:\\\/\\\/regese.ch\\\/fussball\\\/wp-content\\\/uploads\\\/2025\\\/09\\\/FCK05-Vevey_13-09-25-36-768x512.jpg\",\"large\":\"https:\\\/\\\/regese.ch\\\/fussball\\\/wp-content\\\/uploads\\\/2025\\\/09\\\/FCK05-Vevey_13-09-25-36-2000x1333.jpg\",\"1536x1536\":\"https:\\\/\\\/regese.ch\\\/fussball\\\/wp-content\\\/uploads\\\/2025\\\/09\\\/FCK05-Vevey_13-09-25-36-1536x1024.jpg\",\"2048x2048\":\"https:\\\/\\\/regese.ch\\\/fussball\\\/wp-content\\\/uploads\\\/2025\\\/09\\\/FCK05-Vevey_13-09-25-36-2048x1365.jpg\",\"sportspress-crop-medium\":\"https:\\\/\\\/regese.ch\\\/fussball\\\/wp-content\\\/uploads\\\/2025\\\/09\\\/FCK05-Vevey_13-09-25-36-300x300.jpg\",\"sportspress-fit-medium\":\"https:\\\/\\\/regese.ch\\\/fussball\\\/wp-content\\\/uploads\\\/2025\\\/09\\\/FCK05-Vevey_13-09-25-36-300x200.jpg\",\"sportspress-fit-icon\":\"https:\\\/\\\/regese.ch\\\/fussball\\\/wp-content\\\/uploads\\\/2025\\\/09\\\/FCK05-Vevey_13-09-25-36-128x85.jpg\",\"sportspress-fit-mini\":\"https:\\\/\\\/regese.ch\\\/fussball\\\/wp-content\\\/uploads\\\/2025\\\/09\\\/FCK05-Vevey_13-09-25-36-32x21.jpg\",\"full\":\"https:\\\/\\\/regese.ch\\\/fussball\\\/wp-content\\\/uploads\\\/2025\\\/09\\\/FCK05-Vevey_13-09-25-36-scaled.jpg\",\"index\":35,\"id\":21669,\"video\":false,\"opts\":{\"caption\":\"\",\"thumb\":\"https:\\\/\\\/regese.ch\\\/fussball\\\/wp-content\\\/uploads\\\/2025\\\/09\\\/FCK05-Vevey_13-09-25-36-scaled-75x50_c.jpg\",\"title\":\"FCK05 - Vevey_13-09-25-36\"},\"gallery_id\":\"21631\"},{\"status\":\"active\",\"src\":\"https:\\\/\\\/regese.ch\\\/fussball\\\/wp-content\\\/uploads\\\/2025\\\/09\\\/FCK05-Vevey_13-09-25-37-scaled.jpg\",\"title\":\"FCK05 - Vevey_13-09-25-37\",\"link\":\"https:\\\/\\\/regese.ch\\\/fussball\\\/wp-content\\\/uploads\\\/2025\\\/09\\\/FCK05-Vevey_13-09-25-37-scaled.jpg\",\"alt\":\"\",\"caption\":false,\"thumb\":\"https:\\\/\\\/regese.ch\\\/fussball\\\/wp-content\\\/uploads\\\/2025\\\/09\\\/FCK05-Vevey_13-09-25-37-scaled-75x50_c.jpg\",\"meta\":{\"aperture\":null,\"credit\":null,\"camera\":null,\"caption\":\"\",\"created_timestamp\":null,\"copyright\":null,\"focal_length\":null,\"iso\":null,\"shutter_speed\":null,\"title\":\"\",\"orientation\":null,\"keywords\":null,\"resized_images\":null},\"thumbnail\":\"https:\\\/\\\/regese.ch\\\/fussball\\\/wp-content\\\/uploads\\\/2025\\\/09\\\/FCK05-Vevey_13-09-25-37-150x100.jpg\",\"medium\":\"https:\\\/\\\/regese.ch\\\/fussball\\\/wp-content\\\/uploads\\\/2025\\\/09\\\/FCK05-Vevey_13-09-25-37-300x200.jpg\",\"medium_large\":\"https:\\\/\\\/regese.ch\\\/fussball\\\/wp-content\\\/uploads\\\/2025\\\/09\\\/FCK05-Vevey_13-09-25-37-768x512.jpg\",\"large\":\"https:\\\/\\\/regese.ch\\\/fussball\\\/wp-content\\\/uploads\\\/2025\\\/09\\\/FCK05-Vevey_13-09-25-37-2000x1333.jpg\",\"1536x1536\":\"https:\\\/\\\/regese.ch\\\/fussball\\\/wp-content\\\/uploads\\\/2025\\\/09\\\/FCK05-Vevey_13-09-25-37-1536x1024.jpg\",\"2048x2048\":\"https:\\\/\\\/regese.ch\\\/fussball\\\/wp-content\\\/uploads\\\/2025\\\/09\\\/FCK05-Vevey_13-09-25-37-2048x1365.jpg\",\"sportspress-crop-medium\":\"https:\\\/\\\/regese.ch\\\/fussball\\\/wp-content\\\/uploads\\\/2025\\\/09\\\/FCK05-Vevey_13-09-25-37-300x300.jpg\",\"sportspress-fit-medium\":\"https:\\\/\\\/regese.ch\\\/fussball\\\/wp-content\\\/uploads\\\/2025\\\/09\\\/FCK05-Vevey_13-09-25-37-300x200.jpg\",\"sportspress-fit-icon\":\"https:\\\/\\\/regese.ch\\\/fussball\\\/wp-content\\\/uploads\\\/2025\\\/09\\\/FCK05-Vevey_13-09-25-37-128x85.jpg\",\"sportspress-fit-mini\":\"https:\\\/\\\/regese.ch\\\/fussball\\\/wp-content\\\/uploads\\\/2025\\\/09\\\/FCK05-Vevey_13-09-25-37-32x21.jpg\",\"full\":\"https:\\\/\\\/regese.ch\\\/fussball\\\/wp-content\\\/uploads\\\/2025\\\/09\\\/FCK05-Vevey_13-09-25-37-scaled.jpg\",\"index\":36,\"id\":21700,\"video\":false,\"opts\":{\"caption\":\"\",\"thumb\":\"https:\\\/\\\/regese.ch\\\/fussball\\\/wp-content\\\/uploads\\\/2025\\\/09\\\/FCK05-Vevey_13-09-25-37-scaled-75x50_c.jpg\",\"title\":\"FCK05 - Vevey_13-09-25-37\"},\"gallery_id\":\"21631\"},{\"status\":\"active\",\"src\":\"https:\\\/\\\/regese.ch\\\/fussball\\\/wp-content\\\/uploads\\\/2025\\\/09\\\/FCK05-Vevey_13-09-25-38-scaled.jpg\",\"title\":\"FCK05 - Vevey_13-09-25-38\",\"link\":\"https:\\\/\\\/regese.ch\\\/fussball\\\/wp-content\\\/uploads\\\/2025\\\/09\\\/FCK05-Vevey_13-09-25-38-scaled.jpg\",\"alt\":\"\",\"caption\":false,\"thumb\":\"https:\\\/\\\/regese.ch\\\/fussball\\\/wp-content\\\/uploads\\\/2025\\\/09\\\/FCK05-Vevey_13-09-25-38-scaled-75x50_c.jpg\",\"meta\":{\"aperture\":null,\"credit\":null,\"camera\":null,\"caption\":\"\",\"created_timestamp\":null,\"copyright\":null,\"focal_length\":null,\"iso\":null,\"shutter_speed\":null,\"title\":\"\",\"orientation\":null,\"keywords\":null,\"resized_images\":null},\"thumbnail\":\"https:\\\/\\\/regese.ch\\\/fussball\\\/wp-content\\\/uploads\\\/2025\\\/09\\\/FCK05-Vevey_13-09-25-38-150x100.jpg\",\"medium\":\"https:\\\/\\\/regese.ch\\\/fussball\\\/wp-content\\\/uploads\\\/2025\\\/09\\\/FCK05-Vevey_13-09-25-38-300x200.jpg\",\"medium_large\":\"https:\\\/\\\/regese.ch\\\/fussball\\\/wp-content\\\/uploads\\\/2025\\\/09\\\/FCK05-Vevey_13-09-25-38-768x512.jpg\",\"large\":\"https:\\\/\\\/regese.ch\\\/fussball\\\/wp-content\\\/uploads\\\/2025\\\/09\\\/FCK05-Vevey_13-09-25-38-2000x1333.jpg\",\"1536x1536\":\"https:\\\/\\\/regese.ch\\\/fussball\\\/wp-content\\\/uploads\\\/2025\\\/09\\\/FCK05-Vevey_13-09-25-38-1536x1024.jpg\",\"2048x2048\":\"https:\\\/\\\/regese.ch\\\/fussball\\\/wp-content\\\/uploads\\\/2025\\\/09\\\/FCK05-Vevey_13-09-25-38-2048x1365.jpg\",\"sportspress-crop-medium\":\"https:\\\/\\\/regese.ch\\\/fussball\\\/wp-content\\\/uploads\\\/2025\\\/09\\\/FCK05-Vevey_13-09-25-38-300x300.jpg\",\"sportspress-fit-medium\":\"https:\\\/\\\/regese.ch\\\/fussball\\\/wp-content\\\/uploads\\\/2025\\\/09\\\/FCK05-Vevey_13-09-25-38-300x200.jpg\",\"sportspress-fit-icon\":\"https:\\\/\\\/regese.ch\\\/fussball\\\/wp-content\\\/uploads\\\/2025\\\/09\\\/FCK05-Vevey_13-09-25-38-128x85.jpg\",\"sportspress-fit-mini\":\"https:\\\/\\\/regese.ch\\\/fussball\\\/wp-content\\\/uploads\\\/2025\\\/09\\\/FCK05-Vevey_13-09-25-38-32x21.jpg\",\"full\":\"https:\\\/\\\/regese.ch\\\/fussball\\\/wp-content\\\/uploads\\\/2025\\\/09\\\/FCK05-Vevey_13-09-25-38-scaled.jpg\",\"index\":37,\"id\":21701,\"video\":false,\"opts\":{\"caption\":\"\",\"thumb\":\"https:\\\/\\\/regese.ch\\\/fussball\\\/wp-content\\\/uploads\\\/2025\\\/09\\\/FCK05-Vevey_13-09-25-38-scaled-75x50_c.jpg\",\"title\":\"FCK05 - Vevey_13-09-25-38\"},\"gallery_id\":\"21631\"},{\"status\":\"active\",\"src\":\"https:\\\/\\\/regese.ch\\\/fussball\\\/wp-content\\\/uploads\\\/2025\\\/09\\\/FCK05-Vevey_13-09-25-39-scaled.jpg\",\"title\":\"FCK05 - Vevey_13-09-25-39\",\"link\":\"https:\\\/\\\/regese.ch\\\/fussball\\\/wp-content\\\/uploads\\\/2025\\\/09\\\/FCK05-Vevey_13-09-25-39-scaled.jpg\",\"alt\":\"\",\"caption\":false,\"thumb\":\"https:\\\/\\\/regese.ch\\\/fussball\\\/wp-content\\\/uploads\\\/2025\\\/09\\\/FCK05-Vevey_13-09-25-39-scaled-75x50_c.jpg\",\"meta\":{\"aperture\":null,\"credit\":null,\"camera\":null,\"caption\":\"\",\"created_timestamp\":null,\"copyright\":null,\"focal_length\":null,\"iso\":null,\"shutter_speed\":null,\"title\":\"\",\"orientation\":null,\"keywords\":null,\"resized_images\":null},\"thumbnail\":\"https:\\\/\\\/regese.ch\\\/fussball\\\/wp-content\\\/uploads\\\/2025\\\/09\\\/FCK05-Vevey_13-09-25-39-150x100.jpg\",\"medium\":\"https:\\\/\\\/regese.ch\\\/fussball\\\/wp-content\\\/uploads\\\/2025\\\/09\\\/FCK05-Vevey_13-09-25-39-300x200.jpg\",\"medium_large\":\"https:\\\/\\\/regese.ch\\\/fussball\\\/wp-content\\\/uploads\\\/2025\\\/09\\\/FCK05-Vevey_13-09-25-39-768x512.jpg\",\"large\":\"https:\\\/\\\/regese.ch\\\/fussball\\\/wp-content\\\/uploads\\\/2025\\\/09\\\/FCK05-Vevey_13-09-25-39-2000x1333.jpg\",\"1536x1536\":\"https:\\\/\\\/regese.ch\\\/fussball\\\/wp-content\\\/uploads\\\/2025\\\/09\\\/FCK05-Vevey_13-09-25-39-1536x1024.jpg\",\"2048x2048\":\"https:\\\/\\\/regese.ch\\\/fussball\\\/wp-content\\\/uploads\\\/2025\\\/09\\\/FCK05-Vevey_13-09-25-39-2048x1365.jpg\",\"sportspress-crop-medium\":\"https:\\\/\\\/regese.ch\\\/fussball\\\/wp-content\\\/uploads\\\/2025\\\/09\\\/FCK05-Vevey_13-09-25-39-300x300.jpg\",\"sportspress-fit-medium\":\"https:\\\/\\\/regese.ch\\\/fussball\\\/wp-content\\\/uploads\\\/2025\\\/09\\\/FCK05-Vevey_13-09-25-39-300x200.jpg\",\"sportspress-fit-icon\":\"https:\\\/\\\/regese.ch\\\/fussball\\\/wp-content\\\/uploads\\\/2025\\\/09\\\/FCK05-Vevey_13-09-25-39-128x85.jpg\",\"sportspress-fit-mini\":\"https:\\\/\\\/regese.ch\\\/fussball\\\/wp-content\\\/uploads\\\/2025\\\/09\\\/FCK05-Vevey_13-09-25-39-32x21.jpg\",\"full\":\"https:\\\/\\\/regese.ch\\\/fussball\\\/wp-content\\\/uploads\\\/2025\\\/09\\\/FCK05-Vevey_13-09-25-39-scaled.jpg\",\"index\":38,\"id\":21702,\"video\":false,\"opts\":{\"caption\":\"\",\"thumb\":\"https:\\\/\\\/regese.ch\\\/fussball\\\/wp-content\\\/uploads\\\/2025\\\/09\\\/FCK05-Vevey_13-09-25-39-scaled-75x50_c.jpg\",\"title\":\"FCK05 - Vevey_13-09-25-39\"},\"gallery_id\":\"21631\"},{\"status\":\"active\",\"src\":\"https:\\\/\\\/regese.ch\\\/fussball\\\/wp-content\\\/uploads\\\/2025\\\/09\\\/FCK05-Vevey_13-09-25-40-scaled.jpg\",\"title\":\"FCK05 - Vevey_13-09-25-40\",\"link\":\"https:\\\/\\\/regese.ch\\\/fussball\\\/wp-content\\\/uploads\\\/2025\\\/09\\\/FCK05-Vevey_13-09-25-40-scaled.jpg\",\"alt\":\"\",\"caption\":false,\"thumb\":\"https:\\\/\\\/regese.ch\\\/fussball\\\/wp-content\\\/uploads\\\/2025\\\/09\\\/FCK05-Vevey_13-09-25-40-scaled-75x50_c.jpg\",\"meta\":{\"aperture\":null,\"credit\":null,\"camera\":null,\"caption\":\"\",\"created_timestamp\":null,\"copyright\":null,\"focal_length\":null,\"iso\":null,\"shutter_speed\":null,\"title\":\"\",\"orientation\":null,\"keywords\":null,\"resized_images\":null},\"thumbnail\":\"https:\\\/\\\/regese.ch\\\/fussball\\\/wp-content\\\/uploads\\\/2025\\\/09\\\/FCK05-Vevey_13-09-25-40-150x100.jpg\",\"medium\":\"https:\\\/\\\/regese.ch\\\/fussball\\\/wp-content\\\/uploads\\\/2025\\\/09\\\/FCK05-Vevey_13-09-25-40-300x200.jpg\",\"medium_large\":\"https:\\\/\\\/regese.ch\\\/fussball\\\/wp-content\\\/uploads\\\/2025\\\/09\\\/FCK05-Vevey_13-09-25-40-768x512.jpg\",\"large\":\"https:\\\/\\\/regese.ch\\\/fussball\\\/wp-content\\\/uploads\\\/2025\\\/09\\\/FCK05-Vevey_13-09-25-40-2000x1333.jpg\",\"1536x1536\":\"https:\\\/\\\/regese.ch\\\/fussball\\\/wp-content\\\/uploads\\\/2025\\\/09\\\/FCK05-Vevey_13-09-25-40-1536x1024.jpg\",\"2048x2048\":\"https:\\\/\\\/regese.ch\\\/fussball\\\/wp-content\\\/uploads\\\/2025\\\/09\\\/FCK05-Vevey_13-09-25-40-2048x1365.jpg\",\"sportspress-crop-medium\":\"https:\\\/\\\/regese.ch\\\/fussball\\\/wp-content\\\/uploads\\\/2025\\\/09\\\/FCK05-Vevey_13-09-25-40-300x300.jpg\",\"sportspress-fit-medium\":\"https:\\\/\\\/regese.ch\\\/fussball\\\/wp-content\\\/uploads\\\/2025\\\/09\\\/FCK05-Vevey_13-09-25-40-300x200.jpg\",\"sportspress-fit-icon\":\"https:\\\/\\\/regese.ch\\\/fussball\\\/wp-content\\\/uploads\\\/2025\\\/09\\\/FCK05-Vevey_13-09-25-40-128x85.jpg\",\"sportspress-fit-mini\":\"https:\\\/\\\/regese.ch\\\/fussball\\\/wp-content\\\/uploads\\\/2025\\\/09\\\/FCK05-Vevey_13-09-25-40-32x21.jpg\",\"full\":\"https:\\\/\\\/regese.ch\\\/fussball\\\/wp-content\\\/uploads\\\/2025\\\/09\\\/FCK05-Vevey_13-09-25-40-scaled.jpg\",\"index\":39,\"id\":21703,\"video\":false,\"opts\":{\"caption\":\"\",\"thumb\":\"https:\\\/\\\/regese.ch\\\/fussball\\\/wp-content\\\/uploads\\\/2025\\\/09\\\/FCK05-Vevey_13-09-25-40-scaled-75x50_c.jpg\",\"title\":\"FCK05 - Vevey_13-09-25-40\"},\"gallery_id\":\"21631\"},{\"status\":\"active\",\"src\":\"https:\\\/\\\/regese.ch\\\/fussball\\\/wp-content\\\/uploads\\\/2025\\\/09\\\/FCK05-Vevey_13-09-25-42-1-scaled.jpg\",\"title\":\"FCK05 - Vevey_13-09-25-42\",\"link\":\"https:\\\/\\\/regese.ch\\\/fussball\\\/wp-content\\\/uploads\\\/2025\\\/09\\\/FCK05-Vevey_13-09-25-42-1-scaled.jpg\",\"alt\":\"\",\"caption\":false,\"thumb\":\"https:\\\/\\\/regese.ch\\\/fussball\\\/wp-content\\\/uploads\\\/2025\\\/09\\\/FCK05-Vevey_13-09-25-42-1-scaled-75x50_c.jpg\",\"meta\":{\"aperture\":null,\"credit\":null,\"camera\":null,\"caption\":\"\",\"created_timestamp\":null,\"copyright\":null,\"focal_length\":null,\"iso\":null,\"shutter_speed\":null,\"title\":\"\",\"orientation\":null,\"keywords\":null,\"resized_images\":null},\"thumbnail\":\"https:\\\/\\\/regese.ch\\\/fussball\\\/wp-content\\\/uploads\\\/2025\\\/09\\\/FCK05-Vevey_13-09-25-42-1-100x150.jpg\",\"medium\":\"https:\\\/\\\/regese.ch\\\/fussball\\\/wp-content\\\/uploads\\\/2025\\\/09\\\/FCK05-Vevey_13-09-25-42-1-200x300.jpg\",\"medium_large\":\"https:\\\/\\\/regese.ch\\\/fussball\\\/wp-content\\\/uploads\\\/2025\\\/09\\\/FCK05-Vevey_13-09-25-42-1-768x1152.jpg\",\"large\":\"https:\\\/\\\/regese.ch\\\/fussball\\\/wp-content\\\/uploads\\\/2025\\\/09\\\/FCK05-Vevey_13-09-25-42-1-1334x2000.jpg\",\"1536x1536\":\"https:\\\/\\\/regese.ch\\\/fussball\\\/wp-content\\\/uploads\\\/2025\\\/09\\\/FCK05-Vevey_13-09-25-42-1-1024x1536.jpg\",\"2048x2048\":\"https:\\\/\\\/regese.ch\\\/fussball\\\/wp-content\\\/uploads\\\/2025\\\/09\\\/FCK05-Vevey_13-09-25-42-1-1366x2048.jpg\",\"sportspress-crop-medium\":\"https:\\\/\\\/regese.ch\\\/fussball\\\/wp-content\\\/uploads\\\/2025\\\/09\\\/FCK05-Vevey_13-09-25-42-1-300x300.jpg\",\"sportspress-fit-medium\":\"https:\\\/\\\/regese.ch\\\/fussball\\\/wp-content\\\/uploads\\\/2025\\\/09\\\/FCK05-Vevey_13-09-25-42-1-200x300.jpg\",\"sportspress-fit-icon\":\"https:\\\/\\\/regese.ch\\\/fussball\\\/wp-content\\\/uploads\\\/2025\\\/09\\\/FCK05-Vevey_13-09-25-42-1-85x128.jpg\",\"sportspress-fit-mini\":\"https:\\\/\\\/regese.ch\\\/fussball\\\/wp-content\\\/uploads\\\/2025\\\/09\\\/FCK05-Vevey_13-09-25-42-1-21x32.jpg\",\"full\":\"https:\\\/\\\/regese.ch\\\/fussball\\\/wp-content\\\/uploads\\\/2025\\\/09\\\/FCK05-Vevey_13-09-25-42-1-scaled.jpg\",\"index\":40,\"id\":21708,\"video\":false,\"opts\":{\"caption\":\"\",\"thumb\":\"https:\\\/\\\/regese.ch\\\/fussball\\\/wp-content\\\/uploads\\\/2025\\\/09\\\/FCK05-Vevey_13-09-25-42-1-scaled-75x50_c.jpg\",\"title\":\"FCK05 - Vevey_13-09-25-42\"},\"gallery_id\":\"21631\"},{\"status\":\"active\",\"src\":\"https:\\\/\\\/regese.ch\\\/fussball\\\/wp-content\\\/uploads\\\/2025\\\/09\\\/FCK05-Vevey_13-09-25-44.jpg\",\"title\":\"FCK05 - Vevey_13-09-25-44\",\"link\":\"https:\\\/\\\/regese.ch\\\/fussball\\\/wp-content\\\/uploads\\\/2025\\\/09\\\/FCK05-Vevey_13-09-25-44.jpg\",\"alt\":\"\",\"caption\":false,\"thumb\":\"https:\\\/\\\/regese.ch\\\/fussball\\\/wp-content\\\/uploads\\\/2025\\\/09\\\/FCK05-Vevey_13-09-25-44-75x50_c.jpg\",\"meta\":{\"aperture\":null,\"credit\":null,\"camera\":null,\"caption\":\"\",\"created_timestamp\":null,\"copyright\":null,\"focal_length\":null,\"iso\":null,\"shutter_speed\":null,\"title\":\"\",\"orientation\":null,\"keywords\":null,\"resized_images\":null},\"thumbnail\":\"https:\\\/\\\/regese.ch\\\/fussball\\\/wp-content\\\/uploads\\\/2025\\\/09\\\/FCK05-Vevey_13-09-25-44-150x100.jpg\",\"medium\":\"https:\\\/\\\/regese.ch\\\/fussball\\\/wp-content\\\/uploads\\\/2025\\\/09\\\/FCK05-Vevey_13-09-25-44-300x200.jpg\",\"medium_large\":\"https:\\\/\\\/regese.ch\\\/fussball\\\/wp-content\\\/uploads\\\/2025\\\/09\\\/FCK05-Vevey_13-09-25-44-768x512.jpg\",\"large\":\"https:\\\/\\\/regese.ch\\\/fussball\\\/wp-content\\\/uploads\\\/2025\\\/09\\\/FCK05-Vevey_13-09-25-44.jpg\",\"1536x1536\":\"https:\\\/\\\/regese.ch\\\/fussball\\\/wp-content\\\/uploads\\\/2025\\\/09\\\/FCK05-Vevey_13-09-25-44-1536x1024.jpg\",\"2048x2048\":\"https:\\\/\\\/regese.ch\\\/fussball\\\/wp-content\\\/uploads\\\/2025\\\/09\\\/FCK05-Vevey_13-09-25-44.jpg\",\"sportspress-crop-medium\":\"https:\\\/\\\/regese.ch\\\/fussball\\\/wp-content\\\/uploads\\\/2025\\\/09\\\/FCK05-Vevey_13-09-25-44-300x300.jpg\",\"sportspress-fit-medium\":\"https:\\\/\\\/regese.ch\\\/fussball\\\/wp-content\\\/uploads\\\/2025\\\/09\\\/FCK05-Vevey_13-09-25-44-300x200.jpg\",\"sportspress-fit-icon\":\"https:\\\/\\\/regese.ch\\\/fussball\\\/wp-content\\\/uploads\\\/2025\\\/09\\\/FCK05-Vevey_13-09-25-44-128x85.jpg\",\"sportspress-fit-mini\":\"https:\\\/\\\/regese.ch\\\/fussball\\\/wp-content\\\/uploads\\\/2025\\\/09\\\/FCK05-Vevey_13-09-25-44-32x21.jpg\",\"full\":\"https:\\\/\\\/regese.ch\\\/fussball\\\/wp-content\\\/uploads\\\/2025\\\/09\\\/FCK05-Vevey_13-09-25-44.jpg\",\"index\":41,\"id\":21710,\"video\":false,\"opts\":{\"caption\":\"\",\"thumb\":\"https:\\\/\\\/regese.ch\\\/fussball\\\/wp-content\\\/uploads\\\/2025\\\/09\\\/FCK05-Vevey_13-09-25-44-75x50_c.jpg\",\"title\":\"FCK05 - Vevey_13-09-25-44\"},\"gallery_id\":\"21631\"},{\"status\":\"active\",\"src\":\"https:\\\/\\\/regese.ch\\\/fussball\\\/wp-content\\\/uploads\\\/2025\\\/09\\\/FCK05-Vevey_13-09-25-45.jpg\",\"title\":\"FCK05 - Vevey_13-09-25-45\",\"link\":\"https:\\\/\\\/regese.ch\\\/fussball\\\/wp-content\\\/uploads\\\/2025\\\/09\\\/FCK05-Vevey_13-09-25-45.jpg\",\"alt\":\"\",\"caption\":false,\"thumb\":\"https:\\\/\\\/regese.ch\\\/fussball\\\/wp-content\\\/uploads\\\/2025\\\/09\\\/FCK05-Vevey_13-09-25-45-75x50_c.jpg\",\"meta\":{\"aperture\":null,\"credit\":null,\"camera\":null,\"caption\":\"\",\"created_timestamp\":null,\"copyright\":null,\"focal_length\":null,\"iso\":null,\"shutter_speed\":null,\"title\":\"\",\"orientation\":null,\"keywords\":null,\"resized_images\":null},\"thumbnail\":\"https:\\\/\\\/regese.ch\\\/fussball\\\/wp-content\\\/uploads\\\/2025\\\/09\\\/FCK05-Vevey_13-09-25-45-150x100.jpg\",\"medium\":\"https:\\\/\\\/regese.ch\\\/fussball\\\/wp-content\\\/uploads\\\/2025\\\/09\\\/FCK05-Vevey_13-09-25-45-300x200.jpg\",\"medium_large\":\"https:\\\/\\\/regese.ch\\\/fussball\\\/wp-content\\\/uploads\\\/2025\\\/09\\\/FCK05-Vevey_13-09-25-45-768x512.jpg\",\"large\":\"https:\\\/\\\/regese.ch\\\/fussball\\\/wp-content\\\/uploads\\\/2025\\\/09\\\/FCK05-Vevey_13-09-25-45.jpg\",\"1536x1536\":\"https:\\\/\\\/regese.ch\\\/fussball\\\/wp-content\\\/uploads\\\/2025\\\/09\\\/FCK05-Vevey_13-09-25-45-1536x1024.jpg\",\"2048x2048\":\"https:\\\/\\\/regese.ch\\\/fussball\\\/wp-content\\\/uploads\\\/2025\\\/09\\\/FCK05-Vevey_13-09-25-45.jpg\",\"sportspress-crop-medium\":\"https:\\\/\\\/regese.ch\\\/fussball\\\/wp-content\\\/uploads\\\/2025\\\/09\\\/FCK05-Vevey_13-09-25-45-300x300.jpg\",\"sportspress-fit-medium\":\"https:\\\/\\\/regese.ch\\\/fussball\\\/wp-content\\\/uploads\\\/2025\\\/09\\\/FCK05-Vevey_13-09-25-45-300x200.jpg\",\"sportspress-fit-icon\":\"https:\\\/\\\/regese.ch\\\/fussball\\\/wp-content\\\/uploads\\\/2025\\\/09\\\/FCK05-Vevey_13-09-25-45-128x85.jpg\",\"sportspress-fit-mini\":\"https:\\\/\\\/regese.ch\\\/fussball\\\/wp-content\\\/uploads\\\/2025\\\/09\\\/FCK05-Vevey_13-09-25-45-32x21.jpg\",\"full\":\"https:\\\/\\\/regese.ch\\\/fussball\\\/wp-content\\\/uploads\\\/2025\\\/09\\\/FCK05-Vevey_13-09-25-45.jpg\",\"index\":42,\"id\":21711,\"video\":false,\"opts\":{\"caption\":\"\",\"thumb\":\"https:\\\/\\\/regese.ch\\\/fussball\\\/wp-content\\\/uploads\\\/2025\\\/09\\\/FCK05-Vevey_13-09-25-45-75x50_c.jpg\",\"title\":\"FCK05 - Vevey_13-09-25-45\"},\"gallery_id\":\"21631\"},{\"status\":\"active\",\"src\":\"https:\\\/\\\/regese.ch\\\/fussball\\\/wp-content\\\/uploads\\\/2025\\\/09\\\/FCK05-Vevey_13-09-25-47.jpg\",\"title\":\"FCK05 - Vevey_13-09-25-47\",\"link\":\"https:\\\/\\\/regese.ch\\\/fussball\\\/wp-content\\\/uploads\\\/2025\\\/09\\\/FCK05-Vevey_13-09-25-47.jpg\",\"alt\":\"\",\"caption\":false,\"thumb\":\"https:\\\/\\\/regese.ch\\\/fussball\\\/wp-content\\\/uploads\\\/2025\\\/09\\\/FCK05-Vevey_13-09-25-47-75x50_c.jpg\",\"meta\":{\"aperture\":null,\"credit\":null,\"camera\":null,\"caption\":\"\",\"created_timestamp\":null,\"copyright\":null,\"focal_length\":null,\"iso\":null,\"shutter_speed\":null,\"title\":\"\",\"orientation\":null,\"keywords\":null,\"resized_images\":null},\"thumbnail\":\"https:\\\/\\\/regese.ch\\\/fussball\\\/wp-content\\\/uploads\\\/2025\\\/09\\\/FCK05-Vevey_13-09-25-47-150x100.jpg\",\"medium\":\"https:\\\/\\\/regese.ch\\\/fussball\\\/wp-content\\\/uploads\\\/2025\\\/09\\\/FCK05-Vevey_13-09-25-47-300x200.jpg\",\"medium_large\":\"https:\\\/\\\/regese.ch\\\/fussball\\\/wp-content\\\/uploads\\\/2025\\\/09\\\/FCK05-Vevey_13-09-25-47-768x512.jpg\",\"large\":\"https:\\\/\\\/regese.ch\\\/fussball\\\/wp-content\\\/uploads\\\/2025\\\/09\\\/FCK05-Vevey_13-09-25-47.jpg\",\"1536x1536\":\"https:\\\/\\\/regese.ch\\\/fussball\\\/wp-content\\\/uploads\\\/2025\\\/09\\\/FCK05-Vevey_13-09-25-47-1536x1024.jpg\",\"2048x2048\":\"https:\\\/\\\/regese.ch\\\/fussball\\\/wp-content\\\/uploads\\\/2025\\\/09\\\/FCK05-Vevey_13-09-25-47.jpg\",\"sportspress-crop-medium\":\"https:\\\/\\\/regese.ch\\\/fussball\\\/wp-content\\\/uploads\\\/2025\\\/09\\\/FCK05-Vevey_13-09-25-47-300x300.jpg\",\"sportspress-fit-medium\":\"https:\\\/\\\/regese.ch\\\/fussball\\\/wp-content\\\/uploads\\\/2025\\\/09\\\/FCK05-Vevey_13-09-25-47-300x200.jpg\",\"sportspress-fit-icon\":\"https:\\\/\\\/regese.ch\\\/fussball\\\/wp-content\\\/uploads\\\/2025\\\/09\\\/FCK05-Vevey_13-09-25-47-128x85.jpg\",\"sportspress-fit-mini\":\"https:\\\/\\\/regese.ch\\\/fussball\\\/wp-content\\\/uploads\\\/2025\\\/09\\\/FCK05-Vevey_13-09-25-47-32x21.jpg\",\"full\":\"https:\\\/\\\/regese.ch\\\/fussball\\\/wp-content\\\/uploads\\\/2025\\\/09\\\/FCK05-Vevey_13-09-25-47.jpg\",\"index\":43,\"id\":21713,\"video\":false,\"opts\":{\"caption\":\"\",\"thumb\":\"https:\\\/\\\/regese.ch\\\/fussball\\\/wp-content\\\/uploads\\\/2025\\\/09\\\/FCK05-Vevey_13-09-25-47-75x50_c.jpg\",\"title\":\"FCK05 - Vevey_13-09-25-47\"},\"gallery_id\":\"21631\"},{\"status\":\"active\",\"src\":\"https:\\\/\\\/regese.ch\\\/fussball\\\/wp-content\\\/uploads\\\/2025\\\/09\\\/FCK05-Vevey_13-09-25-48.jpg\",\"title\":\"FCK05 - Vevey_13-09-25-48\",\"link\":\"https:\\\/\\\/regese.ch\\\/fussball\\\/wp-content\\\/uploads\\\/2025\\\/09\\\/FCK05-Vevey_13-09-25-48.jpg\",\"alt\":\"\",\"caption\":false,\"thumb\":\"https:\\\/\\\/regese.ch\\\/fussball\\\/wp-content\\\/uploads\\\/2025\\\/09\\\/FCK05-Vevey_13-09-25-48-75x50_c.jpg\",\"meta\":{\"aperture\":null,\"credit\":null,\"camera\":null,\"caption\":\"\",\"created_timestamp\":null,\"copyright\":null,\"focal_length\":null,\"iso\":null,\"shutter_speed\":null,\"title\":\"\",\"orientation\":null,\"keywords\":null,\"resized_images\":null},\"thumbnail\":\"https:\\\/\\\/regese.ch\\\/fussball\\\/wp-content\\\/uploads\\\/2025\\\/09\\\/FCK05-Vevey_13-09-25-48-150x100.jpg\",\"medium\":\"https:\\\/\\\/regese.ch\\\/fussball\\\/wp-content\\\/uploads\\\/2025\\\/09\\\/FCK05-Vevey_13-09-25-48-300x200.jpg\",\"medium_large\":\"https:\\\/\\\/regese.ch\\\/fussball\\\/wp-content\\\/uploads\\\/2025\\\/09\\\/FCK05-Vevey_13-09-25-48-768x512.jpg\",\"large\":\"https:\\\/\\\/regese.ch\\\/fussball\\\/wp-content\\\/uploads\\\/2025\\\/09\\\/FCK05-Vevey_13-09-25-48.jpg\",\"1536x1536\":\"https:\\\/\\\/regese.ch\\\/fussball\\\/wp-content\\\/uploads\\\/2025\\\/09\\\/FCK05-Vevey_13-09-25-48-1536x1024.jpg\",\"2048x2048\":\"https:\\\/\\\/regese.ch\\\/fussball\\\/wp-content\\\/uploads\\\/2025\\\/09\\\/FCK05-Vevey_13-09-25-48.jpg\",\"sportspress-crop-medium\":\"https:\\\/\\\/regese.ch\\\/fussball\\\/wp-content\\\/uploads\\\/2025\\\/09\\\/FCK05-Vevey_13-09-25-48-300x300.jpg\",\"sportspress-fit-medium\":\"https:\\\/\\\/regese.ch\\\/fussball\\\/wp-content\\\/uploads\\\/2025\\\/09\\\/FCK05-Vevey_13-09-25-48-300x200.jpg\",\"sportspress-fit-icon\":\"https:\\\/\\\/regese.ch\\\/fussball\\\/wp-content\\\/uploads\\\/2025\\\/09\\\/FCK05-Vevey_13-09-25-48-128x85.jpg\",\"sportspress-fit-mini\":\"https:\\\/\\\/regese.ch\\\/fussball\\\/wp-content\\\/uploads\\\/2025\\\/09\\\/FCK05-Vevey_13-09-25-48-32x21.jpg\",\"full\":\"https:\\\/\\\/regese.ch\\\/fussball\\\/wp-content\\\/uploads\\\/2025\\\/09\\\/FCK05-Vevey_13-09-25-48.jpg\",\"index\":44,\"id\":21714,\"video\":false,\"opts\":{\"caption\":\"\",\"thumb\":\"https:\\\/\\\/regese.ch\\\/fussball\\\/wp-content\\\/uploads\\\/2025\\\/09\\\/FCK05-Vevey_13-09-25-48-75x50_c.jpg\",\"title\":\"FCK05 - Vevey_13-09-25-48\"},\"gallery_id\":\"21631\"},{\"status\":\"active\",\"src\":\"https:\\\/\\\/regese.ch\\\/fussball\\\/wp-content\\\/uploads\\\/2025\\\/09\\\/FCK05-Vevey_13-09-25-49.jpg\",\"title\":\"FCK05 - Vevey_13-09-25-49\",\"link\":\"https:\\\/\\\/regese.ch\\\/fussball\\\/wp-content\\\/uploads\\\/2025\\\/09\\\/FCK05-Vevey_13-09-25-49.jpg\",\"alt\":\"\",\"caption\":false,\"thumb\":\"https:\\\/\\\/regese.ch\\\/fussball\\\/wp-content\\\/uploads\\\/2025\\\/09\\\/FCK05-Vevey_13-09-25-49-75x50_c.jpg\",\"meta\":{\"aperture\":null,\"credit\":null,\"camera\":null,\"caption\":\"\",\"created_timestamp\":null,\"copyright\":null,\"focal_length\":null,\"iso\":null,\"shutter_speed\":null,\"title\":\"\",\"orientation\":null,\"keywords\":null,\"resized_images\":null},\"thumbnail\":\"https:\\\/\\\/regese.ch\\\/fussball\\\/wp-content\\\/uploads\\\/2025\\\/09\\\/FCK05-Vevey_13-09-25-49-150x100.jpg\",\"medium\":\"https:\\\/\\\/regese.ch\\\/fussball\\\/wp-content\\\/uploads\\\/2025\\\/09\\\/FCK05-Vevey_13-09-25-49-300x200.jpg\",\"medium_large\":\"https:\\\/\\\/regese.ch\\\/fussball\\\/wp-content\\\/uploads\\\/2025\\\/09\\\/FCK05-Vevey_13-09-25-49-768x512.jpg\",\"large\":\"https:\\\/\\\/regese.ch\\\/fussball\\\/wp-content\\\/uploads\\\/2025\\\/09\\\/FCK05-Vevey_13-09-25-49.jpg\",\"1536x1536\":\"https:\\\/\\\/regese.ch\\\/fussball\\\/wp-content\\\/uploads\\\/2025\\\/09\\\/FCK05-Vevey_13-09-25-49-1536x1024.jpg\",\"2048x2048\":\"https:\\\/\\\/regese.ch\\\/fussball\\\/wp-content\\\/uploads\\\/2025\\\/09\\\/FCK05-Vevey_13-09-25-49.jpg\",\"sportspress-crop-medium\":\"https:\\\/\\\/regese.ch\\\/fussball\\\/wp-content\\\/uploads\\\/2025\\\/09\\\/FCK05-Vevey_13-09-25-49-300x300.jpg\",\"sportspress-fit-medium\":\"https:\\\/\\\/regese.ch\\\/fussball\\\/wp-content\\\/uploads\\\/2025\\\/09\\\/FCK05-Vevey_13-09-25-49-300x200.jpg\",\"sportspress-fit-icon\":\"https:\\\/\\\/regese.ch\\\/fussball\\\/wp-content\\\/uploads\\\/2025\\\/09\\\/FCK05-Vevey_13-09-25-49-128x85.jpg\",\"sportspress-fit-mini\":\"https:\\\/\\\/regese.ch\\\/fussball\\\/wp-content\\\/uploads\\\/2025\\\/09\\\/FCK05-Vevey_13-09-25-49-32x21.jpg\",\"full\":\"https:\\\/\\\/regese.ch\\\/fussball\\\/wp-content\\\/uploads\\\/2025\\\/09\\\/FCK05-Vevey_13-09-25-49.jpg\",\"index\":45,\"id\":21715,\"video\":false,\"opts\":{\"caption\":\"\",\"thumb\":\"https:\\\/\\\/regese.ch\\\/fussball\\\/wp-content\\\/uploads\\\/2025\\\/09\\\/FCK05-Vevey_13-09-25-49-75x50_c.jpg\",\"title\":\"FCK05 - Vevey_13-09-25-49\"},\"gallery_id\":\"21631\"},{\"status\":\"active\",\"src\":\"https:\\\/\\\/regese.ch\\\/fussball\\\/wp-content\\\/uploads\\\/2025\\\/09\\\/FCK05-Vevey_13-09-25-50.jpg\",\"title\":\"FCK05 - Vevey_13-09-25-50\",\"link\":\"https:\\\/\\\/regese.ch\\\/fussball\\\/wp-content\\\/uploads\\\/2025\\\/09\\\/FCK05-Vevey_13-09-25-50.jpg\",\"alt\":\"\",\"caption\":false,\"thumb\":\"https:\\\/\\\/regese.ch\\\/fussball\\\/wp-content\\\/uploads\\\/2025\\\/09\\\/FCK05-Vevey_13-09-25-50-75x50_c.jpg\",\"meta\":{\"aperture\":null,\"credit\":null,\"camera\":null,\"caption\":\"\",\"created_timestamp\":null,\"copyright\":null,\"focal_length\":null,\"iso\":null,\"shutter_speed\":null,\"title\":\"\",\"orientation\":null,\"keywords\":null,\"resized_images\":null},\"thumbnail\":\"https:\\\/\\\/regese.ch\\\/fussball\\\/wp-content\\\/uploads\\\/2025\\\/09\\\/FCK05-Vevey_13-09-25-50-150x100.jpg\",\"medium\":\"https:\\\/\\\/regese.ch\\\/fussball\\\/wp-content\\\/uploads\\\/2025\\\/09\\\/FCK05-Vevey_13-09-25-50-300x200.jpg\",\"medium_large\":\"https:\\\/\\\/regese.ch\\\/fussball\\\/wp-content\\\/uploads\\\/2025\\\/09\\\/FCK05-Vevey_13-09-25-50-768x512.jpg\",\"large\":\"https:\\\/\\\/regese.ch\\\/fussball\\\/wp-content\\\/uploads\\\/2025\\\/09\\\/FCK05-Vevey_13-09-25-50.jpg\",\"1536x1536\":\"https:\\\/\\\/regese.ch\\\/fussball\\\/wp-content\\\/uploads\\\/2025\\\/09\\\/FCK05-Vevey_13-09-25-50-1536x1024.jpg\",\"2048x2048\":\"https:\\\/\\\/regese.ch\\\/fussball\\\/wp-content\\\/uploads\\\/2025\\\/09\\\/FCK05-Vevey_13-09-25-50.jpg\",\"sportspress-crop-medium\":\"https:\\\/\\\/regese.ch\\\/fussball\\\/wp-content\\\/uploads\\\/2025\\\/09\\\/FCK05-Vevey_13-09-25-50-300x300.jpg\",\"sportspress-fit-medium\":\"https:\\\/\\\/regese.ch\\\/fussball\\\/wp-content\\\/uploads\\\/2025\\\/09\\\/FCK05-Vevey_13-09-25-50-300x200.jpg\",\"sportspress-fit-icon\":\"https:\\\/\\\/regese.ch\\\/fussball\\\/wp-content\\\/uploads\\\/2025\\\/09\\\/FCK05-Vevey_13-09-25-50-128x85.jpg\",\"sportspress-fit-mini\":\"https:\\\/\\\/regese.ch\\\/fussball\\\/wp-content\\\/uploads\\\/2025\\\/09\\\/FCK05-Vevey_13-09-25-50-32x21.jpg\",\"full\":\"https:\\\/\\\/regese.ch\\\/fussball\\\/wp-content\\\/uploads\\\/2025\\\/09\\\/FCK05-Vevey_13-09-25-50.jpg\",\"index\":46,\"id\":21716,\"video\":false,\"opts\":{\"caption\":\"\",\"thumb\":\"https:\\\/\\\/regese.ch\\\/fussball\\\/wp-content\\\/uploads\\\/2025\\\/09\\\/FCK05-Vevey_13-09-25-50-75x50_c.jpg\",\"title\":\"FCK05 - Vevey_13-09-25-50\"},\"gallery_id\":\"21631\"},{\"status\":\"active\",\"src\":\"https:\\\/\\\/regese.ch\\\/fussball\\\/wp-content\\\/uploads\\\/2025\\\/09\\\/FCK05-Vevey_13-09-25-50-2.jpg\",\"title\":\"FCK05 - Vevey_13-09-25-50-2\",\"link\":\"https:\\\/\\\/regese.ch\\\/fussball\\\/wp-content\\\/uploads\\\/2025\\\/09\\\/FCK05-Vevey_13-09-25-50-2.jpg\",\"alt\":\"\",\"caption\":false,\"thumb\":\"https:\\\/\\\/regese.ch\\\/fussball\\\/wp-content\\\/uploads\\\/2025\\\/09\\\/FCK05-Vevey_13-09-25-50-2-75x50_c.jpg\",\"meta\":{\"aperture\":null,\"credit\":null,\"camera\":null,\"caption\":\"\",\"created_timestamp\":null,\"copyright\":null,\"focal_length\":null,\"iso\":null,\"shutter_speed\":null,\"title\":\"\",\"orientation\":null,\"keywords\":null,\"resized_images\":null},\"thumbnail\":\"https:\\\/\\\/regese.ch\\\/fussball\\\/wp-content\\\/uploads\\\/2025\\\/09\\\/FCK05-Vevey_13-09-25-50-2-150x100.jpg\",\"medium\":\"https:\\\/\\\/regese.ch\\\/fussball\\\/wp-content\\\/uploads\\\/2025\\\/09\\\/FCK05-Vevey_13-09-25-50-2-300x200.jpg\",\"medium_large\":\"https:\\\/\\\/regese.ch\\\/fussball\\\/wp-content\\\/uploads\\\/2025\\\/09\\\/FCK05-Vevey_13-09-25-50-2-768x512.jpg\",\"large\":\"https:\\\/\\\/regese.ch\\\/fussball\\\/wp-content\\\/uploads\\\/2025\\\/09\\\/FCK05-Vevey_13-09-25-50-2.jpg\",\"1536x1536\":\"https:\\\/\\\/regese.ch\\\/fussball\\\/wp-content\\\/uploads\\\/2025\\\/09\\\/FCK05-Vevey_13-09-25-50-2-1536x1024.jpg\",\"2048x2048\":\"https:\\\/\\\/regese.ch\\\/fussball\\\/wp-content\\\/uploads\\\/2025\\\/09\\\/FCK05-Vevey_13-09-25-50-2.jpg\",\"sportspress-crop-medium\":\"https:\\\/\\\/regese.ch\\\/fussball\\\/wp-content\\\/uploads\\\/2025\\\/09\\\/FCK05-Vevey_13-09-25-50-2-300x300.jpg\",\"sportspress-fit-medium\":\"https:\\\/\\\/regese.ch\\\/fussball\\\/wp-content\\\/uploads\\\/2025\\\/09\\\/FCK05-Vevey_13-09-25-50-2-300x200.jpg\",\"sportspress-fit-icon\":\"https:\\\/\\\/regese.ch\\\/fussball\\\/wp-content\\\/uploads\\\/2025\\\/09\\\/FCK05-Vevey_13-09-25-50-2-128x85.jpg\",\"sportspress-fit-mini\":\"https:\\\/\\\/regese.ch\\\/fussball\\\/wp-content\\\/uploads\\\/2025\\\/09\\\/FCK05-Vevey_13-09-25-50-2-32x21.jpg\",\"full\":\"https:\\\/\\\/regese.ch\\\/fussball\\\/wp-content\\\/uploads\\\/2025\\\/09\\\/FCK05-Vevey_13-09-25-50-2.jpg\",\"index\":47,\"id\":21726,\"video\":false,\"opts\":{\"caption\":\"\",\"thumb\":\"https:\\\/\\\/regese.ch\\\/fussball\\\/wp-content\\\/uploads\\\/2025\\\/09\\\/FCK05-Vevey_13-09-25-50-2-75x50_c.jpg\",\"title\":\"FCK05 - Vevey_13-09-25-50-2\"},\"gallery_id\":\"21631\"},{\"status\":\"active\",\"src\":\"https:\\\/\\\/regese.ch\\\/fussball\\\/wp-content\\\/uploads\\\/2025\\\/09\\\/FCK05-Vevey_13-09-25-51.jpg\",\"title\":\"FCK05 - Vevey_13-09-25-51\",\"link\":\"https:\\\/\\\/regese.ch\\\/fussball\\\/wp-content\\\/uploads\\\/2025\\\/09\\\/FCK05-Vevey_13-09-25-51.jpg\",\"alt\":\"\",\"caption\":false,\"thumb\":\"https:\\\/\\\/regese.ch\\\/fussball\\\/wp-content\\\/uploads\\\/2025\\\/09\\\/FCK05-Vevey_13-09-25-51-75x50_c.jpg\",\"meta\":{\"aperture\":null,\"credit\":null,\"camera\":null,\"caption\":\"\",\"created_timestamp\":null,\"copyright\":null,\"focal_length\":null,\"iso\":null,\"shutter_speed\":null,\"title\":\"\",\"orientation\":null,\"keywords\":null,\"resized_images\":null},\"thumbnail\":\"https:\\\/\\\/regese.ch\\\/fussball\\\/wp-content\\\/uploads\\\/2025\\\/09\\\/FCK05-Vevey_13-09-25-51-150x100.jpg\",\"medium\":\"https:\\\/\\\/regese.ch\\\/fussball\\\/wp-content\\\/uploads\\\/2025\\\/09\\\/FCK05-Vevey_13-09-25-51-300x200.jpg\",\"medium_large\":\"https:\\\/\\\/regese.ch\\\/fussball\\\/wp-content\\\/uploads\\\/2025\\\/09\\\/FCK05-Vevey_13-09-25-51-768x512.jpg\",\"large\":\"https:\\\/\\\/regese.ch\\\/fussball\\\/wp-content\\\/uploads\\\/2025\\\/09\\\/FCK05-Vevey_13-09-25-51.jpg\",\"1536x1536\":\"https:\\\/\\\/regese.ch\\\/fussball\\\/wp-content\\\/uploads\\\/2025\\\/09\\\/FCK05-Vevey_13-09-25-51-1536x1024.jpg\",\"2048x2048\":\"https:\\\/\\\/regese.ch\\\/fussball\\\/wp-content\\\/uploads\\\/2025\\\/09\\\/FCK05-Vevey_13-09-25-51.jpg\",\"sportspress-crop-medium\":\"https:\\\/\\\/regese.ch\\\/fussball\\\/wp-content\\\/uploads\\\/2025\\\/09\\\/FCK05-Vevey_13-09-25-51-300x300.jpg\",\"sportspress-fit-medium\":\"https:\\\/\\\/regese.ch\\\/fussball\\\/wp-content\\\/uploads\\\/2025\\\/09\\\/FCK05-Vevey_13-09-25-51-300x200.jpg\",\"sportspress-fit-icon\":\"https:\\\/\\\/regese.ch\\\/fussball\\\/wp-content\\\/uploads\\\/2025\\\/09\\\/FCK05-Vevey_13-09-25-51-128x85.jpg\",\"sportspress-fit-mini\":\"https:\\\/\\\/regese.ch\\\/fussball\\\/wp-content\\\/uploads\\\/2025\\\/09\\\/FCK05-Vevey_13-09-25-51-32x21.jpg\",\"full\":\"https:\\\/\\\/regese.ch\\\/fussball\\\/wp-content\\\/uploads\\\/2025\\\/09\\\/FCK05-Vevey_13-09-25-51.jpg\",\"index\":48,\"id\":21717,\"video\":false,\"opts\":{\"caption\":\"\",\"thumb\":\"https:\\\/\\\/regese.ch\\\/fussball\\\/wp-content\\\/uploads\\\/2025\\\/09\\\/FCK05-Vevey_13-09-25-51-75x50_c.jpg\",\"title\":\"FCK05 - Vevey_13-09-25-51\"},\"gallery_id\":\"21631\"},{\"status\":\"active\",\"src\":\"https:\\\/\\\/regese.ch\\\/fussball\\\/wp-content\\\/uploads\\\/2025\\\/09\\\/FCK05-Vevey_13-09-25-54.jpg\",\"title\":\"FCK05 - Vevey_13-09-25-54\",\"link\":\"https:\\\/\\\/regese.ch\\\/fussball\\\/wp-content\\\/uploads\\\/2025\\\/09\\\/FCK05-Vevey_13-09-25-54.jpg\",\"alt\":\"\",\"caption\":false,\"thumb\":\"https:\\\/\\\/regese.ch\\\/fussball\\\/wp-content\\\/uploads\\\/2025\\\/09\\\/FCK05-Vevey_13-09-25-54-75x50_c.jpg\",\"meta\":{\"aperture\":null,\"credit\":null,\"camera\":null,\"caption\":\"\",\"created_timestamp\":null,\"copyright\":null,\"focal_length\":null,\"iso\":null,\"shutter_speed\":null,\"title\":\"\",\"orientation\":null,\"keywords\":null,\"resized_images\":null},\"thumbnail\":\"https:\\\/\\\/regese.ch\\\/fussball\\\/wp-content\\\/uploads\\\/2025\\\/09\\\/FCK05-Vevey_13-09-25-54-150x100.jpg\",\"medium\":\"https:\\\/\\\/regese.ch\\\/fussball\\\/wp-content\\\/uploads\\\/2025\\\/09\\\/FCK05-Vevey_13-09-25-54-300x200.jpg\",\"medium_large\":\"https:\\\/\\\/regese.ch\\\/fussball\\\/wp-content\\\/uploads\\\/2025\\\/09\\\/FCK05-Vevey_13-09-25-54-768x512.jpg\",\"large\":\"https:\\\/\\\/regese.ch\\\/fussball\\\/wp-content\\\/uploads\\\/2025\\\/09\\\/FCK05-Vevey_13-09-25-54.jpg\",\"1536x1536\":\"https:\\\/\\\/regese.ch\\\/fussball\\\/wp-content\\\/uploads\\\/2025\\\/09\\\/FCK05-Vevey_13-09-25-54-1536x1024.jpg\",\"2048x2048\":\"https:\\\/\\\/regese.ch\\\/fussball\\\/wp-content\\\/uploads\\\/2025\\\/09\\\/FCK05-Vevey_13-09-25-54.jpg\",\"sportspress-crop-medium\":\"https:\\\/\\\/regese.ch\\\/fussball\\\/wp-content\\\/uploads\\\/2025\\\/09\\\/FCK05-Vevey_13-09-25-54-300x300.jpg\",\"sportspress-fit-medium\":\"https:\\\/\\\/regese.ch\\\/fussball\\\/wp-content\\\/uploads\\\/2025\\\/09\\\/FCK05-Vevey_13-09-25-54-300x200.jpg\",\"sportspress-fit-icon\":\"https:\\\/\\\/regese.ch\\\/fussball\\\/wp-content\\\/uploads\\\/2025\\\/09\\\/FCK05-Vevey_13-09-25-54-128x85.jpg\",\"sportspress-fit-mini\":\"https:\\\/\\\/regese.ch\\\/fussball\\\/wp-content\\\/uploads\\\/2025\\\/09\\\/FCK05-Vevey_13-09-25-54-32x21.jpg\",\"full\":\"https:\\\/\\\/regese.ch\\\/fussball\\\/wp-content\\\/uploads\\\/2025\\\/09\\\/FCK05-Vevey_13-09-25-54.jpg\",\"index\":49,\"id\":21730,\"video\":false,\"opts\":{\"caption\":\"\",\"thumb\":\"https:\\\/\\\/regese.ch\\\/fussball\\\/wp-content\\\/uploads\\\/2025\\\/09\\\/FCK05-Vevey_13-09-25-54-75x50_c.jpg\",\"title\":\"FCK05 - Vevey_13-09-25-54\"},\"gallery_id\":\"21631\"}]' data-lightbox-theme='{&quot;arrows&quot;:true,&quot;margins&quot;:[120,0],&quot;gutter&quot;:&quot;100&quot;,&quot;thumbs_position&quot;:&quot;bottom&quot;,&quot;base_template&quot;:&quot;&lt;div id=\\&quot;envirabox-21631\\&quot; data-envirabox-id=\\&quot;21631\\&quot; class=\\&quot;envirabox-container envirabox-theme-base_dark envirabox-wrap\\&quot; role=\\&quot;dialog\\&quot;&gt;&lt;div class=\\&quot;envirabox-bg\\&quot;&gt;&lt;\\\/div&gt;&lt;div class=\\&quot;envirabox-outer\\&quot;&gt;&lt;div class=\\&quot;envirabox-inner\\&quot;&gt;&lt;div class=\\&quot;envirabox-caption-wrap\\&quot;&gt;&lt;div class=\\&quot;envirabox-title\\&quot;&gt;&lt;\\\/div&gt;&lt;\\\/div&gt;&lt;div class=\\&quot;envirabox-toolbar\\&quot;&gt;&lt;div class=\\&quot;envira-close-button\\&quot;&gt;&lt;a data-envirabox-close class=\\&quot;envirabox-item envirabox-close envirabox-button--close\\&quot; title=\\&quot;Close\\&quot; href=\\&quot;#\\&quot;&gt;&lt;\\\/a&gt;&lt;\\\/div&gt;&lt;\\\/div&gt;&lt;div class=\\&quot;envirabox-navigation\\&quot;&gt;&lt;a data-envirabox-prev title=\\&quot;Prev\\&quot; class=\\&quot;envirabox-arrow envirabox-arrow--left envirabox-nav envirabox-prev\\&quot; href=\\&quot;#\\&quot;&gt;&lt;span&gt;&lt;\\\/span&gt;&lt;\\\/a&gt;&lt;a data-envirabox-next title=\\&quot;Next\\&quot; class=\\&quot;envirabox-arrow envirabox-arrow--right envirabox-nav envirabox-next\\&quot; href=\\&quot;#\\&quot;&gt;&lt;span&gt;&lt;\\\/span&gt;&lt;\\\/a&gt;&lt;\\\/div&gt;&lt;div class=\\&quot;envirabox-stage\\&quot;&gt;&lt;\\\/div&gt;&lt;\\\/div&gt;&lt;\\\/div&gt;&lt;\\\/div&gt;&quot;,&quot;load_all&quot;:false,&quot;error_template&quot;:&quot;&lt;div class=\\&quot;envirabox-error\\&quot;&gt;&lt;p&gt;{{ERROR}}&lt;p&gt;&lt;\\\/div&gt;&quot;,&quot;inner_caption&quot;:false,&quot;caption_position&quot;:false,&quot;arrow_position&quot;:false,&quot;toolbar&quot;:true,&quot;infobar&quot;:false,&quot;show_smallbtn&quot;:false,&quot;idle_time&quot;:false,&quot;click_content&quot;:false,&quot;click_slide&quot;:false,&quot;click_outside&quot;:false,&quot;animation_duration&quot;:false,&quot;transition_duration&quot;:false,&quot;small_btn_template&quot;:&quot;&lt;a data-envirabox-close class=\\&quot;envirabox-item envirabox-close envirabox-button--close\\&quot; title=\\&quot;Close\\&quot; href=\\&quot;#\\&quot;&gt;&lt;\\\/a&gt;&quot;}' data-parsed-attrs='{\"id\":\"21631\",\"cache\":true}'><div id=\"envira-gallery-item-21634\" class=\"envira-gallery-item envira-gallery-item-1 envira-lazy-load enviratope-item\" style=\"padding-left: 5px; padding-bottom: 10px; padding-right: 5px;\"  itemscope itemtype=\"https:\/\/schema.org\/ImageObject\"><div class=\"envira-gallery-item-inner\"><div class=\"envira-gallery-position-overlay envira-gallery-top-left\"><\/div><div class=\"envira-gallery-position-overlay envira-gallery-top-right\"><\/div><div class=\"envira-gallery-position-overlay envira-gallery-bottom-left\"><\/div><div class=\"envira-gallery-position-overlay envira-gallery-bottom-right\"><\/div><a class=\"envira-gallery-21631 envira-gallery-link\" href=\"https:\/\/regese.ch\/fussball\/wp-content\/uploads\/2025\/09\/FCK05-Vevey_13-09-25-1-scaled.jpg\" title=\"FCK05 - Vevey_13-09-25-1\" data-caption=\"\" data-envira-item-id=\"21634\" data-envira-retina=\"https:\/\/regese.ch\/fussball\/wp-content\/uploads\/2025\/09\/FCK05-Vevey_13-09-25-1-scaled.jpg\" data-thumb=\"https:\/\/regese.ch\/fussball\/wp-content\/uploads\/2025\/09\/FCK05-Vevey_13-09-25-1-scaled-75x50_c.jpg\" data-title=\"FCK05 - Vevey_13-09-25-1\" data-envirabox='21631' itemprop=\"contentUrl\"><div class=\"envira-lazy\" style=\"padding-bottom: 75%;\" data-envira-changed=\"false\" data-width=\"640\" data-height=\"480\"><img loading=\"lazy\" decoding=\"async\" src=\"https:\/\/regese.ch\/fussball\/wp-content\/uploads\/2025\/09\/FCK05-Vevey_13-09-25-1-1536x1024.jpg\" alt=\"\" class=\"envira-gallery-image envira-gallery-image-1    envira-lazy\" height=\"480\" id=\"envira-gallery-image-21634\" srcset=\"data:image\/gif;base64,R0lGODlhAQABAIAAAP\/\/\/\/\/\/\/yH5BAEKAAEALAAAAAABAAEAAAICTAEAOw==\" tabindex=\"-1\" title=\"FCK05 - Vevey_13-09-25-1\" width=\"640\" data-caption=\"\" data-envira-gallery-id=\"21631\" data-envira-index=\"0\" data-envira-item-id=\"21634\" data-envira-src=\"https:\/\/regese.ch\/fussball\/wp-content\/uploads\/2025\/09\/FCK05-Vevey_13-09-25-1-1536x1024.jpg\" data-envira-srcset=\"https:\/\/regese.ch\/fussball\/wp-content\/uploads\/2025\/09\/FCK05-Vevey_13-09-25-1-1536x1024.jpg 400w, https:\/\/regese.ch\/fussball\/wp-content\/uploads\/2025\/09\/FCK05-Vevey_13-09-25-1-1536x1024.jpg 2x\" data-title=\"FCK05 - Vevey_13-09-25-1\" itemprop=\"thumbnailUrl\"  data-envirabox=\"21631\" \/><\/div><\/a><div class=\"envira-gallery-captioned-data envira-gallery-captioned-data-base\"><\/div><\/div><\/div><div id=\"envira-gallery-item-21635\" class=\"envira-gallery-item envira-gallery-item-2 envira-lazy-load enviratope-item\" style=\"padding-left: 5px; padding-bottom: 10px; padding-right: 5px;\"  itemscope itemtype=\"https:\/\/schema.org\/ImageObject\"><div class=\"envira-gallery-item-inner\"><div class=\"envira-gallery-position-overlay envira-gallery-top-left\"><\/div><div class=\"envira-gallery-position-overlay envira-gallery-top-right\"><\/div><div class=\"envira-gallery-position-overlay envira-gallery-bottom-left\"><\/div><div class=\"envira-gallery-position-overlay envira-gallery-bottom-right\"><\/div><a class=\"envira-gallery-21631 envira-gallery-link\" href=\"https:\/\/regese.ch\/fussball\/wp-content\/uploads\/2025\/09\/FCK05-Vevey_13-09-25-2-scaled.jpg\" title=\"FCK05 - Vevey_13-09-25-2\" data-caption=\"\" data-envira-item-id=\"21635\" data-envira-retina=\"https:\/\/regese.ch\/fussball\/wp-content\/uploads\/2025\/09\/FCK05-Vevey_13-09-25-2-scaled.jpg\" data-thumb=\"https:\/\/regese.ch\/fussball\/wp-content\/uploads\/2025\/09\/FCK05-Vevey_13-09-25-2-scaled-75x50_c.jpg\" data-title=\"FCK05 - Vevey_13-09-25-2\" data-envirabox='21631' itemprop=\"contentUrl\"><div class=\"envira-lazy\" style=\"padding-bottom: 75%;\" data-envira-changed=\"false\" data-width=\"640\" data-height=\"480\"><img loading=\"lazy\" decoding=\"async\" src=\"https:\/\/regese.ch\/fussball\/wp-content\/uploads\/2025\/09\/FCK05-Vevey_13-09-25-2-1536x1024.jpg\" alt=\"\" class=\"envira-gallery-image envira-gallery-image-2    envira-lazy\" height=\"480\" id=\"envira-gallery-image-21635\" srcset=\"data:image\/gif;base64,R0lGODlhAQABAIAAAP\/\/\/\/\/\/\/yH5BAEKAAEALAAAAAABAAEAAAICTAEAOw==\" tabindex=\"-1\" title=\"FCK05 - Vevey_13-09-25-2\" width=\"640\" data-caption=\"\" data-envira-gallery-id=\"21631\" data-envira-index=\"1\" data-envira-item-id=\"21635\" data-envira-src=\"https:\/\/regese.ch\/fussball\/wp-content\/uploads\/2025\/09\/FCK05-Vevey_13-09-25-2-1536x1024.jpg\" data-envira-srcset=\"https:\/\/regese.ch\/fussball\/wp-content\/uploads\/2025\/09\/FCK05-Vevey_13-09-25-2-1536x1024.jpg 400w, https:\/\/regese.ch\/fussball\/wp-content\/uploads\/2025\/09\/FCK05-Vevey_13-09-25-2-1536x1024.jpg 2x\" data-title=\"FCK05 - Vevey_13-09-25-2\" itemprop=\"thumbnailUrl\"  data-envirabox=\"21631\" \/><\/div><\/a><div class=\"envira-gallery-captioned-data envira-gallery-captioned-data-base\"><\/div><\/div><\/div><div id=\"envira-gallery-item-21636\" class=\"envira-gallery-item envira-gallery-item-3 envira-lazy-load enviratope-item\" style=\"padding-left: 5px; padding-bottom: 10px; padding-right: 5px;\"  itemscope itemtype=\"https:\/\/schema.org\/ImageObject\"><div class=\"envira-gallery-item-inner\"><div class=\"envira-gallery-position-overlay envira-gallery-top-left\"><\/div><div class=\"envira-gallery-position-overlay envira-gallery-top-right\"><\/div><div class=\"envira-gallery-position-overlay envira-gallery-bottom-left\"><\/div><div class=\"envira-gallery-position-overlay envira-gallery-bottom-right\"><\/div><a class=\"envira-gallery-21631 envira-gallery-link\" href=\"https:\/\/regese.ch\/fussball\/wp-content\/uploads\/2025\/09\/FCK05-Vevey_13-09-25-3-scaled.jpg\" title=\"FCK05 - Vevey_13-09-25-3\" data-caption=\"\" data-envira-item-id=\"21636\" data-envira-retina=\"https:\/\/regese.ch\/fussball\/wp-content\/uploads\/2025\/09\/FCK05-Vevey_13-09-25-3-scaled.jpg\" data-thumb=\"https:\/\/regese.ch\/fussball\/wp-content\/uploads\/2025\/09\/FCK05-Vevey_13-09-25-3-scaled-75x50_c.jpg\" data-title=\"FCK05 - Vevey_13-09-25-3\" data-envirabox='21631' itemprop=\"contentUrl\"><div class=\"envira-lazy\" style=\"padding-bottom: 75%;\" data-envira-changed=\"false\" data-width=\"640\" data-height=\"480\"><img loading=\"lazy\" decoding=\"async\" src=\"https:\/\/regese.ch\/fussball\/wp-content\/uploads\/2025\/09\/FCK05-Vevey_13-09-25-3-1536x1024.jpg\" alt=\"\" class=\"envira-gallery-image envira-gallery-image-3    envira-lazy\" height=\"480\" id=\"envira-gallery-image-21636\" srcset=\"data:image\/gif;base64,R0lGODlhAQABAIAAAP\/\/\/\/\/\/\/yH5BAEKAAEALAAAAAABAAEAAAICTAEAOw==\" tabindex=\"-1\" title=\"FCK05 - Vevey_13-09-25-3\" width=\"640\" data-caption=\"\" data-envira-gallery-id=\"21631\" data-envira-index=\"2\" data-envira-item-id=\"21636\" data-envira-src=\"https:\/\/regese.ch\/fussball\/wp-content\/uploads\/2025\/09\/FCK05-Vevey_13-09-25-3-1536x1024.jpg\" data-envira-srcset=\"https:\/\/regese.ch\/fussball\/wp-content\/uploads\/2025\/09\/FCK05-Vevey_13-09-25-3-1536x1024.jpg 400w, https:\/\/regese.ch\/fussball\/wp-content\/uploads\/2025\/09\/FCK05-Vevey_13-09-25-3-1536x1024.jpg 2x\" data-title=\"FCK05 - Vevey_13-09-25-3\" itemprop=\"thumbnailUrl\"  data-envirabox=\"21631\" \/><\/div><\/a><div class=\"envira-gallery-captioned-data envira-gallery-captioned-data-base\"><\/div><\/div><\/div><div id=\"envira-gallery-item-21637\" class=\"envira-gallery-item envira-gallery-item-4 envira-lazy-load enviratope-item\" style=\"padding-left: 5px; padding-bottom: 10px; padding-right: 5px;\"  itemscope itemtype=\"https:\/\/schema.org\/ImageObject\"><div class=\"envira-gallery-item-inner\"><div class=\"envira-gallery-position-overlay envira-gallery-top-left\"><\/div><div class=\"envira-gallery-position-overlay envira-gallery-top-right\"><\/div><div class=\"envira-gallery-position-overlay envira-gallery-bottom-left\"><\/div><div class=\"envira-gallery-position-overlay envira-gallery-bottom-right\"><\/div><a class=\"envira-gallery-21631 envira-gallery-link\" href=\"https:\/\/regese.ch\/fussball\/wp-content\/uploads\/2025\/09\/FCK05-Vevey_13-09-25-4-scaled.jpg\" title=\"FCK05 - Vevey_13-09-25-4\" data-caption=\"\" data-envira-item-id=\"21637\" data-envira-retina=\"https:\/\/regese.ch\/fussball\/wp-content\/uploads\/2025\/09\/FCK05-Vevey_13-09-25-4-scaled.jpg\" data-thumb=\"https:\/\/regese.ch\/fussball\/wp-content\/uploads\/2025\/09\/FCK05-Vevey_13-09-25-4-scaled-75x50_c.jpg\" data-title=\"FCK05 - Vevey_13-09-25-4\" data-envirabox='21631' itemprop=\"contentUrl\"><div class=\"envira-lazy\" style=\"padding-bottom: 75%;\" data-envira-changed=\"false\" data-width=\"640\" data-height=\"480\"><img loading=\"lazy\" decoding=\"async\" src=\"https:\/\/regese.ch\/fussball\/wp-content\/uploads\/2025\/09\/FCK05-Vevey_13-09-25-4-1536x1024.jpg\" alt=\"\" class=\"envira-gallery-image envira-gallery-image-4    envira-lazy\" height=\"480\" id=\"envira-gallery-image-21637\" srcset=\"data:image\/gif;base64,R0lGODlhAQABAIAAAP\/\/\/\/\/\/\/yH5BAEKAAEALAAAAAABAAEAAAICTAEAOw==\" tabindex=\"-1\" title=\"FCK05 - Vevey_13-09-25-4\" width=\"640\" data-caption=\"\" data-envira-gallery-id=\"21631\" data-envira-index=\"3\" data-envira-item-id=\"21637\" data-envira-src=\"https:\/\/regese.ch\/fussball\/wp-content\/uploads\/2025\/09\/FCK05-Vevey_13-09-25-4-1536x1024.jpg\" data-envira-srcset=\"https:\/\/regese.ch\/fussball\/wp-content\/uploads\/2025\/09\/FCK05-Vevey_13-09-25-4-1536x1024.jpg 400w, https:\/\/regese.ch\/fussball\/wp-content\/uploads\/2025\/09\/FCK05-Vevey_13-09-25-4-1536x1024.jpg 2x\" data-title=\"FCK05 - Vevey_13-09-25-4\" itemprop=\"thumbnailUrl\"  data-envirabox=\"21631\" \/><\/div><\/a><div class=\"envira-gallery-captioned-data envira-gallery-captioned-data-base\"><\/div><\/div><\/div><div id=\"envira-gallery-item-21638\" class=\"envira-gallery-item envira-gallery-item-5 envira-lazy-load enviratope-item\" style=\"padding-left: 5px; padding-bottom: 10px; padding-right: 5px;\"  itemscope itemtype=\"https:\/\/schema.org\/ImageObject\"><div class=\"envira-gallery-item-inner\"><div class=\"envira-gallery-position-overlay envira-gallery-top-left\"><\/div><div class=\"envira-gallery-position-overlay envira-gallery-top-right\"><\/div><div class=\"envira-gallery-position-overlay envira-gallery-bottom-left\"><\/div><div class=\"envira-gallery-position-overlay envira-gallery-bottom-right\"><\/div><a class=\"envira-gallery-21631 envira-gallery-link\" href=\"https:\/\/regese.ch\/fussball\/wp-content\/uploads\/2025\/09\/FCK05-Vevey_13-09-25-5-scaled.jpg\" title=\"FCK05 - Vevey_13-09-25-5\" data-caption=\"\" data-envira-item-id=\"21638\" data-envira-retina=\"https:\/\/regese.ch\/fussball\/wp-content\/uploads\/2025\/09\/FCK05-Vevey_13-09-25-5-scaled.jpg\" data-thumb=\"https:\/\/regese.ch\/fussball\/wp-content\/uploads\/2025\/09\/FCK05-Vevey_13-09-25-5-scaled-75x50_c.jpg\" data-title=\"FCK05 - Vevey_13-09-25-5\" data-envirabox='21631' itemprop=\"contentUrl\"><div class=\"envira-lazy\" style=\"padding-bottom: 75%;\" data-envira-changed=\"false\" data-width=\"640\" data-height=\"480\"><img loading=\"lazy\" decoding=\"async\" src=\"https:\/\/regese.ch\/fussball\/wp-content\/uploads\/2025\/09\/FCK05-Vevey_13-09-25-5-1536x1024.jpg\" alt=\"\" class=\"envira-gallery-image envira-gallery-image-5    envira-lazy\" height=\"480\" id=\"envira-gallery-image-21638\" srcset=\"data:image\/gif;base64,R0lGODlhAQABAIAAAP\/\/\/\/\/\/\/yH5BAEKAAEALAAAAAABAAEAAAICTAEAOw==\" tabindex=\"-1\" title=\"FCK05 - Vevey_13-09-25-5\" width=\"640\" data-caption=\"\" data-envira-gallery-id=\"21631\" data-envira-index=\"4\" data-envira-item-id=\"21638\" data-envira-src=\"https:\/\/regese.ch\/fussball\/wp-content\/uploads\/2025\/09\/FCK05-Vevey_13-09-25-5-1536x1024.jpg\" data-envira-srcset=\"https:\/\/regese.ch\/fussball\/wp-content\/uploads\/2025\/09\/FCK05-Vevey_13-09-25-5-1536x1024.jpg 400w, https:\/\/regese.ch\/fussball\/wp-content\/uploads\/2025\/09\/FCK05-Vevey_13-09-25-5-1536x1024.jpg 2x\" data-title=\"FCK05 - Vevey_13-09-25-5\" itemprop=\"thumbnailUrl\"  data-envirabox=\"21631\" \/><\/div><\/a><div class=\"envira-gallery-captioned-data envira-gallery-captioned-data-base\"><\/div><\/div><\/div><div id=\"envira-gallery-item-21639\" class=\"envira-gallery-item envira-gallery-item-6 envira-lazy-load enviratope-item\" style=\"padding-left: 5px; padding-bottom: 10px; padding-right: 5px;\"  itemscope itemtype=\"https:\/\/schema.org\/ImageObject\"><div class=\"envira-gallery-item-inner\"><div class=\"envira-gallery-position-overlay envira-gallery-top-left\"><\/div><div class=\"envira-gallery-position-overlay envira-gallery-top-right\"><\/div><div class=\"envira-gallery-position-overlay envira-gallery-bottom-left\"><\/div><div class=\"envira-gallery-position-overlay envira-gallery-bottom-right\"><\/div><a class=\"envira-gallery-21631 envira-gallery-link\" href=\"https:\/\/regese.ch\/fussball\/wp-content\/uploads\/2025\/09\/FCK05-Vevey_13-09-25-6-scaled.jpg\" title=\"FCK05 - Vevey_13-09-25-6\" data-caption=\"\" data-envira-item-id=\"21639\" data-envira-retina=\"https:\/\/regese.ch\/fussball\/wp-content\/uploads\/2025\/09\/FCK05-Vevey_13-09-25-6-scaled.jpg\" data-thumb=\"https:\/\/regese.ch\/fussball\/wp-content\/uploads\/2025\/09\/FCK05-Vevey_13-09-25-6-scaled-75x50_c.jpg\" data-title=\"FCK05 - Vevey_13-09-25-6\" data-envirabox='21631' itemprop=\"contentUrl\"><div class=\"envira-lazy\" style=\"padding-bottom: 75%;\" data-envira-changed=\"false\" data-width=\"640\" data-height=\"480\"><img loading=\"lazy\" decoding=\"async\" src=\"https:\/\/regese.ch\/fussball\/wp-content\/uploads\/2025\/09\/FCK05-Vevey_13-09-25-6-1536x1024.jpg\" alt=\"\" class=\"envira-gallery-image envira-gallery-image-6    envira-lazy\" height=\"480\" id=\"envira-gallery-image-21639\" srcset=\"data:image\/gif;base64,R0lGODlhAQABAIAAAP\/\/\/\/\/\/\/yH5BAEKAAEALAAAAAABAAEAAAICTAEAOw==\" tabindex=\"-1\" title=\"FCK05 - Vevey_13-09-25-6\" width=\"640\" data-caption=\"\" data-envira-gallery-id=\"21631\" data-envira-index=\"5\" data-envira-item-id=\"21639\" data-envira-src=\"https:\/\/regese.ch\/fussball\/wp-content\/uploads\/2025\/09\/FCK05-Vevey_13-09-25-6-1536x1024.jpg\" data-envira-srcset=\"https:\/\/regese.ch\/fussball\/wp-content\/uploads\/2025\/09\/FCK05-Vevey_13-09-25-6-1536x1024.jpg 400w, https:\/\/regese.ch\/fussball\/wp-content\/uploads\/2025\/09\/FCK05-Vevey_13-09-25-6-1536x1024.jpg 2x\" data-title=\"FCK05 - Vevey_13-09-25-6\" itemprop=\"thumbnailUrl\"  data-envirabox=\"21631\" \/><\/div><\/a><div class=\"envira-gallery-captioned-data envira-gallery-captioned-data-base\"><\/div><\/div><\/div><div id=\"envira-gallery-item-21640\" class=\"envira-gallery-item envira-gallery-item-7 envira-lazy-load enviratope-item\" style=\"padding-left: 5px; padding-bottom: 10px; padding-right: 5px;\"  itemscope itemtype=\"https:\/\/schema.org\/ImageObject\"><div class=\"envira-gallery-item-inner\"><div class=\"envira-gallery-position-overlay envira-gallery-top-left\"><\/div><div class=\"envira-gallery-position-overlay envira-gallery-top-right\"><\/div><div class=\"envira-gallery-position-overlay envira-gallery-bottom-left\"><\/div><div class=\"envira-gallery-position-overlay envira-gallery-bottom-right\"><\/div><a class=\"envira-gallery-21631 envira-gallery-link\" href=\"https:\/\/regese.ch\/fussball\/wp-content\/uploads\/2025\/09\/FCK05-Vevey_13-09-25-7-scaled.jpg\" title=\"FCK05 - Vevey_13-09-25-7\" data-caption=\"\" data-envira-item-id=\"21640\" data-envira-retina=\"https:\/\/regese.ch\/fussball\/wp-content\/uploads\/2025\/09\/FCK05-Vevey_13-09-25-7-scaled.jpg\" data-thumb=\"https:\/\/regese.ch\/fussball\/wp-content\/uploads\/2025\/09\/FCK05-Vevey_13-09-25-7-scaled-75x50_c.jpg\" data-title=\"FCK05 - Vevey_13-09-25-7\" data-envirabox='21631' itemprop=\"contentUrl\"><div class=\"envira-lazy\" style=\"padding-bottom: 75%;\" data-envira-changed=\"false\" data-width=\"640\" data-height=\"480\"><img loading=\"lazy\" decoding=\"async\" src=\"https:\/\/regese.ch\/fussball\/wp-content\/uploads\/2025\/09\/FCK05-Vevey_13-09-25-7-1536x1024.jpg\" alt=\"\" class=\"envira-gallery-image envira-gallery-image-7    envira-lazy\" height=\"480\" id=\"envira-gallery-image-21640\" srcset=\"data:image\/gif;base64,R0lGODlhAQABAIAAAP\/\/\/\/\/\/\/yH5BAEKAAEALAAAAAABAAEAAAICTAEAOw==\" tabindex=\"-1\" title=\"FCK05 - Vevey_13-09-25-7\" width=\"640\" data-caption=\"\" data-envira-gallery-id=\"21631\" data-envira-index=\"6\" data-envira-item-id=\"21640\" data-envira-src=\"https:\/\/regese.ch\/fussball\/wp-content\/uploads\/2025\/09\/FCK05-Vevey_13-09-25-7-1536x1024.jpg\" data-envira-srcset=\"https:\/\/regese.ch\/fussball\/wp-content\/uploads\/2025\/09\/FCK05-Vevey_13-09-25-7-1536x1024.jpg 400w, https:\/\/regese.ch\/fussball\/wp-content\/uploads\/2025\/09\/FCK05-Vevey_13-09-25-7-1536x1024.jpg 2x\" data-title=\"FCK05 - Vevey_13-09-25-7\" itemprop=\"thumbnailUrl\"  data-envirabox=\"21631\" \/><\/div><\/a><div class=\"envira-gallery-captioned-data envira-gallery-captioned-data-base\"><\/div><\/div><\/div><div id=\"envira-gallery-item-21641\" class=\"envira-gallery-item envira-gallery-item-8 envira-lazy-load enviratope-item\" style=\"padding-left: 5px; padding-bottom: 10px; padding-right: 5px;\"  itemscope itemtype=\"https:\/\/schema.org\/ImageObject\"><div class=\"envira-gallery-item-inner\"><div class=\"envira-gallery-position-overlay envira-gallery-top-left\"><\/div><div class=\"envira-gallery-position-overlay envira-gallery-top-right\"><\/div><div class=\"envira-gallery-position-overlay envira-gallery-bottom-left\"><\/div><div class=\"envira-gallery-position-overlay envira-gallery-bottom-right\"><\/div><a class=\"envira-gallery-21631 envira-gallery-link\" href=\"https:\/\/regese.ch\/fussball\/wp-content\/uploads\/2025\/09\/FCK05-Vevey_13-09-25-8-scaled.jpg\" title=\"FCK05 - Vevey_13-09-25-8\" data-caption=\"\" data-envira-item-id=\"21641\" data-envira-retina=\"https:\/\/regese.ch\/fussball\/wp-content\/uploads\/2025\/09\/FCK05-Vevey_13-09-25-8-scaled.jpg\" data-thumb=\"https:\/\/regese.ch\/fussball\/wp-content\/uploads\/2025\/09\/FCK05-Vevey_13-09-25-8-scaled-75x50_c.jpg\" data-title=\"FCK05 - Vevey_13-09-25-8\" data-envirabox='21631' itemprop=\"contentUrl\"><div class=\"envira-lazy\" style=\"padding-bottom: 75%;\" data-envira-changed=\"false\" data-width=\"640\" data-height=\"480\"><img loading=\"lazy\" decoding=\"async\" src=\"https:\/\/regese.ch\/fussball\/wp-content\/uploads\/2025\/09\/FCK05-Vevey_13-09-25-8-1536x1024.jpg\" alt=\"\" class=\"envira-gallery-image envira-gallery-image-8    envira-lazy\" height=\"480\" id=\"envira-gallery-image-21641\" srcset=\"data:image\/gif;base64,R0lGODlhAQABAIAAAP\/\/\/\/\/\/\/yH5BAEKAAEALAAAAAABAAEAAAICTAEAOw==\" tabindex=\"-1\" title=\"FCK05 - Vevey_13-09-25-8\" width=\"640\" data-caption=\"\" data-envira-gallery-id=\"21631\" data-envira-index=\"7\" data-envira-item-id=\"21641\" data-envira-src=\"https:\/\/regese.ch\/fussball\/wp-content\/uploads\/2025\/09\/FCK05-Vevey_13-09-25-8-1536x1024.jpg\" data-envira-srcset=\"https:\/\/regese.ch\/fussball\/wp-content\/uploads\/2025\/09\/FCK05-Vevey_13-09-25-8-1536x1024.jpg 400w, https:\/\/regese.ch\/fussball\/wp-content\/uploads\/2025\/09\/FCK05-Vevey_13-09-25-8-1536x1024.jpg 2x\" data-title=\"FCK05 - Vevey_13-09-25-8\" itemprop=\"thumbnailUrl\"  data-envirabox=\"21631\" \/><\/div><\/a><div class=\"envira-gallery-captioned-data envira-gallery-captioned-data-base\"><\/div><\/div><\/div><div id=\"envira-gallery-item-21642\" class=\"envira-gallery-item envira-gallery-item-9 envira-lazy-load enviratope-item\" style=\"padding-left: 5px; padding-bottom: 10px; padding-right: 5px;\"  itemscope itemtype=\"https:\/\/schema.org\/ImageObject\"><div class=\"envira-gallery-item-inner\"><div class=\"envira-gallery-position-overlay envira-gallery-top-left\"><\/div><div class=\"envira-gallery-position-overlay envira-gallery-top-right\"><\/div><div class=\"envira-gallery-position-overlay envira-gallery-bottom-left\"><\/div><div class=\"envira-gallery-position-overlay envira-gallery-bottom-right\"><\/div><a class=\"envira-gallery-21631 envira-gallery-link\" href=\"https:\/\/regese.ch\/fussball\/wp-content\/uploads\/2025\/09\/FCK05-Vevey_13-09-25-9-scaled.jpg\" title=\"FCK05 - Vevey_13-09-25-9\" data-caption=\"\" data-envira-item-id=\"21642\" data-envira-retina=\"https:\/\/regese.ch\/fussball\/wp-content\/uploads\/2025\/09\/FCK05-Vevey_13-09-25-9-scaled.jpg\" data-thumb=\"https:\/\/regese.ch\/fussball\/wp-content\/uploads\/2025\/09\/FCK05-Vevey_13-09-25-9-scaled-75x50_c.jpg\" data-title=\"FCK05 - Vevey_13-09-25-9\" data-envirabox='21631' itemprop=\"contentUrl\"><div class=\"envira-lazy\" style=\"padding-bottom: 75%;\" data-envira-changed=\"false\" data-width=\"640\" data-height=\"480\"><img loading=\"lazy\" decoding=\"async\" src=\"https:\/\/regese.ch\/fussball\/wp-content\/uploads\/2025\/09\/FCK05-Vevey_13-09-25-9-1536x1024.jpg\" alt=\"\" class=\"envira-gallery-image envira-gallery-image-9    envira-lazy\" height=\"480\" id=\"envira-gallery-image-21642\" srcset=\"data:image\/gif;base64,R0lGODlhAQABAIAAAP\/\/\/\/\/\/\/yH5BAEKAAEALAAAAAABAAEAAAICTAEAOw==\" tabindex=\"-1\" title=\"FCK05 - Vevey_13-09-25-9\" width=\"640\" data-caption=\"\" data-envira-gallery-id=\"21631\" data-envira-index=\"8\" data-envira-item-id=\"21642\" data-envira-src=\"https:\/\/regese.ch\/fussball\/wp-content\/uploads\/2025\/09\/FCK05-Vevey_13-09-25-9-1536x1024.jpg\" data-envira-srcset=\"https:\/\/regese.ch\/fussball\/wp-content\/uploads\/2025\/09\/FCK05-Vevey_13-09-25-9-1536x1024.jpg 400w, https:\/\/regese.ch\/fussball\/wp-content\/uploads\/2025\/09\/FCK05-Vevey_13-09-25-9-1536x1024.jpg 2x\" data-title=\"FCK05 - Vevey_13-09-25-9\" itemprop=\"thumbnailUrl\"  data-envirabox=\"21631\" \/><\/div><\/a><div class=\"envira-gallery-captioned-data envira-gallery-captioned-data-base\"><\/div><\/div><\/div><div id=\"envira-gallery-item-21643\" class=\"envira-gallery-item envira-gallery-item-10 envira-lazy-load enviratope-item\" style=\"padding-left: 5px; padding-bottom: 10px; padding-right: 5px;\"  itemscope itemtype=\"https:\/\/schema.org\/ImageObject\"><div class=\"envira-gallery-item-inner\"><div class=\"envira-gallery-position-overlay envira-gallery-top-left\"><\/div><div class=\"envira-gallery-position-overlay envira-gallery-top-right\"><\/div><div class=\"envira-gallery-position-overlay envira-gallery-bottom-left\"><\/div><div class=\"envira-gallery-position-overlay envira-gallery-bottom-right\"><\/div><a class=\"envira-gallery-21631 envira-gallery-link\" href=\"https:\/\/regese.ch\/fussball\/wp-content\/uploads\/2025\/09\/FCK05-Vevey_13-09-25-10-scaled.jpg\" title=\"FCK05 - Vevey_13-09-25-10\" data-caption=\"\" data-envira-item-id=\"21643\" data-envira-retina=\"https:\/\/regese.ch\/fussball\/wp-content\/uploads\/2025\/09\/FCK05-Vevey_13-09-25-10-scaled.jpg\" data-thumb=\"https:\/\/regese.ch\/fussball\/wp-content\/uploads\/2025\/09\/FCK05-Vevey_13-09-25-10-scaled-75x50_c.jpg\" data-title=\"FCK05 - Vevey_13-09-25-10\" data-envirabox='21631' itemprop=\"contentUrl\"><div class=\"envira-lazy\" style=\"padding-bottom: 75%;\" data-envira-changed=\"false\" data-width=\"640\" data-height=\"480\"><img loading=\"lazy\" decoding=\"async\" src=\"https:\/\/regese.ch\/fussball\/wp-content\/uploads\/2025\/09\/FCK05-Vevey_13-09-25-10-1536x1024.jpg\" alt=\"\" class=\"envira-gallery-image envira-gallery-image-10    envira-lazy\" height=\"480\" id=\"envira-gallery-image-21643\" srcset=\"data:image\/gif;base64,R0lGODlhAQABAIAAAP\/\/\/\/\/\/\/yH5BAEKAAEALAAAAAABAAEAAAICTAEAOw==\" tabindex=\"-1\" title=\"FCK05 - Vevey_13-09-25-10\" width=\"640\" data-caption=\"\" data-envira-gallery-id=\"21631\" data-envira-index=\"9\" data-envira-item-id=\"21643\" data-envira-src=\"https:\/\/regese.ch\/fussball\/wp-content\/uploads\/2025\/09\/FCK05-Vevey_13-09-25-10-1536x1024.jpg\" data-envira-srcset=\"https:\/\/regese.ch\/fussball\/wp-content\/uploads\/2025\/09\/FCK05-Vevey_13-09-25-10-1536x1024.jpg 400w, https:\/\/regese.ch\/fussball\/wp-content\/uploads\/2025\/09\/FCK05-Vevey_13-09-25-10-1536x1024.jpg 2x\" data-title=\"FCK05 - Vevey_13-09-25-10\" itemprop=\"thumbnailUrl\"  data-envirabox=\"21631\" \/><\/div><\/a><div class=\"envira-gallery-captioned-data envira-gallery-captioned-data-base\"><\/div><\/div><\/div><div id=\"envira-gallery-item-21644\" class=\"envira-gallery-item envira-gallery-item-11 envira-lazy-load enviratope-item\" style=\"padding-left: 5px; padding-bottom: 10px; padding-right: 5px;\"  itemscope itemtype=\"https:\/\/schema.org\/ImageObject\"><div class=\"envira-gallery-item-inner\"><div class=\"envira-gallery-position-overlay envira-gallery-top-left\"><\/div><div class=\"envira-gallery-position-overlay envira-gallery-top-right\"><\/div><div class=\"envira-gallery-position-overlay envira-gallery-bottom-left\"><\/div><div class=\"envira-gallery-position-overlay envira-gallery-bottom-right\"><\/div><a class=\"envira-gallery-21631 envira-gallery-link\" href=\"https:\/\/regese.ch\/fussball\/wp-content\/uploads\/2025\/09\/FCK05-Vevey_13-09-25-11-scaled.jpg\" title=\"FCK05 - Vevey_13-09-25-11\" data-caption=\"\" data-envira-item-id=\"21644\" data-envira-retina=\"https:\/\/regese.ch\/fussball\/wp-content\/uploads\/2025\/09\/FCK05-Vevey_13-09-25-11-scaled.jpg\" data-thumb=\"https:\/\/regese.ch\/fussball\/wp-content\/uploads\/2025\/09\/FCK05-Vevey_13-09-25-11-scaled-75x50_c.jpg\" data-title=\"FCK05 - Vevey_13-09-25-11\" data-envirabox='21631' itemprop=\"contentUrl\"><div class=\"envira-lazy\" style=\"padding-bottom: 75%;\" data-envira-changed=\"false\" data-width=\"640\" data-height=\"480\"><img loading=\"lazy\" decoding=\"async\" src=\"https:\/\/regese.ch\/fussball\/wp-content\/uploads\/2025\/09\/FCK05-Vevey_13-09-25-11-1536x1024.jpg\" alt=\"\" class=\"envira-gallery-image envira-gallery-image-11    envira-lazy\" height=\"480\" id=\"envira-gallery-image-21644\" srcset=\"data:image\/gif;base64,R0lGODlhAQABAIAAAP\/\/\/\/\/\/\/yH5BAEKAAEALAAAAAABAAEAAAICTAEAOw==\" tabindex=\"-1\" title=\"FCK05 - Vevey_13-09-25-11\" width=\"640\" data-caption=\"\" data-envira-gallery-id=\"21631\" data-envira-index=\"10\" data-envira-item-id=\"21644\" data-envira-src=\"https:\/\/regese.ch\/fussball\/wp-content\/uploads\/2025\/09\/FCK05-Vevey_13-09-25-11-1536x1024.jpg\" data-envira-srcset=\"https:\/\/regese.ch\/fussball\/wp-content\/uploads\/2025\/09\/FCK05-Vevey_13-09-25-11-1536x1024.jpg 400w, https:\/\/regese.ch\/fussball\/wp-content\/uploads\/2025\/09\/FCK05-Vevey_13-09-25-11-1536x1024.jpg 2x\" data-title=\"FCK05 - Vevey_13-09-25-11\" itemprop=\"thumbnailUrl\"  data-envirabox=\"21631\" \/><\/div><\/a><div class=\"envira-gallery-captioned-data envira-gallery-captioned-data-base\"><\/div><\/div><\/div><div id=\"envira-gallery-item-21645\" class=\"envira-gallery-item envira-gallery-item-12 envira-lazy-load enviratope-item\" style=\"padding-left: 5px; padding-bottom: 10px; padding-right: 5px;\"  itemscope itemtype=\"https:\/\/schema.org\/ImageObject\"><div class=\"envira-gallery-item-inner\"><div class=\"envira-gallery-position-overlay envira-gallery-top-left\"><\/div><div class=\"envira-gallery-position-overlay envira-gallery-top-right\"><\/div><div class=\"envira-gallery-position-overlay envira-gallery-bottom-left\"><\/div><div class=\"envira-gallery-position-overlay envira-gallery-bottom-right\"><\/div><a class=\"envira-gallery-21631 envira-gallery-link\" href=\"https:\/\/regese.ch\/fussball\/wp-content\/uploads\/2025\/09\/FCK05-Vevey_13-09-25-12-scaled.jpg\" title=\"FCK05 - Vevey_13-09-25-12\" data-caption=\"\" data-envira-item-id=\"21645\" data-envira-retina=\"https:\/\/regese.ch\/fussball\/wp-content\/uploads\/2025\/09\/FCK05-Vevey_13-09-25-12-scaled.jpg\" data-thumb=\"https:\/\/regese.ch\/fussball\/wp-content\/uploads\/2025\/09\/FCK05-Vevey_13-09-25-12-scaled-75x50_c.jpg\" data-title=\"FCK05 - Vevey_13-09-25-12\" data-envirabox='21631' itemprop=\"contentUrl\"><div class=\"envira-lazy\" style=\"padding-bottom: 75%;\" data-envira-changed=\"false\" data-width=\"640\" data-height=\"480\"><img loading=\"lazy\" decoding=\"async\" src=\"https:\/\/regese.ch\/fussball\/wp-content\/uploads\/2025\/09\/FCK05-Vevey_13-09-25-12-1536x1024.jpg\" alt=\"\" class=\"envira-gallery-image envira-gallery-image-12    envira-lazy\" height=\"480\" id=\"envira-gallery-image-21645\" srcset=\"data:image\/gif;base64,R0lGODlhAQABAIAAAP\/\/\/\/\/\/\/yH5BAEKAAEALAAAAAABAAEAAAICTAEAOw==\" tabindex=\"-1\" title=\"FCK05 - Vevey_13-09-25-12\" width=\"640\" data-caption=\"\" data-envira-gallery-id=\"21631\" data-envira-index=\"11\" data-envira-item-id=\"21645\" data-envira-src=\"https:\/\/regese.ch\/fussball\/wp-content\/uploads\/2025\/09\/FCK05-Vevey_13-09-25-12-1536x1024.jpg\" data-envira-srcset=\"https:\/\/regese.ch\/fussball\/wp-content\/uploads\/2025\/09\/FCK05-Vevey_13-09-25-12-1536x1024.jpg 400w, https:\/\/regese.ch\/fussball\/wp-content\/uploads\/2025\/09\/FCK05-Vevey_13-09-25-12-1536x1024.jpg 2x\" data-title=\"FCK05 - Vevey_13-09-25-12\" itemprop=\"thumbnailUrl\"  data-envirabox=\"21631\" \/><\/div><\/a><div class=\"envira-gallery-captioned-data envira-gallery-captioned-data-base\"><\/div><\/div><\/div><div id=\"envira-gallery-item-21646\" class=\"envira-gallery-item envira-gallery-item-13 envira-lazy-load enviratope-item\" style=\"padding-left: 5px; padding-bottom: 10px; padding-right: 5px;\"  itemscope itemtype=\"https:\/\/schema.org\/ImageObject\"><div class=\"envira-gallery-item-inner\"><div class=\"envira-gallery-position-overlay envira-gallery-top-left\"><\/div><div class=\"envira-gallery-position-overlay envira-gallery-top-right\"><\/div><div class=\"envira-gallery-position-overlay envira-gallery-bottom-left\"><\/div><div class=\"envira-gallery-position-overlay envira-gallery-bottom-right\"><\/div><a class=\"envira-gallery-21631 envira-gallery-link\" href=\"https:\/\/regese.ch\/fussball\/wp-content\/uploads\/2025\/09\/FCK05-Vevey_13-09-25-13-scaled.jpg\" title=\"FCK05 - Vevey_13-09-25-13\" data-caption=\"\" data-envira-item-id=\"21646\" data-envira-retina=\"https:\/\/regese.ch\/fussball\/wp-content\/uploads\/2025\/09\/FCK05-Vevey_13-09-25-13-scaled.jpg\" data-thumb=\"https:\/\/regese.ch\/fussball\/wp-content\/uploads\/2025\/09\/FCK05-Vevey_13-09-25-13-scaled-75x50_c.jpg\" data-title=\"FCK05 - Vevey_13-09-25-13\" data-envirabox='21631' itemprop=\"contentUrl\"><div class=\"envira-lazy\" style=\"padding-bottom: 75%;\" data-envira-changed=\"false\" data-width=\"640\" data-height=\"480\"><img loading=\"lazy\" decoding=\"async\" src=\"https:\/\/regese.ch\/fussball\/wp-content\/uploads\/2025\/09\/FCK05-Vevey_13-09-25-13-1536x1024.jpg\" alt=\"\" class=\"envira-gallery-image envira-gallery-image-13    envira-lazy\" height=\"480\" id=\"envira-gallery-image-21646\" srcset=\"data:image\/gif;base64,R0lGODlhAQABAIAAAP\/\/\/\/\/\/\/yH5BAEKAAEALAAAAAABAAEAAAICTAEAOw==\" tabindex=\"-1\" title=\"FCK05 - Vevey_13-09-25-13\" width=\"640\" data-caption=\"\" data-envira-gallery-id=\"21631\" data-envira-index=\"12\" data-envira-item-id=\"21646\" data-envira-src=\"https:\/\/regese.ch\/fussball\/wp-content\/uploads\/2025\/09\/FCK05-Vevey_13-09-25-13-1536x1024.jpg\" data-envira-srcset=\"https:\/\/regese.ch\/fussball\/wp-content\/uploads\/2025\/09\/FCK05-Vevey_13-09-25-13-1536x1024.jpg 400w, https:\/\/regese.ch\/fussball\/wp-content\/uploads\/2025\/09\/FCK05-Vevey_13-09-25-13-1536x1024.jpg 2x\" data-title=\"FCK05 - Vevey_13-09-25-13\" itemprop=\"thumbnailUrl\"  data-envirabox=\"21631\" \/><\/div><\/a><div class=\"envira-gallery-captioned-data envira-gallery-captioned-data-base\"><\/div><\/div><\/div><div id=\"envira-gallery-item-21647\" class=\"envira-gallery-item envira-gallery-item-14 envira-lazy-load enviratope-item\" style=\"padding-left: 5px; padding-bottom: 10px; padding-right: 5px;\"  itemscope itemtype=\"https:\/\/schema.org\/ImageObject\"><div class=\"envira-gallery-item-inner\"><div class=\"envira-gallery-position-overlay envira-gallery-top-left\"><\/div><div class=\"envira-gallery-position-overlay envira-gallery-top-right\"><\/div><div class=\"envira-gallery-position-overlay envira-gallery-bottom-left\"><\/div><div class=\"envira-gallery-position-overlay envira-gallery-bottom-right\"><\/div><a class=\"envira-gallery-21631 envira-gallery-link\" href=\"https:\/\/regese.ch\/fussball\/wp-content\/uploads\/2025\/09\/FCK05-Vevey_13-09-25-14-scaled.jpg\" title=\"FCK05 - Vevey_13-09-25-14\" data-caption=\"\" data-envira-item-id=\"21647\" data-envira-retina=\"https:\/\/regese.ch\/fussball\/wp-content\/uploads\/2025\/09\/FCK05-Vevey_13-09-25-14-scaled.jpg\" data-thumb=\"https:\/\/regese.ch\/fussball\/wp-content\/uploads\/2025\/09\/FCK05-Vevey_13-09-25-14-scaled-75x50_c.jpg\" data-title=\"FCK05 - Vevey_13-09-25-14\" data-envirabox='21631' itemprop=\"contentUrl\"><div class=\"envira-lazy\" style=\"padding-bottom: 75%;\" data-envira-changed=\"false\" data-width=\"640\" data-height=\"480\"><img loading=\"lazy\" decoding=\"async\" src=\"https:\/\/regese.ch\/fussball\/wp-content\/uploads\/2025\/09\/FCK05-Vevey_13-09-25-14-1536x1024.jpg\" alt=\"\" class=\"envira-gallery-image envira-gallery-image-14    envira-lazy\" height=\"480\" id=\"envira-gallery-image-21647\" srcset=\"data:image\/gif;base64,R0lGODlhAQABAIAAAP\/\/\/\/\/\/\/yH5BAEKAAEALAAAAAABAAEAAAICTAEAOw==\" tabindex=\"-1\" title=\"FCK05 - Vevey_13-09-25-14\" width=\"640\" data-caption=\"\" data-envira-gallery-id=\"21631\" data-envira-index=\"13\" data-envira-item-id=\"21647\" data-envira-src=\"https:\/\/regese.ch\/fussball\/wp-content\/uploads\/2025\/09\/FCK05-Vevey_13-09-25-14-1536x1024.jpg\" data-envira-srcset=\"https:\/\/regese.ch\/fussball\/wp-content\/uploads\/2025\/09\/FCK05-Vevey_13-09-25-14-1536x1024.jpg 400w, https:\/\/regese.ch\/fussball\/wp-content\/uploads\/2025\/09\/FCK05-Vevey_13-09-25-14-1536x1024.jpg 2x\" data-title=\"FCK05 - Vevey_13-09-25-14\" itemprop=\"thumbnailUrl\"  data-envirabox=\"21631\" \/><\/div><\/a><div class=\"envira-gallery-captioned-data envira-gallery-captioned-data-base\"><\/div><\/div><\/div><div id=\"envira-gallery-item-21648\" class=\"envira-gallery-item envira-gallery-item-15 envira-lazy-load enviratope-item\" style=\"padding-left: 5px; padding-bottom: 10px; padding-right: 5px;\"  itemscope itemtype=\"https:\/\/schema.org\/ImageObject\"><div class=\"envira-gallery-item-inner\"><div class=\"envira-gallery-position-overlay envira-gallery-top-left\"><\/div><div class=\"envira-gallery-position-overlay envira-gallery-top-right\"><\/div><div class=\"envira-gallery-position-overlay envira-gallery-bottom-left\"><\/div><div class=\"envira-gallery-position-overlay envira-gallery-bottom-right\"><\/div><a class=\"envira-gallery-21631 envira-gallery-link\" href=\"https:\/\/regese.ch\/fussball\/wp-content\/uploads\/2025\/09\/FCK05-Vevey_13-09-25-15-scaled.jpg\" title=\"FCK05 - Vevey_13-09-25-15\" data-caption=\"\" data-envira-item-id=\"21648\" data-envira-retina=\"https:\/\/regese.ch\/fussball\/wp-content\/uploads\/2025\/09\/FCK05-Vevey_13-09-25-15-scaled.jpg\" data-thumb=\"https:\/\/regese.ch\/fussball\/wp-content\/uploads\/2025\/09\/FCK05-Vevey_13-09-25-15-scaled-75x50_c.jpg\" data-title=\"FCK05 - Vevey_13-09-25-15\" data-envirabox='21631' itemprop=\"contentUrl\"><div class=\"envira-lazy\" style=\"padding-bottom: 75%;\" data-envira-changed=\"false\" data-width=\"640\" data-height=\"480\"><img loading=\"lazy\" decoding=\"async\" src=\"https:\/\/regese.ch\/fussball\/wp-content\/uploads\/2025\/09\/FCK05-Vevey_13-09-25-15-1536x1024.jpg\" alt=\"\" class=\"envira-gallery-image envira-gallery-image-15    envira-lazy\" height=\"480\" id=\"envira-gallery-image-21648\" srcset=\"data:image\/gif;base64,R0lGODlhAQABAIAAAP\/\/\/\/\/\/\/yH5BAEKAAEALAAAAAABAAEAAAICTAEAOw==\" tabindex=\"-1\" title=\"FCK05 - Vevey_13-09-25-15\" width=\"640\" data-caption=\"\" data-envira-gallery-id=\"21631\" data-envira-index=\"14\" data-envira-item-id=\"21648\" data-envira-src=\"https:\/\/regese.ch\/fussball\/wp-content\/uploads\/2025\/09\/FCK05-Vevey_13-09-25-15-1536x1024.jpg\" data-envira-srcset=\"https:\/\/regese.ch\/fussball\/wp-content\/uploads\/2025\/09\/FCK05-Vevey_13-09-25-15-1536x1024.jpg 400w, https:\/\/regese.ch\/fussball\/wp-content\/uploads\/2025\/09\/FCK05-Vevey_13-09-25-15-1536x1024.jpg 2x\" data-title=\"FCK05 - Vevey_13-09-25-15\" itemprop=\"thumbnailUrl\"  data-envirabox=\"21631\" \/><\/div><\/a><div class=\"envira-gallery-captioned-data envira-gallery-captioned-data-base\"><\/div><\/div><\/div><div id=\"envira-gallery-item-21649\" class=\"envira-gallery-item envira-gallery-item-16 envira-lazy-load enviratope-item\" style=\"padding-left: 5px; padding-bottom: 10px; padding-right: 5px;\"  itemscope itemtype=\"https:\/\/schema.org\/ImageObject\"><div class=\"envira-gallery-item-inner\"><div class=\"envira-gallery-position-overlay envira-gallery-top-left\"><\/div><div class=\"envira-gallery-position-overlay envira-gallery-top-right\"><\/div><div class=\"envira-gallery-position-overlay envira-gallery-bottom-left\"><\/div><div class=\"envira-gallery-position-overlay envira-gallery-bottom-right\"><\/div><a class=\"envira-gallery-21631 envira-gallery-link\" href=\"https:\/\/regese.ch\/fussball\/wp-content\/uploads\/2025\/09\/FCK05-Vevey_13-09-25-16-scaled.jpg\" title=\"FCK05 - Vevey_13-09-25-16\" data-caption=\"\" data-envira-item-id=\"21649\" data-envira-retina=\"https:\/\/regese.ch\/fussball\/wp-content\/uploads\/2025\/09\/FCK05-Vevey_13-09-25-16-scaled.jpg\" data-thumb=\"https:\/\/regese.ch\/fussball\/wp-content\/uploads\/2025\/09\/FCK05-Vevey_13-09-25-16-scaled-75x50_c.jpg\" data-title=\"FCK05 - Vevey_13-09-25-16\" data-envirabox='21631' itemprop=\"contentUrl\"><div class=\"envira-lazy\" style=\"padding-bottom: 75%;\" data-envira-changed=\"false\" data-width=\"640\" data-height=\"480\"><img loading=\"lazy\" decoding=\"async\" src=\"https:\/\/regese.ch\/fussball\/wp-content\/uploads\/2025\/09\/FCK05-Vevey_13-09-25-16-1536x1024.jpg\" alt=\"\" class=\"envira-gallery-image envira-gallery-image-16    envira-lazy\" height=\"480\" id=\"envira-gallery-image-21649\" srcset=\"data:image\/gif;base64,R0lGODlhAQABAIAAAP\/\/\/\/\/\/\/yH5BAEKAAEALAAAAAABAAEAAAICTAEAOw==\" tabindex=\"-1\" title=\"FCK05 - Vevey_13-09-25-16\" width=\"640\" data-caption=\"\" data-envira-gallery-id=\"21631\" data-envira-index=\"15\" data-envira-item-id=\"21649\" data-envira-src=\"https:\/\/regese.ch\/fussball\/wp-content\/uploads\/2025\/09\/FCK05-Vevey_13-09-25-16-1536x1024.jpg\" data-envira-srcset=\"https:\/\/regese.ch\/fussball\/wp-content\/uploads\/2025\/09\/FCK05-Vevey_13-09-25-16-1536x1024.jpg 400w, https:\/\/regese.ch\/fussball\/wp-content\/uploads\/2025\/09\/FCK05-Vevey_13-09-25-16-1536x1024.jpg 2x\" data-title=\"FCK05 - Vevey_13-09-25-16\" itemprop=\"thumbnailUrl\"  data-envirabox=\"21631\" \/><\/div><\/a><div class=\"envira-gallery-captioned-data envira-gallery-captioned-data-base\"><\/div><\/div><\/div><div id=\"envira-gallery-item-21650\" class=\"envira-gallery-item envira-gallery-item-17 envira-lazy-load enviratope-item\" style=\"padding-left: 5px; padding-bottom: 10px; padding-right: 5px;\"  itemscope itemtype=\"https:\/\/schema.org\/ImageObject\"><div class=\"envira-gallery-item-inner\"><div class=\"envira-gallery-position-overlay envira-gallery-top-left\"><\/div><div class=\"envira-gallery-position-overlay envira-gallery-top-right\"><\/div><div class=\"envira-gallery-position-overlay envira-gallery-bottom-left\"><\/div><div class=\"envira-gallery-position-overlay envira-gallery-bottom-right\"><\/div><a class=\"envira-gallery-21631 envira-gallery-link\" href=\"https:\/\/regese.ch\/fussball\/wp-content\/uploads\/2025\/09\/FCK05-Vevey_13-09-25-17-scaled.jpg\" title=\"FCK05 - Vevey_13-09-25-17\" data-caption=\"\" data-envira-item-id=\"21650\" data-envira-retina=\"https:\/\/regese.ch\/fussball\/wp-content\/uploads\/2025\/09\/FCK05-Vevey_13-09-25-17-scaled.jpg\" data-thumb=\"https:\/\/regese.ch\/fussball\/wp-content\/uploads\/2025\/09\/FCK05-Vevey_13-09-25-17-scaled-75x50_c.jpg\" data-title=\"FCK05 - Vevey_13-09-25-17\" data-envirabox='21631' itemprop=\"contentUrl\"><div class=\"envira-lazy\" style=\"padding-bottom: 75%;\" data-envira-changed=\"false\" data-width=\"640\" data-height=\"480\"><img loading=\"lazy\" decoding=\"async\" src=\"https:\/\/regese.ch\/fussball\/wp-content\/uploads\/2025\/09\/FCK05-Vevey_13-09-25-17-1536x1024.jpg\" alt=\"\" class=\"envira-gallery-image envira-gallery-image-17    envira-lazy\" height=\"480\" id=\"envira-gallery-image-21650\" srcset=\"data:image\/gif;base64,R0lGODlhAQABAIAAAP\/\/\/\/\/\/\/yH5BAEKAAEALAAAAAABAAEAAAICTAEAOw==\" tabindex=\"-1\" title=\"FCK05 - Vevey_13-09-25-17\" width=\"640\" data-caption=\"\" data-envira-gallery-id=\"21631\" data-envira-index=\"16\" data-envira-item-id=\"21650\" data-envira-src=\"https:\/\/regese.ch\/fussball\/wp-content\/uploads\/2025\/09\/FCK05-Vevey_13-09-25-17-1536x1024.jpg\" data-envira-srcset=\"https:\/\/regese.ch\/fussball\/wp-content\/uploads\/2025\/09\/FCK05-Vevey_13-09-25-17-1536x1024.jpg 400w, https:\/\/regese.ch\/fussball\/wp-content\/uploads\/2025\/09\/FCK05-Vevey_13-09-25-17-1536x1024.jpg 2x\" data-title=\"FCK05 - Vevey_13-09-25-17\" itemprop=\"thumbnailUrl\"  data-envirabox=\"21631\" \/><\/div><\/a><div class=\"envira-gallery-captioned-data envira-gallery-captioned-data-base\"><\/div><\/div><\/div><div id=\"envira-gallery-item-21651\" class=\"envira-gallery-item envira-gallery-item-18 envira-lazy-load enviratope-item\" style=\"padding-left: 5px; padding-bottom: 10px; padding-right: 5px;\"  itemscope itemtype=\"https:\/\/schema.org\/ImageObject\"><div class=\"envira-gallery-item-inner\"><div class=\"envira-gallery-position-overlay envira-gallery-top-left\"><\/div><div class=\"envira-gallery-position-overlay envira-gallery-top-right\"><\/div><div class=\"envira-gallery-position-overlay envira-gallery-bottom-left\"><\/div><div class=\"envira-gallery-position-overlay envira-gallery-bottom-right\"><\/div><a class=\"envira-gallery-21631 envira-gallery-link\" href=\"https:\/\/regese.ch\/fussball\/wp-content\/uploads\/2025\/09\/FCK05-Vevey_13-09-25-18-scaled.jpg\" title=\"FCK05 - Vevey_13-09-25-18\" data-caption=\"\" data-envira-item-id=\"21651\" data-envira-retina=\"https:\/\/regese.ch\/fussball\/wp-content\/uploads\/2025\/09\/FCK05-Vevey_13-09-25-18-scaled.jpg\" data-thumb=\"https:\/\/regese.ch\/fussball\/wp-content\/uploads\/2025\/09\/FCK05-Vevey_13-09-25-18-scaled-75x50_c.jpg\" data-title=\"FCK05 - Vevey_13-09-25-18\" data-envirabox='21631' itemprop=\"contentUrl\"><div class=\"envira-lazy\" style=\"padding-bottom: 75%;\" data-envira-changed=\"false\" data-width=\"640\" data-height=\"480\"><img loading=\"lazy\" decoding=\"async\" src=\"https:\/\/regese.ch\/fussball\/wp-content\/uploads\/2025\/09\/FCK05-Vevey_13-09-25-18-1536x1024.jpg\" alt=\"\" class=\"envira-gallery-image envira-gallery-image-18    envira-lazy\" height=\"480\" id=\"envira-gallery-image-21651\" srcset=\"data:image\/gif;base64,R0lGODlhAQABAIAAAP\/\/\/\/\/\/\/yH5BAEKAAEALAAAAAABAAEAAAICTAEAOw==\" tabindex=\"-1\" title=\"FCK05 - Vevey_13-09-25-18\" width=\"640\" data-caption=\"\" data-envira-gallery-id=\"21631\" data-envira-index=\"17\" data-envira-item-id=\"21651\" data-envira-src=\"https:\/\/regese.ch\/fussball\/wp-content\/uploads\/2025\/09\/FCK05-Vevey_13-09-25-18-1536x1024.jpg\" data-envira-srcset=\"https:\/\/regese.ch\/fussball\/wp-content\/uploads\/2025\/09\/FCK05-Vevey_13-09-25-18-1536x1024.jpg 400w, https:\/\/regese.ch\/fussball\/wp-content\/uploads\/2025\/09\/FCK05-Vevey_13-09-25-18-1536x1024.jpg 2x\" data-title=\"FCK05 - Vevey_13-09-25-18\" itemprop=\"thumbnailUrl\"  data-envirabox=\"21631\" \/><\/div><\/a><div class=\"envira-gallery-captioned-data envira-gallery-captioned-data-base\"><\/div><\/div><\/div><div id=\"envira-gallery-item-21652\" class=\"envira-gallery-item envira-gallery-item-19 envira-lazy-load enviratope-item\" style=\"padding-left: 5px; padding-bottom: 10px; padding-right: 5px;\"  itemscope itemtype=\"https:\/\/schema.org\/ImageObject\"><div class=\"envira-gallery-item-inner\"><div class=\"envira-gallery-position-overlay envira-gallery-top-left\"><\/div><div class=\"envira-gallery-position-overlay envira-gallery-top-right\"><\/div><div class=\"envira-gallery-position-overlay envira-gallery-bottom-left\"><\/div><div class=\"envira-gallery-position-overlay envira-gallery-bottom-right\"><\/div><a class=\"envira-gallery-21631 envira-gallery-link\" href=\"https:\/\/regese.ch\/fussball\/wp-content\/uploads\/2025\/09\/FCK05-Vevey_13-09-25-19-scaled.jpg\" title=\"FCK05 - Vevey_13-09-25-19\" data-caption=\"\" data-envira-item-id=\"21652\" data-envira-retina=\"https:\/\/regese.ch\/fussball\/wp-content\/uploads\/2025\/09\/FCK05-Vevey_13-09-25-19-scaled.jpg\" data-thumb=\"https:\/\/regese.ch\/fussball\/wp-content\/uploads\/2025\/09\/FCK05-Vevey_13-09-25-19-scaled-75x50_c.jpg\" data-title=\"FCK05 - Vevey_13-09-25-19\" data-envirabox='21631' itemprop=\"contentUrl\"><div class=\"envira-lazy\" style=\"padding-bottom: 75%;\" data-envira-changed=\"false\" data-width=\"640\" data-height=\"480\"><img loading=\"lazy\" decoding=\"async\" src=\"https:\/\/regese.ch\/fussball\/wp-content\/uploads\/2025\/09\/FCK05-Vevey_13-09-25-19-1536x1024.jpg\" alt=\"\" class=\"envira-gallery-image envira-gallery-image-19    envira-lazy\" height=\"480\" id=\"envira-gallery-image-21652\" srcset=\"data:image\/gif;base64,R0lGODlhAQABAIAAAP\/\/\/\/\/\/\/yH5BAEKAAEALAAAAAABAAEAAAICTAEAOw==\" tabindex=\"-1\" title=\"FCK05 - Vevey_13-09-25-19\" width=\"640\" data-caption=\"\" data-envira-gallery-id=\"21631\" data-envira-index=\"18\" data-envira-item-id=\"21652\" data-envira-src=\"https:\/\/regese.ch\/fussball\/wp-content\/uploads\/2025\/09\/FCK05-Vevey_13-09-25-19-1536x1024.jpg\" data-envira-srcset=\"https:\/\/regese.ch\/fussball\/wp-content\/uploads\/2025\/09\/FCK05-Vevey_13-09-25-19-1536x1024.jpg 400w, https:\/\/regese.ch\/fussball\/wp-content\/uploads\/2025\/09\/FCK05-Vevey_13-09-25-19-1536x1024.jpg 2x\" data-title=\"FCK05 - Vevey_13-09-25-19\" itemprop=\"thumbnailUrl\"  data-envirabox=\"21631\" \/><\/div><\/a><div class=\"envira-gallery-captioned-data envira-gallery-captioned-data-base\"><\/div><\/div><\/div><div id=\"envira-gallery-item-21653\" class=\"envira-gallery-item envira-gallery-item-20 envira-lazy-load enviratope-item\" style=\"padding-left: 5px; padding-bottom: 10px; padding-right: 5px;\"  itemscope itemtype=\"https:\/\/schema.org\/ImageObject\"><div class=\"envira-gallery-item-inner\"><div class=\"envira-gallery-position-overlay envira-gallery-top-left\"><\/div><div class=\"envira-gallery-position-overlay envira-gallery-top-right\"><\/div><div class=\"envira-gallery-position-overlay envira-gallery-bottom-left\"><\/div><div class=\"envira-gallery-position-overlay envira-gallery-bottom-right\"><\/div><a class=\"envira-gallery-21631 envira-gallery-link\" href=\"https:\/\/regese.ch\/fussball\/wp-content\/uploads\/2025\/09\/FCK05-Vevey_13-09-25-20-scaled.jpg\" title=\"FCK05 - Vevey_13-09-25-20\" data-caption=\"\" data-envira-item-id=\"21653\" data-envira-retina=\"https:\/\/regese.ch\/fussball\/wp-content\/uploads\/2025\/09\/FCK05-Vevey_13-09-25-20-scaled.jpg\" data-thumb=\"https:\/\/regese.ch\/fussball\/wp-content\/uploads\/2025\/09\/FCK05-Vevey_13-09-25-20-scaled-75x50_c.jpg\" data-title=\"FCK05 - Vevey_13-09-25-20\" data-envirabox='21631' itemprop=\"contentUrl\"><div class=\"envira-lazy\" style=\"padding-bottom: 75%;\" data-envira-changed=\"false\" data-width=\"640\" data-height=\"480\"><img loading=\"lazy\" decoding=\"async\" src=\"https:\/\/regese.ch\/fussball\/wp-content\/uploads\/2025\/09\/FCK05-Vevey_13-09-25-20-1536x1024.jpg\" alt=\"\" class=\"envira-gallery-image envira-gallery-image-20    envira-lazy\" height=\"480\" id=\"envira-gallery-image-21653\" srcset=\"data:image\/gif;base64,R0lGODlhAQABAIAAAP\/\/\/\/\/\/\/yH5BAEKAAEALAAAAAABAAEAAAICTAEAOw==\" tabindex=\"-1\" title=\"FCK05 - Vevey_13-09-25-20\" width=\"640\" data-caption=\"\" data-envira-gallery-id=\"21631\" data-envira-index=\"19\" data-envira-item-id=\"21653\" data-envira-src=\"https:\/\/regese.ch\/fussball\/wp-content\/uploads\/2025\/09\/FCK05-Vevey_13-09-25-20-1536x1024.jpg\" data-envira-srcset=\"https:\/\/regese.ch\/fussball\/wp-content\/uploads\/2025\/09\/FCK05-Vevey_13-09-25-20-1536x1024.jpg 400w, https:\/\/regese.ch\/fussball\/wp-content\/uploads\/2025\/09\/FCK05-Vevey_13-09-25-20-1536x1024.jpg 2x\" data-title=\"FCK05 - Vevey_13-09-25-20\" itemprop=\"thumbnailUrl\"  data-envirabox=\"21631\" \/><\/div><\/a><div class=\"envira-gallery-captioned-data envira-gallery-captioned-data-base\"><\/div><\/div><\/div><div id=\"envira-gallery-item-21654\" class=\"envira-gallery-item envira-gallery-item-21 envira-lazy-load enviratope-item\" style=\"padding-left: 5px; padding-bottom: 10px; padding-right: 5px;\"  itemscope itemtype=\"https:\/\/schema.org\/ImageObject\"><div class=\"envira-gallery-item-inner\"><div class=\"envira-gallery-position-overlay envira-gallery-top-left\"><\/div><div class=\"envira-gallery-position-overlay envira-gallery-top-right\"><\/div><div class=\"envira-gallery-position-overlay envira-gallery-bottom-left\"><\/div><div class=\"envira-gallery-position-overlay envira-gallery-bottom-right\"><\/div><a class=\"envira-gallery-21631 envira-gallery-link\" href=\"https:\/\/regese.ch\/fussball\/wp-content\/uploads\/2025\/09\/FCK05-Vevey_13-09-25-21-scaled.jpg\" title=\"FCK05 - Vevey_13-09-25-21\" data-caption=\"\" data-envira-item-id=\"21654\" data-envira-retina=\"https:\/\/regese.ch\/fussball\/wp-content\/uploads\/2025\/09\/FCK05-Vevey_13-09-25-21-scaled.jpg\" data-thumb=\"https:\/\/regese.ch\/fussball\/wp-content\/uploads\/2025\/09\/FCK05-Vevey_13-09-25-21-scaled-75x50_c.jpg\" data-title=\"FCK05 - Vevey_13-09-25-21\" data-envirabox='21631' itemprop=\"contentUrl\"><div class=\"envira-lazy\" style=\"padding-bottom: 75%;\" data-envira-changed=\"false\" data-width=\"640\" data-height=\"480\"><img loading=\"lazy\" decoding=\"async\" src=\"https:\/\/regese.ch\/fussball\/wp-content\/uploads\/2025\/09\/FCK05-Vevey_13-09-25-21-1536x1024.jpg\" alt=\"\" class=\"envira-gallery-image envira-gallery-image-21    envira-lazy\" height=\"480\" id=\"envira-gallery-image-21654\" srcset=\"data:image\/gif;base64,R0lGODlhAQABAIAAAP\/\/\/\/\/\/\/yH5BAEKAAEALAAAAAABAAEAAAICTAEAOw==\" tabindex=\"-1\" title=\"FCK05 - Vevey_13-09-25-21\" width=\"640\" data-caption=\"\" data-envira-gallery-id=\"21631\" data-envira-index=\"20\" data-envira-item-id=\"21654\" data-envira-src=\"https:\/\/regese.ch\/fussball\/wp-content\/uploads\/2025\/09\/FCK05-Vevey_13-09-25-21-1536x1024.jpg\" data-envira-srcset=\"https:\/\/regese.ch\/fussball\/wp-content\/uploads\/2025\/09\/FCK05-Vevey_13-09-25-21-1536x1024.jpg 400w, https:\/\/regese.ch\/fussball\/wp-content\/uploads\/2025\/09\/FCK05-Vevey_13-09-25-21-1536x1024.jpg 2x\" data-title=\"FCK05 - Vevey_13-09-25-21\" itemprop=\"thumbnailUrl\"  data-envirabox=\"21631\" \/><\/div><\/a><div class=\"envira-gallery-captioned-data envira-gallery-captioned-data-base\"><\/div><\/div><\/div><div id=\"envira-gallery-item-21655\" class=\"envira-gallery-item envira-gallery-item-22 envira-lazy-load enviratope-item\" style=\"padding-left: 5px; padding-bottom: 10px; padding-right: 5px;\"  itemscope itemtype=\"https:\/\/schema.org\/ImageObject\"><div class=\"envira-gallery-item-inner\"><div class=\"envira-gallery-position-overlay envira-gallery-top-left\"><\/div><div class=\"envira-gallery-position-overlay envira-gallery-top-right\"><\/div><div class=\"envira-gallery-position-overlay envira-gallery-bottom-left\"><\/div><div class=\"envira-gallery-position-overlay envira-gallery-bottom-right\"><\/div><a class=\"envira-gallery-21631 envira-gallery-link\" href=\"https:\/\/regese.ch\/fussball\/wp-content\/uploads\/2025\/09\/FCK05-Vevey_13-09-25-22-scaled.jpg\" title=\"FCK05 - Vevey_13-09-25-22\" data-caption=\"\" data-envira-item-id=\"21655\" data-envira-retina=\"https:\/\/regese.ch\/fussball\/wp-content\/uploads\/2025\/09\/FCK05-Vevey_13-09-25-22-scaled.jpg\" data-thumb=\"https:\/\/regese.ch\/fussball\/wp-content\/uploads\/2025\/09\/FCK05-Vevey_13-09-25-22-scaled-75x50_c.jpg\" data-title=\"FCK05 - Vevey_13-09-25-22\" data-envirabox='21631' itemprop=\"contentUrl\"><div class=\"envira-lazy\" style=\"padding-bottom: 75%;\" data-envira-changed=\"false\" data-width=\"640\" data-height=\"480\"><img loading=\"lazy\" decoding=\"async\" src=\"https:\/\/regese.ch\/fussball\/wp-content\/uploads\/2025\/09\/FCK05-Vevey_13-09-25-22-1536x1024.jpg\" alt=\"\" class=\"envira-gallery-image envira-gallery-image-22    envira-lazy\" height=\"480\" id=\"envira-gallery-image-21655\" srcset=\"data:image\/gif;base64,R0lGODlhAQABAIAAAP\/\/\/\/\/\/\/yH5BAEKAAEALAAAAAABAAEAAAICTAEAOw==\" tabindex=\"-1\" title=\"FCK05 - Vevey_13-09-25-22\" width=\"640\" data-caption=\"\" data-envira-gallery-id=\"21631\" data-envira-index=\"21\" data-envira-item-id=\"21655\" data-envira-src=\"https:\/\/regese.ch\/fussball\/wp-content\/uploads\/2025\/09\/FCK05-Vevey_13-09-25-22-1536x1024.jpg\" data-envira-srcset=\"https:\/\/regese.ch\/fussball\/wp-content\/uploads\/2025\/09\/FCK05-Vevey_13-09-25-22-1536x1024.jpg 400w, https:\/\/regese.ch\/fussball\/wp-content\/uploads\/2025\/09\/FCK05-Vevey_13-09-25-22-1536x1024.jpg 2x\" data-title=\"FCK05 - Vevey_13-09-25-22\" itemprop=\"thumbnailUrl\"  data-envirabox=\"21631\" \/><\/div><\/a><div class=\"envira-gallery-captioned-data envira-gallery-captioned-data-base\"><\/div><\/div><\/div><div id=\"envira-gallery-item-21656\" class=\"envira-gallery-item envira-gallery-item-23 envira-lazy-load enviratope-item\" style=\"padding-left: 5px; padding-bottom: 10px; padding-right: 5px;\"  itemscope itemtype=\"https:\/\/schema.org\/ImageObject\"><div class=\"envira-gallery-item-inner\"><div class=\"envira-gallery-position-overlay envira-gallery-top-left\"><\/div><div class=\"envira-gallery-position-overlay envira-gallery-top-right\"><\/div><div class=\"envira-gallery-position-overlay envira-gallery-bottom-left\"><\/div><div class=\"envira-gallery-position-overlay envira-gallery-bottom-right\"><\/div><a class=\"envira-gallery-21631 envira-gallery-link\" href=\"https:\/\/regese.ch\/fussball\/wp-content\/uploads\/2025\/09\/FCK05-Vevey_13-09-25-23-scaled.jpg\" title=\"FCK05 - Vevey_13-09-25-23\" data-caption=\"\" data-envira-item-id=\"21656\" data-envira-retina=\"https:\/\/regese.ch\/fussball\/wp-content\/uploads\/2025\/09\/FCK05-Vevey_13-09-25-23-scaled.jpg\" data-thumb=\"https:\/\/regese.ch\/fussball\/wp-content\/uploads\/2025\/09\/FCK05-Vevey_13-09-25-23-scaled-75x50_c.jpg\" data-title=\"FCK05 - Vevey_13-09-25-23\" data-envirabox='21631' itemprop=\"contentUrl\"><div class=\"envira-lazy\" style=\"padding-bottom: 75%;\" data-envira-changed=\"false\" data-width=\"640\" data-height=\"480\"><img loading=\"lazy\" decoding=\"async\" src=\"https:\/\/regese.ch\/fussball\/wp-content\/uploads\/2025\/09\/FCK05-Vevey_13-09-25-23-1536x1024.jpg\" alt=\"\" class=\"envira-gallery-image envira-gallery-image-23    envira-lazy\" height=\"480\" id=\"envira-gallery-image-21656\" srcset=\"data:image\/gif;base64,R0lGODlhAQABAIAAAP\/\/\/\/\/\/\/yH5BAEKAAEALAAAAAABAAEAAAICTAEAOw==\" tabindex=\"-1\" title=\"FCK05 - Vevey_13-09-25-23\" width=\"640\" data-caption=\"\" data-envira-gallery-id=\"21631\" data-envira-index=\"22\" data-envira-item-id=\"21656\" data-envira-src=\"https:\/\/regese.ch\/fussball\/wp-content\/uploads\/2025\/09\/FCK05-Vevey_13-09-25-23-1536x1024.jpg\" data-envira-srcset=\"https:\/\/regese.ch\/fussball\/wp-content\/uploads\/2025\/09\/FCK05-Vevey_13-09-25-23-1536x1024.jpg 400w, https:\/\/regese.ch\/fussball\/wp-content\/uploads\/2025\/09\/FCK05-Vevey_13-09-25-23-1536x1024.jpg 2x\" data-title=\"FCK05 - Vevey_13-09-25-23\" itemprop=\"thumbnailUrl\"  data-envirabox=\"21631\" \/><\/div><\/a><div class=\"envira-gallery-captioned-data envira-gallery-captioned-data-base\"><\/div><\/div><\/div><div id=\"envira-gallery-item-21657\" class=\"envira-gallery-item envira-gallery-item-24 envira-lazy-load enviratope-item\" style=\"padding-left: 5px; padding-bottom: 10px; padding-right: 5px;\"  itemscope itemtype=\"https:\/\/schema.org\/ImageObject\"><div class=\"envira-gallery-item-inner\"><div class=\"envira-gallery-position-overlay envira-gallery-top-left\"><\/div><div class=\"envira-gallery-position-overlay envira-gallery-top-right\"><\/div><div class=\"envira-gallery-position-overlay envira-gallery-bottom-left\"><\/div><div class=\"envira-gallery-position-overlay envira-gallery-bottom-right\"><\/div><a class=\"envira-gallery-21631 envira-gallery-link\" href=\"https:\/\/regese.ch\/fussball\/wp-content\/uploads\/2025\/09\/FCK05-Vevey_13-09-25-24-scaled.jpg\" title=\"FCK05 - Vevey_13-09-25-24\" data-caption=\"\" data-envira-item-id=\"21657\" data-envira-retina=\"https:\/\/regese.ch\/fussball\/wp-content\/uploads\/2025\/09\/FCK05-Vevey_13-09-25-24-scaled.jpg\" data-thumb=\"https:\/\/regese.ch\/fussball\/wp-content\/uploads\/2025\/09\/FCK05-Vevey_13-09-25-24-scaled-75x50_c.jpg\" data-title=\"FCK05 - Vevey_13-09-25-24\" data-envirabox='21631' itemprop=\"contentUrl\"><div class=\"envira-lazy\" style=\"padding-bottom: 75%;\" data-envira-changed=\"false\" data-width=\"640\" data-height=\"480\"><img loading=\"lazy\" decoding=\"async\" src=\"https:\/\/regese.ch\/fussball\/wp-content\/uploads\/2025\/09\/FCK05-Vevey_13-09-25-24-1536x1024.jpg\" alt=\"\" class=\"envira-gallery-image envira-gallery-image-24    envira-lazy\" height=\"480\" id=\"envira-gallery-image-21657\" srcset=\"data:image\/gif;base64,R0lGODlhAQABAIAAAP\/\/\/\/\/\/\/yH5BAEKAAEALAAAAAABAAEAAAICTAEAOw==\" tabindex=\"-1\" title=\"FCK05 - Vevey_13-09-25-24\" width=\"640\" data-caption=\"\" data-envira-gallery-id=\"21631\" data-envira-index=\"23\" data-envira-item-id=\"21657\" data-envira-src=\"https:\/\/regese.ch\/fussball\/wp-content\/uploads\/2025\/09\/FCK05-Vevey_13-09-25-24-1536x1024.jpg\" data-envira-srcset=\"https:\/\/regese.ch\/fussball\/wp-content\/uploads\/2025\/09\/FCK05-Vevey_13-09-25-24-1536x1024.jpg 400w, https:\/\/regese.ch\/fussball\/wp-content\/uploads\/2025\/09\/FCK05-Vevey_13-09-25-24-1536x1024.jpg 2x\" data-title=\"FCK05 - Vevey_13-09-25-24\" itemprop=\"thumbnailUrl\"  data-envirabox=\"21631\" \/><\/div><\/a><div class=\"envira-gallery-captioned-data envira-gallery-captioned-data-base\"><\/div><\/div><\/div><div id=\"envira-gallery-item-21658\" class=\"envira-gallery-item envira-gallery-item-25 envira-lazy-load enviratope-item\" style=\"padding-left: 5px; padding-bottom: 10px; padding-right: 5px;\"  itemscope itemtype=\"https:\/\/schema.org\/ImageObject\"><div class=\"envira-gallery-item-inner\"><div class=\"envira-gallery-position-overlay envira-gallery-top-left\"><\/div><div class=\"envira-gallery-position-overlay envira-gallery-top-right\"><\/div><div class=\"envira-gallery-position-overlay envira-gallery-bottom-left\"><\/div><div class=\"envira-gallery-position-overlay envira-gallery-bottom-right\"><\/div><a class=\"envira-gallery-21631 envira-gallery-link\" href=\"https:\/\/regese.ch\/fussball\/wp-content\/uploads\/2025\/09\/FCK05-Vevey_13-09-25-25-scaled.jpg\" title=\"FCK05 - Vevey_13-09-25-25\" data-caption=\"\" data-envira-item-id=\"21658\" data-envira-retina=\"https:\/\/regese.ch\/fussball\/wp-content\/uploads\/2025\/09\/FCK05-Vevey_13-09-25-25-scaled.jpg\" data-thumb=\"https:\/\/regese.ch\/fussball\/wp-content\/uploads\/2025\/09\/FCK05-Vevey_13-09-25-25-scaled-75x50_c.jpg\" data-title=\"FCK05 - Vevey_13-09-25-25\" data-envirabox='21631' itemprop=\"contentUrl\"><div class=\"envira-lazy\" style=\"padding-bottom: 75%;\" data-envira-changed=\"false\" data-width=\"640\" data-height=\"480\"><img loading=\"lazy\" decoding=\"async\" src=\"https:\/\/regese.ch\/fussball\/wp-content\/uploads\/2025\/09\/FCK05-Vevey_13-09-25-25-1536x1024.jpg\" alt=\"\" class=\"envira-gallery-image envira-gallery-image-25    envira-lazy\" height=\"480\" id=\"envira-gallery-image-21658\" srcset=\"data:image\/gif;base64,R0lGODlhAQABAIAAAP\/\/\/\/\/\/\/yH5BAEKAAEALAAAAAABAAEAAAICTAEAOw==\" tabindex=\"-1\" title=\"FCK05 - Vevey_13-09-25-25\" width=\"640\" data-caption=\"\" data-envira-gallery-id=\"21631\" data-envira-index=\"24\" data-envira-item-id=\"21658\" data-envira-src=\"https:\/\/regese.ch\/fussball\/wp-content\/uploads\/2025\/09\/FCK05-Vevey_13-09-25-25-1536x1024.jpg\" data-envira-srcset=\"https:\/\/regese.ch\/fussball\/wp-content\/uploads\/2025\/09\/FCK05-Vevey_13-09-25-25-1536x1024.jpg 400w, https:\/\/regese.ch\/fussball\/wp-content\/uploads\/2025\/09\/FCK05-Vevey_13-09-25-25-1536x1024.jpg 2x\" data-title=\"FCK05 - Vevey_13-09-25-25\" itemprop=\"thumbnailUrl\"  data-envirabox=\"21631\" \/><\/div><\/a><div class=\"envira-gallery-captioned-data envira-gallery-captioned-data-base\"><\/div><\/div><\/div><div id=\"envira-gallery-item-21659\" class=\"envira-gallery-item envira-gallery-item-26 envira-lazy-load enviratope-item\" style=\"padding-left: 5px; padding-bottom: 10px; padding-right: 5px;\"  itemscope itemtype=\"https:\/\/schema.org\/ImageObject\"><div class=\"envira-gallery-item-inner\"><div class=\"envira-gallery-position-overlay envira-gallery-top-left\"><\/div><div class=\"envira-gallery-position-overlay envira-gallery-top-right\"><\/div><div class=\"envira-gallery-position-overlay envira-gallery-bottom-left\"><\/div><div class=\"envira-gallery-position-overlay envira-gallery-bottom-right\"><\/div><a class=\"envira-gallery-21631 envira-gallery-link\" href=\"https:\/\/regese.ch\/fussball\/wp-content\/uploads\/2025\/09\/FCK05-Vevey_13-09-25-26-scaled.jpg\" title=\"FCK05 - Vevey_13-09-25-26\" data-caption=\"\" data-envira-item-id=\"21659\" data-envira-retina=\"https:\/\/regese.ch\/fussball\/wp-content\/uploads\/2025\/09\/FCK05-Vevey_13-09-25-26-scaled.jpg\" data-thumb=\"https:\/\/regese.ch\/fussball\/wp-content\/uploads\/2025\/09\/FCK05-Vevey_13-09-25-26-scaled-75x50_c.jpg\" data-title=\"FCK05 - Vevey_13-09-25-26\" data-envirabox='21631' itemprop=\"contentUrl\"><div class=\"envira-lazy\" style=\"padding-bottom: 75%;\" data-envira-changed=\"false\" data-width=\"640\" data-height=\"480\"><img loading=\"lazy\" decoding=\"async\" src=\"https:\/\/regese.ch\/fussball\/wp-content\/uploads\/2025\/09\/FCK05-Vevey_13-09-25-26-1536x1024.jpg\" alt=\"\" class=\"envira-gallery-image envira-gallery-image-26    envira-lazy\" height=\"480\" id=\"envira-gallery-image-21659\" srcset=\"data:image\/gif;base64,R0lGODlhAQABAIAAAP\/\/\/\/\/\/\/yH5BAEKAAEALAAAAAABAAEAAAICTAEAOw==\" tabindex=\"-1\" title=\"FCK05 - Vevey_13-09-25-26\" width=\"640\" data-caption=\"\" data-envira-gallery-id=\"21631\" data-envira-index=\"25\" data-envira-item-id=\"21659\" data-envira-src=\"https:\/\/regese.ch\/fussball\/wp-content\/uploads\/2025\/09\/FCK05-Vevey_13-09-25-26-1536x1024.jpg\" data-envira-srcset=\"https:\/\/regese.ch\/fussball\/wp-content\/uploads\/2025\/09\/FCK05-Vevey_13-09-25-26-1536x1024.jpg 400w, https:\/\/regese.ch\/fussball\/wp-content\/uploads\/2025\/09\/FCK05-Vevey_13-09-25-26-1536x1024.jpg 2x\" data-title=\"FCK05 - Vevey_13-09-25-26\" itemprop=\"thumbnailUrl\"  data-envirabox=\"21631\" \/><\/div><\/a><div class=\"envira-gallery-captioned-data envira-gallery-captioned-data-base\"><\/div><\/div><\/div><div id=\"envira-gallery-item-21660\" class=\"envira-gallery-item envira-gallery-item-27 envira-lazy-load enviratope-item\" style=\"padding-left: 5px; padding-bottom: 10px; padding-right: 5px;\"  itemscope itemtype=\"https:\/\/schema.org\/ImageObject\"><div class=\"envira-gallery-item-inner\"><div class=\"envira-gallery-position-overlay envira-gallery-top-left\"><\/div><div class=\"envira-gallery-position-overlay envira-gallery-top-right\"><\/div><div class=\"envira-gallery-position-overlay envira-gallery-bottom-left\"><\/div><div class=\"envira-gallery-position-overlay envira-gallery-bottom-right\"><\/div><a class=\"envira-gallery-21631 envira-gallery-link\" href=\"https:\/\/regese.ch\/fussball\/wp-content\/uploads\/2025\/09\/FCK05-Vevey_13-09-25-27-scaled.jpg\" title=\"FCK05 - Vevey_13-09-25-27\" data-caption=\"\" data-envira-item-id=\"21660\" data-envira-retina=\"https:\/\/regese.ch\/fussball\/wp-content\/uploads\/2025\/09\/FCK05-Vevey_13-09-25-27-scaled.jpg\" data-thumb=\"https:\/\/regese.ch\/fussball\/wp-content\/uploads\/2025\/09\/FCK05-Vevey_13-09-25-27-scaled-75x50_c.jpg\" data-title=\"FCK05 - Vevey_13-09-25-27\" data-envirabox='21631' itemprop=\"contentUrl\"><div class=\"envira-lazy\" style=\"padding-bottom: 75%;\" data-envira-changed=\"false\" data-width=\"640\" data-height=\"480\"><img loading=\"lazy\" decoding=\"async\" src=\"https:\/\/regese.ch\/fussball\/wp-content\/uploads\/2025\/09\/FCK05-Vevey_13-09-25-27-1536x1024.jpg\" alt=\"\" class=\"envira-gallery-image envira-gallery-image-27    envira-lazy\" height=\"480\" id=\"envira-gallery-image-21660\" srcset=\"data:image\/gif;base64,R0lGODlhAQABAIAAAP\/\/\/\/\/\/\/yH5BAEKAAEALAAAAAABAAEAAAICTAEAOw==\" tabindex=\"-1\" title=\"FCK05 - Vevey_13-09-25-27\" width=\"640\" data-caption=\"\" data-envira-gallery-id=\"21631\" data-envira-index=\"26\" data-envira-item-id=\"21660\" data-envira-src=\"https:\/\/regese.ch\/fussball\/wp-content\/uploads\/2025\/09\/FCK05-Vevey_13-09-25-27-1536x1024.jpg\" data-envira-srcset=\"https:\/\/regese.ch\/fussball\/wp-content\/uploads\/2025\/09\/FCK05-Vevey_13-09-25-27-1536x1024.jpg 400w, https:\/\/regese.ch\/fussball\/wp-content\/uploads\/2025\/09\/FCK05-Vevey_13-09-25-27-1536x1024.jpg 2x\" data-title=\"FCK05 - Vevey_13-09-25-27\" itemprop=\"thumbnailUrl\"  data-envirabox=\"21631\" \/><\/div><\/a><div class=\"envira-gallery-captioned-data envira-gallery-captioned-data-base\"><\/div><\/div><\/div><div id=\"envira-gallery-item-21661\" class=\"envira-gallery-item envira-gallery-item-28 envira-lazy-load enviratope-item\" style=\"padding-left: 5px; padding-bottom: 10px; padding-right: 5px;\"  itemscope itemtype=\"https:\/\/schema.org\/ImageObject\"><div class=\"envira-gallery-item-inner\"><div class=\"envira-gallery-position-overlay envira-gallery-top-left\"><\/div><div class=\"envira-gallery-position-overlay envira-gallery-top-right\"><\/div><div class=\"envira-gallery-position-overlay envira-gallery-bottom-left\"><\/div><div class=\"envira-gallery-position-overlay envira-gallery-bottom-right\"><\/div><a class=\"envira-gallery-21631 envira-gallery-link\" href=\"https:\/\/regese.ch\/fussball\/wp-content\/uploads\/2025\/09\/FCK05-Vevey_13-09-25-28-scaled.jpg\" title=\"FCK05 - Vevey_13-09-25-28\" data-caption=\"\" data-envira-item-id=\"21661\" data-envira-retina=\"https:\/\/regese.ch\/fussball\/wp-content\/uploads\/2025\/09\/FCK05-Vevey_13-09-25-28-scaled.jpg\" data-thumb=\"https:\/\/regese.ch\/fussball\/wp-content\/uploads\/2025\/09\/FCK05-Vevey_13-09-25-28-scaled-75x50_c.jpg\" data-title=\"FCK05 - Vevey_13-09-25-28\" data-envirabox='21631' itemprop=\"contentUrl\"><div class=\"envira-lazy\" style=\"padding-bottom: 75%;\" data-envira-changed=\"false\" data-width=\"640\" data-height=\"480\"><img loading=\"lazy\" decoding=\"async\" src=\"https:\/\/regese.ch\/fussball\/wp-content\/uploads\/2025\/09\/FCK05-Vevey_13-09-25-28-1024x1536.jpg\" alt=\"\" class=\"envira-gallery-image envira-gallery-image-28    envira-lazy\" height=\"480\" id=\"envira-gallery-image-21661\" srcset=\"data:image\/gif;base64,R0lGODlhAQABAIAAAP\/\/\/\/\/\/\/yH5BAEKAAEALAAAAAABAAEAAAICTAEAOw==\" tabindex=\"-1\" title=\"FCK05 - Vevey_13-09-25-28\" width=\"640\" data-caption=\"\" data-envira-gallery-id=\"21631\" data-envira-index=\"27\" data-envira-item-id=\"21661\" data-envira-src=\"https:\/\/regese.ch\/fussball\/wp-content\/uploads\/2025\/09\/FCK05-Vevey_13-09-25-28-1024x1536.jpg\" data-envira-srcset=\"https:\/\/regese.ch\/fussball\/wp-content\/uploads\/2025\/09\/FCK05-Vevey_13-09-25-28-1024x1536.jpg 400w, https:\/\/regese.ch\/fussball\/wp-content\/uploads\/2025\/09\/FCK05-Vevey_13-09-25-28-1024x1536.jpg 2x\" data-title=\"FCK05 - Vevey_13-09-25-28\" itemprop=\"thumbnailUrl\"  data-envirabox=\"21631\" \/><\/div><\/a><div class=\"envira-gallery-captioned-data envira-gallery-captioned-data-base\"><\/div><\/div><\/div><div id=\"envira-gallery-item-21662\" class=\"envira-gallery-item envira-gallery-item-29 envira-lazy-load enviratope-item\" style=\"padding-left: 5px; padding-bottom: 10px; padding-right: 5px;\"  itemscope itemtype=\"https:\/\/schema.org\/ImageObject\"><div class=\"envira-gallery-item-inner\"><div class=\"envira-gallery-position-overlay envira-gallery-top-left\"><\/div><div class=\"envira-gallery-position-overlay envira-gallery-top-right\"><\/div><div class=\"envira-gallery-position-overlay envira-gallery-bottom-left\"><\/div><div class=\"envira-gallery-position-overlay envira-gallery-bottom-right\"><\/div><a class=\"envira-gallery-21631 envira-gallery-link\" href=\"https:\/\/regese.ch\/fussball\/wp-content\/uploads\/2025\/09\/FCK05-Vevey_13-09-25-29-scaled.jpg\" title=\"FCK05 - Vevey_13-09-25-29\" data-caption=\"\" data-envira-item-id=\"21662\" data-envira-retina=\"https:\/\/regese.ch\/fussball\/wp-content\/uploads\/2025\/09\/FCK05-Vevey_13-09-25-29-scaled.jpg\" data-thumb=\"https:\/\/regese.ch\/fussball\/wp-content\/uploads\/2025\/09\/FCK05-Vevey_13-09-25-29-scaled-75x50_c.jpg\" data-title=\"FCK05 - Vevey_13-09-25-29\" data-envirabox='21631' itemprop=\"contentUrl\"><div class=\"envira-lazy\" style=\"padding-bottom: 75%;\" data-envira-changed=\"false\" data-width=\"640\" data-height=\"480\"><img loading=\"lazy\" decoding=\"async\" src=\"https:\/\/regese.ch\/fussball\/wp-content\/uploads\/2025\/09\/FCK05-Vevey_13-09-25-29-1536x1024.jpg\" alt=\"\" class=\"envira-gallery-image envira-gallery-image-29    envira-lazy\" height=\"480\" id=\"envira-gallery-image-21662\" srcset=\"data:image\/gif;base64,R0lGODlhAQABAIAAAP\/\/\/\/\/\/\/yH5BAEKAAEALAAAAAABAAEAAAICTAEAOw==\" tabindex=\"-1\" title=\"FCK05 - Vevey_13-09-25-29\" width=\"640\" data-caption=\"\" data-envira-gallery-id=\"21631\" data-envira-index=\"28\" data-envira-item-id=\"21662\" data-envira-src=\"https:\/\/regese.ch\/fussball\/wp-content\/uploads\/2025\/09\/FCK05-Vevey_13-09-25-29-1536x1024.jpg\" data-envira-srcset=\"https:\/\/regese.ch\/fussball\/wp-content\/uploads\/2025\/09\/FCK05-Vevey_13-09-25-29-1536x1024.jpg 400w, https:\/\/regese.ch\/fussball\/wp-content\/uploads\/2025\/09\/FCK05-Vevey_13-09-25-29-1536x1024.jpg 2x\" data-title=\"FCK05 - Vevey_13-09-25-29\" itemprop=\"thumbnailUrl\"  data-envirabox=\"21631\" \/><\/div><\/a><div class=\"envira-gallery-captioned-data envira-gallery-captioned-data-base\"><\/div><\/div><\/div><div id=\"envira-gallery-item-21663\" class=\"envira-gallery-item envira-gallery-item-30 envira-lazy-load enviratope-item\" style=\"padding-left: 5px; padding-bottom: 10px; padding-right: 5px;\"  itemscope itemtype=\"https:\/\/schema.org\/ImageObject\"><div class=\"envira-gallery-item-inner\"><div class=\"envira-gallery-position-overlay envira-gallery-top-left\"><\/div><div class=\"envira-gallery-position-overlay envira-gallery-top-right\"><\/div><div class=\"envira-gallery-position-overlay envira-gallery-bottom-left\"><\/div><div class=\"envira-gallery-position-overlay envira-gallery-bottom-right\"><\/div><a class=\"envira-gallery-21631 envira-gallery-link\" href=\"https:\/\/regese.ch\/fussball\/wp-content\/uploads\/2025\/09\/FCK05-Vevey_13-09-25-30-scaled.jpg\" title=\"FCK05 - Vevey_13-09-25-30\" data-caption=\"\" data-envira-item-id=\"21663\" data-envira-retina=\"https:\/\/regese.ch\/fussball\/wp-content\/uploads\/2025\/09\/FCK05-Vevey_13-09-25-30-scaled.jpg\" data-thumb=\"https:\/\/regese.ch\/fussball\/wp-content\/uploads\/2025\/09\/FCK05-Vevey_13-09-25-30-scaled-75x50_c.jpg\" data-title=\"FCK05 - Vevey_13-09-25-30\" data-envirabox='21631' itemprop=\"contentUrl\"><div class=\"envira-lazy\" style=\"padding-bottom: 75%;\" data-envira-changed=\"false\" data-width=\"640\" data-height=\"480\"><img loading=\"lazy\" decoding=\"async\" src=\"https:\/\/regese.ch\/fussball\/wp-content\/uploads\/2025\/09\/FCK05-Vevey_13-09-25-30-1536x633.jpg\" alt=\"\" class=\"envira-gallery-image envira-gallery-image-30    envira-lazy\" height=\"480\" id=\"envira-gallery-image-21663\" srcset=\"data:image\/gif;base64,R0lGODlhAQABAIAAAP\/\/\/\/\/\/\/yH5BAEKAAEALAAAAAABAAEAAAICTAEAOw==\" tabindex=\"-1\" title=\"FCK05 - Vevey_13-09-25-30\" width=\"640\" data-caption=\"\" data-envira-gallery-id=\"21631\" data-envira-index=\"29\" data-envira-item-id=\"21663\" data-envira-src=\"https:\/\/regese.ch\/fussball\/wp-content\/uploads\/2025\/09\/FCK05-Vevey_13-09-25-30-1536x633.jpg\" data-envira-srcset=\"https:\/\/regese.ch\/fussball\/wp-content\/uploads\/2025\/09\/FCK05-Vevey_13-09-25-30-1536x633.jpg 400w, https:\/\/regese.ch\/fussball\/wp-content\/uploads\/2025\/09\/FCK05-Vevey_13-09-25-30-1536x633.jpg 2x\" data-title=\"FCK05 - Vevey_13-09-25-30\" itemprop=\"thumbnailUrl\"  data-envirabox=\"21631\" \/><\/div><\/a><div class=\"envira-gallery-captioned-data envira-gallery-captioned-data-base\"><\/div><\/div><\/div><div id=\"envira-gallery-item-21664\" class=\"envira-gallery-item envira-gallery-item-31 envira-lazy-load enviratope-item\" style=\"padding-left: 5px; padding-bottom: 10px; padding-right: 5px;\"  itemscope itemtype=\"https:\/\/schema.org\/ImageObject\"><div class=\"envira-gallery-item-inner\"><div class=\"envira-gallery-position-overlay envira-gallery-top-left\"><\/div><div class=\"envira-gallery-position-overlay envira-gallery-top-right\"><\/div><div class=\"envira-gallery-position-overlay envira-gallery-bottom-left\"><\/div><div class=\"envira-gallery-position-overlay envira-gallery-bottom-right\"><\/div><a class=\"envira-gallery-21631 envira-gallery-link\" href=\"https:\/\/regese.ch\/fussball\/wp-content\/uploads\/2025\/09\/FCK05-Vevey_13-09-25-31-scaled.jpg\" title=\"FCK05 - Vevey_13-09-25-31\" data-caption=\"\" data-envira-item-id=\"21664\" data-envira-retina=\"https:\/\/regese.ch\/fussball\/wp-content\/uploads\/2025\/09\/FCK05-Vevey_13-09-25-31-scaled.jpg\" data-thumb=\"https:\/\/regese.ch\/fussball\/wp-content\/uploads\/2025\/09\/FCK05-Vevey_13-09-25-31-scaled-75x50_c.jpg\" data-title=\"FCK05 - Vevey_13-09-25-31\" data-envirabox='21631' itemprop=\"contentUrl\"><div class=\"envira-lazy\" style=\"padding-bottom: 75%;\" data-envira-changed=\"false\" data-width=\"640\" data-height=\"480\"><img loading=\"lazy\" decoding=\"async\" src=\"https:\/\/regese.ch\/fussball\/wp-content\/uploads\/2025\/09\/FCK05-Vevey_13-09-25-31-1536x1024.jpg\" alt=\"\" class=\"envira-gallery-image envira-gallery-image-31    envira-lazy\" height=\"480\" id=\"envira-gallery-image-21664\" srcset=\"data:image\/gif;base64,R0lGODlhAQABAIAAAP\/\/\/\/\/\/\/yH5BAEKAAEALAAAAAABAAEAAAICTAEAOw==\" tabindex=\"-1\" title=\"FCK05 - Vevey_13-09-25-31\" width=\"640\" data-caption=\"\" data-envira-gallery-id=\"21631\" data-envira-index=\"30\" data-envira-item-id=\"21664\" data-envira-src=\"https:\/\/regese.ch\/fussball\/wp-content\/uploads\/2025\/09\/FCK05-Vevey_13-09-25-31-1536x1024.jpg\" data-envira-srcset=\"https:\/\/regese.ch\/fussball\/wp-content\/uploads\/2025\/09\/FCK05-Vevey_13-09-25-31-1536x1024.jpg 400w, https:\/\/regese.ch\/fussball\/wp-content\/uploads\/2025\/09\/FCK05-Vevey_13-09-25-31-1536x1024.jpg 2x\" data-title=\"FCK05 - Vevey_13-09-25-31\" itemprop=\"thumbnailUrl\"  data-envirabox=\"21631\" \/><\/div><\/a><div class=\"envira-gallery-captioned-data envira-gallery-captioned-data-base\"><\/div><\/div><\/div><div id=\"envira-gallery-item-21665\" class=\"envira-gallery-item envira-gallery-item-32 envira-lazy-load enviratope-item\" style=\"padding-left: 5px; padding-bottom: 10px; padding-right: 5px;\"  itemscope itemtype=\"https:\/\/schema.org\/ImageObject\"><div class=\"envira-gallery-item-inner\"><div class=\"envira-gallery-position-overlay envira-gallery-top-left\"><\/div><div class=\"envira-gallery-position-overlay envira-gallery-top-right\"><\/div><div class=\"envira-gallery-position-overlay envira-gallery-bottom-left\"><\/div><div class=\"envira-gallery-position-overlay envira-gallery-bottom-right\"><\/div><a class=\"envira-gallery-21631 envira-gallery-link\" href=\"https:\/\/regese.ch\/fussball\/wp-content\/uploads\/2025\/09\/FCK05-Vevey_13-09-25-32-scaled.jpg\" title=\"FCK05 - Vevey_13-09-25-32\" data-caption=\"\" data-envira-item-id=\"21665\" data-envira-retina=\"https:\/\/regese.ch\/fussball\/wp-content\/uploads\/2025\/09\/FCK05-Vevey_13-09-25-32-scaled.jpg\" data-thumb=\"https:\/\/regese.ch\/fussball\/wp-content\/uploads\/2025\/09\/FCK05-Vevey_13-09-25-32-scaled-75x50_c.jpg\" data-title=\"FCK05 - Vevey_13-09-25-32\" data-envirabox='21631' itemprop=\"contentUrl\"><div class=\"envira-lazy\" style=\"padding-bottom: 75%;\" data-envira-changed=\"false\" data-width=\"640\" data-height=\"480\"><img loading=\"lazy\" decoding=\"async\" src=\"https:\/\/regese.ch\/fussball\/wp-content\/uploads\/2025\/09\/FCK05-Vevey_13-09-25-32-1536x1024.jpg\" alt=\"\" class=\"envira-gallery-image envira-gallery-image-32    envira-lazy\" height=\"480\" id=\"envira-gallery-image-21665\" srcset=\"data:image\/gif;base64,R0lGODlhAQABAIAAAP\/\/\/\/\/\/\/yH5BAEKAAEALAAAAAABAAEAAAICTAEAOw==\" tabindex=\"-1\" title=\"FCK05 - Vevey_13-09-25-32\" width=\"640\" data-caption=\"\" data-envira-gallery-id=\"21631\" data-envira-index=\"31\" data-envira-item-id=\"21665\" data-envira-src=\"https:\/\/regese.ch\/fussball\/wp-content\/uploads\/2025\/09\/FCK05-Vevey_13-09-25-32-1536x1024.jpg\" data-envira-srcset=\"https:\/\/regese.ch\/fussball\/wp-content\/uploads\/2025\/09\/FCK05-Vevey_13-09-25-32-1536x1024.jpg 400w, https:\/\/regese.ch\/fussball\/wp-content\/uploads\/2025\/09\/FCK05-Vevey_13-09-25-32-1536x1024.jpg 2x\" data-title=\"FCK05 - Vevey_13-09-25-32\" itemprop=\"thumbnailUrl\"  data-envirabox=\"21631\" \/><\/div><\/a><div class=\"envira-gallery-captioned-data envira-gallery-captioned-data-base\"><\/div><\/div><\/div><div id=\"envira-gallery-item-21666\" class=\"envira-gallery-item envira-gallery-item-33 envira-lazy-load enviratope-item\" style=\"padding-left: 5px; padding-bottom: 10px; padding-right: 5px;\"  itemscope itemtype=\"https:\/\/schema.org\/ImageObject\"><div class=\"envira-gallery-item-inner\"><div class=\"envira-gallery-position-overlay envira-gallery-top-left\"><\/div><div class=\"envira-gallery-position-overlay envira-gallery-top-right\"><\/div><div class=\"envira-gallery-position-overlay envira-gallery-bottom-left\"><\/div><div class=\"envira-gallery-position-overlay envira-gallery-bottom-right\"><\/div><a class=\"envira-gallery-21631 envira-gallery-link\" href=\"https:\/\/regese.ch\/fussball\/wp-content\/uploads\/2025\/09\/FCK05-Vevey_13-09-25-33-scaled.jpg\" title=\"FCK05 - Vevey_13-09-25-33\" data-caption=\"\" data-envira-item-id=\"21666\" data-envira-retina=\"https:\/\/regese.ch\/fussball\/wp-content\/uploads\/2025\/09\/FCK05-Vevey_13-09-25-33-scaled.jpg\" data-thumb=\"https:\/\/regese.ch\/fussball\/wp-content\/uploads\/2025\/09\/FCK05-Vevey_13-09-25-33-scaled-75x50_c.jpg\" data-title=\"FCK05 - Vevey_13-09-25-33\" data-envirabox='21631' itemprop=\"contentUrl\"><div class=\"envira-lazy\" style=\"padding-bottom: 75%;\" data-envira-changed=\"false\" data-width=\"640\" data-height=\"480\"><img loading=\"lazy\" decoding=\"async\" src=\"https:\/\/regese.ch\/fussball\/wp-content\/uploads\/2025\/09\/FCK05-Vevey_13-09-25-33-1536x1024.jpg\" alt=\"\" class=\"envira-gallery-image envira-gallery-image-33    envira-lazy\" height=\"480\" id=\"envira-gallery-image-21666\" srcset=\"data:image\/gif;base64,R0lGODlhAQABAIAAAP\/\/\/\/\/\/\/yH5BAEKAAEALAAAAAABAAEAAAICTAEAOw==\" tabindex=\"-1\" title=\"FCK05 - Vevey_13-09-25-33\" width=\"640\" data-caption=\"\" data-envira-gallery-id=\"21631\" data-envira-index=\"32\" data-envira-item-id=\"21666\" data-envira-src=\"https:\/\/regese.ch\/fussball\/wp-content\/uploads\/2025\/09\/FCK05-Vevey_13-09-25-33-1536x1024.jpg\" data-envira-srcset=\"https:\/\/regese.ch\/fussball\/wp-content\/uploads\/2025\/09\/FCK05-Vevey_13-09-25-33-1536x1024.jpg 400w, https:\/\/regese.ch\/fussball\/wp-content\/uploads\/2025\/09\/FCK05-Vevey_13-09-25-33-1536x1024.jpg 2x\" data-title=\"FCK05 - Vevey_13-09-25-33\" itemprop=\"thumbnailUrl\"  data-envirabox=\"21631\" \/><\/div><\/a><div class=\"envira-gallery-captioned-data envira-gallery-captioned-data-base\"><\/div><\/div><\/div><div id=\"envira-gallery-item-21667\" class=\"envira-gallery-item envira-gallery-item-34 envira-lazy-load enviratope-item\" style=\"padding-left: 5px; padding-bottom: 10px; padding-right: 5px;\"  itemscope itemtype=\"https:\/\/schema.org\/ImageObject\"><div class=\"envira-gallery-item-inner\"><div class=\"envira-gallery-position-overlay envira-gallery-top-left\"><\/div><div class=\"envira-gallery-position-overlay envira-gallery-top-right\"><\/div><div class=\"envira-gallery-position-overlay envira-gallery-bottom-left\"><\/div><div class=\"envira-gallery-position-overlay envira-gallery-bottom-right\"><\/div><a class=\"envira-gallery-21631 envira-gallery-link\" href=\"https:\/\/regese.ch\/fussball\/wp-content\/uploads\/2025\/09\/FCK05-Vevey_13-09-25-34-scaled.jpg\" title=\"FCK05 - Vevey_13-09-25-34\" data-caption=\"\" data-envira-item-id=\"21667\" data-envira-retina=\"https:\/\/regese.ch\/fussball\/wp-content\/uploads\/2025\/09\/FCK05-Vevey_13-09-25-34-scaled.jpg\" data-thumb=\"https:\/\/regese.ch\/fussball\/wp-content\/uploads\/2025\/09\/FCK05-Vevey_13-09-25-34-scaled-75x50_c.jpg\" data-title=\"FCK05 - Vevey_13-09-25-34\" data-envirabox='21631' itemprop=\"contentUrl\"><div class=\"envira-lazy\" style=\"padding-bottom: 75%;\" data-envira-changed=\"false\" data-width=\"640\" data-height=\"480\"><img loading=\"lazy\" decoding=\"async\" src=\"https:\/\/regese.ch\/fussball\/wp-content\/uploads\/2025\/09\/FCK05-Vevey_13-09-25-34-1536x1024.jpg\" alt=\"\" class=\"envira-gallery-image envira-gallery-image-34    envira-lazy\" height=\"480\" id=\"envira-gallery-image-21667\" srcset=\"data:image\/gif;base64,R0lGODlhAQABAIAAAP\/\/\/\/\/\/\/yH5BAEKAAEALAAAAAABAAEAAAICTAEAOw==\" tabindex=\"-1\" title=\"FCK05 - Vevey_13-09-25-34\" width=\"640\" data-caption=\"\" data-envira-gallery-id=\"21631\" data-envira-index=\"33\" data-envira-item-id=\"21667\" data-envira-src=\"https:\/\/regese.ch\/fussball\/wp-content\/uploads\/2025\/09\/FCK05-Vevey_13-09-25-34-1536x1024.jpg\" data-envira-srcset=\"https:\/\/regese.ch\/fussball\/wp-content\/uploads\/2025\/09\/FCK05-Vevey_13-09-25-34-1536x1024.jpg 400w, https:\/\/regese.ch\/fussball\/wp-content\/uploads\/2025\/09\/FCK05-Vevey_13-09-25-34-1536x1024.jpg 2x\" data-title=\"FCK05 - Vevey_13-09-25-34\" itemprop=\"thumbnailUrl\"  data-envirabox=\"21631\" \/><\/div><\/a><div class=\"envira-gallery-captioned-data envira-gallery-captioned-data-base\"><\/div><\/div><\/div><div id=\"envira-gallery-item-21668\" class=\"envira-gallery-item envira-gallery-item-35 envira-lazy-load enviratope-item\" style=\"padding-left: 5px; padding-bottom: 10px; padding-right: 5px;\"  itemscope itemtype=\"https:\/\/schema.org\/ImageObject\"><div class=\"envira-gallery-item-inner\"><div class=\"envira-gallery-position-overlay envira-gallery-top-left\"><\/div><div class=\"envira-gallery-position-overlay envira-gallery-top-right\"><\/div><div class=\"envira-gallery-position-overlay envira-gallery-bottom-left\"><\/div><div class=\"envira-gallery-position-overlay envira-gallery-bottom-right\"><\/div><a class=\"envira-gallery-21631 envira-gallery-link\" href=\"https:\/\/regese.ch\/fussball\/wp-content\/uploads\/2025\/09\/FCK05-Vevey_13-09-25-35-scaled.jpg\" title=\"FCK05 - Vevey_13-09-25-35\" data-caption=\"\" data-envira-item-id=\"21668\" data-envira-retina=\"https:\/\/regese.ch\/fussball\/wp-content\/uploads\/2025\/09\/FCK05-Vevey_13-09-25-35-scaled.jpg\" data-thumb=\"https:\/\/regese.ch\/fussball\/wp-content\/uploads\/2025\/09\/FCK05-Vevey_13-09-25-35-scaled-75x50_c.jpg\" data-title=\"FCK05 - Vevey_13-09-25-35\" data-envirabox='21631' itemprop=\"contentUrl\"><div class=\"envira-lazy\" style=\"padding-bottom: 75%;\" data-envira-changed=\"false\" data-width=\"640\" data-height=\"480\"><img loading=\"lazy\" decoding=\"async\" src=\"https:\/\/regese.ch\/fussball\/wp-content\/uploads\/2025\/09\/FCK05-Vevey_13-09-25-35-1536x1024.jpg\" alt=\"\" class=\"envira-gallery-image envira-gallery-image-35    envira-lazy\" height=\"480\" id=\"envira-gallery-image-21668\" srcset=\"data:image\/gif;base64,R0lGODlhAQABAIAAAP\/\/\/\/\/\/\/yH5BAEKAAEALAAAAAABAAEAAAICTAEAOw==\" tabindex=\"-1\" title=\"FCK05 - Vevey_13-09-25-35\" width=\"640\" data-caption=\"\" data-envira-gallery-id=\"21631\" data-envira-index=\"34\" data-envira-item-id=\"21668\" data-envira-src=\"https:\/\/regese.ch\/fussball\/wp-content\/uploads\/2025\/09\/FCK05-Vevey_13-09-25-35-1536x1024.jpg\" data-envira-srcset=\"https:\/\/regese.ch\/fussball\/wp-content\/uploads\/2025\/09\/FCK05-Vevey_13-09-25-35-1536x1024.jpg 400w, https:\/\/regese.ch\/fussball\/wp-content\/uploads\/2025\/09\/FCK05-Vevey_13-09-25-35-1536x1024.jpg 2x\" data-title=\"FCK05 - Vevey_13-09-25-35\" itemprop=\"thumbnailUrl\"  data-envirabox=\"21631\" \/><\/div><\/a><div class=\"envira-gallery-captioned-data envira-gallery-captioned-data-base\"><\/div><\/div><\/div><div id=\"envira-gallery-item-21669\" class=\"envira-gallery-item envira-gallery-item-36 envira-lazy-load enviratope-item\" style=\"padding-left: 5px; padding-bottom: 10px; padding-right: 5px;\"  itemscope itemtype=\"https:\/\/schema.org\/ImageObject\"><div class=\"envira-gallery-item-inner\"><div class=\"envira-gallery-position-overlay envira-gallery-top-left\"><\/div><div class=\"envira-gallery-position-overlay envira-gallery-top-right\"><\/div><div class=\"envira-gallery-position-overlay envira-gallery-bottom-left\"><\/div><div class=\"envira-gallery-position-overlay envira-gallery-bottom-right\"><\/div><a class=\"envira-gallery-21631 envira-gallery-link\" href=\"https:\/\/regese.ch\/fussball\/wp-content\/uploads\/2025\/09\/FCK05-Vevey_13-09-25-36-scaled.jpg\" title=\"FCK05 - Vevey_13-09-25-36\" data-caption=\"\" data-envira-item-id=\"21669\" data-envira-retina=\"https:\/\/regese.ch\/fussball\/wp-content\/uploads\/2025\/09\/FCK05-Vevey_13-09-25-36-scaled.jpg\" data-thumb=\"https:\/\/regese.ch\/fussball\/wp-content\/uploads\/2025\/09\/FCK05-Vevey_13-09-25-36-scaled-75x50_c.jpg\" data-title=\"FCK05 - Vevey_13-09-25-36\" data-envirabox='21631' itemprop=\"contentUrl\"><div class=\"envira-lazy\" style=\"padding-bottom: 75%;\" data-envira-changed=\"false\" data-width=\"640\" data-height=\"480\"><img loading=\"lazy\" decoding=\"async\" src=\"https:\/\/regese.ch\/fussball\/wp-content\/uploads\/2025\/09\/FCK05-Vevey_13-09-25-36-1536x1024.jpg\" alt=\"\" class=\"envira-gallery-image envira-gallery-image-36    envira-lazy\" height=\"480\" id=\"envira-gallery-image-21669\" srcset=\"data:image\/gif;base64,R0lGODlhAQABAIAAAP\/\/\/\/\/\/\/yH5BAEKAAEALAAAAAABAAEAAAICTAEAOw==\" tabindex=\"-1\" title=\"FCK05 - Vevey_13-09-25-36\" width=\"640\" data-caption=\"\" data-envira-gallery-id=\"21631\" data-envira-index=\"35\" data-envira-item-id=\"21669\" data-envira-src=\"https:\/\/regese.ch\/fussball\/wp-content\/uploads\/2025\/09\/FCK05-Vevey_13-09-25-36-1536x1024.jpg\" data-envira-srcset=\"https:\/\/regese.ch\/fussball\/wp-content\/uploads\/2025\/09\/FCK05-Vevey_13-09-25-36-1536x1024.jpg 400w, https:\/\/regese.ch\/fussball\/wp-content\/uploads\/2025\/09\/FCK05-Vevey_13-09-25-36-1536x1024.jpg 2x\" data-title=\"FCK05 - Vevey_13-09-25-36\" itemprop=\"thumbnailUrl\"  data-envirabox=\"21631\" \/><\/div><\/a><div class=\"envira-gallery-captioned-data envira-gallery-captioned-data-base\"><\/div><\/div><\/div><div id=\"envira-gallery-item-21700\" class=\"envira-gallery-item envira-gallery-item-37 envira-lazy-load enviratope-item\" style=\"padding-left: 5px; padding-bottom: 10px; padding-right: 5px;\"  itemscope itemtype=\"https:\/\/schema.org\/ImageObject\"><div class=\"envira-gallery-item-inner\"><div class=\"envira-gallery-position-overlay envira-gallery-top-left\"><\/div><div class=\"envira-gallery-position-overlay envira-gallery-top-right\"><\/div><div class=\"envira-gallery-position-overlay envira-gallery-bottom-left\"><\/div><div class=\"envira-gallery-position-overlay envira-gallery-bottom-right\"><\/div><a class=\"envira-gallery-21631 envira-gallery-link\" href=\"https:\/\/regese.ch\/fussball\/wp-content\/uploads\/2025\/09\/FCK05-Vevey_13-09-25-37-scaled.jpg\" title=\"FCK05 - Vevey_13-09-25-37\" data-caption=\"\" data-envira-item-id=\"21700\" data-envira-retina=\"https:\/\/regese.ch\/fussball\/wp-content\/uploads\/2025\/09\/FCK05-Vevey_13-09-25-37-scaled.jpg\" data-thumb=\"https:\/\/regese.ch\/fussball\/wp-content\/uploads\/2025\/09\/FCK05-Vevey_13-09-25-37-scaled-75x50_c.jpg\" data-title=\"FCK05 - Vevey_13-09-25-37\" data-envirabox='21631' itemprop=\"contentUrl\"><div class=\"envira-lazy\" style=\"padding-bottom: 75%;\" data-envira-changed=\"false\" data-width=\"640\" data-height=\"480\"><img loading=\"lazy\" decoding=\"async\" src=\"https:\/\/regese.ch\/fussball\/wp-content\/uploads\/2025\/09\/FCK05-Vevey_13-09-25-37-1536x1024.jpg\" alt=\"\" class=\"envira-gallery-image envira-gallery-image-37    envira-lazy\" height=\"480\" id=\"envira-gallery-image-21700\" srcset=\"data:image\/gif;base64,R0lGODlhAQABAIAAAP\/\/\/\/\/\/\/yH5BAEKAAEALAAAAAABAAEAAAICTAEAOw==\" tabindex=\"-1\" title=\"FCK05 - Vevey_13-09-25-37\" width=\"640\" data-caption=\"\" data-envira-gallery-id=\"21631\" data-envira-index=\"36\" data-envira-item-id=\"21700\" data-envira-src=\"https:\/\/regese.ch\/fussball\/wp-content\/uploads\/2025\/09\/FCK05-Vevey_13-09-25-37-1536x1024.jpg\" data-envira-srcset=\"https:\/\/regese.ch\/fussball\/wp-content\/uploads\/2025\/09\/FCK05-Vevey_13-09-25-37-1536x1024.jpg 400w, https:\/\/regese.ch\/fussball\/wp-content\/uploads\/2025\/09\/FCK05-Vevey_13-09-25-37-1536x1024.jpg 2x\" data-title=\"FCK05 - Vevey_13-09-25-37\" itemprop=\"thumbnailUrl\"  data-envirabox=\"21631\" \/><\/div><\/a><div class=\"envira-gallery-captioned-data envira-gallery-captioned-data-base\"><\/div><\/div><\/div><div id=\"envira-gallery-item-21701\" class=\"envira-gallery-item envira-gallery-item-38 envira-lazy-load enviratope-item\" style=\"padding-left: 5px; padding-bottom: 10px; padding-right: 5px;\"  itemscope itemtype=\"https:\/\/schema.org\/ImageObject\"><div class=\"envira-gallery-item-inner\"><div class=\"envira-gallery-position-overlay envira-gallery-top-left\"><\/div><div class=\"envira-gallery-position-overlay envira-gallery-top-right\"><\/div><div class=\"envira-gallery-position-overlay envira-gallery-bottom-left\"><\/div><div class=\"envira-gallery-position-overlay envira-gallery-bottom-right\"><\/div><a class=\"envira-gallery-21631 envira-gallery-link\" href=\"https:\/\/regese.ch\/fussball\/wp-content\/uploads\/2025\/09\/FCK05-Vevey_13-09-25-38-scaled.jpg\" title=\"FCK05 - Vevey_13-09-25-38\" data-caption=\"\" data-envira-item-id=\"21701\" data-envira-retina=\"https:\/\/regese.ch\/fussball\/wp-content\/uploads\/2025\/09\/FCK05-Vevey_13-09-25-38-scaled.jpg\" data-thumb=\"https:\/\/regese.ch\/fussball\/wp-content\/uploads\/2025\/09\/FCK05-Vevey_13-09-25-38-scaled-75x50_c.jpg\" data-title=\"FCK05 - Vevey_13-09-25-38\" data-envirabox='21631' itemprop=\"contentUrl\"><div class=\"envira-lazy\" style=\"padding-bottom: 75%;\" data-envira-changed=\"false\" data-width=\"640\" data-height=\"480\"><img loading=\"lazy\" decoding=\"async\" src=\"https:\/\/regese.ch\/fussball\/wp-content\/uploads\/2025\/09\/FCK05-Vevey_13-09-25-38-1536x1024.jpg\" alt=\"\" class=\"envira-gallery-image envira-gallery-image-38    envira-lazy\" height=\"480\" id=\"envira-gallery-image-21701\" srcset=\"data:image\/gif;base64,R0lGODlhAQABAIAAAP\/\/\/\/\/\/\/yH5BAEKAAEALAAAAAABAAEAAAICTAEAOw==\" tabindex=\"-1\" title=\"FCK05 - Vevey_13-09-25-38\" width=\"640\" data-caption=\"\" data-envira-gallery-id=\"21631\" data-envira-index=\"37\" data-envira-item-id=\"21701\" data-envira-src=\"https:\/\/regese.ch\/fussball\/wp-content\/uploads\/2025\/09\/FCK05-Vevey_13-09-25-38-1536x1024.jpg\" data-envira-srcset=\"https:\/\/regese.ch\/fussball\/wp-content\/uploads\/2025\/09\/FCK05-Vevey_13-09-25-38-1536x1024.jpg 400w, https:\/\/regese.ch\/fussball\/wp-content\/uploads\/2025\/09\/FCK05-Vevey_13-09-25-38-1536x1024.jpg 2x\" data-title=\"FCK05 - Vevey_13-09-25-38\" itemprop=\"thumbnailUrl\"  data-envirabox=\"21631\" \/><\/div><\/a><div class=\"envira-gallery-captioned-data envira-gallery-captioned-data-base\"><\/div><\/div><\/div><div id=\"envira-gallery-item-21702\" class=\"envira-gallery-item envira-gallery-item-39 envira-lazy-load enviratope-item\" style=\"padding-left: 5px; padding-bottom: 10px; padding-right: 5px;\"  itemscope itemtype=\"https:\/\/schema.org\/ImageObject\"><div class=\"envira-gallery-item-inner\"><div class=\"envira-gallery-position-overlay envira-gallery-top-left\"><\/div><div class=\"envira-gallery-position-overlay envira-gallery-top-right\"><\/div><div class=\"envira-gallery-position-overlay envira-gallery-bottom-left\"><\/div><div class=\"envira-gallery-position-overlay envira-gallery-bottom-right\"><\/div><a class=\"envira-gallery-21631 envira-gallery-link\" href=\"https:\/\/regese.ch\/fussball\/wp-content\/uploads\/2025\/09\/FCK05-Vevey_13-09-25-39-scaled.jpg\" title=\"FCK05 - Vevey_13-09-25-39\" data-caption=\"\" data-envira-item-id=\"21702\" data-envira-retina=\"https:\/\/regese.ch\/fussball\/wp-content\/uploads\/2025\/09\/FCK05-Vevey_13-09-25-39-scaled.jpg\" data-thumb=\"https:\/\/regese.ch\/fussball\/wp-content\/uploads\/2025\/09\/FCK05-Vevey_13-09-25-39-scaled-75x50_c.jpg\" data-title=\"FCK05 - Vevey_13-09-25-39\" data-envirabox='21631' itemprop=\"contentUrl\"><div class=\"envira-lazy\" style=\"padding-bottom: 75%;\" data-envira-changed=\"false\" data-width=\"640\" data-height=\"480\"><img loading=\"lazy\" decoding=\"async\" src=\"https:\/\/regese.ch\/fussball\/wp-content\/uploads\/2025\/09\/FCK05-Vevey_13-09-25-39-1536x1024.jpg\" alt=\"\" class=\"envira-gallery-image envira-gallery-image-39    envira-lazy\" height=\"480\" id=\"envira-gallery-image-21702\" srcset=\"data:image\/gif;base64,R0lGODlhAQABAIAAAP\/\/\/\/\/\/\/yH5BAEKAAEALAAAAAABAAEAAAICTAEAOw==\" tabindex=\"-1\" title=\"FCK05 - Vevey_13-09-25-39\" width=\"640\" data-caption=\"\" data-envira-gallery-id=\"21631\" data-envira-index=\"38\" data-envira-item-id=\"21702\" data-envira-src=\"https:\/\/regese.ch\/fussball\/wp-content\/uploads\/2025\/09\/FCK05-Vevey_13-09-25-39-1536x1024.jpg\" data-envira-srcset=\"https:\/\/regese.ch\/fussball\/wp-content\/uploads\/2025\/09\/FCK05-Vevey_13-09-25-39-1536x1024.jpg 400w, https:\/\/regese.ch\/fussball\/wp-content\/uploads\/2025\/09\/FCK05-Vevey_13-09-25-39-1536x1024.jpg 2x\" data-title=\"FCK05 - Vevey_13-09-25-39\" itemprop=\"thumbnailUrl\"  data-envirabox=\"21631\" \/><\/div><\/a><div class=\"envira-gallery-captioned-data envira-gallery-captioned-data-base\"><\/div><\/div><\/div><div id=\"envira-gallery-item-21703\" class=\"envira-gallery-item envira-gallery-item-40 envira-lazy-load enviratope-item\" style=\"padding-left: 5px; padding-bottom: 10px; padding-right: 5px;\"  itemscope itemtype=\"https:\/\/schema.org\/ImageObject\"><div class=\"envira-gallery-item-inner\"><div class=\"envira-gallery-position-overlay envira-gallery-top-left\"><\/div><div class=\"envira-gallery-position-overlay envira-gallery-top-right\"><\/div><div class=\"envira-gallery-position-overlay envira-gallery-bottom-left\"><\/div><div class=\"envira-gallery-position-overlay envira-gallery-bottom-right\"><\/div><a class=\"envira-gallery-21631 envira-gallery-link\" href=\"https:\/\/regese.ch\/fussball\/wp-content\/uploads\/2025\/09\/FCK05-Vevey_13-09-25-40-scaled.jpg\" title=\"FCK05 - Vevey_13-09-25-40\" data-caption=\"\" data-envira-item-id=\"21703\" data-envira-retina=\"https:\/\/regese.ch\/fussball\/wp-content\/uploads\/2025\/09\/FCK05-Vevey_13-09-25-40-scaled.jpg\" data-thumb=\"https:\/\/regese.ch\/fussball\/wp-content\/uploads\/2025\/09\/FCK05-Vevey_13-09-25-40-scaled-75x50_c.jpg\" data-title=\"FCK05 - Vevey_13-09-25-40\" data-envirabox='21631' itemprop=\"contentUrl\"><div class=\"envira-lazy\" style=\"padding-bottom: 75%;\" data-envira-changed=\"false\" data-width=\"640\" data-height=\"480\"><img loading=\"lazy\" decoding=\"async\" src=\"https:\/\/regese.ch\/fussball\/wp-content\/uploads\/2025\/09\/FCK05-Vevey_13-09-25-40-1536x1024.jpg\" alt=\"\" class=\"envira-gallery-image envira-gallery-image-40    envira-lazy\" height=\"480\" id=\"envira-gallery-image-21703\" srcset=\"data:image\/gif;base64,R0lGODlhAQABAIAAAP\/\/\/\/\/\/\/yH5BAEKAAEALAAAAAABAAEAAAICTAEAOw==\" tabindex=\"-1\" title=\"FCK05 - Vevey_13-09-25-40\" width=\"640\" data-caption=\"\" data-envira-gallery-id=\"21631\" data-envira-index=\"39\" data-envira-item-id=\"21703\" data-envira-src=\"https:\/\/regese.ch\/fussball\/wp-content\/uploads\/2025\/09\/FCK05-Vevey_13-09-25-40-1536x1024.jpg\" data-envira-srcset=\"https:\/\/regese.ch\/fussball\/wp-content\/uploads\/2025\/09\/FCK05-Vevey_13-09-25-40-1536x1024.jpg 400w, https:\/\/regese.ch\/fussball\/wp-content\/uploads\/2025\/09\/FCK05-Vevey_13-09-25-40-1536x1024.jpg 2x\" data-title=\"FCK05 - Vevey_13-09-25-40\" itemprop=\"thumbnailUrl\"  data-envirabox=\"21631\" \/><\/div><\/a><div class=\"envira-gallery-captioned-data envira-gallery-captioned-data-base\"><\/div><\/div><\/div><div id=\"envira-gallery-item-21708\" class=\"envira-gallery-item envira-gallery-item-41 envira-lazy-load enviratope-item\" style=\"padding-left: 5px; padding-bottom: 10px; padding-right: 5px;\"  itemscope itemtype=\"https:\/\/schema.org\/ImageObject\"><div class=\"envira-gallery-item-inner\"><div class=\"envira-gallery-position-overlay envira-gallery-top-left\"><\/div><div class=\"envira-gallery-position-overlay envira-gallery-top-right\"><\/div><div class=\"envira-gallery-position-overlay envira-gallery-bottom-left\"><\/div><div class=\"envira-gallery-position-overlay envira-gallery-bottom-right\"><\/div><a class=\"envira-gallery-21631 envira-gallery-link\" href=\"https:\/\/regese.ch\/fussball\/wp-content\/uploads\/2025\/09\/FCK05-Vevey_13-09-25-42-1-scaled.jpg\" title=\"FCK05 - Vevey_13-09-25-42\" data-caption=\"\" data-envira-item-id=\"21708\" data-envira-retina=\"https:\/\/regese.ch\/fussball\/wp-content\/uploads\/2025\/09\/FCK05-Vevey_13-09-25-42-1-scaled.jpg\" data-thumb=\"https:\/\/regese.ch\/fussball\/wp-content\/uploads\/2025\/09\/FCK05-Vevey_13-09-25-42-1-scaled-75x50_c.jpg\" data-title=\"FCK05 - Vevey_13-09-25-42\" data-envirabox='21631' itemprop=\"contentUrl\"><div class=\"envira-lazy\" style=\"padding-bottom: 75%;\" data-envira-changed=\"false\" data-width=\"640\" data-height=\"480\"><img loading=\"lazy\" decoding=\"async\" src=\"https:\/\/regese.ch\/fussball\/wp-content\/uploads\/2025\/09\/FCK05-Vevey_13-09-25-42-1-1024x1536.jpg\" alt=\"\" class=\"envira-gallery-image envira-gallery-image-41    envira-lazy\" height=\"480\" id=\"envira-gallery-image-21708\" srcset=\"data:image\/gif;base64,R0lGODlhAQABAIAAAP\/\/\/\/\/\/\/yH5BAEKAAEALAAAAAABAAEAAAICTAEAOw==\" tabindex=\"-1\" title=\"FCK05 - Vevey_13-09-25-42\" width=\"640\" data-caption=\"\" data-envira-gallery-id=\"21631\" data-envira-index=\"40\" data-envira-item-id=\"21708\" data-envira-src=\"https:\/\/regese.ch\/fussball\/wp-content\/uploads\/2025\/09\/FCK05-Vevey_13-09-25-42-1-1024x1536.jpg\" data-envira-srcset=\"https:\/\/regese.ch\/fussball\/wp-content\/uploads\/2025\/09\/FCK05-Vevey_13-09-25-42-1-1024x1536.jpg 400w, https:\/\/regese.ch\/fussball\/wp-content\/uploads\/2025\/09\/FCK05-Vevey_13-09-25-42-1-1024x1536.jpg 2x\" data-title=\"FCK05 - Vevey_13-09-25-42\" itemprop=\"thumbnailUrl\"  data-envirabox=\"21631\" \/><\/div><\/a><div class=\"envira-gallery-captioned-data envira-gallery-captioned-data-base\"><\/div><\/div><\/div><div id=\"envira-gallery-item-21710\" class=\"envira-gallery-item envira-gallery-item-42 envira-lazy-load enviratope-item\" style=\"padding-left: 5px; padding-bottom: 10px; padding-right: 5px;\"  itemscope itemtype=\"https:\/\/schema.org\/ImageObject\"><div class=\"envira-gallery-item-inner\"><div class=\"envira-gallery-position-overlay envira-gallery-top-left\"><\/div><div class=\"envira-gallery-position-overlay envira-gallery-top-right\"><\/div><div class=\"envira-gallery-position-overlay envira-gallery-bottom-left\"><\/div><div class=\"envira-gallery-position-overlay envira-gallery-bottom-right\"><\/div><a class=\"envira-gallery-21631 envira-gallery-link\" href=\"https:\/\/regese.ch\/fussball\/wp-content\/uploads\/2025\/09\/FCK05-Vevey_13-09-25-44.jpg\" title=\"FCK05 - Vevey_13-09-25-44\" data-caption=\"\" data-envira-item-id=\"21710\" data-envira-retina=\"https:\/\/regese.ch\/fussball\/wp-content\/uploads\/2025\/09\/FCK05-Vevey_13-09-25-44.jpg\" data-thumb=\"https:\/\/regese.ch\/fussball\/wp-content\/uploads\/2025\/09\/FCK05-Vevey_13-09-25-44-75x50_c.jpg\" data-title=\"FCK05 - Vevey_13-09-25-44\" data-envirabox='21631' itemprop=\"contentUrl\"><div class=\"envira-lazy\" style=\"padding-bottom: 75%;\" data-envira-changed=\"false\" data-width=\"640\" data-height=\"480\"><img loading=\"lazy\" decoding=\"async\" src=\"https:\/\/regese.ch\/fussball\/wp-content\/uploads\/2025\/09\/FCK05-Vevey_13-09-25-44-1536x1024.jpg\" alt=\"\" class=\"envira-gallery-image envira-gallery-image-42    envira-lazy\" height=\"480\" id=\"envira-gallery-image-21710\" srcset=\"data:image\/gif;base64,R0lGODlhAQABAIAAAP\/\/\/\/\/\/\/yH5BAEKAAEALAAAAAABAAEAAAICTAEAOw==\" tabindex=\"-1\" title=\"FCK05 - Vevey_13-09-25-44\" width=\"640\" data-caption=\"\" data-envira-gallery-id=\"21631\" data-envira-index=\"41\" data-envira-item-id=\"21710\" data-envira-src=\"https:\/\/regese.ch\/fussball\/wp-content\/uploads\/2025\/09\/FCK05-Vevey_13-09-25-44-1536x1024.jpg\" data-envira-srcset=\"https:\/\/regese.ch\/fussball\/wp-content\/uploads\/2025\/09\/FCK05-Vevey_13-09-25-44-1536x1024.jpg 400w, https:\/\/regese.ch\/fussball\/wp-content\/uploads\/2025\/09\/FCK05-Vevey_13-09-25-44-1536x1024.jpg 2x\" data-title=\"FCK05 - Vevey_13-09-25-44\" itemprop=\"thumbnailUrl\"  data-envirabox=\"21631\" \/><\/div><\/a><div class=\"envira-gallery-captioned-data envira-gallery-captioned-data-base\"><\/div><\/div><\/div><div id=\"envira-gallery-item-21711\" class=\"envira-gallery-item envira-gallery-item-43 envira-lazy-load enviratope-item\" style=\"padding-left: 5px; padding-bottom: 10px; padding-right: 5px;\"  itemscope itemtype=\"https:\/\/schema.org\/ImageObject\"><div class=\"envira-gallery-item-inner\"><div class=\"envira-gallery-position-overlay envira-gallery-top-left\"><\/div><div class=\"envira-gallery-position-overlay envira-gallery-top-right\"><\/div><div class=\"envira-gallery-position-overlay envira-gallery-bottom-left\"><\/div><div class=\"envira-gallery-position-overlay envira-gallery-bottom-right\"><\/div><a class=\"envira-gallery-21631 envira-gallery-link\" href=\"https:\/\/regese.ch\/fussball\/wp-content\/uploads\/2025\/09\/FCK05-Vevey_13-09-25-45.jpg\" title=\"FCK05 - Vevey_13-09-25-45\" data-caption=\"\" data-envira-item-id=\"21711\" data-envira-retina=\"https:\/\/regese.ch\/fussball\/wp-content\/uploads\/2025\/09\/FCK05-Vevey_13-09-25-45.jpg\" data-thumb=\"https:\/\/regese.ch\/fussball\/wp-content\/uploads\/2025\/09\/FCK05-Vevey_13-09-25-45-75x50_c.jpg\" data-title=\"FCK05 - Vevey_13-09-25-45\" data-envirabox='21631' itemprop=\"contentUrl\"><div class=\"envira-lazy\" style=\"padding-bottom: 75%;\" data-envira-changed=\"false\" data-width=\"640\" data-height=\"480\"><img loading=\"lazy\" decoding=\"async\" src=\"https:\/\/regese.ch\/fussball\/wp-content\/uploads\/2025\/09\/FCK05-Vevey_13-09-25-45-1536x1024.jpg\" alt=\"\" class=\"envira-gallery-image envira-gallery-image-43    envira-lazy\" height=\"480\" id=\"envira-gallery-image-21711\" srcset=\"data:image\/gif;base64,R0lGODlhAQABAIAAAP\/\/\/\/\/\/\/yH5BAEKAAEALAAAAAABAAEAAAICTAEAOw==\" tabindex=\"-1\" title=\"FCK05 - Vevey_13-09-25-45\" width=\"640\" data-caption=\"\" data-envira-gallery-id=\"21631\" data-envira-index=\"42\" data-envira-item-id=\"21711\" data-envira-src=\"https:\/\/regese.ch\/fussball\/wp-content\/uploads\/2025\/09\/FCK05-Vevey_13-09-25-45-1536x1024.jpg\" data-envira-srcset=\"https:\/\/regese.ch\/fussball\/wp-content\/uploads\/2025\/09\/FCK05-Vevey_13-09-25-45-1536x1024.jpg 400w, https:\/\/regese.ch\/fussball\/wp-content\/uploads\/2025\/09\/FCK05-Vevey_13-09-25-45-1536x1024.jpg 2x\" data-title=\"FCK05 - Vevey_13-09-25-45\" itemprop=\"thumbnailUrl\"  data-envirabox=\"21631\" \/><\/div><\/a><div class=\"envira-gallery-captioned-data envira-gallery-captioned-data-base\"><\/div><\/div><\/div><div id=\"envira-gallery-item-21713\" class=\"envira-gallery-item envira-gallery-item-44 envira-lazy-load enviratope-item\" style=\"padding-left: 5px; padding-bottom: 10px; padding-right: 5px;\"  itemscope itemtype=\"https:\/\/schema.org\/ImageObject\"><div class=\"envira-gallery-item-inner\"><div class=\"envira-gallery-position-overlay envira-gallery-top-left\"><\/div><div class=\"envira-gallery-position-overlay envira-gallery-top-right\"><\/div><div class=\"envira-gallery-position-overlay envira-gallery-bottom-left\"><\/div><div class=\"envira-gallery-position-overlay envira-gallery-bottom-right\"><\/div><a class=\"envira-gallery-21631 envira-gallery-link\" href=\"https:\/\/regese.ch\/fussball\/wp-content\/uploads\/2025\/09\/FCK05-Vevey_13-09-25-47.jpg\" title=\"FCK05 - Vevey_13-09-25-47\" data-caption=\"\" data-envira-item-id=\"21713\" data-envira-retina=\"https:\/\/regese.ch\/fussball\/wp-content\/uploads\/2025\/09\/FCK05-Vevey_13-09-25-47.jpg\" data-thumb=\"https:\/\/regese.ch\/fussball\/wp-content\/uploads\/2025\/09\/FCK05-Vevey_13-09-25-47-75x50_c.jpg\" data-title=\"FCK05 - Vevey_13-09-25-47\" data-envirabox='21631' itemprop=\"contentUrl\"><div class=\"envira-lazy\" style=\"padding-bottom: 75%;\" data-envira-changed=\"false\" data-width=\"640\" data-height=\"480\"><img loading=\"lazy\" decoding=\"async\" src=\"https:\/\/regese.ch\/fussball\/wp-content\/uploads\/2025\/09\/FCK05-Vevey_13-09-25-47-1536x1024.jpg\" alt=\"\" class=\"envira-gallery-image envira-gallery-image-44    envira-lazy\" height=\"480\" id=\"envira-gallery-image-21713\" srcset=\"data:image\/gif;base64,R0lGODlhAQABAIAAAP\/\/\/\/\/\/\/yH5BAEKAAEALAAAAAABAAEAAAICTAEAOw==\" tabindex=\"-1\" title=\"FCK05 - Vevey_13-09-25-47\" width=\"640\" data-caption=\"\" data-envira-gallery-id=\"21631\" data-envira-index=\"43\" data-envira-item-id=\"21713\" data-envira-src=\"https:\/\/regese.ch\/fussball\/wp-content\/uploads\/2025\/09\/FCK05-Vevey_13-09-25-47-1536x1024.jpg\" data-envira-srcset=\"https:\/\/regese.ch\/fussball\/wp-content\/uploads\/2025\/09\/FCK05-Vevey_13-09-25-47-1536x1024.jpg 400w, https:\/\/regese.ch\/fussball\/wp-content\/uploads\/2025\/09\/FCK05-Vevey_13-09-25-47-1536x1024.jpg 2x\" data-title=\"FCK05 - Vevey_13-09-25-47\" itemprop=\"thumbnailUrl\"  data-envirabox=\"21631\" \/><\/div><\/a><div class=\"envira-gallery-captioned-data envira-gallery-captioned-data-base\"><\/div><\/div><\/div><div id=\"envira-gallery-item-21714\" class=\"envira-gallery-item envira-gallery-item-45 envira-lazy-load enviratope-item\" style=\"padding-left: 5px; padding-bottom: 10px; padding-right: 5px;\"  itemscope itemtype=\"https:\/\/schema.org\/ImageObject\"><div class=\"envira-gallery-item-inner\"><div class=\"envira-gallery-position-overlay envira-gallery-top-left\"><\/div><div class=\"envira-gallery-position-overlay envira-gallery-top-right\"><\/div><div class=\"envira-gallery-position-overlay envira-gallery-bottom-left\"><\/div><div class=\"envira-gallery-position-overlay envira-gallery-bottom-right\"><\/div><a class=\"envira-gallery-21631 envira-gallery-link\" href=\"https:\/\/regese.ch\/fussball\/wp-content\/uploads\/2025\/09\/FCK05-Vevey_13-09-25-48.jpg\" title=\"FCK05 - Vevey_13-09-25-48\" data-caption=\"\" data-envira-item-id=\"21714\" data-envira-retina=\"https:\/\/regese.ch\/fussball\/wp-content\/uploads\/2025\/09\/FCK05-Vevey_13-09-25-48.jpg\" data-thumb=\"https:\/\/regese.ch\/fussball\/wp-content\/uploads\/2025\/09\/FCK05-Vevey_13-09-25-48-75x50_c.jpg\" data-title=\"FCK05 - Vevey_13-09-25-48\" data-envirabox='21631' itemprop=\"contentUrl\"><div class=\"envira-lazy\" style=\"padding-bottom: 75%;\" data-envira-changed=\"false\" data-width=\"640\" data-height=\"480\"><img loading=\"lazy\" decoding=\"async\" src=\"https:\/\/regese.ch\/fussball\/wp-content\/uploads\/2025\/09\/FCK05-Vevey_13-09-25-48-1536x1024.jpg\" alt=\"\" class=\"envira-gallery-image envira-gallery-image-45    envira-lazy\" height=\"480\" id=\"envira-gallery-image-21714\" srcset=\"data:image\/gif;base64,R0lGODlhAQABAIAAAP\/\/\/\/\/\/\/yH5BAEKAAEALAAAAAABAAEAAAICTAEAOw==\" tabindex=\"-1\" title=\"FCK05 - Vevey_13-09-25-48\" width=\"640\" data-caption=\"\" data-envira-gallery-id=\"21631\" data-envira-index=\"44\" data-envira-item-id=\"21714\" data-envira-src=\"https:\/\/regese.ch\/fussball\/wp-content\/uploads\/2025\/09\/FCK05-Vevey_13-09-25-48-1536x1024.jpg\" data-envira-srcset=\"https:\/\/regese.ch\/fussball\/wp-content\/uploads\/2025\/09\/FCK05-Vevey_13-09-25-48-1536x1024.jpg 400w, https:\/\/regese.ch\/fussball\/wp-content\/uploads\/2025\/09\/FCK05-Vevey_13-09-25-48-1536x1024.jpg 2x\" data-title=\"FCK05 - Vevey_13-09-25-48\" itemprop=\"thumbnailUrl\"  data-envirabox=\"21631\" \/><\/div><\/a><div class=\"envira-gallery-captioned-data envira-gallery-captioned-data-base\"><\/div><\/div><\/div><div id=\"envira-gallery-item-21715\" class=\"envira-gallery-item envira-gallery-item-46 envira-lazy-load enviratope-item\" style=\"padding-left: 5px; padding-bottom: 10px; padding-right: 5px;\"  itemscope itemtype=\"https:\/\/schema.org\/ImageObject\"><div class=\"envira-gallery-item-inner\"><div class=\"envira-gallery-position-overlay envira-gallery-top-left\"><\/div><div class=\"envira-gallery-position-overlay envira-gallery-top-right\"><\/div><div class=\"envira-gallery-position-overlay envira-gallery-bottom-left\"><\/div><div class=\"envira-gallery-position-overlay envira-gallery-bottom-right\"><\/div><a class=\"envira-gallery-21631 envira-gallery-link\" href=\"https:\/\/regese.ch\/fussball\/wp-content\/uploads\/2025\/09\/FCK05-Vevey_13-09-25-49.jpg\" title=\"FCK05 - Vevey_13-09-25-49\" data-caption=\"\" data-envira-item-id=\"21715\" data-envira-retina=\"https:\/\/regese.ch\/fussball\/wp-content\/uploads\/2025\/09\/FCK05-Vevey_13-09-25-49.jpg\" data-thumb=\"https:\/\/regese.ch\/fussball\/wp-content\/uploads\/2025\/09\/FCK05-Vevey_13-09-25-49-75x50_c.jpg\" data-title=\"FCK05 - Vevey_13-09-25-49\" data-envirabox='21631' itemprop=\"contentUrl\"><div class=\"envira-lazy\" style=\"padding-bottom: 75%;\" data-envira-changed=\"false\" data-width=\"640\" data-height=\"480\"><img loading=\"lazy\" decoding=\"async\" src=\"https:\/\/regese.ch\/fussball\/wp-content\/uploads\/2025\/09\/FCK05-Vevey_13-09-25-49-1536x1024.jpg\" alt=\"\" class=\"envira-gallery-image envira-gallery-image-46    envira-lazy\" height=\"480\" id=\"envira-gallery-image-21715\" srcset=\"data:image\/gif;base64,R0lGODlhAQABAIAAAP\/\/\/\/\/\/\/yH5BAEKAAEALAAAAAABAAEAAAICTAEAOw==\" tabindex=\"-1\" title=\"FCK05 - Vevey_13-09-25-49\" width=\"640\" data-caption=\"\" data-envira-gallery-id=\"21631\" data-envira-index=\"45\" data-envira-item-id=\"21715\" data-envira-src=\"https:\/\/regese.ch\/fussball\/wp-content\/uploads\/2025\/09\/FCK05-Vevey_13-09-25-49-1536x1024.jpg\" data-envira-srcset=\"https:\/\/regese.ch\/fussball\/wp-content\/uploads\/2025\/09\/FCK05-Vevey_13-09-25-49-1536x1024.jpg 400w, https:\/\/regese.ch\/fussball\/wp-content\/uploads\/2025\/09\/FCK05-Vevey_13-09-25-49-1536x1024.jpg 2x\" data-title=\"FCK05 - Vevey_13-09-25-49\" itemprop=\"thumbnailUrl\"  data-envirabox=\"21631\" \/><\/div><\/a><div class=\"envira-gallery-captioned-data envira-gallery-captioned-data-base\"><\/div><\/div><\/div><div id=\"envira-gallery-item-21716\" class=\"envira-gallery-item envira-gallery-item-47 envira-lazy-load enviratope-item\" style=\"padding-left: 5px; padding-bottom: 10px; padding-right: 5px;\"  itemscope itemtype=\"https:\/\/schema.org\/ImageObject\"><div class=\"envira-gallery-item-inner\"><div class=\"envira-gallery-position-overlay envira-gallery-top-left\"><\/div><div class=\"envira-gallery-position-overlay envira-gallery-top-right\"><\/div><div class=\"envira-gallery-position-overlay envira-gallery-bottom-left\"><\/div><div class=\"envira-gallery-position-overlay envira-gallery-bottom-right\"><\/div><a class=\"envira-gallery-21631 envira-gallery-link\" href=\"https:\/\/regese.ch\/fussball\/wp-content\/uploads\/2025\/09\/FCK05-Vevey_13-09-25-50.jpg\" title=\"FCK05 - Vevey_13-09-25-50\" data-caption=\"\" data-envira-item-id=\"21716\" data-envira-retina=\"https:\/\/regese.ch\/fussball\/wp-content\/uploads\/2025\/09\/FCK05-Vevey_13-09-25-50.jpg\" data-thumb=\"https:\/\/regese.ch\/fussball\/wp-content\/uploads\/2025\/09\/FCK05-Vevey_13-09-25-50-75x50_c.jpg\" data-title=\"FCK05 - Vevey_13-09-25-50\" data-envirabox='21631' itemprop=\"contentUrl\"><div class=\"envira-lazy\" style=\"padding-bottom: 75%;\" data-envira-changed=\"false\" data-width=\"640\" data-height=\"480\"><img loading=\"lazy\" decoding=\"async\" src=\"https:\/\/regese.ch\/fussball\/wp-content\/uploads\/2025\/09\/FCK05-Vevey_13-09-25-50-1536x1024.jpg\" alt=\"\" class=\"envira-gallery-image envira-gallery-image-47    envira-lazy\" height=\"480\" id=\"envira-gallery-image-21716\" srcset=\"data:image\/gif;base64,R0lGODlhAQABAIAAAP\/\/\/\/\/\/\/yH5BAEKAAEALAAAAAABAAEAAAICTAEAOw==\" tabindex=\"-1\" title=\"FCK05 - Vevey_13-09-25-50\" width=\"640\" data-caption=\"\" data-envira-gallery-id=\"21631\" data-envira-index=\"46\" data-envira-item-id=\"21716\" data-envira-src=\"https:\/\/regese.ch\/fussball\/wp-content\/uploads\/2025\/09\/FCK05-Vevey_13-09-25-50-1536x1024.jpg\" data-envira-srcset=\"https:\/\/regese.ch\/fussball\/wp-content\/uploads\/2025\/09\/FCK05-Vevey_13-09-25-50-1536x1024.jpg 400w, https:\/\/regese.ch\/fussball\/wp-content\/uploads\/2025\/09\/FCK05-Vevey_13-09-25-50-1536x1024.jpg 2x\" data-title=\"FCK05 - Vevey_13-09-25-50\" itemprop=\"thumbnailUrl\"  data-envirabox=\"21631\" \/><\/div><\/a><div class=\"envira-gallery-captioned-data envira-gallery-captioned-data-base\"><\/div><\/div><\/div><div id=\"envira-gallery-item-21726\" class=\"envira-gallery-item envira-gallery-item-48 envira-lazy-load enviratope-item\" style=\"padding-left: 5px; padding-bottom: 10px; padding-right: 5px;\"  itemscope itemtype=\"https:\/\/schema.org\/ImageObject\"><div class=\"envira-gallery-item-inner\"><div class=\"envira-gallery-position-overlay envira-gallery-top-left\"><\/div><div class=\"envira-gallery-position-overlay envira-gallery-top-right\"><\/div><div class=\"envira-gallery-position-overlay envira-gallery-bottom-left\"><\/div><div class=\"envira-gallery-position-overlay envira-gallery-bottom-right\"><\/div><a class=\"envira-gallery-21631 envira-gallery-link\" href=\"https:\/\/regese.ch\/fussball\/wp-content\/uploads\/2025\/09\/FCK05-Vevey_13-09-25-50-2.jpg\" title=\"FCK05 - Vevey_13-09-25-50-2\" data-caption=\"\" data-envira-item-id=\"21726\" data-envira-retina=\"https:\/\/regese.ch\/fussball\/wp-content\/uploads\/2025\/09\/FCK05-Vevey_13-09-25-50-2.jpg\" data-thumb=\"https:\/\/regese.ch\/fussball\/wp-content\/uploads\/2025\/09\/FCK05-Vevey_13-09-25-50-2-75x50_c.jpg\" data-title=\"FCK05 - Vevey_13-09-25-50-2\" data-envirabox='21631' itemprop=\"contentUrl\"><div class=\"envira-lazy\" style=\"padding-bottom: 75%;\" data-envira-changed=\"false\" data-width=\"640\" data-height=\"480\"><img loading=\"lazy\" decoding=\"async\" src=\"https:\/\/regese.ch\/fussball\/wp-content\/uploads\/2025\/09\/FCK05-Vevey_13-09-25-50-2-1536x1024.jpg\" alt=\"\" class=\"envira-gallery-image envira-gallery-image-48    envira-lazy\" height=\"480\" id=\"envira-gallery-image-21726\" srcset=\"data:image\/gif;base64,R0lGODlhAQABAIAAAP\/\/\/\/\/\/\/yH5BAEKAAEALAAAAAABAAEAAAICTAEAOw==\" tabindex=\"-1\" title=\"FCK05 - Vevey_13-09-25-50-2\" width=\"640\" data-caption=\"\" data-envira-gallery-id=\"21631\" data-envira-index=\"47\" data-envira-item-id=\"21726\" data-envira-src=\"https:\/\/regese.ch\/fussball\/wp-content\/uploads\/2025\/09\/FCK05-Vevey_13-09-25-50-2-1536x1024.jpg\" data-envira-srcset=\"https:\/\/regese.ch\/fussball\/wp-content\/uploads\/2025\/09\/FCK05-Vevey_13-09-25-50-2-1536x1024.jpg 400w, https:\/\/regese.ch\/fussball\/wp-content\/uploads\/2025\/09\/FCK05-Vevey_13-09-25-50-2-1536x1024.jpg 2x\" data-title=\"FCK05 - Vevey_13-09-25-50-2\" itemprop=\"thumbnailUrl\"  data-envirabox=\"21631\" \/><\/div><\/a><div class=\"envira-gallery-captioned-data envira-gallery-captioned-data-base\"><\/div><\/div><\/div><div id=\"envira-gallery-item-21717\" class=\"envira-gallery-item envira-gallery-item-49 envira-lazy-load enviratope-item\" style=\"padding-left: 5px; padding-bottom: 10px; padding-right: 5px;\"  itemscope itemtype=\"https:\/\/schema.org\/ImageObject\"><div class=\"envira-gallery-item-inner\"><div class=\"envira-gallery-position-overlay envira-gallery-top-left\"><\/div><div class=\"envira-gallery-position-overlay envira-gallery-top-right\"><\/div><div class=\"envira-gallery-position-overlay envira-gallery-bottom-left\"><\/div><div class=\"envira-gallery-position-overlay envira-gallery-bottom-right\"><\/div><a class=\"envira-gallery-21631 envira-gallery-link\" href=\"https:\/\/regese.ch\/fussball\/wp-content\/uploads\/2025\/09\/FCK05-Vevey_13-09-25-51.jpg\" title=\"FCK05 - Vevey_13-09-25-51\" data-caption=\"\" data-envira-item-id=\"21717\" data-envira-retina=\"https:\/\/regese.ch\/fussball\/wp-content\/uploads\/2025\/09\/FCK05-Vevey_13-09-25-51.jpg\" data-thumb=\"https:\/\/regese.ch\/fussball\/wp-content\/uploads\/2025\/09\/FCK05-Vevey_13-09-25-51-75x50_c.jpg\" data-title=\"FCK05 - Vevey_13-09-25-51\" data-envirabox='21631' itemprop=\"contentUrl\"><div class=\"envira-lazy\" style=\"padding-bottom: 75%;\" data-envira-changed=\"false\" data-width=\"640\" data-height=\"480\"><img loading=\"lazy\" decoding=\"async\" src=\"https:\/\/regese.ch\/fussball\/wp-content\/uploads\/2025\/09\/FCK05-Vevey_13-09-25-51-1536x1024.jpg\" alt=\"\" class=\"envira-gallery-image envira-gallery-image-49    envira-lazy\" height=\"480\" id=\"envira-gallery-image-21717\" srcset=\"data:image\/gif;base64,R0lGODlhAQABAIAAAP\/\/\/\/\/\/\/yH5BAEKAAEALAAAAAABAAEAAAICTAEAOw==\" tabindex=\"-1\" title=\"FCK05 - Vevey_13-09-25-51\" width=\"640\" data-caption=\"\" data-envira-gallery-id=\"21631\" data-envira-index=\"48\" data-envira-item-id=\"21717\" data-envira-src=\"https:\/\/regese.ch\/fussball\/wp-content\/uploads\/2025\/09\/FCK05-Vevey_13-09-25-51-1536x1024.jpg\" data-envira-srcset=\"https:\/\/regese.ch\/fussball\/wp-content\/uploads\/2025\/09\/FCK05-Vevey_13-09-25-51-1536x1024.jpg 400w, https:\/\/regese.ch\/fussball\/wp-content\/uploads\/2025\/09\/FCK05-Vevey_13-09-25-51-1536x1024.jpg 2x\" data-title=\"FCK05 - Vevey_13-09-25-51\" itemprop=\"thumbnailUrl\"  data-envirabox=\"21631\" \/><\/div><\/a><div class=\"envira-gallery-captioned-data envira-gallery-captioned-data-base\"><\/div><\/div><\/div><div id=\"envira-gallery-item-21730\" class=\"envira-gallery-item envira-gallery-item-50 envira-lazy-load enviratope-item\" style=\"padding-left: 5px; padding-bottom: 10px; padding-right: 5px;\"  itemscope itemtype=\"https:\/\/schema.org\/ImageObject\"><div class=\"envira-gallery-item-inner\"><div class=\"envira-gallery-position-overlay envira-gallery-top-left\"><\/div><div class=\"envira-gallery-position-overlay envira-gallery-top-right\"><\/div><div class=\"envira-gallery-position-overlay envira-gallery-bottom-left\"><\/div><div class=\"envira-gallery-position-overlay envira-gallery-bottom-right\"><\/div><a class=\"envira-gallery-21631 envira-gallery-link\" href=\"https:\/\/regese.ch\/fussball\/wp-content\/uploads\/2025\/09\/FCK05-Vevey_13-09-25-54.jpg\" title=\"FCK05 - Vevey_13-09-25-54\" data-caption=\"\" data-envira-item-id=\"21730\" data-envira-retina=\"https:\/\/regese.ch\/fussball\/wp-content\/uploads\/2025\/09\/FCK05-Vevey_13-09-25-54.jpg\" data-thumb=\"https:\/\/regese.ch\/fussball\/wp-content\/uploads\/2025\/09\/FCK05-Vevey_13-09-25-54-75x50_c.jpg\" data-title=\"FCK05 - Vevey_13-09-25-54\" data-envirabox='21631' itemprop=\"contentUrl\"><div class=\"envira-lazy\" style=\"padding-bottom: 75%;\" data-envira-changed=\"false\" data-width=\"640\" data-height=\"480\"><img loading=\"lazy\" decoding=\"async\" src=\"https:\/\/regese.ch\/fussball\/wp-content\/uploads\/2025\/09\/FCK05-Vevey_13-09-25-54-1536x1024.jpg\" alt=\"\" class=\"envira-gallery-image envira-gallery-image-50    envira-lazy\" height=\"480\" id=\"envira-gallery-image-21730\" srcset=\"data:image\/gif;base64,R0lGODlhAQABAIAAAP\/\/\/\/\/\/\/yH5BAEKAAEALAAAAAABAAEAAAICTAEAOw==\" tabindex=\"-1\" title=\"FCK05 - Vevey_13-09-25-54\" width=\"640\" data-caption=\"\" data-envira-gallery-id=\"21631\" data-envira-index=\"49\" data-envira-item-id=\"21730\" data-envira-src=\"https:\/\/regese.ch\/fussball\/wp-content\/uploads\/2025\/09\/FCK05-Vevey_13-09-25-54-1536x1024.jpg\" data-envira-srcset=\"https:\/\/regese.ch\/fussball\/wp-content\/uploads\/2025\/09\/FCK05-Vevey_13-09-25-54-1536x1024.jpg 400w, https:\/\/regese.ch\/fussball\/wp-content\/uploads\/2025\/09\/FCK05-Vevey_13-09-25-54-1536x1024.jpg 2x\" data-title=\"FCK05 - Vevey_13-09-25-54\" itemprop=\"thumbnailUrl\"  data-envirabox=\"21631\" \/><\/div><\/a><div class=\"envira-gallery-captioned-data envira-gallery-captioned-data-base\"><\/div><\/div><\/div><\/div><\/div><noscript><img src='https:\/\/regese.ch\/fussball\/wp-content\/uploads\/2025\/09\/FCK05-Vevey_13-09-25-1-scaled.jpg' alt='' class='envira_noscript_images ' \/><img src='https:\/\/regese.ch\/fussball\/wp-content\/uploads\/2025\/09\/FCK05-Vevey_13-09-25-2-scaled.jpg' alt='' class='envira_noscript_images ' \/><img src='https:\/\/regese.ch\/fussball\/wp-content\/uploads\/2025\/09\/FCK05-Vevey_13-09-25-3-scaled.jpg' alt='' class='envira_noscript_images ' \/><img src='https:\/\/regese.ch\/fussball\/wp-content\/uploads\/2025\/09\/FCK05-Vevey_13-09-25-4-scaled.jpg' alt='' class='envira_noscript_images ' \/><img src='https:\/\/regese.ch\/fussball\/wp-content\/uploads\/2025\/09\/FCK05-Vevey_13-09-25-5-scaled.jpg' alt='' class='envira_noscript_images ' \/><img src='https:\/\/regese.ch\/fussball\/wp-content\/uploads\/2025\/09\/FCK05-Vevey_13-09-25-6-scaled.jpg' alt='' class='envira_noscript_images ' \/><img src='https:\/\/regese.ch\/fussball\/wp-content\/uploads\/2025\/09\/FCK05-Vevey_13-09-25-7-scaled.jpg' alt='' class='envira_noscript_images ' \/><img src='https:\/\/regese.ch\/fussball\/wp-content\/uploads\/2025\/09\/FCK05-Vevey_13-09-25-8-scaled.jpg' alt='' class='envira_noscript_images ' \/><img src='https:\/\/regese.ch\/fussball\/wp-content\/uploads\/2025\/09\/FCK05-Vevey_13-09-25-9-scaled.jpg' alt='' class='envira_noscript_images ' \/><img src='https:\/\/regese.ch\/fussball\/wp-content\/uploads\/2025\/09\/FCK05-Vevey_13-09-25-10-scaled.jpg' alt='' class='envira_noscript_images ' \/><img src='https:\/\/regese.ch\/fussball\/wp-content\/uploads\/2025\/09\/FCK05-Vevey_13-09-25-11-scaled.jpg' alt='' class='envira_noscript_images ' \/><img src='https:\/\/regese.ch\/fussball\/wp-content\/uploads\/2025\/09\/FCK05-Vevey_13-09-25-12-scaled.jpg' alt='' class='envira_noscript_images ' \/><img src='https:\/\/regese.ch\/fussball\/wp-content\/uploads\/2025\/09\/FCK05-Vevey_13-09-25-13-scaled.jpg' alt='' class='envira_noscript_images ' \/><img src='https:\/\/regese.ch\/fussball\/wp-content\/uploads\/2025\/09\/FCK05-Vevey_13-09-25-14-scaled.jpg' alt='' class='envira_noscript_images ' \/><img src='https:\/\/regese.ch\/fussball\/wp-content\/uploads\/2025\/09\/FCK05-Vevey_13-09-25-15-scaled.jpg' alt='' class='envira_noscript_images ' \/><img src='https:\/\/regese.ch\/fussball\/wp-content\/uploads\/2025\/09\/FCK05-Vevey_13-09-25-16-scaled.jpg' alt='' class='envira_noscript_images ' \/><img src='https:\/\/regese.ch\/fussball\/wp-content\/uploads\/2025\/09\/FCK05-Vevey_13-09-25-17-scaled.jpg' alt='' class='envira_noscript_images ' \/><img src='https:\/\/regese.ch\/fussball\/wp-content\/uploads\/2025\/09\/FCK05-Vevey_13-09-25-18-scaled.jpg' alt='' class='envira_noscript_images ' \/><img src='https:\/\/regese.ch\/fussball\/wp-content\/uploads\/2025\/09\/FCK05-Vevey_13-09-25-19-scaled.jpg' alt='' class='envira_noscript_images ' \/><img src='https:\/\/regese.ch\/fussball\/wp-content\/uploads\/2025\/09\/FCK05-Vevey_13-09-25-20-scaled.jpg' alt='' class='envira_noscript_images ' \/><img src='https:\/\/regese.ch\/fussball\/wp-content\/uploads\/2025\/09\/FCK05-Vevey_13-09-25-21-scaled.jpg' alt='' class='envira_noscript_images ' \/><img src='https:\/\/regese.ch\/fussball\/wp-content\/uploads\/2025\/09\/FCK05-Vevey_13-09-25-22-scaled.jpg' alt='' class='envira_noscript_images ' \/><img src='https:\/\/regese.ch\/fussball\/wp-content\/uploads\/2025\/09\/FCK05-Vevey_13-09-25-23-scaled.jpg' alt='' class='envira_noscript_images ' \/><img src='https:\/\/regese.ch\/fussball\/wp-content\/uploads\/2025\/09\/FCK05-Vevey_13-09-25-24-scaled.jpg' alt='' class='envira_noscript_images ' \/><img src='https:\/\/regese.ch\/fussball\/wp-content\/uploads\/2025\/09\/FCK05-Vevey_13-09-25-25-scaled.jpg' alt='' class='envira_noscript_images ' \/><img src='https:\/\/regese.ch\/fussball\/wp-content\/uploads\/2025\/09\/FCK05-Vevey_13-09-25-26-scaled.jpg' alt='' class='envira_noscript_images ' \/><img src='https:\/\/regese.ch\/fussball\/wp-content\/uploads\/2025\/09\/FCK05-Vevey_13-09-25-27-scaled.jpg' alt='' class='envira_noscript_images ' \/><img src='https:\/\/regese.ch\/fussball\/wp-content\/uploads\/2025\/09\/FCK05-Vevey_13-09-25-28-scaled.jpg' alt='' class='envira_noscript_images ' \/><img src='https:\/\/regese.ch\/fussball\/wp-content\/uploads\/2025\/09\/FCK05-Vevey_13-09-25-29-scaled.jpg' alt='' class='envira_noscript_images ' \/><img src='https:\/\/regese.ch\/fussball\/wp-content\/uploads\/2025\/09\/FCK05-Vevey_13-09-25-30-scaled.jpg' alt='' class='envira_noscript_images ' \/><img src='https:\/\/regese.ch\/fussball\/wp-content\/uploads\/2025\/09\/FCK05-Vevey_13-09-25-31-scaled.jpg' alt='' class='envira_noscript_images ' \/><img src='https:\/\/regese.ch\/fussball\/wp-content\/uploads\/2025\/09\/FCK05-Vevey_13-09-25-32-scaled.jpg' alt='' class='envira_noscript_images ' \/><img src='https:\/\/regese.ch\/fussball\/wp-content\/uploads\/2025\/09\/FCK05-Vevey_13-09-25-33-scaled.jpg' alt='' class='envira_noscript_images ' \/><img src='https:\/\/regese.ch\/fussball\/wp-content\/uploads\/2025\/09\/FCK05-Vevey_13-09-25-34-scaled.jpg' alt='' class='envira_noscript_images ' \/><img src='https:\/\/regese.ch\/fussball\/wp-content\/uploads\/2025\/09\/FCK05-Vevey_13-09-25-35-scaled.jpg' alt='' class='envira_noscript_images ' \/><img src='https:\/\/regese.ch\/fussball\/wp-content\/uploads\/2025\/09\/FCK05-Vevey_13-09-25-36-scaled.jpg' alt='' class='envira_noscript_images ' \/><img src='https:\/\/regese.ch\/fussball\/wp-content\/uploads\/2025\/09\/FCK05-Vevey_13-09-25-37-scaled.jpg' alt='' class='envira_noscript_images ' \/><img src='https:\/\/regese.ch\/fussball\/wp-content\/uploads\/2025\/09\/FCK05-Vevey_13-09-25-38-scaled.jpg' alt='' class='envira_noscript_images ' \/><img src='https:\/\/regese.ch\/fussball\/wp-content\/uploads\/2025\/09\/FCK05-Vevey_13-09-25-39-scaled.jpg' alt='' class='envira_noscript_images ' \/><img src='https:\/\/regese.ch\/fussball\/wp-content\/uploads\/2025\/09\/FCK05-Vevey_13-09-25-40-scaled.jpg' alt='' class='envira_noscript_images ' \/><img src='https:\/\/regese.ch\/fussball\/wp-content\/uploads\/2025\/09\/FCK05-Vevey_13-09-25-42-1-scaled.jpg' alt='' class='envira_noscript_images ' \/><img src='https:\/\/regese.ch\/fussball\/wp-content\/uploads\/2025\/09\/FCK05-Vevey_13-09-25-44.jpg' alt='' class='envira_noscript_images ' \/><img src='https:\/\/regese.ch\/fussball\/wp-content\/uploads\/2025\/09\/FCK05-Vevey_13-09-25-45.jpg' alt='' class='envira_noscript_images ' \/><img src='https:\/\/regese.ch\/fussball\/wp-content\/uploads\/2025\/09\/FCK05-Vevey_13-09-25-47.jpg' alt='' class='envira_noscript_images ' \/><img src='https:\/\/regese.ch\/fussball\/wp-content\/uploads\/2025\/09\/FCK05-Vevey_13-09-25-48.jpg' alt='' class='envira_noscript_images ' \/><img src='https:\/\/regese.ch\/fussball\/wp-content\/uploads\/2025\/09\/FCK05-Vevey_13-09-25-49.jpg' alt='' class='envira_noscript_images ' \/><img src='https:\/\/regese.ch\/fussball\/wp-content\/uploads\/2025\/09\/FCK05-Vevey_13-09-25-50.jpg' alt='' class='envira_noscript_images ' \/><img src='https:\/\/regese.ch\/fussball\/wp-content\/uploads\/2025\/09\/FCK05-Vevey_13-09-25-50-2.jpg' alt='' class='envira_noscript_images ' \/><img src='https:\/\/regese.ch\/fussball\/wp-content\/uploads\/2025\/09\/FCK05-Vevey_13-09-25-51.jpg' alt='' class='envira_noscript_images ' \/><img src='https:\/\/regese.ch\/fussball\/wp-content\/uploads\/2025\/09\/FCK05-Vevey_13-09-25-54.jpg' alt='' class='envira_noscript_images ' \/><\/noscript><\/div>\n\n\n<div class=\"wp-block-post-views-counter-post-views\"><div class=\"post-views content-post post-21628 entry-meta load-static\">\r\n\t\t\t\t<span class=\"post-views-icon dashicons dashicons-chart-bar\"><\/span> <span class=\"post-views-label\">Post Views:<\/span> <span class=\"post-views-count\">160<\/span>\r\n\t\t\t<\/div><\/div>\n\n\n<p>Auf instagram folgen<\/p>\n\n\n\n<figure class=\"wp-block-image\" id=\"block-945f2e57-4048-4b18-98cd-e7792ac1fc64\"><img decoding=\"async\" src=\"https:\/\/regese.ch\/fussball\/wp-content\/uploads\/2022\/08\/fck05_ese_qr4-261x300.png\" alt=\"This image has an empty alt attribute; its file name is fck05_ese_qr4-261x300.png\"\/><\/figure>\n\n\n\n<p id=\"block-c7331b14-4dad-4026-8eba-6eff6bf3f1ef\"><strong>Aktuelle Tabelle Saison 25 &#8211; 26<\/strong><\/p>\n\n\n<div id=\"fp-widget_root-30mAUJknly04PaDbaQaGKMPx3Jk\"><a href=\"https:\/\/www.fupa.net\/club\/fc-kreuzlingen\" target=\"_blank\" rel=\"noopener\">FC Kreuzlingen auf FuPa<\/a><\/div>\n<p><script src=\"https:\/\/widget-api.fupa.net\/vendor\/widget.js?v1\"><\/script><\/p>\n\n\n\n<p><strong>Unser Spielplan f\u00fcr die Saison 25 &#8211; 26:<\/strong><\/p>\n\n\n<div id=\"fp-widget_root-30mAoSuZscb9NbG7rt2fB637xG2\"><a href=\"https:\/\/www.fupa.net\/club\/fc-kreuzlingen\" target=\"_blank\" rel=\"noopener\">FC Kreuzlingen auf FuPa<\/a><\/div>\n<p><script src=\"https:\/\/widget-api.fupa.net\/vendor\/widget.js?v1\"><\/script><\/p>\n","protected":false},"excerpt":{"rendered":"<p>Die Ungeschlagenheit gewahrt Nach dem wichtigen Sieg gegen den FC Breitenrain m\u00f6chte unser Team heute die n\u00e4chsten drei Punkte einsammeln. Das Ausw\u00e4rtsspiel in Vevey wurde aus Platzgr\u00fcnden (?) zu einem Heimspiel. Vevey-Sports ist sehr verhalten in die Saison gestartet. Aufgrund einer Regelverletzung wurden dem Team drei Punkte abgesprochen, weshalb sich Vevey-Sports aktuell auf dem letzten &#8230; <a title=\"FCK 05 &#8211; FC Vevey-Sports &#8211; Meisterschaftsspiel 13-09-25\" class=\"read-more\" href=\"https:\/\/regese.ch\/fussball\/fck-05-fc-vevey-sports-meisterschaftsspiel-13-09-25\/\" aria-label=\"Read more about FCK 05 &#8211; FC Vevey-Sports &#8211; Meisterschaftsspiel 13-09-25\">Read more<\/a><\/p>\n","protected":false},"author":1,"featured_media":21646,"comment_status":"open","ping_status":"closed","sticky":false,"template":"","format":"standard","meta":{"footnotes":""},"categories":[116],"tags":[],"class_list":["post-21628","post","type-post","status-publish","format-standard","has-post-thumbnail","hentry","category-fck-05-saison-25-26"],"yoast_head":"<!-- This site is optimized with the Yoast SEO plugin v27.4 - https:\/\/yoast.com\/product\/yoast-seo-wordpress\/ -->\n<title>FCK 05 - FC Vevey-Sports - Meisterschaftsspiel 13-09-25 | Fussballblicke | Erich Seeger<\/title>\n<meta name=\"robots\" content=\"index, follow, max-snippet:-1, max-image-preview:large, max-video-preview:-1\" \/>\n<link rel=\"canonical\" href=\"https:\/\/regese.ch\/fussball\/fck-05-fc-vevey-sports-meisterschaftsspiel-13-09-25\/\" \/>\n<meta property=\"og:locale\" content=\"de_DE\" \/>\n<meta property=\"og:type\" content=\"article\" \/>\n<meta property=\"og:title\" content=\"FCK 05 - FC Vevey-Sports - Meisterschaftsspiel 13-09-25 | Fussballblicke | Erich Seeger\" \/>\n<meta property=\"og:description\" content=\"Die Ungeschlagenheit gewahrt Nach dem wichtigen Sieg gegen den FC Breitenrain m\u00f6chte unser Team heute die n\u00e4chsten drei Punkte einsammeln. Das Ausw\u00e4rtsspiel in Vevey wurde aus Platzgr\u00fcnden (?) zu einem Heimspiel. Vevey-Sports ist sehr verhalten in die Saison gestartet. Aufgrund einer Regelverletzung wurden dem Team drei Punkte abgesprochen, weshalb sich Vevey-Sports aktuell auf dem letzten ... Read more\" \/>\n<meta property=\"og:url\" content=\"https:\/\/regese.ch\/fussball\/fck-05-fc-vevey-sports-meisterschaftsspiel-13-09-25\/\" \/>\n<meta property=\"og:site_name\" content=\"Fussballblicke\" \/>\n<meta property=\"article:published_time\" content=\"2025-09-13T22:25:06+00:00\" \/>\n<meta property=\"article:modified_time\" content=\"2025-09-15T19:41:27+00:00\" \/>\n<meta property=\"og:image\" content=\"https:\/\/regese.ch\/fussball\/wp-content\/uploads\/2025\/09\/FCK05-Vevey_13-09-25-13-scaled.jpg\" \/>\n\t<meta property=\"og:image:width\" content=\"2560\" \/>\n\t<meta property=\"og:image:height\" content=\"1707\" \/>\n\t<meta property=\"og:image:type\" content=\"image\/jpeg\" \/>\n<meta name=\"author\" content=\"admin\" \/>\n<meta name=\"twitter:card\" content=\"summary_large_image\" \/>\n<meta name=\"twitter:label1\" content=\"Geschrieben von\" \/>\n\t<meta name=\"twitter:data1\" content=\"admin\" \/>\n\t<meta name=\"twitter:label2\" content=\"Gesch\u00e4tzte Lesezeit\" \/>\n\t<meta name=\"twitter:data2\" content=\"6\u00a0Minuten\" \/>\n<script type=\"application\/ld+json\" class=\"yoast-schema-graph\">{\"@context\":\"https:\\\/\\\/schema.org\",\"@graph\":[{\"@type\":\"Article\",\"@id\":\"https:\\\/\\\/regese.ch\\\/fussball\\\/fck-05-fc-vevey-sports-meisterschaftsspiel-13-09-25\\\/#article\",\"isPartOf\":{\"@id\":\"https:\\\/\\\/regese.ch\\\/fussball\\\/fck-05-fc-vevey-sports-meisterschaftsspiel-13-09-25\\\/\"},\"author\":{\"name\":\"admin\",\"@id\":\"https:\\\/\\\/regese.ch\\\/fussball\\\/#\\\/schema\\\/person\\\/ddd2578315ccba2ed485145ed081d710\"},\"headline\":\"FCK 05 &#8211; FC Vevey-Sports &#8211; Meisterschaftsspiel 13-09-25\",\"datePublished\":\"2025-09-13T22:25:06+00:00\",\"dateModified\":\"2025-09-15T19:41:27+00:00\",\"mainEntityOfPage\":{\"@id\":\"https:\\\/\\\/regese.ch\\\/fussball\\\/fck-05-fc-vevey-sports-meisterschaftsspiel-13-09-25\\\/\"},\"wordCount\":426,\"commentCount\":0,\"publisher\":{\"@id\":\"https:\\\/\\\/regese.ch\\\/fussball\\\/#\\\/schema\\\/person\\\/ddd2578315ccba2ed485145ed081d710\"},\"image\":{\"@id\":\"https:\\\/\\\/regese.ch\\\/fussball\\\/fck-05-fc-vevey-sports-meisterschaftsspiel-13-09-25\\\/#primaryimage\"},\"thumbnailUrl\":\"https:\\\/\\\/regese.ch\\\/fussball\\\/wp-content\\\/uploads\\\/2025\\\/09\\\/FCK05-Vevey_13-09-25-13-scaled.jpg\",\"articleSection\":[\"FCK 05 Saison 25-26\"],\"inLanguage\":\"de-CH\",\"potentialAction\":[{\"@type\":\"CommentAction\",\"name\":\"Comment\",\"target\":[\"https:\\\/\\\/regese.ch\\\/fussball\\\/fck-05-fc-vevey-sports-meisterschaftsspiel-13-09-25\\\/#respond\"]}]},{\"@type\":\"WebPage\",\"@id\":\"https:\\\/\\\/regese.ch\\\/fussball\\\/fck-05-fc-vevey-sports-meisterschaftsspiel-13-09-25\\\/\",\"url\":\"https:\\\/\\\/regese.ch\\\/fussball\\\/fck-05-fc-vevey-sports-meisterschaftsspiel-13-09-25\\\/\",\"name\":\"FCK 05 - FC Vevey-Sports - Meisterschaftsspiel 13-09-25 | Fussballblicke | Erich Seeger\",\"isPartOf\":{\"@id\":\"https:\\\/\\\/regese.ch\\\/fussball\\\/#website\"},\"primaryImageOfPage\":{\"@id\":\"https:\\\/\\\/regese.ch\\\/fussball\\\/fck-05-fc-vevey-sports-meisterschaftsspiel-13-09-25\\\/#primaryimage\"},\"image\":{\"@id\":\"https:\\\/\\\/regese.ch\\\/fussball\\\/fck-05-fc-vevey-sports-meisterschaftsspiel-13-09-25\\\/#primaryimage\"},\"thumbnailUrl\":\"https:\\\/\\\/regese.ch\\\/fussball\\\/wp-content\\\/uploads\\\/2025\\\/09\\\/FCK05-Vevey_13-09-25-13-scaled.jpg\",\"datePublished\":\"2025-09-13T22:25:06+00:00\",\"dateModified\":\"2025-09-15T19:41:27+00:00\",\"breadcrumb\":{\"@id\":\"https:\\\/\\\/regese.ch\\\/fussball\\\/fck-05-fc-vevey-sports-meisterschaftsspiel-13-09-25\\\/#breadcrumb\"},\"inLanguage\":\"de-CH\",\"potentialAction\":[{\"@type\":\"ReadAction\",\"target\":[\"https:\\\/\\\/regese.ch\\\/fussball\\\/fck-05-fc-vevey-sports-meisterschaftsspiel-13-09-25\\\/\"]}]},{\"@type\":\"ImageObject\",\"inLanguage\":\"de-CH\",\"@id\":\"https:\\\/\\\/regese.ch\\\/fussball\\\/fck-05-fc-vevey-sports-meisterschaftsspiel-13-09-25\\\/#primaryimage\",\"url\":\"https:\\\/\\\/regese.ch\\\/fussball\\\/wp-content\\\/uploads\\\/2025\\\/09\\\/FCK05-Vevey_13-09-25-13-scaled.jpg\",\"contentUrl\":\"https:\\\/\\\/regese.ch\\\/fussball\\\/wp-content\\\/uploads\\\/2025\\\/09\\\/FCK05-Vevey_13-09-25-13-scaled.jpg\",\"width\":2560,\"height\":1707},{\"@type\":\"BreadcrumbList\",\"@id\":\"https:\\\/\\\/regese.ch\\\/fussball\\\/fck-05-fc-vevey-sports-meisterschaftsspiel-13-09-25\\\/#breadcrumb\",\"itemListElement\":[{\"@type\":\"ListItem\",\"position\":1,\"name\":\"Home\",\"item\":\"https:\\\/\\\/regese.ch\\\/fussball\\\/\"},{\"@type\":\"ListItem\",\"position\":2,\"name\":\"FCK 05 &#8211; FC Vevey-Sports &#8211; Meisterschaftsspiel 13-09-25\"}]},{\"@type\":\"WebSite\",\"@id\":\"https:\\\/\\\/regese.ch\\\/fussball\\\/#website\",\"url\":\"https:\\\/\\\/regese.ch\\\/fussball\\\/\",\"name\":\"Fussballblicke | Fussballbilder vom FC Kreuzlingen. Und mehr\",\"description\":\"\",\"publisher\":{\"@id\":\"https:\\\/\\\/regese.ch\\\/fussball\\\/#\\\/schema\\\/person\\\/ddd2578315ccba2ed485145ed081d710\"},\"alternateName\":\"Fussballbilder FC Kreuzlingen\",\"potentialAction\":[{\"@type\":\"SearchAction\",\"target\":{\"@type\":\"EntryPoint\",\"urlTemplate\":\"https:\\\/\\\/regese.ch\\\/fussball\\\/?s={search_term_string}\"},\"query-input\":{\"@type\":\"PropertyValueSpecification\",\"valueRequired\":true,\"valueName\":\"search_term_string\"}}],\"inLanguage\":\"de-CH\"},{\"@type\":[\"Person\",\"Organization\"],\"@id\":\"https:\\\/\\\/regese.ch\\\/fussball\\\/#\\\/schema\\\/person\\\/ddd2578315ccba2ed485145ed081d710\",\"name\":\"admin\",\"image\":{\"@type\":\"ImageObject\",\"inLanguage\":\"de-CH\",\"@id\":\"https:\\\/\\\/regese.ch\\\/fussball\\\/wp-content\\\/uploads\\\/2022\\\/03\\\/cropped-AdobeStock_294761021-fUSSBALLBLICK-Breit.png\",\"url\":\"https:\\\/\\\/regese.ch\\\/fussball\\\/wp-content\\\/uploads\\\/2022\\\/03\\\/cropped-AdobeStock_294761021-fUSSBALLBLICK-Breit.png\",\"contentUrl\":\"https:\\\/\\\/regese.ch\\\/fussball\\\/wp-content\\\/uploads\\\/2022\\\/03\\\/cropped-AdobeStock_294761021-fUSSBALLBLICK-Breit.png\",\"width\":1500,\"height\":300,\"caption\":\"admin\"},\"logo\":{\"@id\":\"https:\\\/\\\/regese.ch\\\/fussball\\\/wp-content\\\/uploads\\\/2022\\\/03\\\/cropped-AdobeStock_294761021-fUSSBALLBLICK-Breit.png\"},\"sameAs\":[\"instagram.com\\\/fck05_ese\"]}]}<\/script>\n<!-- \/ Yoast SEO plugin. -->","yoast_head_json":{"title":"FCK 05 - FC Vevey-Sports - Meisterschaftsspiel 13-09-25 | Fussballblicke | Erich Seeger","robots":{"index":"index","follow":"follow","max-snippet":"max-snippet:-1","max-image-preview":"max-image-preview:large","max-video-preview":"max-video-preview:-1"},"canonical":"https:\/\/regese.ch\/fussball\/fck-05-fc-vevey-sports-meisterschaftsspiel-13-09-25\/","og_locale":"de_DE","og_type":"article","og_title":"FCK 05 - FC Vevey-Sports - Meisterschaftsspiel 13-09-25 | Fussballblicke | Erich Seeger","og_description":"Die Ungeschlagenheit gewahrt Nach dem wichtigen Sieg gegen den FC Breitenrain m\u00f6chte unser Team heute die n\u00e4chsten drei Punkte einsammeln. Das Ausw\u00e4rtsspiel in Vevey wurde aus Platzgr\u00fcnden (?) zu einem Heimspiel. Vevey-Sports ist sehr verhalten in die Saison gestartet. Aufgrund einer Regelverletzung wurden dem Team drei Punkte abgesprochen, weshalb sich Vevey-Sports aktuell auf dem letzten ... Read more","og_url":"https:\/\/regese.ch\/fussball\/fck-05-fc-vevey-sports-meisterschaftsspiel-13-09-25\/","og_site_name":"Fussballblicke","article_published_time":"2025-09-13T22:25:06+00:00","article_modified_time":"2025-09-15T19:41:27+00:00","og_image":[{"width":2560,"height":1707,"url":"https:\/\/regese.ch\/fussball\/wp-content\/uploads\/2025\/09\/FCK05-Vevey_13-09-25-13-scaled.jpg","type":"image\/jpeg"}],"author":"admin","twitter_card":"summary_large_image","twitter_misc":{"Geschrieben von":"admin","Gesch\u00e4tzte Lesezeit":"6\u00a0Minuten"},"schema":{"@context":"https:\/\/schema.org","@graph":[{"@type":"Article","@id":"https:\/\/regese.ch\/fussball\/fck-05-fc-vevey-sports-meisterschaftsspiel-13-09-25\/#article","isPartOf":{"@id":"https:\/\/regese.ch\/fussball\/fck-05-fc-vevey-sports-meisterschaftsspiel-13-09-25\/"},"author":{"name":"admin","@id":"https:\/\/regese.ch\/fussball\/#\/schema\/person\/ddd2578315ccba2ed485145ed081d710"},"headline":"FCK 05 &#8211; FC Vevey-Sports &#8211; Meisterschaftsspiel 13-09-25","datePublished":"2025-09-13T22:25:06+00:00","dateModified":"2025-09-15T19:41:27+00:00","mainEntityOfPage":{"@id":"https:\/\/regese.ch\/fussball\/fck-05-fc-vevey-sports-meisterschaftsspiel-13-09-25\/"},"wordCount":426,"commentCount":0,"publisher":{"@id":"https:\/\/regese.ch\/fussball\/#\/schema\/person\/ddd2578315ccba2ed485145ed081d710"},"image":{"@id":"https:\/\/regese.ch\/fussball\/fck-05-fc-vevey-sports-meisterschaftsspiel-13-09-25\/#primaryimage"},"thumbnailUrl":"https:\/\/regese.ch\/fussball\/wp-content\/uploads\/2025\/09\/FCK05-Vevey_13-09-25-13-scaled.jpg","articleSection":["FCK 05 Saison 25-26"],"inLanguage":"de-CH","potentialAction":[{"@type":"CommentAction","name":"Comment","target":["https:\/\/regese.ch\/fussball\/fck-05-fc-vevey-sports-meisterschaftsspiel-13-09-25\/#respond"]}]},{"@type":"WebPage","@id":"https:\/\/regese.ch\/fussball\/fck-05-fc-vevey-sports-meisterschaftsspiel-13-09-25\/","url":"https:\/\/regese.ch\/fussball\/fck-05-fc-vevey-sports-meisterschaftsspiel-13-09-25\/","name":"FCK 05 - FC Vevey-Sports - Meisterschaftsspiel 13-09-25 | Fussballblicke | Erich Seeger","isPartOf":{"@id":"https:\/\/regese.ch\/fussball\/#website"},"primaryImageOfPage":{"@id":"https:\/\/regese.ch\/fussball\/fck-05-fc-vevey-sports-meisterschaftsspiel-13-09-25\/#primaryimage"},"image":{"@id":"https:\/\/regese.ch\/fussball\/fck-05-fc-vevey-sports-meisterschaftsspiel-13-09-25\/#primaryimage"},"thumbnailUrl":"https:\/\/regese.ch\/fussball\/wp-content\/uploads\/2025\/09\/FCK05-Vevey_13-09-25-13-scaled.jpg","datePublished":"2025-09-13T22:25:06+00:00","dateModified":"2025-09-15T19:41:27+00:00","breadcrumb":{"@id":"https:\/\/regese.ch\/fussball\/fck-05-fc-vevey-sports-meisterschaftsspiel-13-09-25\/#breadcrumb"},"inLanguage":"de-CH","potentialAction":[{"@type":"ReadAction","target":["https:\/\/regese.ch\/fussball\/fck-05-fc-vevey-sports-meisterschaftsspiel-13-09-25\/"]}]},{"@type":"ImageObject","inLanguage":"de-CH","@id":"https:\/\/regese.ch\/fussball\/fck-05-fc-vevey-sports-meisterschaftsspiel-13-09-25\/#primaryimage","url":"https:\/\/regese.ch\/fussball\/wp-content\/uploads\/2025\/09\/FCK05-Vevey_13-09-25-13-scaled.jpg","contentUrl":"https:\/\/regese.ch\/fussball\/wp-content\/uploads\/2025\/09\/FCK05-Vevey_13-09-25-13-scaled.jpg","width":2560,"height":1707},{"@type":"BreadcrumbList","@id":"https:\/\/regese.ch\/fussball\/fck-05-fc-vevey-sports-meisterschaftsspiel-13-09-25\/#breadcrumb","itemListElement":[{"@type":"ListItem","position":1,"name":"Home","item":"https:\/\/regese.ch\/fussball\/"},{"@type":"ListItem","position":2,"name":"FCK 05 &#8211; FC Vevey-Sports &#8211; Meisterschaftsspiel 13-09-25"}]},{"@type":"WebSite","@id":"https:\/\/regese.ch\/fussball\/#website","url":"https:\/\/regese.ch\/fussball\/","name":"Fussballblicke | Fussballbilder vom FC Kreuzlingen. Und mehr","description":"","publisher":{"@id":"https:\/\/regese.ch\/fussball\/#\/schema\/person\/ddd2578315ccba2ed485145ed081d710"},"alternateName":"Fussballbilder FC Kreuzlingen","potentialAction":[{"@type":"SearchAction","target":{"@type":"EntryPoint","urlTemplate":"https:\/\/regese.ch\/fussball\/?s={search_term_string}"},"query-input":{"@type":"PropertyValueSpecification","valueRequired":true,"valueName":"search_term_string"}}],"inLanguage":"de-CH"},{"@type":["Person","Organization"],"@id":"https:\/\/regese.ch\/fussball\/#\/schema\/person\/ddd2578315ccba2ed485145ed081d710","name":"admin","image":{"@type":"ImageObject","inLanguage":"de-CH","@id":"https:\/\/regese.ch\/fussball\/wp-content\/uploads\/2022\/03\/cropped-AdobeStock_294761021-fUSSBALLBLICK-Breit.png","url":"https:\/\/regese.ch\/fussball\/wp-content\/uploads\/2022\/03\/cropped-AdobeStock_294761021-fUSSBALLBLICK-Breit.png","contentUrl":"https:\/\/regese.ch\/fussball\/wp-content\/uploads\/2022\/03\/cropped-AdobeStock_294761021-fUSSBALLBLICK-Breit.png","width":1500,"height":300,"caption":"admin"},"logo":{"@id":"https:\/\/regese.ch\/fussball\/wp-content\/uploads\/2022\/03\/cropped-AdobeStock_294761021-fUSSBALLBLICK-Breit.png"},"sameAs":["instagram.com\/fck05_ese"]}]}},"_links":{"self":[{"href":"https:\/\/regese.ch\/fussball\/wp-json\/wp\/v2\/posts\/21628","targetHints":{"allow":["GET"]}}],"collection":[{"href":"https:\/\/regese.ch\/fussball\/wp-json\/wp\/v2\/posts"}],"about":[{"href":"https:\/\/regese.ch\/fussball\/wp-json\/wp\/v2\/types\/post"}],"author":[{"embeddable":true,"href":"https:\/\/regese.ch\/fussball\/wp-json\/wp\/v2\/users\/1"}],"replies":[{"embeddable":true,"href":"https:\/\/regese.ch\/fussball\/wp-json\/wp\/v2\/comments?post=21628"}],"version-history":[{"count":11,"href":"https:\/\/regese.ch\/fussball\/wp-json\/wp\/v2\/posts\/21628\/revisions"}],"predecessor-version":[{"id":21732,"href":"https:\/\/regese.ch\/fussball\/wp-json\/wp\/v2\/posts\/21628\/revisions\/21732"}],"wp:featuredmedia":[{"embeddable":true,"href":"https:\/\/regese.ch\/fussball\/wp-json\/wp\/v2\/media\/21646"}],"wp:attachment":[{"href":"https:\/\/regese.ch\/fussball\/wp-json\/wp\/v2\/media?parent=21628"}],"wp:term":[{"taxonomy":"category","embeddable":true,"href":"https:\/\/regese.ch\/fussball\/wp-json\/wp\/v2\/categories?post=21628"},{"taxonomy":"post_tag","embeddable":true,"href":"https:\/\/regese.ch\/fussball\/wp-json\/wp\/v2\/tags?post=21628"}],"curies":[{"name":"wp","href":"https:\/\/api.w.org\/{rel}","templated":true}]}}