{"id":20605,"date":"2025-05-29T19:29:28","date_gmt":"2025-05-29T17:29:28","guid":{"rendered":"https:\/\/regese.ch\/fussball\/?p=20605"},"modified":"2025-05-29T20:05:29","modified_gmt":"2025-05-29T18:05:29","slug":"fc-pristhina-bern-fck-05-playoffspiel-28-05-2025","status":"publish","type":"post","link":"https:\/\/regese.ch\/fussball\/fc-pristhina-bern-fck-05-playoffspiel-28-05-2025\/","title":{"rendered":"FC Pristhina Bern &#8211; FCK 05 &#8211; Playoffspiel &#8211; 28- 05 &#8211; 2025"},"content":{"rendered":"\n<figure class=\"wp-block-image size-full\"><img loading=\"lazy\" decoding=\"async\" width=\"2000\" height=\"1333\" src=\"https:\/\/regese.ch\/fussball\/wp-content\/uploads\/2025\/05\/FC-Prishtina-FCK05_28-05-25-52.jpg\" alt=\"\" class=\"wp-image-20659\" srcset=\"https:\/\/regese.ch\/fussball\/wp-content\/uploads\/2025\/05\/FC-Prishtina-FCK05_28-05-25-52.jpg 2000w, https:\/\/regese.ch\/fussball\/wp-content\/uploads\/2025\/05\/FC-Prishtina-FCK05_28-05-25-52-300x200.jpg 300w, https:\/\/regese.ch\/fussball\/wp-content\/uploads\/2025\/05\/FC-Prishtina-FCK05_28-05-25-52-150x100.jpg 150w, https:\/\/regese.ch\/fussball\/wp-content\/uploads\/2025\/05\/FC-Prishtina-FCK05_28-05-25-52-768x512.jpg 768w, https:\/\/regese.ch\/fussball\/wp-content\/uploads\/2025\/05\/FC-Prishtina-FCK05_28-05-25-52-1536x1024.jpg 1536w, https:\/\/regese.ch\/fussball\/wp-content\/uploads\/2025\/05\/FC-Prishtina-FCK05_28-05-25-52-128x85.jpg 128w, https:\/\/regese.ch\/fussball\/wp-content\/uploads\/2025\/05\/FC-Prishtina-FCK05_28-05-25-52-32x21.jpg 32w\" sizes=\"auto, (max-width: 2000px) 100vw, 2000px\" \/><\/figure>\n\n\n\n<p><strong>Wahnsinn<\/strong>, was unsere Mannschaft im Ausw\u00e4rtsspiel abgeliefert hat! Mit einem verdienten 2:0 Sieg hat sie das Tor zum Finalspiel weit aufgestossen! Aber alles der Reihe nach..<\/p>\n\n\n\n<p>Als Meister der 1. Liga Classic Gruppe 3 hat sich unser FCK f\u00fcr die Playoff-Spiele um den Aufstieg qualifiziert. Unser erster Gegner heisst FC Pristhina Bern. Einen tollen, lesenswerten Vorbericht zu diesem Finale findest du in der <a href=\"https:\/\/www.fck-1905.ch\/fc-kreuzlingen-1905-vs-fc-wettswill-bonstetten-samstag-24-05-2025-1600uhr-ec-technik-remu-arena\/\">Vor<\/a><a href=\"https:\/\/www.fck-1905.ch\/fc-kreuzlingen-1905-vs-fc-wettswill-bonstetten-samstag-24-05-2025-1600uhr-ec-technik-remu-arena\/\" target=\"_blank\" rel=\"noreferrer noopener\">s<\/a><a href=\"https:\/\/www.fck-1905.ch\/fc-kreuzlingen-1905-vs-fc-wettswill-bonstetten-samstag-24-05-2025-1600uhr-ec-technik-remu-arena\/\">chau <\/a>des FCK 05.<\/p>\n\n\n\n<figure class=\"wp-block-image size-large\"><img loading=\"lazy\" decoding=\"async\" width=\"2000\" height=\"1500\" src=\"https:\/\/regese.ch\/fussball\/wp-content\/uploads\/2025\/05\/Stau-1-2000x1500.jpeg\" alt=\"\" class=\"wp-image-20699\" srcset=\"https:\/\/regese.ch\/fussball\/wp-content\/uploads\/2025\/05\/Stau-1-2000x1500.jpeg 2000w, https:\/\/regese.ch\/fussball\/wp-content\/uploads\/2025\/05\/Stau-1-300x225.jpeg 300w, https:\/\/regese.ch\/fussball\/wp-content\/uploads\/2025\/05\/Stau-1-150x113.jpeg 150w, https:\/\/regese.ch\/fussball\/wp-content\/uploads\/2025\/05\/Stau-1-768x576.jpeg 768w, https:\/\/regese.ch\/fussball\/wp-content\/uploads\/2025\/05\/Stau-1-1536x1152.jpeg 1536w, https:\/\/regese.ch\/fussball\/wp-content\/uploads\/2025\/05\/Stau-1-128x96.jpeg 128w, https:\/\/regese.ch\/fussball\/wp-content\/uploads\/2025\/05\/Stau-1-32x24.jpeg 32w, https:\/\/regese.ch\/fussball\/wp-content\/uploads\/2025\/05\/Stau-1.jpeg 2048w\" sizes=\"auto, (max-width: 2000px) 100vw, 2000px\" \/><\/figure>\n\n\n\n<p>Nach einer nervenaufreibenden Anfahrt im Schneckentempo traf der Fanbus kurz nach Spielbeginn doch noch auf der Bodenweid in Bern ein. Rund 1600 Zuschauer sorgten f\u00fcr eine tolle Ambiance. <\/p>\n\n\n\n<figure class=\"wp-block-image size-full\"><img loading=\"lazy\" decoding=\"async\" width=\"2000\" height=\"1333\" src=\"https:\/\/regese.ch\/fussball\/wp-content\/uploads\/2025\/05\/FC-Prishtina-FCK05_28-05-25-43.jpg\" alt=\"\" class=\"wp-image-20650\" srcset=\"https:\/\/regese.ch\/fussball\/wp-content\/uploads\/2025\/05\/FC-Prishtina-FCK05_28-05-25-43.jpg 2000w, https:\/\/regese.ch\/fussball\/wp-content\/uploads\/2025\/05\/FC-Prishtina-FCK05_28-05-25-43-300x200.jpg 300w, https:\/\/regese.ch\/fussball\/wp-content\/uploads\/2025\/05\/FC-Prishtina-FCK05_28-05-25-43-150x100.jpg 150w, https:\/\/regese.ch\/fussball\/wp-content\/uploads\/2025\/05\/FC-Prishtina-FCK05_28-05-25-43-768x512.jpg 768w, https:\/\/regese.ch\/fussball\/wp-content\/uploads\/2025\/05\/FC-Prishtina-FCK05_28-05-25-43-1536x1024.jpg 1536w, https:\/\/regese.ch\/fussball\/wp-content\/uploads\/2025\/05\/FC-Prishtina-FCK05_28-05-25-43-128x85.jpg 128w, https:\/\/regese.ch\/fussball\/wp-content\/uploads\/2025\/05\/FC-Prishtina-FCK05_28-05-25-43-32x21.jpg 32w\" sizes=\"auto, (max-width: 2000px) 100vw, 2000px\" \/><\/figure>\n\n\n\n<p>Rund 100 FCK-Fans waren ebenfalls vor Ort und unterst\u00fctzten unseren FCK lautstark.<\/p>\n\n\n\n<figure class=\"wp-block-image size-full\"><img loading=\"lazy\" decoding=\"async\" width=\"2000\" height=\"1333\" src=\"https:\/\/regese.ch\/fussball\/wp-content\/uploads\/2025\/05\/FC-Prishtina-FCK05_28-05-25-11.jpg\" alt=\"\" class=\"wp-image-20619\" srcset=\"https:\/\/regese.ch\/fussball\/wp-content\/uploads\/2025\/05\/FC-Prishtina-FCK05_28-05-25-11.jpg 2000w, https:\/\/regese.ch\/fussball\/wp-content\/uploads\/2025\/05\/FC-Prishtina-FCK05_28-05-25-11-300x200.jpg 300w, https:\/\/regese.ch\/fussball\/wp-content\/uploads\/2025\/05\/FC-Prishtina-FCK05_28-05-25-11-150x100.jpg 150w, https:\/\/regese.ch\/fussball\/wp-content\/uploads\/2025\/05\/FC-Prishtina-FCK05_28-05-25-11-768x512.jpg 768w, https:\/\/regese.ch\/fussball\/wp-content\/uploads\/2025\/05\/FC-Prishtina-FCK05_28-05-25-11-1536x1024.jpg 1536w, https:\/\/regese.ch\/fussball\/wp-content\/uploads\/2025\/05\/FC-Prishtina-FCK05_28-05-25-11-128x85.jpg 128w, https:\/\/regese.ch\/fussball\/wp-content\/uploads\/2025\/05\/FC-Prishtina-FCK05_28-05-25-11-32x21.jpg 32w\" sizes=\"auto, (max-width: 2000px) 100vw, 2000px\" \/><\/figure>\n\n\n\n<p>Die beiden ambitionierten Teams schenkten sich gleich von Beginn an nichts und suchten den Torerfolg. <\/p>\n\n\n\n<figure class=\"wp-block-image size-full\"><img loading=\"lazy\" decoding=\"async\" width=\"2000\" height=\"1333\" src=\"https:\/\/regese.ch\/fussball\/wp-content\/uploads\/2025\/05\/FC-Prishtina-FCK05_28-05-25-6.jpg\" alt=\"\" class=\"wp-image-20614\" srcset=\"https:\/\/regese.ch\/fussball\/wp-content\/uploads\/2025\/05\/FC-Prishtina-FCK05_28-05-25-6.jpg 2000w, https:\/\/regese.ch\/fussball\/wp-content\/uploads\/2025\/05\/FC-Prishtina-FCK05_28-05-25-6-300x200.jpg 300w, https:\/\/regese.ch\/fussball\/wp-content\/uploads\/2025\/05\/FC-Prishtina-FCK05_28-05-25-6-150x100.jpg 150w, https:\/\/regese.ch\/fussball\/wp-content\/uploads\/2025\/05\/FC-Prishtina-FCK05_28-05-25-6-768x512.jpg 768w, https:\/\/regese.ch\/fussball\/wp-content\/uploads\/2025\/05\/FC-Prishtina-FCK05_28-05-25-6-1536x1024.jpg 1536w, https:\/\/regese.ch\/fussball\/wp-content\/uploads\/2025\/05\/FC-Prishtina-FCK05_28-05-25-6-128x85.jpg 128w, https:\/\/regese.ch\/fussball\/wp-content\/uploads\/2025\/05\/FC-Prishtina-FCK05_28-05-25-6-32x21.jpg 32w\" sizes=\"auto, (max-width: 2000px) 100vw, 2000px\" \/><\/figure>\n\n\n\n<p>Torszenen im Minutentakt verwirrten wohl den <a href=\"https:\/\/matchcenter.el-pl.ch\/default.aspx?oid=3&amp;lng=1&amp;v=1787&amp;tg=4143556\" target=\"_blank\" rel=\"noreferrer noopener\">Live-Ticker<\/a>&#8230; <\/p>\n\n\n\n<figure class=\"wp-block-image size-full\"><img loading=\"lazy\" decoding=\"async\" width=\"2000\" height=\"1333\" src=\"https:\/\/regese.ch\/fussball\/wp-content\/uploads\/2025\/05\/FC-Prishtina-FCK05_28-05-25-16.jpg\" alt=\"\" class=\"wp-image-20624\" srcset=\"https:\/\/regese.ch\/fussball\/wp-content\/uploads\/2025\/05\/FC-Prishtina-FCK05_28-05-25-16.jpg 2000w, https:\/\/regese.ch\/fussball\/wp-content\/uploads\/2025\/05\/FC-Prishtina-FCK05_28-05-25-16-300x200.jpg 300w, https:\/\/regese.ch\/fussball\/wp-content\/uploads\/2025\/05\/FC-Prishtina-FCK05_28-05-25-16-150x100.jpg 150w, https:\/\/regese.ch\/fussball\/wp-content\/uploads\/2025\/05\/FC-Prishtina-FCK05_28-05-25-16-768x512.jpg 768w, https:\/\/regese.ch\/fussball\/wp-content\/uploads\/2025\/05\/FC-Prishtina-FCK05_28-05-25-16-1536x1024.jpg 1536w, https:\/\/regese.ch\/fussball\/wp-content\/uploads\/2025\/05\/FC-Prishtina-FCK05_28-05-25-16-128x85.jpg 128w, https:\/\/regese.ch\/fussball\/wp-content\/uploads\/2025\/05\/FC-Prishtina-FCK05_28-05-25-16-32x21.jpg 32w\" sizes=\"auto, (max-width: 2000px) 100vw, 2000px\" \/><\/figure>\n\n\n\n<p>Als in der 26. Minute Adrian Rama-Bitterfeld einen Freistoss von der Strafraumgrenze an den Pfosten h\u00e4mmerte, <\/p>\n\n\n\n<figure class=\"wp-block-video\"><video height=\"480\" style=\"aspect-ratio: 848 \/ 480;\" width=\"848\" controls src=\"https:\/\/regese.ch\/fussball\/wp-content\/uploads\/2025\/05\/Freistoss-Adi.mp4\"><\/video><\/figure>\n\n\n\n<p>&#8230; reagierte Uche am schnellsten und spedierte das Leder ins Netz! Danke f\u00fcr das Video, Bujar!<\/p>\n\n\n\n<figure class=\"wp-block-image size-full\"><img loading=\"lazy\" decoding=\"async\" width=\"2000\" height=\"1333\" src=\"https:\/\/regese.ch\/fussball\/wp-content\/uploads\/2025\/05\/FC-Prishtina-FCK05_28-05-25-33.jpg\" alt=\"\" class=\"wp-image-20641\" srcset=\"https:\/\/regese.ch\/fussball\/wp-content\/uploads\/2025\/05\/FC-Prishtina-FCK05_28-05-25-33.jpg 2000w, https:\/\/regese.ch\/fussball\/wp-content\/uploads\/2025\/05\/FC-Prishtina-FCK05_28-05-25-33-300x200.jpg 300w, https:\/\/regese.ch\/fussball\/wp-content\/uploads\/2025\/05\/FC-Prishtina-FCK05_28-05-25-33-150x100.jpg 150w, https:\/\/regese.ch\/fussball\/wp-content\/uploads\/2025\/05\/FC-Prishtina-FCK05_28-05-25-33-768x512.jpg 768w, https:\/\/regese.ch\/fussball\/wp-content\/uploads\/2025\/05\/FC-Prishtina-FCK05_28-05-25-33-1536x1024.jpg 1536w, https:\/\/regese.ch\/fussball\/wp-content\/uploads\/2025\/05\/FC-Prishtina-FCK05_28-05-25-33-128x85.jpg 128w, https:\/\/regese.ch\/fussball\/wp-content\/uploads\/2025\/05\/FC-Prishtina-FCK05_28-05-25-33-32x21.jpg 32w\" sizes=\"auto, (max-width: 2000px) 100vw, 2000px\" \/><\/figure>\n\n\n\n<p>Das Heimteam brauchte einen Moment, um diese bittere Pille zu schlucken, drehte aber in den letzten 10 Minuten der ersten Halbzeit stark auf und kam zu einigen hochkar\u00e4tigen Chancen, &#8230; <\/p>\n\n\n\n<figure class=\"wp-block-image size-full\"><img loading=\"lazy\" decoding=\"async\" width=\"2000\" height=\"1333\" src=\"https:\/\/regese.ch\/fussball\/wp-content\/uploads\/2025\/05\/FC-Prishtina-FCK05_28-05-25-32.jpg\" alt=\"\" class=\"wp-image-20640\" srcset=\"https:\/\/regese.ch\/fussball\/wp-content\/uploads\/2025\/05\/FC-Prishtina-FCK05_28-05-25-32.jpg 2000w, https:\/\/regese.ch\/fussball\/wp-content\/uploads\/2025\/05\/FC-Prishtina-FCK05_28-05-25-32-300x200.jpg 300w, https:\/\/regese.ch\/fussball\/wp-content\/uploads\/2025\/05\/FC-Prishtina-FCK05_28-05-25-32-150x100.jpg 150w, https:\/\/regese.ch\/fussball\/wp-content\/uploads\/2025\/05\/FC-Prishtina-FCK05_28-05-25-32-768x512.jpg 768w, https:\/\/regese.ch\/fussball\/wp-content\/uploads\/2025\/05\/FC-Prishtina-FCK05_28-05-25-32-1536x1024.jpg 1536w, https:\/\/regese.ch\/fussball\/wp-content\/uploads\/2025\/05\/FC-Prishtina-FCK05_28-05-25-32-128x85.jpg 128w, https:\/\/regese.ch\/fussball\/wp-content\/uploads\/2025\/05\/FC-Prishtina-FCK05_28-05-25-32-32x21.jpg 32w\" sizes=\"auto, (max-width: 2000px) 100vw, 2000px\" \/><\/figure>\n\n\n\n<p>&#8230; die zum Gl\u00fcck nicht verwertet werden konnten oder durch unseren Schlussmann Felle zunichte gemacht wurden. <\/p>\n\n\n\n<figure class=\"wp-block-image size-full\"><img loading=\"lazy\" decoding=\"async\" width=\"2000\" height=\"1333\" src=\"https:\/\/regese.ch\/fussball\/wp-content\/uploads\/2025\/05\/FC-Prishtina-FCK05_28-05-25-45.jpg\" alt=\"\" class=\"wp-image-20652\" srcset=\"https:\/\/regese.ch\/fussball\/wp-content\/uploads\/2025\/05\/FC-Prishtina-FCK05_28-05-25-45.jpg 2000w, https:\/\/regese.ch\/fussball\/wp-content\/uploads\/2025\/05\/FC-Prishtina-FCK05_28-05-25-45-300x200.jpg 300w, https:\/\/regese.ch\/fussball\/wp-content\/uploads\/2025\/05\/FC-Prishtina-FCK05_28-05-25-45-150x100.jpg 150w, https:\/\/regese.ch\/fussball\/wp-content\/uploads\/2025\/05\/FC-Prishtina-FCK05_28-05-25-45-768x512.jpg 768w, https:\/\/regese.ch\/fussball\/wp-content\/uploads\/2025\/05\/FC-Prishtina-FCK05_28-05-25-45-1536x1024.jpg 1536w, https:\/\/regese.ch\/fussball\/wp-content\/uploads\/2025\/05\/FC-Prishtina-FCK05_28-05-25-45-128x85.jpg 128w, https:\/\/regese.ch\/fussball\/wp-content\/uploads\/2025\/05\/FC-Prishtina-FCK05_28-05-25-45-32x21.jpg 32w\" sizes=\"auto, (max-width: 2000px) 100vw, 2000px\" \/><\/figure>\n\n\n\n<p>Nach der Pause dr\u00fcckte der FC Prishtina vehement auf den Ausgleichstreffer, was aber zu Konterchancen f\u00fchrte. <\/p>\n\n\n\n<figure class=\"wp-block-image size-full\"><img loading=\"lazy\" decoding=\"async\" width=\"2000\" height=\"1333\" src=\"https:\/\/regese.ch\/fussball\/wp-content\/uploads\/2025\/05\/FC-Prishtina-FCK05_28-05-25-56.jpg\" alt=\"\" class=\"wp-image-20663\" srcset=\"https:\/\/regese.ch\/fussball\/wp-content\/uploads\/2025\/05\/FC-Prishtina-FCK05_28-05-25-56.jpg 2000w, https:\/\/regese.ch\/fussball\/wp-content\/uploads\/2025\/05\/FC-Prishtina-FCK05_28-05-25-56-300x200.jpg 300w, https:\/\/regese.ch\/fussball\/wp-content\/uploads\/2025\/05\/FC-Prishtina-FCK05_28-05-25-56-150x100.jpg 150w, https:\/\/regese.ch\/fussball\/wp-content\/uploads\/2025\/05\/FC-Prishtina-FCK05_28-05-25-56-768x512.jpg 768w, https:\/\/regese.ch\/fussball\/wp-content\/uploads\/2025\/05\/FC-Prishtina-FCK05_28-05-25-56-1536x1024.jpg 1536w, https:\/\/regese.ch\/fussball\/wp-content\/uploads\/2025\/05\/FC-Prishtina-FCK05_28-05-25-56-128x85.jpg 128w, https:\/\/regese.ch\/fussball\/wp-content\/uploads\/2025\/05\/FC-Prishtina-FCK05_28-05-25-56-32x21.jpg 32w\" sizes=\"auto, (max-width: 2000px) 100vw, 2000px\" \/><\/figure>\n\n\n\n<p>In der 59. Minute wurde der mitgelaufene Adrian Rama-Bitterfeld perfekt angespielt, der sich diese Chance nicht nehmen liess und zur 2:0-F\u00fchrung einschob.<\/p>\n\n\n\n<figure class=\"wp-block-image size-full\"><img loading=\"lazy\" decoding=\"async\" width=\"2000\" height=\"1333\" src=\"https:\/\/regese.ch\/fussball\/wp-content\/uploads\/2025\/05\/FC-Prishtina-FCK05_28-05-25-73.jpg\" alt=\"\" class=\"wp-image-20680\" srcset=\"https:\/\/regese.ch\/fussball\/wp-content\/uploads\/2025\/05\/FC-Prishtina-FCK05_28-05-25-73.jpg 2000w, https:\/\/regese.ch\/fussball\/wp-content\/uploads\/2025\/05\/FC-Prishtina-FCK05_28-05-25-73-300x200.jpg 300w, https:\/\/regese.ch\/fussball\/wp-content\/uploads\/2025\/05\/FC-Prishtina-FCK05_28-05-25-73-150x100.jpg 150w, https:\/\/regese.ch\/fussball\/wp-content\/uploads\/2025\/05\/FC-Prishtina-FCK05_28-05-25-73-768x512.jpg 768w\" sizes=\"auto, (max-width: 2000px) 100vw, 2000px\" \/><\/figure>\n\n\n\n<p>Nun entwickelte sich eine Abn\u00fctzungsschlacht. Das Heimteam suchte den Anschlusstreffer, aber blieb an unserer Defensive, die erneut ein starkes Spiel zeigte, h\u00e4ngen. <\/p>\n\n\n\n<figure class=\"wp-block-image size-full\"><img loading=\"lazy\" decoding=\"async\" width=\"2000\" height=\"1333\" src=\"https:\/\/regese.ch\/fussball\/wp-content\/uploads\/2025\/05\/FC-Prishtina-FCK05_28-05-25-68.jpg\" alt=\"\" class=\"wp-image-20675\" srcset=\"https:\/\/regese.ch\/fussball\/wp-content\/uploads\/2025\/05\/FC-Prishtina-FCK05_28-05-25-68.jpg 2000w, https:\/\/regese.ch\/fussball\/wp-content\/uploads\/2025\/05\/FC-Prishtina-FCK05_28-05-25-68-300x200.jpg 300w, https:\/\/regese.ch\/fussball\/wp-content\/uploads\/2025\/05\/FC-Prishtina-FCK05_28-05-25-68-150x100.jpg 150w, https:\/\/regese.ch\/fussball\/wp-content\/uploads\/2025\/05\/FC-Prishtina-FCK05_28-05-25-68-768x512.jpg 768w, https:\/\/regese.ch\/fussball\/wp-content\/uploads\/2025\/05\/FC-Prishtina-FCK05_28-05-25-68-1536x1024.jpg 1536w, https:\/\/regese.ch\/fussball\/wp-content\/uploads\/2025\/05\/FC-Prishtina-FCK05_28-05-25-68-128x85.jpg 128w, https:\/\/regese.ch\/fussball\/wp-content\/uploads\/2025\/05\/FC-Prishtina-FCK05_28-05-25-68-32x21.jpg 32w\" sizes=\"auto, (max-width: 2000px) 100vw, 2000px\" \/><\/figure>\n\n\n\n<p>Dank einer geschlossenen Mannschaftsleistung &#8211; einer f\u00fcr alle &#8211; alle f\u00fcr einen &#8211; r\u00fcckte der Vollerfolg immer n\u00e4her. <\/p>\n\n\n\n<figure class=\"wp-block-image size-full\"><img loading=\"lazy\" decoding=\"async\" width=\"2000\" height=\"1333\" src=\"https:\/\/regese.ch\/fussball\/wp-content\/uploads\/2025\/05\/FC-Prishtina-FCK05_28-05-25-76.jpg\" alt=\"\" class=\"wp-image-20683\" srcset=\"https:\/\/regese.ch\/fussball\/wp-content\/uploads\/2025\/05\/FC-Prishtina-FCK05_28-05-25-76.jpg 2000w, https:\/\/regese.ch\/fussball\/wp-content\/uploads\/2025\/05\/FC-Prishtina-FCK05_28-05-25-76-300x200.jpg 300w, https:\/\/regese.ch\/fussball\/wp-content\/uploads\/2025\/05\/FC-Prishtina-FCK05_28-05-25-76-150x100.jpg 150w, https:\/\/regese.ch\/fussball\/wp-content\/uploads\/2025\/05\/FC-Prishtina-FCK05_28-05-25-76-768x512.jpg 768w, https:\/\/regese.ch\/fussball\/wp-content\/uploads\/2025\/05\/FC-Prishtina-FCK05_28-05-25-76-1536x1024.jpg 1536w, https:\/\/regese.ch\/fussball\/wp-content\/uploads\/2025\/05\/FC-Prishtina-FCK05_28-05-25-76-128x85.jpg 128w, https:\/\/regese.ch\/fussball\/wp-content\/uploads\/2025\/05\/FC-Prishtina-FCK05_28-05-25-76-32x21.jpg 32w\" sizes=\"auto, (max-width: 2000px) 100vw, 2000px\" \/><\/figure>\n\n\n\n<p>Doch der Fussballgott schaltete sich nochmals ein und sorgte mit einem sehr strengen Elfmeterpfiff f\u00fcr pure Dramatik!<\/p>\n\n\n\n\n\n\n\n<p>Fabian Fellmann ahnte die richtige Ecke und wehrte den Penalty b\u00e4renstark ab und der Schiedsrichter pfiff das Spiel ab! Siiiiieg!<\/p>\n\n\n\n<figure class=\"wp-block-image size-full\"><img loading=\"lazy\" decoding=\"async\" width=\"2000\" height=\"1333\" src=\"https:\/\/regese.ch\/fussball\/wp-content\/uploads\/2025\/05\/FC-Prishtina-FCK05_28-05-25-78.jpg\" alt=\"\" class=\"wp-image-20685\" srcset=\"https:\/\/regese.ch\/fussball\/wp-content\/uploads\/2025\/05\/FC-Prishtina-FCK05_28-05-25-78.jpg 2000w, https:\/\/regese.ch\/fussball\/wp-content\/uploads\/2025\/05\/FC-Prishtina-FCK05_28-05-25-78-300x200.jpg 300w, https:\/\/regese.ch\/fussball\/wp-content\/uploads\/2025\/05\/FC-Prishtina-FCK05_28-05-25-78-150x100.jpg 150w, https:\/\/regese.ch\/fussball\/wp-content\/uploads\/2025\/05\/FC-Prishtina-FCK05_28-05-25-78-768x512.jpg 768w, https:\/\/regese.ch\/fussball\/wp-content\/uploads\/2025\/05\/FC-Prishtina-FCK05_28-05-25-78-1536x1024.jpg 1536w, https:\/\/regese.ch\/fussball\/wp-content\/uploads\/2025\/05\/FC-Prishtina-FCK05_28-05-25-78-128x85.jpg 128w, https:\/\/regese.ch\/fussball\/wp-content\/uploads\/2025\/05\/FC-Prishtina-FCK05_28-05-25-78-32x21.jpg 32w\" sizes=\"auto, (max-width: 2000px) 100vw, 2000px\" \/><\/figure>\n\n\n\n<p>Der Vollerfolg ist das Resultat einer hervorragenden k\u00e4mpferischen und taktischen Meisterleistung und l\u00e4sst uns von weiteren Erfolgen tr\u00e4umen &#8211; weiter so: hopp FCK 05! Wir freuen uns auf das kommende Spiel am Samstag in der EC Technik REMU Arena.<\/p>\n\n\n\n<p>Hier das <a href=\"https:\/\/matchcenter.el-pl.ch\/default.aspx?oid=3&amp;lng=1&amp;v=1787&amp;tg=4143556\">Matchtelegram<\/a>, der <a href=\"https:\/\/www.fck-1905.ch\/alles-oder-nichts-das-tor-zum-finale-steht-offen\/\" target=\"_blank\" rel=\"noreferrer noopener\">Bericht des FCK 0<\/a>5 und der Blog des <a href=\"https:\/\/www.hafetschutter.ch\/2525803_fc-kreuzlingen-ist-1-liga-gruppenmeister-24-25\">Hafets<\/a><a href=\"https:\/\/www.hafetschutter.ch\/2525803_fc-kreuzlingen-ist-1-liga-gruppenmeister-24-25\" target=\"_blank\" rel=\"noreferrer noopener\">c<\/a><a href=\"https:\/\/www.hafetschutter.ch\/2533775_playoff-baerenstarker-2-0-sieg-bei-prishtina-bern\" target=\"_blank\" rel=\"noreferrer noopener\">hutter<\/a>. Der Bericht der ThurgauerZeitung, die vor Ort war,ist nach der Galerie lesbar.<\/p>\n\n\n\n<div class=\"wp-block-envira-envira-gallery\"><div id=\"envira-gallery-wrap-20702\" class=\"envira-gallery-wrap envira-lazy-loading-enabled envira-layout-mason envira-gallery-theme-base\" itemscope itemtype=\"https:\/\/schema.org\/ImageGallery\"><div class=\"envira-loader\"><div><\/div><div><\/div><div><\/div><div><\/div><\/div><div id=\"envira-gallery-20702\" class=\"envira-gallery-public envira-gallery-2-columns envira-clear enviratope\" data-envira-id=\"20702\" data-gallery-config='{\"sort_order\":\"date\",\"type\":\"default\",\"layout\":\"mason\",\"columns\":\"2\",\"gallery_theme\":\"base\",\"justified_margins\":10,\"justified_last_row\":\"nojustify\",\"lazy_loading\":1,\"lazy_loading_delay\":500,\"gutter\":10,\"gutter_mobile\":0,\"margin\":10,\"image_size\":\"default\",\"square_size\":300,\"crop_width\":640,\"crop_height\":480,\"crop\":0,\"crop_position\":\"c\",\"show_more_text\":\"Click for more\",\"additional_copy_0\":0,\"additional_copy_title\":0,\"additional_copy_caption\":0,\"additional_copy_title_caption\":0,\"additional_copy_0_mobile\":0,\"additional_copy_title_mobile\":0,\"additional_copy_caption_mobile\":0,\"additional_copy_title_caption_mobile\":0,\"gallery_column_title_caption\":\"0\",\"gallery_column_title_caption_mobile\":\"0\",\"additional_copy_automatic_0\":0,\"additional_copy_automatic_title\":0,\"additional_copy_automatic_caption\":0,\"additional_copy_automatic_title_caption\":0,\"additional_copy_automatic_0_mobile\":0,\"additional_copy_automatic_title_mobile\":0,\"additional_copy_automatic_caption_mobile\":0,\"additional_copy_automatic_title_caption_mobile\":0,\"gallery_automatic_title_caption\":\"0\",\"gallery_automatic_title_caption_mobile\":\"0\",\"justified_row_height\":150,\"description_position\":\"0\",\"description\":\"\",\"random\":\"date\",\"sorting_direction\":\"ASC\",\"image_sizes_random\":[],\"isotope\":true,\"lightbox_enabled\":1,\"gallery_link_enabled\":1,\"lightbox_theme\":\"base_dark\",\"lightbox_image_size\":\"default\",\"title_display\":\"float\",\"lightbox_title_caption\":\"title\",\"arrows\":1,\"arrows_position\":\"inside\",\"toolbar\":0,\"toolbar_title\":0,\"toolbar_position\":\"top\",\"loop\":1,\"lightbox_open_close_effect\":\"fade\",\"effect\":\"fade\",\"supersize\":0,\"thumbnails_toggle\":0,\"thumbnails_hide\":0,\"image_counter\":0,\"lightbox_html_caption\":0,\"thumbnails\":1,\"thumbnails_width\":\"auto\",\"thumbnails_height\":\"auto\",\"thumbnails_position\":\"bottom\",\"thumbnails_custom_size\":0,\"mobile\":1,\"mobile_width\":320,\"mobile_height\":240,\"mobile_lightbox\":1,\"mobile_gallery_link_enabled\":0,\"mobile_arrows\":1,\"mobile_toolbar\":1,\"mobile_thumbnails\":1,\"mobile_touchwipe_close\":0,\"mobile_thumbnails_width\":75,\"mobile_thumbnails_height\":50,\"mobile_justified_row_height\":80,\"keyboard\":true,\"standalone_template\":\"\",\"classes\":[\"\"],\"rtl\":0,\"slug\":\"20702\",\"title\":\"\",\"gallery_id\":\"20702\"}' data-gallery-images='[{\"status\":\"active\",\"src\":\"https:\\\/\\\/regese.ch\\\/fussball\\\/wp-content\\\/uploads\\\/2025\\\/05\\\/FC-Prishtina-FCK05_28-05-25-1.jpg\",\"title\":\"FC Prishtina - FCK05_28-05-25-1\",\"link\":\"https:\\\/\\\/regese.ch\\\/fussball\\\/wp-content\\\/uploads\\\/2025\\\/05\\\/FC-Prishtina-FCK05_28-05-25-1.jpg\",\"alt\":\"\",\"caption\":false,\"thumb\":\"https:\\\/\\\/regese.ch\\\/fussball\\\/wp-content\\\/uploads\\\/2025\\\/05\\\/FC-Prishtina-FCK05_28-05-25-1-75x50_c.jpg\",\"meta\":{\"aperture\":\"7.1\",\"credit\":null,\"camera\":\"Canon EOS R6\",\"caption\":\"\",\"created_timestamp\":\"1748457044\",\"copyright\":null,\"focal_length\":\"148\",\"iso\":\"6400\",\"shutter_speed\":\"0.001\",\"title\":\"\",\"orientation\":null,\"keywords\":null,\"resized_images\":null},\"thumbnail\":\"https:\\\/\\\/regese.ch\\\/fussball\\\/wp-content\\\/uploads\\\/2025\\\/05\\\/FC-Prishtina-FCK05_28-05-25-1-150x100.jpg\",\"medium\":\"https:\\\/\\\/regese.ch\\\/fussball\\\/wp-content\\\/uploads\\\/2025\\\/05\\\/FC-Prishtina-FCK05_28-05-25-1-300x200.jpg\",\"medium_large\":\"https:\\\/\\\/regese.ch\\\/fussball\\\/wp-content\\\/uploads\\\/2025\\\/05\\\/FC-Prishtina-FCK05_28-05-25-1-768x512.jpg\",\"large\":\"https:\\\/\\\/regese.ch\\\/fussball\\\/wp-content\\\/uploads\\\/2025\\\/05\\\/FC-Prishtina-FCK05_28-05-25-1.jpg\",\"1536x1536\":\"https:\\\/\\\/regese.ch\\\/fussball\\\/wp-content\\\/uploads\\\/2025\\\/05\\\/FC-Prishtina-FCK05_28-05-25-1-1536x1024.jpg\",\"2048x2048\":\"https:\\\/\\\/regese.ch\\\/fussball\\\/wp-content\\\/uploads\\\/2025\\\/05\\\/FC-Prishtina-FCK05_28-05-25-1.jpg\",\"sportspress-crop-medium\":\"https:\\\/\\\/regese.ch\\\/fussball\\\/wp-content\\\/uploads\\\/2025\\\/05\\\/FC-Prishtina-FCK05_28-05-25-1-300x300.jpg\",\"sportspress-fit-medium\":\"https:\\\/\\\/regese.ch\\\/fussball\\\/wp-content\\\/uploads\\\/2025\\\/05\\\/FC-Prishtina-FCK05_28-05-25-1-300x200.jpg\",\"sportspress-fit-icon\":\"https:\\\/\\\/regese.ch\\\/fussball\\\/wp-content\\\/uploads\\\/2025\\\/05\\\/FC-Prishtina-FCK05_28-05-25-1-128x85.jpg\",\"sportspress-fit-mini\":\"https:\\\/\\\/regese.ch\\\/fussball\\\/wp-content\\\/uploads\\\/2025\\\/05\\\/FC-Prishtina-FCK05_28-05-25-1-32x21.jpg\",\"full\":\"https:\\\/\\\/regese.ch\\\/fussball\\\/wp-content\\\/uploads\\\/2025\\\/05\\\/FC-Prishtina-FCK05_28-05-25-1.jpg\",\"index\":0,\"id\":20609,\"video\":false,\"opts\":{\"caption\":\"\",\"thumb\":\"https:\\\/\\\/regese.ch\\\/fussball\\\/wp-content\\\/uploads\\\/2025\\\/05\\\/FC-Prishtina-FCK05_28-05-25-1-75x50_c.jpg\",\"title\":\"FC Prishtina - FCK05_28-05-25-1\"},\"gallery_id\":\"20702\"},{\"status\":\"active\",\"src\":\"https:\\\/\\\/regese.ch\\\/fussball\\\/wp-content\\\/uploads\\\/2025\\\/05\\\/FC-Prishtina-FCK05_28-05-25-2.jpg\",\"title\":\"FC Prishtina - FCK05_28-05-25-2\",\"link\":\"https:\\\/\\\/regese.ch\\\/fussball\\\/wp-content\\\/uploads\\\/2025\\\/05\\\/FC-Prishtina-FCK05_28-05-25-2.jpg\",\"alt\":\"\",\"caption\":false,\"thumb\":\"https:\\\/\\\/regese.ch\\\/fussball\\\/wp-content\\\/uploads\\\/2025\\\/05\\\/FC-Prishtina-FCK05_28-05-25-2-75x50_c.jpg\",\"meta\":{\"aperture\":\"7.1\",\"credit\":null,\"camera\":\"Canon EOS R6\",\"caption\":\"\",\"created_timestamp\":\"1748457181\",\"copyright\":null,\"focal_length\":\"321\",\"iso\":\"5000\",\"shutter_speed\":\"0.001\",\"title\":\"\",\"orientation\":null,\"keywords\":null,\"resized_images\":null},\"thumbnail\":\"https:\\\/\\\/regese.ch\\\/fussball\\\/wp-content\\\/uploads\\\/2025\\\/05\\\/FC-Prishtina-FCK05_28-05-25-2-150x100.jpg\",\"medium\":\"https:\\\/\\\/regese.ch\\\/fussball\\\/wp-content\\\/uploads\\\/2025\\\/05\\\/FC-Prishtina-FCK05_28-05-25-2-300x200.jpg\",\"medium_large\":\"https:\\\/\\\/regese.ch\\\/fussball\\\/wp-content\\\/uploads\\\/2025\\\/05\\\/FC-Prishtina-FCK05_28-05-25-2-768x512.jpg\",\"large\":\"https:\\\/\\\/regese.ch\\\/fussball\\\/wp-content\\\/uploads\\\/2025\\\/05\\\/FC-Prishtina-FCK05_28-05-25-2.jpg\",\"1536x1536\":\"https:\\\/\\\/regese.ch\\\/fussball\\\/wp-content\\\/uploads\\\/2025\\\/05\\\/FC-Prishtina-FCK05_28-05-25-2-1536x1024.jpg\",\"2048x2048\":\"https:\\\/\\\/regese.ch\\\/fussball\\\/wp-content\\\/uploads\\\/2025\\\/05\\\/FC-Prishtina-FCK05_28-05-25-2.jpg\",\"sportspress-crop-medium\":\"https:\\\/\\\/regese.ch\\\/fussball\\\/wp-content\\\/uploads\\\/2025\\\/05\\\/FC-Prishtina-FCK05_28-05-25-2-300x300.jpg\",\"sportspress-fit-medium\":\"https:\\\/\\\/regese.ch\\\/fussball\\\/wp-content\\\/uploads\\\/2025\\\/05\\\/FC-Prishtina-FCK05_28-05-25-2-300x200.jpg\",\"sportspress-fit-icon\":\"https:\\\/\\\/regese.ch\\\/fussball\\\/wp-content\\\/uploads\\\/2025\\\/05\\\/FC-Prishtina-FCK05_28-05-25-2-128x85.jpg\",\"sportspress-fit-mini\":\"https:\\\/\\\/regese.ch\\\/fussball\\\/wp-content\\\/uploads\\\/2025\\\/05\\\/FC-Prishtina-FCK05_28-05-25-2-32x21.jpg\",\"full\":\"https:\\\/\\\/regese.ch\\\/fussball\\\/wp-content\\\/uploads\\\/2025\\\/05\\\/FC-Prishtina-FCK05_28-05-25-2.jpg\",\"index\":1,\"id\":20610,\"video\":false,\"opts\":{\"caption\":\"\",\"thumb\":\"https:\\\/\\\/regese.ch\\\/fussball\\\/wp-content\\\/uploads\\\/2025\\\/05\\\/FC-Prishtina-FCK05_28-05-25-2-75x50_c.jpg\",\"title\":\"FC Prishtina - FCK05_28-05-25-2\"},\"gallery_id\":\"20702\"},{\"status\":\"active\",\"src\":\"https:\\\/\\\/regese.ch\\\/fussball\\\/wp-content\\\/uploads\\\/2025\\\/05\\\/FC-Prishtina-FCK05_28-05-25-3.jpg\",\"title\":\"FC Prishtina - FCK05_28-05-25-3\",\"link\":\"https:\\\/\\\/regese.ch\\\/fussball\\\/wp-content\\\/uploads\\\/2025\\\/05\\\/FC-Prishtina-FCK05_28-05-25-3.jpg\",\"alt\":\"\",\"caption\":false,\"thumb\":\"https:\\\/\\\/regese.ch\\\/fussball\\\/wp-content\\\/uploads\\\/2025\\\/05\\\/FC-Prishtina-FCK05_28-05-25-3-75x50_c.jpg\",\"meta\":{\"aperture\":\"7.1\",\"credit\":null,\"camera\":\"Canon EOS R6\",\"caption\":\"\",\"created_timestamp\":\"1748457185\",\"copyright\":null,\"focal_length\":\"321\",\"iso\":\"8000\",\"shutter_speed\":\"0.001\",\"title\":\"\",\"orientation\":null,\"keywords\":null,\"resized_images\":null},\"thumbnail\":\"https:\\\/\\\/regese.ch\\\/fussball\\\/wp-content\\\/uploads\\\/2025\\\/05\\\/FC-Prishtina-FCK05_28-05-25-3-150x100.jpg\",\"medium\":\"https:\\\/\\\/regese.ch\\\/fussball\\\/wp-content\\\/uploads\\\/2025\\\/05\\\/FC-Prishtina-FCK05_28-05-25-3-300x200.jpg\",\"medium_large\":\"https:\\\/\\\/regese.ch\\\/fussball\\\/wp-content\\\/uploads\\\/2025\\\/05\\\/FC-Prishtina-FCK05_28-05-25-3-768x512.jpg\",\"large\":\"https:\\\/\\\/regese.ch\\\/fussball\\\/wp-content\\\/uploads\\\/2025\\\/05\\\/FC-Prishtina-FCK05_28-05-25-3.jpg\",\"1536x1536\":\"https:\\\/\\\/regese.ch\\\/fussball\\\/wp-content\\\/uploads\\\/2025\\\/05\\\/FC-Prishtina-FCK05_28-05-25-3-1536x1024.jpg\",\"2048x2048\":\"https:\\\/\\\/regese.ch\\\/fussball\\\/wp-content\\\/uploads\\\/2025\\\/05\\\/FC-Prishtina-FCK05_28-05-25-3.jpg\",\"sportspress-crop-medium\":\"https:\\\/\\\/regese.ch\\\/fussball\\\/wp-content\\\/uploads\\\/2025\\\/05\\\/FC-Prishtina-FCK05_28-05-25-3-300x300.jpg\",\"sportspress-fit-medium\":\"https:\\\/\\\/regese.ch\\\/fussball\\\/wp-content\\\/uploads\\\/2025\\\/05\\\/FC-Prishtina-FCK05_28-05-25-3-300x200.jpg\",\"sportspress-fit-icon\":\"https:\\\/\\\/regese.ch\\\/fussball\\\/wp-content\\\/uploads\\\/2025\\\/05\\\/FC-Prishtina-FCK05_28-05-25-3-128x85.jpg\",\"sportspress-fit-mini\":\"https:\\\/\\\/regese.ch\\\/fussball\\\/wp-content\\\/uploads\\\/2025\\\/05\\\/FC-Prishtina-FCK05_28-05-25-3-32x21.jpg\",\"full\":\"https:\\\/\\\/regese.ch\\\/fussball\\\/wp-content\\\/uploads\\\/2025\\\/05\\\/FC-Prishtina-FCK05_28-05-25-3.jpg\",\"index\":2,\"id\":20611,\"video\":false,\"opts\":{\"caption\":\"\",\"thumb\":\"https:\\\/\\\/regese.ch\\\/fussball\\\/wp-content\\\/uploads\\\/2025\\\/05\\\/FC-Prishtina-FCK05_28-05-25-3-75x50_c.jpg\",\"title\":\"FC Prishtina - FCK05_28-05-25-3\"},\"gallery_id\":\"20702\"},{\"status\":\"active\",\"src\":\"https:\\\/\\\/regese.ch\\\/fussball\\\/wp-content\\\/uploads\\\/2025\\\/05\\\/FC-Prishtina-FCK05_28-05-25-4.jpg\",\"title\":\"FC Prishtina - FCK05_28-05-25-4\",\"link\":\"https:\\\/\\\/regese.ch\\\/fussball\\\/wp-content\\\/uploads\\\/2025\\\/05\\\/FC-Prishtina-FCK05_28-05-25-4.jpg\",\"alt\":\"\",\"caption\":false,\"thumb\":\"https:\\\/\\\/regese.ch\\\/fussball\\\/wp-content\\\/uploads\\\/2025\\\/05\\\/FC-Prishtina-FCK05_28-05-25-4-75x50_c.jpg\",\"meta\":{\"aperture\":\"7.1\",\"credit\":null,\"camera\":\"Canon EOS R6\",\"caption\":\"\",\"created_timestamp\":\"1748457192\",\"copyright\":null,\"focal_length\":\"255\",\"iso\":\"8000\",\"shutter_speed\":\"0.001\",\"title\":\"\",\"orientation\":null,\"keywords\":null,\"resized_images\":null},\"thumbnail\":\"https:\\\/\\\/regese.ch\\\/fussball\\\/wp-content\\\/uploads\\\/2025\\\/05\\\/FC-Prishtina-FCK05_28-05-25-4-150x100.jpg\",\"medium\":\"https:\\\/\\\/regese.ch\\\/fussball\\\/wp-content\\\/uploads\\\/2025\\\/05\\\/FC-Prishtina-FCK05_28-05-25-4-300x200.jpg\",\"medium_large\":\"https:\\\/\\\/regese.ch\\\/fussball\\\/wp-content\\\/uploads\\\/2025\\\/05\\\/FC-Prishtina-FCK05_28-05-25-4-768x512.jpg\",\"large\":\"https:\\\/\\\/regese.ch\\\/fussball\\\/wp-content\\\/uploads\\\/2025\\\/05\\\/FC-Prishtina-FCK05_28-05-25-4.jpg\",\"1536x1536\":\"https:\\\/\\\/regese.ch\\\/fussball\\\/wp-content\\\/uploads\\\/2025\\\/05\\\/FC-Prishtina-FCK05_28-05-25-4-1536x1024.jpg\",\"2048x2048\":\"https:\\\/\\\/regese.ch\\\/fussball\\\/wp-content\\\/uploads\\\/2025\\\/05\\\/FC-Prishtina-FCK05_28-05-25-4.jpg\",\"sportspress-crop-medium\":\"https:\\\/\\\/regese.ch\\\/fussball\\\/wp-content\\\/uploads\\\/2025\\\/05\\\/FC-Prishtina-FCK05_28-05-25-4-300x300.jpg\",\"sportspress-fit-medium\":\"https:\\\/\\\/regese.ch\\\/fussball\\\/wp-content\\\/uploads\\\/2025\\\/05\\\/FC-Prishtina-FCK05_28-05-25-4-300x200.jpg\",\"sportspress-fit-icon\":\"https:\\\/\\\/regese.ch\\\/fussball\\\/wp-content\\\/uploads\\\/2025\\\/05\\\/FC-Prishtina-FCK05_28-05-25-4-128x85.jpg\",\"sportspress-fit-mini\":\"https:\\\/\\\/regese.ch\\\/fussball\\\/wp-content\\\/uploads\\\/2025\\\/05\\\/FC-Prishtina-FCK05_28-05-25-4-32x21.jpg\",\"full\":\"https:\\\/\\\/regese.ch\\\/fussball\\\/wp-content\\\/uploads\\\/2025\\\/05\\\/FC-Prishtina-FCK05_28-05-25-4.jpg\",\"index\":3,\"id\":20612,\"video\":false,\"opts\":{\"caption\":\"\",\"thumb\":\"https:\\\/\\\/regese.ch\\\/fussball\\\/wp-content\\\/uploads\\\/2025\\\/05\\\/FC-Prishtina-FCK05_28-05-25-4-75x50_c.jpg\",\"title\":\"FC Prishtina - FCK05_28-05-25-4\"},\"gallery_id\":\"20702\"},{\"status\":\"active\",\"src\":\"https:\\\/\\\/regese.ch\\\/fussball\\\/wp-content\\\/uploads\\\/2025\\\/05\\\/FC-Prishtina-FCK05_28-05-25-5.jpg\",\"title\":\"FC Prishtina - FCK05_28-05-25-5\",\"link\":\"https:\\\/\\\/regese.ch\\\/fussball\\\/wp-content\\\/uploads\\\/2025\\\/05\\\/FC-Prishtina-FCK05_28-05-25-5.jpg\",\"alt\":\"\",\"caption\":false,\"thumb\":\"https:\\\/\\\/regese.ch\\\/fussball\\\/wp-content\\\/uploads\\\/2025\\\/05\\\/FC-Prishtina-FCK05_28-05-25-5-75x50_c.jpg\",\"meta\":{\"aperture\":\"7.1\",\"credit\":null,\"camera\":\"Canon EOS R6\",\"caption\":\"\",\"created_timestamp\":\"1748457218\",\"copyright\":null,\"focal_length\":\"200\",\"iso\":\"4000\",\"shutter_speed\":\"0.001\",\"title\":\"\",\"orientation\":null,\"keywords\":null,\"resized_images\":null},\"thumbnail\":\"https:\\\/\\\/regese.ch\\\/fussball\\\/wp-content\\\/uploads\\\/2025\\\/05\\\/FC-Prishtina-FCK05_28-05-25-5-150x100.jpg\",\"medium\":\"https:\\\/\\\/regese.ch\\\/fussball\\\/wp-content\\\/uploads\\\/2025\\\/05\\\/FC-Prishtina-FCK05_28-05-25-5-300x200.jpg\",\"medium_large\":\"https:\\\/\\\/regese.ch\\\/fussball\\\/wp-content\\\/uploads\\\/2025\\\/05\\\/FC-Prishtina-FCK05_28-05-25-5-768x512.jpg\",\"large\":\"https:\\\/\\\/regese.ch\\\/fussball\\\/wp-content\\\/uploads\\\/2025\\\/05\\\/FC-Prishtina-FCK05_28-05-25-5.jpg\",\"1536x1536\":\"https:\\\/\\\/regese.ch\\\/fussball\\\/wp-content\\\/uploads\\\/2025\\\/05\\\/FC-Prishtina-FCK05_28-05-25-5-1536x1024.jpg\",\"2048x2048\":\"https:\\\/\\\/regese.ch\\\/fussball\\\/wp-content\\\/uploads\\\/2025\\\/05\\\/FC-Prishtina-FCK05_28-05-25-5.jpg\",\"sportspress-crop-medium\":\"https:\\\/\\\/regese.ch\\\/fussball\\\/wp-content\\\/uploads\\\/2025\\\/05\\\/FC-Prishtina-FCK05_28-05-25-5-300x300.jpg\",\"sportspress-fit-medium\":\"https:\\\/\\\/regese.ch\\\/fussball\\\/wp-content\\\/uploads\\\/2025\\\/05\\\/FC-Prishtina-FCK05_28-05-25-5-300x200.jpg\",\"sportspress-fit-icon\":\"https:\\\/\\\/regese.ch\\\/fussball\\\/wp-content\\\/uploads\\\/2025\\\/05\\\/FC-Prishtina-FCK05_28-05-25-5-128x85.jpg\",\"sportspress-fit-mini\":\"https:\\\/\\\/regese.ch\\\/fussball\\\/wp-content\\\/uploads\\\/2025\\\/05\\\/FC-Prishtina-FCK05_28-05-25-5-32x21.jpg\",\"full\":\"https:\\\/\\\/regese.ch\\\/fussball\\\/wp-content\\\/uploads\\\/2025\\\/05\\\/FC-Prishtina-FCK05_28-05-25-5.jpg\",\"index\":4,\"id\":20613,\"video\":false,\"opts\":{\"caption\":\"\",\"thumb\":\"https:\\\/\\\/regese.ch\\\/fussball\\\/wp-content\\\/uploads\\\/2025\\\/05\\\/FC-Prishtina-FCK05_28-05-25-5-75x50_c.jpg\",\"title\":\"FC Prishtina - FCK05_28-05-25-5\"},\"gallery_id\":\"20702\"},{\"status\":\"active\",\"src\":\"https:\\\/\\\/regese.ch\\\/fussball\\\/wp-content\\\/uploads\\\/2025\\\/05\\\/FC-Prishtina-FCK05_28-05-25-6.jpg\",\"title\":\"FC Prishtina - FCK05_28-05-25-6\",\"link\":\"https:\\\/\\\/regese.ch\\\/fussball\\\/wp-content\\\/uploads\\\/2025\\\/05\\\/FC-Prishtina-FCK05_28-05-25-6.jpg\",\"alt\":\"\",\"caption\":false,\"thumb\":\"https:\\\/\\\/regese.ch\\\/fussball\\\/wp-content\\\/uploads\\\/2025\\\/05\\\/FC-Prishtina-FCK05_28-05-25-6-75x50_c.jpg\",\"meta\":{\"aperture\":\"7.1\",\"credit\":null,\"camera\":\"Canon EOS R6\",\"caption\":\"\",\"created_timestamp\":\"1748457220\",\"copyright\":null,\"focal_length\":\"117\",\"iso\":\"3200\",\"shutter_speed\":\"0.001\",\"title\":\"\",\"orientation\":null,\"keywords\":null,\"resized_images\":null},\"thumbnail\":\"https:\\\/\\\/regese.ch\\\/fussball\\\/wp-content\\\/uploads\\\/2025\\\/05\\\/FC-Prishtina-FCK05_28-05-25-6-150x100.jpg\",\"medium\":\"https:\\\/\\\/regese.ch\\\/fussball\\\/wp-content\\\/uploads\\\/2025\\\/05\\\/FC-Prishtina-FCK05_28-05-25-6-300x200.jpg\",\"medium_large\":\"https:\\\/\\\/regese.ch\\\/fussball\\\/wp-content\\\/uploads\\\/2025\\\/05\\\/FC-Prishtina-FCK05_28-05-25-6-768x512.jpg\",\"large\":\"https:\\\/\\\/regese.ch\\\/fussball\\\/wp-content\\\/uploads\\\/2025\\\/05\\\/FC-Prishtina-FCK05_28-05-25-6.jpg\",\"1536x1536\":\"https:\\\/\\\/regese.ch\\\/fussball\\\/wp-content\\\/uploads\\\/2025\\\/05\\\/FC-Prishtina-FCK05_28-05-25-6-1536x1024.jpg\",\"2048x2048\":\"https:\\\/\\\/regese.ch\\\/fussball\\\/wp-content\\\/uploads\\\/2025\\\/05\\\/FC-Prishtina-FCK05_28-05-25-6.jpg\",\"sportspress-crop-medium\":\"https:\\\/\\\/regese.ch\\\/fussball\\\/wp-content\\\/uploads\\\/2025\\\/05\\\/FC-Prishtina-FCK05_28-05-25-6-300x300.jpg\",\"sportspress-fit-medium\":\"https:\\\/\\\/regese.ch\\\/fussball\\\/wp-content\\\/uploads\\\/2025\\\/05\\\/FC-Prishtina-FCK05_28-05-25-6-300x200.jpg\",\"sportspress-fit-icon\":\"https:\\\/\\\/regese.ch\\\/fussball\\\/wp-content\\\/uploads\\\/2025\\\/05\\\/FC-Prishtina-FCK05_28-05-25-6-128x85.jpg\",\"sportspress-fit-mini\":\"https:\\\/\\\/regese.ch\\\/fussball\\\/wp-content\\\/uploads\\\/2025\\\/05\\\/FC-Prishtina-FCK05_28-05-25-6-32x21.jpg\",\"full\":\"https:\\\/\\\/regese.ch\\\/fussball\\\/wp-content\\\/uploads\\\/2025\\\/05\\\/FC-Prishtina-FCK05_28-05-25-6.jpg\",\"index\":5,\"id\":20614,\"video\":false,\"opts\":{\"caption\":\"\",\"thumb\":\"https:\\\/\\\/regese.ch\\\/fussball\\\/wp-content\\\/uploads\\\/2025\\\/05\\\/FC-Prishtina-FCK05_28-05-25-6-75x50_c.jpg\",\"title\":\"FC Prishtina - FCK05_28-05-25-6\"},\"gallery_id\":\"20702\"},{\"status\":\"active\",\"src\":\"https:\\\/\\\/regese.ch\\\/fussball\\\/wp-content\\\/uploads\\\/2025\\\/05\\\/FC-Prishtina-FCK05_28-05-25-7.jpg\",\"title\":\"FC Prishtina - FCK05_28-05-25-7\",\"link\":\"https:\\\/\\\/regese.ch\\\/fussball\\\/wp-content\\\/uploads\\\/2025\\\/05\\\/FC-Prishtina-FCK05_28-05-25-7.jpg\",\"alt\":\"\",\"caption\":false,\"thumb\":\"https:\\\/\\\/regese.ch\\\/fussball\\\/wp-content\\\/uploads\\\/2025\\\/05\\\/FC-Prishtina-FCK05_28-05-25-7-75x50_c.jpg\",\"meta\":{\"aperture\":\"7.1\",\"credit\":null,\"camera\":\"Canon EOS R6\",\"caption\":\"\",\"created_timestamp\":\"1748457255\",\"copyright\":null,\"focal_length\":\"400\",\"iso\":\"5000\",\"shutter_speed\":\"0.001\",\"title\":\"\",\"orientation\":null,\"keywords\":null,\"resized_images\":null},\"thumbnail\":\"https:\\\/\\\/regese.ch\\\/fussball\\\/wp-content\\\/uploads\\\/2025\\\/05\\\/FC-Prishtina-FCK05_28-05-25-7-150x100.jpg\",\"medium\":\"https:\\\/\\\/regese.ch\\\/fussball\\\/wp-content\\\/uploads\\\/2025\\\/05\\\/FC-Prishtina-FCK05_28-05-25-7-300x200.jpg\",\"medium_large\":\"https:\\\/\\\/regese.ch\\\/fussball\\\/wp-content\\\/uploads\\\/2025\\\/05\\\/FC-Prishtina-FCK05_28-05-25-7-768x512.jpg\",\"large\":\"https:\\\/\\\/regese.ch\\\/fussball\\\/wp-content\\\/uploads\\\/2025\\\/05\\\/FC-Prishtina-FCK05_28-05-25-7.jpg\",\"1536x1536\":\"https:\\\/\\\/regese.ch\\\/fussball\\\/wp-content\\\/uploads\\\/2025\\\/05\\\/FC-Prishtina-FCK05_28-05-25-7-1536x1024.jpg\",\"2048x2048\":\"https:\\\/\\\/regese.ch\\\/fussball\\\/wp-content\\\/uploads\\\/2025\\\/05\\\/FC-Prishtina-FCK05_28-05-25-7.jpg\",\"sportspress-crop-medium\":\"https:\\\/\\\/regese.ch\\\/fussball\\\/wp-content\\\/uploads\\\/2025\\\/05\\\/FC-Prishtina-FCK05_28-05-25-7-300x300.jpg\",\"sportspress-fit-medium\":\"https:\\\/\\\/regese.ch\\\/fussball\\\/wp-content\\\/uploads\\\/2025\\\/05\\\/FC-Prishtina-FCK05_28-05-25-7-300x200.jpg\",\"sportspress-fit-icon\":\"https:\\\/\\\/regese.ch\\\/fussball\\\/wp-content\\\/uploads\\\/2025\\\/05\\\/FC-Prishtina-FCK05_28-05-25-7-128x85.jpg\",\"sportspress-fit-mini\":\"https:\\\/\\\/regese.ch\\\/fussball\\\/wp-content\\\/uploads\\\/2025\\\/05\\\/FC-Prishtina-FCK05_28-05-25-7-32x21.jpg\",\"full\":\"https:\\\/\\\/regese.ch\\\/fussball\\\/wp-content\\\/uploads\\\/2025\\\/05\\\/FC-Prishtina-FCK05_28-05-25-7.jpg\",\"index\":6,\"id\":20615,\"video\":false,\"opts\":{\"caption\":\"\",\"thumb\":\"https:\\\/\\\/regese.ch\\\/fussball\\\/wp-content\\\/uploads\\\/2025\\\/05\\\/FC-Prishtina-FCK05_28-05-25-7-75x50_c.jpg\",\"title\":\"FC Prishtina - FCK05_28-05-25-7\"},\"gallery_id\":\"20702\"},{\"status\":\"active\",\"src\":\"https:\\\/\\\/regese.ch\\\/fussball\\\/wp-content\\\/uploads\\\/2025\\\/05\\\/FC-Prishtina-FCK05_28-05-25-8.jpg\",\"title\":\"FC Prishtina - FCK05_28-05-25-8\",\"link\":\"https:\\\/\\\/regese.ch\\\/fussball\\\/wp-content\\\/uploads\\\/2025\\\/05\\\/FC-Prishtina-FCK05_28-05-25-8.jpg\",\"alt\":\"\",\"caption\":false,\"thumb\":\"https:\\\/\\\/regese.ch\\\/fussball\\\/wp-content\\\/uploads\\\/2025\\\/05\\\/FC-Prishtina-FCK05_28-05-25-8-75x50_c.jpg\",\"meta\":{\"aperture\":\"7.1\",\"credit\":null,\"camera\":\"Canon EOS R6\",\"caption\":\"\",\"created_timestamp\":\"1748457270\",\"copyright\":null,\"focal_length\":\"271\",\"iso\":\"8000\",\"shutter_speed\":\"0.001\",\"title\":\"\",\"orientation\":null,\"keywords\":null,\"resized_images\":null},\"thumbnail\":\"https:\\\/\\\/regese.ch\\\/fussball\\\/wp-content\\\/uploads\\\/2025\\\/05\\\/FC-Prishtina-FCK05_28-05-25-8-150x100.jpg\",\"medium\":\"https:\\\/\\\/regese.ch\\\/fussball\\\/wp-content\\\/uploads\\\/2025\\\/05\\\/FC-Prishtina-FCK05_28-05-25-8-300x200.jpg\",\"medium_large\":\"https:\\\/\\\/regese.ch\\\/fussball\\\/wp-content\\\/uploads\\\/2025\\\/05\\\/FC-Prishtina-FCK05_28-05-25-8-768x512.jpg\",\"large\":\"https:\\\/\\\/regese.ch\\\/fussball\\\/wp-content\\\/uploads\\\/2025\\\/05\\\/FC-Prishtina-FCK05_28-05-25-8.jpg\",\"1536x1536\":\"https:\\\/\\\/regese.ch\\\/fussball\\\/wp-content\\\/uploads\\\/2025\\\/05\\\/FC-Prishtina-FCK05_28-05-25-8-1536x1024.jpg\",\"2048x2048\":\"https:\\\/\\\/regese.ch\\\/fussball\\\/wp-content\\\/uploads\\\/2025\\\/05\\\/FC-Prishtina-FCK05_28-05-25-8.jpg\",\"sportspress-crop-medium\":\"https:\\\/\\\/regese.ch\\\/fussball\\\/wp-content\\\/uploads\\\/2025\\\/05\\\/FC-Prishtina-FCK05_28-05-25-8-300x300.jpg\",\"sportspress-fit-medium\":\"https:\\\/\\\/regese.ch\\\/fussball\\\/wp-content\\\/uploads\\\/2025\\\/05\\\/FC-Prishtina-FCK05_28-05-25-8-300x200.jpg\",\"sportspress-fit-icon\":\"https:\\\/\\\/regese.ch\\\/fussball\\\/wp-content\\\/uploads\\\/2025\\\/05\\\/FC-Prishtina-FCK05_28-05-25-8-128x85.jpg\",\"sportspress-fit-mini\":\"https:\\\/\\\/regese.ch\\\/fussball\\\/wp-content\\\/uploads\\\/2025\\\/05\\\/FC-Prishtina-FCK05_28-05-25-8-32x21.jpg\",\"full\":\"https:\\\/\\\/regese.ch\\\/fussball\\\/wp-content\\\/uploads\\\/2025\\\/05\\\/FC-Prishtina-FCK05_28-05-25-8.jpg\",\"index\":7,\"id\":20616,\"video\":false,\"opts\":{\"caption\":\"\",\"thumb\":\"https:\\\/\\\/regese.ch\\\/fussball\\\/wp-content\\\/uploads\\\/2025\\\/05\\\/FC-Prishtina-FCK05_28-05-25-8-75x50_c.jpg\",\"title\":\"FC Prishtina - FCK05_28-05-25-8\"},\"gallery_id\":\"20702\"},{\"status\":\"active\",\"src\":\"https:\\\/\\\/regese.ch\\\/fussball\\\/wp-content\\\/uploads\\\/2025\\\/05\\\/FC-Prishtina-FCK05_28-05-25-9.jpg\",\"title\":\"FC Prishtina - FCK05_28-05-25-9\",\"link\":\"https:\\\/\\\/regese.ch\\\/fussball\\\/wp-content\\\/uploads\\\/2025\\\/05\\\/FC-Prishtina-FCK05_28-05-25-9.jpg\",\"alt\":\"\",\"caption\":false,\"thumb\":\"https:\\\/\\\/regese.ch\\\/fussball\\\/wp-content\\\/uploads\\\/2025\\\/05\\\/FC-Prishtina-FCK05_28-05-25-9-75x50_c.jpg\",\"meta\":{\"aperture\":\"7.1\",\"credit\":null,\"camera\":\"Canon EOS R6\",\"caption\":\"\",\"created_timestamp\":\"1748457347\",\"copyright\":null,\"focal_length\":\"349\",\"iso\":\"10000\",\"shutter_speed\":\"0.001\",\"title\":\"\",\"orientation\":null,\"keywords\":null,\"resized_images\":null},\"thumbnail\":\"https:\\\/\\\/regese.ch\\\/fussball\\\/wp-content\\\/uploads\\\/2025\\\/05\\\/FC-Prishtina-FCK05_28-05-25-9-150x100.jpg\",\"medium\":\"https:\\\/\\\/regese.ch\\\/fussball\\\/wp-content\\\/uploads\\\/2025\\\/05\\\/FC-Prishtina-FCK05_28-05-25-9-300x200.jpg\",\"medium_large\":\"https:\\\/\\\/regese.ch\\\/fussball\\\/wp-content\\\/uploads\\\/2025\\\/05\\\/FC-Prishtina-FCK05_28-05-25-9-768x512.jpg\",\"large\":\"https:\\\/\\\/regese.ch\\\/fussball\\\/wp-content\\\/uploads\\\/2025\\\/05\\\/FC-Prishtina-FCK05_28-05-25-9.jpg\",\"1536x1536\":\"https:\\\/\\\/regese.ch\\\/fussball\\\/wp-content\\\/uploads\\\/2025\\\/05\\\/FC-Prishtina-FCK05_28-05-25-9-1536x1024.jpg\",\"2048x2048\":\"https:\\\/\\\/regese.ch\\\/fussball\\\/wp-content\\\/uploads\\\/2025\\\/05\\\/FC-Prishtina-FCK05_28-05-25-9.jpg\",\"sportspress-crop-medium\":\"https:\\\/\\\/regese.ch\\\/fussball\\\/wp-content\\\/uploads\\\/2025\\\/05\\\/FC-Prishtina-FCK05_28-05-25-9-300x300.jpg\",\"sportspress-fit-medium\":\"https:\\\/\\\/regese.ch\\\/fussball\\\/wp-content\\\/uploads\\\/2025\\\/05\\\/FC-Prishtina-FCK05_28-05-25-9-300x200.jpg\",\"sportspress-fit-icon\":\"https:\\\/\\\/regese.ch\\\/fussball\\\/wp-content\\\/uploads\\\/2025\\\/05\\\/FC-Prishtina-FCK05_28-05-25-9-128x85.jpg\",\"sportspress-fit-mini\":\"https:\\\/\\\/regese.ch\\\/fussball\\\/wp-content\\\/uploads\\\/2025\\\/05\\\/FC-Prishtina-FCK05_28-05-25-9-32x21.jpg\",\"full\":\"https:\\\/\\\/regese.ch\\\/fussball\\\/wp-content\\\/uploads\\\/2025\\\/05\\\/FC-Prishtina-FCK05_28-05-25-9.jpg\",\"index\":8,\"id\":20617,\"video\":false,\"opts\":{\"caption\":\"\",\"thumb\":\"https:\\\/\\\/regese.ch\\\/fussball\\\/wp-content\\\/uploads\\\/2025\\\/05\\\/FC-Prishtina-FCK05_28-05-25-9-75x50_c.jpg\",\"title\":\"FC Prishtina - FCK05_28-05-25-9\"},\"gallery_id\":\"20702\"},{\"status\":\"active\",\"src\":\"https:\\\/\\\/regese.ch\\\/fussball\\\/wp-content\\\/uploads\\\/2025\\\/05\\\/FC-Prishtina-FCK05_28-05-25-10.jpg\",\"title\":\"FC Prishtina - FCK05_28-05-25-10\",\"link\":\"https:\\\/\\\/regese.ch\\\/fussball\\\/wp-content\\\/uploads\\\/2025\\\/05\\\/FC-Prishtina-FCK05_28-05-25-10.jpg\",\"alt\":\"\",\"caption\":false,\"thumb\":\"https:\\\/\\\/regese.ch\\\/fussball\\\/wp-content\\\/uploads\\\/2025\\\/05\\\/FC-Prishtina-FCK05_28-05-25-10-75x50_c.jpg\",\"meta\":{\"aperture\":\"6.3\",\"credit\":null,\"camera\":\"Canon EOS R6\",\"caption\":\"\",\"created_timestamp\":\"1748457626\",\"copyright\":null,\"focal_length\":\"400\",\"iso\":\"5000\",\"shutter_speed\":\"0.001\",\"title\":\"\",\"orientation\":null,\"keywords\":null,\"resized_images\":null},\"thumbnail\":\"https:\\\/\\\/regese.ch\\\/fussball\\\/wp-content\\\/uploads\\\/2025\\\/05\\\/FC-Prishtina-FCK05_28-05-25-10-150x100.jpg\",\"medium\":\"https:\\\/\\\/regese.ch\\\/fussball\\\/wp-content\\\/uploads\\\/2025\\\/05\\\/FC-Prishtina-FCK05_28-05-25-10-300x200.jpg\",\"medium_large\":\"https:\\\/\\\/regese.ch\\\/fussball\\\/wp-content\\\/uploads\\\/2025\\\/05\\\/FC-Prishtina-FCK05_28-05-25-10-768x512.jpg\",\"large\":\"https:\\\/\\\/regese.ch\\\/fussball\\\/wp-content\\\/uploads\\\/2025\\\/05\\\/FC-Prishtina-FCK05_28-05-25-10.jpg\",\"1536x1536\":\"https:\\\/\\\/regese.ch\\\/fussball\\\/wp-content\\\/uploads\\\/2025\\\/05\\\/FC-Prishtina-FCK05_28-05-25-10-1536x1024.jpg\",\"2048x2048\":\"https:\\\/\\\/regese.ch\\\/fussball\\\/wp-content\\\/uploads\\\/2025\\\/05\\\/FC-Prishtina-FCK05_28-05-25-10.jpg\",\"sportspress-crop-medium\":\"https:\\\/\\\/regese.ch\\\/fussball\\\/wp-content\\\/uploads\\\/2025\\\/05\\\/FC-Prishtina-FCK05_28-05-25-10-300x300.jpg\",\"sportspress-fit-medium\":\"https:\\\/\\\/regese.ch\\\/fussball\\\/wp-content\\\/uploads\\\/2025\\\/05\\\/FC-Prishtina-FCK05_28-05-25-10-300x200.jpg\",\"sportspress-fit-icon\":\"https:\\\/\\\/regese.ch\\\/fussball\\\/wp-content\\\/uploads\\\/2025\\\/05\\\/FC-Prishtina-FCK05_28-05-25-10-128x85.jpg\",\"sportspress-fit-mini\":\"https:\\\/\\\/regese.ch\\\/fussball\\\/wp-content\\\/uploads\\\/2025\\\/05\\\/FC-Prishtina-FCK05_28-05-25-10-32x21.jpg\",\"full\":\"https:\\\/\\\/regese.ch\\\/fussball\\\/wp-content\\\/uploads\\\/2025\\\/05\\\/FC-Prishtina-FCK05_28-05-25-10.jpg\",\"index\":9,\"id\":20618,\"video\":false,\"opts\":{\"caption\":\"\",\"thumb\":\"https:\\\/\\\/regese.ch\\\/fussball\\\/wp-content\\\/uploads\\\/2025\\\/05\\\/FC-Prishtina-FCK05_28-05-25-10-75x50_c.jpg\",\"title\":\"FC Prishtina - FCK05_28-05-25-10\"},\"gallery_id\":\"20702\"},{\"status\":\"active\",\"src\":\"https:\\\/\\\/regese.ch\\\/fussball\\\/wp-content\\\/uploads\\\/2025\\\/05\\\/FC-Prishtina-FCK05_28-05-25-11.jpg\",\"title\":\"FC Prishtina - FCK05_28-05-25-11\",\"link\":\"https:\\\/\\\/regese.ch\\\/fussball\\\/wp-content\\\/uploads\\\/2025\\\/05\\\/FC-Prishtina-FCK05_28-05-25-11.jpg\",\"alt\":\"\",\"caption\":false,\"thumb\":\"https:\\\/\\\/regese.ch\\\/fussball\\\/wp-content\\\/uploads\\\/2025\\\/05\\\/FC-Prishtina-FCK05_28-05-25-11-75x50_c.jpg\",\"meta\":{\"aperture\":\"6.3\",\"credit\":null,\"camera\":\"Canon EOS R6\",\"caption\":\"\",\"created_timestamp\":\"1748457690\",\"copyright\":null,\"focal_length\":\"234\",\"iso\":\"6400\",\"shutter_speed\":\"0.001\",\"title\":\"\",\"orientation\":null,\"keywords\":null,\"resized_images\":null},\"thumbnail\":\"https:\\\/\\\/regese.ch\\\/fussball\\\/wp-content\\\/uploads\\\/2025\\\/05\\\/FC-Prishtina-FCK05_28-05-25-11-150x100.jpg\",\"medium\":\"https:\\\/\\\/regese.ch\\\/fussball\\\/wp-content\\\/uploads\\\/2025\\\/05\\\/FC-Prishtina-FCK05_28-05-25-11-300x200.jpg\",\"medium_large\":\"https:\\\/\\\/regese.ch\\\/fussball\\\/wp-content\\\/uploads\\\/2025\\\/05\\\/FC-Prishtina-FCK05_28-05-25-11-768x512.jpg\",\"large\":\"https:\\\/\\\/regese.ch\\\/fussball\\\/wp-content\\\/uploads\\\/2025\\\/05\\\/FC-Prishtina-FCK05_28-05-25-11.jpg\",\"1536x1536\":\"https:\\\/\\\/regese.ch\\\/fussball\\\/wp-content\\\/uploads\\\/2025\\\/05\\\/FC-Prishtina-FCK05_28-05-25-11-1536x1024.jpg\",\"2048x2048\":\"https:\\\/\\\/regese.ch\\\/fussball\\\/wp-content\\\/uploads\\\/2025\\\/05\\\/FC-Prishtina-FCK05_28-05-25-11.jpg\",\"sportspress-crop-medium\":\"https:\\\/\\\/regese.ch\\\/fussball\\\/wp-content\\\/uploads\\\/2025\\\/05\\\/FC-Prishtina-FCK05_28-05-25-11-300x300.jpg\",\"sportspress-fit-medium\":\"https:\\\/\\\/regese.ch\\\/fussball\\\/wp-content\\\/uploads\\\/2025\\\/05\\\/FC-Prishtina-FCK05_28-05-25-11-300x200.jpg\",\"sportspress-fit-icon\":\"https:\\\/\\\/regese.ch\\\/fussball\\\/wp-content\\\/uploads\\\/2025\\\/05\\\/FC-Prishtina-FCK05_28-05-25-11-128x85.jpg\",\"sportspress-fit-mini\":\"https:\\\/\\\/regese.ch\\\/fussball\\\/wp-content\\\/uploads\\\/2025\\\/05\\\/FC-Prishtina-FCK05_28-05-25-11-32x21.jpg\",\"full\":\"https:\\\/\\\/regese.ch\\\/fussball\\\/wp-content\\\/uploads\\\/2025\\\/05\\\/FC-Prishtina-FCK05_28-05-25-11.jpg\",\"index\":10,\"id\":20619,\"video\":false,\"opts\":{\"caption\":\"\",\"thumb\":\"https:\\\/\\\/regese.ch\\\/fussball\\\/wp-content\\\/uploads\\\/2025\\\/05\\\/FC-Prishtina-FCK05_28-05-25-11-75x50_c.jpg\",\"title\":\"FC Prishtina - FCK05_28-05-25-11\"},\"gallery_id\":\"20702\"},{\"status\":\"active\",\"src\":\"https:\\\/\\\/regese.ch\\\/fussball\\\/wp-content\\\/uploads\\\/2025\\\/05\\\/FC-Prishtina-FCK05_28-05-25-12.jpg\",\"title\":\"FC Prishtina - FCK05_28-05-25-12\",\"link\":\"https:\\\/\\\/regese.ch\\\/fussball\\\/wp-content\\\/uploads\\\/2025\\\/05\\\/FC-Prishtina-FCK05_28-05-25-12.jpg\",\"alt\":\"\",\"caption\":false,\"thumb\":\"https:\\\/\\\/regese.ch\\\/fussball\\\/wp-content\\\/uploads\\\/2025\\\/05\\\/FC-Prishtina-FCK05_28-05-25-12-75x50_c.jpg\",\"meta\":{\"aperture\":\"6.3\",\"credit\":null,\"camera\":\"Canon EOS R6\",\"caption\":\"\",\"created_timestamp\":\"1748457701\",\"copyright\":null,\"focal_length\":\"200\",\"iso\":\"8000\",\"shutter_speed\":\"0.001\",\"title\":\"\",\"orientation\":null,\"keywords\":null,\"resized_images\":null},\"thumbnail\":\"https:\\\/\\\/regese.ch\\\/fussball\\\/wp-content\\\/uploads\\\/2025\\\/05\\\/FC-Prishtina-FCK05_28-05-25-12-150x100.jpg\",\"medium\":\"https:\\\/\\\/regese.ch\\\/fussball\\\/wp-content\\\/uploads\\\/2025\\\/05\\\/FC-Prishtina-FCK05_28-05-25-12-300x200.jpg\",\"medium_large\":\"https:\\\/\\\/regese.ch\\\/fussball\\\/wp-content\\\/uploads\\\/2025\\\/05\\\/FC-Prishtina-FCK05_28-05-25-12-768x512.jpg\",\"large\":\"https:\\\/\\\/regese.ch\\\/fussball\\\/wp-content\\\/uploads\\\/2025\\\/05\\\/FC-Prishtina-FCK05_28-05-25-12.jpg\",\"1536x1536\":\"https:\\\/\\\/regese.ch\\\/fussball\\\/wp-content\\\/uploads\\\/2025\\\/05\\\/FC-Prishtina-FCK05_28-05-25-12-1536x1024.jpg\",\"2048x2048\":\"https:\\\/\\\/regese.ch\\\/fussball\\\/wp-content\\\/uploads\\\/2025\\\/05\\\/FC-Prishtina-FCK05_28-05-25-12.jpg\",\"sportspress-crop-medium\":\"https:\\\/\\\/regese.ch\\\/fussball\\\/wp-content\\\/uploads\\\/2025\\\/05\\\/FC-Prishtina-FCK05_28-05-25-12-300x300.jpg\",\"sportspress-fit-medium\":\"https:\\\/\\\/regese.ch\\\/fussball\\\/wp-content\\\/uploads\\\/2025\\\/05\\\/FC-Prishtina-FCK05_28-05-25-12-300x200.jpg\",\"sportspress-fit-icon\":\"https:\\\/\\\/regese.ch\\\/fussball\\\/wp-content\\\/uploads\\\/2025\\\/05\\\/FC-Prishtina-FCK05_28-05-25-12-128x85.jpg\",\"sportspress-fit-mini\":\"https:\\\/\\\/regese.ch\\\/fussball\\\/wp-content\\\/uploads\\\/2025\\\/05\\\/FC-Prishtina-FCK05_28-05-25-12-32x21.jpg\",\"full\":\"https:\\\/\\\/regese.ch\\\/fussball\\\/wp-content\\\/uploads\\\/2025\\\/05\\\/FC-Prishtina-FCK05_28-05-25-12.jpg\",\"index\":11,\"id\":20620,\"video\":false,\"opts\":{\"caption\":\"\",\"thumb\":\"https:\\\/\\\/regese.ch\\\/fussball\\\/wp-content\\\/uploads\\\/2025\\\/05\\\/FC-Prishtina-FCK05_28-05-25-12-75x50_c.jpg\",\"title\":\"FC Prishtina - FCK05_28-05-25-12\"},\"gallery_id\":\"20702\"},{\"status\":\"active\",\"src\":\"https:\\\/\\\/regese.ch\\\/fussball\\\/wp-content\\\/uploads\\\/2025\\\/05\\\/FC-Prishtina-FCK05_28-05-25-13.jpg\",\"title\":\"FC Prishtina - FCK05_28-05-25-13\",\"link\":\"https:\\\/\\\/regese.ch\\\/fussball\\\/wp-content\\\/uploads\\\/2025\\\/05\\\/FC-Prishtina-FCK05_28-05-25-13.jpg\",\"alt\":\"\",\"caption\":false,\"thumb\":\"https:\\\/\\\/regese.ch\\\/fussball\\\/wp-content\\\/uploads\\\/2025\\\/05\\\/FC-Prishtina-FCK05_28-05-25-13-75x50_c.jpg\",\"meta\":{\"aperture\":\"6.3\",\"credit\":null,\"camera\":\"Canon EOS R6\",\"caption\":\"\",\"created_timestamp\":\"1748457703\",\"copyright\":null,\"focal_length\":\"176\",\"iso\":\"6400\",\"shutter_speed\":\"0.001\",\"title\":\"\",\"orientation\":null,\"keywords\":null,\"resized_images\":null},\"thumbnail\":\"https:\\\/\\\/regese.ch\\\/fussball\\\/wp-content\\\/uploads\\\/2025\\\/05\\\/FC-Prishtina-FCK05_28-05-25-13-150x100.jpg\",\"medium\":\"https:\\\/\\\/regese.ch\\\/fussball\\\/wp-content\\\/uploads\\\/2025\\\/05\\\/FC-Prishtina-FCK05_28-05-25-13-300x200.jpg\",\"medium_large\":\"https:\\\/\\\/regese.ch\\\/fussball\\\/wp-content\\\/uploads\\\/2025\\\/05\\\/FC-Prishtina-FCK05_28-05-25-13-768x512.jpg\",\"large\":\"https:\\\/\\\/regese.ch\\\/fussball\\\/wp-content\\\/uploads\\\/2025\\\/05\\\/FC-Prishtina-FCK05_28-05-25-13.jpg\",\"1536x1536\":\"https:\\\/\\\/regese.ch\\\/fussball\\\/wp-content\\\/uploads\\\/2025\\\/05\\\/FC-Prishtina-FCK05_28-05-25-13-1536x1024.jpg\",\"2048x2048\":\"https:\\\/\\\/regese.ch\\\/fussball\\\/wp-content\\\/uploads\\\/2025\\\/05\\\/FC-Prishtina-FCK05_28-05-25-13.jpg\",\"sportspress-crop-medium\":\"https:\\\/\\\/regese.ch\\\/fussball\\\/wp-content\\\/uploads\\\/2025\\\/05\\\/FC-Prishtina-FCK05_28-05-25-13-300x300.jpg\",\"sportspress-fit-medium\":\"https:\\\/\\\/regese.ch\\\/fussball\\\/wp-content\\\/uploads\\\/2025\\\/05\\\/FC-Prishtina-FCK05_28-05-25-13-300x200.jpg\",\"sportspress-fit-icon\":\"https:\\\/\\\/regese.ch\\\/fussball\\\/wp-content\\\/uploads\\\/2025\\\/05\\\/FC-Prishtina-FCK05_28-05-25-13-128x85.jpg\",\"sportspress-fit-mini\":\"https:\\\/\\\/regese.ch\\\/fussball\\\/wp-content\\\/uploads\\\/2025\\\/05\\\/FC-Prishtina-FCK05_28-05-25-13-32x21.jpg\",\"full\":\"https:\\\/\\\/regese.ch\\\/fussball\\\/wp-content\\\/uploads\\\/2025\\\/05\\\/FC-Prishtina-FCK05_28-05-25-13.jpg\",\"index\":12,\"id\":20621,\"video\":false,\"opts\":{\"caption\":\"\",\"thumb\":\"https:\\\/\\\/regese.ch\\\/fussball\\\/wp-content\\\/uploads\\\/2025\\\/05\\\/FC-Prishtina-FCK05_28-05-25-13-75x50_c.jpg\",\"title\":\"FC Prishtina - FCK05_28-05-25-13\"},\"gallery_id\":\"20702\"},{\"status\":\"active\",\"src\":\"https:\\\/\\\/regese.ch\\\/fussball\\\/wp-content\\\/uploads\\\/2025\\\/05\\\/FC-Prishtina-FCK05_28-05-25-14.jpg\",\"title\":\"FC Prishtina - FCK05_28-05-25-14\",\"link\":\"https:\\\/\\\/regese.ch\\\/fussball\\\/wp-content\\\/uploads\\\/2025\\\/05\\\/FC-Prishtina-FCK05_28-05-25-14.jpg\",\"alt\":\"\",\"caption\":false,\"thumb\":\"https:\\\/\\\/regese.ch\\\/fussball\\\/wp-content\\\/uploads\\\/2025\\\/05\\\/FC-Prishtina-FCK05_28-05-25-14-75x50_c.jpg\",\"meta\":{\"aperture\":\"6.3\",\"credit\":null,\"camera\":\"Canon EOS R6\",\"caption\":\"\",\"created_timestamp\":\"1748457704\",\"copyright\":null,\"focal_length\":\"176\",\"iso\":\"6400\",\"shutter_speed\":\"0.001\",\"title\":\"\",\"orientation\":null,\"keywords\":null,\"resized_images\":null},\"thumbnail\":\"https:\\\/\\\/regese.ch\\\/fussball\\\/wp-content\\\/uploads\\\/2025\\\/05\\\/FC-Prishtina-FCK05_28-05-25-14-150x100.jpg\",\"medium\":\"https:\\\/\\\/regese.ch\\\/fussball\\\/wp-content\\\/uploads\\\/2025\\\/05\\\/FC-Prishtina-FCK05_28-05-25-14-300x200.jpg\",\"medium_large\":\"https:\\\/\\\/regese.ch\\\/fussball\\\/wp-content\\\/uploads\\\/2025\\\/05\\\/FC-Prishtina-FCK05_28-05-25-14-768x512.jpg\",\"large\":\"https:\\\/\\\/regese.ch\\\/fussball\\\/wp-content\\\/uploads\\\/2025\\\/05\\\/FC-Prishtina-FCK05_28-05-25-14.jpg\",\"1536x1536\":\"https:\\\/\\\/regese.ch\\\/fussball\\\/wp-content\\\/uploads\\\/2025\\\/05\\\/FC-Prishtina-FCK05_28-05-25-14-1536x1024.jpg\",\"2048x2048\":\"https:\\\/\\\/regese.ch\\\/fussball\\\/wp-content\\\/uploads\\\/2025\\\/05\\\/FC-Prishtina-FCK05_28-05-25-14.jpg\",\"sportspress-crop-medium\":\"https:\\\/\\\/regese.ch\\\/fussball\\\/wp-content\\\/uploads\\\/2025\\\/05\\\/FC-Prishtina-FCK05_28-05-25-14-300x300.jpg\",\"sportspress-fit-medium\":\"https:\\\/\\\/regese.ch\\\/fussball\\\/wp-content\\\/uploads\\\/2025\\\/05\\\/FC-Prishtina-FCK05_28-05-25-14-300x200.jpg\",\"sportspress-fit-icon\":\"https:\\\/\\\/regese.ch\\\/fussball\\\/wp-content\\\/uploads\\\/2025\\\/05\\\/FC-Prishtina-FCK05_28-05-25-14-128x85.jpg\",\"sportspress-fit-mini\":\"https:\\\/\\\/regese.ch\\\/fussball\\\/wp-content\\\/uploads\\\/2025\\\/05\\\/FC-Prishtina-FCK05_28-05-25-14-32x21.jpg\",\"full\":\"https:\\\/\\\/regese.ch\\\/fussball\\\/wp-content\\\/uploads\\\/2025\\\/05\\\/FC-Prishtina-FCK05_28-05-25-14.jpg\",\"index\":13,\"id\":20622,\"video\":false,\"opts\":{\"caption\":\"\",\"thumb\":\"https:\\\/\\\/regese.ch\\\/fussball\\\/wp-content\\\/uploads\\\/2025\\\/05\\\/FC-Prishtina-FCK05_28-05-25-14-75x50_c.jpg\",\"title\":\"FC Prishtina - FCK05_28-05-25-14\"},\"gallery_id\":\"20702\"},{\"status\":\"active\",\"src\":\"https:\\\/\\\/regese.ch\\\/fussball\\\/wp-content\\\/uploads\\\/2025\\\/05\\\/FC-Prishtina-FCK05_28-05-25-15.jpg\",\"title\":\"FC Prishtina - FCK05_28-05-25-15\",\"link\":\"https:\\\/\\\/regese.ch\\\/fussball\\\/wp-content\\\/uploads\\\/2025\\\/05\\\/FC-Prishtina-FCK05_28-05-25-15.jpg\",\"alt\":\"\",\"caption\":false,\"thumb\":\"https:\\\/\\\/regese.ch\\\/fussball\\\/wp-content\\\/uploads\\\/2025\\\/05\\\/FC-Prishtina-FCK05_28-05-25-15-75x50_c.jpg\",\"meta\":{\"aperture\":\"6.3\",\"credit\":null,\"camera\":\"Canon EOS R6\",\"caption\":\"\",\"created_timestamp\":\"1748457704\",\"copyright\":null,\"focal_length\":\"176\",\"iso\":\"6400\",\"shutter_speed\":\"0.001\",\"title\":\"\",\"orientation\":null,\"keywords\":null,\"resized_images\":null},\"thumbnail\":\"https:\\\/\\\/regese.ch\\\/fussball\\\/wp-content\\\/uploads\\\/2025\\\/05\\\/FC-Prishtina-FCK05_28-05-25-15-150x100.jpg\",\"medium\":\"https:\\\/\\\/regese.ch\\\/fussball\\\/wp-content\\\/uploads\\\/2025\\\/05\\\/FC-Prishtina-FCK05_28-05-25-15-300x200.jpg\",\"medium_large\":\"https:\\\/\\\/regese.ch\\\/fussball\\\/wp-content\\\/uploads\\\/2025\\\/05\\\/FC-Prishtina-FCK05_28-05-25-15-768x512.jpg\",\"large\":\"https:\\\/\\\/regese.ch\\\/fussball\\\/wp-content\\\/uploads\\\/2025\\\/05\\\/FC-Prishtina-FCK05_28-05-25-15.jpg\",\"1536x1536\":\"https:\\\/\\\/regese.ch\\\/fussball\\\/wp-content\\\/uploads\\\/2025\\\/05\\\/FC-Prishtina-FCK05_28-05-25-15-1536x1024.jpg\",\"2048x2048\":\"https:\\\/\\\/regese.ch\\\/fussball\\\/wp-content\\\/uploads\\\/2025\\\/05\\\/FC-Prishtina-FCK05_28-05-25-15.jpg\",\"sportspress-crop-medium\":\"https:\\\/\\\/regese.ch\\\/fussball\\\/wp-content\\\/uploads\\\/2025\\\/05\\\/FC-Prishtina-FCK05_28-05-25-15-300x300.jpg\",\"sportspress-fit-medium\":\"https:\\\/\\\/regese.ch\\\/fussball\\\/wp-content\\\/uploads\\\/2025\\\/05\\\/FC-Prishtina-FCK05_28-05-25-15-300x200.jpg\",\"sportspress-fit-icon\":\"https:\\\/\\\/regese.ch\\\/fussball\\\/wp-content\\\/uploads\\\/2025\\\/05\\\/FC-Prishtina-FCK05_28-05-25-15-128x85.jpg\",\"sportspress-fit-mini\":\"https:\\\/\\\/regese.ch\\\/fussball\\\/wp-content\\\/uploads\\\/2025\\\/05\\\/FC-Prishtina-FCK05_28-05-25-15-32x21.jpg\",\"full\":\"https:\\\/\\\/regese.ch\\\/fussball\\\/wp-content\\\/uploads\\\/2025\\\/05\\\/FC-Prishtina-FCK05_28-05-25-15.jpg\",\"index\":14,\"id\":20623,\"video\":false,\"opts\":{\"caption\":\"\",\"thumb\":\"https:\\\/\\\/regese.ch\\\/fussball\\\/wp-content\\\/uploads\\\/2025\\\/05\\\/FC-Prishtina-FCK05_28-05-25-15-75x50_c.jpg\",\"title\":\"FC Prishtina - FCK05_28-05-25-15\"},\"gallery_id\":\"20702\"},{\"status\":\"active\",\"src\":\"https:\\\/\\\/regese.ch\\\/fussball\\\/wp-content\\\/uploads\\\/2025\\\/05\\\/FC-Prishtina-FCK05_28-05-25-16.jpg\",\"title\":\"FC Prishtina - FCK05_28-05-25-16\",\"link\":\"https:\\\/\\\/regese.ch\\\/fussball\\\/wp-content\\\/uploads\\\/2025\\\/05\\\/FC-Prishtina-FCK05_28-05-25-16.jpg\",\"alt\":\"\",\"caption\":false,\"thumb\":\"https:\\\/\\\/regese.ch\\\/fussball\\\/wp-content\\\/uploads\\\/2025\\\/05\\\/FC-Prishtina-FCK05_28-05-25-16-75x50_c.jpg\",\"meta\":{\"aperture\":\"6.3\",\"credit\":null,\"camera\":\"Canon EOS R6\",\"caption\":\"\",\"created_timestamp\":\"1748457759\",\"copyright\":null,\"focal_length\":\"148\",\"iso\":\"4000\",\"shutter_speed\":\"0.001\",\"title\":\"\",\"orientation\":null,\"keywords\":null,\"resized_images\":null},\"thumbnail\":\"https:\\\/\\\/regese.ch\\\/fussball\\\/wp-content\\\/uploads\\\/2025\\\/05\\\/FC-Prishtina-FCK05_28-05-25-16-150x100.jpg\",\"medium\":\"https:\\\/\\\/regese.ch\\\/fussball\\\/wp-content\\\/uploads\\\/2025\\\/05\\\/FC-Prishtina-FCK05_28-05-25-16-300x200.jpg\",\"medium_large\":\"https:\\\/\\\/regese.ch\\\/fussball\\\/wp-content\\\/uploads\\\/2025\\\/05\\\/FC-Prishtina-FCK05_28-05-25-16-768x512.jpg\",\"large\":\"https:\\\/\\\/regese.ch\\\/fussball\\\/wp-content\\\/uploads\\\/2025\\\/05\\\/FC-Prishtina-FCK05_28-05-25-16.jpg\",\"1536x1536\":\"https:\\\/\\\/regese.ch\\\/fussball\\\/wp-content\\\/uploads\\\/2025\\\/05\\\/FC-Prishtina-FCK05_28-05-25-16-1536x1024.jpg\",\"2048x2048\":\"https:\\\/\\\/regese.ch\\\/fussball\\\/wp-content\\\/uploads\\\/2025\\\/05\\\/FC-Prishtina-FCK05_28-05-25-16.jpg\",\"sportspress-crop-medium\":\"https:\\\/\\\/regese.ch\\\/fussball\\\/wp-content\\\/uploads\\\/2025\\\/05\\\/FC-Prishtina-FCK05_28-05-25-16-300x300.jpg\",\"sportspress-fit-medium\":\"https:\\\/\\\/regese.ch\\\/fussball\\\/wp-content\\\/uploads\\\/2025\\\/05\\\/FC-Prishtina-FCK05_28-05-25-16-300x200.jpg\",\"sportspress-fit-icon\":\"https:\\\/\\\/regese.ch\\\/fussball\\\/wp-content\\\/uploads\\\/2025\\\/05\\\/FC-Prishtina-FCK05_28-05-25-16-128x85.jpg\",\"sportspress-fit-mini\":\"https:\\\/\\\/regese.ch\\\/fussball\\\/wp-content\\\/uploads\\\/2025\\\/05\\\/FC-Prishtina-FCK05_28-05-25-16-32x21.jpg\",\"full\":\"https:\\\/\\\/regese.ch\\\/fussball\\\/wp-content\\\/uploads\\\/2025\\\/05\\\/FC-Prishtina-FCK05_28-05-25-16.jpg\",\"index\":15,\"id\":20624,\"video\":false,\"opts\":{\"caption\":\"\",\"thumb\":\"https:\\\/\\\/regese.ch\\\/fussball\\\/wp-content\\\/uploads\\\/2025\\\/05\\\/FC-Prishtina-FCK05_28-05-25-16-75x50_c.jpg\",\"title\":\"FC Prishtina - FCK05_28-05-25-16\"},\"gallery_id\":\"20702\"},{\"status\":\"active\",\"src\":\"https:\\\/\\\/regese.ch\\\/fussball\\\/wp-content\\\/uploads\\\/2025\\\/05\\\/FC-Prishtina-FCK05_28-05-25-17.jpg\",\"title\":\"FC Prishtina - FCK05_28-05-25-17\",\"link\":\"https:\\\/\\\/regese.ch\\\/fussball\\\/wp-content\\\/uploads\\\/2025\\\/05\\\/FC-Prishtina-FCK05_28-05-25-17.jpg\",\"alt\":\"\",\"caption\":false,\"thumb\":\"https:\\\/\\\/regese.ch\\\/fussball\\\/wp-content\\\/uploads\\\/2025\\\/05\\\/FC-Prishtina-FCK05_28-05-25-17-75x50_c.jpg\",\"meta\":{\"aperture\":\"6.3\",\"credit\":null,\"camera\":\"Canon EOS R6\",\"caption\":\"\",\"created_timestamp\":\"1748457761\",\"copyright\":null,\"focal_length\":\"148\",\"iso\":\"4000\",\"shutter_speed\":\"0.001\",\"title\":\"\",\"orientation\":null,\"keywords\":null,\"resized_images\":null},\"thumbnail\":\"https:\\\/\\\/regese.ch\\\/fussball\\\/wp-content\\\/uploads\\\/2025\\\/05\\\/FC-Prishtina-FCK05_28-05-25-17-150x100.jpg\",\"medium\":\"https:\\\/\\\/regese.ch\\\/fussball\\\/wp-content\\\/uploads\\\/2025\\\/05\\\/FC-Prishtina-FCK05_28-05-25-17-300x200.jpg\",\"medium_large\":\"https:\\\/\\\/regese.ch\\\/fussball\\\/wp-content\\\/uploads\\\/2025\\\/05\\\/FC-Prishtina-FCK05_28-05-25-17-768x512.jpg\",\"large\":\"https:\\\/\\\/regese.ch\\\/fussball\\\/wp-content\\\/uploads\\\/2025\\\/05\\\/FC-Prishtina-FCK05_28-05-25-17.jpg\",\"1536x1536\":\"https:\\\/\\\/regese.ch\\\/fussball\\\/wp-content\\\/uploads\\\/2025\\\/05\\\/FC-Prishtina-FCK05_28-05-25-17-1536x1024.jpg\",\"2048x2048\":\"https:\\\/\\\/regese.ch\\\/fussball\\\/wp-content\\\/uploads\\\/2025\\\/05\\\/FC-Prishtina-FCK05_28-05-25-17.jpg\",\"sportspress-crop-medium\":\"https:\\\/\\\/regese.ch\\\/fussball\\\/wp-content\\\/uploads\\\/2025\\\/05\\\/FC-Prishtina-FCK05_28-05-25-17-300x300.jpg\",\"sportspress-fit-medium\":\"https:\\\/\\\/regese.ch\\\/fussball\\\/wp-content\\\/uploads\\\/2025\\\/05\\\/FC-Prishtina-FCK05_28-05-25-17-300x200.jpg\",\"sportspress-fit-icon\":\"https:\\\/\\\/regese.ch\\\/fussball\\\/wp-content\\\/uploads\\\/2025\\\/05\\\/FC-Prishtina-FCK05_28-05-25-17-128x85.jpg\",\"sportspress-fit-mini\":\"https:\\\/\\\/regese.ch\\\/fussball\\\/wp-content\\\/uploads\\\/2025\\\/05\\\/FC-Prishtina-FCK05_28-05-25-17-32x21.jpg\",\"full\":\"https:\\\/\\\/regese.ch\\\/fussball\\\/wp-content\\\/uploads\\\/2025\\\/05\\\/FC-Prishtina-FCK05_28-05-25-17.jpg\",\"index\":16,\"id\":20625,\"video\":false,\"opts\":{\"caption\":\"\",\"thumb\":\"https:\\\/\\\/regese.ch\\\/fussball\\\/wp-content\\\/uploads\\\/2025\\\/05\\\/FC-Prishtina-FCK05_28-05-25-17-75x50_c.jpg\",\"title\":\"FC Prishtina - FCK05_28-05-25-17\"},\"gallery_id\":\"20702\"},{\"status\":\"active\",\"src\":\"https:\\\/\\\/regese.ch\\\/fussball\\\/wp-content\\\/uploads\\\/2025\\\/05\\\/FC-Prishtina-FCK05_28-05-25-18.jpg\",\"title\":\"FC Prishtina - FCK05_28-05-25-18\",\"link\":\"https:\\\/\\\/regese.ch\\\/fussball\\\/wp-content\\\/uploads\\\/2025\\\/05\\\/FC-Prishtina-FCK05_28-05-25-18.jpg\",\"alt\":\"\",\"caption\":false,\"thumb\":\"https:\\\/\\\/regese.ch\\\/fussball\\\/wp-content\\\/uploads\\\/2025\\\/05\\\/FC-Prishtina-FCK05_28-05-25-18-75x50_c.jpg\",\"meta\":{\"aperture\":\"6.3\",\"credit\":null,\"camera\":\"Canon EOS R6\",\"caption\":\"\",\"created_timestamp\":\"1748457955\",\"copyright\":null,\"focal_length\":\"158\",\"iso\":\"6400\",\"shutter_speed\":\"0.001\",\"title\":\"\",\"orientation\":null,\"keywords\":null,\"resized_images\":null},\"thumbnail\":\"https:\\\/\\\/regese.ch\\\/fussball\\\/wp-content\\\/uploads\\\/2025\\\/05\\\/FC-Prishtina-FCK05_28-05-25-18-150x100.jpg\",\"medium\":\"https:\\\/\\\/regese.ch\\\/fussball\\\/wp-content\\\/uploads\\\/2025\\\/05\\\/FC-Prishtina-FCK05_28-05-25-18-300x200.jpg\",\"medium_large\":\"https:\\\/\\\/regese.ch\\\/fussball\\\/wp-content\\\/uploads\\\/2025\\\/05\\\/FC-Prishtina-FCK05_28-05-25-18-768x512.jpg\",\"large\":\"https:\\\/\\\/regese.ch\\\/fussball\\\/wp-content\\\/uploads\\\/2025\\\/05\\\/FC-Prishtina-FCK05_28-05-25-18.jpg\",\"1536x1536\":\"https:\\\/\\\/regese.ch\\\/fussball\\\/wp-content\\\/uploads\\\/2025\\\/05\\\/FC-Prishtina-FCK05_28-05-25-18-1536x1024.jpg\",\"2048x2048\":\"https:\\\/\\\/regese.ch\\\/fussball\\\/wp-content\\\/uploads\\\/2025\\\/05\\\/FC-Prishtina-FCK05_28-05-25-18.jpg\",\"sportspress-crop-medium\":\"https:\\\/\\\/regese.ch\\\/fussball\\\/wp-content\\\/uploads\\\/2025\\\/05\\\/FC-Prishtina-FCK05_28-05-25-18-300x300.jpg\",\"sportspress-fit-medium\":\"https:\\\/\\\/regese.ch\\\/fussball\\\/wp-content\\\/uploads\\\/2025\\\/05\\\/FC-Prishtina-FCK05_28-05-25-18-300x200.jpg\",\"sportspress-fit-icon\":\"https:\\\/\\\/regese.ch\\\/fussball\\\/wp-content\\\/uploads\\\/2025\\\/05\\\/FC-Prishtina-FCK05_28-05-25-18-128x85.jpg\",\"sportspress-fit-mini\":\"https:\\\/\\\/regese.ch\\\/fussball\\\/wp-content\\\/uploads\\\/2025\\\/05\\\/FC-Prishtina-FCK05_28-05-25-18-32x21.jpg\",\"full\":\"https:\\\/\\\/regese.ch\\\/fussball\\\/wp-content\\\/uploads\\\/2025\\\/05\\\/FC-Prishtina-FCK05_28-05-25-18.jpg\",\"index\":17,\"id\":20626,\"video\":false,\"opts\":{\"caption\":\"\",\"thumb\":\"https:\\\/\\\/regese.ch\\\/fussball\\\/wp-content\\\/uploads\\\/2025\\\/05\\\/FC-Prishtina-FCK05_28-05-25-18-75x50_c.jpg\",\"title\":\"FC Prishtina - FCK05_28-05-25-18\"},\"gallery_id\":\"20702\"},{\"status\":\"active\",\"src\":\"https:\\\/\\\/regese.ch\\\/fussball\\\/wp-content\\\/uploads\\\/2025\\\/05\\\/FC-Prishtina-FCK05_28-05-25-19.jpg\",\"title\":\"FC Prishtina - FCK05_28-05-25-19\",\"link\":\"https:\\\/\\\/regese.ch\\\/fussball\\\/wp-content\\\/uploads\\\/2025\\\/05\\\/FC-Prishtina-FCK05_28-05-25-19.jpg\",\"alt\":\"\",\"caption\":false,\"thumb\":\"https:\\\/\\\/regese.ch\\\/fussball\\\/wp-content\\\/uploads\\\/2025\\\/05\\\/FC-Prishtina-FCK05_28-05-25-19-75x50_c.jpg\",\"meta\":{\"aperture\":\"6.3\",\"credit\":null,\"camera\":\"Canon EOS R6\",\"caption\":\"\",\"created_timestamp\":\"1748457957\",\"copyright\":null,\"focal_length\":\"164\",\"iso\":\"6400\",\"shutter_speed\":\"0.001\",\"title\":\"\",\"orientation\":null,\"keywords\":null,\"resized_images\":null},\"thumbnail\":\"https:\\\/\\\/regese.ch\\\/fussball\\\/wp-content\\\/uploads\\\/2025\\\/05\\\/FC-Prishtina-FCK05_28-05-25-19-150x100.jpg\",\"medium\":\"https:\\\/\\\/regese.ch\\\/fussball\\\/wp-content\\\/uploads\\\/2025\\\/05\\\/FC-Prishtina-FCK05_28-05-25-19-300x200.jpg\",\"medium_large\":\"https:\\\/\\\/regese.ch\\\/fussball\\\/wp-content\\\/uploads\\\/2025\\\/05\\\/FC-Prishtina-FCK05_28-05-25-19-768x512.jpg\",\"large\":\"https:\\\/\\\/regese.ch\\\/fussball\\\/wp-content\\\/uploads\\\/2025\\\/05\\\/FC-Prishtina-FCK05_28-05-25-19.jpg\",\"1536x1536\":\"https:\\\/\\\/regese.ch\\\/fussball\\\/wp-content\\\/uploads\\\/2025\\\/05\\\/FC-Prishtina-FCK05_28-05-25-19-1536x1024.jpg\",\"2048x2048\":\"https:\\\/\\\/regese.ch\\\/fussball\\\/wp-content\\\/uploads\\\/2025\\\/05\\\/FC-Prishtina-FCK05_28-05-25-19.jpg\",\"sportspress-crop-medium\":\"https:\\\/\\\/regese.ch\\\/fussball\\\/wp-content\\\/uploads\\\/2025\\\/05\\\/FC-Prishtina-FCK05_28-05-25-19-300x300.jpg\",\"sportspress-fit-medium\":\"https:\\\/\\\/regese.ch\\\/fussball\\\/wp-content\\\/uploads\\\/2025\\\/05\\\/FC-Prishtina-FCK05_28-05-25-19-300x200.jpg\",\"sportspress-fit-icon\":\"https:\\\/\\\/regese.ch\\\/fussball\\\/wp-content\\\/uploads\\\/2025\\\/05\\\/FC-Prishtina-FCK05_28-05-25-19-128x85.jpg\",\"sportspress-fit-mini\":\"https:\\\/\\\/regese.ch\\\/fussball\\\/wp-content\\\/uploads\\\/2025\\\/05\\\/FC-Prishtina-FCK05_28-05-25-19-32x21.jpg\",\"full\":\"https:\\\/\\\/regese.ch\\\/fussball\\\/wp-content\\\/uploads\\\/2025\\\/05\\\/FC-Prishtina-FCK05_28-05-25-19.jpg\",\"index\":18,\"id\":20627,\"video\":false,\"opts\":{\"caption\":\"\",\"thumb\":\"https:\\\/\\\/regese.ch\\\/fussball\\\/wp-content\\\/uploads\\\/2025\\\/05\\\/FC-Prishtina-FCK05_28-05-25-19-75x50_c.jpg\",\"title\":\"FC Prishtina - FCK05_28-05-25-19\"},\"gallery_id\":\"20702\"},{\"status\":\"active\",\"src\":\"https:\\\/\\\/regese.ch\\\/fussball\\\/wp-content\\\/uploads\\\/2025\\\/05\\\/FC-Prishtina-FCK05_28-05-25-20.jpg\",\"title\":\"FC Prishtina - FCK05_28-05-25-20\",\"link\":\"https:\\\/\\\/regese.ch\\\/fussball\\\/wp-content\\\/uploads\\\/2025\\\/05\\\/FC-Prishtina-FCK05_28-05-25-20.jpg\",\"alt\":\"\",\"caption\":false,\"thumb\":\"https:\\\/\\\/regese.ch\\\/fussball\\\/wp-content\\\/uploads\\\/2025\\\/05\\\/FC-Prishtina-FCK05_28-05-25-20-75x50_c.jpg\",\"meta\":{\"aperture\":\"6.3\",\"credit\":null,\"camera\":\"Canon EOS R6\",\"caption\":\"\",\"created_timestamp\":\"1748457958\",\"copyright\":null,\"focal_length\":\"164\",\"iso\":\"4000\",\"shutter_speed\":\"0.001\",\"title\":\"\",\"orientation\":null,\"keywords\":null,\"resized_images\":null},\"thumbnail\":\"https:\\\/\\\/regese.ch\\\/fussball\\\/wp-content\\\/uploads\\\/2025\\\/05\\\/FC-Prishtina-FCK05_28-05-25-20-150x100.jpg\",\"medium\":\"https:\\\/\\\/regese.ch\\\/fussball\\\/wp-content\\\/uploads\\\/2025\\\/05\\\/FC-Prishtina-FCK05_28-05-25-20-300x200.jpg\",\"medium_large\":\"https:\\\/\\\/regese.ch\\\/fussball\\\/wp-content\\\/uploads\\\/2025\\\/05\\\/FC-Prishtina-FCK05_28-05-25-20-768x512.jpg\",\"large\":\"https:\\\/\\\/regese.ch\\\/fussball\\\/wp-content\\\/uploads\\\/2025\\\/05\\\/FC-Prishtina-FCK05_28-05-25-20.jpg\",\"1536x1536\":\"https:\\\/\\\/regese.ch\\\/fussball\\\/wp-content\\\/uploads\\\/2025\\\/05\\\/FC-Prishtina-FCK05_28-05-25-20-1536x1024.jpg\",\"2048x2048\":\"https:\\\/\\\/regese.ch\\\/fussball\\\/wp-content\\\/uploads\\\/2025\\\/05\\\/FC-Prishtina-FCK05_28-05-25-20.jpg\",\"sportspress-crop-medium\":\"https:\\\/\\\/regese.ch\\\/fussball\\\/wp-content\\\/uploads\\\/2025\\\/05\\\/FC-Prishtina-FCK05_28-05-25-20-300x300.jpg\",\"sportspress-fit-medium\":\"https:\\\/\\\/regese.ch\\\/fussball\\\/wp-content\\\/uploads\\\/2025\\\/05\\\/FC-Prishtina-FCK05_28-05-25-20-300x200.jpg\",\"sportspress-fit-icon\":\"https:\\\/\\\/regese.ch\\\/fussball\\\/wp-content\\\/uploads\\\/2025\\\/05\\\/FC-Prishtina-FCK05_28-05-25-20-128x85.jpg\",\"sportspress-fit-mini\":\"https:\\\/\\\/regese.ch\\\/fussball\\\/wp-content\\\/uploads\\\/2025\\\/05\\\/FC-Prishtina-FCK05_28-05-25-20-32x21.jpg\",\"full\":\"https:\\\/\\\/regese.ch\\\/fussball\\\/wp-content\\\/uploads\\\/2025\\\/05\\\/FC-Prishtina-FCK05_28-05-25-20.jpg\",\"index\":19,\"id\":20628,\"video\":false,\"opts\":{\"caption\":\"\",\"thumb\":\"https:\\\/\\\/regese.ch\\\/fussball\\\/wp-content\\\/uploads\\\/2025\\\/05\\\/FC-Prishtina-FCK05_28-05-25-20-75x50_c.jpg\",\"title\":\"FC Prishtina - FCK05_28-05-25-20\"},\"gallery_id\":\"20702\"},{\"status\":\"active\",\"src\":\"https:\\\/\\\/regese.ch\\\/fussball\\\/wp-content\\\/uploads\\\/2025\\\/05\\\/FC-Prishtina-FCK05_28-05-25-21.jpg\",\"title\":\"FC Prishtina - FCK05_28-05-25-21\",\"link\":\"https:\\\/\\\/regese.ch\\\/fussball\\\/wp-content\\\/uploads\\\/2025\\\/05\\\/FC-Prishtina-FCK05_28-05-25-21.jpg\",\"alt\":\"\",\"caption\":false,\"thumb\":\"https:\\\/\\\/regese.ch\\\/fussball\\\/wp-content\\\/uploads\\\/2025\\\/05\\\/FC-Prishtina-FCK05_28-05-25-21-75x50_c.jpg\",\"meta\":{\"aperture\":\"6.3\",\"credit\":null,\"camera\":\"Canon EOS R6\",\"caption\":\"\",\"created_timestamp\":\"1748457979\",\"copyright\":null,\"focal_length\":\"300\",\"iso\":\"5000\",\"shutter_speed\":\"0.001\",\"title\":\"\",\"orientation\":null,\"keywords\":null,\"resized_images\":null},\"thumbnail\":\"https:\\\/\\\/regese.ch\\\/fussball\\\/wp-content\\\/uploads\\\/2025\\\/05\\\/FC-Prishtina-FCK05_28-05-25-21-150x100.jpg\",\"medium\":\"https:\\\/\\\/regese.ch\\\/fussball\\\/wp-content\\\/uploads\\\/2025\\\/05\\\/FC-Prishtina-FCK05_28-05-25-21-300x200.jpg\",\"medium_large\":\"https:\\\/\\\/regese.ch\\\/fussball\\\/wp-content\\\/uploads\\\/2025\\\/05\\\/FC-Prishtina-FCK05_28-05-25-21-768x512.jpg\",\"large\":\"https:\\\/\\\/regese.ch\\\/fussball\\\/wp-content\\\/uploads\\\/2025\\\/05\\\/FC-Prishtina-FCK05_28-05-25-21.jpg\",\"1536x1536\":\"https:\\\/\\\/regese.ch\\\/fussball\\\/wp-content\\\/uploads\\\/2025\\\/05\\\/FC-Prishtina-FCK05_28-05-25-21-1536x1024.jpg\",\"2048x2048\":\"https:\\\/\\\/regese.ch\\\/fussball\\\/wp-content\\\/uploads\\\/2025\\\/05\\\/FC-Prishtina-FCK05_28-05-25-21.jpg\",\"sportspress-crop-medium\":\"https:\\\/\\\/regese.ch\\\/fussball\\\/wp-content\\\/uploads\\\/2025\\\/05\\\/FC-Prishtina-FCK05_28-05-25-21-300x300.jpg\",\"sportspress-fit-medium\":\"https:\\\/\\\/regese.ch\\\/fussball\\\/wp-content\\\/uploads\\\/2025\\\/05\\\/FC-Prishtina-FCK05_28-05-25-21-300x200.jpg\",\"sportspress-fit-icon\":\"https:\\\/\\\/regese.ch\\\/fussball\\\/wp-content\\\/uploads\\\/2025\\\/05\\\/FC-Prishtina-FCK05_28-05-25-21-128x85.jpg\",\"sportspress-fit-mini\":\"https:\\\/\\\/regese.ch\\\/fussball\\\/wp-content\\\/uploads\\\/2025\\\/05\\\/FC-Prishtina-FCK05_28-05-25-21-32x21.jpg\",\"full\":\"https:\\\/\\\/regese.ch\\\/fussball\\\/wp-content\\\/uploads\\\/2025\\\/05\\\/FC-Prishtina-FCK05_28-05-25-21.jpg\",\"index\":20,\"id\":20629,\"video\":false,\"opts\":{\"caption\":\"\",\"thumb\":\"https:\\\/\\\/regese.ch\\\/fussball\\\/wp-content\\\/uploads\\\/2025\\\/05\\\/FC-Prishtina-FCK05_28-05-25-21-75x50_c.jpg\",\"title\":\"FC Prishtina - FCK05_28-05-25-21\"},\"gallery_id\":\"20702\"},{\"status\":\"active\",\"src\":\"https:\\\/\\\/regese.ch\\\/fussball\\\/wp-content\\\/uploads\\\/2025\\\/05\\\/FC-Prishtina-FCK05_28-05-25-22.jpg\",\"title\":\"FC Prishtina - FCK05_28-05-25-22\",\"link\":\"https:\\\/\\\/regese.ch\\\/fussball\\\/wp-content\\\/uploads\\\/2025\\\/05\\\/FC-Prishtina-FCK05_28-05-25-22.jpg\",\"alt\":\"\",\"caption\":false,\"thumb\":\"https:\\\/\\\/regese.ch\\\/fussball\\\/wp-content\\\/uploads\\\/2025\\\/05\\\/FC-Prishtina-FCK05_28-05-25-22-75x50_c.jpg\",\"meta\":{\"aperture\":\"6.3\",\"credit\":null,\"camera\":\"Canon EOS R6\",\"caption\":\"\",\"created_timestamp\":\"1748457983\",\"copyright\":null,\"focal_length\":\"371\",\"iso\":\"8000\",\"shutter_speed\":\"0.001\",\"title\":\"\",\"orientation\":null,\"keywords\":null,\"resized_images\":null},\"thumbnail\":\"https:\\\/\\\/regese.ch\\\/fussball\\\/wp-content\\\/uploads\\\/2025\\\/05\\\/FC-Prishtina-FCK05_28-05-25-22-150x100.jpg\",\"medium\":\"https:\\\/\\\/regese.ch\\\/fussball\\\/wp-content\\\/uploads\\\/2025\\\/05\\\/FC-Prishtina-FCK05_28-05-25-22-300x200.jpg\",\"medium_large\":\"https:\\\/\\\/regese.ch\\\/fussball\\\/wp-content\\\/uploads\\\/2025\\\/05\\\/FC-Prishtina-FCK05_28-05-25-22-768x512.jpg\",\"large\":\"https:\\\/\\\/regese.ch\\\/fussball\\\/wp-content\\\/uploads\\\/2025\\\/05\\\/FC-Prishtina-FCK05_28-05-25-22.jpg\",\"1536x1536\":\"https:\\\/\\\/regese.ch\\\/fussball\\\/wp-content\\\/uploads\\\/2025\\\/05\\\/FC-Prishtina-FCK05_28-05-25-22-1536x1024.jpg\",\"2048x2048\":\"https:\\\/\\\/regese.ch\\\/fussball\\\/wp-content\\\/uploads\\\/2025\\\/05\\\/FC-Prishtina-FCK05_28-05-25-22.jpg\",\"sportspress-crop-medium\":\"https:\\\/\\\/regese.ch\\\/fussball\\\/wp-content\\\/uploads\\\/2025\\\/05\\\/FC-Prishtina-FCK05_28-05-25-22-300x300.jpg\",\"sportspress-fit-medium\":\"https:\\\/\\\/regese.ch\\\/fussball\\\/wp-content\\\/uploads\\\/2025\\\/05\\\/FC-Prishtina-FCK05_28-05-25-22-300x200.jpg\",\"sportspress-fit-icon\":\"https:\\\/\\\/regese.ch\\\/fussball\\\/wp-content\\\/uploads\\\/2025\\\/05\\\/FC-Prishtina-FCK05_28-05-25-22-128x85.jpg\",\"sportspress-fit-mini\":\"https:\\\/\\\/regese.ch\\\/fussball\\\/wp-content\\\/uploads\\\/2025\\\/05\\\/FC-Prishtina-FCK05_28-05-25-22-32x21.jpg\",\"full\":\"https:\\\/\\\/regese.ch\\\/fussball\\\/wp-content\\\/uploads\\\/2025\\\/05\\\/FC-Prishtina-FCK05_28-05-25-22.jpg\",\"index\":21,\"id\":20630,\"video\":false,\"opts\":{\"caption\":\"\",\"thumb\":\"https:\\\/\\\/regese.ch\\\/fussball\\\/wp-content\\\/uploads\\\/2025\\\/05\\\/FC-Prishtina-FCK05_28-05-25-22-75x50_c.jpg\",\"title\":\"FC Prishtina - FCK05_28-05-25-22\"},\"gallery_id\":\"20702\"},{\"status\":\"active\",\"src\":\"https:\\\/\\\/regese.ch\\\/fussball\\\/wp-content\\\/uploads\\\/2025\\\/05\\\/FC-Prishtina-FCK05_28-05-25-23.jpg\",\"title\":\"FC Prishtina - FCK05_28-05-25-23\",\"link\":\"https:\\\/\\\/regese.ch\\\/fussball\\\/wp-content\\\/uploads\\\/2025\\\/05\\\/FC-Prishtina-FCK05_28-05-25-23.jpg\",\"alt\":\"\",\"caption\":false,\"thumb\":\"https:\\\/\\\/regese.ch\\\/fussball\\\/wp-content\\\/uploads\\\/2025\\\/05\\\/FC-Prishtina-FCK05_28-05-25-23-75x50_c.jpg\",\"meta\":{\"aperture\":\"6.3\",\"credit\":null,\"camera\":\"Canon EOS R6\",\"caption\":\"\",\"created_timestamp\":\"1748458032\",\"copyright\":null,\"focal_length\":\"400\",\"iso\":\"8000\",\"shutter_speed\":\"0.001\",\"title\":\"\",\"orientation\":null,\"keywords\":null,\"resized_images\":null},\"thumbnail\":\"https:\\\/\\\/regese.ch\\\/fussball\\\/wp-content\\\/uploads\\\/2025\\\/05\\\/FC-Prishtina-FCK05_28-05-25-23-150x100.jpg\",\"medium\":\"https:\\\/\\\/regese.ch\\\/fussball\\\/wp-content\\\/uploads\\\/2025\\\/05\\\/FC-Prishtina-FCK05_28-05-25-23-300x200.jpg\",\"medium_large\":\"https:\\\/\\\/regese.ch\\\/fussball\\\/wp-content\\\/uploads\\\/2025\\\/05\\\/FC-Prishtina-FCK05_28-05-25-23-768x512.jpg\",\"large\":\"https:\\\/\\\/regese.ch\\\/fussball\\\/wp-content\\\/uploads\\\/2025\\\/05\\\/FC-Prishtina-FCK05_28-05-25-23.jpg\",\"1536x1536\":\"https:\\\/\\\/regese.ch\\\/fussball\\\/wp-content\\\/uploads\\\/2025\\\/05\\\/FC-Prishtina-FCK05_28-05-25-23-1536x1024.jpg\",\"2048x2048\":\"https:\\\/\\\/regese.ch\\\/fussball\\\/wp-content\\\/uploads\\\/2025\\\/05\\\/FC-Prishtina-FCK05_28-05-25-23.jpg\",\"sportspress-crop-medium\":\"https:\\\/\\\/regese.ch\\\/fussball\\\/wp-content\\\/uploads\\\/2025\\\/05\\\/FC-Prishtina-FCK05_28-05-25-23-300x300.jpg\",\"sportspress-fit-medium\":\"https:\\\/\\\/regese.ch\\\/fussball\\\/wp-content\\\/uploads\\\/2025\\\/05\\\/FC-Prishtina-FCK05_28-05-25-23-300x200.jpg\",\"sportspress-fit-icon\":\"https:\\\/\\\/regese.ch\\\/fussball\\\/wp-content\\\/uploads\\\/2025\\\/05\\\/FC-Prishtina-FCK05_28-05-25-23-128x85.jpg\",\"sportspress-fit-mini\":\"https:\\\/\\\/regese.ch\\\/fussball\\\/wp-content\\\/uploads\\\/2025\\\/05\\\/FC-Prishtina-FCK05_28-05-25-23-32x21.jpg\",\"full\":\"https:\\\/\\\/regese.ch\\\/fussball\\\/wp-content\\\/uploads\\\/2025\\\/05\\\/FC-Prishtina-FCK05_28-05-25-23.jpg\",\"index\":22,\"id\":20631,\"video\":false,\"opts\":{\"caption\":\"\",\"thumb\":\"https:\\\/\\\/regese.ch\\\/fussball\\\/wp-content\\\/uploads\\\/2025\\\/05\\\/FC-Prishtina-FCK05_28-05-25-23-75x50_c.jpg\",\"title\":\"FC Prishtina - FCK05_28-05-25-23\"},\"gallery_id\":\"20702\"},{\"status\":\"active\",\"src\":\"https:\\\/\\\/regese.ch\\\/fussball\\\/wp-content\\\/uploads\\\/2025\\\/05\\\/FC-Prishtina-FCK05_28-05-25-24.jpg\",\"title\":\"FC Prishtina - FCK05_28-05-25-24\",\"link\":\"https:\\\/\\\/regese.ch\\\/fussball\\\/wp-content\\\/uploads\\\/2025\\\/05\\\/FC-Prishtina-FCK05_28-05-25-24.jpg\",\"alt\":\"\",\"caption\":false,\"thumb\":\"https:\\\/\\\/regese.ch\\\/fussball\\\/wp-content\\\/uploads\\\/2025\\\/05\\\/FC-Prishtina-FCK05_28-05-25-24-75x50_c.jpg\",\"meta\":{\"aperture\":\"6.3\",\"credit\":null,\"camera\":\"Canon EOS R6\",\"caption\":\"\",\"created_timestamp\":\"1748458073\",\"copyright\":null,\"focal_length\":\"120\",\"iso\":\"8000\",\"shutter_speed\":\"0.001\",\"title\":\"\",\"orientation\":null,\"keywords\":null,\"resized_images\":null},\"thumbnail\":\"https:\\\/\\\/regese.ch\\\/fussball\\\/wp-content\\\/uploads\\\/2025\\\/05\\\/FC-Prishtina-FCK05_28-05-25-24-150x100.jpg\",\"medium\":\"https:\\\/\\\/regese.ch\\\/fussball\\\/wp-content\\\/uploads\\\/2025\\\/05\\\/FC-Prishtina-FCK05_28-05-25-24-300x200.jpg\",\"medium_large\":\"https:\\\/\\\/regese.ch\\\/fussball\\\/wp-content\\\/uploads\\\/2025\\\/05\\\/FC-Prishtina-FCK05_28-05-25-24-768x512.jpg\",\"large\":\"https:\\\/\\\/regese.ch\\\/fussball\\\/wp-content\\\/uploads\\\/2025\\\/05\\\/FC-Prishtina-FCK05_28-05-25-24.jpg\",\"1536x1536\":\"https:\\\/\\\/regese.ch\\\/fussball\\\/wp-content\\\/uploads\\\/2025\\\/05\\\/FC-Prishtina-FCK05_28-05-25-24-1536x1024.jpg\",\"2048x2048\":\"https:\\\/\\\/regese.ch\\\/fussball\\\/wp-content\\\/uploads\\\/2025\\\/05\\\/FC-Prishtina-FCK05_28-05-25-24.jpg\",\"sportspress-crop-medium\":\"https:\\\/\\\/regese.ch\\\/fussball\\\/wp-content\\\/uploads\\\/2025\\\/05\\\/FC-Prishtina-FCK05_28-05-25-24-300x300.jpg\",\"sportspress-fit-medium\":\"https:\\\/\\\/regese.ch\\\/fussball\\\/wp-content\\\/uploads\\\/2025\\\/05\\\/FC-Prishtina-FCK05_28-05-25-24-300x200.jpg\",\"sportspress-fit-icon\":\"https:\\\/\\\/regese.ch\\\/fussball\\\/wp-content\\\/uploads\\\/2025\\\/05\\\/FC-Prishtina-FCK05_28-05-25-24-128x85.jpg\",\"sportspress-fit-mini\":\"https:\\\/\\\/regese.ch\\\/fussball\\\/wp-content\\\/uploads\\\/2025\\\/05\\\/FC-Prishtina-FCK05_28-05-25-24-32x21.jpg\",\"full\":\"https:\\\/\\\/regese.ch\\\/fussball\\\/wp-content\\\/uploads\\\/2025\\\/05\\\/FC-Prishtina-FCK05_28-05-25-24.jpg\",\"index\":23,\"id\":20632,\"video\":false,\"opts\":{\"caption\":\"\",\"thumb\":\"https:\\\/\\\/regese.ch\\\/fussball\\\/wp-content\\\/uploads\\\/2025\\\/05\\\/FC-Prishtina-FCK05_28-05-25-24-75x50_c.jpg\",\"title\":\"FC Prishtina - FCK05_28-05-25-24\"},\"gallery_id\":\"20702\"},{\"status\":\"active\",\"src\":\"https:\\\/\\\/regese.ch\\\/fussball\\\/wp-content\\\/uploads\\\/2025\\\/05\\\/FC-Prishtina-FCK05_28-05-25-25.jpg\",\"title\":\"FC Prishtina - FCK05_28-05-25-25\",\"link\":\"https:\\\/\\\/regese.ch\\\/fussball\\\/wp-content\\\/uploads\\\/2025\\\/05\\\/FC-Prishtina-FCK05_28-05-25-25.jpg\",\"alt\":\"\",\"caption\":false,\"thumb\":\"https:\\\/\\\/regese.ch\\\/fussball\\\/wp-content\\\/uploads\\\/2025\\\/05\\\/FC-Prishtina-FCK05_28-05-25-25-75x50_c.jpg\",\"meta\":{\"aperture\":\"6.3\",\"credit\":null,\"camera\":\"Canon EOS R6\",\"caption\":\"\",\"created_timestamp\":\"1748458073\",\"copyright\":null,\"focal_length\":\"120\",\"iso\":\"8000\",\"shutter_speed\":\"0.001\",\"title\":\"\",\"orientation\":null,\"keywords\":null,\"resized_images\":null},\"thumbnail\":\"https:\\\/\\\/regese.ch\\\/fussball\\\/wp-content\\\/uploads\\\/2025\\\/05\\\/FC-Prishtina-FCK05_28-05-25-25-150x100.jpg\",\"medium\":\"https:\\\/\\\/regese.ch\\\/fussball\\\/wp-content\\\/uploads\\\/2025\\\/05\\\/FC-Prishtina-FCK05_28-05-25-25-300x200.jpg\",\"medium_large\":\"https:\\\/\\\/regese.ch\\\/fussball\\\/wp-content\\\/uploads\\\/2025\\\/05\\\/FC-Prishtina-FCK05_28-05-25-25-768x512.jpg\",\"large\":\"https:\\\/\\\/regese.ch\\\/fussball\\\/wp-content\\\/uploads\\\/2025\\\/05\\\/FC-Prishtina-FCK05_28-05-25-25.jpg\",\"1536x1536\":\"https:\\\/\\\/regese.ch\\\/fussball\\\/wp-content\\\/uploads\\\/2025\\\/05\\\/FC-Prishtina-FCK05_28-05-25-25-1536x1024.jpg\",\"2048x2048\":\"https:\\\/\\\/regese.ch\\\/fussball\\\/wp-content\\\/uploads\\\/2025\\\/05\\\/FC-Prishtina-FCK05_28-05-25-25.jpg\",\"sportspress-crop-medium\":\"https:\\\/\\\/regese.ch\\\/fussball\\\/wp-content\\\/uploads\\\/2025\\\/05\\\/FC-Prishtina-FCK05_28-05-25-25-300x300.jpg\",\"sportspress-fit-medium\":\"https:\\\/\\\/regese.ch\\\/fussball\\\/wp-content\\\/uploads\\\/2025\\\/05\\\/FC-Prishtina-FCK05_28-05-25-25-300x200.jpg\",\"sportspress-fit-icon\":\"https:\\\/\\\/regese.ch\\\/fussball\\\/wp-content\\\/uploads\\\/2025\\\/05\\\/FC-Prishtina-FCK05_28-05-25-25-128x85.jpg\",\"sportspress-fit-mini\":\"https:\\\/\\\/regese.ch\\\/fussball\\\/wp-content\\\/uploads\\\/2025\\\/05\\\/FC-Prishtina-FCK05_28-05-25-25-32x21.jpg\",\"full\":\"https:\\\/\\\/regese.ch\\\/fussball\\\/wp-content\\\/uploads\\\/2025\\\/05\\\/FC-Prishtina-FCK05_28-05-25-25.jpg\",\"index\":24,\"id\":20633,\"video\":false,\"opts\":{\"caption\":\"\",\"thumb\":\"https:\\\/\\\/regese.ch\\\/fussball\\\/wp-content\\\/uploads\\\/2025\\\/05\\\/FC-Prishtina-FCK05_28-05-25-25-75x50_c.jpg\",\"title\":\"FC Prishtina - FCK05_28-05-25-25\"},\"gallery_id\":\"20702\"},{\"status\":\"active\",\"src\":\"https:\\\/\\\/regese.ch\\\/fussball\\\/wp-content\\\/uploads\\\/2025\\\/05\\\/FC-Prishtina-FCK05_28-05-25-26.jpg\",\"title\":\"FC Prishtina - FCK05_28-05-25-26\",\"link\":\"https:\\\/\\\/regese.ch\\\/fussball\\\/wp-content\\\/uploads\\\/2025\\\/05\\\/FC-Prishtina-FCK05_28-05-25-26.jpg\",\"alt\":\"\",\"caption\":false,\"thumb\":\"https:\\\/\\\/regese.ch\\\/fussball\\\/wp-content\\\/uploads\\\/2025\\\/05\\\/FC-Prishtina-FCK05_28-05-25-26-75x50_c.jpg\",\"meta\":{\"aperture\":\"6.3\",\"credit\":null,\"camera\":\"Canon EOS R6\",\"caption\":\"\",\"created_timestamp\":\"1748458073\",\"copyright\":null,\"focal_length\":\"120\",\"iso\":\"6400\",\"shutter_speed\":\"0.001\",\"title\":\"\",\"orientation\":null,\"keywords\":null,\"resized_images\":null},\"thumbnail\":\"https:\\\/\\\/regese.ch\\\/fussball\\\/wp-content\\\/uploads\\\/2025\\\/05\\\/FC-Prishtina-FCK05_28-05-25-26-150x100.jpg\",\"medium\":\"https:\\\/\\\/regese.ch\\\/fussball\\\/wp-content\\\/uploads\\\/2025\\\/05\\\/FC-Prishtina-FCK05_28-05-25-26-300x200.jpg\",\"medium_large\":\"https:\\\/\\\/regese.ch\\\/fussball\\\/wp-content\\\/uploads\\\/2025\\\/05\\\/FC-Prishtina-FCK05_28-05-25-26-768x512.jpg\",\"large\":\"https:\\\/\\\/regese.ch\\\/fussball\\\/wp-content\\\/uploads\\\/2025\\\/05\\\/FC-Prishtina-FCK05_28-05-25-26.jpg\",\"1536x1536\":\"https:\\\/\\\/regese.ch\\\/fussball\\\/wp-content\\\/uploads\\\/2025\\\/05\\\/FC-Prishtina-FCK05_28-05-25-26-1536x1024.jpg\",\"2048x2048\":\"https:\\\/\\\/regese.ch\\\/fussball\\\/wp-content\\\/uploads\\\/2025\\\/05\\\/FC-Prishtina-FCK05_28-05-25-26.jpg\",\"sportspress-crop-medium\":\"https:\\\/\\\/regese.ch\\\/fussball\\\/wp-content\\\/uploads\\\/2025\\\/05\\\/FC-Prishtina-FCK05_28-05-25-26-300x300.jpg\",\"sportspress-fit-medium\":\"https:\\\/\\\/regese.ch\\\/fussball\\\/wp-content\\\/uploads\\\/2025\\\/05\\\/FC-Prishtina-FCK05_28-05-25-26-300x200.jpg\",\"sportspress-fit-icon\":\"https:\\\/\\\/regese.ch\\\/fussball\\\/wp-content\\\/uploads\\\/2025\\\/05\\\/FC-Prishtina-FCK05_28-05-25-26-128x85.jpg\",\"sportspress-fit-mini\":\"https:\\\/\\\/regese.ch\\\/fussball\\\/wp-content\\\/uploads\\\/2025\\\/05\\\/FC-Prishtina-FCK05_28-05-25-26-32x21.jpg\",\"full\":\"https:\\\/\\\/regese.ch\\\/fussball\\\/wp-content\\\/uploads\\\/2025\\\/05\\\/FC-Prishtina-FCK05_28-05-25-26.jpg\",\"index\":25,\"id\":20634,\"video\":false,\"opts\":{\"caption\":\"\",\"thumb\":\"https:\\\/\\\/regese.ch\\\/fussball\\\/wp-content\\\/uploads\\\/2025\\\/05\\\/FC-Prishtina-FCK05_28-05-25-26-75x50_c.jpg\",\"title\":\"FC Prishtina - FCK05_28-05-25-26\"},\"gallery_id\":\"20702\"},{\"status\":\"active\",\"src\":\"https:\\\/\\\/regese.ch\\\/fussball\\\/wp-content\\\/uploads\\\/2025\\\/05\\\/FC-Prishtina-FCK05_28-05-25-27.jpg\",\"title\":\"FC Prishtina - FCK05_28-05-25-27\",\"link\":\"https:\\\/\\\/regese.ch\\\/fussball\\\/wp-content\\\/uploads\\\/2025\\\/05\\\/FC-Prishtina-FCK05_28-05-25-27.jpg\",\"alt\":\"\",\"caption\":false,\"thumb\":\"https:\\\/\\\/regese.ch\\\/fussball\\\/wp-content\\\/uploads\\\/2025\\\/05\\\/FC-Prishtina-FCK05_28-05-25-27-75x50_c.jpg\",\"meta\":{\"aperture\":\"7.1\",\"credit\":null,\"camera\":\"Canon EOS R6\",\"caption\":\"\",\"created_timestamp\":\"1748458148\",\"copyright\":null,\"focal_length\":\"158\",\"iso\":\"10000\",\"shutter_speed\":\"0.001\",\"title\":\"\",\"orientation\":null,\"keywords\":null,\"resized_images\":null},\"thumbnail\":\"https:\\\/\\\/regese.ch\\\/fussball\\\/wp-content\\\/uploads\\\/2025\\\/05\\\/FC-Prishtina-FCK05_28-05-25-27-150x100.jpg\",\"medium\":\"https:\\\/\\\/regese.ch\\\/fussball\\\/wp-content\\\/uploads\\\/2025\\\/05\\\/FC-Prishtina-FCK05_28-05-25-27-300x200.jpg\",\"medium_large\":\"https:\\\/\\\/regese.ch\\\/fussball\\\/wp-content\\\/uploads\\\/2025\\\/05\\\/FC-Prishtina-FCK05_28-05-25-27-768x512.jpg\",\"large\":\"https:\\\/\\\/regese.ch\\\/fussball\\\/wp-content\\\/uploads\\\/2025\\\/05\\\/FC-Prishtina-FCK05_28-05-25-27.jpg\",\"1536x1536\":\"https:\\\/\\\/regese.ch\\\/fussball\\\/wp-content\\\/uploads\\\/2025\\\/05\\\/FC-Prishtina-FCK05_28-05-25-27-1536x1024.jpg\",\"2048x2048\":\"https:\\\/\\\/regese.ch\\\/fussball\\\/wp-content\\\/uploads\\\/2025\\\/05\\\/FC-Prishtina-FCK05_28-05-25-27.jpg\",\"sportspress-crop-medium\":\"https:\\\/\\\/regese.ch\\\/fussball\\\/wp-content\\\/uploads\\\/2025\\\/05\\\/FC-Prishtina-FCK05_28-05-25-27-300x300.jpg\",\"sportspress-fit-medium\":\"https:\\\/\\\/regese.ch\\\/fussball\\\/wp-content\\\/uploads\\\/2025\\\/05\\\/FC-Prishtina-FCK05_28-05-25-27-300x200.jpg\",\"sportspress-fit-icon\":\"https:\\\/\\\/regese.ch\\\/fussball\\\/wp-content\\\/uploads\\\/2025\\\/05\\\/FC-Prishtina-FCK05_28-05-25-27-128x85.jpg\",\"sportspress-fit-mini\":\"https:\\\/\\\/regese.ch\\\/fussball\\\/wp-content\\\/uploads\\\/2025\\\/05\\\/FC-Prishtina-FCK05_28-05-25-27-32x21.jpg\",\"full\":\"https:\\\/\\\/regese.ch\\\/fussball\\\/wp-content\\\/uploads\\\/2025\\\/05\\\/FC-Prishtina-FCK05_28-05-25-27.jpg\",\"index\":26,\"id\":20635,\"video\":false,\"opts\":{\"caption\":\"\",\"thumb\":\"https:\\\/\\\/regese.ch\\\/fussball\\\/wp-content\\\/uploads\\\/2025\\\/05\\\/FC-Prishtina-FCK05_28-05-25-27-75x50_c.jpg\",\"title\":\"FC Prishtina - FCK05_28-05-25-27\"},\"gallery_id\":\"20702\"},{\"status\":\"active\",\"src\":\"https:\\\/\\\/regese.ch\\\/fussball\\\/wp-content\\\/uploads\\\/2025\\\/05\\\/FC-Prishtina-FCK05_28-05-25-28.jpg\",\"title\":\"FC Prishtina - FCK05_28-05-25-28\",\"link\":\"https:\\\/\\\/regese.ch\\\/fussball\\\/wp-content\\\/uploads\\\/2025\\\/05\\\/FC-Prishtina-FCK05_28-05-25-28.jpg\",\"alt\":\"\",\"caption\":false,\"thumb\":\"https:\\\/\\\/regese.ch\\\/fussball\\\/wp-content\\\/uploads\\\/2025\\\/05\\\/FC-Prishtina-FCK05_28-05-25-28-75x50_c.jpg\",\"meta\":{\"aperture\":\"7.1\",\"credit\":null,\"camera\":\"Canon EOS R6\",\"caption\":\"\",\"created_timestamp\":\"1748458162\",\"copyright\":null,\"focal_length\":\"400\",\"iso\":\"10000\",\"shutter_speed\":\"0.001\",\"title\":\"\",\"orientation\":null,\"keywords\":null,\"resized_images\":null},\"thumbnail\":\"https:\\\/\\\/regese.ch\\\/fussball\\\/wp-content\\\/uploads\\\/2025\\\/05\\\/FC-Prishtina-FCK05_28-05-25-28-150x100.jpg\",\"medium\":\"https:\\\/\\\/regese.ch\\\/fussball\\\/wp-content\\\/uploads\\\/2025\\\/05\\\/FC-Prishtina-FCK05_28-05-25-28-300x200.jpg\",\"medium_large\":\"https:\\\/\\\/regese.ch\\\/fussball\\\/wp-content\\\/uploads\\\/2025\\\/05\\\/FC-Prishtina-FCK05_28-05-25-28-768x512.jpg\",\"large\":\"https:\\\/\\\/regese.ch\\\/fussball\\\/wp-content\\\/uploads\\\/2025\\\/05\\\/FC-Prishtina-FCK05_28-05-25-28.jpg\",\"1536x1536\":\"https:\\\/\\\/regese.ch\\\/fussball\\\/wp-content\\\/uploads\\\/2025\\\/05\\\/FC-Prishtina-FCK05_28-05-25-28-1536x1024.jpg\",\"2048x2048\":\"https:\\\/\\\/regese.ch\\\/fussball\\\/wp-content\\\/uploads\\\/2025\\\/05\\\/FC-Prishtina-FCK05_28-05-25-28.jpg\",\"sportspress-crop-medium\":\"https:\\\/\\\/regese.ch\\\/fussball\\\/wp-content\\\/uploads\\\/2025\\\/05\\\/FC-Prishtina-FCK05_28-05-25-28-300x300.jpg\",\"sportspress-fit-medium\":\"https:\\\/\\\/regese.ch\\\/fussball\\\/wp-content\\\/uploads\\\/2025\\\/05\\\/FC-Prishtina-FCK05_28-05-25-28-300x200.jpg\",\"sportspress-fit-icon\":\"https:\\\/\\\/regese.ch\\\/fussball\\\/wp-content\\\/uploads\\\/2025\\\/05\\\/FC-Prishtina-FCK05_28-05-25-28-128x85.jpg\",\"sportspress-fit-mini\":\"https:\\\/\\\/regese.ch\\\/fussball\\\/wp-content\\\/uploads\\\/2025\\\/05\\\/FC-Prishtina-FCK05_28-05-25-28-32x21.jpg\",\"full\":\"https:\\\/\\\/regese.ch\\\/fussball\\\/wp-content\\\/uploads\\\/2025\\\/05\\\/FC-Prishtina-FCK05_28-05-25-28.jpg\",\"index\":27,\"id\":20636,\"video\":false,\"opts\":{\"caption\":\"\",\"thumb\":\"https:\\\/\\\/regese.ch\\\/fussball\\\/wp-content\\\/uploads\\\/2025\\\/05\\\/FC-Prishtina-FCK05_28-05-25-28-75x50_c.jpg\",\"title\":\"FC Prishtina - FCK05_28-05-25-28\"},\"gallery_id\":\"20702\"},{\"status\":\"active\",\"src\":\"https:\\\/\\\/regese.ch\\\/fussball\\\/wp-content\\\/uploads\\\/2025\\\/05\\\/FC-Prishtina-FCK05_28-05-25-29.jpg\",\"title\":\"FC Prishtina - FCK05_28-05-25-29\",\"link\":\"https:\\\/\\\/regese.ch\\\/fussball\\\/wp-content\\\/uploads\\\/2025\\\/05\\\/FC-Prishtina-FCK05_28-05-25-29.jpg\",\"alt\":\"\",\"caption\":false,\"thumb\":\"https:\\\/\\\/regese.ch\\\/fussball\\\/wp-content\\\/uploads\\\/2025\\\/05\\\/FC-Prishtina-FCK05_28-05-25-29-75x50_c.jpg\",\"meta\":{\"aperture\":\"6.3\",\"credit\":null,\"camera\":\"Canon EOS R6\",\"caption\":\"\",\"created_timestamp\":\"1748458295\",\"copyright\":null,\"focal_length\":\"360\",\"iso\":\"8000\",\"shutter_speed\":\"0.001\",\"title\":\"\",\"orientation\":null,\"keywords\":null,\"resized_images\":null},\"thumbnail\":\"https:\\\/\\\/regese.ch\\\/fussball\\\/wp-content\\\/uploads\\\/2025\\\/05\\\/FC-Prishtina-FCK05_28-05-25-29-150x100.jpg\",\"medium\":\"https:\\\/\\\/regese.ch\\\/fussball\\\/wp-content\\\/uploads\\\/2025\\\/05\\\/FC-Prishtina-FCK05_28-05-25-29-300x200.jpg\",\"medium_large\":\"https:\\\/\\\/regese.ch\\\/fussball\\\/wp-content\\\/uploads\\\/2025\\\/05\\\/FC-Prishtina-FCK05_28-05-25-29-768x512.jpg\",\"large\":\"https:\\\/\\\/regese.ch\\\/fussball\\\/wp-content\\\/uploads\\\/2025\\\/05\\\/FC-Prishtina-FCK05_28-05-25-29.jpg\",\"1536x1536\":\"https:\\\/\\\/regese.ch\\\/fussball\\\/wp-content\\\/uploads\\\/2025\\\/05\\\/FC-Prishtina-FCK05_28-05-25-29-1536x1024.jpg\",\"2048x2048\":\"https:\\\/\\\/regese.ch\\\/fussball\\\/wp-content\\\/uploads\\\/2025\\\/05\\\/FC-Prishtina-FCK05_28-05-25-29.jpg\",\"sportspress-crop-medium\":\"https:\\\/\\\/regese.ch\\\/fussball\\\/wp-content\\\/uploads\\\/2025\\\/05\\\/FC-Prishtina-FCK05_28-05-25-29-300x300.jpg\",\"sportspress-fit-medium\":\"https:\\\/\\\/regese.ch\\\/fussball\\\/wp-content\\\/uploads\\\/2025\\\/05\\\/FC-Prishtina-FCK05_28-05-25-29-300x200.jpg\",\"sportspress-fit-icon\":\"https:\\\/\\\/regese.ch\\\/fussball\\\/wp-content\\\/uploads\\\/2025\\\/05\\\/FC-Prishtina-FCK05_28-05-25-29-128x85.jpg\",\"sportspress-fit-mini\":\"https:\\\/\\\/regese.ch\\\/fussball\\\/wp-content\\\/uploads\\\/2025\\\/05\\\/FC-Prishtina-FCK05_28-05-25-29-32x21.jpg\",\"full\":\"https:\\\/\\\/regese.ch\\\/fussball\\\/wp-content\\\/uploads\\\/2025\\\/05\\\/FC-Prishtina-FCK05_28-05-25-29.jpg\",\"index\":28,\"id\":20637,\"video\":false,\"opts\":{\"caption\":\"\",\"thumb\":\"https:\\\/\\\/regese.ch\\\/fussball\\\/wp-content\\\/uploads\\\/2025\\\/05\\\/FC-Prishtina-FCK05_28-05-25-29-75x50_c.jpg\",\"title\":\"FC Prishtina - FCK05_28-05-25-29\"},\"gallery_id\":\"20702\"},{\"status\":\"active\",\"src\":\"https:\\\/\\\/regese.ch\\\/fussball\\\/wp-content\\\/uploads\\\/2025\\\/05\\\/FC-Prishtina-FCK05_28-05-25-30.jpg\",\"title\":\"FC Prishtina - FCK05_28-05-25-30\",\"link\":\"https:\\\/\\\/regese.ch\\\/fussball\\\/wp-content\\\/uploads\\\/2025\\\/05\\\/FC-Prishtina-FCK05_28-05-25-30.jpg\",\"alt\":\"\",\"caption\":false,\"thumb\":\"https:\\\/\\\/regese.ch\\\/fussball\\\/wp-content\\\/uploads\\\/2025\\\/05\\\/FC-Prishtina-FCK05_28-05-25-30-75x50_c.jpg\",\"meta\":{\"aperture\":\"6.3\",\"credit\":null,\"camera\":\"Canon EOS R6\",\"caption\":\"\",\"created_timestamp\":\"1748458296\",\"copyright\":null,\"focal_length\":\"360\",\"iso\":\"8000\",\"shutter_speed\":\"0.001\",\"title\":\"\",\"orientation\":null,\"keywords\":null,\"resized_images\":null},\"thumbnail\":\"https:\\\/\\\/regese.ch\\\/fussball\\\/wp-content\\\/uploads\\\/2025\\\/05\\\/FC-Prishtina-FCK05_28-05-25-30-150x100.jpg\",\"medium\":\"https:\\\/\\\/regese.ch\\\/fussball\\\/wp-content\\\/uploads\\\/2025\\\/05\\\/FC-Prishtina-FCK05_28-05-25-30-300x200.jpg\",\"medium_large\":\"https:\\\/\\\/regese.ch\\\/fussball\\\/wp-content\\\/uploads\\\/2025\\\/05\\\/FC-Prishtina-FCK05_28-05-25-30-768x512.jpg\",\"large\":\"https:\\\/\\\/regese.ch\\\/fussball\\\/wp-content\\\/uploads\\\/2025\\\/05\\\/FC-Prishtina-FCK05_28-05-25-30.jpg\",\"1536x1536\":\"https:\\\/\\\/regese.ch\\\/fussball\\\/wp-content\\\/uploads\\\/2025\\\/05\\\/FC-Prishtina-FCK05_28-05-25-30-1536x1024.jpg\",\"2048x2048\":\"https:\\\/\\\/regese.ch\\\/fussball\\\/wp-content\\\/uploads\\\/2025\\\/05\\\/FC-Prishtina-FCK05_28-05-25-30.jpg\",\"sportspress-crop-medium\":\"https:\\\/\\\/regese.ch\\\/fussball\\\/wp-content\\\/uploads\\\/2025\\\/05\\\/FC-Prishtina-FCK05_28-05-25-30-300x300.jpg\",\"sportspress-fit-medium\":\"https:\\\/\\\/regese.ch\\\/fussball\\\/wp-content\\\/uploads\\\/2025\\\/05\\\/FC-Prishtina-FCK05_28-05-25-30-300x200.jpg\",\"sportspress-fit-icon\":\"https:\\\/\\\/regese.ch\\\/fussball\\\/wp-content\\\/uploads\\\/2025\\\/05\\\/FC-Prishtina-FCK05_28-05-25-30-128x85.jpg\",\"sportspress-fit-mini\":\"https:\\\/\\\/regese.ch\\\/fussball\\\/wp-content\\\/uploads\\\/2025\\\/05\\\/FC-Prishtina-FCK05_28-05-25-30-32x21.jpg\",\"full\":\"https:\\\/\\\/regese.ch\\\/fussball\\\/wp-content\\\/uploads\\\/2025\\\/05\\\/FC-Prishtina-FCK05_28-05-25-30.jpg\",\"index\":29,\"id\":20638,\"video\":false,\"opts\":{\"caption\":\"\",\"thumb\":\"https:\\\/\\\/regese.ch\\\/fussball\\\/wp-content\\\/uploads\\\/2025\\\/05\\\/FC-Prishtina-FCK05_28-05-25-30-75x50_c.jpg\",\"title\":\"FC Prishtina - FCK05_28-05-25-30\"},\"gallery_id\":\"20702\"},{\"status\":\"active\",\"src\":\"https:\\\/\\\/regese.ch\\\/fussball\\\/wp-content\\\/uploads\\\/2025\\\/05\\\/FC-Prishtina-FCK05_28-05-25-31.jpg\",\"title\":\"FC Prishtina - FCK05_28-05-25-31\",\"link\":\"https:\\\/\\\/regese.ch\\\/fussball\\\/wp-content\\\/uploads\\\/2025\\\/05\\\/FC-Prishtina-FCK05_28-05-25-31.jpg\",\"alt\":\"\",\"caption\":false,\"thumb\":\"https:\\\/\\\/regese.ch\\\/fussball\\\/wp-content\\\/uploads\\\/2025\\\/05\\\/FC-Prishtina-FCK05_28-05-25-31-75x50_c.jpg\",\"meta\":{\"aperture\":\"6.3\",\"credit\":null,\"camera\":\"Canon EOS R6\",\"caption\":\"\",\"created_timestamp\":\"1748458298\",\"copyright\":null,\"focal_length\":\"360\",\"iso\":\"8000\",\"shutter_speed\":\"0.001\",\"title\":\"\",\"orientation\":null,\"keywords\":null,\"resized_images\":null},\"thumbnail\":\"https:\\\/\\\/regese.ch\\\/fussball\\\/wp-content\\\/uploads\\\/2025\\\/05\\\/FC-Prishtina-FCK05_28-05-25-31-150x100.jpg\",\"medium\":\"https:\\\/\\\/regese.ch\\\/fussball\\\/wp-content\\\/uploads\\\/2025\\\/05\\\/FC-Prishtina-FCK05_28-05-25-31-300x200.jpg\",\"medium_large\":\"https:\\\/\\\/regese.ch\\\/fussball\\\/wp-content\\\/uploads\\\/2025\\\/05\\\/FC-Prishtina-FCK05_28-05-25-31-768x512.jpg\",\"large\":\"https:\\\/\\\/regese.ch\\\/fussball\\\/wp-content\\\/uploads\\\/2025\\\/05\\\/FC-Prishtina-FCK05_28-05-25-31.jpg\",\"1536x1536\":\"https:\\\/\\\/regese.ch\\\/fussball\\\/wp-content\\\/uploads\\\/2025\\\/05\\\/FC-Prishtina-FCK05_28-05-25-31-1536x1024.jpg\",\"2048x2048\":\"https:\\\/\\\/regese.ch\\\/fussball\\\/wp-content\\\/uploads\\\/2025\\\/05\\\/FC-Prishtina-FCK05_28-05-25-31.jpg\",\"sportspress-crop-medium\":\"https:\\\/\\\/regese.ch\\\/fussball\\\/wp-content\\\/uploads\\\/2025\\\/05\\\/FC-Prishtina-FCK05_28-05-25-31-300x300.jpg\",\"sportspress-fit-medium\":\"https:\\\/\\\/regese.ch\\\/fussball\\\/wp-content\\\/uploads\\\/2025\\\/05\\\/FC-Prishtina-FCK05_28-05-25-31-300x200.jpg\",\"sportspress-fit-icon\":\"https:\\\/\\\/regese.ch\\\/fussball\\\/wp-content\\\/uploads\\\/2025\\\/05\\\/FC-Prishtina-FCK05_28-05-25-31-128x85.jpg\",\"sportspress-fit-mini\":\"https:\\\/\\\/regese.ch\\\/fussball\\\/wp-content\\\/uploads\\\/2025\\\/05\\\/FC-Prishtina-FCK05_28-05-25-31-32x21.jpg\",\"full\":\"https:\\\/\\\/regese.ch\\\/fussball\\\/wp-content\\\/uploads\\\/2025\\\/05\\\/FC-Prishtina-FCK05_28-05-25-31.jpg\",\"index\":30,\"id\":20639,\"video\":false,\"opts\":{\"caption\":\"\",\"thumb\":\"https:\\\/\\\/regese.ch\\\/fussball\\\/wp-content\\\/uploads\\\/2025\\\/05\\\/FC-Prishtina-FCK05_28-05-25-31-75x50_c.jpg\",\"title\":\"FC Prishtina - FCK05_28-05-25-31\"},\"gallery_id\":\"20702\"},{\"status\":\"active\",\"src\":\"https:\\\/\\\/regese.ch\\\/fussball\\\/wp-content\\\/uploads\\\/2025\\\/05\\\/FC-Prishtina-FCK05_28-05-25-32.jpg\",\"title\":\"FC Prishtina - FCK05_28-05-25-32\",\"link\":\"https:\\\/\\\/regese.ch\\\/fussball\\\/wp-content\\\/uploads\\\/2025\\\/05\\\/FC-Prishtina-FCK05_28-05-25-32.jpg\",\"alt\":\"\",\"caption\":false,\"thumb\":\"https:\\\/\\\/regese.ch\\\/fussball\\\/wp-content\\\/uploads\\\/2025\\\/05\\\/FC-Prishtina-FCK05_28-05-25-32-75x50_c.jpg\",\"meta\":{\"aperture\":\"6.3\",\"credit\":null,\"camera\":\"Canon EOS R6\",\"caption\":\"\",\"created_timestamp\":\"1748458404\",\"copyright\":null,\"focal_length\":\"300\",\"iso\":\"10000\",\"shutter_speed\":\"0.001\",\"title\":\"\",\"orientation\":null,\"keywords\":null,\"resized_images\":null},\"thumbnail\":\"https:\\\/\\\/regese.ch\\\/fussball\\\/wp-content\\\/uploads\\\/2025\\\/05\\\/FC-Prishtina-FCK05_28-05-25-32-150x100.jpg\",\"medium\":\"https:\\\/\\\/regese.ch\\\/fussball\\\/wp-content\\\/uploads\\\/2025\\\/05\\\/FC-Prishtina-FCK05_28-05-25-32-300x200.jpg\",\"medium_large\":\"https:\\\/\\\/regese.ch\\\/fussball\\\/wp-content\\\/uploads\\\/2025\\\/05\\\/FC-Prishtina-FCK05_28-05-25-32-768x512.jpg\",\"large\":\"https:\\\/\\\/regese.ch\\\/fussball\\\/wp-content\\\/uploads\\\/2025\\\/05\\\/FC-Prishtina-FCK05_28-05-25-32.jpg\",\"1536x1536\":\"https:\\\/\\\/regese.ch\\\/fussball\\\/wp-content\\\/uploads\\\/2025\\\/05\\\/FC-Prishtina-FCK05_28-05-25-32-1536x1024.jpg\",\"2048x2048\":\"https:\\\/\\\/regese.ch\\\/fussball\\\/wp-content\\\/uploads\\\/2025\\\/05\\\/FC-Prishtina-FCK05_28-05-25-32.jpg\",\"sportspress-crop-medium\":\"https:\\\/\\\/regese.ch\\\/fussball\\\/wp-content\\\/uploads\\\/2025\\\/05\\\/FC-Prishtina-FCK05_28-05-25-32-300x300.jpg\",\"sportspress-fit-medium\":\"https:\\\/\\\/regese.ch\\\/fussball\\\/wp-content\\\/uploads\\\/2025\\\/05\\\/FC-Prishtina-FCK05_28-05-25-32-300x200.jpg\",\"sportspress-fit-icon\":\"https:\\\/\\\/regese.ch\\\/fussball\\\/wp-content\\\/uploads\\\/2025\\\/05\\\/FC-Prishtina-FCK05_28-05-25-32-128x85.jpg\",\"sportspress-fit-mini\":\"https:\\\/\\\/regese.ch\\\/fussball\\\/wp-content\\\/uploads\\\/2025\\\/05\\\/FC-Prishtina-FCK05_28-05-25-32-32x21.jpg\",\"full\":\"https:\\\/\\\/regese.ch\\\/fussball\\\/wp-content\\\/uploads\\\/2025\\\/05\\\/FC-Prishtina-FCK05_28-05-25-32.jpg\",\"index\":31,\"id\":20640,\"video\":false,\"opts\":{\"caption\":\"\",\"thumb\":\"https:\\\/\\\/regese.ch\\\/fussball\\\/wp-content\\\/uploads\\\/2025\\\/05\\\/FC-Prishtina-FCK05_28-05-25-32-75x50_c.jpg\",\"title\":\"FC Prishtina - FCK05_28-05-25-32\"},\"gallery_id\":\"20702\"},{\"status\":\"active\",\"src\":\"https:\\\/\\\/regese.ch\\\/fussball\\\/wp-content\\\/uploads\\\/2025\\\/05\\\/FC-Prishtina-FCK05_28-05-25-33.jpg\",\"title\":\"FC Prishtina - FCK05_28-05-25-33\",\"link\":\"https:\\\/\\\/regese.ch\\\/fussball\\\/wp-content\\\/uploads\\\/2025\\\/05\\\/FC-Prishtina-FCK05_28-05-25-33.jpg\",\"alt\":\"\",\"caption\":false,\"thumb\":\"https:\\\/\\\/regese.ch\\\/fussball\\\/wp-content\\\/uploads\\\/2025\\\/05\\\/FC-Prishtina-FCK05_28-05-25-33-75x50_c.jpg\",\"meta\":{\"aperture\":\"6.3\",\"credit\":null,\"camera\":\"Canon EOS R6\",\"caption\":\"\",\"created_timestamp\":\"1748458407\",\"copyright\":null,\"focal_length\":\"300\",\"iso\":\"10000\",\"shutter_speed\":\"0.001\",\"title\":\"\",\"orientation\":null,\"keywords\":null,\"resized_images\":null},\"thumbnail\":\"https:\\\/\\\/regese.ch\\\/fussball\\\/wp-content\\\/uploads\\\/2025\\\/05\\\/FC-Prishtina-FCK05_28-05-25-33-150x100.jpg\",\"medium\":\"https:\\\/\\\/regese.ch\\\/fussball\\\/wp-content\\\/uploads\\\/2025\\\/05\\\/FC-Prishtina-FCK05_28-05-25-33-300x200.jpg\",\"medium_large\":\"https:\\\/\\\/regese.ch\\\/fussball\\\/wp-content\\\/uploads\\\/2025\\\/05\\\/FC-Prishtina-FCK05_28-05-25-33-768x512.jpg\",\"large\":\"https:\\\/\\\/regese.ch\\\/fussball\\\/wp-content\\\/uploads\\\/2025\\\/05\\\/FC-Prishtina-FCK05_28-05-25-33.jpg\",\"1536x1536\":\"https:\\\/\\\/regese.ch\\\/fussball\\\/wp-content\\\/uploads\\\/2025\\\/05\\\/FC-Prishtina-FCK05_28-05-25-33-1536x1024.jpg\",\"2048x2048\":\"https:\\\/\\\/regese.ch\\\/fussball\\\/wp-content\\\/uploads\\\/2025\\\/05\\\/FC-Prishtina-FCK05_28-05-25-33.jpg\",\"sportspress-crop-medium\":\"https:\\\/\\\/regese.ch\\\/fussball\\\/wp-content\\\/uploads\\\/2025\\\/05\\\/FC-Prishtina-FCK05_28-05-25-33-300x300.jpg\",\"sportspress-fit-medium\":\"https:\\\/\\\/regese.ch\\\/fussball\\\/wp-content\\\/uploads\\\/2025\\\/05\\\/FC-Prishtina-FCK05_28-05-25-33-300x200.jpg\",\"sportspress-fit-icon\":\"https:\\\/\\\/regese.ch\\\/fussball\\\/wp-content\\\/uploads\\\/2025\\\/05\\\/FC-Prishtina-FCK05_28-05-25-33-128x85.jpg\",\"sportspress-fit-mini\":\"https:\\\/\\\/regese.ch\\\/fussball\\\/wp-content\\\/uploads\\\/2025\\\/05\\\/FC-Prishtina-FCK05_28-05-25-33-32x21.jpg\",\"full\":\"https:\\\/\\\/regese.ch\\\/fussball\\\/wp-content\\\/uploads\\\/2025\\\/05\\\/FC-Prishtina-FCK05_28-05-25-33.jpg\",\"index\":32,\"id\":20641,\"video\":false,\"opts\":{\"caption\":\"\",\"thumb\":\"https:\\\/\\\/regese.ch\\\/fussball\\\/wp-content\\\/uploads\\\/2025\\\/05\\\/FC-Prishtina-FCK05_28-05-25-33-75x50_c.jpg\",\"title\":\"FC Prishtina - FCK05_28-05-25-33\"},\"gallery_id\":\"20702\"},{\"status\":\"active\",\"src\":\"https:\\\/\\\/regese.ch\\\/fussball\\\/wp-content\\\/uploads\\\/2025\\\/05\\\/FC-Prishtina-FCK05_28-05-25-34.jpg\",\"title\":\"FC Prishtina - FCK05_28-05-25-34\",\"link\":\"https:\\\/\\\/regese.ch\\\/fussball\\\/wp-content\\\/uploads\\\/2025\\\/05\\\/FC-Prishtina-FCK05_28-05-25-34.jpg\",\"alt\":\"\",\"caption\":false,\"thumb\":\"https:\\\/\\\/regese.ch\\\/fussball\\\/wp-content\\\/uploads\\\/2025\\\/05\\\/FC-Prishtina-FCK05_28-05-25-34-75x50_c.jpg\",\"meta\":{\"aperture\":\"7.1\",\"credit\":null,\"camera\":\"Canon EOS R6\",\"caption\":\"\",\"created_timestamp\":\"1748458660\",\"copyright\":null,\"focal_length\":\"360\",\"iso\":\"20000\",\"shutter_speed\":\"0.001\",\"title\":\"\",\"orientation\":null,\"keywords\":null,\"resized_images\":null},\"thumbnail\":\"https:\\\/\\\/regese.ch\\\/fussball\\\/wp-content\\\/uploads\\\/2025\\\/05\\\/FC-Prishtina-FCK05_28-05-25-34-150x100.jpg\",\"medium\":\"https:\\\/\\\/regese.ch\\\/fussball\\\/wp-content\\\/uploads\\\/2025\\\/05\\\/FC-Prishtina-FCK05_28-05-25-34-300x200.jpg\",\"medium_large\":\"https:\\\/\\\/regese.ch\\\/fussball\\\/wp-content\\\/uploads\\\/2025\\\/05\\\/FC-Prishtina-FCK05_28-05-25-34-768x512.jpg\",\"large\":\"https:\\\/\\\/regese.ch\\\/fussball\\\/wp-content\\\/uploads\\\/2025\\\/05\\\/FC-Prishtina-FCK05_28-05-25-34.jpg\",\"1536x1536\":\"https:\\\/\\\/regese.ch\\\/fussball\\\/wp-content\\\/uploads\\\/2025\\\/05\\\/FC-Prishtina-FCK05_28-05-25-34-1536x1024.jpg\",\"2048x2048\":\"https:\\\/\\\/regese.ch\\\/fussball\\\/wp-content\\\/uploads\\\/2025\\\/05\\\/FC-Prishtina-FCK05_28-05-25-34.jpg\",\"sportspress-crop-medium\":\"https:\\\/\\\/regese.ch\\\/fussball\\\/wp-content\\\/uploads\\\/2025\\\/05\\\/FC-Prishtina-FCK05_28-05-25-34-300x300.jpg\",\"sportspress-fit-medium\":\"https:\\\/\\\/regese.ch\\\/fussball\\\/wp-content\\\/uploads\\\/2025\\\/05\\\/FC-Prishtina-FCK05_28-05-25-34-300x200.jpg\",\"sportspress-fit-icon\":\"https:\\\/\\\/regese.ch\\\/fussball\\\/wp-content\\\/uploads\\\/2025\\\/05\\\/FC-Prishtina-FCK05_28-05-25-34-128x85.jpg\",\"sportspress-fit-mini\":\"https:\\\/\\\/regese.ch\\\/fussball\\\/wp-content\\\/uploads\\\/2025\\\/05\\\/FC-Prishtina-FCK05_28-05-25-34-32x21.jpg\",\"full\":\"https:\\\/\\\/regese.ch\\\/fussball\\\/wp-content\\\/uploads\\\/2025\\\/05\\\/FC-Prishtina-FCK05_28-05-25-34.jpg\",\"index\":33,\"id\":20642,\"video\":false,\"opts\":{\"caption\":\"\",\"thumb\":\"https:\\\/\\\/regese.ch\\\/fussball\\\/wp-content\\\/uploads\\\/2025\\\/05\\\/FC-Prishtina-FCK05_28-05-25-34-75x50_c.jpg\",\"title\":\"FC Prishtina - FCK05_28-05-25-34\"},\"gallery_id\":\"20702\"},{\"status\":\"active\",\"src\":\"https:\\\/\\\/regese.ch\\\/fussball\\\/wp-content\\\/uploads\\\/2025\\\/05\\\/FC-Prishtina-FCK05_28-05-25-35.jpg\",\"title\":\"FC Prishtina - FCK05_28-05-25-35\",\"link\":\"https:\\\/\\\/regese.ch\\\/fussball\\\/wp-content\\\/uploads\\\/2025\\\/05\\\/FC-Prishtina-FCK05_28-05-25-35.jpg\",\"alt\":\"\",\"caption\":false,\"thumb\":\"https:\\\/\\\/regese.ch\\\/fussball\\\/wp-content\\\/uploads\\\/2025\\\/05\\\/FC-Prishtina-FCK05_28-05-25-35-75x50_c.jpg\",\"meta\":{\"aperture\":\"7.1\",\"credit\":null,\"camera\":\"Canon EOS R6\",\"caption\":\"\",\"created_timestamp\":\"1748458667\",\"copyright\":null,\"focal_length\":\"360\",\"iso\":\"16000\",\"shutter_speed\":\"0.001\",\"title\":\"\",\"orientation\":null,\"keywords\":null,\"resized_images\":null},\"thumbnail\":\"https:\\\/\\\/regese.ch\\\/fussball\\\/wp-content\\\/uploads\\\/2025\\\/05\\\/FC-Prishtina-FCK05_28-05-25-35-150x100.jpg\",\"medium\":\"https:\\\/\\\/regese.ch\\\/fussball\\\/wp-content\\\/uploads\\\/2025\\\/05\\\/FC-Prishtina-FCK05_28-05-25-35-300x200.jpg\",\"medium_large\":\"https:\\\/\\\/regese.ch\\\/fussball\\\/wp-content\\\/uploads\\\/2025\\\/05\\\/FC-Prishtina-FCK05_28-05-25-35-768x512.jpg\",\"large\":\"https:\\\/\\\/regese.ch\\\/fussball\\\/wp-content\\\/uploads\\\/2025\\\/05\\\/FC-Prishtina-FCK05_28-05-25-35.jpg\",\"1536x1536\":\"https:\\\/\\\/regese.ch\\\/fussball\\\/wp-content\\\/uploads\\\/2025\\\/05\\\/FC-Prishtina-FCK05_28-05-25-35-1536x1024.jpg\",\"2048x2048\":\"https:\\\/\\\/regese.ch\\\/fussball\\\/wp-content\\\/uploads\\\/2025\\\/05\\\/FC-Prishtina-FCK05_28-05-25-35.jpg\",\"sportspress-crop-medium\":\"https:\\\/\\\/regese.ch\\\/fussball\\\/wp-content\\\/uploads\\\/2025\\\/05\\\/FC-Prishtina-FCK05_28-05-25-35-300x300.jpg\",\"sportspress-fit-medium\":\"https:\\\/\\\/regese.ch\\\/fussball\\\/wp-content\\\/uploads\\\/2025\\\/05\\\/FC-Prishtina-FCK05_28-05-25-35-300x200.jpg\",\"sportspress-fit-icon\":\"https:\\\/\\\/regese.ch\\\/fussball\\\/wp-content\\\/uploads\\\/2025\\\/05\\\/FC-Prishtina-FCK05_28-05-25-35-128x85.jpg\",\"sportspress-fit-mini\":\"https:\\\/\\\/regese.ch\\\/fussball\\\/wp-content\\\/uploads\\\/2025\\\/05\\\/FC-Prishtina-FCK05_28-05-25-35-32x21.jpg\",\"full\":\"https:\\\/\\\/regese.ch\\\/fussball\\\/wp-content\\\/uploads\\\/2025\\\/05\\\/FC-Prishtina-FCK05_28-05-25-35.jpg\",\"index\":34,\"id\":20643,\"video\":false,\"opts\":{\"caption\":\"\",\"thumb\":\"https:\\\/\\\/regese.ch\\\/fussball\\\/wp-content\\\/uploads\\\/2025\\\/05\\\/FC-Prishtina-FCK05_28-05-25-35-75x50_c.jpg\",\"title\":\"FC Prishtina - FCK05_28-05-25-35\"},\"gallery_id\":\"20702\"},{\"status\":\"active\",\"src\":\"https:\\\/\\\/regese.ch\\\/fussball\\\/wp-content\\\/uploads\\\/2025\\\/05\\\/FC-Prishtina-FCK05_28-05-25-36.jpg\",\"title\":\"FC Prishtina - FCK05_28-05-25-36\",\"link\":\"https:\\\/\\\/regese.ch\\\/fussball\\\/wp-content\\\/uploads\\\/2025\\\/05\\\/FC-Prishtina-FCK05_28-05-25-36.jpg\",\"alt\":\"\",\"caption\":false,\"thumb\":\"https:\\\/\\\/regese.ch\\\/fussball\\\/wp-content\\\/uploads\\\/2025\\\/05\\\/FC-Prishtina-FCK05_28-05-25-36-75x50_c.jpg\",\"meta\":{\"aperture\":\"8\",\"credit\":null,\"camera\":\"Canon EOS R6\",\"caption\":\"\",\"created_timestamp\":\"1748458776\",\"copyright\":null,\"focal_length\":\"300\",\"iso\":\"20000\",\"shutter_speed\":\"0.001\",\"title\":\"\",\"orientation\":null,\"keywords\":null,\"resized_images\":null},\"thumbnail\":\"https:\\\/\\\/regese.ch\\\/fussball\\\/wp-content\\\/uploads\\\/2025\\\/05\\\/FC-Prishtina-FCK05_28-05-25-36-150x100.jpg\",\"medium\":\"https:\\\/\\\/regese.ch\\\/fussball\\\/wp-content\\\/uploads\\\/2025\\\/05\\\/FC-Prishtina-FCK05_28-05-25-36-300x200.jpg\",\"medium_large\":\"https:\\\/\\\/regese.ch\\\/fussball\\\/wp-content\\\/uploads\\\/2025\\\/05\\\/FC-Prishtina-FCK05_28-05-25-36-768x512.jpg\",\"large\":\"https:\\\/\\\/regese.ch\\\/fussball\\\/wp-content\\\/uploads\\\/2025\\\/05\\\/FC-Prishtina-FCK05_28-05-25-36.jpg\",\"1536x1536\":\"https:\\\/\\\/regese.ch\\\/fussball\\\/wp-content\\\/uploads\\\/2025\\\/05\\\/FC-Prishtina-FCK05_28-05-25-36-1536x1024.jpg\",\"2048x2048\":\"https:\\\/\\\/regese.ch\\\/fussball\\\/wp-content\\\/uploads\\\/2025\\\/05\\\/FC-Prishtina-FCK05_28-05-25-36.jpg\",\"sportspress-crop-medium\":\"https:\\\/\\\/regese.ch\\\/fussball\\\/wp-content\\\/uploads\\\/2025\\\/05\\\/FC-Prishtina-FCK05_28-05-25-36-300x300.jpg\",\"sportspress-fit-medium\":\"https:\\\/\\\/regese.ch\\\/fussball\\\/wp-content\\\/uploads\\\/2025\\\/05\\\/FC-Prishtina-FCK05_28-05-25-36-300x200.jpg\",\"sportspress-fit-icon\":\"https:\\\/\\\/regese.ch\\\/fussball\\\/wp-content\\\/uploads\\\/2025\\\/05\\\/FC-Prishtina-FCK05_28-05-25-36-128x85.jpg\",\"sportspress-fit-mini\":\"https:\\\/\\\/regese.ch\\\/fussball\\\/wp-content\\\/uploads\\\/2025\\\/05\\\/FC-Prishtina-FCK05_28-05-25-36-32x21.jpg\",\"full\":\"https:\\\/\\\/regese.ch\\\/fussball\\\/wp-content\\\/uploads\\\/2025\\\/05\\\/FC-Prishtina-FCK05_28-05-25-36.jpg\",\"index\":35,\"id\":20644,\"video\":false,\"opts\":{\"caption\":\"\",\"thumb\":\"https:\\\/\\\/regese.ch\\\/fussball\\\/wp-content\\\/uploads\\\/2025\\\/05\\\/FC-Prishtina-FCK05_28-05-25-36-75x50_c.jpg\",\"title\":\"FC Prishtina - FCK05_28-05-25-36\"},\"gallery_id\":\"20702\"},{\"status\":\"active\",\"src\":\"https:\\\/\\\/regese.ch\\\/fussball\\\/wp-content\\\/uploads\\\/2025\\\/05\\\/FC-Prishtina-FCK05_28-05-25-37.jpg\",\"title\":\"FC Prishtina - FCK05_28-05-25-37\",\"link\":\"https:\\\/\\\/regese.ch\\\/fussball\\\/wp-content\\\/uploads\\\/2025\\\/05\\\/FC-Prishtina-FCK05_28-05-25-37.jpg\",\"alt\":\"\",\"caption\":false,\"thumb\":\"https:\\\/\\\/regese.ch\\\/fussball\\\/wp-content\\\/uploads\\\/2025\\\/05\\\/FC-Prishtina-FCK05_28-05-25-37-75x50_c.jpg\",\"meta\":{\"aperture\":\"8\",\"credit\":null,\"camera\":\"Canon EOS R6\",\"caption\":\"\",\"created_timestamp\":\"1748458925\",\"copyright\":null,\"focal_length\":\"400\",\"iso\":\"25600\",\"shutter_speed\":\"0.001\",\"title\":\"\",\"orientation\":null,\"keywords\":null,\"resized_images\":null},\"thumbnail\":\"https:\\\/\\\/regese.ch\\\/fussball\\\/wp-content\\\/uploads\\\/2025\\\/05\\\/FC-Prishtina-FCK05_28-05-25-37-150x100.jpg\",\"medium\":\"https:\\\/\\\/regese.ch\\\/fussball\\\/wp-content\\\/uploads\\\/2025\\\/05\\\/FC-Prishtina-FCK05_28-05-25-37-300x200.jpg\",\"medium_large\":\"https:\\\/\\\/regese.ch\\\/fussball\\\/wp-content\\\/uploads\\\/2025\\\/05\\\/FC-Prishtina-FCK05_28-05-25-37-768x512.jpg\",\"large\":\"https:\\\/\\\/regese.ch\\\/fussball\\\/wp-content\\\/uploads\\\/2025\\\/05\\\/FC-Prishtina-FCK05_28-05-25-37.jpg\",\"1536x1536\":\"https:\\\/\\\/regese.ch\\\/fussball\\\/wp-content\\\/uploads\\\/2025\\\/05\\\/FC-Prishtina-FCK05_28-05-25-37-1536x1024.jpg\",\"2048x2048\":\"https:\\\/\\\/regese.ch\\\/fussball\\\/wp-content\\\/uploads\\\/2025\\\/05\\\/FC-Prishtina-FCK05_28-05-25-37.jpg\",\"sportspress-crop-medium\":\"https:\\\/\\\/regese.ch\\\/fussball\\\/wp-content\\\/uploads\\\/2025\\\/05\\\/FC-Prishtina-FCK05_28-05-25-37-300x300.jpg\",\"sportspress-fit-medium\":\"https:\\\/\\\/regese.ch\\\/fussball\\\/wp-content\\\/uploads\\\/2025\\\/05\\\/FC-Prishtina-FCK05_28-05-25-37-300x200.jpg\",\"sportspress-fit-icon\":\"https:\\\/\\\/regese.ch\\\/fussball\\\/wp-content\\\/uploads\\\/2025\\\/05\\\/FC-Prishtina-FCK05_28-05-25-37-128x85.jpg\",\"sportspress-fit-mini\":\"https:\\\/\\\/regese.ch\\\/fussball\\\/wp-content\\\/uploads\\\/2025\\\/05\\\/FC-Prishtina-FCK05_28-05-25-37-32x21.jpg\",\"full\":\"https:\\\/\\\/regese.ch\\\/fussball\\\/wp-content\\\/uploads\\\/2025\\\/05\\\/FC-Prishtina-FCK05_28-05-25-37.jpg\",\"index\":36,\"id\":20645,\"video\":false,\"opts\":{\"caption\":\"\",\"thumb\":\"https:\\\/\\\/regese.ch\\\/fussball\\\/wp-content\\\/uploads\\\/2025\\\/05\\\/FC-Prishtina-FCK05_28-05-25-37-75x50_c.jpg\",\"title\":\"FC Prishtina - FCK05_28-05-25-37\"},\"gallery_id\":\"20702\"},{\"status\":\"active\",\"src\":\"https:\\\/\\\/regese.ch\\\/fussball\\\/wp-content\\\/uploads\\\/2025\\\/05\\\/FC-Prishtina-FCK05_28-05-25-38.jpg\",\"title\":\"FC Prishtina - FCK05_28-05-25-38\",\"link\":\"https:\\\/\\\/regese.ch\\\/fussball\\\/wp-content\\\/uploads\\\/2025\\\/05\\\/FC-Prishtina-FCK05_28-05-25-38.jpg\",\"alt\":\"\",\"caption\":false,\"thumb\":\"https:\\\/\\\/regese.ch\\\/fussball\\\/wp-content\\\/uploads\\\/2025\\\/05\\\/FC-Prishtina-FCK05_28-05-25-38-75x50_c.jpg\",\"meta\":{\"aperture\":\"8\",\"credit\":null,\"camera\":\"Canon EOS R6\",\"caption\":\"\",\"created_timestamp\":\"1748458925\",\"copyright\":null,\"focal_length\":\"400\",\"iso\":\"25600\",\"shutter_speed\":\"0.001\",\"title\":\"\",\"orientation\":null,\"keywords\":null,\"resized_images\":null},\"thumbnail\":\"https:\\\/\\\/regese.ch\\\/fussball\\\/wp-content\\\/uploads\\\/2025\\\/05\\\/FC-Prishtina-FCK05_28-05-25-38-150x100.jpg\",\"medium\":\"https:\\\/\\\/regese.ch\\\/fussball\\\/wp-content\\\/uploads\\\/2025\\\/05\\\/FC-Prishtina-FCK05_28-05-25-38-300x200.jpg\",\"medium_large\":\"https:\\\/\\\/regese.ch\\\/fussball\\\/wp-content\\\/uploads\\\/2025\\\/05\\\/FC-Prishtina-FCK05_28-05-25-38-768x512.jpg\",\"large\":\"https:\\\/\\\/regese.ch\\\/fussball\\\/wp-content\\\/uploads\\\/2025\\\/05\\\/FC-Prishtina-FCK05_28-05-25-38.jpg\",\"1536x1536\":\"https:\\\/\\\/regese.ch\\\/fussball\\\/wp-content\\\/uploads\\\/2025\\\/05\\\/FC-Prishtina-FCK05_28-05-25-38-1536x1024.jpg\",\"2048x2048\":\"https:\\\/\\\/regese.ch\\\/fussball\\\/wp-content\\\/uploads\\\/2025\\\/05\\\/FC-Prishtina-FCK05_28-05-25-38.jpg\",\"sportspress-crop-medium\":\"https:\\\/\\\/regese.ch\\\/fussball\\\/wp-content\\\/uploads\\\/2025\\\/05\\\/FC-Prishtina-FCK05_28-05-25-38-300x300.jpg\",\"sportspress-fit-medium\":\"https:\\\/\\\/regese.ch\\\/fussball\\\/wp-content\\\/uploads\\\/2025\\\/05\\\/FC-Prishtina-FCK05_28-05-25-38-300x200.jpg\",\"sportspress-fit-icon\":\"https:\\\/\\\/regese.ch\\\/fussball\\\/wp-content\\\/uploads\\\/2025\\\/05\\\/FC-Prishtina-FCK05_28-05-25-38-128x85.jpg\",\"sportspress-fit-mini\":\"https:\\\/\\\/regese.ch\\\/fussball\\\/wp-content\\\/uploads\\\/2025\\\/05\\\/FC-Prishtina-FCK05_28-05-25-38-32x21.jpg\",\"full\":\"https:\\\/\\\/regese.ch\\\/fussball\\\/wp-content\\\/uploads\\\/2025\\\/05\\\/FC-Prishtina-FCK05_28-05-25-38.jpg\",\"index\":37,\"id\":20646,\"video\":false,\"opts\":{\"caption\":\"\",\"thumb\":\"https:\\\/\\\/regese.ch\\\/fussball\\\/wp-content\\\/uploads\\\/2025\\\/05\\\/FC-Prishtina-FCK05_28-05-25-38-75x50_c.jpg\",\"title\":\"FC Prishtina - FCK05_28-05-25-38\"},\"gallery_id\":\"20702\"},{\"status\":\"active\",\"src\":\"https:\\\/\\\/regese.ch\\\/fussball\\\/wp-content\\\/uploads\\\/2025\\\/05\\\/FC-Prishtina-FCK05_28-05-25-39.jpg\",\"title\":\"FC Prishtina - FCK05_28-05-25-39\",\"link\":\"https:\\\/\\\/regese.ch\\\/fussball\\\/wp-content\\\/uploads\\\/2025\\\/05\\\/FC-Prishtina-FCK05_28-05-25-39.jpg\",\"alt\":\"\",\"caption\":false,\"thumb\":\"https:\\\/\\\/regese.ch\\\/fussball\\\/wp-content\\\/uploads\\\/2025\\\/05\\\/FC-Prishtina-FCK05_28-05-25-39-75x50_c.jpg\",\"meta\":{\"aperture\":\"8\",\"credit\":null,\"camera\":\"Canon EOS R6\",\"caption\":\"\",\"created_timestamp\":\"1748458939\",\"copyright\":null,\"focal_length\":\"400\",\"iso\":\"25600\",\"shutter_speed\":\"0.001\",\"title\":\"\",\"orientation\":null,\"keywords\":null,\"resized_images\":null},\"thumbnail\":\"https:\\\/\\\/regese.ch\\\/fussball\\\/wp-content\\\/uploads\\\/2025\\\/05\\\/FC-Prishtina-FCK05_28-05-25-39-150x100.jpg\",\"medium\":\"https:\\\/\\\/regese.ch\\\/fussball\\\/wp-content\\\/uploads\\\/2025\\\/05\\\/FC-Prishtina-FCK05_28-05-25-39-300x200.jpg\",\"medium_large\":\"https:\\\/\\\/regese.ch\\\/fussball\\\/wp-content\\\/uploads\\\/2025\\\/05\\\/FC-Prishtina-FCK05_28-05-25-39-768x512.jpg\",\"large\":\"https:\\\/\\\/regese.ch\\\/fussball\\\/wp-content\\\/uploads\\\/2025\\\/05\\\/FC-Prishtina-FCK05_28-05-25-39.jpg\",\"1536x1536\":\"https:\\\/\\\/regese.ch\\\/fussball\\\/wp-content\\\/uploads\\\/2025\\\/05\\\/FC-Prishtina-FCK05_28-05-25-39-1536x1024.jpg\",\"2048x2048\":\"https:\\\/\\\/regese.ch\\\/fussball\\\/wp-content\\\/uploads\\\/2025\\\/05\\\/FC-Prishtina-FCK05_28-05-25-39.jpg\",\"sportspress-crop-medium\":\"https:\\\/\\\/regese.ch\\\/fussball\\\/wp-content\\\/uploads\\\/2025\\\/05\\\/FC-Prishtina-FCK05_28-05-25-39-300x300.jpg\",\"sportspress-fit-medium\":\"https:\\\/\\\/regese.ch\\\/fussball\\\/wp-content\\\/uploads\\\/2025\\\/05\\\/FC-Prishtina-FCK05_28-05-25-39-300x200.jpg\",\"sportspress-fit-icon\":\"https:\\\/\\\/regese.ch\\\/fussball\\\/wp-content\\\/uploads\\\/2025\\\/05\\\/FC-Prishtina-FCK05_28-05-25-39-128x85.jpg\",\"sportspress-fit-mini\":\"https:\\\/\\\/regese.ch\\\/fussball\\\/wp-content\\\/uploads\\\/2025\\\/05\\\/FC-Prishtina-FCK05_28-05-25-39-32x21.jpg\",\"full\":\"https:\\\/\\\/regese.ch\\\/fussball\\\/wp-content\\\/uploads\\\/2025\\\/05\\\/FC-Prishtina-FCK05_28-05-25-39.jpg\",\"index\":38,\"id\":20647,\"video\":false,\"opts\":{\"caption\":\"\",\"thumb\":\"https:\\\/\\\/regese.ch\\\/fussball\\\/wp-content\\\/uploads\\\/2025\\\/05\\\/FC-Prishtina-FCK05_28-05-25-39-75x50_c.jpg\",\"title\":\"FC Prishtina - FCK05_28-05-25-39\"},\"gallery_id\":\"20702\"},{\"status\":\"active\",\"src\":\"https:\\\/\\\/regese.ch\\\/fussball\\\/wp-content\\\/uploads\\\/2025\\\/05\\\/FC-Prishtina-FCK05_28-05-25-40.jpg\",\"title\":\"FC Prishtina - FCK05_28-05-25-40\",\"link\":\"https:\\\/\\\/regese.ch\\\/fussball\\\/wp-content\\\/uploads\\\/2025\\\/05\\\/FC-Prishtina-FCK05_28-05-25-40.jpg\",\"alt\":\"\",\"caption\":false,\"thumb\":\"https:\\\/\\\/regese.ch\\\/fussball\\\/wp-content\\\/uploads\\\/2025\\\/05\\\/FC-Prishtina-FCK05_28-05-25-40-75x50_c.jpg\",\"meta\":{\"aperture\":\"5.6\",\"credit\":null,\"camera\":\"Canon EOS R6\",\"caption\":\"\",\"created_timestamp\":\"1748459542\",\"copyright\":null,\"focal_length\":\"100\",\"iso\":\"4000\",\"shutter_speed\":\"0.002\",\"title\":\"\",\"orientation\":null,\"keywords\":null,\"resized_images\":null},\"thumbnail\":\"https:\\\/\\\/regese.ch\\\/fussball\\\/wp-content\\\/uploads\\\/2025\\\/05\\\/FC-Prishtina-FCK05_28-05-25-40-150x100.jpg\",\"medium\":\"https:\\\/\\\/regese.ch\\\/fussball\\\/wp-content\\\/uploads\\\/2025\\\/05\\\/FC-Prishtina-FCK05_28-05-25-40-300x200.jpg\",\"medium_large\":\"https:\\\/\\\/regese.ch\\\/fussball\\\/wp-content\\\/uploads\\\/2025\\\/05\\\/FC-Prishtina-FCK05_28-05-25-40-768x512.jpg\",\"large\":\"https:\\\/\\\/regese.ch\\\/fussball\\\/wp-content\\\/uploads\\\/2025\\\/05\\\/FC-Prishtina-FCK05_28-05-25-40.jpg\",\"1536x1536\":\"https:\\\/\\\/regese.ch\\\/fussball\\\/wp-content\\\/uploads\\\/2025\\\/05\\\/FC-Prishtina-FCK05_28-05-25-40-1536x1024.jpg\",\"2048x2048\":\"https:\\\/\\\/regese.ch\\\/fussball\\\/wp-content\\\/uploads\\\/2025\\\/05\\\/FC-Prishtina-FCK05_28-05-25-40.jpg\",\"sportspress-crop-medium\":\"https:\\\/\\\/regese.ch\\\/fussball\\\/wp-content\\\/uploads\\\/2025\\\/05\\\/FC-Prishtina-FCK05_28-05-25-40-300x300.jpg\",\"sportspress-fit-medium\":\"https:\\\/\\\/regese.ch\\\/fussball\\\/wp-content\\\/uploads\\\/2025\\\/05\\\/FC-Prishtina-FCK05_28-05-25-40-300x200.jpg\",\"sportspress-fit-icon\":\"https:\\\/\\\/regese.ch\\\/fussball\\\/wp-content\\\/uploads\\\/2025\\\/05\\\/FC-Prishtina-FCK05_28-05-25-40-128x85.jpg\",\"sportspress-fit-mini\":\"https:\\\/\\\/regese.ch\\\/fussball\\\/wp-content\\\/uploads\\\/2025\\\/05\\\/FC-Prishtina-FCK05_28-05-25-40-32x21.jpg\",\"full\":\"https:\\\/\\\/regese.ch\\\/fussball\\\/wp-content\\\/uploads\\\/2025\\\/05\\\/FC-Prishtina-FCK05_28-05-25-40.jpg\",\"index\":39,\"id\":20648,\"video\":false,\"opts\":{\"caption\":\"\",\"thumb\":\"https:\\\/\\\/regese.ch\\\/fussball\\\/wp-content\\\/uploads\\\/2025\\\/05\\\/FC-Prishtina-FCK05_28-05-25-40-75x50_c.jpg\",\"title\":\"FC Prishtina - FCK05_28-05-25-40\"},\"gallery_id\":\"20702\"},{\"status\":\"active\",\"src\":\"https:\\\/\\\/regese.ch\\\/fussball\\\/wp-content\\\/uploads\\\/2025\\\/05\\\/FC-Prishtina-FCK05_28-05-25-41.jpg\",\"title\":\"FC Prishtina - FCK05_28-05-25-41\",\"link\":\"https:\\\/\\\/regese.ch\\\/fussball\\\/wp-content\\\/uploads\\\/2025\\\/05\\\/FC-Prishtina-FCK05_28-05-25-41.jpg\",\"alt\":\"\",\"caption\":false,\"thumb\":\"https:\\\/\\\/regese.ch\\\/fussball\\\/wp-content\\\/uploads\\\/2025\\\/05\\\/FC-Prishtina-FCK05_28-05-25-41-75x50_c.jpg\",\"meta\":{\"aperture\":\"7.1\",\"credit\":null,\"camera\":\"Canon EOS R6\",\"caption\":\"\",\"created_timestamp\":\"1748460104\",\"copyright\":null,\"focal_length\":\"300\",\"iso\":\"25600\",\"shutter_speed\":\"0.001\",\"title\":\"\",\"orientation\":null,\"keywords\":null,\"resized_images\":null},\"thumbnail\":\"https:\\\/\\\/regese.ch\\\/fussball\\\/wp-content\\\/uploads\\\/2025\\\/05\\\/FC-Prishtina-FCK05_28-05-25-41-150x100.jpg\",\"medium\":\"https:\\\/\\\/regese.ch\\\/fussball\\\/wp-content\\\/uploads\\\/2025\\\/05\\\/FC-Prishtina-FCK05_28-05-25-41-300x200.jpg\",\"medium_large\":\"https:\\\/\\\/regese.ch\\\/fussball\\\/wp-content\\\/uploads\\\/2025\\\/05\\\/FC-Prishtina-FCK05_28-05-25-41-768x512.jpg\",\"large\":\"https:\\\/\\\/regese.ch\\\/fussball\\\/wp-content\\\/uploads\\\/2025\\\/05\\\/FC-Prishtina-FCK05_28-05-25-41.jpg\",\"1536x1536\":\"https:\\\/\\\/regese.ch\\\/fussball\\\/wp-content\\\/uploads\\\/2025\\\/05\\\/FC-Prishtina-FCK05_28-05-25-41.jpg\",\"2048x2048\":\"https:\\\/\\\/regese.ch\\\/fussball\\\/wp-content\\\/uploads\\\/2025\\\/05\\\/FC-Prishtina-FCK05_28-05-25-41.jpg\",\"sportspress-crop-medium\":\"https:\\\/\\\/regese.ch\\\/fussball\\\/wp-content\\\/uploads\\\/2025\\\/05\\\/FC-Prishtina-FCK05_28-05-25-41.jpg\",\"sportspress-fit-medium\":\"https:\\\/\\\/regese.ch\\\/fussball\\\/wp-content\\\/uploads\\\/2025\\\/05\\\/FC-Prishtina-FCK05_28-05-25-41.jpg\",\"sportspress-fit-icon\":\"https:\\\/\\\/regese.ch\\\/fussball\\\/wp-content\\\/uploads\\\/2025\\\/05\\\/FC-Prishtina-FCK05_28-05-25-41.jpg\",\"sportspress-fit-mini\":\"https:\\\/\\\/regese.ch\\\/fussball\\\/wp-content\\\/uploads\\\/2025\\\/05\\\/FC-Prishtina-FCK05_28-05-25-41.jpg\",\"full\":\"https:\\\/\\\/regese.ch\\\/fussball\\\/wp-content\\\/uploads\\\/2025\\\/05\\\/FC-Prishtina-FCK05_28-05-25-41.jpg\",\"index\":40,\"id\":20649,\"video\":false,\"opts\":{\"caption\":\"\",\"thumb\":\"https:\\\/\\\/regese.ch\\\/fussball\\\/wp-content\\\/uploads\\\/2025\\\/05\\\/FC-Prishtina-FCK05_28-05-25-41-75x50_c.jpg\",\"title\":\"FC Prishtina - FCK05_28-05-25-41\"},\"gallery_id\":\"20702\"},{\"status\":\"active\",\"src\":\"https:\\\/\\\/regese.ch\\\/fussball\\\/wp-content\\\/uploads\\\/2025\\\/05\\\/FC-Prishtina-FCK05_28-05-25-43.jpg\",\"title\":\"FC Prishtina - FCK05_28-05-25-43\",\"link\":\"https:\\\/\\\/regese.ch\\\/fussball\\\/wp-content\\\/uploads\\\/2025\\\/05\\\/FC-Prishtina-FCK05_28-05-25-43.jpg\",\"alt\":\"\",\"caption\":false,\"thumb\":\"https:\\\/\\\/regese.ch\\\/fussball\\\/wp-content\\\/uploads\\\/2025\\\/05\\\/FC-Prishtina-FCK05_28-05-25-43-75x50_c.jpg\",\"meta\":{\"aperture\":\"7.1\",\"credit\":null,\"camera\":\"Canon EOS R6\",\"caption\":\"\",\"created_timestamp\":\"1748460238\",\"copyright\":null,\"focal_length\":\"300\",\"iso\":\"25600\",\"shutter_speed\":\"0.001\",\"title\":\"\",\"orientation\":null,\"keywords\":null,\"resized_images\":null},\"thumbnail\":\"https:\\\/\\\/regese.ch\\\/fussball\\\/wp-content\\\/uploads\\\/2025\\\/05\\\/FC-Prishtina-FCK05_28-05-25-43-150x100.jpg\",\"medium\":\"https:\\\/\\\/regese.ch\\\/fussball\\\/wp-content\\\/uploads\\\/2025\\\/05\\\/FC-Prishtina-FCK05_28-05-25-43-300x200.jpg\",\"medium_large\":\"https:\\\/\\\/regese.ch\\\/fussball\\\/wp-content\\\/uploads\\\/2025\\\/05\\\/FC-Prishtina-FCK05_28-05-25-43-768x512.jpg\",\"large\":\"https:\\\/\\\/regese.ch\\\/fussball\\\/wp-content\\\/uploads\\\/2025\\\/05\\\/FC-Prishtina-FCK05_28-05-25-43.jpg\",\"1536x1536\":\"https:\\\/\\\/regese.ch\\\/fussball\\\/wp-content\\\/uploads\\\/2025\\\/05\\\/FC-Prishtina-FCK05_28-05-25-43-1536x1024.jpg\",\"2048x2048\":\"https:\\\/\\\/regese.ch\\\/fussball\\\/wp-content\\\/uploads\\\/2025\\\/05\\\/FC-Prishtina-FCK05_28-05-25-43.jpg\",\"sportspress-crop-medium\":\"https:\\\/\\\/regese.ch\\\/fussball\\\/wp-content\\\/uploads\\\/2025\\\/05\\\/FC-Prishtina-FCK05_28-05-25-43-300x300.jpg\",\"sportspress-fit-medium\":\"https:\\\/\\\/regese.ch\\\/fussball\\\/wp-content\\\/uploads\\\/2025\\\/05\\\/FC-Prishtina-FCK05_28-05-25-43-300x200.jpg\",\"sportspress-fit-icon\":\"https:\\\/\\\/regese.ch\\\/fussball\\\/wp-content\\\/uploads\\\/2025\\\/05\\\/FC-Prishtina-FCK05_28-05-25-43-128x85.jpg\",\"sportspress-fit-mini\":\"https:\\\/\\\/regese.ch\\\/fussball\\\/wp-content\\\/uploads\\\/2025\\\/05\\\/FC-Prishtina-FCK05_28-05-25-43-32x21.jpg\",\"full\":\"https:\\\/\\\/regese.ch\\\/fussball\\\/wp-content\\\/uploads\\\/2025\\\/05\\\/FC-Prishtina-FCK05_28-05-25-43.jpg\",\"index\":41,\"id\":20650,\"video\":false,\"opts\":{\"caption\":\"\",\"thumb\":\"https:\\\/\\\/regese.ch\\\/fussball\\\/wp-content\\\/uploads\\\/2025\\\/05\\\/FC-Prishtina-FCK05_28-05-25-43-75x50_c.jpg\",\"title\":\"FC Prishtina - FCK05_28-05-25-43\"},\"gallery_id\":\"20702\"},{\"status\":\"active\",\"src\":\"https:\\\/\\\/regese.ch\\\/fussball\\\/wp-content\\\/uploads\\\/2025\\\/05\\\/FC-Prishtina-FCK05_28-05-25-44.jpg\",\"title\":\"FC Prishtina - FCK05_28-05-25-44\",\"link\":\"https:\\\/\\\/regese.ch\\\/fussball\\\/wp-content\\\/uploads\\\/2025\\\/05\\\/FC-Prishtina-FCK05_28-05-25-44.jpg\",\"alt\":\"\",\"caption\":false,\"thumb\":\"https:\\\/\\\/regese.ch\\\/fussball\\\/wp-content\\\/uploads\\\/2025\\\/05\\\/FC-Prishtina-FCK05_28-05-25-44-75x50_c.jpg\",\"meta\":{\"aperture\":\"7.1\",\"credit\":null,\"camera\":\"Canon EOS R6\",\"caption\":\"\",\"created_timestamp\":\"1748460290\",\"copyright\":null,\"focal_length\":\"321\",\"iso\":\"25600\",\"shutter_speed\":\"0.001\",\"title\":\"\",\"orientation\":null,\"keywords\":null,\"resized_images\":null},\"thumbnail\":\"https:\\\/\\\/regese.ch\\\/fussball\\\/wp-content\\\/uploads\\\/2025\\\/05\\\/FC-Prishtina-FCK05_28-05-25-44-150x100.jpg\",\"medium\":\"https:\\\/\\\/regese.ch\\\/fussball\\\/wp-content\\\/uploads\\\/2025\\\/05\\\/FC-Prishtina-FCK05_28-05-25-44-300x200.jpg\",\"medium_large\":\"https:\\\/\\\/regese.ch\\\/fussball\\\/wp-content\\\/uploads\\\/2025\\\/05\\\/FC-Prishtina-FCK05_28-05-25-44-768x512.jpg\",\"large\":\"https:\\\/\\\/regese.ch\\\/fussball\\\/wp-content\\\/uploads\\\/2025\\\/05\\\/FC-Prishtina-FCK05_28-05-25-44.jpg\",\"1536x1536\":\"https:\\\/\\\/regese.ch\\\/fussball\\\/wp-content\\\/uploads\\\/2025\\\/05\\\/FC-Prishtina-FCK05_28-05-25-44-1536x1024.jpg\",\"2048x2048\":\"https:\\\/\\\/regese.ch\\\/fussball\\\/wp-content\\\/uploads\\\/2025\\\/05\\\/FC-Prishtina-FCK05_28-05-25-44.jpg\",\"sportspress-crop-medium\":\"https:\\\/\\\/regese.ch\\\/fussball\\\/wp-content\\\/uploads\\\/2025\\\/05\\\/FC-Prishtina-FCK05_28-05-25-44-300x300.jpg\",\"sportspress-fit-medium\":\"https:\\\/\\\/regese.ch\\\/fussball\\\/wp-content\\\/uploads\\\/2025\\\/05\\\/FC-Prishtina-FCK05_28-05-25-44-300x200.jpg\",\"sportspress-fit-icon\":\"https:\\\/\\\/regese.ch\\\/fussball\\\/wp-content\\\/uploads\\\/2025\\\/05\\\/FC-Prishtina-FCK05_28-05-25-44-128x85.jpg\",\"sportspress-fit-mini\":\"https:\\\/\\\/regese.ch\\\/fussball\\\/wp-content\\\/uploads\\\/2025\\\/05\\\/FC-Prishtina-FCK05_28-05-25-44-32x21.jpg\",\"full\":\"https:\\\/\\\/regese.ch\\\/fussball\\\/wp-content\\\/uploads\\\/2025\\\/05\\\/FC-Prishtina-FCK05_28-05-25-44.jpg\",\"index\":42,\"id\":20651,\"video\":false,\"opts\":{\"caption\":\"\",\"thumb\":\"https:\\\/\\\/regese.ch\\\/fussball\\\/wp-content\\\/uploads\\\/2025\\\/05\\\/FC-Prishtina-FCK05_28-05-25-44-75x50_c.jpg\",\"title\":\"FC Prishtina - FCK05_28-05-25-44\"},\"gallery_id\":\"20702\"},{\"status\":\"active\",\"src\":\"https:\\\/\\\/regese.ch\\\/fussball\\\/wp-content\\\/uploads\\\/2025\\\/05\\\/FC-Prishtina-FCK05_28-05-25-45.jpg\",\"title\":\"FC Prishtina - FCK05_28-05-25-45\",\"link\":\"https:\\\/\\\/regese.ch\\\/fussball\\\/wp-content\\\/uploads\\\/2025\\\/05\\\/FC-Prishtina-FCK05_28-05-25-45.jpg\",\"alt\":\"\",\"caption\":false,\"thumb\":\"https:\\\/\\\/regese.ch\\\/fussball\\\/wp-content\\\/uploads\\\/2025\\\/05\\\/FC-Prishtina-FCK05_28-05-25-45-75x50_c.jpg\",\"meta\":{\"aperture\":\"7.1\",\"credit\":null,\"camera\":\"Canon EOS R6\",\"caption\":\"\",\"created_timestamp\":\"1748460290\",\"copyright\":null,\"focal_length\":\"321\",\"iso\":\"25600\",\"shutter_speed\":\"0.001\",\"title\":\"\",\"orientation\":null,\"keywords\":null,\"resized_images\":null},\"thumbnail\":\"https:\\\/\\\/regese.ch\\\/fussball\\\/wp-content\\\/uploads\\\/2025\\\/05\\\/FC-Prishtina-FCK05_28-05-25-45-150x100.jpg\",\"medium\":\"https:\\\/\\\/regese.ch\\\/fussball\\\/wp-content\\\/uploads\\\/2025\\\/05\\\/FC-Prishtina-FCK05_28-05-25-45-300x200.jpg\",\"medium_large\":\"https:\\\/\\\/regese.ch\\\/fussball\\\/wp-content\\\/uploads\\\/2025\\\/05\\\/FC-Prishtina-FCK05_28-05-25-45-768x512.jpg\",\"large\":\"https:\\\/\\\/regese.ch\\\/fussball\\\/wp-content\\\/uploads\\\/2025\\\/05\\\/FC-Prishtina-FCK05_28-05-25-45.jpg\",\"1536x1536\":\"https:\\\/\\\/regese.ch\\\/fussball\\\/wp-content\\\/uploads\\\/2025\\\/05\\\/FC-Prishtina-FCK05_28-05-25-45-1536x1024.jpg\",\"2048x2048\":\"https:\\\/\\\/regese.ch\\\/fussball\\\/wp-content\\\/uploads\\\/2025\\\/05\\\/FC-Prishtina-FCK05_28-05-25-45.jpg\",\"sportspress-crop-medium\":\"https:\\\/\\\/regese.ch\\\/fussball\\\/wp-content\\\/uploads\\\/2025\\\/05\\\/FC-Prishtina-FCK05_28-05-25-45-300x300.jpg\",\"sportspress-fit-medium\":\"https:\\\/\\\/regese.ch\\\/fussball\\\/wp-content\\\/uploads\\\/2025\\\/05\\\/FC-Prishtina-FCK05_28-05-25-45-300x200.jpg\",\"sportspress-fit-icon\":\"https:\\\/\\\/regese.ch\\\/fussball\\\/wp-content\\\/uploads\\\/2025\\\/05\\\/FC-Prishtina-FCK05_28-05-25-45-128x85.jpg\",\"sportspress-fit-mini\":\"https:\\\/\\\/regese.ch\\\/fussball\\\/wp-content\\\/uploads\\\/2025\\\/05\\\/FC-Prishtina-FCK05_28-05-25-45-32x21.jpg\",\"full\":\"https:\\\/\\\/regese.ch\\\/fussball\\\/wp-content\\\/uploads\\\/2025\\\/05\\\/FC-Prishtina-FCK05_28-05-25-45.jpg\",\"index\":43,\"id\":20652,\"video\":false,\"opts\":{\"caption\":\"\",\"thumb\":\"https:\\\/\\\/regese.ch\\\/fussball\\\/wp-content\\\/uploads\\\/2025\\\/05\\\/FC-Prishtina-FCK05_28-05-25-45-75x50_c.jpg\",\"title\":\"FC Prishtina - FCK05_28-05-25-45\"},\"gallery_id\":\"20702\"},{\"status\":\"active\",\"src\":\"https:\\\/\\\/regese.ch\\\/fussball\\\/wp-content\\\/uploads\\\/2025\\\/05\\\/FC-Prishtina-FCK05_28-05-25-46.jpg\",\"title\":\"FC Prishtina - FCK05_28-05-25-46\",\"link\":\"https:\\\/\\\/regese.ch\\\/fussball\\\/wp-content\\\/uploads\\\/2025\\\/05\\\/FC-Prishtina-FCK05_28-05-25-46.jpg\",\"alt\":\"\",\"caption\":false,\"thumb\":\"https:\\\/\\\/regese.ch\\\/fussball\\\/wp-content\\\/uploads\\\/2025\\\/05\\\/FC-Prishtina-FCK05_28-05-25-46-75x50_c.jpg\",\"meta\":{\"aperture\":\"7.1\",\"credit\":null,\"camera\":\"Canon EOS R6\",\"caption\":\"\",\"created_timestamp\":\"1748460416\",\"copyright\":null,\"focal_length\":\"400\",\"iso\":\"25600\",\"shutter_speed\":\"0.001\",\"title\":\"\",\"orientation\":null,\"keywords\":null,\"resized_images\":null},\"thumbnail\":\"https:\\\/\\\/regese.ch\\\/fussball\\\/wp-content\\\/uploads\\\/2025\\\/05\\\/FC-Prishtina-FCK05_28-05-25-46-150x100.jpg\",\"medium\":\"https:\\\/\\\/regese.ch\\\/fussball\\\/wp-content\\\/uploads\\\/2025\\\/05\\\/FC-Prishtina-FCK05_28-05-25-46-300x200.jpg\",\"medium_large\":\"https:\\\/\\\/regese.ch\\\/fussball\\\/wp-content\\\/uploads\\\/2025\\\/05\\\/FC-Prishtina-FCK05_28-05-25-46-768x512.jpg\",\"large\":\"https:\\\/\\\/regese.ch\\\/fussball\\\/wp-content\\\/uploads\\\/2025\\\/05\\\/FC-Prishtina-FCK05_28-05-25-46.jpg\",\"1536x1536\":\"https:\\\/\\\/regese.ch\\\/fussball\\\/wp-content\\\/uploads\\\/2025\\\/05\\\/FC-Prishtina-FCK05_28-05-25-46-1536x1024.jpg\",\"2048x2048\":\"https:\\\/\\\/regese.ch\\\/fussball\\\/wp-content\\\/uploads\\\/2025\\\/05\\\/FC-Prishtina-FCK05_28-05-25-46.jpg\",\"sportspress-crop-medium\":\"https:\\\/\\\/regese.ch\\\/fussball\\\/wp-content\\\/uploads\\\/2025\\\/05\\\/FC-Prishtina-FCK05_28-05-25-46-300x300.jpg\",\"sportspress-fit-medium\":\"https:\\\/\\\/regese.ch\\\/fussball\\\/wp-content\\\/uploads\\\/2025\\\/05\\\/FC-Prishtina-FCK05_28-05-25-46-300x200.jpg\",\"sportspress-fit-icon\":\"https:\\\/\\\/regese.ch\\\/fussball\\\/wp-content\\\/uploads\\\/2025\\\/05\\\/FC-Prishtina-FCK05_28-05-25-46-128x85.jpg\",\"sportspress-fit-mini\":\"https:\\\/\\\/regese.ch\\\/fussball\\\/wp-content\\\/uploads\\\/2025\\\/05\\\/FC-Prishtina-FCK05_28-05-25-46-32x21.jpg\",\"full\":\"https:\\\/\\\/regese.ch\\\/fussball\\\/wp-content\\\/uploads\\\/2025\\\/05\\\/FC-Prishtina-FCK05_28-05-25-46.jpg\",\"index\":44,\"id\":20653,\"video\":false,\"opts\":{\"caption\":\"\",\"thumb\":\"https:\\\/\\\/regese.ch\\\/fussball\\\/wp-content\\\/uploads\\\/2025\\\/05\\\/FC-Prishtina-FCK05_28-05-25-46-75x50_c.jpg\",\"title\":\"FC Prishtina - FCK05_28-05-25-46\"},\"gallery_id\":\"20702\"},{\"status\":\"active\",\"src\":\"https:\\\/\\\/regese.ch\\\/fussball\\\/wp-content\\\/uploads\\\/2025\\\/05\\\/FC-Prishtina-FCK05_28-05-25-47.jpg\",\"title\":\"FC Prishtina - FCK05_28-05-25-47\",\"link\":\"https:\\\/\\\/regese.ch\\\/fussball\\\/wp-content\\\/uploads\\\/2025\\\/05\\\/FC-Prishtina-FCK05_28-05-25-47.jpg\",\"alt\":\"\",\"caption\":false,\"thumb\":\"https:\\\/\\\/regese.ch\\\/fussball\\\/wp-content\\\/uploads\\\/2025\\\/05\\\/FC-Prishtina-FCK05_28-05-25-47-75x50_c.jpg\",\"meta\":{\"aperture\":\"7.1\",\"credit\":null,\"camera\":\"Canon EOS R6\",\"caption\":\"\",\"created_timestamp\":\"1748460421\",\"copyright\":null,\"focal_length\":\"214\",\"iso\":\"25600\",\"shutter_speed\":\"0.001\",\"title\":\"\",\"orientation\":null,\"keywords\":null,\"resized_images\":null},\"thumbnail\":\"https:\\\/\\\/regese.ch\\\/fussball\\\/wp-content\\\/uploads\\\/2025\\\/05\\\/FC-Prishtina-FCK05_28-05-25-47-150x100.jpg\",\"medium\":\"https:\\\/\\\/regese.ch\\\/fussball\\\/wp-content\\\/uploads\\\/2025\\\/05\\\/FC-Prishtina-FCK05_28-05-25-47-300x200.jpg\",\"medium_large\":\"https:\\\/\\\/regese.ch\\\/fussball\\\/wp-content\\\/uploads\\\/2025\\\/05\\\/FC-Prishtina-FCK05_28-05-25-47-768x512.jpg\",\"large\":\"https:\\\/\\\/regese.ch\\\/fussball\\\/wp-content\\\/uploads\\\/2025\\\/05\\\/FC-Prishtina-FCK05_28-05-25-47.jpg\",\"1536x1536\":\"https:\\\/\\\/regese.ch\\\/fussball\\\/wp-content\\\/uploads\\\/2025\\\/05\\\/FC-Prishtina-FCK05_28-05-25-47-1536x1024.jpg\",\"2048x2048\":\"https:\\\/\\\/regese.ch\\\/fussball\\\/wp-content\\\/uploads\\\/2025\\\/05\\\/FC-Prishtina-FCK05_28-05-25-47.jpg\",\"sportspress-crop-medium\":\"https:\\\/\\\/regese.ch\\\/fussball\\\/wp-content\\\/uploads\\\/2025\\\/05\\\/FC-Prishtina-FCK05_28-05-25-47-300x300.jpg\",\"sportspress-fit-medium\":\"https:\\\/\\\/regese.ch\\\/fussball\\\/wp-content\\\/uploads\\\/2025\\\/05\\\/FC-Prishtina-FCK05_28-05-25-47-300x200.jpg\",\"sportspress-fit-icon\":\"https:\\\/\\\/regese.ch\\\/fussball\\\/wp-content\\\/uploads\\\/2025\\\/05\\\/FC-Prishtina-FCK05_28-05-25-47-128x85.jpg\",\"sportspress-fit-mini\":\"https:\\\/\\\/regese.ch\\\/fussball\\\/wp-content\\\/uploads\\\/2025\\\/05\\\/FC-Prishtina-FCK05_28-05-25-47-32x21.jpg\",\"full\":\"https:\\\/\\\/regese.ch\\\/fussball\\\/wp-content\\\/uploads\\\/2025\\\/05\\\/FC-Prishtina-FCK05_28-05-25-47.jpg\",\"index\":45,\"id\":20654,\"video\":false,\"opts\":{\"caption\":\"\",\"thumb\":\"https:\\\/\\\/regese.ch\\\/fussball\\\/wp-content\\\/uploads\\\/2025\\\/05\\\/FC-Prishtina-FCK05_28-05-25-47-75x50_c.jpg\",\"title\":\"FC Prishtina - FCK05_28-05-25-47\"},\"gallery_id\":\"20702\"},{\"status\":\"active\",\"src\":\"https:\\\/\\\/regese.ch\\\/fussball\\\/wp-content\\\/uploads\\\/2025\\\/05\\\/FC-Prishtina-FCK05_28-05-25-48.jpg\",\"title\":\"FC Prishtina - FCK05_28-05-25-48\",\"link\":\"https:\\\/\\\/regese.ch\\\/fussball\\\/wp-content\\\/uploads\\\/2025\\\/05\\\/FC-Prishtina-FCK05_28-05-25-48.jpg\",\"alt\":\"\",\"caption\":false,\"thumb\":\"https:\\\/\\\/regese.ch\\\/fussball\\\/wp-content\\\/uploads\\\/2025\\\/05\\\/FC-Prishtina-FCK05_28-05-25-48-75x50_c.jpg\",\"meta\":{\"aperture\":\"7.1\",\"credit\":null,\"camera\":\"Canon EOS R6\",\"caption\":\"\",\"created_timestamp\":\"1748460565\",\"copyright\":null,\"focal_length\":\"400\",\"iso\":\"25600\",\"shutter_speed\":\"0.001\",\"title\":\"\",\"orientation\":null,\"keywords\":null,\"resized_images\":null},\"thumbnail\":\"https:\\\/\\\/regese.ch\\\/fussball\\\/wp-content\\\/uploads\\\/2025\\\/05\\\/FC-Prishtina-FCK05_28-05-25-48-150x100.jpg\",\"medium\":\"https:\\\/\\\/regese.ch\\\/fussball\\\/wp-content\\\/uploads\\\/2025\\\/05\\\/FC-Prishtina-FCK05_28-05-25-48-300x200.jpg\",\"medium_large\":\"https:\\\/\\\/regese.ch\\\/fussball\\\/wp-content\\\/uploads\\\/2025\\\/05\\\/FC-Prishtina-FCK05_28-05-25-48-768x512.jpg\",\"large\":\"https:\\\/\\\/regese.ch\\\/fussball\\\/wp-content\\\/uploads\\\/2025\\\/05\\\/FC-Prishtina-FCK05_28-05-25-48.jpg\",\"1536x1536\":\"https:\\\/\\\/regese.ch\\\/fussball\\\/wp-content\\\/uploads\\\/2025\\\/05\\\/FC-Prishtina-FCK05_28-05-25-48-1536x1024.jpg\",\"2048x2048\":\"https:\\\/\\\/regese.ch\\\/fussball\\\/wp-content\\\/uploads\\\/2025\\\/05\\\/FC-Prishtina-FCK05_28-05-25-48.jpg\",\"sportspress-crop-medium\":\"https:\\\/\\\/regese.ch\\\/fussball\\\/wp-content\\\/uploads\\\/2025\\\/05\\\/FC-Prishtina-FCK05_28-05-25-48-300x300.jpg\",\"sportspress-fit-medium\":\"https:\\\/\\\/regese.ch\\\/fussball\\\/wp-content\\\/uploads\\\/2025\\\/05\\\/FC-Prishtina-FCK05_28-05-25-48-300x200.jpg\",\"sportspress-fit-icon\":\"https:\\\/\\\/regese.ch\\\/fussball\\\/wp-content\\\/uploads\\\/2025\\\/05\\\/FC-Prishtina-FCK05_28-05-25-48-128x85.jpg\",\"sportspress-fit-mini\":\"https:\\\/\\\/regese.ch\\\/fussball\\\/wp-content\\\/uploads\\\/2025\\\/05\\\/FC-Prishtina-FCK05_28-05-25-48-32x21.jpg\",\"full\":\"https:\\\/\\\/regese.ch\\\/fussball\\\/wp-content\\\/uploads\\\/2025\\\/05\\\/FC-Prishtina-FCK05_28-05-25-48.jpg\",\"index\":46,\"id\":20655,\"video\":false,\"opts\":{\"caption\":\"\",\"thumb\":\"https:\\\/\\\/regese.ch\\\/fussball\\\/wp-content\\\/uploads\\\/2025\\\/05\\\/FC-Prishtina-FCK05_28-05-25-48-75x50_c.jpg\",\"title\":\"FC Prishtina - FCK05_28-05-25-48\"},\"gallery_id\":\"20702\"},{\"status\":\"active\",\"src\":\"https:\\\/\\\/regese.ch\\\/fussball\\\/wp-content\\\/uploads\\\/2025\\\/05\\\/FC-Prishtina-FCK05_28-05-25-49.jpg\",\"title\":\"FC Prishtina - FCK05_28-05-25-49\",\"link\":\"https:\\\/\\\/regese.ch\\\/fussball\\\/wp-content\\\/uploads\\\/2025\\\/05\\\/FC-Prishtina-FCK05_28-05-25-49.jpg\",\"alt\":\"\",\"caption\":false,\"thumb\":\"https:\\\/\\\/regese.ch\\\/fussball\\\/wp-content\\\/uploads\\\/2025\\\/05\\\/FC-Prishtina-FCK05_28-05-25-49-75x50_c.jpg\",\"meta\":{\"aperture\":\"7.1\",\"credit\":null,\"camera\":\"Canon EOS R6\",\"caption\":\"\",\"created_timestamp\":\"1748460567\",\"copyright\":null,\"focal_length\":\"400\",\"iso\":\"25600\",\"shutter_speed\":\"0.001\",\"title\":\"\",\"orientation\":null,\"keywords\":null,\"resized_images\":null},\"thumbnail\":\"https:\\\/\\\/regese.ch\\\/fussball\\\/wp-content\\\/uploads\\\/2025\\\/05\\\/FC-Prishtina-FCK05_28-05-25-49-150x100.jpg\",\"medium\":\"https:\\\/\\\/regese.ch\\\/fussball\\\/wp-content\\\/uploads\\\/2025\\\/05\\\/FC-Prishtina-FCK05_28-05-25-49-300x200.jpg\",\"medium_large\":\"https:\\\/\\\/regese.ch\\\/fussball\\\/wp-content\\\/uploads\\\/2025\\\/05\\\/FC-Prishtina-FCK05_28-05-25-49-768x512.jpg\",\"large\":\"https:\\\/\\\/regese.ch\\\/fussball\\\/wp-content\\\/uploads\\\/2025\\\/05\\\/FC-Prishtina-FCK05_28-05-25-49.jpg\",\"1536x1536\":\"https:\\\/\\\/regese.ch\\\/fussball\\\/wp-content\\\/uploads\\\/2025\\\/05\\\/FC-Prishtina-FCK05_28-05-25-49-1536x1024.jpg\",\"2048x2048\":\"https:\\\/\\\/regese.ch\\\/fussball\\\/wp-content\\\/uploads\\\/2025\\\/05\\\/FC-Prishtina-FCK05_28-05-25-49.jpg\",\"sportspress-crop-medium\":\"https:\\\/\\\/regese.ch\\\/fussball\\\/wp-content\\\/uploads\\\/2025\\\/05\\\/FC-Prishtina-FCK05_28-05-25-49-300x300.jpg\",\"sportspress-fit-medium\":\"https:\\\/\\\/regese.ch\\\/fussball\\\/wp-content\\\/uploads\\\/2025\\\/05\\\/FC-Prishtina-FCK05_28-05-25-49-300x200.jpg\",\"sportspress-fit-icon\":\"https:\\\/\\\/regese.ch\\\/fussball\\\/wp-content\\\/uploads\\\/2025\\\/05\\\/FC-Prishtina-FCK05_28-05-25-49-128x85.jpg\",\"sportspress-fit-mini\":\"https:\\\/\\\/regese.ch\\\/fussball\\\/wp-content\\\/uploads\\\/2025\\\/05\\\/FC-Prishtina-FCK05_28-05-25-49-32x21.jpg\",\"full\":\"https:\\\/\\\/regese.ch\\\/fussball\\\/wp-content\\\/uploads\\\/2025\\\/05\\\/FC-Prishtina-FCK05_28-05-25-49.jpg\",\"index\":47,\"id\":20656,\"video\":false,\"opts\":{\"caption\":\"\",\"thumb\":\"https:\\\/\\\/regese.ch\\\/fussball\\\/wp-content\\\/uploads\\\/2025\\\/05\\\/FC-Prishtina-FCK05_28-05-25-49-75x50_c.jpg\",\"title\":\"FC Prishtina - FCK05_28-05-25-49\"},\"gallery_id\":\"20702\"},{\"status\":\"active\",\"src\":\"https:\\\/\\\/regese.ch\\\/fussball\\\/wp-content\\\/uploads\\\/2025\\\/05\\\/FC-Prishtina-FCK05_28-05-25-50.jpg\",\"title\":\"FC Prishtina - FCK05_28-05-25-50\",\"link\":\"https:\\\/\\\/regese.ch\\\/fussball\\\/wp-content\\\/uploads\\\/2025\\\/05\\\/FC-Prishtina-FCK05_28-05-25-50.jpg\",\"alt\":\"\",\"caption\":false,\"thumb\":\"https:\\\/\\\/regese.ch\\\/fussball\\\/wp-content\\\/uploads\\\/2025\\\/05\\\/FC-Prishtina-FCK05_28-05-25-50-75x50_c.jpg\",\"meta\":{\"aperture\":\"7.1\",\"credit\":null,\"camera\":\"Canon EOS R6\",\"caption\":\"\",\"created_timestamp\":\"1748460589\",\"copyright\":null,\"focal_length\":\"176\",\"iso\":\"25600\",\"shutter_speed\":\"0.001\",\"title\":\"\",\"orientation\":null,\"keywords\":null,\"resized_images\":null},\"thumbnail\":\"https:\\\/\\\/regese.ch\\\/fussball\\\/wp-content\\\/uploads\\\/2025\\\/05\\\/FC-Prishtina-FCK05_28-05-25-50-150x100.jpg\",\"medium\":\"https:\\\/\\\/regese.ch\\\/fussball\\\/wp-content\\\/uploads\\\/2025\\\/05\\\/FC-Prishtina-FCK05_28-05-25-50-300x200.jpg\",\"medium_large\":\"https:\\\/\\\/regese.ch\\\/fussball\\\/wp-content\\\/uploads\\\/2025\\\/05\\\/FC-Prishtina-FCK05_28-05-25-50-768x512.jpg\",\"large\":\"https:\\\/\\\/regese.ch\\\/fussball\\\/wp-content\\\/uploads\\\/2025\\\/05\\\/FC-Prishtina-FCK05_28-05-25-50.jpg\",\"1536x1536\":\"https:\\\/\\\/regese.ch\\\/fussball\\\/wp-content\\\/uploads\\\/2025\\\/05\\\/FC-Prishtina-FCK05_28-05-25-50-1536x1024.jpg\",\"2048x2048\":\"https:\\\/\\\/regese.ch\\\/fussball\\\/wp-content\\\/uploads\\\/2025\\\/05\\\/FC-Prishtina-FCK05_28-05-25-50.jpg\",\"sportspress-crop-medium\":\"https:\\\/\\\/regese.ch\\\/fussball\\\/wp-content\\\/uploads\\\/2025\\\/05\\\/FC-Prishtina-FCK05_28-05-25-50-300x300.jpg\",\"sportspress-fit-medium\":\"https:\\\/\\\/regese.ch\\\/fussball\\\/wp-content\\\/uploads\\\/2025\\\/05\\\/FC-Prishtina-FCK05_28-05-25-50-300x200.jpg\",\"sportspress-fit-icon\":\"https:\\\/\\\/regese.ch\\\/fussball\\\/wp-content\\\/uploads\\\/2025\\\/05\\\/FC-Prishtina-FCK05_28-05-25-50-128x85.jpg\",\"sportspress-fit-mini\":\"https:\\\/\\\/regese.ch\\\/fussball\\\/wp-content\\\/uploads\\\/2025\\\/05\\\/FC-Prishtina-FCK05_28-05-25-50-32x21.jpg\",\"full\":\"https:\\\/\\\/regese.ch\\\/fussball\\\/wp-content\\\/uploads\\\/2025\\\/05\\\/FC-Prishtina-FCK05_28-05-25-50.jpg\",\"index\":48,\"id\":20657,\"video\":false,\"opts\":{\"caption\":\"\",\"thumb\":\"https:\\\/\\\/regese.ch\\\/fussball\\\/wp-content\\\/uploads\\\/2025\\\/05\\\/FC-Prishtina-FCK05_28-05-25-50-75x50_c.jpg\",\"title\":\"FC Prishtina - FCK05_28-05-25-50\"},\"gallery_id\":\"20702\"},{\"status\":\"active\",\"src\":\"https:\\\/\\\/regese.ch\\\/fussball\\\/wp-content\\\/uploads\\\/2025\\\/05\\\/FC-Prishtina-FCK05_28-05-25-51.jpg\",\"title\":\"FC Prishtina - FCK05_28-05-25-51\",\"link\":\"https:\\\/\\\/regese.ch\\\/fussball\\\/wp-content\\\/uploads\\\/2025\\\/05\\\/FC-Prishtina-FCK05_28-05-25-51.jpg\",\"alt\":\"\",\"caption\":false,\"thumb\":\"https:\\\/\\\/regese.ch\\\/fussball\\\/wp-content\\\/uploads\\\/2025\\\/05\\\/FC-Prishtina-FCK05_28-05-25-51-75x50_c.jpg\",\"meta\":{\"aperture\":\"7.1\",\"credit\":null,\"camera\":\"Canon EOS R6\",\"caption\":\"\",\"created_timestamp\":\"1748460603\",\"copyright\":null,\"focal_length\":\"400\",\"iso\":\"25600\",\"shutter_speed\":\"0.001\",\"title\":\"\",\"orientation\":null,\"keywords\":null,\"resized_images\":null},\"thumbnail\":\"https:\\\/\\\/regese.ch\\\/fussball\\\/wp-content\\\/uploads\\\/2025\\\/05\\\/FC-Prishtina-FCK05_28-05-25-51-150x100.jpg\",\"medium\":\"https:\\\/\\\/regese.ch\\\/fussball\\\/wp-content\\\/uploads\\\/2025\\\/05\\\/FC-Prishtina-FCK05_28-05-25-51-300x200.jpg\",\"medium_large\":\"https:\\\/\\\/regese.ch\\\/fussball\\\/wp-content\\\/uploads\\\/2025\\\/05\\\/FC-Prishtina-FCK05_28-05-25-51-768x512.jpg\",\"large\":\"https:\\\/\\\/regese.ch\\\/fussball\\\/wp-content\\\/uploads\\\/2025\\\/05\\\/FC-Prishtina-FCK05_28-05-25-51.jpg\",\"1536x1536\":\"https:\\\/\\\/regese.ch\\\/fussball\\\/wp-content\\\/uploads\\\/2025\\\/05\\\/FC-Prishtina-FCK05_28-05-25-51-1536x1024.jpg\",\"2048x2048\":\"https:\\\/\\\/regese.ch\\\/fussball\\\/wp-content\\\/uploads\\\/2025\\\/05\\\/FC-Prishtina-FCK05_28-05-25-51.jpg\",\"sportspress-crop-medium\":\"https:\\\/\\\/regese.ch\\\/fussball\\\/wp-content\\\/uploads\\\/2025\\\/05\\\/FC-Prishtina-FCK05_28-05-25-51-300x300.jpg\",\"sportspress-fit-medium\":\"https:\\\/\\\/regese.ch\\\/fussball\\\/wp-content\\\/uploads\\\/2025\\\/05\\\/FC-Prishtina-FCK05_28-05-25-51-300x200.jpg\",\"sportspress-fit-icon\":\"https:\\\/\\\/regese.ch\\\/fussball\\\/wp-content\\\/uploads\\\/2025\\\/05\\\/FC-Prishtina-FCK05_28-05-25-51-128x85.jpg\",\"sportspress-fit-mini\":\"https:\\\/\\\/regese.ch\\\/fussball\\\/wp-content\\\/uploads\\\/2025\\\/05\\\/FC-Prishtina-FCK05_28-05-25-51-32x21.jpg\",\"full\":\"https:\\\/\\\/regese.ch\\\/fussball\\\/wp-content\\\/uploads\\\/2025\\\/05\\\/FC-Prishtina-FCK05_28-05-25-51.jpg\",\"index\":49,\"id\":20658,\"video\":false,\"opts\":{\"caption\":\"\",\"thumb\":\"https:\\\/\\\/regese.ch\\\/fussball\\\/wp-content\\\/uploads\\\/2025\\\/05\\\/FC-Prishtina-FCK05_28-05-25-51-75x50_c.jpg\",\"title\":\"FC Prishtina - FCK05_28-05-25-51\"},\"gallery_id\":\"20702\"},{\"status\":\"active\",\"src\":\"https:\\\/\\\/regese.ch\\\/fussball\\\/wp-content\\\/uploads\\\/2025\\\/05\\\/FC-Prishtina-FCK05_28-05-25-52.jpg\",\"title\":\"FC Prishtina - FCK05_28-05-25-52\",\"link\":\"https:\\\/\\\/regese.ch\\\/fussball\\\/wp-content\\\/uploads\\\/2025\\\/05\\\/FC-Prishtina-FCK05_28-05-25-52.jpg\",\"alt\":\"\",\"caption\":false,\"thumb\":\"https:\\\/\\\/regese.ch\\\/fussball\\\/wp-content\\\/uploads\\\/2025\\\/05\\\/FC-Prishtina-FCK05_28-05-25-52-75x50_c.jpg\",\"meta\":{\"aperture\":\"7.1\",\"credit\":null,\"camera\":\"Canon EOS R6\",\"caption\":\"\",\"created_timestamp\":\"1748460630\",\"copyright\":null,\"focal_length\":\"255\",\"iso\":\"25600\",\"shutter_speed\":\"0.001\",\"title\":\"\",\"orientation\":null,\"keywords\":null,\"resized_images\":null},\"thumbnail\":\"https:\\\/\\\/regese.ch\\\/fussball\\\/wp-content\\\/uploads\\\/2025\\\/05\\\/FC-Prishtina-FCK05_28-05-25-52-150x100.jpg\",\"medium\":\"https:\\\/\\\/regese.ch\\\/fussball\\\/wp-content\\\/uploads\\\/2025\\\/05\\\/FC-Prishtina-FCK05_28-05-25-52-300x200.jpg\",\"medium_large\":\"https:\\\/\\\/regese.ch\\\/fussball\\\/wp-content\\\/uploads\\\/2025\\\/05\\\/FC-Prishtina-FCK05_28-05-25-52-768x512.jpg\",\"large\":\"https:\\\/\\\/regese.ch\\\/fussball\\\/wp-content\\\/uploads\\\/2025\\\/05\\\/FC-Prishtina-FCK05_28-05-25-52.jpg\",\"1536x1536\":\"https:\\\/\\\/regese.ch\\\/fussball\\\/wp-content\\\/uploads\\\/2025\\\/05\\\/FC-Prishtina-FCK05_28-05-25-52-1536x1024.jpg\",\"2048x2048\":\"https:\\\/\\\/regese.ch\\\/fussball\\\/wp-content\\\/uploads\\\/2025\\\/05\\\/FC-Prishtina-FCK05_28-05-25-52.jpg\",\"sportspress-crop-medium\":\"https:\\\/\\\/regese.ch\\\/fussball\\\/wp-content\\\/uploads\\\/2025\\\/05\\\/FC-Prishtina-FCK05_28-05-25-52-300x300.jpg\",\"sportspress-fit-medium\":\"https:\\\/\\\/regese.ch\\\/fussball\\\/wp-content\\\/uploads\\\/2025\\\/05\\\/FC-Prishtina-FCK05_28-05-25-52-300x200.jpg\",\"sportspress-fit-icon\":\"https:\\\/\\\/regese.ch\\\/fussball\\\/wp-content\\\/uploads\\\/2025\\\/05\\\/FC-Prishtina-FCK05_28-05-25-52-128x85.jpg\",\"sportspress-fit-mini\":\"https:\\\/\\\/regese.ch\\\/fussball\\\/wp-content\\\/uploads\\\/2025\\\/05\\\/FC-Prishtina-FCK05_28-05-25-52-32x21.jpg\",\"full\":\"https:\\\/\\\/regese.ch\\\/fussball\\\/wp-content\\\/uploads\\\/2025\\\/05\\\/FC-Prishtina-FCK05_28-05-25-52.jpg\",\"index\":50,\"id\":20659,\"video\":false,\"opts\":{\"caption\":\"\",\"thumb\":\"https:\\\/\\\/regese.ch\\\/fussball\\\/wp-content\\\/uploads\\\/2025\\\/05\\\/FC-Prishtina-FCK05_28-05-25-52-75x50_c.jpg\",\"title\":\"FC Prishtina - FCK05_28-05-25-52\"},\"gallery_id\":\"20702\"},{\"status\":\"active\",\"src\":\"https:\\\/\\\/regese.ch\\\/fussball\\\/wp-content\\\/uploads\\\/2025\\\/05\\\/FC-Prishtina-FCK05_28-05-25-53.jpg\",\"title\":\"FC Prishtina - FCK05_28-05-25-53\",\"link\":\"https:\\\/\\\/regese.ch\\\/fussball\\\/wp-content\\\/uploads\\\/2025\\\/05\\\/FC-Prishtina-FCK05_28-05-25-53.jpg\",\"alt\":\"\",\"caption\":false,\"thumb\":\"https:\\\/\\\/regese.ch\\\/fussball\\\/wp-content\\\/uploads\\\/2025\\\/05\\\/FC-Prishtina-FCK05_28-05-25-53-75x50_c.jpg\",\"meta\":{\"aperture\":\"7.1\",\"credit\":null,\"camera\":\"Canon EOS R6\",\"caption\":\"\",\"created_timestamp\":\"1748460634\",\"copyright\":null,\"focal_length\":\"321\",\"iso\":\"25600\",\"shutter_speed\":\"0.001\",\"title\":\"\",\"orientation\":null,\"keywords\":null,\"resized_images\":null},\"thumbnail\":\"https:\\\/\\\/regese.ch\\\/fussball\\\/wp-content\\\/uploads\\\/2025\\\/05\\\/FC-Prishtina-FCK05_28-05-25-53-100x150.jpg\",\"medium\":\"https:\\\/\\\/regese.ch\\\/fussball\\\/wp-content\\\/uploads\\\/2025\\\/05\\\/FC-Prishtina-FCK05_28-05-25-53-200x300.jpg\",\"medium_large\":\"https:\\\/\\\/regese.ch\\\/fussball\\\/wp-content\\\/uploads\\\/2025\\\/05\\\/FC-Prishtina-FCK05_28-05-25-53-768x1152.jpg\",\"large\":\"https:\\\/\\\/regese.ch\\\/fussball\\\/wp-content\\\/uploads\\\/2025\\\/05\\\/FC-Prishtina-FCK05_28-05-25-53.jpg\",\"1536x1536\":\"https:\\\/\\\/regese.ch\\\/fussball\\\/wp-content\\\/uploads\\\/2025\\\/05\\\/FC-Prishtina-FCK05_28-05-25-53-1024x1536.jpg\",\"2048x2048\":\"https:\\\/\\\/regese.ch\\\/fussball\\\/wp-content\\\/uploads\\\/2025\\\/05\\\/FC-Prishtina-FCK05_28-05-25-53.jpg\",\"sportspress-crop-medium\":\"https:\\\/\\\/regese.ch\\\/fussball\\\/wp-content\\\/uploads\\\/2025\\\/05\\\/FC-Prishtina-FCK05_28-05-25-53-300x300.jpg\",\"sportspress-fit-medium\":\"https:\\\/\\\/regese.ch\\\/fussball\\\/wp-content\\\/uploads\\\/2025\\\/05\\\/FC-Prishtina-FCK05_28-05-25-53-200x300.jpg\",\"sportspress-fit-icon\":\"https:\\\/\\\/regese.ch\\\/fussball\\\/wp-content\\\/uploads\\\/2025\\\/05\\\/FC-Prishtina-FCK05_28-05-25-53-85x128.jpg\",\"sportspress-fit-mini\":\"https:\\\/\\\/regese.ch\\\/fussball\\\/wp-content\\\/uploads\\\/2025\\\/05\\\/FC-Prishtina-FCK05_28-05-25-53-21x32.jpg\",\"full\":\"https:\\\/\\\/regese.ch\\\/fussball\\\/wp-content\\\/uploads\\\/2025\\\/05\\\/FC-Prishtina-FCK05_28-05-25-53.jpg\",\"index\":51,\"id\":20660,\"video\":false,\"opts\":{\"caption\":\"\",\"thumb\":\"https:\\\/\\\/regese.ch\\\/fussball\\\/wp-content\\\/uploads\\\/2025\\\/05\\\/FC-Prishtina-FCK05_28-05-25-53-75x50_c.jpg\",\"title\":\"FC Prishtina - FCK05_28-05-25-53\"},\"gallery_id\":\"20702\"},{\"status\":\"active\",\"src\":\"https:\\\/\\\/regese.ch\\\/fussball\\\/wp-content\\\/uploads\\\/2025\\\/05\\\/FC-Prishtina-FCK05_28-05-25-54.jpg\",\"title\":\"FC Prishtina - FCK05_28-05-25-54\",\"link\":\"https:\\\/\\\/regese.ch\\\/fussball\\\/wp-content\\\/uploads\\\/2025\\\/05\\\/FC-Prishtina-FCK05_28-05-25-54.jpg\",\"alt\":\"\",\"caption\":false,\"thumb\":\"https:\\\/\\\/regese.ch\\\/fussball\\\/wp-content\\\/uploads\\\/2025\\\/05\\\/FC-Prishtina-FCK05_28-05-25-54-75x50_c.jpg\",\"meta\":{\"aperture\":\"7.1\",\"credit\":null,\"camera\":\"Canon EOS R6\",\"caption\":\"\",\"created_timestamp\":\"1748460648\",\"copyright\":null,\"focal_length\":\"400\",\"iso\":\"25600\",\"shutter_speed\":\"0.001\",\"title\":\"\",\"orientation\":null,\"keywords\":null,\"resized_images\":null},\"thumbnail\":\"https:\\\/\\\/regese.ch\\\/fussball\\\/wp-content\\\/uploads\\\/2025\\\/05\\\/FC-Prishtina-FCK05_28-05-25-54-150x100.jpg\",\"medium\":\"https:\\\/\\\/regese.ch\\\/fussball\\\/wp-content\\\/uploads\\\/2025\\\/05\\\/FC-Prishtina-FCK05_28-05-25-54-300x200.jpg\",\"medium_large\":\"https:\\\/\\\/regese.ch\\\/fussball\\\/wp-content\\\/uploads\\\/2025\\\/05\\\/FC-Prishtina-FCK05_28-05-25-54-768x512.jpg\",\"large\":\"https:\\\/\\\/regese.ch\\\/fussball\\\/wp-content\\\/uploads\\\/2025\\\/05\\\/FC-Prishtina-FCK05_28-05-25-54.jpg\",\"1536x1536\":\"https:\\\/\\\/regese.ch\\\/fussball\\\/wp-content\\\/uploads\\\/2025\\\/05\\\/FC-Prishtina-FCK05_28-05-25-54-1536x1024.jpg\",\"2048x2048\":\"https:\\\/\\\/regese.ch\\\/fussball\\\/wp-content\\\/uploads\\\/2025\\\/05\\\/FC-Prishtina-FCK05_28-05-25-54.jpg\",\"sportspress-crop-medium\":\"https:\\\/\\\/regese.ch\\\/fussball\\\/wp-content\\\/uploads\\\/2025\\\/05\\\/FC-Prishtina-FCK05_28-05-25-54-300x300.jpg\",\"sportspress-fit-medium\":\"https:\\\/\\\/regese.ch\\\/fussball\\\/wp-content\\\/uploads\\\/2025\\\/05\\\/FC-Prishtina-FCK05_28-05-25-54-300x200.jpg\",\"sportspress-fit-icon\":\"https:\\\/\\\/regese.ch\\\/fussball\\\/wp-content\\\/uploads\\\/2025\\\/05\\\/FC-Prishtina-FCK05_28-05-25-54-128x85.jpg\",\"sportspress-fit-mini\":\"https:\\\/\\\/regese.ch\\\/fussball\\\/wp-content\\\/uploads\\\/2025\\\/05\\\/FC-Prishtina-FCK05_28-05-25-54-32x21.jpg\",\"full\":\"https:\\\/\\\/regese.ch\\\/fussball\\\/wp-content\\\/uploads\\\/2025\\\/05\\\/FC-Prishtina-FCK05_28-05-25-54.jpg\",\"index\":52,\"id\":20661,\"video\":false,\"opts\":{\"caption\":\"\",\"thumb\":\"https:\\\/\\\/regese.ch\\\/fussball\\\/wp-content\\\/uploads\\\/2025\\\/05\\\/FC-Prishtina-FCK05_28-05-25-54-75x50_c.jpg\",\"title\":\"FC Prishtina - FCK05_28-05-25-54\"},\"gallery_id\":\"20702\"},{\"status\":\"active\",\"src\":\"https:\\\/\\\/regese.ch\\\/fussball\\\/wp-content\\\/uploads\\\/2025\\\/05\\\/FC-Prishtina-FCK05_28-05-25-55.jpg\",\"title\":\"FC Prishtina - FCK05_28-05-25-55\",\"link\":\"https:\\\/\\\/regese.ch\\\/fussball\\\/wp-content\\\/uploads\\\/2025\\\/05\\\/FC-Prishtina-FCK05_28-05-25-55.jpg\",\"alt\":\"\",\"caption\":false,\"thumb\":\"https:\\\/\\\/regese.ch\\\/fussball\\\/wp-content\\\/uploads\\\/2025\\\/05\\\/FC-Prishtina-FCK05_28-05-25-55-75x50_c.jpg\",\"meta\":{\"aperture\":\"7.1\",\"credit\":null,\"camera\":\"Canon EOS R6\",\"caption\":\"\",\"created_timestamp\":\"1748460691\",\"copyright\":null,\"focal_length\":\"321\",\"iso\":\"25600\",\"shutter_speed\":\"0.001\",\"title\":\"\",\"orientation\":null,\"keywords\":null,\"resized_images\":null},\"thumbnail\":\"https:\\\/\\\/regese.ch\\\/fussball\\\/wp-content\\\/uploads\\\/2025\\\/05\\\/FC-Prishtina-FCK05_28-05-25-55-150x100.jpg\",\"medium\":\"https:\\\/\\\/regese.ch\\\/fussball\\\/wp-content\\\/uploads\\\/2025\\\/05\\\/FC-Prishtina-FCK05_28-05-25-55-300x200.jpg\",\"medium_large\":\"https:\\\/\\\/regese.ch\\\/fussball\\\/wp-content\\\/uploads\\\/2025\\\/05\\\/FC-Prishtina-FCK05_28-05-25-55-768x512.jpg\",\"large\":\"https:\\\/\\\/regese.ch\\\/fussball\\\/wp-content\\\/uploads\\\/2025\\\/05\\\/FC-Prishtina-FCK05_28-05-25-55.jpg\",\"1536x1536\":\"https:\\\/\\\/regese.ch\\\/fussball\\\/wp-content\\\/uploads\\\/2025\\\/05\\\/FC-Prishtina-FCK05_28-05-25-55-1536x1024.jpg\",\"2048x2048\":\"https:\\\/\\\/regese.ch\\\/fussball\\\/wp-content\\\/uploads\\\/2025\\\/05\\\/FC-Prishtina-FCK05_28-05-25-55.jpg\",\"sportspress-crop-medium\":\"https:\\\/\\\/regese.ch\\\/fussball\\\/wp-content\\\/uploads\\\/2025\\\/05\\\/FC-Prishtina-FCK05_28-05-25-55-300x300.jpg\",\"sportspress-fit-medium\":\"https:\\\/\\\/regese.ch\\\/fussball\\\/wp-content\\\/uploads\\\/2025\\\/05\\\/FC-Prishtina-FCK05_28-05-25-55-300x200.jpg\",\"sportspress-fit-icon\":\"https:\\\/\\\/regese.ch\\\/fussball\\\/wp-content\\\/uploads\\\/2025\\\/05\\\/FC-Prishtina-FCK05_28-05-25-55-128x85.jpg\",\"sportspress-fit-mini\":\"https:\\\/\\\/regese.ch\\\/fussball\\\/wp-content\\\/uploads\\\/2025\\\/05\\\/FC-Prishtina-FCK05_28-05-25-55-32x21.jpg\",\"full\":\"https:\\\/\\\/regese.ch\\\/fussball\\\/wp-content\\\/uploads\\\/2025\\\/05\\\/FC-Prishtina-FCK05_28-05-25-55.jpg\",\"index\":53,\"id\":20662,\"video\":false,\"opts\":{\"caption\":\"\",\"thumb\":\"https:\\\/\\\/regese.ch\\\/fussball\\\/wp-content\\\/uploads\\\/2025\\\/05\\\/FC-Prishtina-FCK05_28-05-25-55-75x50_c.jpg\",\"title\":\"FC Prishtina - FCK05_28-05-25-55\"},\"gallery_id\":\"20702\"},{\"status\":\"active\",\"src\":\"https:\\\/\\\/regese.ch\\\/fussball\\\/wp-content\\\/uploads\\\/2025\\\/05\\\/FC-Prishtina-FCK05_28-05-25-56.jpg\",\"title\":\"FC Prishtina - FCK05_28-05-25-56\",\"link\":\"https:\\\/\\\/regese.ch\\\/fussball\\\/wp-content\\\/uploads\\\/2025\\\/05\\\/FC-Prishtina-FCK05_28-05-25-56.jpg\",\"alt\":\"\",\"caption\":false,\"thumb\":\"https:\\\/\\\/regese.ch\\\/fussball\\\/wp-content\\\/uploads\\\/2025\\\/05\\\/FC-Prishtina-FCK05_28-05-25-56-75x50_c.jpg\",\"meta\":{\"aperture\":\"7.1\",\"credit\":null,\"camera\":\"Canon EOS R6\",\"caption\":\"\",\"created_timestamp\":\"1748460864\",\"copyright\":null,\"focal_length\":\"300\",\"iso\":\"25600\",\"shutter_speed\":\"0.001\",\"title\":\"\",\"orientation\":null,\"keywords\":null,\"resized_images\":null},\"thumbnail\":\"https:\\\/\\\/regese.ch\\\/fussball\\\/wp-content\\\/uploads\\\/2025\\\/05\\\/FC-Prishtina-FCK05_28-05-25-56-150x100.jpg\",\"medium\":\"https:\\\/\\\/regese.ch\\\/fussball\\\/wp-content\\\/uploads\\\/2025\\\/05\\\/FC-Prishtina-FCK05_28-05-25-56-300x200.jpg\",\"medium_large\":\"https:\\\/\\\/regese.ch\\\/fussball\\\/wp-content\\\/uploads\\\/2025\\\/05\\\/FC-Prishtina-FCK05_28-05-25-56-768x512.jpg\",\"large\":\"https:\\\/\\\/regese.ch\\\/fussball\\\/wp-content\\\/uploads\\\/2025\\\/05\\\/FC-Prishtina-FCK05_28-05-25-56.jpg\",\"1536x1536\":\"https:\\\/\\\/regese.ch\\\/fussball\\\/wp-content\\\/uploads\\\/2025\\\/05\\\/FC-Prishtina-FCK05_28-05-25-56-1536x1024.jpg\",\"2048x2048\":\"https:\\\/\\\/regese.ch\\\/fussball\\\/wp-content\\\/uploads\\\/2025\\\/05\\\/FC-Prishtina-FCK05_28-05-25-56.jpg\",\"sportspress-crop-medium\":\"https:\\\/\\\/regese.ch\\\/fussball\\\/wp-content\\\/uploads\\\/2025\\\/05\\\/FC-Prishtina-FCK05_28-05-25-56-300x300.jpg\",\"sportspress-fit-medium\":\"https:\\\/\\\/regese.ch\\\/fussball\\\/wp-content\\\/uploads\\\/2025\\\/05\\\/FC-Prishtina-FCK05_28-05-25-56-300x200.jpg\",\"sportspress-fit-icon\":\"https:\\\/\\\/regese.ch\\\/fussball\\\/wp-content\\\/uploads\\\/2025\\\/05\\\/FC-Prishtina-FCK05_28-05-25-56-128x85.jpg\",\"sportspress-fit-mini\":\"https:\\\/\\\/regese.ch\\\/fussball\\\/wp-content\\\/uploads\\\/2025\\\/05\\\/FC-Prishtina-FCK05_28-05-25-56-32x21.jpg\",\"full\":\"https:\\\/\\\/regese.ch\\\/fussball\\\/wp-content\\\/uploads\\\/2025\\\/05\\\/FC-Prishtina-FCK05_28-05-25-56.jpg\",\"index\":54,\"id\":20663,\"video\":false,\"opts\":{\"caption\":\"\",\"thumb\":\"https:\\\/\\\/regese.ch\\\/fussball\\\/wp-content\\\/uploads\\\/2025\\\/05\\\/FC-Prishtina-FCK05_28-05-25-56-75x50_c.jpg\",\"title\":\"FC Prishtina - FCK05_28-05-25-56\"},\"gallery_id\":\"20702\"},{\"status\":\"active\",\"src\":\"https:\\\/\\\/regese.ch\\\/fussball\\\/wp-content\\\/uploads\\\/2025\\\/05\\\/FC-Prishtina-FCK05_28-05-25-57.jpg\",\"title\":\"FC Prishtina - FCK05_28-05-25-57\",\"link\":\"https:\\\/\\\/regese.ch\\\/fussball\\\/wp-content\\\/uploads\\\/2025\\\/05\\\/FC-Prishtina-FCK05_28-05-25-57.jpg\",\"alt\":\"\",\"caption\":false,\"thumb\":\"https:\\\/\\\/regese.ch\\\/fussball\\\/wp-content\\\/uploads\\\/2025\\\/05\\\/FC-Prishtina-FCK05_28-05-25-57-75x50_c.jpg\",\"meta\":{\"aperture\":\"7.1\",\"credit\":null,\"camera\":\"Canon EOS R6\",\"caption\":\"\",\"created_timestamp\":\"1748460894\",\"copyright\":null,\"focal_length\":\"312\",\"iso\":\"25600\",\"shutter_speed\":\"0.001\",\"title\":\"\",\"orientation\":null,\"keywords\":null,\"resized_images\":null},\"thumbnail\":\"https:\\\/\\\/regese.ch\\\/fussball\\\/wp-content\\\/uploads\\\/2025\\\/05\\\/FC-Prishtina-FCK05_28-05-25-57-150x100.jpg\",\"medium\":\"https:\\\/\\\/regese.ch\\\/fussball\\\/wp-content\\\/uploads\\\/2025\\\/05\\\/FC-Prishtina-FCK05_28-05-25-57-300x200.jpg\",\"medium_large\":\"https:\\\/\\\/regese.ch\\\/fussball\\\/wp-content\\\/uploads\\\/2025\\\/05\\\/FC-Prishtina-FCK05_28-05-25-57-768x512.jpg\",\"large\":\"https:\\\/\\\/regese.ch\\\/fussball\\\/wp-content\\\/uploads\\\/2025\\\/05\\\/FC-Prishtina-FCK05_28-05-25-57.jpg\",\"1536x1536\":\"https:\\\/\\\/regese.ch\\\/fussball\\\/wp-content\\\/uploads\\\/2025\\\/05\\\/FC-Prishtina-FCK05_28-05-25-57-1536x1024.jpg\",\"2048x2048\":\"https:\\\/\\\/regese.ch\\\/fussball\\\/wp-content\\\/uploads\\\/2025\\\/05\\\/FC-Prishtina-FCK05_28-05-25-57.jpg\",\"sportspress-crop-medium\":\"https:\\\/\\\/regese.ch\\\/fussball\\\/wp-content\\\/uploads\\\/2025\\\/05\\\/FC-Prishtina-FCK05_28-05-25-57-300x300.jpg\",\"sportspress-fit-medium\":\"https:\\\/\\\/regese.ch\\\/fussball\\\/wp-content\\\/uploads\\\/2025\\\/05\\\/FC-Prishtina-FCK05_28-05-25-57-300x200.jpg\",\"sportspress-fit-icon\":\"https:\\\/\\\/regese.ch\\\/fussball\\\/wp-content\\\/uploads\\\/2025\\\/05\\\/FC-Prishtina-FCK05_28-05-25-57-128x85.jpg\",\"sportspress-fit-mini\":\"https:\\\/\\\/regese.ch\\\/fussball\\\/wp-content\\\/uploads\\\/2025\\\/05\\\/FC-Prishtina-FCK05_28-05-25-57-32x21.jpg\",\"full\":\"https:\\\/\\\/regese.ch\\\/fussball\\\/wp-content\\\/uploads\\\/2025\\\/05\\\/FC-Prishtina-FCK05_28-05-25-57.jpg\",\"index\":55,\"id\":20664,\"video\":false,\"opts\":{\"caption\":\"\",\"thumb\":\"https:\\\/\\\/regese.ch\\\/fussball\\\/wp-content\\\/uploads\\\/2025\\\/05\\\/FC-Prishtina-FCK05_28-05-25-57-75x50_c.jpg\",\"title\":\"FC Prishtina - FCK05_28-05-25-57\"},\"gallery_id\":\"20702\"},{\"status\":\"active\",\"src\":\"https:\\\/\\\/regese.ch\\\/fussball\\\/wp-content\\\/uploads\\\/2025\\\/05\\\/FC-Prishtina-FCK05_28-05-25-58.jpg\",\"title\":\"FC Prishtina - FCK05_28-05-25-58\",\"link\":\"https:\\\/\\\/regese.ch\\\/fussball\\\/wp-content\\\/uploads\\\/2025\\\/05\\\/FC-Prishtina-FCK05_28-05-25-58.jpg\",\"alt\":\"\",\"caption\":false,\"thumb\":\"https:\\\/\\\/regese.ch\\\/fussball\\\/wp-content\\\/uploads\\\/2025\\\/05\\\/FC-Prishtina-FCK05_28-05-25-58-75x50_c.jpg\",\"meta\":{\"aperture\":\"5.6\",\"credit\":null,\"camera\":\"Canon EOS R6\",\"caption\":\"\",\"created_timestamp\":\"1748461002\",\"copyright\":null,\"focal_length\":\"227\",\"iso\":\"25600\",\"shutter_speed\":\"0.001\",\"title\":\"\",\"orientation\":null,\"keywords\":null,\"resized_images\":null},\"thumbnail\":\"https:\\\/\\\/regese.ch\\\/fussball\\\/wp-content\\\/uploads\\\/2025\\\/05\\\/FC-Prishtina-FCK05_28-05-25-58-150x100.jpg\",\"medium\":\"https:\\\/\\\/regese.ch\\\/fussball\\\/wp-content\\\/uploads\\\/2025\\\/05\\\/FC-Prishtina-FCK05_28-05-25-58-300x200.jpg\",\"medium_large\":\"https:\\\/\\\/regese.ch\\\/fussball\\\/wp-content\\\/uploads\\\/2025\\\/05\\\/FC-Prishtina-FCK05_28-05-25-58-768x512.jpg\",\"large\":\"https:\\\/\\\/regese.ch\\\/fussball\\\/wp-content\\\/uploads\\\/2025\\\/05\\\/FC-Prishtina-FCK05_28-05-25-58.jpg\",\"1536x1536\":\"https:\\\/\\\/regese.ch\\\/fussball\\\/wp-content\\\/uploads\\\/2025\\\/05\\\/FC-Prishtina-FCK05_28-05-25-58-1536x1024.jpg\",\"2048x2048\":\"https:\\\/\\\/regese.ch\\\/fussball\\\/wp-content\\\/uploads\\\/2025\\\/05\\\/FC-Prishtina-FCK05_28-05-25-58.jpg\",\"sportspress-crop-medium\":\"https:\\\/\\\/regese.ch\\\/fussball\\\/wp-content\\\/uploads\\\/2025\\\/05\\\/FC-Prishtina-FCK05_28-05-25-58-300x300.jpg\",\"sportspress-fit-medium\":\"https:\\\/\\\/regese.ch\\\/fussball\\\/wp-content\\\/uploads\\\/2025\\\/05\\\/FC-Prishtina-FCK05_28-05-25-58-300x200.jpg\",\"sportspress-fit-icon\":\"https:\\\/\\\/regese.ch\\\/fussball\\\/wp-content\\\/uploads\\\/2025\\\/05\\\/FC-Prishtina-FCK05_28-05-25-58-128x85.jpg\",\"sportspress-fit-mini\":\"https:\\\/\\\/regese.ch\\\/fussball\\\/wp-content\\\/uploads\\\/2025\\\/05\\\/FC-Prishtina-FCK05_28-05-25-58-32x21.jpg\",\"full\":\"https:\\\/\\\/regese.ch\\\/fussball\\\/wp-content\\\/uploads\\\/2025\\\/05\\\/FC-Prishtina-FCK05_28-05-25-58.jpg\",\"index\":56,\"id\":20665,\"video\":false,\"opts\":{\"caption\":\"\",\"thumb\":\"https:\\\/\\\/regese.ch\\\/fussball\\\/wp-content\\\/uploads\\\/2025\\\/05\\\/FC-Prishtina-FCK05_28-05-25-58-75x50_c.jpg\",\"title\":\"FC Prishtina - FCK05_28-05-25-58\"},\"gallery_id\":\"20702\"},{\"status\":\"active\",\"src\":\"https:\\\/\\\/regese.ch\\\/fussball\\\/wp-content\\\/uploads\\\/2025\\\/05\\\/FC-Prishtina-FCK05_28-05-25-59.jpg\",\"title\":\"FC Prishtina - FCK05_28-05-25-59\",\"link\":\"https:\\\/\\\/regese.ch\\\/fussball\\\/wp-content\\\/uploads\\\/2025\\\/05\\\/FC-Prishtina-FCK05_28-05-25-59.jpg\",\"alt\":\"\",\"caption\":false,\"thumb\":\"https:\\\/\\\/regese.ch\\\/fussball\\\/wp-content\\\/uploads\\\/2025\\\/05\\\/FC-Prishtina-FCK05_28-05-25-59-75x50_c.jpg\",\"meta\":{\"aperture\":\"5.6\",\"credit\":null,\"camera\":\"Canon EOS R6\",\"caption\":\"\",\"created_timestamp\":\"1748461053\",\"copyright\":null,\"focal_length\":\"200\",\"iso\":\"25600\",\"shutter_speed\":\"0.001\",\"title\":\"\",\"orientation\":null,\"keywords\":null,\"resized_images\":null},\"thumbnail\":\"https:\\\/\\\/regese.ch\\\/fussball\\\/wp-content\\\/uploads\\\/2025\\\/05\\\/FC-Prishtina-FCK05_28-05-25-59-150x100.jpg\",\"medium\":\"https:\\\/\\\/regese.ch\\\/fussball\\\/wp-content\\\/uploads\\\/2025\\\/05\\\/FC-Prishtina-FCK05_28-05-25-59-300x200.jpg\",\"medium_large\":\"https:\\\/\\\/regese.ch\\\/fussball\\\/wp-content\\\/uploads\\\/2025\\\/05\\\/FC-Prishtina-FCK05_28-05-25-59-768x512.jpg\",\"large\":\"https:\\\/\\\/regese.ch\\\/fussball\\\/wp-content\\\/uploads\\\/2025\\\/05\\\/FC-Prishtina-FCK05_28-05-25-59.jpg\",\"1536x1536\":\"https:\\\/\\\/regese.ch\\\/fussball\\\/wp-content\\\/uploads\\\/2025\\\/05\\\/FC-Prishtina-FCK05_28-05-25-59-1536x1024.jpg\",\"2048x2048\":\"https:\\\/\\\/regese.ch\\\/fussball\\\/wp-content\\\/uploads\\\/2025\\\/05\\\/FC-Prishtina-FCK05_28-05-25-59.jpg\",\"sportspress-crop-medium\":\"https:\\\/\\\/regese.ch\\\/fussball\\\/wp-content\\\/uploads\\\/2025\\\/05\\\/FC-Prishtina-FCK05_28-05-25-59-300x300.jpg\",\"sportspress-fit-medium\":\"https:\\\/\\\/regese.ch\\\/fussball\\\/wp-content\\\/uploads\\\/2025\\\/05\\\/FC-Prishtina-FCK05_28-05-25-59-300x200.jpg\",\"sportspress-fit-icon\":\"https:\\\/\\\/regese.ch\\\/fussball\\\/wp-content\\\/uploads\\\/2025\\\/05\\\/FC-Prishtina-FCK05_28-05-25-59-128x85.jpg\",\"sportspress-fit-mini\":\"https:\\\/\\\/regese.ch\\\/fussball\\\/wp-content\\\/uploads\\\/2025\\\/05\\\/FC-Prishtina-FCK05_28-05-25-59-32x21.jpg\",\"full\":\"https:\\\/\\\/regese.ch\\\/fussball\\\/wp-content\\\/uploads\\\/2025\\\/05\\\/FC-Prishtina-FCK05_28-05-25-59.jpg\",\"index\":57,\"id\":20666,\"video\":false,\"opts\":{\"caption\":\"\",\"thumb\":\"https:\\\/\\\/regese.ch\\\/fussball\\\/wp-content\\\/uploads\\\/2025\\\/05\\\/FC-Prishtina-FCK05_28-05-25-59-75x50_c.jpg\",\"title\":\"FC Prishtina - FCK05_28-05-25-59\"},\"gallery_id\":\"20702\"},{\"status\":\"active\",\"src\":\"https:\\\/\\\/regese.ch\\\/fussball\\\/wp-content\\\/uploads\\\/2025\\\/05\\\/FC-Prishtina-FCK05_28-05-25-60.jpg\",\"title\":\"FC Prishtina - FCK05_28-05-25-60\",\"link\":\"https:\\\/\\\/regese.ch\\\/fussball\\\/wp-content\\\/uploads\\\/2025\\\/05\\\/FC-Prishtina-FCK05_28-05-25-60.jpg\",\"alt\":\"\",\"caption\":false,\"thumb\":\"https:\\\/\\\/regese.ch\\\/fussball\\\/wp-content\\\/uploads\\\/2025\\\/05\\\/FC-Prishtina-FCK05_28-05-25-60-75x50_c.jpg\",\"meta\":{\"aperture\":\"5.6\",\"credit\":null,\"camera\":\"Canon EOS R6\",\"caption\":\"\",\"created_timestamp\":\"1748461323\",\"copyright\":null,\"focal_length\":\"100\",\"iso\":\"25600\",\"shutter_speed\":\"0.002\",\"title\":\"\",\"orientation\":null,\"keywords\":null,\"resized_images\":null},\"thumbnail\":\"https:\\\/\\\/regese.ch\\\/fussball\\\/wp-content\\\/uploads\\\/2025\\\/05\\\/FC-Prishtina-FCK05_28-05-25-60-150x100.jpg\",\"medium\":\"https:\\\/\\\/regese.ch\\\/fussball\\\/wp-content\\\/uploads\\\/2025\\\/05\\\/FC-Prishtina-FCK05_28-05-25-60-300x200.jpg\",\"medium_large\":\"https:\\\/\\\/regese.ch\\\/fussball\\\/wp-content\\\/uploads\\\/2025\\\/05\\\/FC-Prishtina-FCK05_28-05-25-60-768x512.jpg\",\"large\":\"https:\\\/\\\/regese.ch\\\/fussball\\\/wp-content\\\/uploads\\\/2025\\\/05\\\/FC-Prishtina-FCK05_28-05-25-60.jpg\",\"1536x1536\":\"https:\\\/\\\/regese.ch\\\/fussball\\\/wp-content\\\/uploads\\\/2025\\\/05\\\/FC-Prishtina-FCK05_28-05-25-60-1536x1024.jpg\",\"2048x2048\":\"https:\\\/\\\/regese.ch\\\/fussball\\\/wp-content\\\/uploads\\\/2025\\\/05\\\/FC-Prishtina-FCK05_28-05-25-60.jpg\",\"sportspress-crop-medium\":\"https:\\\/\\\/regese.ch\\\/fussball\\\/wp-content\\\/uploads\\\/2025\\\/05\\\/FC-Prishtina-FCK05_28-05-25-60-300x300.jpg\",\"sportspress-fit-medium\":\"https:\\\/\\\/regese.ch\\\/fussball\\\/wp-content\\\/uploads\\\/2025\\\/05\\\/FC-Prishtina-FCK05_28-05-25-60-300x200.jpg\",\"sportspress-fit-icon\":\"https:\\\/\\\/regese.ch\\\/fussball\\\/wp-content\\\/uploads\\\/2025\\\/05\\\/FC-Prishtina-FCK05_28-05-25-60-128x85.jpg\",\"sportspress-fit-mini\":\"https:\\\/\\\/regese.ch\\\/fussball\\\/wp-content\\\/uploads\\\/2025\\\/05\\\/FC-Prishtina-FCK05_28-05-25-60-32x21.jpg\",\"full\":\"https:\\\/\\\/regese.ch\\\/fussball\\\/wp-content\\\/uploads\\\/2025\\\/05\\\/FC-Prishtina-FCK05_28-05-25-60.jpg\",\"index\":58,\"id\":20667,\"video\":false,\"opts\":{\"caption\":\"\",\"thumb\":\"https:\\\/\\\/regese.ch\\\/fussball\\\/wp-content\\\/uploads\\\/2025\\\/05\\\/FC-Prishtina-FCK05_28-05-25-60-75x50_c.jpg\",\"title\":\"FC Prishtina - FCK05_28-05-25-60\"},\"gallery_id\":\"20702\"},{\"status\":\"active\",\"src\":\"https:\\\/\\\/regese.ch\\\/fussball\\\/wp-content\\\/uploads\\\/2025\\\/05\\\/FC-Prishtina-FCK05_28-05-25-61.jpg\",\"title\":\"FC Prishtina - FCK05_28-05-25-61\",\"link\":\"https:\\\/\\\/regese.ch\\\/fussball\\\/wp-content\\\/uploads\\\/2025\\\/05\\\/FC-Prishtina-FCK05_28-05-25-61.jpg\",\"alt\":\"\",\"caption\":false,\"thumb\":\"https:\\\/\\\/regese.ch\\\/fussball\\\/wp-content\\\/uploads\\\/2025\\\/05\\\/FC-Prishtina-FCK05_28-05-25-61-75x50_c.jpg\",\"meta\":{\"aperture\":\"5.6\",\"credit\":null,\"camera\":\"Canon EOS R6\",\"caption\":\"\",\"created_timestamp\":\"1748461370\",\"copyright\":null,\"focal_length\":\"400\",\"iso\":\"25600\",\"shutter_speed\":\"0.002\",\"title\":\"\",\"orientation\":null,\"keywords\":null,\"resized_images\":null},\"thumbnail\":\"https:\\\/\\\/regese.ch\\\/fussball\\\/wp-content\\\/uploads\\\/2025\\\/05\\\/FC-Prishtina-FCK05_28-05-25-61-150x100.jpg\",\"medium\":\"https:\\\/\\\/regese.ch\\\/fussball\\\/wp-content\\\/uploads\\\/2025\\\/05\\\/FC-Prishtina-FCK05_28-05-25-61-300x200.jpg\",\"medium_large\":\"https:\\\/\\\/regese.ch\\\/fussball\\\/wp-content\\\/uploads\\\/2025\\\/05\\\/FC-Prishtina-FCK05_28-05-25-61-768x512.jpg\",\"large\":\"https:\\\/\\\/regese.ch\\\/fussball\\\/wp-content\\\/uploads\\\/2025\\\/05\\\/FC-Prishtina-FCK05_28-05-25-61.jpg\",\"1536x1536\":\"https:\\\/\\\/regese.ch\\\/fussball\\\/wp-content\\\/uploads\\\/2025\\\/05\\\/FC-Prishtina-FCK05_28-05-25-61-1536x1024.jpg\",\"2048x2048\":\"https:\\\/\\\/regese.ch\\\/fussball\\\/wp-content\\\/uploads\\\/2025\\\/05\\\/FC-Prishtina-FCK05_28-05-25-61.jpg\",\"sportspress-crop-medium\":\"https:\\\/\\\/regese.ch\\\/fussball\\\/wp-content\\\/uploads\\\/2025\\\/05\\\/FC-Prishtina-FCK05_28-05-25-61-300x300.jpg\",\"sportspress-fit-medium\":\"https:\\\/\\\/regese.ch\\\/fussball\\\/wp-content\\\/uploads\\\/2025\\\/05\\\/FC-Prishtina-FCK05_28-05-25-61-300x200.jpg\",\"sportspress-fit-icon\":\"https:\\\/\\\/regese.ch\\\/fussball\\\/wp-content\\\/uploads\\\/2025\\\/05\\\/FC-Prishtina-FCK05_28-05-25-61-128x85.jpg\",\"sportspress-fit-mini\":\"https:\\\/\\\/regese.ch\\\/fussball\\\/wp-content\\\/uploads\\\/2025\\\/05\\\/FC-Prishtina-FCK05_28-05-25-61-32x21.jpg\",\"full\":\"https:\\\/\\\/regese.ch\\\/fussball\\\/wp-content\\\/uploads\\\/2025\\\/05\\\/FC-Prishtina-FCK05_28-05-25-61.jpg\",\"index\":59,\"id\":20668,\"video\":false,\"opts\":{\"caption\":\"\",\"thumb\":\"https:\\\/\\\/regese.ch\\\/fussball\\\/wp-content\\\/uploads\\\/2025\\\/05\\\/FC-Prishtina-FCK05_28-05-25-61-75x50_c.jpg\",\"title\":\"FC Prishtina - FCK05_28-05-25-61\"},\"gallery_id\":\"20702\"},{\"status\":\"active\",\"src\":\"https:\\\/\\\/regese.ch\\\/fussball\\\/wp-content\\\/uploads\\\/2025\\\/05\\\/FC-Prishtina-FCK05_28-05-25-62.jpg\",\"title\":\"FC Prishtina - FCK05_28-05-25-62\",\"link\":\"https:\\\/\\\/regese.ch\\\/fussball\\\/wp-content\\\/uploads\\\/2025\\\/05\\\/FC-Prishtina-FCK05_28-05-25-62.jpg\",\"alt\":\"\",\"caption\":false,\"thumb\":\"https:\\\/\\\/regese.ch\\\/fussball\\\/wp-content\\\/uploads\\\/2025\\\/05\\\/FC-Prishtina-FCK05_28-05-25-62-75x50_c.jpg\",\"meta\":{\"aperture\":\"5.6\",\"credit\":null,\"camera\":\"Canon EOS R6\",\"caption\":\"\",\"created_timestamp\":\"1748461684\",\"copyright\":null,\"focal_length\":\"227\",\"iso\":\"25600\",\"shutter_speed\":\"0.0015625\",\"title\":\"\",\"orientation\":null,\"keywords\":null,\"resized_images\":null},\"thumbnail\":\"https:\\\/\\\/regese.ch\\\/fussball\\\/wp-content\\\/uploads\\\/2025\\\/05\\\/FC-Prishtina-FCK05_28-05-25-62-150x100.jpg\",\"medium\":\"https:\\\/\\\/regese.ch\\\/fussball\\\/wp-content\\\/uploads\\\/2025\\\/05\\\/FC-Prishtina-FCK05_28-05-25-62-300x200.jpg\",\"medium_large\":\"https:\\\/\\\/regese.ch\\\/fussball\\\/wp-content\\\/uploads\\\/2025\\\/05\\\/FC-Prishtina-FCK05_28-05-25-62-768x512.jpg\",\"large\":\"https:\\\/\\\/regese.ch\\\/fussball\\\/wp-content\\\/uploads\\\/2025\\\/05\\\/FC-Prishtina-FCK05_28-05-25-62.jpg\",\"1536x1536\":\"https:\\\/\\\/regese.ch\\\/fussball\\\/wp-content\\\/uploads\\\/2025\\\/05\\\/FC-Prishtina-FCK05_28-05-25-62-1536x1024.jpg\",\"2048x2048\":\"https:\\\/\\\/regese.ch\\\/fussball\\\/wp-content\\\/uploads\\\/2025\\\/05\\\/FC-Prishtina-FCK05_28-05-25-62.jpg\",\"sportspress-crop-medium\":\"https:\\\/\\\/regese.ch\\\/fussball\\\/wp-content\\\/uploads\\\/2025\\\/05\\\/FC-Prishtina-FCK05_28-05-25-62-300x300.jpg\",\"sportspress-fit-medium\":\"https:\\\/\\\/regese.ch\\\/fussball\\\/wp-content\\\/uploads\\\/2025\\\/05\\\/FC-Prishtina-FCK05_28-05-25-62-300x200.jpg\",\"sportspress-fit-icon\":\"https:\\\/\\\/regese.ch\\\/fussball\\\/wp-content\\\/uploads\\\/2025\\\/05\\\/FC-Prishtina-FCK05_28-05-25-62-128x85.jpg\",\"sportspress-fit-mini\":\"https:\\\/\\\/regese.ch\\\/fussball\\\/wp-content\\\/uploads\\\/2025\\\/05\\\/FC-Prishtina-FCK05_28-05-25-62-32x21.jpg\",\"full\":\"https:\\\/\\\/regese.ch\\\/fussball\\\/wp-content\\\/uploads\\\/2025\\\/05\\\/FC-Prishtina-FCK05_28-05-25-62.jpg\",\"index\":60,\"id\":20669,\"video\":false,\"opts\":{\"caption\":\"\",\"thumb\":\"https:\\\/\\\/regese.ch\\\/fussball\\\/wp-content\\\/uploads\\\/2025\\\/05\\\/FC-Prishtina-FCK05_28-05-25-62-75x50_c.jpg\",\"title\":\"FC Prishtina - FCK05_28-05-25-62\"},\"gallery_id\":\"20702\"},{\"status\":\"active\",\"src\":\"https:\\\/\\\/regese.ch\\\/fussball\\\/wp-content\\\/uploads\\\/2025\\\/05\\\/FC-Prishtina-FCK05_28-05-25-63.jpg\",\"title\":\"FC Prishtina - FCK05_28-05-25-63\",\"link\":\"https:\\\/\\\/regese.ch\\\/fussball\\\/wp-content\\\/uploads\\\/2025\\\/05\\\/FC-Prishtina-FCK05_28-05-25-63.jpg\",\"alt\":\"\",\"caption\":false,\"thumb\":\"https:\\\/\\\/regese.ch\\\/fussball\\\/wp-content\\\/uploads\\\/2025\\\/05\\\/FC-Prishtina-FCK05_28-05-25-63-75x50_c.jpg\",\"meta\":{\"aperture\":\"5.6\",\"credit\":null,\"camera\":\"Canon EOS R6\",\"caption\":\"\",\"created_timestamp\":\"1748461711\",\"copyright\":null,\"focal_length\":\"214\",\"iso\":\"25600\",\"shutter_speed\":\"0.0015625\",\"title\":\"\",\"orientation\":null,\"keywords\":null,\"resized_images\":null},\"thumbnail\":\"https:\\\/\\\/regese.ch\\\/fussball\\\/wp-content\\\/uploads\\\/2025\\\/05\\\/FC-Prishtina-FCK05_28-05-25-63-150x100.jpg\",\"medium\":\"https:\\\/\\\/regese.ch\\\/fussball\\\/wp-content\\\/uploads\\\/2025\\\/05\\\/FC-Prishtina-FCK05_28-05-25-63-300x200.jpg\",\"medium_large\":\"https:\\\/\\\/regese.ch\\\/fussball\\\/wp-content\\\/uploads\\\/2025\\\/05\\\/FC-Prishtina-FCK05_28-05-25-63-768x512.jpg\",\"large\":\"https:\\\/\\\/regese.ch\\\/fussball\\\/wp-content\\\/uploads\\\/2025\\\/05\\\/FC-Prishtina-FCK05_28-05-25-63.jpg\",\"1536x1536\":\"https:\\\/\\\/regese.ch\\\/fussball\\\/wp-content\\\/uploads\\\/2025\\\/05\\\/FC-Prishtina-FCK05_28-05-25-63-1536x1024.jpg\",\"2048x2048\":\"https:\\\/\\\/regese.ch\\\/fussball\\\/wp-content\\\/uploads\\\/2025\\\/05\\\/FC-Prishtina-FCK05_28-05-25-63.jpg\",\"sportspress-crop-medium\":\"https:\\\/\\\/regese.ch\\\/fussball\\\/wp-content\\\/uploads\\\/2025\\\/05\\\/FC-Prishtina-FCK05_28-05-25-63-300x300.jpg\",\"sportspress-fit-medium\":\"https:\\\/\\\/regese.ch\\\/fussball\\\/wp-content\\\/uploads\\\/2025\\\/05\\\/FC-Prishtina-FCK05_28-05-25-63-300x200.jpg\",\"sportspress-fit-icon\":\"https:\\\/\\\/regese.ch\\\/fussball\\\/wp-content\\\/uploads\\\/2025\\\/05\\\/FC-Prishtina-FCK05_28-05-25-63-128x85.jpg\",\"sportspress-fit-mini\":\"https:\\\/\\\/regese.ch\\\/fussball\\\/wp-content\\\/uploads\\\/2025\\\/05\\\/FC-Prishtina-FCK05_28-05-25-63-32x21.jpg\",\"full\":\"https:\\\/\\\/regese.ch\\\/fussball\\\/wp-content\\\/uploads\\\/2025\\\/05\\\/FC-Prishtina-FCK05_28-05-25-63.jpg\",\"index\":61,\"id\":20670,\"video\":false,\"opts\":{\"caption\":\"\",\"thumb\":\"https:\\\/\\\/regese.ch\\\/fussball\\\/wp-content\\\/uploads\\\/2025\\\/05\\\/FC-Prishtina-FCK05_28-05-25-63-75x50_c.jpg\",\"title\":\"FC Prishtina - FCK05_28-05-25-63\"},\"gallery_id\":\"20702\"},{\"status\":\"active\",\"src\":\"https:\\\/\\\/regese.ch\\\/fussball\\\/wp-content\\\/uploads\\\/2025\\\/05\\\/FC-Prishtina-FCK05_28-05-25-64.jpg\",\"title\":\"FC Prishtina - FCK05_28-05-25-64\",\"link\":\"https:\\\/\\\/regese.ch\\\/fussball\\\/wp-content\\\/uploads\\\/2025\\\/05\\\/FC-Prishtina-FCK05_28-05-25-64.jpg\",\"alt\":\"\",\"caption\":false,\"thumb\":\"https:\\\/\\\/regese.ch\\\/fussball\\\/wp-content\\\/uploads\\\/2025\\\/05\\\/FC-Prishtina-FCK05_28-05-25-64-75x50_c.jpg\",\"meta\":{\"aperture\":\"5.6\",\"credit\":null,\"camera\":\"Canon EOS R6\",\"caption\":\"\",\"created_timestamp\":\"1748461712\",\"copyright\":null,\"focal_length\":\"214\",\"iso\":\"25600\",\"shutter_speed\":\"0.0015625\",\"title\":\"\",\"orientation\":null,\"keywords\":null,\"resized_images\":null},\"thumbnail\":\"https:\\\/\\\/regese.ch\\\/fussball\\\/wp-content\\\/uploads\\\/2025\\\/05\\\/FC-Prishtina-FCK05_28-05-25-64-150x100.jpg\",\"medium\":\"https:\\\/\\\/regese.ch\\\/fussball\\\/wp-content\\\/uploads\\\/2025\\\/05\\\/FC-Prishtina-FCK05_28-05-25-64-300x200.jpg\",\"medium_large\":\"https:\\\/\\\/regese.ch\\\/fussball\\\/wp-content\\\/uploads\\\/2025\\\/05\\\/FC-Prishtina-FCK05_28-05-25-64-768x512.jpg\",\"large\":\"https:\\\/\\\/regese.ch\\\/fussball\\\/wp-content\\\/uploads\\\/2025\\\/05\\\/FC-Prishtina-FCK05_28-05-25-64.jpg\",\"1536x1536\":\"https:\\\/\\\/regese.ch\\\/fussball\\\/wp-content\\\/uploads\\\/2025\\\/05\\\/FC-Prishtina-FCK05_28-05-25-64-1536x1024.jpg\",\"2048x2048\":\"https:\\\/\\\/regese.ch\\\/fussball\\\/wp-content\\\/uploads\\\/2025\\\/05\\\/FC-Prishtina-FCK05_28-05-25-64.jpg\",\"sportspress-crop-medium\":\"https:\\\/\\\/regese.ch\\\/fussball\\\/wp-content\\\/uploads\\\/2025\\\/05\\\/FC-Prishtina-FCK05_28-05-25-64-300x300.jpg\",\"sportspress-fit-medium\":\"https:\\\/\\\/regese.ch\\\/fussball\\\/wp-content\\\/uploads\\\/2025\\\/05\\\/FC-Prishtina-FCK05_28-05-25-64-300x200.jpg\",\"sportspress-fit-icon\":\"https:\\\/\\\/regese.ch\\\/fussball\\\/wp-content\\\/uploads\\\/2025\\\/05\\\/FC-Prishtina-FCK05_28-05-25-64-128x85.jpg\",\"sportspress-fit-mini\":\"https:\\\/\\\/regese.ch\\\/fussball\\\/wp-content\\\/uploads\\\/2025\\\/05\\\/FC-Prishtina-FCK05_28-05-25-64-32x21.jpg\",\"full\":\"https:\\\/\\\/regese.ch\\\/fussball\\\/wp-content\\\/uploads\\\/2025\\\/05\\\/FC-Prishtina-FCK05_28-05-25-64.jpg\",\"index\":62,\"id\":20671,\"video\":false,\"opts\":{\"caption\":\"\",\"thumb\":\"https:\\\/\\\/regese.ch\\\/fussball\\\/wp-content\\\/uploads\\\/2025\\\/05\\\/FC-Prishtina-FCK05_28-05-25-64-75x50_c.jpg\",\"title\":\"FC Prishtina - FCK05_28-05-25-64\"},\"gallery_id\":\"20702\"},{\"status\":\"active\",\"src\":\"https:\\\/\\\/regese.ch\\\/fussball\\\/wp-content\\\/uploads\\\/2025\\\/05\\\/FC-Prishtina-FCK05_28-05-25-65.jpg\",\"title\":\"FC Prishtina - FCK05_28-05-25-65\",\"link\":\"https:\\\/\\\/regese.ch\\\/fussball\\\/wp-content\\\/uploads\\\/2025\\\/05\\\/FC-Prishtina-FCK05_28-05-25-65.jpg\",\"alt\":\"\",\"caption\":false,\"thumb\":\"https:\\\/\\\/regese.ch\\\/fussball\\\/wp-content\\\/uploads\\\/2025\\\/05\\\/FC-Prishtina-FCK05_28-05-25-65-75x50_c.jpg\",\"meta\":{\"aperture\":\"5.6\",\"credit\":null,\"camera\":\"Canon EOS R6\",\"caption\":\"\",\"created_timestamp\":\"1748462387\",\"copyright\":null,\"focal_length\":\"100\",\"iso\":\"25600\",\"shutter_speed\":\"0.00125\",\"title\":\"\",\"orientation\":null,\"keywords\":null,\"resized_images\":null},\"thumbnail\":\"https:\\\/\\\/regese.ch\\\/fussball\\\/wp-content\\\/uploads\\\/2025\\\/05\\\/FC-Prishtina-FCK05_28-05-25-65-150x100.jpg\",\"medium\":\"https:\\\/\\\/regese.ch\\\/fussball\\\/wp-content\\\/uploads\\\/2025\\\/05\\\/FC-Prishtina-FCK05_28-05-25-65-300x200.jpg\",\"medium_large\":\"https:\\\/\\\/regese.ch\\\/fussball\\\/wp-content\\\/uploads\\\/2025\\\/05\\\/FC-Prishtina-FCK05_28-05-25-65-768x512.jpg\",\"large\":\"https:\\\/\\\/regese.ch\\\/fussball\\\/wp-content\\\/uploads\\\/2025\\\/05\\\/FC-Prishtina-FCK05_28-05-25-65.jpg\",\"1536x1536\":\"https:\\\/\\\/regese.ch\\\/fussball\\\/wp-content\\\/uploads\\\/2025\\\/05\\\/FC-Prishtina-FCK05_28-05-25-65-1536x1024.jpg\",\"2048x2048\":\"https:\\\/\\\/regese.ch\\\/fussball\\\/wp-content\\\/uploads\\\/2025\\\/05\\\/FC-Prishtina-FCK05_28-05-25-65.jpg\",\"sportspress-crop-medium\":\"https:\\\/\\\/regese.ch\\\/fussball\\\/wp-content\\\/uploads\\\/2025\\\/05\\\/FC-Prishtina-FCK05_28-05-25-65-300x300.jpg\",\"sportspress-fit-medium\":\"https:\\\/\\\/regese.ch\\\/fussball\\\/wp-content\\\/uploads\\\/2025\\\/05\\\/FC-Prishtina-FCK05_28-05-25-65-300x200.jpg\",\"sportspress-fit-icon\":\"https:\\\/\\\/regese.ch\\\/fussball\\\/wp-content\\\/uploads\\\/2025\\\/05\\\/FC-Prishtina-FCK05_28-05-25-65-128x85.jpg\",\"sportspress-fit-mini\":\"https:\\\/\\\/regese.ch\\\/fussball\\\/wp-content\\\/uploads\\\/2025\\\/05\\\/FC-Prishtina-FCK05_28-05-25-65-32x21.jpg\",\"full\":\"https:\\\/\\\/regese.ch\\\/fussball\\\/wp-content\\\/uploads\\\/2025\\\/05\\\/FC-Prishtina-FCK05_28-05-25-65.jpg\",\"index\":63,\"id\":20672,\"video\":false,\"opts\":{\"caption\":\"\",\"thumb\":\"https:\\\/\\\/regese.ch\\\/fussball\\\/wp-content\\\/uploads\\\/2025\\\/05\\\/FC-Prishtina-FCK05_28-05-25-65-75x50_c.jpg\",\"title\":\"FC Prishtina - FCK05_28-05-25-65\"},\"gallery_id\":\"20702\"},{\"status\":\"active\",\"src\":\"https:\\\/\\\/regese.ch\\\/fussball\\\/wp-content\\\/uploads\\\/2025\\\/05\\\/FC-Prishtina-FCK05_28-05-25-66.jpg\",\"title\":\"FC Prishtina - FCK05_28-05-25-66\",\"link\":\"https:\\\/\\\/regese.ch\\\/fussball\\\/wp-content\\\/uploads\\\/2025\\\/05\\\/FC-Prishtina-FCK05_28-05-25-66.jpg\",\"alt\":\"\",\"caption\":false,\"thumb\":\"https:\\\/\\\/regese.ch\\\/fussball\\\/wp-content\\\/uploads\\\/2025\\\/05\\\/FC-Prishtina-FCK05_28-05-25-66-75x50_c.jpg\",\"meta\":{\"aperture\":\"5.6\",\"credit\":null,\"camera\":\"Canon EOS R6\",\"caption\":\"\",\"created_timestamp\":\"1748462518\",\"copyright\":null,\"focal_length\":\"400\",\"iso\":\"25600\",\"shutter_speed\":\"0.00125\",\"title\":\"\",\"orientation\":null,\"keywords\":null,\"resized_images\":null},\"thumbnail\":\"https:\\\/\\\/regese.ch\\\/fussball\\\/wp-content\\\/uploads\\\/2025\\\/05\\\/FC-Prishtina-FCK05_28-05-25-66-150x100.jpg\",\"medium\":\"https:\\\/\\\/regese.ch\\\/fussball\\\/wp-content\\\/uploads\\\/2025\\\/05\\\/FC-Prishtina-FCK05_28-05-25-66-300x200.jpg\",\"medium_large\":\"https:\\\/\\\/regese.ch\\\/fussball\\\/wp-content\\\/uploads\\\/2025\\\/05\\\/FC-Prishtina-FCK05_28-05-25-66-768x512.jpg\",\"large\":\"https:\\\/\\\/regese.ch\\\/fussball\\\/wp-content\\\/uploads\\\/2025\\\/05\\\/FC-Prishtina-FCK05_28-05-25-66.jpg\",\"1536x1536\":\"https:\\\/\\\/regese.ch\\\/fussball\\\/wp-content\\\/uploads\\\/2025\\\/05\\\/FC-Prishtina-FCK05_28-05-25-66-1536x1024.jpg\",\"2048x2048\":\"https:\\\/\\\/regese.ch\\\/fussball\\\/wp-content\\\/uploads\\\/2025\\\/05\\\/FC-Prishtina-FCK05_28-05-25-66.jpg\",\"sportspress-crop-medium\":\"https:\\\/\\\/regese.ch\\\/fussball\\\/wp-content\\\/uploads\\\/2025\\\/05\\\/FC-Prishtina-FCK05_28-05-25-66-300x300.jpg\",\"sportspress-fit-medium\":\"https:\\\/\\\/regese.ch\\\/fussball\\\/wp-content\\\/uploads\\\/2025\\\/05\\\/FC-Prishtina-FCK05_28-05-25-66-300x200.jpg\",\"sportspress-fit-icon\":\"https:\\\/\\\/regese.ch\\\/fussball\\\/wp-content\\\/uploads\\\/2025\\\/05\\\/FC-Prishtina-FCK05_28-05-25-66-128x85.jpg\",\"sportspress-fit-mini\":\"https:\\\/\\\/regese.ch\\\/fussball\\\/wp-content\\\/uploads\\\/2025\\\/05\\\/FC-Prishtina-FCK05_28-05-25-66-32x21.jpg\",\"full\":\"https:\\\/\\\/regese.ch\\\/fussball\\\/wp-content\\\/uploads\\\/2025\\\/05\\\/FC-Prishtina-FCK05_28-05-25-66.jpg\",\"index\":64,\"id\":20673,\"video\":false,\"opts\":{\"caption\":\"\",\"thumb\":\"https:\\\/\\\/regese.ch\\\/fussball\\\/wp-content\\\/uploads\\\/2025\\\/05\\\/FC-Prishtina-FCK05_28-05-25-66-75x50_c.jpg\",\"title\":\"FC Prishtina - FCK05_28-05-25-66\"},\"gallery_id\":\"20702\"},{\"status\":\"active\",\"src\":\"https:\\\/\\\/regese.ch\\\/fussball\\\/wp-content\\\/uploads\\\/2025\\\/05\\\/FC-Prishtina-FCK05_28-05-25-67.jpg\",\"title\":\"FC Prishtina - FCK05_28-05-25-67\",\"link\":\"https:\\\/\\\/regese.ch\\\/fussball\\\/wp-content\\\/uploads\\\/2025\\\/05\\\/FC-Prishtina-FCK05_28-05-25-67.jpg\",\"alt\":\"\",\"caption\":false,\"thumb\":\"https:\\\/\\\/regese.ch\\\/fussball\\\/wp-content\\\/uploads\\\/2025\\\/05\\\/FC-Prishtina-FCK05_28-05-25-67-75x50_c.jpg\",\"meta\":{\"aperture\":\"5.6\",\"credit\":null,\"camera\":\"Canon EOS R6\",\"caption\":\"\",\"created_timestamp\":\"1748462612\",\"copyright\":null,\"focal_length\":\"400\",\"iso\":\"25600\",\"shutter_speed\":\"0.002\",\"title\":\"\",\"orientation\":null,\"keywords\":null,\"resized_images\":null},\"thumbnail\":\"https:\\\/\\\/regese.ch\\\/fussball\\\/wp-content\\\/uploads\\\/2025\\\/05\\\/FC-Prishtina-FCK05_28-05-25-67-150x100.jpg\",\"medium\":\"https:\\\/\\\/regese.ch\\\/fussball\\\/wp-content\\\/uploads\\\/2025\\\/05\\\/FC-Prishtina-FCK05_28-05-25-67-300x200.jpg\",\"medium_large\":\"https:\\\/\\\/regese.ch\\\/fussball\\\/wp-content\\\/uploads\\\/2025\\\/05\\\/FC-Prishtina-FCK05_28-05-25-67-768x512.jpg\",\"large\":\"https:\\\/\\\/regese.ch\\\/fussball\\\/wp-content\\\/uploads\\\/2025\\\/05\\\/FC-Prishtina-FCK05_28-05-25-67.jpg\",\"1536x1536\":\"https:\\\/\\\/regese.ch\\\/fussball\\\/wp-content\\\/uploads\\\/2025\\\/05\\\/FC-Prishtina-FCK05_28-05-25-67-1536x1024.jpg\",\"2048x2048\":\"https:\\\/\\\/regese.ch\\\/fussball\\\/wp-content\\\/uploads\\\/2025\\\/05\\\/FC-Prishtina-FCK05_28-05-25-67.jpg\",\"sportspress-crop-medium\":\"https:\\\/\\\/regese.ch\\\/fussball\\\/wp-content\\\/uploads\\\/2025\\\/05\\\/FC-Prishtina-FCK05_28-05-25-67-300x300.jpg\",\"sportspress-fit-medium\":\"https:\\\/\\\/regese.ch\\\/fussball\\\/wp-content\\\/uploads\\\/2025\\\/05\\\/FC-Prishtina-FCK05_28-05-25-67-300x200.jpg\",\"sportspress-fit-icon\":\"https:\\\/\\\/regese.ch\\\/fussball\\\/wp-content\\\/uploads\\\/2025\\\/05\\\/FC-Prishtina-FCK05_28-05-25-67-128x85.jpg\",\"sportspress-fit-mini\":\"https:\\\/\\\/regese.ch\\\/fussball\\\/wp-content\\\/uploads\\\/2025\\\/05\\\/FC-Prishtina-FCK05_28-05-25-67-32x21.jpg\",\"full\":\"https:\\\/\\\/regese.ch\\\/fussball\\\/wp-content\\\/uploads\\\/2025\\\/05\\\/FC-Prishtina-FCK05_28-05-25-67.jpg\",\"index\":65,\"id\":20674,\"video\":false,\"opts\":{\"caption\":\"\",\"thumb\":\"https:\\\/\\\/regese.ch\\\/fussball\\\/wp-content\\\/uploads\\\/2025\\\/05\\\/FC-Prishtina-FCK05_28-05-25-67-75x50_c.jpg\",\"title\":\"FC Prishtina - FCK05_28-05-25-67\"},\"gallery_id\":\"20702\"},{\"status\":\"active\",\"src\":\"https:\\\/\\\/regese.ch\\\/fussball\\\/wp-content\\\/uploads\\\/2025\\\/05\\\/FC-Prishtina-FCK05_28-05-25-68.jpg\",\"title\":\"FC Prishtina - FCK05_28-05-25-68\",\"link\":\"https:\\\/\\\/regese.ch\\\/fussball\\\/wp-content\\\/uploads\\\/2025\\\/05\\\/FC-Prishtina-FCK05_28-05-25-68.jpg\",\"alt\":\"\",\"caption\":false,\"thumb\":\"https:\\\/\\\/regese.ch\\\/fussball\\\/wp-content\\\/uploads\\\/2025\\\/05\\\/FC-Prishtina-FCK05_28-05-25-68-75x50_c.jpg\",\"meta\":{\"aperture\":\"5.6\",\"credit\":null,\"camera\":\"Canon EOS R6\",\"caption\":\"\",\"created_timestamp\":\"1748462635\",\"copyright\":null,\"focal_length\":\"271\",\"iso\":\"25600\",\"shutter_speed\":\"0.00125\",\"title\":\"\",\"orientation\":null,\"keywords\":null,\"resized_images\":null},\"thumbnail\":\"https:\\\/\\\/regese.ch\\\/fussball\\\/wp-content\\\/uploads\\\/2025\\\/05\\\/FC-Prishtina-FCK05_28-05-25-68-150x100.jpg\",\"medium\":\"https:\\\/\\\/regese.ch\\\/fussball\\\/wp-content\\\/uploads\\\/2025\\\/05\\\/FC-Prishtina-FCK05_28-05-25-68-300x200.jpg\",\"medium_large\":\"https:\\\/\\\/regese.ch\\\/fussball\\\/wp-content\\\/uploads\\\/2025\\\/05\\\/FC-Prishtina-FCK05_28-05-25-68-768x512.jpg\",\"large\":\"https:\\\/\\\/regese.ch\\\/fussball\\\/wp-content\\\/uploads\\\/2025\\\/05\\\/FC-Prishtina-FCK05_28-05-25-68.jpg\",\"1536x1536\":\"https:\\\/\\\/regese.ch\\\/fussball\\\/wp-content\\\/uploads\\\/2025\\\/05\\\/FC-Prishtina-FCK05_28-05-25-68-1536x1024.jpg\",\"2048x2048\":\"https:\\\/\\\/regese.ch\\\/fussball\\\/wp-content\\\/uploads\\\/2025\\\/05\\\/FC-Prishtina-FCK05_28-05-25-68.jpg\",\"sportspress-crop-medium\":\"https:\\\/\\\/regese.ch\\\/fussball\\\/wp-content\\\/uploads\\\/2025\\\/05\\\/FC-Prishtina-FCK05_28-05-25-68-300x300.jpg\",\"sportspress-fit-medium\":\"https:\\\/\\\/regese.ch\\\/fussball\\\/wp-content\\\/uploads\\\/2025\\\/05\\\/FC-Prishtina-FCK05_28-05-25-68-300x200.jpg\",\"sportspress-fit-icon\":\"https:\\\/\\\/regese.ch\\\/fussball\\\/wp-content\\\/uploads\\\/2025\\\/05\\\/FC-Prishtina-FCK05_28-05-25-68-128x85.jpg\",\"sportspress-fit-mini\":\"https:\\\/\\\/regese.ch\\\/fussball\\\/wp-content\\\/uploads\\\/2025\\\/05\\\/FC-Prishtina-FCK05_28-05-25-68-32x21.jpg\",\"full\":\"https:\\\/\\\/regese.ch\\\/fussball\\\/wp-content\\\/uploads\\\/2025\\\/05\\\/FC-Prishtina-FCK05_28-05-25-68.jpg\",\"index\":66,\"id\":20675,\"video\":false,\"opts\":{\"caption\":\"\",\"thumb\":\"https:\\\/\\\/regese.ch\\\/fussball\\\/wp-content\\\/uploads\\\/2025\\\/05\\\/FC-Prishtina-FCK05_28-05-25-68-75x50_c.jpg\",\"title\":\"FC Prishtina - FCK05_28-05-25-68\"},\"gallery_id\":\"20702\"},{\"status\":\"active\",\"src\":\"https:\\\/\\\/regese.ch\\\/fussball\\\/wp-content\\\/uploads\\\/2025\\\/05\\\/FC-Prishtina-FCK05_28-05-25-69.jpg\",\"title\":\"FC Prishtina - FCK05_28-05-25-69\",\"link\":\"https:\\\/\\\/regese.ch\\\/fussball\\\/wp-content\\\/uploads\\\/2025\\\/05\\\/FC-Prishtina-FCK05_28-05-25-69.jpg\",\"alt\":\"\",\"caption\":false,\"thumb\":\"https:\\\/\\\/regese.ch\\\/fussball\\\/wp-content\\\/uploads\\\/2025\\\/05\\\/FC-Prishtina-FCK05_28-05-25-69-75x50_c.jpg\",\"meta\":{\"aperture\":\"5.6\",\"credit\":null,\"camera\":\"Canon EOS R6\",\"caption\":\"\",\"created_timestamp\":\"1748462671\",\"copyright\":null,\"focal_length\":\"349\",\"iso\":\"25600\",\"shutter_speed\":\"0.00125\",\"title\":\"\",\"orientation\":null,\"keywords\":null,\"resized_images\":null},\"thumbnail\":\"https:\\\/\\\/regese.ch\\\/fussball\\\/wp-content\\\/uploads\\\/2025\\\/05\\\/FC-Prishtina-FCK05_28-05-25-69-150x100.jpg\",\"medium\":\"https:\\\/\\\/regese.ch\\\/fussball\\\/wp-content\\\/uploads\\\/2025\\\/05\\\/FC-Prishtina-FCK05_28-05-25-69-300x200.jpg\",\"medium_large\":\"https:\\\/\\\/regese.ch\\\/fussball\\\/wp-content\\\/uploads\\\/2025\\\/05\\\/FC-Prishtina-FCK05_28-05-25-69-768x512.jpg\",\"large\":\"https:\\\/\\\/regese.ch\\\/fussball\\\/wp-content\\\/uploads\\\/2025\\\/05\\\/FC-Prishtina-FCK05_28-05-25-69.jpg\",\"1536x1536\":\"https:\\\/\\\/regese.ch\\\/fussball\\\/wp-content\\\/uploads\\\/2025\\\/05\\\/FC-Prishtina-FCK05_28-05-25-69-1536x1024.jpg\",\"2048x2048\":\"https:\\\/\\\/regese.ch\\\/fussball\\\/wp-content\\\/uploads\\\/2025\\\/05\\\/FC-Prishtina-FCK05_28-05-25-69.jpg\",\"sportspress-crop-medium\":\"https:\\\/\\\/regese.ch\\\/fussball\\\/wp-content\\\/uploads\\\/2025\\\/05\\\/FC-Prishtina-FCK05_28-05-25-69-300x300.jpg\",\"sportspress-fit-medium\":\"https:\\\/\\\/regese.ch\\\/fussball\\\/wp-content\\\/uploads\\\/2025\\\/05\\\/FC-Prishtina-FCK05_28-05-25-69-300x200.jpg\",\"sportspress-fit-icon\":\"https:\\\/\\\/regese.ch\\\/fussball\\\/wp-content\\\/uploads\\\/2025\\\/05\\\/FC-Prishtina-FCK05_28-05-25-69-128x85.jpg\",\"sportspress-fit-mini\":\"https:\\\/\\\/regese.ch\\\/fussball\\\/wp-content\\\/uploads\\\/2025\\\/05\\\/FC-Prishtina-FCK05_28-05-25-69-32x21.jpg\",\"full\":\"https:\\\/\\\/regese.ch\\\/fussball\\\/wp-content\\\/uploads\\\/2025\\\/05\\\/FC-Prishtina-FCK05_28-05-25-69.jpg\",\"index\":67,\"id\":20676,\"video\":false,\"opts\":{\"caption\":\"\",\"thumb\":\"https:\\\/\\\/regese.ch\\\/fussball\\\/wp-content\\\/uploads\\\/2025\\\/05\\\/FC-Prishtina-FCK05_28-05-25-69-75x50_c.jpg\",\"title\":\"FC Prishtina - FCK05_28-05-25-69\"},\"gallery_id\":\"20702\"},{\"status\":\"active\",\"src\":\"https:\\\/\\\/regese.ch\\\/fussball\\\/wp-content\\\/uploads\\\/2025\\\/05\\\/FC-Prishtina-FCK05_28-05-25-70.jpg\",\"title\":\"FC Prishtina - FCK05_28-05-25-70\",\"link\":\"https:\\\/\\\/regese.ch\\\/fussball\\\/wp-content\\\/uploads\\\/2025\\\/05\\\/FC-Prishtina-FCK05_28-05-25-70.jpg\",\"alt\":\"\",\"caption\":false,\"thumb\":\"https:\\\/\\\/regese.ch\\\/fussball\\\/wp-content\\\/uploads\\\/2025\\\/05\\\/FC-Prishtina-FCK05_28-05-25-70-75x50_c.jpg\",\"meta\":{\"aperture\":\"5.6\",\"credit\":null,\"camera\":\"Canon EOS R6\",\"caption\":\"\",\"created_timestamp\":\"1748462770\",\"copyright\":null,\"focal_length\":\"271\",\"iso\":\"25600\",\"shutter_speed\":\"0.00125\",\"title\":\"\",\"orientation\":null,\"keywords\":null,\"resized_images\":null},\"thumbnail\":\"https:\\\/\\\/regese.ch\\\/fussball\\\/wp-content\\\/uploads\\\/2025\\\/05\\\/FC-Prishtina-FCK05_28-05-25-70-150x100.jpg\",\"medium\":\"https:\\\/\\\/regese.ch\\\/fussball\\\/wp-content\\\/uploads\\\/2025\\\/05\\\/FC-Prishtina-FCK05_28-05-25-70-300x200.jpg\",\"medium_large\":\"https:\\\/\\\/regese.ch\\\/fussball\\\/wp-content\\\/uploads\\\/2025\\\/05\\\/FC-Prishtina-FCK05_28-05-25-70-768x512.jpg\",\"large\":\"https:\\\/\\\/regese.ch\\\/fussball\\\/wp-content\\\/uploads\\\/2025\\\/05\\\/FC-Prishtina-FCK05_28-05-25-70.jpg\",\"1536x1536\":\"https:\\\/\\\/regese.ch\\\/fussball\\\/wp-content\\\/uploads\\\/2025\\\/05\\\/FC-Prishtina-FCK05_28-05-25-70-1536x1024.jpg\",\"2048x2048\":\"https:\\\/\\\/regese.ch\\\/fussball\\\/wp-content\\\/uploads\\\/2025\\\/05\\\/FC-Prishtina-FCK05_28-05-25-70.jpg\",\"sportspress-crop-medium\":\"https:\\\/\\\/regese.ch\\\/fussball\\\/wp-content\\\/uploads\\\/2025\\\/05\\\/FC-Prishtina-FCK05_28-05-25-70-300x300.jpg\",\"sportspress-fit-medium\":\"https:\\\/\\\/regese.ch\\\/fussball\\\/wp-content\\\/uploads\\\/2025\\\/05\\\/FC-Prishtina-FCK05_28-05-25-70-300x200.jpg\",\"sportspress-fit-icon\":\"https:\\\/\\\/regese.ch\\\/fussball\\\/wp-content\\\/uploads\\\/2025\\\/05\\\/FC-Prishtina-FCK05_28-05-25-70-128x85.jpg\",\"sportspress-fit-mini\":\"https:\\\/\\\/regese.ch\\\/fussball\\\/wp-content\\\/uploads\\\/2025\\\/05\\\/FC-Prishtina-FCK05_28-05-25-70-32x21.jpg\",\"full\":\"https:\\\/\\\/regese.ch\\\/fussball\\\/wp-content\\\/uploads\\\/2025\\\/05\\\/FC-Prishtina-FCK05_28-05-25-70.jpg\",\"index\":68,\"id\":20677,\"video\":false,\"opts\":{\"caption\":\"\",\"thumb\":\"https:\\\/\\\/regese.ch\\\/fussball\\\/wp-content\\\/uploads\\\/2025\\\/05\\\/FC-Prishtina-FCK05_28-05-25-70-75x50_c.jpg\",\"title\":\"FC Prishtina - FCK05_28-05-25-70\"},\"gallery_id\":\"20702\"},{\"status\":\"active\",\"src\":\"https:\\\/\\\/regese.ch\\\/fussball\\\/wp-content\\\/uploads\\\/2025\\\/05\\\/FC-Prishtina-FCK05_28-05-25-71.jpg\",\"title\":\"FC Prishtina - FCK05_28-05-25-71\",\"link\":\"https:\\\/\\\/regese.ch\\\/fussball\\\/wp-content\\\/uploads\\\/2025\\\/05\\\/FC-Prishtina-FCK05_28-05-25-71.jpg\",\"alt\":\"\",\"caption\":false,\"thumb\":\"https:\\\/\\\/regese.ch\\\/fussball\\\/wp-content\\\/uploads\\\/2025\\\/05\\\/FC-Prishtina-FCK05_28-05-25-71-75x50_c.jpg\",\"meta\":{\"aperture\":\"5.6\",\"credit\":null,\"camera\":\"Canon EOS R6\",\"caption\":\"\",\"created_timestamp\":\"1748462819\",\"copyright\":null,\"focal_length\":\"255\",\"iso\":\"25600\",\"shutter_speed\":\"0.00125\",\"title\":\"\",\"orientation\":null,\"keywords\":null,\"resized_images\":null},\"thumbnail\":\"https:\\\/\\\/regese.ch\\\/fussball\\\/wp-content\\\/uploads\\\/2025\\\/05\\\/FC-Prishtina-FCK05_28-05-25-71-150x100.jpg\",\"medium\":\"https:\\\/\\\/regese.ch\\\/fussball\\\/wp-content\\\/uploads\\\/2025\\\/05\\\/FC-Prishtina-FCK05_28-05-25-71-300x200.jpg\",\"medium_large\":\"https:\\\/\\\/regese.ch\\\/fussball\\\/wp-content\\\/uploads\\\/2025\\\/05\\\/FC-Prishtina-FCK05_28-05-25-71-768x512.jpg\",\"large\":\"https:\\\/\\\/regese.ch\\\/fussball\\\/wp-content\\\/uploads\\\/2025\\\/05\\\/FC-Prishtina-FCK05_28-05-25-71.jpg\",\"1536x1536\":\"https:\\\/\\\/regese.ch\\\/fussball\\\/wp-content\\\/uploads\\\/2025\\\/05\\\/FC-Prishtina-FCK05_28-05-25-71-1536x1024.jpg\",\"2048x2048\":\"https:\\\/\\\/regese.ch\\\/fussball\\\/wp-content\\\/uploads\\\/2025\\\/05\\\/FC-Prishtina-FCK05_28-05-25-71.jpg\",\"sportspress-crop-medium\":\"https:\\\/\\\/regese.ch\\\/fussball\\\/wp-content\\\/uploads\\\/2025\\\/05\\\/FC-Prishtina-FCK05_28-05-25-71-300x300.jpg\",\"sportspress-fit-medium\":\"https:\\\/\\\/regese.ch\\\/fussball\\\/wp-content\\\/uploads\\\/2025\\\/05\\\/FC-Prishtina-FCK05_28-05-25-71-300x200.jpg\",\"sportspress-fit-icon\":\"https:\\\/\\\/regese.ch\\\/fussball\\\/wp-content\\\/uploads\\\/2025\\\/05\\\/FC-Prishtina-FCK05_28-05-25-71-128x85.jpg\",\"sportspress-fit-mini\":\"https:\\\/\\\/regese.ch\\\/fussball\\\/wp-content\\\/uploads\\\/2025\\\/05\\\/FC-Prishtina-FCK05_28-05-25-71-32x21.jpg\",\"full\":\"https:\\\/\\\/regese.ch\\\/fussball\\\/wp-content\\\/uploads\\\/2025\\\/05\\\/FC-Prishtina-FCK05_28-05-25-71.jpg\",\"index\":69,\"id\":20678,\"video\":false,\"opts\":{\"caption\":\"\",\"thumb\":\"https:\\\/\\\/regese.ch\\\/fussball\\\/wp-content\\\/uploads\\\/2025\\\/05\\\/FC-Prishtina-FCK05_28-05-25-71-75x50_c.jpg\",\"title\":\"FC Prishtina - FCK05_28-05-25-71\"},\"gallery_id\":\"20702\"},{\"status\":\"active\",\"src\":\"https:\\\/\\\/regese.ch\\\/fussball\\\/wp-content\\\/uploads\\\/2025\\\/05\\\/FC-Prishtina-FCK05_28-05-25-72.jpg\",\"title\":\"FC Prishtina - FCK05_28-05-25-72\",\"link\":\"https:\\\/\\\/regese.ch\\\/fussball\\\/wp-content\\\/uploads\\\/2025\\\/05\\\/FC-Prishtina-FCK05_28-05-25-72.jpg\",\"alt\":\"\",\"caption\":false,\"thumb\":\"https:\\\/\\\/regese.ch\\\/fussball\\\/wp-content\\\/uploads\\\/2025\\\/05\\\/FC-Prishtina-FCK05_28-05-25-72-75x50_c.jpg\",\"meta\":{\"aperture\":\"5.6\",\"credit\":null,\"camera\":\"Canon EOS R6\",\"caption\":\"\",\"created_timestamp\":\"1748462851\",\"copyright\":null,\"focal_length\":\"321\",\"iso\":\"25600\",\"shutter_speed\":\"0.00125\",\"title\":\"\",\"orientation\":null,\"keywords\":null,\"resized_images\":null},\"thumbnail\":\"https:\\\/\\\/regese.ch\\\/fussball\\\/wp-content\\\/uploads\\\/2025\\\/05\\\/FC-Prishtina-FCK05_28-05-25-72-150x100.jpg\",\"medium\":\"https:\\\/\\\/regese.ch\\\/fussball\\\/wp-content\\\/uploads\\\/2025\\\/05\\\/FC-Prishtina-FCK05_28-05-25-72-300x200.jpg\",\"medium_large\":\"https:\\\/\\\/regese.ch\\\/fussball\\\/wp-content\\\/uploads\\\/2025\\\/05\\\/FC-Prishtina-FCK05_28-05-25-72-768x512.jpg\",\"large\":\"https:\\\/\\\/regese.ch\\\/fussball\\\/wp-content\\\/uploads\\\/2025\\\/05\\\/FC-Prishtina-FCK05_28-05-25-72.jpg\",\"1536x1536\":\"https:\\\/\\\/regese.ch\\\/fussball\\\/wp-content\\\/uploads\\\/2025\\\/05\\\/FC-Prishtina-FCK05_28-05-25-72-1536x1024.jpg\",\"2048x2048\":\"https:\\\/\\\/regese.ch\\\/fussball\\\/wp-content\\\/uploads\\\/2025\\\/05\\\/FC-Prishtina-FCK05_28-05-25-72.jpg\",\"sportspress-crop-medium\":\"https:\\\/\\\/regese.ch\\\/fussball\\\/wp-content\\\/uploads\\\/2025\\\/05\\\/FC-Prishtina-FCK05_28-05-25-72-300x300.jpg\",\"sportspress-fit-medium\":\"https:\\\/\\\/regese.ch\\\/fussball\\\/wp-content\\\/uploads\\\/2025\\\/05\\\/FC-Prishtina-FCK05_28-05-25-72-300x200.jpg\",\"sportspress-fit-icon\":\"https:\\\/\\\/regese.ch\\\/fussball\\\/wp-content\\\/uploads\\\/2025\\\/05\\\/FC-Prishtina-FCK05_28-05-25-72-128x85.jpg\",\"sportspress-fit-mini\":\"https:\\\/\\\/regese.ch\\\/fussball\\\/wp-content\\\/uploads\\\/2025\\\/05\\\/FC-Prishtina-FCK05_28-05-25-72-32x21.jpg\",\"full\":\"https:\\\/\\\/regese.ch\\\/fussball\\\/wp-content\\\/uploads\\\/2025\\\/05\\\/FC-Prishtina-FCK05_28-05-25-72.jpg\",\"index\":70,\"id\":20679,\"video\":false,\"opts\":{\"caption\":\"\",\"thumb\":\"https:\\\/\\\/regese.ch\\\/fussball\\\/wp-content\\\/uploads\\\/2025\\\/05\\\/FC-Prishtina-FCK05_28-05-25-72-75x50_c.jpg\",\"title\":\"FC Prishtina - FCK05_28-05-25-72\"},\"gallery_id\":\"20702\"},{\"status\":\"active\",\"src\":\"https:\\\/\\\/regese.ch\\\/fussball\\\/wp-content\\\/uploads\\\/2025\\\/05\\\/FC-Prishtina-FCK05_28-05-25-73.jpg\",\"title\":\"FC Prishtina - FCK05_28-05-25-73\",\"link\":\"https:\\\/\\\/regese.ch\\\/fussball\\\/wp-content\\\/uploads\\\/2025\\\/05\\\/FC-Prishtina-FCK05_28-05-25-73.jpg\",\"alt\":\"\",\"caption\":false,\"thumb\":\"https:\\\/\\\/regese.ch\\\/fussball\\\/wp-content\\\/uploads\\\/2025\\\/05\\\/FC-Prishtina-FCK05_28-05-25-73-75x50_c.jpg\",\"meta\":{\"aperture\":\"5.6\",\"credit\":null,\"camera\":\"Canon EOS R6\",\"caption\":\"\",\"created_timestamp\":\"1748462858\",\"copyright\":null,\"focal_length\":\"400\",\"iso\":\"25600\",\"shutter_speed\":\"0.00125\",\"title\":\"\",\"orientation\":null,\"keywords\":null,\"resized_images\":null},\"thumbnail\":\"https:\\\/\\\/regese.ch\\\/fussball\\\/wp-content\\\/uploads\\\/2025\\\/05\\\/FC-Prishtina-FCK05_28-05-25-73-150x100.jpg\",\"medium\":\"https:\\\/\\\/regese.ch\\\/fussball\\\/wp-content\\\/uploads\\\/2025\\\/05\\\/FC-Prishtina-FCK05_28-05-25-73-300x200.jpg\",\"medium_large\":\"https:\\\/\\\/regese.ch\\\/fussball\\\/wp-content\\\/uploads\\\/2025\\\/05\\\/FC-Prishtina-FCK05_28-05-25-73-768x512.jpg\",\"large\":\"https:\\\/\\\/regese.ch\\\/fussball\\\/wp-content\\\/uploads\\\/2025\\\/05\\\/FC-Prishtina-FCK05_28-05-25-73.jpg\",\"1536x1536\":\"https:\\\/\\\/regese.ch\\\/fussball\\\/wp-content\\\/uploads\\\/2025\\\/05\\\/FC-Prishtina-FCK05_28-05-25-73.jpg\",\"2048x2048\":\"https:\\\/\\\/regese.ch\\\/fussball\\\/wp-content\\\/uploads\\\/2025\\\/05\\\/FC-Prishtina-FCK05_28-05-25-73.jpg\",\"sportspress-crop-medium\":\"https:\\\/\\\/regese.ch\\\/fussball\\\/wp-content\\\/uploads\\\/2025\\\/05\\\/FC-Prishtina-FCK05_28-05-25-73.jpg\",\"sportspress-fit-medium\":\"https:\\\/\\\/regese.ch\\\/fussball\\\/wp-content\\\/uploads\\\/2025\\\/05\\\/FC-Prishtina-FCK05_28-05-25-73.jpg\",\"sportspress-fit-icon\":\"https:\\\/\\\/regese.ch\\\/fussball\\\/wp-content\\\/uploads\\\/2025\\\/05\\\/FC-Prishtina-FCK05_28-05-25-73.jpg\",\"sportspress-fit-mini\":\"https:\\\/\\\/regese.ch\\\/fussball\\\/wp-content\\\/uploads\\\/2025\\\/05\\\/FC-Prishtina-FCK05_28-05-25-73.jpg\",\"full\":\"https:\\\/\\\/regese.ch\\\/fussball\\\/wp-content\\\/uploads\\\/2025\\\/05\\\/FC-Prishtina-FCK05_28-05-25-73.jpg\",\"index\":71,\"id\":20680,\"video\":false,\"opts\":{\"caption\":\"\",\"thumb\":\"https:\\\/\\\/regese.ch\\\/fussball\\\/wp-content\\\/uploads\\\/2025\\\/05\\\/FC-Prishtina-FCK05_28-05-25-73-75x50_c.jpg\",\"title\":\"FC Prishtina - FCK05_28-05-25-73\"},\"gallery_id\":\"20702\"},{\"status\":\"active\",\"src\":\"https:\\\/\\\/regese.ch\\\/fussball\\\/wp-content\\\/uploads\\\/2025\\\/05\\\/FC-Prishtina-FCK05_28-05-25-74.jpg\",\"title\":\"FC Prishtina - FCK05_28-05-25-74\",\"link\":\"https:\\\/\\\/regese.ch\\\/fussball\\\/wp-content\\\/uploads\\\/2025\\\/05\\\/FC-Prishtina-FCK05_28-05-25-74.jpg\",\"alt\":\"\",\"caption\":false,\"thumb\":\"https:\\\/\\\/regese.ch\\\/fussball\\\/wp-content\\\/uploads\\\/2025\\\/05\\\/FC-Prishtina-FCK05_28-05-25-74-75x50_c.jpg\",\"meta\":{\"aperture\":\"5.6\",\"credit\":null,\"camera\":\"Canon EOS R6\",\"caption\":\"\",\"created_timestamp\":\"1748462978\",\"copyright\":null,\"focal_length\":\"330\",\"iso\":\"25600\",\"shutter_speed\":\"0.00125\",\"title\":\"\",\"orientation\":null,\"keywords\":null,\"resized_images\":null},\"thumbnail\":\"https:\\\/\\\/regese.ch\\\/fussball\\\/wp-content\\\/uploads\\\/2025\\\/05\\\/FC-Prishtina-FCK05_28-05-25-74-150x100.jpg\",\"medium\":\"https:\\\/\\\/regese.ch\\\/fussball\\\/wp-content\\\/uploads\\\/2025\\\/05\\\/FC-Prishtina-FCK05_28-05-25-74-300x200.jpg\",\"medium_large\":\"https:\\\/\\\/regese.ch\\\/fussball\\\/wp-content\\\/uploads\\\/2025\\\/05\\\/FC-Prishtina-FCK05_28-05-25-74-768x512.jpg\",\"large\":\"https:\\\/\\\/regese.ch\\\/fussball\\\/wp-content\\\/uploads\\\/2025\\\/05\\\/FC-Prishtina-FCK05_28-05-25-74.jpg\",\"1536x1536\":\"https:\\\/\\\/regese.ch\\\/fussball\\\/wp-content\\\/uploads\\\/2025\\\/05\\\/FC-Prishtina-FCK05_28-05-25-74-1536x1024.jpg\",\"2048x2048\":\"https:\\\/\\\/regese.ch\\\/fussball\\\/wp-content\\\/uploads\\\/2025\\\/05\\\/FC-Prishtina-FCK05_28-05-25-74.jpg\",\"sportspress-crop-medium\":\"https:\\\/\\\/regese.ch\\\/fussball\\\/wp-content\\\/uploads\\\/2025\\\/05\\\/FC-Prishtina-FCK05_28-05-25-74-300x300.jpg\",\"sportspress-fit-medium\":\"https:\\\/\\\/regese.ch\\\/fussball\\\/wp-content\\\/uploads\\\/2025\\\/05\\\/FC-Prishtina-FCK05_28-05-25-74-300x200.jpg\",\"sportspress-fit-icon\":\"https:\\\/\\\/regese.ch\\\/fussball\\\/wp-content\\\/uploads\\\/2025\\\/05\\\/FC-Prishtina-FCK05_28-05-25-74-128x85.jpg\",\"sportspress-fit-mini\":\"https:\\\/\\\/regese.ch\\\/fussball\\\/wp-content\\\/uploads\\\/2025\\\/05\\\/FC-Prishtina-FCK05_28-05-25-74-32x21.jpg\",\"full\":\"https:\\\/\\\/regese.ch\\\/fussball\\\/wp-content\\\/uploads\\\/2025\\\/05\\\/FC-Prishtina-FCK05_28-05-25-74.jpg\",\"index\":72,\"id\":20681,\"video\":false,\"opts\":{\"caption\":\"\",\"thumb\":\"https:\\\/\\\/regese.ch\\\/fussball\\\/wp-content\\\/uploads\\\/2025\\\/05\\\/FC-Prishtina-FCK05_28-05-25-74-75x50_c.jpg\",\"title\":\"FC Prishtina - FCK05_28-05-25-74\"},\"gallery_id\":\"20702\"},{\"status\":\"active\",\"src\":\"https:\\\/\\\/regese.ch\\\/fussball\\\/wp-content\\\/uploads\\\/2025\\\/05\\\/FC-Prishtina-FCK05_28-05-25-75.jpg\",\"title\":\"FC Prishtina - FCK05_28-05-25-75\",\"link\":\"https:\\\/\\\/regese.ch\\\/fussball\\\/wp-content\\\/uploads\\\/2025\\\/05\\\/FC-Prishtina-FCK05_28-05-25-75.jpg\",\"alt\":\"\",\"caption\":false,\"thumb\":\"https:\\\/\\\/regese.ch\\\/fussball\\\/wp-content\\\/uploads\\\/2025\\\/05\\\/FC-Prishtina-FCK05_28-05-25-75-75x50_c.jpg\",\"meta\":{\"aperture\":\"5.6\",\"credit\":null,\"camera\":\"Canon EOS R6\",\"caption\":\"\",\"created_timestamp\":\"1748463009\",\"copyright\":null,\"focal_length\":\"400\",\"iso\":\"25600\",\"shutter_speed\":\"0.00125\",\"title\":\"\",\"orientation\":null,\"keywords\":null,\"resized_images\":null},\"thumbnail\":\"https:\\\/\\\/regese.ch\\\/fussball\\\/wp-content\\\/uploads\\\/2025\\\/05\\\/FC-Prishtina-FCK05_28-05-25-75-150x100.jpg\",\"medium\":\"https:\\\/\\\/regese.ch\\\/fussball\\\/wp-content\\\/uploads\\\/2025\\\/05\\\/FC-Prishtina-FCK05_28-05-25-75-300x200.jpg\",\"medium_large\":\"https:\\\/\\\/regese.ch\\\/fussball\\\/wp-content\\\/uploads\\\/2025\\\/05\\\/FC-Prishtina-FCK05_28-05-25-75-768x512.jpg\",\"large\":\"https:\\\/\\\/regese.ch\\\/fussball\\\/wp-content\\\/uploads\\\/2025\\\/05\\\/FC-Prishtina-FCK05_28-05-25-75.jpg\",\"1536x1536\":\"https:\\\/\\\/regese.ch\\\/fussball\\\/wp-content\\\/uploads\\\/2025\\\/05\\\/FC-Prishtina-FCK05_28-05-25-75-1536x1024.jpg\",\"2048x2048\":\"https:\\\/\\\/regese.ch\\\/fussball\\\/wp-content\\\/uploads\\\/2025\\\/05\\\/FC-Prishtina-FCK05_28-05-25-75.jpg\",\"sportspress-crop-medium\":\"https:\\\/\\\/regese.ch\\\/fussball\\\/wp-content\\\/uploads\\\/2025\\\/05\\\/FC-Prishtina-FCK05_28-05-25-75-300x300.jpg\",\"sportspress-fit-medium\":\"https:\\\/\\\/regese.ch\\\/fussball\\\/wp-content\\\/uploads\\\/2025\\\/05\\\/FC-Prishtina-FCK05_28-05-25-75-300x200.jpg\",\"sportspress-fit-icon\":\"https:\\\/\\\/regese.ch\\\/fussball\\\/wp-content\\\/uploads\\\/2025\\\/05\\\/FC-Prishtina-FCK05_28-05-25-75-128x85.jpg\",\"sportspress-fit-mini\":\"https:\\\/\\\/regese.ch\\\/fussball\\\/wp-content\\\/uploads\\\/2025\\\/05\\\/FC-Prishtina-FCK05_28-05-25-75-32x21.jpg\",\"full\":\"https:\\\/\\\/regese.ch\\\/fussball\\\/wp-content\\\/uploads\\\/2025\\\/05\\\/FC-Prishtina-FCK05_28-05-25-75.jpg\",\"index\":73,\"id\":20682,\"video\":false,\"opts\":{\"caption\":\"\",\"thumb\":\"https:\\\/\\\/regese.ch\\\/fussball\\\/wp-content\\\/uploads\\\/2025\\\/05\\\/FC-Prishtina-FCK05_28-05-25-75-75x50_c.jpg\",\"title\":\"FC Prishtina - FCK05_28-05-25-75\"},\"gallery_id\":\"20702\"},{\"status\":\"active\",\"src\":\"https:\\\/\\\/regese.ch\\\/fussball\\\/wp-content\\\/uploads\\\/2025\\\/05\\\/FC-Prishtina-FCK05_28-05-25-76.jpg\",\"title\":\"FC Prishtina - FCK05_28-05-25-76\",\"link\":\"https:\\\/\\\/regese.ch\\\/fussball\\\/wp-content\\\/uploads\\\/2025\\\/05\\\/FC-Prishtina-FCK05_28-05-25-76.jpg\",\"alt\":\"\",\"caption\":false,\"thumb\":\"https:\\\/\\\/regese.ch\\\/fussball\\\/wp-content\\\/uploads\\\/2025\\\/05\\\/FC-Prishtina-FCK05_28-05-25-76-75x50_c.jpg\",\"meta\":{\"aperture\":\"5.6\",\"credit\":null,\"camera\":\"Canon EOS R6\",\"caption\":\"\",\"created_timestamp\":\"1748463033\",\"copyright\":null,\"focal_length\":\"400\",\"iso\":\"25600\",\"shutter_speed\":\"0.00125\",\"title\":\"\",\"orientation\":null,\"keywords\":null,\"resized_images\":null},\"thumbnail\":\"https:\\\/\\\/regese.ch\\\/fussball\\\/wp-content\\\/uploads\\\/2025\\\/05\\\/FC-Prishtina-FCK05_28-05-25-76-150x100.jpg\",\"medium\":\"https:\\\/\\\/regese.ch\\\/fussball\\\/wp-content\\\/uploads\\\/2025\\\/05\\\/FC-Prishtina-FCK05_28-05-25-76-300x200.jpg\",\"medium_large\":\"https:\\\/\\\/regese.ch\\\/fussball\\\/wp-content\\\/uploads\\\/2025\\\/05\\\/FC-Prishtina-FCK05_28-05-25-76-768x512.jpg\",\"large\":\"https:\\\/\\\/regese.ch\\\/fussball\\\/wp-content\\\/uploads\\\/2025\\\/05\\\/FC-Prishtina-FCK05_28-05-25-76.jpg\",\"1536x1536\":\"https:\\\/\\\/regese.ch\\\/fussball\\\/wp-content\\\/uploads\\\/2025\\\/05\\\/FC-Prishtina-FCK05_28-05-25-76-1536x1024.jpg\",\"2048x2048\":\"https:\\\/\\\/regese.ch\\\/fussball\\\/wp-content\\\/uploads\\\/2025\\\/05\\\/FC-Prishtina-FCK05_28-05-25-76.jpg\",\"sportspress-crop-medium\":\"https:\\\/\\\/regese.ch\\\/fussball\\\/wp-content\\\/uploads\\\/2025\\\/05\\\/FC-Prishtina-FCK05_28-05-25-76-300x300.jpg\",\"sportspress-fit-medium\":\"https:\\\/\\\/regese.ch\\\/fussball\\\/wp-content\\\/uploads\\\/2025\\\/05\\\/FC-Prishtina-FCK05_28-05-25-76-300x200.jpg\",\"sportspress-fit-icon\":\"https:\\\/\\\/regese.ch\\\/fussball\\\/wp-content\\\/uploads\\\/2025\\\/05\\\/FC-Prishtina-FCK05_28-05-25-76-128x85.jpg\",\"sportspress-fit-mini\":\"https:\\\/\\\/regese.ch\\\/fussball\\\/wp-content\\\/uploads\\\/2025\\\/05\\\/FC-Prishtina-FCK05_28-05-25-76-32x21.jpg\",\"full\":\"https:\\\/\\\/regese.ch\\\/fussball\\\/wp-content\\\/uploads\\\/2025\\\/05\\\/FC-Prishtina-FCK05_28-05-25-76.jpg\",\"index\":74,\"id\":20683,\"video\":false,\"opts\":{\"caption\":\"\",\"thumb\":\"https:\\\/\\\/regese.ch\\\/fussball\\\/wp-content\\\/uploads\\\/2025\\\/05\\\/FC-Prishtina-FCK05_28-05-25-76-75x50_c.jpg\",\"title\":\"FC Prishtina - FCK05_28-05-25-76\"},\"gallery_id\":\"20702\"},{\"status\":\"active\",\"src\":\"https:\\\/\\\/regese.ch\\\/fussball\\\/wp-content\\\/uploads\\\/2025\\\/05\\\/FC-Prishtina-FCK05_28-05-25-77.jpg\",\"title\":\"FC Prishtina - FCK05_28-05-25-77\",\"link\":\"https:\\\/\\\/regese.ch\\\/fussball\\\/wp-content\\\/uploads\\\/2025\\\/05\\\/FC-Prishtina-FCK05_28-05-25-77.jpg\",\"alt\":\"\",\"caption\":false,\"thumb\":\"https:\\\/\\\/regese.ch\\\/fussball\\\/wp-content\\\/uploads\\\/2025\\\/05\\\/FC-Prishtina-FCK05_28-05-25-77-75x50_c.jpg\",\"meta\":{\"aperture\":\"5.6\",\"credit\":null,\"camera\":\"Canon EOS R6\",\"caption\":\"\",\"created_timestamp\":\"1748463079\",\"copyright\":null,\"focal_length\":\"158\",\"iso\":\"25600\",\"shutter_speed\":\"0.00125\",\"title\":\"\",\"orientation\":null,\"keywords\":null,\"resized_images\":null},\"thumbnail\":\"https:\\\/\\\/regese.ch\\\/fussball\\\/wp-content\\\/uploads\\\/2025\\\/05\\\/FC-Prishtina-FCK05_28-05-25-77-150x100.jpg\",\"medium\":\"https:\\\/\\\/regese.ch\\\/fussball\\\/wp-content\\\/uploads\\\/2025\\\/05\\\/FC-Prishtina-FCK05_28-05-25-77-300x200.jpg\",\"medium_large\":\"https:\\\/\\\/regese.ch\\\/fussball\\\/wp-content\\\/uploads\\\/2025\\\/05\\\/FC-Prishtina-FCK05_28-05-25-77-768x512.jpg\",\"large\":\"https:\\\/\\\/regese.ch\\\/fussball\\\/wp-content\\\/uploads\\\/2025\\\/05\\\/FC-Prishtina-FCK05_28-05-25-77.jpg\",\"1536x1536\":\"https:\\\/\\\/regese.ch\\\/fussball\\\/wp-content\\\/uploads\\\/2025\\\/05\\\/FC-Prishtina-FCK05_28-05-25-77-1536x1024.jpg\",\"2048x2048\":\"https:\\\/\\\/regese.ch\\\/fussball\\\/wp-content\\\/uploads\\\/2025\\\/05\\\/FC-Prishtina-FCK05_28-05-25-77.jpg\",\"sportspress-crop-medium\":\"https:\\\/\\\/regese.ch\\\/fussball\\\/wp-content\\\/uploads\\\/2025\\\/05\\\/FC-Prishtina-FCK05_28-05-25-77-300x300.jpg\",\"sportspress-fit-medium\":\"https:\\\/\\\/regese.ch\\\/fussball\\\/wp-content\\\/uploads\\\/2025\\\/05\\\/FC-Prishtina-FCK05_28-05-25-77-300x200.jpg\",\"sportspress-fit-icon\":\"https:\\\/\\\/regese.ch\\\/fussball\\\/wp-content\\\/uploads\\\/2025\\\/05\\\/FC-Prishtina-FCK05_28-05-25-77-128x85.jpg\",\"sportspress-fit-mini\":\"https:\\\/\\\/regese.ch\\\/fussball\\\/wp-content\\\/uploads\\\/2025\\\/05\\\/FC-Prishtina-FCK05_28-05-25-77-32x21.jpg\",\"full\":\"https:\\\/\\\/regese.ch\\\/fussball\\\/wp-content\\\/uploads\\\/2025\\\/05\\\/FC-Prishtina-FCK05_28-05-25-77.jpg\",\"index\":75,\"id\":20684,\"video\":false,\"opts\":{\"caption\":\"\",\"thumb\":\"https:\\\/\\\/regese.ch\\\/fussball\\\/wp-content\\\/uploads\\\/2025\\\/05\\\/FC-Prishtina-FCK05_28-05-25-77-75x50_c.jpg\",\"title\":\"FC Prishtina - FCK05_28-05-25-77\"},\"gallery_id\":\"20702\"},{\"status\":\"active\",\"src\":\"https:\\\/\\\/regese.ch\\\/fussball\\\/wp-content\\\/uploads\\\/2025\\\/05\\\/FC-Prishtina-FCK05_28-05-25-78.jpg\",\"title\":\"FC Prishtina - FCK05_28-05-25-78\",\"link\":\"https:\\\/\\\/regese.ch\\\/fussball\\\/wp-content\\\/uploads\\\/2025\\\/05\\\/FC-Prishtina-FCK05_28-05-25-78.jpg\",\"alt\":\"\",\"caption\":false,\"thumb\":\"https:\\\/\\\/regese.ch\\\/fussball\\\/wp-content\\\/uploads\\\/2025\\\/05\\\/FC-Prishtina-FCK05_28-05-25-78-75x50_c.jpg\",\"meta\":{\"aperture\":\"5.6\",\"credit\":null,\"camera\":\"Canon EOS R6\",\"caption\":\"\",\"created_timestamp\":\"1748463144\",\"copyright\":null,\"focal_length\":\"360\",\"iso\":\"25600\",\"shutter_speed\":\"0.00125\",\"title\":\"\",\"orientation\":null,\"keywords\":null,\"resized_images\":null},\"thumbnail\":\"https:\\\/\\\/regese.ch\\\/fussball\\\/wp-content\\\/uploads\\\/2025\\\/05\\\/FC-Prishtina-FCK05_28-05-25-78-150x100.jpg\",\"medium\":\"https:\\\/\\\/regese.ch\\\/fussball\\\/wp-content\\\/uploads\\\/2025\\\/05\\\/FC-Prishtina-FCK05_28-05-25-78-300x200.jpg\",\"medium_large\":\"https:\\\/\\\/regese.ch\\\/fussball\\\/wp-content\\\/uploads\\\/2025\\\/05\\\/FC-Prishtina-FCK05_28-05-25-78-768x512.jpg\",\"large\":\"https:\\\/\\\/regese.ch\\\/fussball\\\/wp-content\\\/uploads\\\/2025\\\/05\\\/FC-Prishtina-FCK05_28-05-25-78.jpg\",\"1536x1536\":\"https:\\\/\\\/regese.ch\\\/fussball\\\/wp-content\\\/uploads\\\/2025\\\/05\\\/FC-Prishtina-FCK05_28-05-25-78-1536x1024.jpg\",\"2048x2048\":\"https:\\\/\\\/regese.ch\\\/fussball\\\/wp-content\\\/uploads\\\/2025\\\/05\\\/FC-Prishtina-FCK05_28-05-25-78.jpg\",\"sportspress-crop-medium\":\"https:\\\/\\\/regese.ch\\\/fussball\\\/wp-content\\\/uploads\\\/2025\\\/05\\\/FC-Prishtina-FCK05_28-05-25-78-300x300.jpg\",\"sportspress-fit-medium\":\"https:\\\/\\\/regese.ch\\\/fussball\\\/wp-content\\\/uploads\\\/2025\\\/05\\\/FC-Prishtina-FCK05_28-05-25-78-300x200.jpg\",\"sportspress-fit-icon\":\"https:\\\/\\\/regese.ch\\\/fussball\\\/wp-content\\\/uploads\\\/2025\\\/05\\\/FC-Prishtina-FCK05_28-05-25-78-128x85.jpg\",\"sportspress-fit-mini\":\"https:\\\/\\\/regese.ch\\\/fussball\\\/wp-content\\\/uploads\\\/2025\\\/05\\\/FC-Prishtina-FCK05_28-05-25-78-32x21.jpg\",\"full\":\"https:\\\/\\\/regese.ch\\\/fussball\\\/wp-content\\\/uploads\\\/2025\\\/05\\\/FC-Prishtina-FCK05_28-05-25-78.jpg\",\"index\":76,\"id\":20685,\"video\":false,\"opts\":{\"caption\":\"\",\"thumb\":\"https:\\\/\\\/regese.ch\\\/fussball\\\/wp-content\\\/uploads\\\/2025\\\/05\\\/FC-Prishtina-FCK05_28-05-25-78-75x50_c.jpg\",\"title\":\"FC Prishtina - FCK05_28-05-25-78\"},\"gallery_id\":\"20702\"},{\"status\":\"active\",\"src\":\"https:\\\/\\\/regese.ch\\\/fussball\\\/wp-content\\\/uploads\\\/2025\\\/05\\\/FC-Prishtina-FCK05_28-05-25-79.jpg\",\"title\":\"FC Prishtina - FCK05_28-05-25-79\",\"link\":\"https:\\\/\\\/regese.ch\\\/fussball\\\/wp-content\\\/uploads\\\/2025\\\/05\\\/FC-Prishtina-FCK05_28-05-25-79.jpg\",\"alt\":\"\",\"caption\":false,\"thumb\":\"https:\\\/\\\/regese.ch\\\/fussball\\\/wp-content\\\/uploads\\\/2025\\\/05\\\/FC-Prishtina-FCK05_28-05-25-79-75x50_c.jpg\",\"meta\":{\"aperture\":\"5.6\",\"credit\":null,\"camera\":\"Canon EOS R6\",\"caption\":\"\",\"created_timestamp\":\"1748463164\",\"copyright\":null,\"focal_length\":\"135\",\"iso\":\"25600\",\"shutter_speed\":\"0.00125\",\"title\":\"\",\"orientation\":null,\"keywords\":null,\"resized_images\":null},\"thumbnail\":\"https:\\\/\\\/regese.ch\\\/fussball\\\/wp-content\\\/uploads\\\/2025\\\/05\\\/FC-Prishtina-FCK05_28-05-25-79.jpg\",\"medium\":\"https:\\\/\\\/regese.ch\\\/fussball\\\/wp-content\\\/uploads\\\/2025\\\/05\\\/FC-Prishtina-FCK05_28-05-25-79.jpg\",\"medium_large\":\"https:\\\/\\\/regese.ch\\\/fussball\\\/wp-content\\\/uploads\\\/2025\\\/05\\\/FC-Prishtina-FCK05_28-05-25-79.jpg\",\"large\":\"https:\\\/\\\/regese.ch\\\/fussball\\\/wp-content\\\/uploads\\\/2025\\\/05\\\/FC-Prishtina-FCK05_28-05-25-79.jpg\",\"1536x1536\":\"https:\\\/\\\/regese.ch\\\/fussball\\\/wp-content\\\/uploads\\\/2025\\\/05\\\/FC-Prishtina-FCK05_28-05-25-79.jpg\",\"2048x2048\":\"https:\\\/\\\/regese.ch\\\/fussball\\\/wp-content\\\/uploads\\\/2025\\\/05\\\/FC-Prishtina-FCK05_28-05-25-79.jpg\",\"sportspress-crop-medium\":\"https:\\\/\\\/regese.ch\\\/fussball\\\/wp-content\\\/uploads\\\/2025\\\/05\\\/FC-Prishtina-FCK05_28-05-25-79.jpg\",\"sportspress-fit-medium\":\"https:\\\/\\\/regese.ch\\\/fussball\\\/wp-content\\\/uploads\\\/2025\\\/05\\\/FC-Prishtina-FCK05_28-05-25-79.jpg\",\"sportspress-fit-icon\":\"https:\\\/\\\/regese.ch\\\/fussball\\\/wp-content\\\/uploads\\\/2025\\\/05\\\/FC-Prishtina-FCK05_28-05-25-79.jpg\",\"sportspress-fit-mini\":\"https:\\\/\\\/regese.ch\\\/fussball\\\/wp-content\\\/uploads\\\/2025\\\/05\\\/FC-Prishtina-FCK05_28-05-25-79.jpg\",\"full\":\"https:\\\/\\\/regese.ch\\\/fussball\\\/wp-content\\\/uploads\\\/2025\\\/05\\\/FC-Prishtina-FCK05_28-05-25-79.jpg\",\"index\":77,\"id\":20686,\"video\":false,\"opts\":{\"caption\":\"\",\"thumb\":\"https:\\\/\\\/regese.ch\\\/fussball\\\/wp-content\\\/uploads\\\/2025\\\/05\\\/FC-Prishtina-FCK05_28-05-25-79-75x50_c.jpg\",\"title\":\"FC Prishtina - FCK05_28-05-25-79\"},\"gallery_id\":\"20702\"},{\"status\":\"active\",\"src\":\"https:\\\/\\\/regese.ch\\\/fussball\\\/wp-content\\\/uploads\\\/2025\\\/05\\\/FC-Prishtina-FCK05_28-05-25-80.jpg\",\"title\":\"FC Prishtina - FCK05_28-05-25-80\",\"link\":\"https:\\\/\\\/regese.ch\\\/fussball\\\/wp-content\\\/uploads\\\/2025\\\/05\\\/FC-Prishtina-FCK05_28-05-25-80.jpg\",\"alt\":\"\",\"caption\":false,\"thumb\":\"https:\\\/\\\/regese.ch\\\/fussball\\\/wp-content\\\/uploads\\\/2025\\\/05\\\/FC-Prishtina-FCK05_28-05-25-80-75x50_c.jpg\",\"meta\":{\"aperture\":\"5.6\",\"credit\":null,\"camera\":\"Canon EOS R6\",\"caption\":\"\",\"created_timestamp\":\"1748463261\",\"copyright\":null,\"focal_length\":\"100\",\"iso\":\"25600\",\"shutter_speed\":\"0.002\",\"title\":\"\",\"orientation\":null,\"keywords\":null,\"resized_images\":null},\"thumbnail\":\"https:\\\/\\\/regese.ch\\\/fussball\\\/wp-content\\\/uploads\\\/2025\\\/05\\\/FC-Prishtina-FCK05_28-05-25-80-150x100.jpg\",\"medium\":\"https:\\\/\\\/regese.ch\\\/fussball\\\/wp-content\\\/uploads\\\/2025\\\/05\\\/FC-Prishtina-FCK05_28-05-25-80-300x200.jpg\",\"medium_large\":\"https:\\\/\\\/regese.ch\\\/fussball\\\/wp-content\\\/uploads\\\/2025\\\/05\\\/FC-Prishtina-FCK05_28-05-25-80-768x512.jpg\",\"large\":\"https:\\\/\\\/regese.ch\\\/fussball\\\/wp-content\\\/uploads\\\/2025\\\/05\\\/FC-Prishtina-FCK05_28-05-25-80.jpg\",\"1536x1536\":\"https:\\\/\\\/regese.ch\\\/fussball\\\/wp-content\\\/uploads\\\/2025\\\/05\\\/FC-Prishtina-FCK05_28-05-25-80-1536x1024.jpg\",\"2048x2048\":\"https:\\\/\\\/regese.ch\\\/fussball\\\/wp-content\\\/uploads\\\/2025\\\/05\\\/FC-Prishtina-FCK05_28-05-25-80.jpg\",\"sportspress-crop-medium\":\"https:\\\/\\\/regese.ch\\\/fussball\\\/wp-content\\\/uploads\\\/2025\\\/05\\\/FC-Prishtina-FCK05_28-05-25-80-300x300.jpg\",\"sportspress-fit-medium\":\"https:\\\/\\\/regese.ch\\\/fussball\\\/wp-content\\\/uploads\\\/2025\\\/05\\\/FC-Prishtina-FCK05_28-05-25-80-300x200.jpg\",\"sportspress-fit-icon\":\"https:\\\/\\\/regese.ch\\\/fussball\\\/wp-content\\\/uploads\\\/2025\\\/05\\\/FC-Prishtina-FCK05_28-05-25-80-128x85.jpg\",\"sportspress-fit-mini\":\"https:\\\/\\\/regese.ch\\\/fussball\\\/wp-content\\\/uploads\\\/2025\\\/05\\\/FC-Prishtina-FCK05_28-05-25-80-32x21.jpg\",\"full\":\"https:\\\/\\\/regese.ch\\\/fussball\\\/wp-content\\\/uploads\\\/2025\\\/05\\\/FC-Prishtina-FCK05_28-05-25-80.jpg\",\"index\":78,\"id\":20687,\"video\":false,\"opts\":{\"caption\":\"\",\"thumb\":\"https:\\\/\\\/regese.ch\\\/fussball\\\/wp-content\\\/uploads\\\/2025\\\/05\\\/FC-Prishtina-FCK05_28-05-25-80-75x50_c.jpg\",\"title\":\"FC Prishtina - FCK05_28-05-25-80\"},\"gallery_id\":\"20702\"},{\"status\":\"active\",\"src\":\"https:\\\/\\\/regese.ch\\\/fussball\\\/wp-content\\\/uploads\\\/2025\\\/05\\\/FC-Prishtina-FCK05_28-05-25-81.jpg\",\"title\":\"FC Prishtina - FCK05_28-05-25-81\",\"link\":\"https:\\\/\\\/regese.ch\\\/fussball\\\/wp-content\\\/uploads\\\/2025\\\/05\\\/FC-Prishtina-FCK05_28-05-25-81.jpg\",\"alt\":\"\",\"caption\":false,\"thumb\":\"https:\\\/\\\/regese.ch\\\/fussball\\\/wp-content\\\/uploads\\\/2025\\\/05\\\/FC-Prishtina-FCK05_28-05-25-81-75x50_c.jpg\",\"meta\":{\"aperture\":\"5.6\",\"credit\":null,\"camera\":\"Canon EOS R6\",\"caption\":\"\",\"created_timestamp\":\"1748463298\",\"copyright\":null,\"focal_length\":\"100\",\"iso\":\"25600\",\"shutter_speed\":\"0.002\",\"title\":\"\",\"orientation\":null,\"keywords\":null,\"resized_images\":null},\"thumbnail\":\"https:\\\/\\\/regese.ch\\\/fussball\\\/wp-content\\\/uploads\\\/2025\\\/05\\\/FC-Prishtina-FCK05_28-05-25-81-150x100.jpg\",\"medium\":\"https:\\\/\\\/regese.ch\\\/fussball\\\/wp-content\\\/uploads\\\/2025\\\/05\\\/FC-Prishtina-FCK05_28-05-25-81-300x200.jpg\",\"medium_large\":\"https:\\\/\\\/regese.ch\\\/fussball\\\/wp-content\\\/uploads\\\/2025\\\/05\\\/FC-Prishtina-FCK05_28-05-25-81-768x512.jpg\",\"large\":\"https:\\\/\\\/regese.ch\\\/fussball\\\/wp-content\\\/uploads\\\/2025\\\/05\\\/FC-Prishtina-FCK05_28-05-25-81.jpg\",\"1536x1536\":\"https:\\\/\\\/regese.ch\\\/fussball\\\/wp-content\\\/uploads\\\/2025\\\/05\\\/FC-Prishtina-FCK05_28-05-25-81-1536x1024.jpg\",\"2048x2048\":\"https:\\\/\\\/regese.ch\\\/fussball\\\/wp-content\\\/uploads\\\/2025\\\/05\\\/FC-Prishtina-FCK05_28-05-25-81.jpg\",\"sportspress-crop-medium\":\"https:\\\/\\\/regese.ch\\\/fussball\\\/wp-content\\\/uploads\\\/2025\\\/05\\\/FC-Prishtina-FCK05_28-05-25-81-300x300.jpg\",\"sportspress-fit-medium\":\"https:\\\/\\\/regese.ch\\\/fussball\\\/wp-content\\\/uploads\\\/2025\\\/05\\\/FC-Prishtina-FCK05_28-05-25-81-300x200.jpg\",\"sportspress-fit-icon\":\"https:\\\/\\\/regese.ch\\\/fussball\\\/wp-content\\\/uploads\\\/2025\\\/05\\\/FC-Prishtina-FCK05_28-05-25-81-128x85.jpg\",\"sportspress-fit-mini\":\"https:\\\/\\\/regese.ch\\\/fussball\\\/wp-content\\\/uploads\\\/2025\\\/05\\\/FC-Prishtina-FCK05_28-05-25-81-32x21.jpg\",\"full\":\"https:\\\/\\\/regese.ch\\\/fussball\\\/wp-content\\\/uploads\\\/2025\\\/05\\\/FC-Prishtina-FCK05_28-05-25-81.jpg\",\"index\":79,\"id\":20688,\"video\":false,\"opts\":{\"caption\":\"\",\"thumb\":\"https:\\\/\\\/regese.ch\\\/fussball\\\/wp-content\\\/uploads\\\/2025\\\/05\\\/FC-Prishtina-FCK05_28-05-25-81-75x50_c.jpg\",\"title\":\"FC Prishtina - FCK05_28-05-25-81\"},\"gallery_id\":\"20702\"},{\"status\":\"active\",\"src\":\"https:\\\/\\\/regese.ch\\\/fussball\\\/wp-content\\\/uploads\\\/2025\\\/05\\\/Felle-haelt-1.jpg\",\"title\":\"Felle h&auml;lt-1\",\"link\":\"https:\\\/\\\/regese.ch\\\/fussball\\\/wp-content\\\/uploads\\\/2025\\\/05\\\/Felle-haelt-1.jpg\",\"alt\":\"\",\"caption\":false,\"thumb\":\"https:\\\/\\\/regese.ch\\\/fussball\\\/wp-content\\\/uploads\\\/2025\\\/05\\\/Felle-haelt-1-75x50_c.jpg\",\"meta\":{\"aperture\":\"5.6\",\"credit\":null,\"camera\":\"Canon EOS R6\",\"caption\":\"\",\"created_timestamp\":\"1748463133\",\"copyright\":null,\"focal_length\":\"263\",\"iso\":\"25600\",\"shutter_speed\":\"0.00125\",\"title\":\"\",\"orientation\":null,\"keywords\":null,\"resized_images\":null},\"thumbnail\":\"https:\\\/\\\/regese.ch\\\/fussball\\\/wp-content\\\/uploads\\\/2025\\\/05\\\/Felle-haelt-1-150x100.jpg\",\"medium\":\"https:\\\/\\\/regese.ch\\\/fussball\\\/wp-content\\\/uploads\\\/2025\\\/05\\\/Felle-haelt-1-300x200.jpg\",\"medium_large\":\"https:\\\/\\\/regese.ch\\\/fussball\\\/wp-content\\\/uploads\\\/2025\\\/05\\\/Felle-haelt-1-768x512.jpg\",\"large\":\"https:\\\/\\\/regese.ch\\\/fussball\\\/wp-content\\\/uploads\\\/2025\\\/05\\\/Felle-haelt-1.jpg\",\"1536x1536\":\"https:\\\/\\\/regese.ch\\\/fussball\\\/wp-content\\\/uploads\\\/2025\\\/05\\\/Felle-haelt-1-1536x1024.jpg\",\"2048x2048\":\"https:\\\/\\\/regese.ch\\\/fussball\\\/wp-content\\\/uploads\\\/2025\\\/05\\\/Felle-haelt-1.jpg\",\"sportspress-crop-medium\":\"https:\\\/\\\/regese.ch\\\/fussball\\\/wp-content\\\/uploads\\\/2025\\\/05\\\/Felle-haelt-1-300x300.jpg\",\"sportspress-fit-medium\":\"https:\\\/\\\/regese.ch\\\/fussball\\\/wp-content\\\/uploads\\\/2025\\\/05\\\/Felle-haelt-1-300x200.jpg\",\"sportspress-fit-icon\":\"https:\\\/\\\/regese.ch\\\/fussball\\\/wp-content\\\/uploads\\\/2025\\\/05\\\/Felle-haelt-1-128x85.jpg\",\"sportspress-fit-mini\":\"https:\\\/\\\/regese.ch\\\/fussball\\\/wp-content\\\/uploads\\\/2025\\\/05\\\/Felle-haelt-1-32x21.jpg\",\"full\":\"https:\\\/\\\/regese.ch\\\/fussball\\\/wp-content\\\/uploads\\\/2025\\\/05\\\/Felle-haelt-1.jpg\",\"index\":80,\"id\":20692,\"video\":false,\"opts\":{\"caption\":\"\",\"thumb\":\"https:\\\/\\\/regese.ch\\\/fussball\\\/wp-content\\\/uploads\\\/2025\\\/05\\\/Felle-haelt-1-75x50_c.jpg\",\"title\":\"Felle h&auml;lt-1\"},\"gallery_id\":\"20702\"},{\"status\":\"active\",\"src\":\"https:\\\/\\\/regese.ch\\\/fussball\\\/wp-content\\\/uploads\\\/2025\\\/05\\\/Felle-haelt-2.jpg\",\"title\":\"Felle h&auml;lt-2\",\"link\":\"https:\\\/\\\/regese.ch\\\/fussball\\\/wp-content\\\/uploads\\\/2025\\\/05\\\/Felle-haelt-2.jpg\",\"alt\":\"\",\"caption\":false,\"thumb\":\"https:\\\/\\\/regese.ch\\\/fussball\\\/wp-content\\\/uploads\\\/2025\\\/05\\\/Felle-haelt-2-75x50_c.jpg\",\"meta\":{\"aperture\":\"5.6\",\"credit\":null,\"camera\":\"Canon EOS R6\",\"caption\":\"\",\"created_timestamp\":\"1748463133\",\"copyright\":null,\"focal_length\":\"263\",\"iso\":\"25600\",\"shutter_speed\":\"0.00125\",\"title\":\"\",\"orientation\":null,\"keywords\":null,\"resized_images\":null},\"thumbnail\":\"https:\\\/\\\/regese.ch\\\/fussball\\\/wp-content\\\/uploads\\\/2025\\\/05\\\/Felle-haelt-2-150x100.jpg\",\"medium\":\"https:\\\/\\\/regese.ch\\\/fussball\\\/wp-content\\\/uploads\\\/2025\\\/05\\\/Felle-haelt-2-300x200.jpg\",\"medium_large\":\"https:\\\/\\\/regese.ch\\\/fussball\\\/wp-content\\\/uploads\\\/2025\\\/05\\\/Felle-haelt-2-768x512.jpg\",\"large\":\"https:\\\/\\\/regese.ch\\\/fussball\\\/wp-content\\\/uploads\\\/2025\\\/05\\\/Felle-haelt-2.jpg\",\"1536x1536\":\"https:\\\/\\\/regese.ch\\\/fussball\\\/wp-content\\\/uploads\\\/2025\\\/05\\\/Felle-haelt-2-1536x1024.jpg\",\"2048x2048\":\"https:\\\/\\\/regese.ch\\\/fussball\\\/wp-content\\\/uploads\\\/2025\\\/05\\\/Felle-haelt-2.jpg\",\"sportspress-crop-medium\":\"https:\\\/\\\/regese.ch\\\/fussball\\\/wp-content\\\/uploads\\\/2025\\\/05\\\/Felle-haelt-2-300x300.jpg\",\"sportspress-fit-medium\":\"https:\\\/\\\/regese.ch\\\/fussball\\\/wp-content\\\/uploads\\\/2025\\\/05\\\/Felle-haelt-2-300x200.jpg\",\"sportspress-fit-icon\":\"https:\\\/\\\/regese.ch\\\/fussball\\\/wp-content\\\/uploads\\\/2025\\\/05\\\/Felle-haelt-2-128x85.jpg\",\"sportspress-fit-mini\":\"https:\\\/\\\/regese.ch\\\/fussball\\\/wp-content\\\/uploads\\\/2025\\\/05\\\/Felle-haelt-2-32x21.jpg\",\"full\":\"https:\\\/\\\/regese.ch\\\/fussball\\\/wp-content\\\/uploads\\\/2025\\\/05\\\/Felle-haelt-2.jpg\",\"index\":81,\"id\":20693,\"video\":false,\"opts\":{\"caption\":\"\",\"thumb\":\"https:\\\/\\\/regese.ch\\\/fussball\\\/wp-content\\\/uploads\\\/2025\\\/05\\\/Felle-haelt-2-75x50_c.jpg\",\"title\":\"Felle h&auml;lt-2\"},\"gallery_id\":\"20702\"},{\"status\":\"active\",\"src\":\"https:\\\/\\\/regese.ch\\\/fussball\\\/wp-content\\\/uploads\\\/2025\\\/05\\\/Felle-haelt-3.jpg\",\"title\":\"Felle h&auml;lt-3\",\"link\":\"https:\\\/\\\/regese.ch\\\/fussball\\\/wp-content\\\/uploads\\\/2025\\\/05\\\/Felle-haelt-3.jpg\",\"alt\":\"\",\"caption\":false,\"thumb\":\"https:\\\/\\\/regese.ch\\\/fussball\\\/wp-content\\\/uploads\\\/2025\\\/05\\\/Felle-haelt-3-75x50_c.jpg\",\"meta\":{\"aperture\":\"5.6\",\"credit\":null,\"camera\":\"Canon EOS R6\",\"caption\":\"\",\"created_timestamp\":\"1748463133\",\"copyright\":null,\"focal_length\":\"263\",\"iso\":\"25600\",\"shutter_speed\":\"0.00125\",\"title\":\"\",\"orientation\":null,\"keywords\":null,\"resized_images\":null},\"thumbnail\":\"https:\\\/\\\/regese.ch\\\/fussball\\\/wp-content\\\/uploads\\\/2025\\\/05\\\/Felle-haelt-3-150x100.jpg\",\"medium\":\"https:\\\/\\\/regese.ch\\\/fussball\\\/wp-content\\\/uploads\\\/2025\\\/05\\\/Felle-haelt-3-300x200.jpg\",\"medium_large\":\"https:\\\/\\\/regese.ch\\\/fussball\\\/wp-content\\\/uploads\\\/2025\\\/05\\\/Felle-haelt-3-768x512.jpg\",\"large\":\"https:\\\/\\\/regese.ch\\\/fussball\\\/wp-content\\\/uploads\\\/2025\\\/05\\\/Felle-haelt-3.jpg\",\"1536x1536\":\"https:\\\/\\\/regese.ch\\\/fussball\\\/wp-content\\\/uploads\\\/2025\\\/05\\\/Felle-haelt-3-1536x1024.jpg\",\"2048x2048\":\"https:\\\/\\\/regese.ch\\\/fussball\\\/wp-content\\\/uploads\\\/2025\\\/05\\\/Felle-haelt-3.jpg\",\"sportspress-crop-medium\":\"https:\\\/\\\/regese.ch\\\/fussball\\\/wp-content\\\/uploads\\\/2025\\\/05\\\/Felle-haelt-3-300x300.jpg\",\"sportspress-fit-medium\":\"https:\\\/\\\/regese.ch\\\/fussball\\\/wp-content\\\/uploads\\\/2025\\\/05\\\/Felle-haelt-3-300x200.jpg\",\"sportspress-fit-icon\":\"https:\\\/\\\/regese.ch\\\/fussball\\\/wp-content\\\/uploads\\\/2025\\\/05\\\/Felle-haelt-3-128x85.jpg\",\"sportspress-fit-mini\":\"https:\\\/\\\/regese.ch\\\/fussball\\\/wp-content\\\/uploads\\\/2025\\\/05\\\/Felle-haelt-3-32x21.jpg\",\"full\":\"https:\\\/\\\/regese.ch\\\/fussball\\\/wp-content\\\/uploads\\\/2025\\\/05\\\/Felle-haelt-3.jpg\",\"index\":82,\"id\":20694,\"video\":false,\"opts\":{\"caption\":\"\",\"thumb\":\"https:\\\/\\\/regese.ch\\\/fussball\\\/wp-content\\\/uploads\\\/2025\\\/05\\\/Felle-haelt-3-75x50_c.jpg\",\"title\":\"Felle h&auml;lt-3\"},\"gallery_id\":\"20702\"},{\"status\":\"active\",\"src\":\"https:\\\/\\\/regese.ch\\\/fussball\\\/wp-content\\\/uploads\\\/2025\\\/05\\\/Felle-haelt-4.jpg\",\"title\":\"Felle h&auml;lt-4\",\"link\":\"https:\\\/\\\/regese.ch\\\/fussball\\\/wp-content\\\/uploads\\\/2025\\\/05\\\/Felle-haelt-4.jpg\",\"alt\":\"\",\"caption\":false,\"thumb\":\"https:\\\/\\\/regese.ch\\\/fussball\\\/wp-content\\\/uploads\\\/2025\\\/05\\\/Felle-haelt-4-75x50_c.jpg\",\"meta\":{\"aperture\":\"5.6\",\"credit\":null,\"camera\":\"Canon EOS R6\",\"caption\":\"\",\"created_timestamp\":\"1748463133\",\"copyright\":null,\"focal_length\":\"263\",\"iso\":\"25600\",\"shutter_speed\":\"0.00125\",\"title\":\"\",\"orientation\":null,\"keywords\":null,\"resized_images\":null},\"thumbnail\":\"https:\\\/\\\/regese.ch\\\/fussball\\\/wp-content\\\/uploads\\\/2025\\\/05\\\/Felle-haelt-4-150x100.jpg\",\"medium\":\"https:\\\/\\\/regese.ch\\\/fussball\\\/wp-content\\\/uploads\\\/2025\\\/05\\\/Felle-haelt-4-300x200.jpg\",\"medium_large\":\"https:\\\/\\\/regese.ch\\\/fussball\\\/wp-content\\\/uploads\\\/2025\\\/05\\\/Felle-haelt-4-768x512.jpg\",\"large\":\"https:\\\/\\\/regese.ch\\\/fussball\\\/wp-content\\\/uploads\\\/2025\\\/05\\\/Felle-haelt-4.jpg\",\"1536x1536\":\"https:\\\/\\\/regese.ch\\\/fussball\\\/wp-content\\\/uploads\\\/2025\\\/05\\\/Felle-haelt-4-1536x1024.jpg\",\"2048x2048\":\"https:\\\/\\\/regese.ch\\\/fussball\\\/wp-content\\\/uploads\\\/2025\\\/05\\\/Felle-haelt-4.jpg\",\"sportspress-crop-medium\":\"https:\\\/\\\/regese.ch\\\/fussball\\\/wp-content\\\/uploads\\\/2025\\\/05\\\/Felle-haelt-4-300x300.jpg\",\"sportspress-fit-medium\":\"https:\\\/\\\/regese.ch\\\/fussball\\\/wp-content\\\/uploads\\\/2025\\\/05\\\/Felle-haelt-4-300x200.jpg\",\"sportspress-fit-icon\":\"https:\\\/\\\/regese.ch\\\/fussball\\\/wp-content\\\/uploads\\\/2025\\\/05\\\/Felle-haelt-4-128x85.jpg\",\"sportspress-fit-mini\":\"https:\\\/\\\/regese.ch\\\/fussball\\\/wp-content\\\/uploads\\\/2025\\\/05\\\/Felle-haelt-4-32x21.jpg\",\"full\":\"https:\\\/\\\/regese.ch\\\/fussball\\\/wp-content\\\/uploads\\\/2025\\\/05\\\/Felle-haelt-4.jpg\",\"index\":83,\"id\":20695,\"video\":false,\"opts\":{\"caption\":\"\",\"thumb\":\"https:\\\/\\\/regese.ch\\\/fussball\\\/wp-content\\\/uploads\\\/2025\\\/05\\\/Felle-haelt-4-75x50_c.jpg\",\"title\":\"Felle h&auml;lt-4\"},\"gallery_id\":\"20702\"},{\"status\":\"active\",\"src\":\"https:\\\/\\\/regese.ch\\\/fussball\\\/wp-content\\\/uploads\\\/2025\\\/05\\\/Felle-haelt-5.jpg\",\"title\":\"Felle h&auml;lt-5\",\"link\":\"https:\\\/\\\/regese.ch\\\/fussball\\\/wp-content\\\/uploads\\\/2025\\\/05\\\/Felle-haelt-5.jpg\",\"alt\":\"\",\"caption\":false,\"thumb\":\"https:\\\/\\\/regese.ch\\\/fussball\\\/wp-content\\\/uploads\\\/2025\\\/05\\\/Felle-haelt-5-75x50_c.jpg\",\"meta\":{\"aperture\":\"5.6\",\"credit\":null,\"camera\":\"Canon EOS R6\",\"caption\":\"\",\"created_timestamp\":\"1748463134\",\"copyright\":null,\"focal_length\":\"263\",\"iso\":\"25600\",\"shutter_speed\":\"0.00125\",\"title\":\"\",\"orientation\":null,\"keywords\":null,\"resized_images\":null},\"thumbnail\":\"https:\\\/\\\/regese.ch\\\/fussball\\\/wp-content\\\/uploads\\\/2025\\\/05\\\/Felle-haelt-5-150x100.jpg\",\"medium\":\"https:\\\/\\\/regese.ch\\\/fussball\\\/wp-content\\\/uploads\\\/2025\\\/05\\\/Felle-haelt-5-300x200.jpg\",\"medium_large\":\"https:\\\/\\\/regese.ch\\\/fussball\\\/wp-content\\\/uploads\\\/2025\\\/05\\\/Felle-haelt-5-768x512.jpg\",\"large\":\"https:\\\/\\\/regese.ch\\\/fussball\\\/wp-content\\\/uploads\\\/2025\\\/05\\\/Felle-haelt-5.jpg\",\"1536x1536\":\"https:\\\/\\\/regese.ch\\\/fussball\\\/wp-content\\\/uploads\\\/2025\\\/05\\\/Felle-haelt-5-1536x1024.jpg\",\"2048x2048\":\"https:\\\/\\\/regese.ch\\\/fussball\\\/wp-content\\\/uploads\\\/2025\\\/05\\\/Felle-haelt-5.jpg\",\"sportspress-crop-medium\":\"https:\\\/\\\/regese.ch\\\/fussball\\\/wp-content\\\/uploads\\\/2025\\\/05\\\/Felle-haelt-5-300x300.jpg\",\"sportspress-fit-medium\":\"https:\\\/\\\/regese.ch\\\/fussball\\\/wp-content\\\/uploads\\\/2025\\\/05\\\/Felle-haelt-5-300x200.jpg\",\"sportspress-fit-icon\":\"https:\\\/\\\/regese.ch\\\/fussball\\\/wp-content\\\/uploads\\\/2025\\\/05\\\/Felle-haelt-5-128x85.jpg\",\"sportspress-fit-mini\":\"https:\\\/\\\/regese.ch\\\/fussball\\\/wp-content\\\/uploads\\\/2025\\\/05\\\/Felle-haelt-5-32x21.jpg\",\"full\":\"https:\\\/\\\/regese.ch\\\/fussball\\\/wp-content\\\/uploads\\\/2025\\\/05\\\/Felle-haelt-5.jpg\",\"index\":84,\"id\":20696,\"video\":false,\"opts\":{\"caption\":\"\",\"thumb\":\"https:\\\/\\\/regese.ch\\\/fussball\\\/wp-content\\\/uploads\\\/2025\\\/05\\\/Felle-haelt-5-75x50_c.jpg\",\"title\":\"Felle h&auml;lt-5\"},\"gallery_id\":\"20702\"},{\"status\":\"active\",\"src\":\"https:\\\/\\\/regese.ch\\\/fussball\\\/wp-content\\\/uploads\\\/2025\\\/05\\\/Felle-haelt-6.jpg\",\"title\":\"Felle h&auml;lt-6\",\"link\":\"https:\\\/\\\/regese.ch\\\/fussball\\\/wp-content\\\/uploads\\\/2025\\\/05\\\/Felle-haelt-6.jpg\",\"alt\":\"\",\"caption\":false,\"thumb\":\"https:\\\/\\\/regese.ch\\\/fussball\\\/wp-content\\\/uploads\\\/2025\\\/05\\\/Felle-haelt-6-75x50_c.jpg\",\"meta\":{\"aperture\":\"5.6\",\"credit\":null,\"camera\":\"Canon EOS R6\",\"caption\":\"\",\"created_timestamp\":\"1748463134\",\"copyright\":null,\"focal_length\":\"263\",\"iso\":\"20000\",\"shutter_speed\":\"0.00125\",\"title\":\"\",\"orientation\":null,\"keywords\":null,\"resized_images\":null},\"thumbnail\":\"https:\\\/\\\/regese.ch\\\/fussball\\\/wp-content\\\/uploads\\\/2025\\\/05\\\/Felle-haelt-6-150x100.jpg\",\"medium\":\"https:\\\/\\\/regese.ch\\\/fussball\\\/wp-content\\\/uploads\\\/2025\\\/05\\\/Felle-haelt-6-300x200.jpg\",\"medium_large\":\"https:\\\/\\\/regese.ch\\\/fussball\\\/wp-content\\\/uploads\\\/2025\\\/05\\\/Felle-haelt-6-768x512.jpg\",\"large\":\"https:\\\/\\\/regese.ch\\\/fussball\\\/wp-content\\\/uploads\\\/2025\\\/05\\\/Felle-haelt-6.jpg\",\"1536x1536\":\"https:\\\/\\\/regese.ch\\\/fussball\\\/wp-content\\\/uploads\\\/2025\\\/05\\\/Felle-haelt-6-1536x1024.jpg\",\"2048x2048\":\"https:\\\/\\\/regese.ch\\\/fussball\\\/wp-content\\\/uploads\\\/2025\\\/05\\\/Felle-haelt-6.jpg\",\"sportspress-crop-medium\":\"https:\\\/\\\/regese.ch\\\/fussball\\\/wp-content\\\/uploads\\\/2025\\\/05\\\/Felle-haelt-6-300x300.jpg\",\"sportspress-fit-medium\":\"https:\\\/\\\/regese.ch\\\/fussball\\\/wp-content\\\/uploads\\\/2025\\\/05\\\/Felle-haelt-6-300x200.jpg\",\"sportspress-fit-icon\":\"https:\\\/\\\/regese.ch\\\/fussball\\\/wp-content\\\/uploads\\\/2025\\\/05\\\/Felle-haelt-6-128x85.jpg\",\"sportspress-fit-mini\":\"https:\\\/\\\/regese.ch\\\/fussball\\\/wp-content\\\/uploads\\\/2025\\\/05\\\/Felle-haelt-6-32x21.jpg\",\"full\":\"https:\\\/\\\/regese.ch\\\/fussball\\\/wp-content\\\/uploads\\\/2025\\\/05\\\/Felle-haelt-6.jpg\",\"index\":85,\"id\":20697,\"video\":false,\"opts\":{\"caption\":\"\",\"thumb\":\"https:\\\/\\\/regese.ch\\\/fussball\\\/wp-content\\\/uploads\\\/2025\\\/05\\\/Felle-haelt-6-75x50_c.jpg\",\"title\":\"Felle h&auml;lt-6\"},\"gallery_id\":\"20702\"}]' data-lightbox-theme='{&quot;arrows&quot;:true,&quot;margins&quot;:[120,0],&quot;gutter&quot;:&quot;100&quot;,&quot;thumbs_position&quot;:&quot;bottom&quot;,&quot;base_template&quot;:&quot;&lt;div id=\\&quot;envirabox-20702\\&quot; data-envirabox-id=\\&quot;20702\\&quot; class=\\&quot;envirabox-container envirabox-theme-base_dark envirabox-wrap\\&quot; role=\\&quot;dialog\\&quot;&gt;&lt;div class=\\&quot;envirabox-bg\\&quot;&gt;&lt;\\\/div&gt;&lt;div class=\\&quot;envirabox-outer\\&quot;&gt;&lt;div class=\\&quot;envirabox-inner\\&quot;&gt;&lt;div class=\\&quot;envirabox-caption-wrap\\&quot;&gt;&lt;div class=\\&quot;envirabox-title\\&quot;&gt;&lt;\\\/div&gt;&lt;\\\/div&gt;&lt;div class=\\&quot;envirabox-toolbar\\&quot;&gt;&lt;div class=\\&quot;envira-close-button\\&quot;&gt;&lt;a data-envirabox-close class=\\&quot;envirabox-item envirabox-close envirabox-button--close\\&quot; title=\\&quot;Close\\&quot; href=\\&quot;#\\&quot;&gt;&lt;\\\/a&gt;&lt;\\\/div&gt;&lt;\\\/div&gt;&lt;div class=\\&quot;envirabox-navigation\\&quot;&gt;&lt;a data-envirabox-prev title=\\&quot;Prev\\&quot; class=\\&quot;envirabox-arrow envirabox-arrow--left envirabox-nav envirabox-prev\\&quot; href=\\&quot;#\\&quot;&gt;&lt;span&gt;&lt;\\\/span&gt;&lt;\\\/a&gt;&lt;a data-envirabox-next title=\\&quot;Next\\&quot; class=\\&quot;envirabox-arrow envirabox-arrow--right envirabox-nav envirabox-next\\&quot; href=\\&quot;#\\&quot;&gt;&lt;span&gt;&lt;\\\/span&gt;&lt;\\\/a&gt;&lt;\\\/div&gt;&lt;div class=\\&quot;envirabox-stage\\&quot;&gt;&lt;\\\/div&gt;&lt;\\\/div&gt;&lt;\\\/div&gt;&lt;\\\/div&gt;&quot;,&quot;load_all&quot;:false,&quot;error_template&quot;:&quot;&lt;div class=\\&quot;envirabox-error\\&quot;&gt;&lt;p&gt;{{ERROR}}&lt;p&gt;&lt;\\\/div&gt;&quot;,&quot;inner_caption&quot;:false,&quot;caption_position&quot;:false,&quot;arrow_position&quot;:false,&quot;toolbar&quot;:true,&quot;infobar&quot;:false,&quot;show_smallbtn&quot;:false,&quot;idle_time&quot;:false,&quot;click_content&quot;:false,&quot;click_slide&quot;:false,&quot;click_outside&quot;:false,&quot;animation_duration&quot;:false,&quot;transition_duration&quot;:false,&quot;small_btn_template&quot;:&quot;&lt;a data-envirabox-close class=\\&quot;envirabox-item envirabox-close envirabox-button--close\\&quot; title=\\&quot;Close\\&quot; href=\\&quot;#\\&quot;&gt;&lt;\\\/a&gt;&quot;}' data-parsed-attrs='{\"id\":\"20702\",\"cache\":true}'><div id=\"envira-gallery-item-20609\" class=\"envira-gallery-item envira-gallery-item-1 envira-lazy-load enviratope-item\" style=\"padding-left: 5px; padding-bottom: 10px; padding-right: 5px;\"  itemscope itemtype=\"https:\/\/schema.org\/ImageObject\"><div class=\"envira-gallery-item-inner\"><div class=\"envira-gallery-position-overlay envira-gallery-top-left\"><\/div><div class=\"envira-gallery-position-overlay envira-gallery-top-right\"><\/div><div class=\"envira-gallery-position-overlay envira-gallery-bottom-left\"><\/div><div class=\"envira-gallery-position-overlay envira-gallery-bottom-right\"><\/div><a class=\"envira-gallery-20702 envira-gallery-link\" href=\"https:\/\/regese.ch\/fussball\/wp-content\/uploads\/2025\/05\/FC-Prishtina-FCK05_28-05-25-1.jpg\" title=\"FC Prishtina - FCK05_28-05-25-1\" data-caption=\"\" data-envira-item-id=\"20609\" data-envira-retina=\"https:\/\/regese.ch\/fussball\/wp-content\/uploads\/2025\/05\/FC-Prishtina-FCK05_28-05-25-1.jpg\" data-thumb=\"https:\/\/regese.ch\/fussball\/wp-content\/uploads\/2025\/05\/FC-Prishtina-FCK05_28-05-25-1-75x50_c.jpg\" data-title=\"FC Prishtina - FCK05_28-05-25-1\" data-envirabox='20702' itemprop=\"contentUrl\"><div class=\"envira-lazy\" style=\"padding-bottom: 75%;\" data-envira-changed=\"false\" data-width=\"640\" data-height=\"480\"><img loading=\"lazy\" decoding=\"async\" src=\"https:\/\/regese.ch\/fussball\/wp-content\/uploads\/2025\/05\/FC-Prishtina-FCK05_28-05-25-1-1536x1024.jpg\" alt=\"\" class=\"envira-gallery-image envira-gallery-image-1    envira-lazy\" height=\"480\" id=\"envira-gallery-image-20609\" srcset=\"data:image\/gif;base64,R0lGODlhAQABAIAAAP\/\/\/\/\/\/\/yH5BAEKAAEALAAAAAABAAEAAAICTAEAOw==\" tabindex=\"-1\" title=\"FC Prishtina - FCK05_28-05-25-1\" width=\"640\" data-caption=\"\" data-envira-gallery-id=\"20702\" data-envira-index=\"0\" data-envira-item-id=\"20609\" data-envira-src=\"https:\/\/regese.ch\/fussball\/wp-content\/uploads\/2025\/05\/FC-Prishtina-FCK05_28-05-25-1-1536x1024.jpg\" data-envira-srcset=\"https:\/\/regese.ch\/fussball\/wp-content\/uploads\/2025\/05\/FC-Prishtina-FCK05_28-05-25-1-1536x1024.jpg 400w, https:\/\/regese.ch\/fussball\/wp-content\/uploads\/2025\/05\/FC-Prishtina-FCK05_28-05-25-1-1536x1024.jpg 2x\" data-title=\"FC Prishtina - FCK05_28-05-25-1\" itemprop=\"thumbnailUrl\"  data-envirabox=\"20702\" \/><\/div><\/a><div class=\"envira-gallery-captioned-data envira-gallery-captioned-data-base\"><\/div><\/div><\/div><div id=\"envira-gallery-item-20610\" class=\"envira-gallery-item envira-gallery-item-2 envira-lazy-load enviratope-item\" style=\"padding-left: 5px; padding-bottom: 10px; padding-right: 5px;\"  itemscope itemtype=\"https:\/\/schema.org\/ImageObject\"><div class=\"envira-gallery-item-inner\"><div class=\"envira-gallery-position-overlay envira-gallery-top-left\"><\/div><div class=\"envira-gallery-position-overlay envira-gallery-top-right\"><\/div><div class=\"envira-gallery-position-overlay envira-gallery-bottom-left\"><\/div><div class=\"envira-gallery-position-overlay envira-gallery-bottom-right\"><\/div><a class=\"envira-gallery-20702 envira-gallery-link\" href=\"https:\/\/regese.ch\/fussball\/wp-content\/uploads\/2025\/05\/FC-Prishtina-FCK05_28-05-25-2.jpg\" title=\"FC Prishtina - FCK05_28-05-25-2\" data-caption=\"\" data-envira-item-id=\"20610\" data-envira-retina=\"https:\/\/regese.ch\/fussball\/wp-content\/uploads\/2025\/05\/FC-Prishtina-FCK05_28-05-25-2.jpg\" data-thumb=\"https:\/\/regese.ch\/fussball\/wp-content\/uploads\/2025\/05\/FC-Prishtina-FCK05_28-05-25-2-75x50_c.jpg\" data-title=\"FC Prishtina - FCK05_28-05-25-2\" data-envirabox='20702' itemprop=\"contentUrl\"><div class=\"envira-lazy\" style=\"padding-bottom: 75%;\" data-envira-changed=\"false\" data-width=\"640\" data-height=\"480\"><img loading=\"lazy\" decoding=\"async\" src=\"https:\/\/regese.ch\/fussball\/wp-content\/uploads\/2025\/05\/FC-Prishtina-FCK05_28-05-25-2-1536x1024.jpg\" alt=\"\" class=\"envira-gallery-image envira-gallery-image-2    envira-lazy\" height=\"480\" id=\"envira-gallery-image-20610\" srcset=\"data:image\/gif;base64,R0lGODlhAQABAIAAAP\/\/\/\/\/\/\/yH5BAEKAAEALAAAAAABAAEAAAICTAEAOw==\" tabindex=\"-1\" title=\"FC Prishtina - FCK05_28-05-25-2\" width=\"640\" data-caption=\"\" data-envira-gallery-id=\"20702\" data-envira-index=\"1\" data-envira-item-id=\"20610\" data-envira-src=\"https:\/\/regese.ch\/fussball\/wp-content\/uploads\/2025\/05\/FC-Prishtina-FCK05_28-05-25-2-1536x1024.jpg\" data-envira-srcset=\"https:\/\/regese.ch\/fussball\/wp-content\/uploads\/2025\/05\/FC-Prishtina-FCK05_28-05-25-2-1536x1024.jpg 400w, https:\/\/regese.ch\/fussball\/wp-content\/uploads\/2025\/05\/FC-Prishtina-FCK05_28-05-25-2-1536x1024.jpg 2x\" data-title=\"FC Prishtina - FCK05_28-05-25-2\" itemprop=\"thumbnailUrl\"  data-envirabox=\"20702\" \/><\/div><\/a><div class=\"envira-gallery-captioned-data envira-gallery-captioned-data-base\"><\/div><\/div><\/div><div id=\"envira-gallery-item-20611\" class=\"envira-gallery-item envira-gallery-item-3 envira-lazy-load enviratope-item\" style=\"padding-left: 5px; padding-bottom: 10px; padding-right: 5px;\"  itemscope itemtype=\"https:\/\/schema.org\/ImageObject\"><div class=\"envira-gallery-item-inner\"><div class=\"envira-gallery-position-overlay envira-gallery-top-left\"><\/div><div class=\"envira-gallery-position-overlay envira-gallery-top-right\"><\/div><div class=\"envira-gallery-position-overlay envira-gallery-bottom-left\"><\/div><div class=\"envira-gallery-position-overlay envira-gallery-bottom-right\"><\/div><a class=\"envira-gallery-20702 envira-gallery-link\" href=\"https:\/\/regese.ch\/fussball\/wp-content\/uploads\/2025\/05\/FC-Prishtina-FCK05_28-05-25-3.jpg\" title=\"FC Prishtina - FCK05_28-05-25-3\" data-caption=\"\" data-envira-item-id=\"20611\" data-envira-retina=\"https:\/\/regese.ch\/fussball\/wp-content\/uploads\/2025\/05\/FC-Prishtina-FCK05_28-05-25-3.jpg\" data-thumb=\"https:\/\/regese.ch\/fussball\/wp-content\/uploads\/2025\/05\/FC-Prishtina-FCK05_28-05-25-3-75x50_c.jpg\" data-title=\"FC Prishtina - FCK05_28-05-25-3\" data-envirabox='20702' itemprop=\"contentUrl\"><div class=\"envira-lazy\" style=\"padding-bottom: 75%;\" data-envira-changed=\"false\" data-width=\"640\" data-height=\"480\"><img loading=\"lazy\" decoding=\"async\" src=\"https:\/\/regese.ch\/fussball\/wp-content\/uploads\/2025\/05\/FC-Prishtina-FCK05_28-05-25-3-1536x1024.jpg\" alt=\"\" class=\"envira-gallery-image envira-gallery-image-3    envira-lazy\" height=\"480\" id=\"envira-gallery-image-20611\" srcset=\"data:image\/gif;base64,R0lGODlhAQABAIAAAP\/\/\/\/\/\/\/yH5BAEKAAEALAAAAAABAAEAAAICTAEAOw==\" tabindex=\"-1\" title=\"FC Prishtina - FCK05_28-05-25-3\" width=\"640\" data-caption=\"\" data-envira-gallery-id=\"20702\" data-envira-index=\"2\" data-envira-item-id=\"20611\" data-envira-src=\"https:\/\/regese.ch\/fussball\/wp-content\/uploads\/2025\/05\/FC-Prishtina-FCK05_28-05-25-3-1536x1024.jpg\" data-envira-srcset=\"https:\/\/regese.ch\/fussball\/wp-content\/uploads\/2025\/05\/FC-Prishtina-FCK05_28-05-25-3-1536x1024.jpg 400w, https:\/\/regese.ch\/fussball\/wp-content\/uploads\/2025\/05\/FC-Prishtina-FCK05_28-05-25-3-1536x1024.jpg 2x\" data-title=\"FC Prishtina - FCK05_28-05-25-3\" itemprop=\"thumbnailUrl\"  data-envirabox=\"20702\" \/><\/div><\/a><div class=\"envira-gallery-captioned-data envira-gallery-captioned-data-base\"><\/div><\/div><\/div><div id=\"envira-gallery-item-20612\" class=\"envira-gallery-item envira-gallery-item-4 envira-lazy-load enviratope-item\" style=\"padding-left: 5px; padding-bottom: 10px; padding-right: 5px;\"  itemscope itemtype=\"https:\/\/schema.org\/ImageObject\"><div class=\"envira-gallery-item-inner\"><div class=\"envira-gallery-position-overlay envira-gallery-top-left\"><\/div><div class=\"envira-gallery-position-overlay envira-gallery-top-right\"><\/div><div class=\"envira-gallery-position-overlay envira-gallery-bottom-left\"><\/div><div class=\"envira-gallery-position-overlay envira-gallery-bottom-right\"><\/div><a class=\"envira-gallery-20702 envira-gallery-link\" href=\"https:\/\/regese.ch\/fussball\/wp-content\/uploads\/2025\/05\/FC-Prishtina-FCK05_28-05-25-4.jpg\" title=\"FC Prishtina - FCK05_28-05-25-4\" data-caption=\"\" data-envira-item-id=\"20612\" data-envira-retina=\"https:\/\/regese.ch\/fussball\/wp-content\/uploads\/2025\/05\/FC-Prishtina-FCK05_28-05-25-4.jpg\" data-thumb=\"https:\/\/regese.ch\/fussball\/wp-content\/uploads\/2025\/05\/FC-Prishtina-FCK05_28-05-25-4-75x50_c.jpg\" data-title=\"FC Prishtina - FCK05_28-05-25-4\" data-envirabox='20702' itemprop=\"contentUrl\"><div class=\"envira-lazy\" style=\"padding-bottom: 75%;\" data-envira-changed=\"false\" data-width=\"640\" data-height=\"480\"><img loading=\"lazy\" decoding=\"async\" src=\"https:\/\/regese.ch\/fussball\/wp-content\/uploads\/2025\/05\/FC-Prishtina-FCK05_28-05-25-4-1536x1024.jpg\" alt=\"\" class=\"envira-gallery-image envira-gallery-image-4    envira-lazy\" height=\"480\" id=\"envira-gallery-image-20612\" srcset=\"data:image\/gif;base64,R0lGODlhAQABAIAAAP\/\/\/\/\/\/\/yH5BAEKAAEALAAAAAABAAEAAAICTAEAOw==\" tabindex=\"-1\" title=\"FC Prishtina - FCK05_28-05-25-4\" width=\"640\" data-caption=\"\" data-envira-gallery-id=\"20702\" data-envira-index=\"3\" data-envira-item-id=\"20612\" data-envira-src=\"https:\/\/regese.ch\/fussball\/wp-content\/uploads\/2025\/05\/FC-Prishtina-FCK05_28-05-25-4-1536x1024.jpg\" data-envira-srcset=\"https:\/\/regese.ch\/fussball\/wp-content\/uploads\/2025\/05\/FC-Prishtina-FCK05_28-05-25-4-1536x1024.jpg 400w, https:\/\/regese.ch\/fussball\/wp-content\/uploads\/2025\/05\/FC-Prishtina-FCK05_28-05-25-4-1536x1024.jpg 2x\" data-title=\"FC Prishtina - FCK05_28-05-25-4\" itemprop=\"thumbnailUrl\"  data-envirabox=\"20702\" \/><\/div><\/a><div class=\"envira-gallery-captioned-data envira-gallery-captioned-data-base\"><\/div><\/div><\/div><div id=\"envira-gallery-item-20613\" class=\"envira-gallery-item envira-gallery-item-5 envira-lazy-load enviratope-item\" style=\"padding-left: 5px; padding-bottom: 10px; padding-right: 5px;\"  itemscope itemtype=\"https:\/\/schema.org\/ImageObject\"><div class=\"envira-gallery-item-inner\"><div class=\"envira-gallery-position-overlay envira-gallery-top-left\"><\/div><div class=\"envira-gallery-position-overlay envira-gallery-top-right\"><\/div><div class=\"envira-gallery-position-overlay envira-gallery-bottom-left\"><\/div><div class=\"envira-gallery-position-overlay envira-gallery-bottom-right\"><\/div><a class=\"envira-gallery-20702 envira-gallery-link\" href=\"https:\/\/regese.ch\/fussball\/wp-content\/uploads\/2025\/05\/FC-Prishtina-FCK05_28-05-25-5.jpg\" title=\"FC Prishtina - FCK05_28-05-25-5\" data-caption=\"\" data-envira-item-id=\"20613\" data-envira-retina=\"https:\/\/regese.ch\/fussball\/wp-content\/uploads\/2025\/05\/FC-Prishtina-FCK05_28-05-25-5.jpg\" data-thumb=\"https:\/\/regese.ch\/fussball\/wp-content\/uploads\/2025\/05\/FC-Prishtina-FCK05_28-05-25-5-75x50_c.jpg\" data-title=\"FC Prishtina - FCK05_28-05-25-5\" data-envirabox='20702' itemprop=\"contentUrl\"><div class=\"envira-lazy\" style=\"padding-bottom: 75%;\" data-envira-changed=\"false\" data-width=\"640\" data-height=\"480\"><img loading=\"lazy\" decoding=\"async\" src=\"https:\/\/regese.ch\/fussball\/wp-content\/uploads\/2025\/05\/FC-Prishtina-FCK05_28-05-25-5-1536x1024.jpg\" alt=\"\" class=\"envira-gallery-image envira-gallery-image-5    envira-lazy\" height=\"480\" id=\"envira-gallery-image-20613\" srcset=\"data:image\/gif;base64,R0lGODlhAQABAIAAAP\/\/\/\/\/\/\/yH5BAEKAAEALAAAAAABAAEAAAICTAEAOw==\" tabindex=\"-1\" title=\"FC Prishtina - FCK05_28-05-25-5\" width=\"640\" data-caption=\"\" data-envira-gallery-id=\"20702\" data-envira-index=\"4\" data-envira-item-id=\"20613\" data-envira-src=\"https:\/\/regese.ch\/fussball\/wp-content\/uploads\/2025\/05\/FC-Prishtina-FCK05_28-05-25-5-1536x1024.jpg\" data-envira-srcset=\"https:\/\/regese.ch\/fussball\/wp-content\/uploads\/2025\/05\/FC-Prishtina-FCK05_28-05-25-5-1536x1024.jpg 400w, https:\/\/regese.ch\/fussball\/wp-content\/uploads\/2025\/05\/FC-Prishtina-FCK05_28-05-25-5-1536x1024.jpg 2x\" data-title=\"FC Prishtina - FCK05_28-05-25-5\" itemprop=\"thumbnailUrl\"  data-envirabox=\"20702\" \/><\/div><\/a><div class=\"envira-gallery-captioned-data envira-gallery-captioned-data-base\"><\/div><\/div><\/div><div id=\"envira-gallery-item-20614\" class=\"envira-gallery-item envira-gallery-item-6 envira-lazy-load enviratope-item\" style=\"padding-left: 5px; padding-bottom: 10px; padding-right: 5px;\"  itemscope itemtype=\"https:\/\/schema.org\/ImageObject\"><div class=\"envira-gallery-item-inner\"><div class=\"envira-gallery-position-overlay envira-gallery-top-left\"><\/div><div class=\"envira-gallery-position-overlay envira-gallery-top-right\"><\/div><div class=\"envira-gallery-position-overlay envira-gallery-bottom-left\"><\/div><div class=\"envira-gallery-position-overlay envira-gallery-bottom-right\"><\/div><a class=\"envira-gallery-20702 envira-gallery-link\" href=\"https:\/\/regese.ch\/fussball\/wp-content\/uploads\/2025\/05\/FC-Prishtina-FCK05_28-05-25-6.jpg\" title=\"FC Prishtina - FCK05_28-05-25-6\" data-caption=\"\" data-envira-item-id=\"20614\" data-envira-retina=\"https:\/\/regese.ch\/fussball\/wp-content\/uploads\/2025\/05\/FC-Prishtina-FCK05_28-05-25-6.jpg\" data-thumb=\"https:\/\/regese.ch\/fussball\/wp-content\/uploads\/2025\/05\/FC-Prishtina-FCK05_28-05-25-6-75x50_c.jpg\" data-title=\"FC Prishtina - FCK05_28-05-25-6\" data-envirabox='20702' itemprop=\"contentUrl\"><div class=\"envira-lazy\" style=\"padding-bottom: 75%;\" data-envira-changed=\"false\" data-width=\"640\" data-height=\"480\"><img loading=\"lazy\" decoding=\"async\" src=\"https:\/\/regese.ch\/fussball\/wp-content\/uploads\/2025\/05\/FC-Prishtina-FCK05_28-05-25-6-1536x1024.jpg\" alt=\"\" class=\"envira-gallery-image envira-gallery-image-6    envira-lazy\" height=\"480\" id=\"envira-gallery-image-20614\" srcset=\"data:image\/gif;base64,R0lGODlhAQABAIAAAP\/\/\/\/\/\/\/yH5BAEKAAEALAAAAAABAAEAAAICTAEAOw==\" tabindex=\"-1\" title=\"FC Prishtina - FCK05_28-05-25-6\" width=\"640\" data-caption=\"\" data-envira-gallery-id=\"20702\" data-envira-index=\"5\" data-envira-item-id=\"20614\" data-envira-src=\"https:\/\/regese.ch\/fussball\/wp-content\/uploads\/2025\/05\/FC-Prishtina-FCK05_28-05-25-6-1536x1024.jpg\" data-envira-srcset=\"https:\/\/regese.ch\/fussball\/wp-content\/uploads\/2025\/05\/FC-Prishtina-FCK05_28-05-25-6-1536x1024.jpg 400w, https:\/\/regese.ch\/fussball\/wp-content\/uploads\/2025\/05\/FC-Prishtina-FCK05_28-05-25-6-1536x1024.jpg 2x\" data-title=\"FC Prishtina - FCK05_28-05-25-6\" itemprop=\"thumbnailUrl\"  data-envirabox=\"20702\" \/><\/div><\/a><div class=\"envira-gallery-captioned-data envira-gallery-captioned-data-base\"><\/div><\/div><\/div><div id=\"envira-gallery-item-20615\" class=\"envira-gallery-item envira-gallery-item-7 envira-lazy-load enviratope-item\" style=\"padding-left: 5px; padding-bottom: 10px; padding-right: 5px;\"  itemscope itemtype=\"https:\/\/schema.org\/ImageObject\"><div class=\"envira-gallery-item-inner\"><div class=\"envira-gallery-position-overlay envira-gallery-top-left\"><\/div><div class=\"envira-gallery-position-overlay envira-gallery-top-right\"><\/div><div class=\"envira-gallery-position-overlay envira-gallery-bottom-left\"><\/div><div class=\"envira-gallery-position-overlay envira-gallery-bottom-right\"><\/div><a class=\"envira-gallery-20702 envira-gallery-link\" href=\"https:\/\/regese.ch\/fussball\/wp-content\/uploads\/2025\/05\/FC-Prishtina-FCK05_28-05-25-7.jpg\" title=\"FC Prishtina - FCK05_28-05-25-7\" data-caption=\"\" data-envira-item-id=\"20615\" data-envira-retina=\"https:\/\/regese.ch\/fussball\/wp-content\/uploads\/2025\/05\/FC-Prishtina-FCK05_28-05-25-7.jpg\" data-thumb=\"https:\/\/regese.ch\/fussball\/wp-content\/uploads\/2025\/05\/FC-Prishtina-FCK05_28-05-25-7-75x50_c.jpg\" data-title=\"FC Prishtina - FCK05_28-05-25-7\" data-envirabox='20702' itemprop=\"contentUrl\"><div class=\"envira-lazy\" style=\"padding-bottom: 75%;\" data-envira-changed=\"false\" data-width=\"640\" data-height=\"480\"><img loading=\"lazy\" decoding=\"async\" src=\"https:\/\/regese.ch\/fussball\/wp-content\/uploads\/2025\/05\/FC-Prishtina-FCK05_28-05-25-7-1536x1024.jpg\" alt=\"\" class=\"envira-gallery-image envira-gallery-image-7    envira-lazy\" height=\"480\" id=\"envira-gallery-image-20615\" srcset=\"data:image\/gif;base64,R0lGODlhAQABAIAAAP\/\/\/\/\/\/\/yH5BAEKAAEALAAAAAABAAEAAAICTAEAOw==\" tabindex=\"-1\" title=\"FC Prishtina - FCK05_28-05-25-7\" width=\"640\" data-caption=\"\" data-envira-gallery-id=\"20702\" data-envira-index=\"6\" data-envira-item-id=\"20615\" data-envira-src=\"https:\/\/regese.ch\/fussball\/wp-content\/uploads\/2025\/05\/FC-Prishtina-FCK05_28-05-25-7-1536x1024.jpg\" data-envira-srcset=\"https:\/\/regese.ch\/fussball\/wp-content\/uploads\/2025\/05\/FC-Prishtina-FCK05_28-05-25-7-1536x1024.jpg 400w, https:\/\/regese.ch\/fussball\/wp-content\/uploads\/2025\/05\/FC-Prishtina-FCK05_28-05-25-7-1536x1024.jpg 2x\" data-title=\"FC Prishtina - FCK05_28-05-25-7\" itemprop=\"thumbnailUrl\"  data-envirabox=\"20702\" \/><\/div><\/a><div class=\"envira-gallery-captioned-data envira-gallery-captioned-data-base\"><\/div><\/div><\/div><div id=\"envira-gallery-item-20616\" class=\"envira-gallery-item envira-gallery-item-8 envira-lazy-load enviratope-item\" style=\"padding-left: 5px; padding-bottom: 10px; padding-right: 5px;\"  itemscope itemtype=\"https:\/\/schema.org\/ImageObject\"><div class=\"envira-gallery-item-inner\"><div class=\"envira-gallery-position-overlay envira-gallery-top-left\"><\/div><div class=\"envira-gallery-position-overlay envira-gallery-top-right\"><\/div><div class=\"envira-gallery-position-overlay envira-gallery-bottom-left\"><\/div><div class=\"envira-gallery-position-overlay envira-gallery-bottom-right\"><\/div><a class=\"envira-gallery-20702 envira-gallery-link\" href=\"https:\/\/regese.ch\/fussball\/wp-content\/uploads\/2025\/05\/FC-Prishtina-FCK05_28-05-25-8.jpg\" title=\"FC Prishtina - FCK05_28-05-25-8\" data-caption=\"\" data-envira-item-id=\"20616\" data-envira-retina=\"https:\/\/regese.ch\/fussball\/wp-content\/uploads\/2025\/05\/FC-Prishtina-FCK05_28-05-25-8.jpg\" data-thumb=\"https:\/\/regese.ch\/fussball\/wp-content\/uploads\/2025\/05\/FC-Prishtina-FCK05_28-05-25-8-75x50_c.jpg\" data-title=\"FC Prishtina - FCK05_28-05-25-8\" data-envirabox='20702' itemprop=\"contentUrl\"><div class=\"envira-lazy\" style=\"padding-bottom: 75%;\" data-envira-changed=\"false\" data-width=\"640\" data-height=\"480\"><img loading=\"lazy\" decoding=\"async\" src=\"https:\/\/regese.ch\/fussball\/wp-content\/uploads\/2025\/05\/FC-Prishtina-FCK05_28-05-25-8-1536x1024.jpg\" alt=\"\" class=\"envira-gallery-image envira-gallery-image-8    envira-lazy\" height=\"480\" id=\"envira-gallery-image-20616\" srcset=\"data:image\/gif;base64,R0lGODlhAQABAIAAAP\/\/\/\/\/\/\/yH5BAEKAAEALAAAAAABAAEAAAICTAEAOw==\" tabindex=\"-1\" title=\"FC Prishtina - FCK05_28-05-25-8\" width=\"640\" data-caption=\"\" data-envira-gallery-id=\"20702\" data-envira-index=\"7\" data-envira-item-id=\"20616\" data-envira-src=\"https:\/\/regese.ch\/fussball\/wp-content\/uploads\/2025\/05\/FC-Prishtina-FCK05_28-05-25-8-1536x1024.jpg\" data-envira-srcset=\"https:\/\/regese.ch\/fussball\/wp-content\/uploads\/2025\/05\/FC-Prishtina-FCK05_28-05-25-8-1536x1024.jpg 400w, https:\/\/regese.ch\/fussball\/wp-content\/uploads\/2025\/05\/FC-Prishtina-FCK05_28-05-25-8-1536x1024.jpg 2x\" data-title=\"FC Prishtina - FCK05_28-05-25-8\" itemprop=\"thumbnailUrl\"  data-envirabox=\"20702\" \/><\/div><\/a><div class=\"envira-gallery-captioned-data envira-gallery-captioned-data-base\"><\/div><\/div><\/div><div id=\"envira-gallery-item-20617\" class=\"envira-gallery-item envira-gallery-item-9 envira-lazy-load enviratope-item\" style=\"padding-left: 5px; padding-bottom: 10px; padding-right: 5px;\"  itemscope itemtype=\"https:\/\/schema.org\/ImageObject\"><div class=\"envira-gallery-item-inner\"><div class=\"envira-gallery-position-overlay envira-gallery-top-left\"><\/div><div class=\"envira-gallery-position-overlay envira-gallery-top-right\"><\/div><div class=\"envira-gallery-position-overlay envira-gallery-bottom-left\"><\/div><div class=\"envira-gallery-position-overlay envira-gallery-bottom-right\"><\/div><a class=\"envira-gallery-20702 envira-gallery-link\" href=\"https:\/\/regese.ch\/fussball\/wp-content\/uploads\/2025\/05\/FC-Prishtina-FCK05_28-05-25-9.jpg\" title=\"FC Prishtina - FCK05_28-05-25-9\" data-caption=\"\" data-envira-item-id=\"20617\" data-envira-retina=\"https:\/\/regese.ch\/fussball\/wp-content\/uploads\/2025\/05\/FC-Prishtina-FCK05_28-05-25-9.jpg\" data-thumb=\"https:\/\/regese.ch\/fussball\/wp-content\/uploads\/2025\/05\/FC-Prishtina-FCK05_28-05-25-9-75x50_c.jpg\" data-title=\"FC Prishtina - FCK05_28-05-25-9\" data-envirabox='20702' itemprop=\"contentUrl\"><div class=\"envira-lazy\" style=\"padding-bottom: 75%;\" data-envira-changed=\"false\" data-width=\"640\" data-height=\"480\"><img loading=\"lazy\" decoding=\"async\" src=\"https:\/\/regese.ch\/fussball\/wp-content\/uploads\/2025\/05\/FC-Prishtina-FCK05_28-05-25-9-1536x1024.jpg\" alt=\"\" class=\"envira-gallery-image envira-gallery-image-9    envira-lazy\" height=\"480\" id=\"envira-gallery-image-20617\" srcset=\"data:image\/gif;base64,R0lGODlhAQABAIAAAP\/\/\/\/\/\/\/yH5BAEKAAEALAAAAAABAAEAAAICTAEAOw==\" tabindex=\"-1\" title=\"FC Prishtina - FCK05_28-05-25-9\" width=\"640\" data-caption=\"\" data-envira-gallery-id=\"20702\" data-envira-index=\"8\" data-envira-item-id=\"20617\" data-envira-src=\"https:\/\/regese.ch\/fussball\/wp-content\/uploads\/2025\/05\/FC-Prishtina-FCK05_28-05-25-9-1536x1024.jpg\" data-envira-srcset=\"https:\/\/regese.ch\/fussball\/wp-content\/uploads\/2025\/05\/FC-Prishtina-FCK05_28-05-25-9-1536x1024.jpg 400w, https:\/\/regese.ch\/fussball\/wp-content\/uploads\/2025\/05\/FC-Prishtina-FCK05_28-05-25-9-1536x1024.jpg 2x\" data-title=\"FC Prishtina - FCK05_28-05-25-9\" itemprop=\"thumbnailUrl\"  data-envirabox=\"20702\" \/><\/div><\/a><div class=\"envira-gallery-captioned-data envira-gallery-captioned-data-base\"><\/div><\/div><\/div><div id=\"envira-gallery-item-20618\" class=\"envira-gallery-item envira-gallery-item-10 envira-lazy-load enviratope-item\" style=\"padding-left: 5px; padding-bottom: 10px; padding-right: 5px;\"  itemscope itemtype=\"https:\/\/schema.org\/ImageObject\"><div class=\"envira-gallery-item-inner\"><div class=\"envira-gallery-position-overlay envira-gallery-top-left\"><\/div><div class=\"envira-gallery-position-overlay envira-gallery-top-right\"><\/div><div class=\"envira-gallery-position-overlay envira-gallery-bottom-left\"><\/div><div class=\"envira-gallery-position-overlay envira-gallery-bottom-right\"><\/div><a class=\"envira-gallery-20702 envira-gallery-link\" href=\"https:\/\/regese.ch\/fussball\/wp-content\/uploads\/2025\/05\/FC-Prishtina-FCK05_28-05-25-10.jpg\" title=\"FC Prishtina - FCK05_28-05-25-10\" data-caption=\"\" data-envira-item-id=\"20618\" data-envira-retina=\"https:\/\/regese.ch\/fussball\/wp-content\/uploads\/2025\/05\/FC-Prishtina-FCK05_28-05-25-10.jpg\" data-thumb=\"https:\/\/regese.ch\/fussball\/wp-content\/uploads\/2025\/05\/FC-Prishtina-FCK05_28-05-25-10-75x50_c.jpg\" data-title=\"FC Prishtina - FCK05_28-05-25-10\" data-envirabox='20702' itemprop=\"contentUrl\"><div class=\"envira-lazy\" style=\"padding-bottom: 75%;\" data-envira-changed=\"false\" data-width=\"640\" data-height=\"480\"><img loading=\"lazy\" decoding=\"async\" src=\"https:\/\/regese.ch\/fussball\/wp-content\/uploads\/2025\/05\/FC-Prishtina-FCK05_28-05-25-10-1536x1024.jpg\" alt=\"\" class=\"envira-gallery-image envira-gallery-image-10    envira-lazy\" height=\"480\" id=\"envira-gallery-image-20618\" srcset=\"data:image\/gif;base64,R0lGODlhAQABAIAAAP\/\/\/\/\/\/\/yH5BAEKAAEALAAAAAABAAEAAAICTAEAOw==\" tabindex=\"-1\" title=\"FC Prishtina - FCK05_28-05-25-10\" width=\"640\" data-caption=\"\" data-envira-gallery-id=\"20702\" data-envira-index=\"9\" data-envira-item-id=\"20618\" data-envira-src=\"https:\/\/regese.ch\/fussball\/wp-content\/uploads\/2025\/05\/FC-Prishtina-FCK05_28-05-25-10-1536x1024.jpg\" data-envira-srcset=\"https:\/\/regese.ch\/fussball\/wp-content\/uploads\/2025\/05\/FC-Prishtina-FCK05_28-05-25-10-1536x1024.jpg 400w, https:\/\/regese.ch\/fussball\/wp-content\/uploads\/2025\/05\/FC-Prishtina-FCK05_28-05-25-10-1536x1024.jpg 2x\" data-title=\"FC Prishtina - FCK05_28-05-25-10\" itemprop=\"thumbnailUrl\"  data-envirabox=\"20702\" \/><\/div><\/a><div class=\"envira-gallery-captioned-data envira-gallery-captioned-data-base\"><\/div><\/div><\/div><div id=\"envira-gallery-item-20619\" class=\"envira-gallery-item envira-gallery-item-11 envira-lazy-load enviratope-item\" style=\"padding-left: 5px; padding-bottom: 10px; padding-right: 5px;\"  itemscope itemtype=\"https:\/\/schema.org\/ImageObject\"><div class=\"envira-gallery-item-inner\"><div class=\"envira-gallery-position-overlay envira-gallery-top-left\"><\/div><div class=\"envira-gallery-position-overlay envira-gallery-top-right\"><\/div><div class=\"envira-gallery-position-overlay envira-gallery-bottom-left\"><\/div><div class=\"envira-gallery-position-overlay envira-gallery-bottom-right\"><\/div><a class=\"envira-gallery-20702 envira-gallery-link\" href=\"https:\/\/regese.ch\/fussball\/wp-content\/uploads\/2025\/05\/FC-Prishtina-FCK05_28-05-25-11.jpg\" title=\"FC Prishtina - FCK05_28-05-25-11\" data-caption=\"\" data-envira-item-id=\"20619\" data-envira-retina=\"https:\/\/regese.ch\/fussball\/wp-content\/uploads\/2025\/05\/FC-Prishtina-FCK05_28-05-25-11.jpg\" data-thumb=\"https:\/\/regese.ch\/fussball\/wp-content\/uploads\/2025\/05\/FC-Prishtina-FCK05_28-05-25-11-75x50_c.jpg\" data-title=\"FC Prishtina - FCK05_28-05-25-11\" data-envirabox='20702' itemprop=\"contentUrl\"><div class=\"envira-lazy\" style=\"padding-bottom: 75%;\" data-envira-changed=\"false\" data-width=\"640\" data-height=\"480\"><img loading=\"lazy\" decoding=\"async\" src=\"https:\/\/regese.ch\/fussball\/wp-content\/uploads\/2025\/05\/FC-Prishtina-FCK05_28-05-25-11-1536x1024.jpg\" alt=\"\" class=\"envira-gallery-image envira-gallery-image-11    envira-lazy\" height=\"480\" id=\"envira-gallery-image-20619\" srcset=\"data:image\/gif;base64,R0lGODlhAQABAIAAAP\/\/\/\/\/\/\/yH5BAEKAAEALAAAAAABAAEAAAICTAEAOw==\" tabindex=\"-1\" title=\"FC Prishtina - FCK05_28-05-25-11\" width=\"640\" data-caption=\"\" data-envira-gallery-id=\"20702\" data-envira-index=\"10\" data-envira-item-id=\"20619\" data-envira-src=\"https:\/\/regese.ch\/fussball\/wp-content\/uploads\/2025\/05\/FC-Prishtina-FCK05_28-05-25-11-1536x1024.jpg\" data-envira-srcset=\"https:\/\/regese.ch\/fussball\/wp-content\/uploads\/2025\/05\/FC-Prishtina-FCK05_28-05-25-11-1536x1024.jpg 400w, https:\/\/regese.ch\/fussball\/wp-content\/uploads\/2025\/05\/FC-Prishtina-FCK05_28-05-25-11-1536x1024.jpg 2x\" data-title=\"FC Prishtina - FCK05_28-05-25-11\" itemprop=\"thumbnailUrl\"  data-envirabox=\"20702\" \/><\/div><\/a><div class=\"envira-gallery-captioned-data envira-gallery-captioned-data-base\"><\/div><\/div><\/div><div id=\"envira-gallery-item-20620\" class=\"envira-gallery-item envira-gallery-item-12 envira-lazy-load enviratope-item\" style=\"padding-left: 5px; padding-bottom: 10px; padding-right: 5px;\"  itemscope itemtype=\"https:\/\/schema.org\/ImageObject\"><div class=\"envira-gallery-item-inner\"><div class=\"envira-gallery-position-overlay envira-gallery-top-left\"><\/div><div class=\"envira-gallery-position-overlay envira-gallery-top-right\"><\/div><div class=\"envira-gallery-position-overlay envira-gallery-bottom-left\"><\/div><div class=\"envira-gallery-position-overlay envira-gallery-bottom-right\"><\/div><a class=\"envira-gallery-20702 envira-gallery-link\" href=\"https:\/\/regese.ch\/fussball\/wp-content\/uploads\/2025\/05\/FC-Prishtina-FCK05_28-05-25-12.jpg\" title=\"FC Prishtina - FCK05_28-05-25-12\" data-caption=\"\" data-envira-item-id=\"20620\" data-envira-retina=\"https:\/\/regese.ch\/fussball\/wp-content\/uploads\/2025\/05\/FC-Prishtina-FCK05_28-05-25-12.jpg\" data-thumb=\"https:\/\/regese.ch\/fussball\/wp-content\/uploads\/2025\/05\/FC-Prishtina-FCK05_28-05-25-12-75x50_c.jpg\" data-title=\"FC Prishtina - FCK05_28-05-25-12\" data-envirabox='20702' itemprop=\"contentUrl\"><div class=\"envira-lazy\" style=\"padding-bottom: 75%;\" data-envira-changed=\"false\" data-width=\"640\" data-height=\"480\"><img loading=\"lazy\" decoding=\"async\" src=\"https:\/\/regese.ch\/fussball\/wp-content\/uploads\/2025\/05\/FC-Prishtina-FCK05_28-05-25-12-1536x1024.jpg\" alt=\"\" class=\"envira-gallery-image envira-gallery-image-12    envira-lazy\" height=\"480\" id=\"envira-gallery-image-20620\" srcset=\"data:image\/gif;base64,R0lGODlhAQABAIAAAP\/\/\/\/\/\/\/yH5BAEKAAEALAAAAAABAAEAAAICTAEAOw==\" tabindex=\"-1\" title=\"FC Prishtina - FCK05_28-05-25-12\" width=\"640\" data-caption=\"\" data-envira-gallery-id=\"20702\" data-envira-index=\"11\" data-envira-item-id=\"20620\" data-envira-src=\"https:\/\/regese.ch\/fussball\/wp-content\/uploads\/2025\/05\/FC-Prishtina-FCK05_28-05-25-12-1536x1024.jpg\" data-envira-srcset=\"https:\/\/regese.ch\/fussball\/wp-content\/uploads\/2025\/05\/FC-Prishtina-FCK05_28-05-25-12-1536x1024.jpg 400w, https:\/\/regese.ch\/fussball\/wp-content\/uploads\/2025\/05\/FC-Prishtina-FCK05_28-05-25-12-1536x1024.jpg 2x\" data-title=\"FC Prishtina - FCK05_28-05-25-12\" itemprop=\"thumbnailUrl\"  data-envirabox=\"20702\" \/><\/div><\/a><div class=\"envira-gallery-captioned-data envira-gallery-captioned-data-base\"><\/div><\/div><\/div><div id=\"envira-gallery-item-20621\" class=\"envira-gallery-item envira-gallery-item-13 envira-lazy-load enviratope-item\" style=\"padding-left: 5px; padding-bottom: 10px; padding-right: 5px;\"  itemscope itemtype=\"https:\/\/schema.org\/ImageObject\"><div class=\"envira-gallery-item-inner\"><div class=\"envira-gallery-position-overlay envira-gallery-top-left\"><\/div><div class=\"envira-gallery-position-overlay envira-gallery-top-right\"><\/div><div class=\"envira-gallery-position-overlay envira-gallery-bottom-left\"><\/div><div class=\"envira-gallery-position-overlay envira-gallery-bottom-right\"><\/div><a class=\"envira-gallery-20702 envira-gallery-link\" href=\"https:\/\/regese.ch\/fussball\/wp-content\/uploads\/2025\/05\/FC-Prishtina-FCK05_28-05-25-13.jpg\" title=\"FC Prishtina - FCK05_28-05-25-13\" data-caption=\"\" data-envira-item-id=\"20621\" data-envira-retina=\"https:\/\/regese.ch\/fussball\/wp-content\/uploads\/2025\/05\/FC-Prishtina-FCK05_28-05-25-13.jpg\" data-thumb=\"https:\/\/regese.ch\/fussball\/wp-content\/uploads\/2025\/05\/FC-Prishtina-FCK05_28-05-25-13-75x50_c.jpg\" data-title=\"FC Prishtina - FCK05_28-05-25-13\" data-envirabox='20702' itemprop=\"contentUrl\"><div class=\"envira-lazy\" style=\"padding-bottom: 75%;\" data-envira-changed=\"false\" data-width=\"640\" data-height=\"480\"><img loading=\"lazy\" decoding=\"async\" src=\"https:\/\/regese.ch\/fussball\/wp-content\/uploads\/2025\/05\/FC-Prishtina-FCK05_28-05-25-13-1536x1024.jpg\" alt=\"\" class=\"envira-gallery-image envira-gallery-image-13    envira-lazy\" height=\"480\" id=\"envira-gallery-image-20621\" srcset=\"data:image\/gif;base64,R0lGODlhAQABAIAAAP\/\/\/\/\/\/\/yH5BAEKAAEALAAAAAABAAEAAAICTAEAOw==\" tabindex=\"-1\" title=\"FC Prishtina - FCK05_28-05-25-13\" width=\"640\" data-caption=\"\" data-envira-gallery-id=\"20702\" data-envira-index=\"12\" data-envira-item-id=\"20621\" data-envira-src=\"https:\/\/regese.ch\/fussball\/wp-content\/uploads\/2025\/05\/FC-Prishtina-FCK05_28-05-25-13-1536x1024.jpg\" data-envira-srcset=\"https:\/\/regese.ch\/fussball\/wp-content\/uploads\/2025\/05\/FC-Prishtina-FCK05_28-05-25-13-1536x1024.jpg 400w, https:\/\/regese.ch\/fussball\/wp-content\/uploads\/2025\/05\/FC-Prishtina-FCK05_28-05-25-13-1536x1024.jpg 2x\" data-title=\"FC Prishtina - FCK05_28-05-25-13\" itemprop=\"thumbnailUrl\"  data-envirabox=\"20702\" \/><\/div><\/a><div class=\"envira-gallery-captioned-data envira-gallery-captioned-data-base\"><\/div><\/div><\/div><div id=\"envira-gallery-item-20622\" class=\"envira-gallery-item envira-gallery-item-14 envira-lazy-load enviratope-item\" style=\"padding-left: 5px; padding-bottom: 10px; padding-right: 5px;\"  itemscope itemtype=\"https:\/\/schema.org\/ImageObject\"><div class=\"envira-gallery-item-inner\"><div class=\"envira-gallery-position-overlay envira-gallery-top-left\"><\/div><div class=\"envira-gallery-position-overlay envira-gallery-top-right\"><\/div><div class=\"envira-gallery-position-overlay envira-gallery-bottom-left\"><\/div><div class=\"envira-gallery-position-overlay envira-gallery-bottom-right\"><\/div><a class=\"envira-gallery-20702 envira-gallery-link\" href=\"https:\/\/regese.ch\/fussball\/wp-content\/uploads\/2025\/05\/FC-Prishtina-FCK05_28-05-25-14.jpg\" title=\"FC Prishtina - FCK05_28-05-25-14\" data-caption=\"\" data-envira-item-id=\"20622\" data-envira-retina=\"https:\/\/regese.ch\/fussball\/wp-content\/uploads\/2025\/05\/FC-Prishtina-FCK05_28-05-25-14.jpg\" data-thumb=\"https:\/\/regese.ch\/fussball\/wp-content\/uploads\/2025\/05\/FC-Prishtina-FCK05_28-05-25-14-75x50_c.jpg\" data-title=\"FC Prishtina - FCK05_28-05-25-14\" data-envirabox='20702' itemprop=\"contentUrl\"><div class=\"envira-lazy\" style=\"padding-bottom: 75%;\" data-envira-changed=\"false\" data-width=\"640\" data-height=\"480\"><img loading=\"lazy\" decoding=\"async\" src=\"https:\/\/regese.ch\/fussball\/wp-content\/uploads\/2025\/05\/FC-Prishtina-FCK05_28-05-25-14-1536x1024.jpg\" alt=\"\" class=\"envira-gallery-image envira-gallery-image-14    envira-lazy\" height=\"480\" id=\"envira-gallery-image-20622\" srcset=\"data:image\/gif;base64,R0lGODlhAQABAIAAAP\/\/\/\/\/\/\/yH5BAEKAAEALAAAAAABAAEAAAICTAEAOw==\" tabindex=\"-1\" title=\"FC Prishtina - FCK05_28-05-25-14\" width=\"640\" data-caption=\"\" data-envira-gallery-id=\"20702\" data-envira-index=\"13\" data-envira-item-id=\"20622\" data-envira-src=\"https:\/\/regese.ch\/fussball\/wp-content\/uploads\/2025\/05\/FC-Prishtina-FCK05_28-05-25-14-1536x1024.jpg\" data-envira-srcset=\"https:\/\/regese.ch\/fussball\/wp-content\/uploads\/2025\/05\/FC-Prishtina-FCK05_28-05-25-14-1536x1024.jpg 400w, https:\/\/regese.ch\/fussball\/wp-content\/uploads\/2025\/05\/FC-Prishtina-FCK05_28-05-25-14-1536x1024.jpg 2x\" data-title=\"FC Prishtina - FCK05_28-05-25-14\" itemprop=\"thumbnailUrl\"  data-envirabox=\"20702\" \/><\/div><\/a><div class=\"envira-gallery-captioned-data envira-gallery-captioned-data-base\"><\/div><\/div><\/div><div id=\"envira-gallery-item-20623\" class=\"envira-gallery-item envira-gallery-item-15 envira-lazy-load enviratope-item\" style=\"padding-left: 5px; padding-bottom: 10px; padding-right: 5px;\"  itemscope itemtype=\"https:\/\/schema.org\/ImageObject\"><div class=\"envira-gallery-item-inner\"><div class=\"envira-gallery-position-overlay envira-gallery-top-left\"><\/div><div class=\"envira-gallery-position-overlay envira-gallery-top-right\"><\/div><div class=\"envira-gallery-position-overlay envira-gallery-bottom-left\"><\/div><div class=\"envira-gallery-position-overlay envira-gallery-bottom-right\"><\/div><a class=\"envira-gallery-20702 envira-gallery-link\" href=\"https:\/\/regese.ch\/fussball\/wp-content\/uploads\/2025\/05\/FC-Prishtina-FCK05_28-05-25-15.jpg\" title=\"FC Prishtina - FCK05_28-05-25-15\" data-caption=\"\" data-envira-item-id=\"20623\" data-envira-retina=\"https:\/\/regese.ch\/fussball\/wp-content\/uploads\/2025\/05\/FC-Prishtina-FCK05_28-05-25-15.jpg\" data-thumb=\"https:\/\/regese.ch\/fussball\/wp-content\/uploads\/2025\/05\/FC-Prishtina-FCK05_28-05-25-15-75x50_c.jpg\" data-title=\"FC Prishtina - FCK05_28-05-25-15\" data-envirabox='20702' itemprop=\"contentUrl\"><div class=\"envira-lazy\" style=\"padding-bottom: 75%;\" data-envira-changed=\"false\" data-width=\"640\" data-height=\"480\"><img loading=\"lazy\" decoding=\"async\" src=\"https:\/\/regese.ch\/fussball\/wp-content\/uploads\/2025\/05\/FC-Prishtina-FCK05_28-05-25-15-1536x1024.jpg\" alt=\"\" class=\"envira-gallery-image envira-gallery-image-15    envira-lazy\" height=\"480\" id=\"envira-gallery-image-20623\" srcset=\"data:image\/gif;base64,R0lGODlhAQABAIAAAP\/\/\/\/\/\/\/yH5BAEKAAEALAAAAAABAAEAAAICTAEAOw==\" tabindex=\"-1\" title=\"FC Prishtina - FCK05_28-05-25-15\" width=\"640\" data-caption=\"\" data-envira-gallery-id=\"20702\" data-envira-index=\"14\" data-envira-item-id=\"20623\" data-envira-src=\"https:\/\/regese.ch\/fussball\/wp-content\/uploads\/2025\/05\/FC-Prishtina-FCK05_28-05-25-15-1536x1024.jpg\" data-envira-srcset=\"https:\/\/regese.ch\/fussball\/wp-content\/uploads\/2025\/05\/FC-Prishtina-FCK05_28-05-25-15-1536x1024.jpg 400w, https:\/\/regese.ch\/fussball\/wp-content\/uploads\/2025\/05\/FC-Prishtina-FCK05_28-05-25-15-1536x1024.jpg 2x\" data-title=\"FC Prishtina - FCK05_28-05-25-15\" itemprop=\"thumbnailUrl\"  data-envirabox=\"20702\" \/><\/div><\/a><div class=\"envira-gallery-captioned-data envira-gallery-captioned-data-base\"><\/div><\/div><\/div><div id=\"envira-gallery-item-20624\" class=\"envira-gallery-item envira-gallery-item-16 envira-lazy-load enviratope-item\" style=\"padding-left: 5px; padding-bottom: 10px; padding-right: 5px;\"  itemscope itemtype=\"https:\/\/schema.org\/ImageObject\"><div class=\"envira-gallery-item-inner\"><div class=\"envira-gallery-position-overlay envira-gallery-top-left\"><\/div><div class=\"envira-gallery-position-overlay envira-gallery-top-right\"><\/div><div class=\"envira-gallery-position-overlay envira-gallery-bottom-left\"><\/div><div class=\"envira-gallery-position-overlay envira-gallery-bottom-right\"><\/div><a class=\"envira-gallery-20702 envira-gallery-link\" href=\"https:\/\/regese.ch\/fussball\/wp-content\/uploads\/2025\/05\/FC-Prishtina-FCK05_28-05-25-16.jpg\" title=\"FC Prishtina - FCK05_28-05-25-16\" data-caption=\"\" data-envira-item-id=\"20624\" data-envira-retina=\"https:\/\/regese.ch\/fussball\/wp-content\/uploads\/2025\/05\/FC-Prishtina-FCK05_28-05-25-16.jpg\" data-thumb=\"https:\/\/regese.ch\/fussball\/wp-content\/uploads\/2025\/05\/FC-Prishtina-FCK05_28-05-25-16-75x50_c.jpg\" data-title=\"FC Prishtina - FCK05_28-05-25-16\" data-envirabox='20702' itemprop=\"contentUrl\"><div class=\"envira-lazy\" style=\"padding-bottom: 75%;\" data-envira-changed=\"false\" data-width=\"640\" data-height=\"480\"><img loading=\"lazy\" decoding=\"async\" src=\"https:\/\/regese.ch\/fussball\/wp-content\/uploads\/2025\/05\/FC-Prishtina-FCK05_28-05-25-16-1536x1024.jpg\" alt=\"\" class=\"envira-gallery-image envira-gallery-image-16    envira-lazy\" height=\"480\" id=\"envira-gallery-image-20624\" srcset=\"data:image\/gif;base64,R0lGODlhAQABAIAAAP\/\/\/\/\/\/\/yH5BAEKAAEALAAAAAABAAEAAAICTAEAOw==\" tabindex=\"-1\" title=\"FC Prishtina - FCK05_28-05-25-16\" width=\"640\" data-caption=\"\" data-envira-gallery-id=\"20702\" data-envira-index=\"15\" data-envira-item-id=\"20624\" data-envira-src=\"https:\/\/regese.ch\/fussball\/wp-content\/uploads\/2025\/05\/FC-Prishtina-FCK05_28-05-25-16-1536x1024.jpg\" data-envira-srcset=\"https:\/\/regese.ch\/fussball\/wp-content\/uploads\/2025\/05\/FC-Prishtina-FCK05_28-05-25-16-1536x1024.jpg 400w, https:\/\/regese.ch\/fussball\/wp-content\/uploads\/2025\/05\/FC-Prishtina-FCK05_28-05-25-16-1536x1024.jpg 2x\" data-title=\"FC Prishtina - FCK05_28-05-25-16\" itemprop=\"thumbnailUrl\"  data-envirabox=\"20702\" \/><\/div><\/a><div class=\"envira-gallery-captioned-data envira-gallery-captioned-data-base\"><\/div><\/div><\/div><div id=\"envira-gallery-item-20625\" class=\"envira-gallery-item envira-gallery-item-17 envira-lazy-load enviratope-item\" style=\"padding-left: 5px; padding-bottom: 10px; padding-right: 5px;\"  itemscope itemtype=\"https:\/\/schema.org\/ImageObject\"><div class=\"envira-gallery-item-inner\"><div class=\"envira-gallery-position-overlay envira-gallery-top-left\"><\/div><div class=\"envira-gallery-position-overlay envira-gallery-top-right\"><\/div><div class=\"envira-gallery-position-overlay envira-gallery-bottom-left\"><\/div><div class=\"envira-gallery-position-overlay envira-gallery-bottom-right\"><\/div><a class=\"envira-gallery-20702 envira-gallery-link\" href=\"https:\/\/regese.ch\/fussball\/wp-content\/uploads\/2025\/05\/FC-Prishtina-FCK05_28-05-25-17.jpg\" title=\"FC Prishtina - FCK05_28-05-25-17\" data-caption=\"\" data-envira-item-id=\"20625\" data-envira-retina=\"https:\/\/regese.ch\/fussball\/wp-content\/uploads\/2025\/05\/FC-Prishtina-FCK05_28-05-25-17.jpg\" data-thumb=\"https:\/\/regese.ch\/fussball\/wp-content\/uploads\/2025\/05\/FC-Prishtina-FCK05_28-05-25-17-75x50_c.jpg\" data-title=\"FC Prishtina - FCK05_28-05-25-17\" data-envirabox='20702' itemprop=\"contentUrl\"><div class=\"envira-lazy\" style=\"padding-bottom: 75%;\" data-envira-changed=\"false\" data-width=\"640\" data-height=\"480\"><img loading=\"lazy\" decoding=\"async\" src=\"https:\/\/regese.ch\/fussball\/wp-content\/uploads\/2025\/05\/FC-Prishtina-FCK05_28-05-25-17-1536x1024.jpg\" alt=\"\" class=\"envira-gallery-image envira-gallery-image-17    envira-lazy\" height=\"480\" id=\"envira-gallery-image-20625\" srcset=\"data:image\/gif;base64,R0lGODlhAQABAIAAAP\/\/\/\/\/\/\/yH5BAEKAAEALAAAAAABAAEAAAICTAEAOw==\" tabindex=\"-1\" title=\"FC Prishtina - FCK05_28-05-25-17\" width=\"640\" data-caption=\"\" data-envira-gallery-id=\"20702\" data-envira-index=\"16\" data-envira-item-id=\"20625\" data-envira-src=\"https:\/\/regese.ch\/fussball\/wp-content\/uploads\/2025\/05\/FC-Prishtina-FCK05_28-05-25-17-1536x1024.jpg\" data-envira-srcset=\"https:\/\/regese.ch\/fussball\/wp-content\/uploads\/2025\/05\/FC-Prishtina-FCK05_28-05-25-17-1536x1024.jpg 400w, https:\/\/regese.ch\/fussball\/wp-content\/uploads\/2025\/05\/FC-Prishtina-FCK05_28-05-25-17-1536x1024.jpg 2x\" data-title=\"FC Prishtina - FCK05_28-05-25-17\" itemprop=\"thumbnailUrl\"  data-envirabox=\"20702\" \/><\/div><\/a><div class=\"envira-gallery-captioned-data envira-gallery-captioned-data-base\"><\/div><\/div><\/div><div id=\"envira-gallery-item-20626\" class=\"envira-gallery-item envira-gallery-item-18 envira-lazy-load enviratope-item\" style=\"padding-left: 5px; padding-bottom: 10px; padding-right: 5px;\"  itemscope itemtype=\"https:\/\/schema.org\/ImageObject\"><div class=\"envira-gallery-item-inner\"><div class=\"envira-gallery-position-overlay envira-gallery-top-left\"><\/div><div class=\"envira-gallery-position-overlay envira-gallery-top-right\"><\/div><div class=\"envira-gallery-position-overlay envira-gallery-bottom-left\"><\/div><div class=\"envira-gallery-position-overlay envira-gallery-bottom-right\"><\/div><a class=\"envira-gallery-20702 envira-gallery-link\" href=\"https:\/\/regese.ch\/fussball\/wp-content\/uploads\/2025\/05\/FC-Prishtina-FCK05_28-05-25-18.jpg\" title=\"FC Prishtina - FCK05_28-05-25-18\" data-caption=\"\" data-envira-item-id=\"20626\" data-envira-retina=\"https:\/\/regese.ch\/fussball\/wp-content\/uploads\/2025\/05\/FC-Prishtina-FCK05_28-05-25-18.jpg\" data-thumb=\"https:\/\/regese.ch\/fussball\/wp-content\/uploads\/2025\/05\/FC-Prishtina-FCK05_28-05-25-18-75x50_c.jpg\" data-title=\"FC Prishtina - FCK05_28-05-25-18\" data-envirabox='20702' itemprop=\"contentUrl\"><div class=\"envira-lazy\" style=\"padding-bottom: 75%;\" data-envira-changed=\"false\" data-width=\"640\" data-height=\"480\"><img loading=\"lazy\" decoding=\"async\" src=\"https:\/\/regese.ch\/fussball\/wp-content\/uploads\/2025\/05\/FC-Prishtina-FCK05_28-05-25-18-1536x1024.jpg\" alt=\"\" class=\"envira-gallery-image envira-gallery-image-18    envira-lazy\" height=\"480\" id=\"envira-gallery-image-20626\" srcset=\"data:image\/gif;base64,R0lGODlhAQABAIAAAP\/\/\/\/\/\/\/yH5BAEKAAEALAAAAAABAAEAAAICTAEAOw==\" tabindex=\"-1\" title=\"FC Prishtina - FCK05_28-05-25-18\" width=\"640\" data-caption=\"\" data-envira-gallery-id=\"20702\" data-envira-index=\"17\" data-envira-item-id=\"20626\" data-envira-src=\"https:\/\/regese.ch\/fussball\/wp-content\/uploads\/2025\/05\/FC-Prishtina-FCK05_28-05-25-18-1536x1024.jpg\" data-envira-srcset=\"https:\/\/regese.ch\/fussball\/wp-content\/uploads\/2025\/05\/FC-Prishtina-FCK05_28-05-25-18-1536x1024.jpg 400w, https:\/\/regese.ch\/fussball\/wp-content\/uploads\/2025\/05\/FC-Prishtina-FCK05_28-05-25-18-1536x1024.jpg 2x\" data-title=\"FC Prishtina - FCK05_28-05-25-18\" itemprop=\"thumbnailUrl\"  data-envirabox=\"20702\" \/><\/div><\/a><div class=\"envira-gallery-captioned-data envira-gallery-captioned-data-base\"><\/div><\/div><\/div><div id=\"envira-gallery-item-20627\" class=\"envira-gallery-item envira-gallery-item-19 envira-lazy-load enviratope-item\" style=\"padding-left: 5px; padding-bottom: 10px; padding-right: 5px;\"  itemscope itemtype=\"https:\/\/schema.org\/ImageObject\"><div class=\"envira-gallery-item-inner\"><div class=\"envira-gallery-position-overlay envira-gallery-top-left\"><\/div><div class=\"envira-gallery-position-overlay envira-gallery-top-right\"><\/div><div class=\"envira-gallery-position-overlay envira-gallery-bottom-left\"><\/div><div class=\"envira-gallery-position-overlay envira-gallery-bottom-right\"><\/div><a class=\"envira-gallery-20702 envira-gallery-link\" href=\"https:\/\/regese.ch\/fussball\/wp-content\/uploads\/2025\/05\/FC-Prishtina-FCK05_28-05-25-19.jpg\" title=\"FC Prishtina - FCK05_28-05-25-19\" data-caption=\"\" data-envira-item-id=\"20627\" data-envira-retina=\"https:\/\/regese.ch\/fussball\/wp-content\/uploads\/2025\/05\/FC-Prishtina-FCK05_28-05-25-19.jpg\" data-thumb=\"https:\/\/regese.ch\/fussball\/wp-content\/uploads\/2025\/05\/FC-Prishtina-FCK05_28-05-25-19-75x50_c.jpg\" data-title=\"FC Prishtina - FCK05_28-05-25-19\" data-envirabox='20702' itemprop=\"contentUrl\"><div class=\"envira-lazy\" style=\"padding-bottom: 75%;\" data-envira-changed=\"false\" data-width=\"640\" data-height=\"480\"><img loading=\"lazy\" decoding=\"async\" src=\"https:\/\/regese.ch\/fussball\/wp-content\/uploads\/2025\/05\/FC-Prishtina-FCK05_28-05-25-19-1536x1024.jpg\" alt=\"\" class=\"envira-gallery-image envira-gallery-image-19    envira-lazy\" height=\"480\" id=\"envira-gallery-image-20627\" srcset=\"data:image\/gif;base64,R0lGODlhAQABAIAAAP\/\/\/\/\/\/\/yH5BAEKAAEALAAAAAABAAEAAAICTAEAOw==\" tabindex=\"-1\" title=\"FC Prishtina - FCK05_28-05-25-19\" width=\"640\" data-caption=\"\" data-envira-gallery-id=\"20702\" data-envira-index=\"18\" data-envira-item-id=\"20627\" data-envira-src=\"https:\/\/regese.ch\/fussball\/wp-content\/uploads\/2025\/05\/FC-Prishtina-FCK05_28-05-25-19-1536x1024.jpg\" data-envira-srcset=\"https:\/\/regese.ch\/fussball\/wp-content\/uploads\/2025\/05\/FC-Prishtina-FCK05_28-05-25-19-1536x1024.jpg 400w, https:\/\/regese.ch\/fussball\/wp-content\/uploads\/2025\/05\/FC-Prishtina-FCK05_28-05-25-19-1536x1024.jpg 2x\" data-title=\"FC Prishtina - FCK05_28-05-25-19\" itemprop=\"thumbnailUrl\"  data-envirabox=\"20702\" \/><\/div><\/a><div class=\"envira-gallery-captioned-data envira-gallery-captioned-data-base\"><\/div><\/div><\/div><div id=\"envira-gallery-item-20628\" class=\"envira-gallery-item envira-gallery-item-20 envira-lazy-load enviratope-item\" style=\"padding-left: 5px; padding-bottom: 10px; padding-right: 5px;\"  itemscope itemtype=\"https:\/\/schema.org\/ImageObject\"><div class=\"envira-gallery-item-inner\"><div class=\"envira-gallery-position-overlay envira-gallery-top-left\"><\/div><div class=\"envira-gallery-position-overlay envira-gallery-top-right\"><\/div><div class=\"envira-gallery-position-overlay envira-gallery-bottom-left\"><\/div><div class=\"envira-gallery-position-overlay envira-gallery-bottom-right\"><\/div><a class=\"envira-gallery-20702 envira-gallery-link\" href=\"https:\/\/regese.ch\/fussball\/wp-content\/uploads\/2025\/05\/FC-Prishtina-FCK05_28-05-25-20.jpg\" title=\"FC Prishtina - FCK05_28-05-25-20\" data-caption=\"\" data-envira-item-id=\"20628\" data-envira-retina=\"https:\/\/regese.ch\/fussball\/wp-content\/uploads\/2025\/05\/FC-Prishtina-FCK05_28-05-25-20.jpg\" data-thumb=\"https:\/\/regese.ch\/fussball\/wp-content\/uploads\/2025\/05\/FC-Prishtina-FCK05_28-05-25-20-75x50_c.jpg\" data-title=\"FC Prishtina - FCK05_28-05-25-20\" data-envirabox='20702' itemprop=\"contentUrl\"><div class=\"envira-lazy\" style=\"padding-bottom: 75%;\" data-envira-changed=\"false\" data-width=\"640\" data-height=\"480\"><img loading=\"lazy\" decoding=\"async\" src=\"https:\/\/regese.ch\/fussball\/wp-content\/uploads\/2025\/05\/FC-Prishtina-FCK05_28-05-25-20-1536x1024.jpg\" alt=\"\" class=\"envira-gallery-image envira-gallery-image-20    envira-lazy\" height=\"480\" id=\"envira-gallery-image-20628\" srcset=\"data:image\/gif;base64,R0lGODlhAQABAIAAAP\/\/\/\/\/\/\/yH5BAEKAAEALAAAAAABAAEAAAICTAEAOw==\" tabindex=\"-1\" title=\"FC Prishtina - FCK05_28-05-25-20\" width=\"640\" data-caption=\"\" data-envira-gallery-id=\"20702\" data-envira-index=\"19\" data-envira-item-id=\"20628\" data-envira-src=\"https:\/\/regese.ch\/fussball\/wp-content\/uploads\/2025\/05\/FC-Prishtina-FCK05_28-05-25-20-1536x1024.jpg\" data-envira-srcset=\"https:\/\/regese.ch\/fussball\/wp-content\/uploads\/2025\/05\/FC-Prishtina-FCK05_28-05-25-20-1536x1024.jpg 400w, https:\/\/regese.ch\/fussball\/wp-content\/uploads\/2025\/05\/FC-Prishtina-FCK05_28-05-25-20-1536x1024.jpg 2x\" data-title=\"FC Prishtina - FCK05_28-05-25-20\" itemprop=\"thumbnailUrl\"  data-envirabox=\"20702\" \/><\/div><\/a><div class=\"envira-gallery-captioned-data envira-gallery-captioned-data-base\"><\/div><\/div><\/div><div id=\"envira-gallery-item-20629\" class=\"envira-gallery-item envira-gallery-item-21 envira-lazy-load enviratope-item\" style=\"padding-left: 5px; padding-bottom: 10px; padding-right: 5px;\"  itemscope itemtype=\"https:\/\/schema.org\/ImageObject\"><div class=\"envira-gallery-item-inner\"><div class=\"envira-gallery-position-overlay envira-gallery-top-left\"><\/div><div class=\"envira-gallery-position-overlay envira-gallery-top-right\"><\/div><div class=\"envira-gallery-position-overlay envira-gallery-bottom-left\"><\/div><div class=\"envira-gallery-position-overlay envira-gallery-bottom-right\"><\/div><a class=\"envira-gallery-20702 envira-gallery-link\" href=\"https:\/\/regese.ch\/fussball\/wp-content\/uploads\/2025\/05\/FC-Prishtina-FCK05_28-05-25-21.jpg\" title=\"FC Prishtina - FCK05_28-05-25-21\" data-caption=\"\" data-envira-item-id=\"20629\" data-envira-retina=\"https:\/\/regese.ch\/fussball\/wp-content\/uploads\/2025\/05\/FC-Prishtina-FCK05_28-05-25-21.jpg\" data-thumb=\"https:\/\/regese.ch\/fussball\/wp-content\/uploads\/2025\/05\/FC-Prishtina-FCK05_28-05-25-21-75x50_c.jpg\" data-title=\"FC Prishtina - FCK05_28-05-25-21\" data-envirabox='20702' itemprop=\"contentUrl\"><div class=\"envira-lazy\" style=\"padding-bottom: 75%;\" data-envira-changed=\"false\" data-width=\"640\" data-height=\"480\"><img loading=\"lazy\" decoding=\"async\" src=\"https:\/\/regese.ch\/fussball\/wp-content\/uploads\/2025\/05\/FC-Prishtina-FCK05_28-05-25-21-1536x1024.jpg\" alt=\"\" class=\"envira-gallery-image envira-gallery-image-21    envira-lazy\" height=\"480\" id=\"envira-gallery-image-20629\" srcset=\"data:image\/gif;base64,R0lGODlhAQABAIAAAP\/\/\/\/\/\/\/yH5BAEKAAEALAAAAAABAAEAAAICTAEAOw==\" tabindex=\"-1\" title=\"FC Prishtina - FCK05_28-05-25-21\" width=\"640\" data-caption=\"\" data-envira-gallery-id=\"20702\" data-envira-index=\"20\" data-envira-item-id=\"20629\" data-envira-src=\"https:\/\/regese.ch\/fussball\/wp-content\/uploads\/2025\/05\/FC-Prishtina-FCK05_28-05-25-21-1536x1024.jpg\" data-envira-srcset=\"https:\/\/regese.ch\/fussball\/wp-content\/uploads\/2025\/05\/FC-Prishtina-FCK05_28-05-25-21-1536x1024.jpg 400w, https:\/\/regese.ch\/fussball\/wp-content\/uploads\/2025\/05\/FC-Prishtina-FCK05_28-05-25-21-1536x1024.jpg 2x\" data-title=\"FC Prishtina - FCK05_28-05-25-21\" itemprop=\"thumbnailUrl\"  data-envirabox=\"20702\" \/><\/div><\/a><div class=\"envira-gallery-captioned-data envira-gallery-captioned-data-base\"><\/div><\/div><\/div><div id=\"envira-gallery-item-20630\" class=\"envira-gallery-item envira-gallery-item-22 envira-lazy-load enviratope-item\" style=\"padding-left: 5px; padding-bottom: 10px; padding-right: 5px;\"  itemscope itemtype=\"https:\/\/schema.org\/ImageObject\"><div class=\"envira-gallery-item-inner\"><div class=\"envira-gallery-position-overlay envira-gallery-top-left\"><\/div><div class=\"envira-gallery-position-overlay envira-gallery-top-right\"><\/div><div class=\"envira-gallery-position-overlay envira-gallery-bottom-left\"><\/div><div class=\"envira-gallery-position-overlay envira-gallery-bottom-right\"><\/div><a class=\"envira-gallery-20702 envira-gallery-link\" href=\"https:\/\/regese.ch\/fussball\/wp-content\/uploads\/2025\/05\/FC-Prishtina-FCK05_28-05-25-22.jpg\" title=\"FC Prishtina - FCK05_28-05-25-22\" data-caption=\"\" data-envira-item-id=\"20630\" data-envira-retina=\"https:\/\/regese.ch\/fussball\/wp-content\/uploads\/2025\/05\/FC-Prishtina-FCK05_28-05-25-22.jpg\" data-thumb=\"https:\/\/regese.ch\/fussball\/wp-content\/uploads\/2025\/05\/FC-Prishtina-FCK05_28-05-25-22-75x50_c.jpg\" data-title=\"FC Prishtina - FCK05_28-05-25-22\" data-envirabox='20702' itemprop=\"contentUrl\"><div class=\"envira-lazy\" style=\"padding-bottom: 75%;\" data-envira-changed=\"false\" data-width=\"640\" data-height=\"480\"><img loading=\"lazy\" decoding=\"async\" src=\"https:\/\/regese.ch\/fussball\/wp-content\/uploads\/2025\/05\/FC-Prishtina-FCK05_28-05-25-22-1536x1024.jpg\" alt=\"\" class=\"envira-gallery-image envira-gallery-image-22    envira-lazy\" height=\"480\" id=\"envira-gallery-image-20630\" srcset=\"data:image\/gif;base64,R0lGODlhAQABAIAAAP\/\/\/\/\/\/\/yH5BAEKAAEALAAAAAABAAEAAAICTAEAOw==\" tabindex=\"-1\" title=\"FC Prishtina - FCK05_28-05-25-22\" width=\"640\" data-caption=\"\" data-envira-gallery-id=\"20702\" data-envira-index=\"21\" data-envira-item-id=\"20630\" data-envira-src=\"https:\/\/regese.ch\/fussball\/wp-content\/uploads\/2025\/05\/FC-Prishtina-FCK05_28-05-25-22-1536x1024.jpg\" data-envira-srcset=\"https:\/\/regese.ch\/fussball\/wp-content\/uploads\/2025\/05\/FC-Prishtina-FCK05_28-05-25-22-1536x1024.jpg 400w, https:\/\/regese.ch\/fussball\/wp-content\/uploads\/2025\/05\/FC-Prishtina-FCK05_28-05-25-22-1536x1024.jpg 2x\" data-title=\"FC Prishtina - FCK05_28-05-25-22\" itemprop=\"thumbnailUrl\"  data-envirabox=\"20702\" \/><\/div><\/a><div class=\"envira-gallery-captioned-data envira-gallery-captioned-data-base\"><\/div><\/div><\/div><div id=\"envira-gallery-item-20631\" class=\"envira-gallery-item envira-gallery-item-23 envira-lazy-load enviratope-item\" style=\"padding-left: 5px; padding-bottom: 10px; padding-right: 5px;\"  itemscope itemtype=\"https:\/\/schema.org\/ImageObject\"><div class=\"envira-gallery-item-inner\"><div class=\"envira-gallery-position-overlay envira-gallery-top-left\"><\/div><div class=\"envira-gallery-position-overlay envira-gallery-top-right\"><\/div><div class=\"envira-gallery-position-overlay envira-gallery-bottom-left\"><\/div><div class=\"envira-gallery-position-overlay envira-gallery-bottom-right\"><\/div><a class=\"envira-gallery-20702 envira-gallery-link\" href=\"https:\/\/regese.ch\/fussball\/wp-content\/uploads\/2025\/05\/FC-Prishtina-FCK05_28-05-25-23.jpg\" title=\"FC Prishtina - FCK05_28-05-25-23\" data-caption=\"\" data-envira-item-id=\"20631\" data-envira-retina=\"https:\/\/regese.ch\/fussball\/wp-content\/uploads\/2025\/05\/FC-Prishtina-FCK05_28-05-25-23.jpg\" data-thumb=\"https:\/\/regese.ch\/fussball\/wp-content\/uploads\/2025\/05\/FC-Prishtina-FCK05_28-05-25-23-75x50_c.jpg\" data-title=\"FC Prishtina - FCK05_28-05-25-23\" data-envirabox='20702' itemprop=\"contentUrl\"><div class=\"envira-lazy\" style=\"padding-bottom: 75%;\" data-envira-changed=\"false\" data-width=\"640\" data-height=\"480\"><img loading=\"lazy\" decoding=\"async\" src=\"https:\/\/regese.ch\/fussball\/wp-content\/uploads\/2025\/05\/FC-Prishtina-FCK05_28-05-25-23-1536x1024.jpg\" alt=\"\" class=\"envira-gallery-image envira-gallery-image-23    envira-lazy\" height=\"480\" id=\"envira-gallery-image-20631\" srcset=\"data:image\/gif;base64,R0lGODlhAQABAIAAAP\/\/\/\/\/\/\/yH5BAEKAAEALAAAAAABAAEAAAICTAEAOw==\" tabindex=\"-1\" title=\"FC Prishtina - FCK05_28-05-25-23\" width=\"640\" data-caption=\"\" data-envira-gallery-id=\"20702\" data-envira-index=\"22\" data-envira-item-id=\"20631\" data-envira-src=\"https:\/\/regese.ch\/fussball\/wp-content\/uploads\/2025\/05\/FC-Prishtina-FCK05_28-05-25-23-1536x1024.jpg\" data-envira-srcset=\"https:\/\/regese.ch\/fussball\/wp-content\/uploads\/2025\/05\/FC-Prishtina-FCK05_28-05-25-23-1536x1024.jpg 400w, https:\/\/regese.ch\/fussball\/wp-content\/uploads\/2025\/05\/FC-Prishtina-FCK05_28-05-25-23-1536x1024.jpg 2x\" data-title=\"FC Prishtina - FCK05_28-05-25-23\" itemprop=\"thumbnailUrl\"  data-envirabox=\"20702\" \/><\/div><\/a><div class=\"envira-gallery-captioned-data envira-gallery-captioned-data-base\"><\/div><\/div><\/div><div id=\"envira-gallery-item-20632\" class=\"envira-gallery-item envira-gallery-item-24 envira-lazy-load enviratope-item\" style=\"padding-left: 5px; padding-bottom: 10px; padding-right: 5px;\"  itemscope itemtype=\"https:\/\/schema.org\/ImageObject\"><div class=\"envira-gallery-item-inner\"><div class=\"envira-gallery-position-overlay envira-gallery-top-left\"><\/div><div class=\"envira-gallery-position-overlay envira-gallery-top-right\"><\/div><div class=\"envira-gallery-position-overlay envira-gallery-bottom-left\"><\/div><div class=\"envira-gallery-position-overlay envira-gallery-bottom-right\"><\/div><a class=\"envira-gallery-20702 envira-gallery-link\" href=\"https:\/\/regese.ch\/fussball\/wp-content\/uploads\/2025\/05\/FC-Prishtina-FCK05_28-05-25-24.jpg\" title=\"FC Prishtina - FCK05_28-05-25-24\" data-caption=\"\" data-envira-item-id=\"20632\" data-envira-retina=\"https:\/\/regese.ch\/fussball\/wp-content\/uploads\/2025\/05\/FC-Prishtina-FCK05_28-05-25-24.jpg\" data-thumb=\"https:\/\/regese.ch\/fussball\/wp-content\/uploads\/2025\/05\/FC-Prishtina-FCK05_28-05-25-24-75x50_c.jpg\" data-title=\"FC Prishtina - FCK05_28-05-25-24\" data-envirabox='20702' itemprop=\"contentUrl\"><div class=\"envira-lazy\" style=\"padding-bottom: 75%;\" data-envira-changed=\"false\" data-width=\"640\" data-height=\"480\"><img loading=\"lazy\" decoding=\"async\" src=\"https:\/\/regese.ch\/fussball\/wp-content\/uploads\/2025\/05\/FC-Prishtina-FCK05_28-05-25-24-1536x1024.jpg\" alt=\"\" class=\"envira-gallery-image envira-gallery-image-24    envira-lazy\" height=\"480\" id=\"envira-gallery-image-20632\" srcset=\"data:image\/gif;base64,R0lGODlhAQABAIAAAP\/\/\/\/\/\/\/yH5BAEKAAEALAAAAAABAAEAAAICTAEAOw==\" tabindex=\"-1\" title=\"FC Prishtina - FCK05_28-05-25-24\" width=\"640\" data-caption=\"\" data-envira-gallery-id=\"20702\" data-envira-index=\"23\" data-envira-item-id=\"20632\" data-envira-src=\"https:\/\/regese.ch\/fussball\/wp-content\/uploads\/2025\/05\/FC-Prishtina-FCK05_28-05-25-24-1536x1024.jpg\" data-envira-srcset=\"https:\/\/regese.ch\/fussball\/wp-content\/uploads\/2025\/05\/FC-Prishtina-FCK05_28-05-25-24-1536x1024.jpg 400w, https:\/\/regese.ch\/fussball\/wp-content\/uploads\/2025\/05\/FC-Prishtina-FCK05_28-05-25-24-1536x1024.jpg 2x\" data-title=\"FC Prishtina - FCK05_28-05-25-24\" itemprop=\"thumbnailUrl\"  data-envirabox=\"20702\" \/><\/div><\/a><div class=\"envira-gallery-captioned-data envira-gallery-captioned-data-base\"><\/div><\/div><\/div><div id=\"envira-gallery-item-20633\" class=\"envira-gallery-item envira-gallery-item-25 envira-lazy-load enviratope-item\" style=\"padding-left: 5px; padding-bottom: 10px; padding-right: 5px;\"  itemscope itemtype=\"https:\/\/schema.org\/ImageObject\"><div class=\"envira-gallery-item-inner\"><div class=\"envira-gallery-position-overlay envira-gallery-top-left\"><\/div><div class=\"envira-gallery-position-overlay envira-gallery-top-right\"><\/div><div class=\"envira-gallery-position-overlay envira-gallery-bottom-left\"><\/div><div class=\"envira-gallery-position-overlay envira-gallery-bottom-right\"><\/div><a class=\"envira-gallery-20702 envira-gallery-link\" href=\"https:\/\/regese.ch\/fussball\/wp-content\/uploads\/2025\/05\/FC-Prishtina-FCK05_28-05-25-25.jpg\" title=\"FC Prishtina - FCK05_28-05-25-25\" data-caption=\"\" data-envira-item-id=\"20633\" data-envira-retina=\"https:\/\/regese.ch\/fussball\/wp-content\/uploads\/2025\/05\/FC-Prishtina-FCK05_28-05-25-25.jpg\" data-thumb=\"https:\/\/regese.ch\/fussball\/wp-content\/uploads\/2025\/05\/FC-Prishtina-FCK05_28-05-25-25-75x50_c.jpg\" data-title=\"FC Prishtina - FCK05_28-05-25-25\" data-envirabox='20702' itemprop=\"contentUrl\"><div class=\"envira-lazy\" style=\"padding-bottom: 75%;\" data-envira-changed=\"false\" data-width=\"640\" data-height=\"480\"><img loading=\"lazy\" decoding=\"async\" src=\"https:\/\/regese.ch\/fussball\/wp-content\/uploads\/2025\/05\/FC-Prishtina-FCK05_28-05-25-25-1536x1024.jpg\" alt=\"\" class=\"envira-gallery-image envira-gallery-image-25    envira-lazy\" height=\"480\" id=\"envira-gallery-image-20633\" srcset=\"data:image\/gif;base64,R0lGODlhAQABAIAAAP\/\/\/\/\/\/\/yH5BAEKAAEALAAAAAABAAEAAAICTAEAOw==\" tabindex=\"-1\" title=\"FC Prishtina - FCK05_28-05-25-25\" width=\"640\" data-caption=\"\" data-envira-gallery-id=\"20702\" data-envira-index=\"24\" data-envira-item-id=\"20633\" data-envira-src=\"https:\/\/regese.ch\/fussball\/wp-content\/uploads\/2025\/05\/FC-Prishtina-FCK05_28-05-25-25-1536x1024.jpg\" data-envira-srcset=\"https:\/\/regese.ch\/fussball\/wp-content\/uploads\/2025\/05\/FC-Prishtina-FCK05_28-05-25-25-1536x1024.jpg 400w, https:\/\/regese.ch\/fussball\/wp-content\/uploads\/2025\/05\/FC-Prishtina-FCK05_28-05-25-25-1536x1024.jpg 2x\" data-title=\"FC Prishtina - FCK05_28-05-25-25\" itemprop=\"thumbnailUrl\"  data-envirabox=\"20702\" \/><\/div><\/a><div class=\"envira-gallery-captioned-data envira-gallery-captioned-data-base\"><\/div><\/div><\/div><div id=\"envira-gallery-item-20634\" class=\"envira-gallery-item envira-gallery-item-26 envira-lazy-load enviratope-item\" style=\"padding-left: 5px; padding-bottom: 10px; padding-right: 5px;\"  itemscope itemtype=\"https:\/\/schema.org\/ImageObject\"><div class=\"envira-gallery-item-inner\"><div class=\"envira-gallery-position-overlay envira-gallery-top-left\"><\/div><div class=\"envira-gallery-position-overlay envira-gallery-top-right\"><\/div><div class=\"envira-gallery-position-overlay envira-gallery-bottom-left\"><\/div><div class=\"envira-gallery-position-overlay envira-gallery-bottom-right\"><\/div><a class=\"envira-gallery-20702 envira-gallery-link\" href=\"https:\/\/regese.ch\/fussball\/wp-content\/uploads\/2025\/05\/FC-Prishtina-FCK05_28-05-25-26.jpg\" title=\"FC Prishtina - FCK05_28-05-25-26\" data-caption=\"\" data-envira-item-id=\"20634\" data-envira-retina=\"https:\/\/regese.ch\/fussball\/wp-content\/uploads\/2025\/05\/FC-Prishtina-FCK05_28-05-25-26.jpg\" data-thumb=\"https:\/\/regese.ch\/fussball\/wp-content\/uploads\/2025\/05\/FC-Prishtina-FCK05_28-05-25-26-75x50_c.jpg\" data-title=\"FC Prishtina - FCK05_28-05-25-26\" data-envirabox='20702' itemprop=\"contentUrl\"><div class=\"envira-lazy\" style=\"padding-bottom: 75%;\" data-envira-changed=\"false\" data-width=\"640\" data-height=\"480\"><img loading=\"lazy\" decoding=\"async\" src=\"https:\/\/regese.ch\/fussball\/wp-content\/uploads\/2025\/05\/FC-Prishtina-FCK05_28-05-25-26-1536x1024.jpg\" alt=\"\" class=\"envira-gallery-image envira-gallery-image-26    envira-lazy\" height=\"480\" id=\"envira-gallery-image-20634\" srcset=\"data:image\/gif;base64,R0lGODlhAQABAIAAAP\/\/\/\/\/\/\/yH5BAEKAAEALAAAAAABAAEAAAICTAEAOw==\" tabindex=\"-1\" title=\"FC Prishtina - FCK05_28-05-25-26\" width=\"640\" data-caption=\"\" data-envira-gallery-id=\"20702\" data-envira-index=\"25\" data-envira-item-id=\"20634\" data-envira-src=\"https:\/\/regese.ch\/fussball\/wp-content\/uploads\/2025\/05\/FC-Prishtina-FCK05_28-05-25-26-1536x1024.jpg\" data-envira-srcset=\"https:\/\/regese.ch\/fussball\/wp-content\/uploads\/2025\/05\/FC-Prishtina-FCK05_28-05-25-26-1536x1024.jpg 400w, https:\/\/regese.ch\/fussball\/wp-content\/uploads\/2025\/05\/FC-Prishtina-FCK05_28-05-25-26-1536x1024.jpg 2x\" data-title=\"FC Prishtina - FCK05_28-05-25-26\" itemprop=\"thumbnailUrl\"  data-envirabox=\"20702\" \/><\/div><\/a><div class=\"envira-gallery-captioned-data envira-gallery-captioned-data-base\"><\/div><\/div><\/div><div id=\"envira-gallery-item-20635\" class=\"envira-gallery-item envira-gallery-item-27 envira-lazy-load enviratope-item\" style=\"padding-left: 5px; padding-bottom: 10px; padding-right: 5px;\"  itemscope itemtype=\"https:\/\/schema.org\/ImageObject\"><div class=\"envira-gallery-item-inner\"><div class=\"envira-gallery-position-overlay envira-gallery-top-left\"><\/div><div class=\"envira-gallery-position-overlay envira-gallery-top-right\"><\/div><div class=\"envira-gallery-position-overlay envira-gallery-bottom-left\"><\/div><div class=\"envira-gallery-position-overlay envira-gallery-bottom-right\"><\/div><a class=\"envira-gallery-20702 envira-gallery-link\" href=\"https:\/\/regese.ch\/fussball\/wp-content\/uploads\/2025\/05\/FC-Prishtina-FCK05_28-05-25-27.jpg\" title=\"FC Prishtina - FCK05_28-05-25-27\" data-caption=\"\" data-envira-item-id=\"20635\" data-envira-retina=\"https:\/\/regese.ch\/fussball\/wp-content\/uploads\/2025\/05\/FC-Prishtina-FCK05_28-05-25-27.jpg\" data-thumb=\"https:\/\/regese.ch\/fussball\/wp-content\/uploads\/2025\/05\/FC-Prishtina-FCK05_28-05-25-27-75x50_c.jpg\" data-title=\"FC Prishtina - FCK05_28-05-25-27\" data-envirabox='20702' itemprop=\"contentUrl\"><div class=\"envira-lazy\" style=\"padding-bottom: 75%;\" data-envira-changed=\"false\" data-width=\"640\" data-height=\"480\"><img loading=\"lazy\" decoding=\"async\" src=\"https:\/\/regese.ch\/fussball\/wp-content\/uploads\/2025\/05\/FC-Prishtina-FCK05_28-05-25-27-1536x1024.jpg\" alt=\"\" class=\"envira-gallery-image envira-gallery-image-27    envira-lazy\" height=\"480\" id=\"envira-gallery-image-20635\" srcset=\"data:image\/gif;base64,R0lGODlhAQABAIAAAP\/\/\/\/\/\/\/yH5BAEKAAEALAAAAAABAAEAAAICTAEAOw==\" tabindex=\"-1\" title=\"FC Prishtina - FCK05_28-05-25-27\" width=\"640\" data-caption=\"\" data-envira-gallery-id=\"20702\" data-envira-index=\"26\" data-envira-item-id=\"20635\" data-envira-src=\"https:\/\/regese.ch\/fussball\/wp-content\/uploads\/2025\/05\/FC-Prishtina-FCK05_28-05-25-27-1536x1024.jpg\" data-envira-srcset=\"https:\/\/regese.ch\/fussball\/wp-content\/uploads\/2025\/05\/FC-Prishtina-FCK05_28-05-25-27-1536x1024.jpg 400w, https:\/\/regese.ch\/fussball\/wp-content\/uploads\/2025\/05\/FC-Prishtina-FCK05_28-05-25-27-1536x1024.jpg 2x\" data-title=\"FC Prishtina - FCK05_28-05-25-27\" itemprop=\"thumbnailUrl\"  data-envirabox=\"20702\" \/><\/div><\/a><div class=\"envira-gallery-captioned-data envira-gallery-captioned-data-base\"><\/div><\/div><\/div><div id=\"envira-gallery-item-20636\" class=\"envira-gallery-item envira-gallery-item-28 envira-lazy-load enviratope-item\" style=\"padding-left: 5px; padding-bottom: 10px; padding-right: 5px;\"  itemscope itemtype=\"https:\/\/schema.org\/ImageObject\"><div class=\"envira-gallery-item-inner\"><div class=\"envira-gallery-position-overlay envira-gallery-top-left\"><\/div><div class=\"envira-gallery-position-overlay envira-gallery-top-right\"><\/div><div class=\"envira-gallery-position-overlay envira-gallery-bottom-left\"><\/div><div class=\"envira-gallery-position-overlay envira-gallery-bottom-right\"><\/div><a class=\"envira-gallery-20702 envira-gallery-link\" href=\"https:\/\/regese.ch\/fussball\/wp-content\/uploads\/2025\/05\/FC-Prishtina-FCK05_28-05-25-28.jpg\" title=\"FC Prishtina - FCK05_28-05-25-28\" data-caption=\"\" data-envira-item-id=\"20636\" data-envira-retina=\"https:\/\/regese.ch\/fussball\/wp-content\/uploads\/2025\/05\/FC-Prishtina-FCK05_28-05-25-28.jpg\" data-thumb=\"https:\/\/regese.ch\/fussball\/wp-content\/uploads\/2025\/05\/FC-Prishtina-FCK05_28-05-25-28-75x50_c.jpg\" data-title=\"FC Prishtina - FCK05_28-05-25-28\" data-envirabox='20702' itemprop=\"contentUrl\"><div class=\"envira-lazy\" style=\"padding-bottom: 75%;\" data-envira-changed=\"false\" data-width=\"640\" data-height=\"480\"><img loading=\"lazy\" decoding=\"async\" src=\"https:\/\/regese.ch\/fussball\/wp-content\/uploads\/2025\/05\/FC-Prishtina-FCK05_28-05-25-28-1536x1024.jpg\" alt=\"\" class=\"envira-gallery-image envira-gallery-image-28    envira-lazy\" height=\"480\" id=\"envira-gallery-image-20636\" srcset=\"data:image\/gif;base64,R0lGODlhAQABAIAAAP\/\/\/\/\/\/\/yH5BAEKAAEALAAAAAABAAEAAAICTAEAOw==\" tabindex=\"-1\" title=\"FC Prishtina - FCK05_28-05-25-28\" width=\"640\" data-caption=\"\" data-envira-gallery-id=\"20702\" data-envira-index=\"27\" data-envira-item-id=\"20636\" data-envira-src=\"https:\/\/regese.ch\/fussball\/wp-content\/uploads\/2025\/05\/FC-Prishtina-FCK05_28-05-25-28-1536x1024.jpg\" data-envira-srcset=\"https:\/\/regese.ch\/fussball\/wp-content\/uploads\/2025\/05\/FC-Prishtina-FCK05_28-05-25-28-1536x1024.jpg 400w, https:\/\/regese.ch\/fussball\/wp-content\/uploads\/2025\/05\/FC-Prishtina-FCK05_28-05-25-28-1536x1024.jpg 2x\" data-title=\"FC Prishtina - FCK05_28-05-25-28\" itemprop=\"thumbnailUrl\"  data-envirabox=\"20702\" \/><\/div><\/a><div class=\"envira-gallery-captioned-data envira-gallery-captioned-data-base\"><\/div><\/div><\/div><div id=\"envira-gallery-item-20637\" class=\"envira-gallery-item envira-gallery-item-29 envira-lazy-load enviratope-item\" style=\"padding-left: 5px; padding-bottom: 10px; padding-right: 5px;\"  itemscope itemtype=\"https:\/\/schema.org\/ImageObject\"><div class=\"envira-gallery-item-inner\"><div class=\"envira-gallery-position-overlay envira-gallery-top-left\"><\/div><div class=\"envira-gallery-position-overlay envira-gallery-top-right\"><\/div><div class=\"envira-gallery-position-overlay envira-gallery-bottom-left\"><\/div><div class=\"envira-gallery-position-overlay envira-gallery-bottom-right\"><\/div><a class=\"envira-gallery-20702 envira-gallery-link\" href=\"https:\/\/regese.ch\/fussball\/wp-content\/uploads\/2025\/05\/FC-Prishtina-FCK05_28-05-25-29.jpg\" title=\"FC Prishtina - FCK05_28-05-25-29\" data-caption=\"\" data-envira-item-id=\"20637\" data-envira-retina=\"https:\/\/regese.ch\/fussball\/wp-content\/uploads\/2025\/05\/FC-Prishtina-FCK05_28-05-25-29.jpg\" data-thumb=\"https:\/\/regese.ch\/fussball\/wp-content\/uploads\/2025\/05\/FC-Prishtina-FCK05_28-05-25-29-75x50_c.jpg\" data-title=\"FC Prishtina - FCK05_28-05-25-29\" data-envirabox='20702' itemprop=\"contentUrl\"><div class=\"envira-lazy\" style=\"padding-bottom: 75%;\" data-envira-changed=\"false\" data-width=\"640\" data-height=\"480\"><img loading=\"lazy\" decoding=\"async\" src=\"https:\/\/regese.ch\/fussball\/wp-content\/uploads\/2025\/05\/FC-Prishtina-FCK05_28-05-25-29-1536x1024.jpg\" alt=\"\" class=\"envira-gallery-image envira-gallery-image-29    envira-lazy\" height=\"480\" id=\"envira-gallery-image-20637\" srcset=\"data:image\/gif;base64,R0lGODlhAQABAIAAAP\/\/\/\/\/\/\/yH5BAEKAAEALAAAAAABAAEAAAICTAEAOw==\" tabindex=\"-1\" title=\"FC Prishtina - FCK05_28-05-25-29\" width=\"640\" data-caption=\"\" data-envira-gallery-id=\"20702\" data-envira-index=\"28\" data-envira-item-id=\"20637\" data-envira-src=\"https:\/\/regese.ch\/fussball\/wp-content\/uploads\/2025\/05\/FC-Prishtina-FCK05_28-05-25-29-1536x1024.jpg\" data-envira-srcset=\"https:\/\/regese.ch\/fussball\/wp-content\/uploads\/2025\/05\/FC-Prishtina-FCK05_28-05-25-29-1536x1024.jpg 400w, https:\/\/regese.ch\/fussball\/wp-content\/uploads\/2025\/05\/FC-Prishtina-FCK05_28-05-25-29-1536x1024.jpg 2x\" data-title=\"FC Prishtina - FCK05_28-05-25-29\" itemprop=\"thumbnailUrl\"  data-envirabox=\"20702\" \/><\/div><\/a><div class=\"envira-gallery-captioned-data envira-gallery-captioned-data-base\"><\/div><\/div><\/div><div id=\"envira-gallery-item-20638\" class=\"envira-gallery-item envira-gallery-item-30 envira-lazy-load enviratope-item\" style=\"padding-left: 5px; padding-bottom: 10px; padding-right: 5px;\"  itemscope itemtype=\"https:\/\/schema.org\/ImageObject\"><div class=\"envira-gallery-item-inner\"><div class=\"envira-gallery-position-overlay envira-gallery-top-left\"><\/div><div class=\"envira-gallery-position-overlay envira-gallery-top-right\"><\/div><div class=\"envira-gallery-position-overlay envira-gallery-bottom-left\"><\/div><div class=\"envira-gallery-position-overlay envira-gallery-bottom-right\"><\/div><a class=\"envira-gallery-20702 envira-gallery-link\" href=\"https:\/\/regese.ch\/fussball\/wp-content\/uploads\/2025\/05\/FC-Prishtina-FCK05_28-05-25-30.jpg\" title=\"FC Prishtina - FCK05_28-05-25-30\" data-caption=\"\" data-envira-item-id=\"20638\" data-envira-retina=\"https:\/\/regese.ch\/fussball\/wp-content\/uploads\/2025\/05\/FC-Prishtina-FCK05_28-05-25-30.jpg\" data-thumb=\"https:\/\/regese.ch\/fussball\/wp-content\/uploads\/2025\/05\/FC-Prishtina-FCK05_28-05-25-30-75x50_c.jpg\" data-title=\"FC Prishtina - FCK05_28-05-25-30\" data-envirabox='20702' itemprop=\"contentUrl\"><div class=\"envira-lazy\" style=\"padding-bottom: 75%;\" data-envira-changed=\"false\" data-width=\"640\" data-height=\"480\"><img loading=\"lazy\" decoding=\"async\" src=\"https:\/\/regese.ch\/fussball\/wp-content\/uploads\/2025\/05\/FC-Prishtina-FCK05_28-05-25-30-1536x1024.jpg\" alt=\"\" class=\"envira-gallery-image envira-gallery-image-30    envira-lazy\" height=\"480\" id=\"envira-gallery-image-20638\" srcset=\"data:image\/gif;base64,R0lGODlhAQABAIAAAP\/\/\/\/\/\/\/yH5BAEKAAEALAAAAAABAAEAAAICTAEAOw==\" tabindex=\"-1\" title=\"FC Prishtina - FCK05_28-05-25-30\" width=\"640\" data-caption=\"\" data-envira-gallery-id=\"20702\" data-envira-index=\"29\" data-envira-item-id=\"20638\" data-envira-src=\"https:\/\/regese.ch\/fussball\/wp-content\/uploads\/2025\/05\/FC-Prishtina-FCK05_28-05-25-30-1536x1024.jpg\" data-envira-srcset=\"https:\/\/regese.ch\/fussball\/wp-content\/uploads\/2025\/05\/FC-Prishtina-FCK05_28-05-25-30-1536x1024.jpg 400w, https:\/\/regese.ch\/fussball\/wp-content\/uploads\/2025\/05\/FC-Prishtina-FCK05_28-05-25-30-1536x1024.jpg 2x\" data-title=\"FC Prishtina - FCK05_28-05-25-30\" itemprop=\"thumbnailUrl\"  data-envirabox=\"20702\" \/><\/div><\/a><div class=\"envira-gallery-captioned-data envira-gallery-captioned-data-base\"><\/div><\/div><\/div><div id=\"envira-gallery-item-20639\" class=\"envira-gallery-item envira-gallery-item-31 envira-lazy-load enviratope-item\" style=\"padding-left: 5px; padding-bottom: 10px; padding-right: 5px;\"  itemscope itemtype=\"https:\/\/schema.org\/ImageObject\"><div class=\"envira-gallery-item-inner\"><div class=\"envira-gallery-position-overlay envira-gallery-top-left\"><\/div><div class=\"envira-gallery-position-overlay envira-gallery-top-right\"><\/div><div class=\"envira-gallery-position-overlay envira-gallery-bottom-left\"><\/div><div class=\"envira-gallery-position-overlay envira-gallery-bottom-right\"><\/div><a class=\"envira-gallery-20702 envira-gallery-link\" href=\"https:\/\/regese.ch\/fussball\/wp-content\/uploads\/2025\/05\/FC-Prishtina-FCK05_28-05-25-31.jpg\" title=\"FC Prishtina - FCK05_28-05-25-31\" data-caption=\"\" data-envira-item-id=\"20639\" data-envira-retina=\"https:\/\/regese.ch\/fussball\/wp-content\/uploads\/2025\/05\/FC-Prishtina-FCK05_28-05-25-31.jpg\" data-thumb=\"https:\/\/regese.ch\/fussball\/wp-content\/uploads\/2025\/05\/FC-Prishtina-FCK05_28-05-25-31-75x50_c.jpg\" data-title=\"FC Prishtina - FCK05_28-05-25-31\" data-envirabox='20702' itemprop=\"contentUrl\"><div class=\"envira-lazy\" style=\"padding-bottom: 75%;\" data-envira-changed=\"false\" data-width=\"640\" data-height=\"480\"><img loading=\"lazy\" decoding=\"async\" src=\"https:\/\/regese.ch\/fussball\/wp-content\/uploads\/2025\/05\/FC-Prishtina-FCK05_28-05-25-31-1536x1024.jpg\" alt=\"\" class=\"envira-gallery-image envira-gallery-image-31    envira-lazy\" height=\"480\" id=\"envira-gallery-image-20639\" srcset=\"data:image\/gif;base64,R0lGODlhAQABAIAAAP\/\/\/\/\/\/\/yH5BAEKAAEALAAAAAABAAEAAAICTAEAOw==\" tabindex=\"-1\" title=\"FC Prishtina - FCK05_28-05-25-31\" width=\"640\" data-caption=\"\" data-envira-gallery-id=\"20702\" data-envira-index=\"30\" data-envira-item-id=\"20639\" data-envira-src=\"https:\/\/regese.ch\/fussball\/wp-content\/uploads\/2025\/05\/FC-Prishtina-FCK05_28-05-25-31-1536x1024.jpg\" data-envira-srcset=\"https:\/\/regese.ch\/fussball\/wp-content\/uploads\/2025\/05\/FC-Prishtina-FCK05_28-05-25-31-1536x1024.jpg 400w, https:\/\/regese.ch\/fussball\/wp-content\/uploads\/2025\/05\/FC-Prishtina-FCK05_28-05-25-31-1536x1024.jpg 2x\" data-title=\"FC Prishtina - FCK05_28-05-25-31\" itemprop=\"thumbnailUrl\"  data-envirabox=\"20702\" \/><\/div><\/a><div class=\"envira-gallery-captioned-data envira-gallery-captioned-data-base\"><\/div><\/div><\/div><div id=\"envira-gallery-item-20640\" class=\"envira-gallery-item envira-gallery-item-32 envira-lazy-load enviratope-item\" style=\"padding-left: 5px; padding-bottom: 10px; padding-right: 5px;\"  itemscope itemtype=\"https:\/\/schema.org\/ImageObject\"><div class=\"envira-gallery-item-inner\"><div class=\"envira-gallery-position-overlay envira-gallery-top-left\"><\/div><div class=\"envira-gallery-position-overlay envira-gallery-top-right\"><\/div><div class=\"envira-gallery-position-overlay envira-gallery-bottom-left\"><\/div><div class=\"envira-gallery-position-overlay envira-gallery-bottom-right\"><\/div><a class=\"envira-gallery-20702 envira-gallery-link\" href=\"https:\/\/regese.ch\/fussball\/wp-content\/uploads\/2025\/05\/FC-Prishtina-FCK05_28-05-25-32.jpg\" title=\"FC Prishtina - FCK05_28-05-25-32\" data-caption=\"\" data-envira-item-id=\"20640\" data-envira-retina=\"https:\/\/regese.ch\/fussball\/wp-content\/uploads\/2025\/05\/FC-Prishtina-FCK05_28-05-25-32.jpg\" data-thumb=\"https:\/\/regese.ch\/fussball\/wp-content\/uploads\/2025\/05\/FC-Prishtina-FCK05_28-05-25-32-75x50_c.jpg\" data-title=\"FC Prishtina - FCK05_28-05-25-32\" data-envirabox='20702' itemprop=\"contentUrl\"><div class=\"envira-lazy\" style=\"padding-bottom: 75%;\" data-envira-changed=\"false\" data-width=\"640\" data-height=\"480\"><img loading=\"lazy\" decoding=\"async\" src=\"https:\/\/regese.ch\/fussball\/wp-content\/uploads\/2025\/05\/FC-Prishtina-FCK05_28-05-25-32-1536x1024.jpg\" alt=\"\" class=\"envira-gallery-image envira-gallery-image-32    envira-lazy\" height=\"480\" id=\"envira-gallery-image-20640\" srcset=\"data:image\/gif;base64,R0lGODlhAQABAIAAAP\/\/\/\/\/\/\/yH5BAEKAAEALAAAAAABAAEAAAICTAEAOw==\" tabindex=\"-1\" title=\"FC Prishtina - FCK05_28-05-25-32\" width=\"640\" data-caption=\"\" data-envira-gallery-id=\"20702\" data-envira-index=\"31\" data-envira-item-id=\"20640\" data-envira-src=\"https:\/\/regese.ch\/fussball\/wp-content\/uploads\/2025\/05\/FC-Prishtina-FCK05_28-05-25-32-1536x1024.jpg\" data-envira-srcset=\"https:\/\/regese.ch\/fussball\/wp-content\/uploads\/2025\/05\/FC-Prishtina-FCK05_28-05-25-32-1536x1024.jpg 400w, https:\/\/regese.ch\/fussball\/wp-content\/uploads\/2025\/05\/FC-Prishtina-FCK05_28-05-25-32-1536x1024.jpg 2x\" data-title=\"FC Prishtina - FCK05_28-05-25-32\" itemprop=\"thumbnailUrl\"  data-envirabox=\"20702\" \/><\/div><\/a><div class=\"envira-gallery-captioned-data envira-gallery-captioned-data-base\"><\/div><\/div><\/div><div id=\"envira-gallery-item-20641\" class=\"envira-gallery-item envira-gallery-item-33 envira-lazy-load enviratope-item\" style=\"padding-left: 5px; padding-bottom: 10px; padding-right: 5px;\"  itemscope itemtype=\"https:\/\/schema.org\/ImageObject\"><div class=\"envira-gallery-item-inner\"><div class=\"envira-gallery-position-overlay envira-gallery-top-left\"><\/div><div class=\"envira-gallery-position-overlay envira-gallery-top-right\"><\/div><div class=\"envira-gallery-position-overlay envira-gallery-bottom-left\"><\/div><div class=\"envira-gallery-position-overlay envira-gallery-bottom-right\"><\/div><a class=\"envira-gallery-20702 envira-gallery-link\" href=\"https:\/\/regese.ch\/fussball\/wp-content\/uploads\/2025\/05\/FC-Prishtina-FCK05_28-05-25-33.jpg\" title=\"FC Prishtina - FCK05_28-05-25-33\" data-caption=\"\" data-envira-item-id=\"20641\" data-envira-retina=\"https:\/\/regese.ch\/fussball\/wp-content\/uploads\/2025\/05\/FC-Prishtina-FCK05_28-05-25-33.jpg\" data-thumb=\"https:\/\/regese.ch\/fussball\/wp-content\/uploads\/2025\/05\/FC-Prishtina-FCK05_28-05-25-33-75x50_c.jpg\" data-title=\"FC Prishtina - FCK05_28-05-25-33\" data-envirabox='20702' itemprop=\"contentUrl\"><div class=\"envira-lazy\" style=\"padding-bottom: 75%;\" data-envira-changed=\"false\" data-width=\"640\" data-height=\"480\"><img loading=\"lazy\" decoding=\"async\" src=\"https:\/\/regese.ch\/fussball\/wp-content\/uploads\/2025\/05\/FC-Prishtina-FCK05_28-05-25-33-1536x1024.jpg\" alt=\"\" class=\"envira-gallery-image envira-gallery-image-33    envira-lazy\" height=\"480\" id=\"envira-gallery-image-20641\" srcset=\"data:image\/gif;base64,R0lGODlhAQABAIAAAP\/\/\/\/\/\/\/yH5BAEKAAEALAAAAAABAAEAAAICTAEAOw==\" tabindex=\"-1\" title=\"FC Prishtina - FCK05_28-05-25-33\" width=\"640\" data-caption=\"\" data-envira-gallery-id=\"20702\" data-envira-index=\"32\" data-envira-item-id=\"20641\" data-envira-src=\"https:\/\/regese.ch\/fussball\/wp-content\/uploads\/2025\/05\/FC-Prishtina-FCK05_28-05-25-33-1536x1024.jpg\" data-envira-srcset=\"https:\/\/regese.ch\/fussball\/wp-content\/uploads\/2025\/05\/FC-Prishtina-FCK05_28-05-25-33-1536x1024.jpg 400w, https:\/\/regese.ch\/fussball\/wp-content\/uploads\/2025\/05\/FC-Prishtina-FCK05_28-05-25-33-1536x1024.jpg 2x\" data-title=\"FC Prishtina - FCK05_28-05-25-33\" itemprop=\"thumbnailUrl\"  data-envirabox=\"20702\" \/><\/div><\/a><div class=\"envira-gallery-captioned-data envira-gallery-captioned-data-base\"><\/div><\/div><\/div><div id=\"envira-gallery-item-20642\" class=\"envira-gallery-item envira-gallery-item-34 envira-lazy-load enviratope-item\" style=\"padding-left: 5px; padding-bottom: 10px; padding-right: 5px;\"  itemscope itemtype=\"https:\/\/schema.org\/ImageObject\"><div class=\"envira-gallery-item-inner\"><div class=\"envira-gallery-position-overlay envira-gallery-top-left\"><\/div><div class=\"envira-gallery-position-overlay envira-gallery-top-right\"><\/div><div class=\"envira-gallery-position-overlay envira-gallery-bottom-left\"><\/div><div class=\"envira-gallery-position-overlay envira-gallery-bottom-right\"><\/div><a class=\"envira-gallery-20702 envira-gallery-link\" href=\"https:\/\/regese.ch\/fussball\/wp-content\/uploads\/2025\/05\/FC-Prishtina-FCK05_28-05-25-34.jpg\" title=\"FC Prishtina - FCK05_28-05-25-34\" data-caption=\"\" data-envira-item-id=\"20642\" data-envira-retina=\"https:\/\/regese.ch\/fussball\/wp-content\/uploads\/2025\/05\/FC-Prishtina-FCK05_28-05-25-34.jpg\" data-thumb=\"https:\/\/regese.ch\/fussball\/wp-content\/uploads\/2025\/05\/FC-Prishtina-FCK05_28-05-25-34-75x50_c.jpg\" data-title=\"FC Prishtina - FCK05_28-05-25-34\" data-envirabox='20702' itemprop=\"contentUrl\"><div class=\"envira-lazy\" style=\"padding-bottom: 75%;\" data-envira-changed=\"false\" data-width=\"640\" data-height=\"480\"><img loading=\"lazy\" decoding=\"async\" src=\"https:\/\/regese.ch\/fussball\/wp-content\/uploads\/2025\/05\/FC-Prishtina-FCK05_28-05-25-34-1536x1024.jpg\" alt=\"\" class=\"envira-gallery-image envira-gallery-image-34    envira-lazy\" height=\"480\" id=\"envira-gallery-image-20642\" srcset=\"data:image\/gif;base64,R0lGODlhAQABAIAAAP\/\/\/\/\/\/\/yH5BAEKAAEALAAAAAABAAEAAAICTAEAOw==\" tabindex=\"-1\" title=\"FC Prishtina - FCK05_28-05-25-34\" width=\"640\" data-caption=\"\" data-envira-gallery-id=\"20702\" data-envira-index=\"33\" data-envira-item-id=\"20642\" data-envira-src=\"https:\/\/regese.ch\/fussball\/wp-content\/uploads\/2025\/05\/FC-Prishtina-FCK05_28-05-25-34-1536x1024.jpg\" data-envira-srcset=\"https:\/\/regese.ch\/fussball\/wp-content\/uploads\/2025\/05\/FC-Prishtina-FCK05_28-05-25-34-1536x1024.jpg 400w, https:\/\/regese.ch\/fussball\/wp-content\/uploads\/2025\/05\/FC-Prishtina-FCK05_28-05-25-34-1536x1024.jpg 2x\" data-title=\"FC Prishtina - FCK05_28-05-25-34\" itemprop=\"thumbnailUrl\"  data-envirabox=\"20702\" \/><\/div><\/a><div class=\"envira-gallery-captioned-data envira-gallery-captioned-data-base\"><\/div><\/div><\/div><div id=\"envira-gallery-item-20643\" class=\"envira-gallery-item envira-gallery-item-35 envira-lazy-load enviratope-item\" style=\"padding-left: 5px; padding-bottom: 10px; padding-right: 5px;\"  itemscope itemtype=\"https:\/\/schema.org\/ImageObject\"><div class=\"envira-gallery-item-inner\"><div class=\"envira-gallery-position-overlay envira-gallery-top-left\"><\/div><div class=\"envira-gallery-position-overlay envira-gallery-top-right\"><\/div><div class=\"envira-gallery-position-overlay envira-gallery-bottom-left\"><\/div><div class=\"envira-gallery-position-overlay envira-gallery-bottom-right\"><\/div><a class=\"envira-gallery-20702 envira-gallery-link\" href=\"https:\/\/regese.ch\/fussball\/wp-content\/uploads\/2025\/05\/FC-Prishtina-FCK05_28-05-25-35.jpg\" title=\"FC Prishtina - FCK05_28-05-25-35\" data-caption=\"\" data-envira-item-id=\"20643\" data-envira-retina=\"https:\/\/regese.ch\/fussball\/wp-content\/uploads\/2025\/05\/FC-Prishtina-FCK05_28-05-25-35.jpg\" data-thumb=\"https:\/\/regese.ch\/fussball\/wp-content\/uploads\/2025\/05\/FC-Prishtina-FCK05_28-05-25-35-75x50_c.jpg\" data-title=\"FC Prishtina - FCK05_28-05-25-35\" data-envirabox='20702' itemprop=\"contentUrl\"><div class=\"envira-lazy\" style=\"padding-bottom: 75%;\" data-envira-changed=\"false\" data-width=\"640\" data-height=\"480\"><img loading=\"lazy\" decoding=\"async\" src=\"https:\/\/regese.ch\/fussball\/wp-content\/uploads\/2025\/05\/FC-Prishtina-FCK05_28-05-25-35-1536x1024.jpg\" alt=\"\" class=\"envira-gallery-image envira-gallery-image-35    envira-lazy\" height=\"480\" id=\"envira-gallery-image-20643\" srcset=\"data:image\/gif;base64,R0lGODlhAQABAIAAAP\/\/\/\/\/\/\/yH5BAEKAAEALAAAAAABAAEAAAICTAEAOw==\" tabindex=\"-1\" title=\"FC Prishtina - FCK05_28-05-25-35\" width=\"640\" data-caption=\"\" data-envira-gallery-id=\"20702\" data-envira-index=\"34\" data-envira-item-id=\"20643\" data-envira-src=\"https:\/\/regese.ch\/fussball\/wp-content\/uploads\/2025\/05\/FC-Prishtina-FCK05_28-05-25-35-1536x1024.jpg\" data-envira-srcset=\"https:\/\/regese.ch\/fussball\/wp-content\/uploads\/2025\/05\/FC-Prishtina-FCK05_28-05-25-35-1536x1024.jpg 400w, https:\/\/regese.ch\/fussball\/wp-content\/uploads\/2025\/05\/FC-Prishtina-FCK05_28-05-25-35-1536x1024.jpg 2x\" data-title=\"FC Prishtina - FCK05_28-05-25-35\" itemprop=\"thumbnailUrl\"  data-envirabox=\"20702\" \/><\/div><\/a><div class=\"envira-gallery-captioned-data envira-gallery-captioned-data-base\"><\/div><\/div><\/div><div id=\"envira-gallery-item-20644\" class=\"envira-gallery-item envira-gallery-item-36 envira-lazy-load enviratope-item\" style=\"padding-left: 5px; padding-bottom: 10px; padding-right: 5px;\"  itemscope itemtype=\"https:\/\/schema.org\/ImageObject\"><div class=\"envira-gallery-item-inner\"><div class=\"envira-gallery-position-overlay envira-gallery-top-left\"><\/div><div class=\"envira-gallery-position-overlay envira-gallery-top-right\"><\/div><div class=\"envira-gallery-position-overlay envira-gallery-bottom-left\"><\/div><div class=\"envira-gallery-position-overlay envira-gallery-bottom-right\"><\/div><a class=\"envira-gallery-20702 envira-gallery-link\" href=\"https:\/\/regese.ch\/fussball\/wp-content\/uploads\/2025\/05\/FC-Prishtina-FCK05_28-05-25-36.jpg\" title=\"FC Prishtina - FCK05_28-05-25-36\" data-caption=\"\" data-envira-item-id=\"20644\" data-envira-retina=\"https:\/\/regese.ch\/fussball\/wp-content\/uploads\/2025\/05\/FC-Prishtina-FCK05_28-05-25-36.jpg\" data-thumb=\"https:\/\/regese.ch\/fussball\/wp-content\/uploads\/2025\/05\/FC-Prishtina-FCK05_28-05-25-36-75x50_c.jpg\" data-title=\"FC Prishtina - FCK05_28-05-25-36\" data-envirabox='20702' itemprop=\"contentUrl\"><div class=\"envira-lazy\" style=\"padding-bottom: 75%;\" data-envira-changed=\"false\" data-width=\"640\" data-height=\"480\"><img loading=\"lazy\" decoding=\"async\" src=\"https:\/\/regese.ch\/fussball\/wp-content\/uploads\/2025\/05\/FC-Prishtina-FCK05_28-05-25-36-1536x1024.jpg\" alt=\"\" class=\"envira-gallery-image envira-gallery-image-36    envira-lazy\" height=\"480\" id=\"envira-gallery-image-20644\" srcset=\"data:image\/gif;base64,R0lGODlhAQABAIAAAP\/\/\/\/\/\/\/yH5BAEKAAEALAAAAAABAAEAAAICTAEAOw==\" tabindex=\"-1\" title=\"FC Prishtina - FCK05_28-05-25-36\" width=\"640\" data-caption=\"\" data-envira-gallery-id=\"20702\" data-envira-index=\"35\" data-envira-item-id=\"20644\" data-envira-src=\"https:\/\/regese.ch\/fussball\/wp-content\/uploads\/2025\/05\/FC-Prishtina-FCK05_28-05-25-36-1536x1024.jpg\" data-envira-srcset=\"https:\/\/regese.ch\/fussball\/wp-content\/uploads\/2025\/05\/FC-Prishtina-FCK05_28-05-25-36-1536x1024.jpg 400w, https:\/\/regese.ch\/fussball\/wp-content\/uploads\/2025\/05\/FC-Prishtina-FCK05_28-05-25-36-1536x1024.jpg 2x\" data-title=\"FC Prishtina - FCK05_28-05-25-36\" itemprop=\"thumbnailUrl\"  data-envirabox=\"20702\" \/><\/div><\/a><div class=\"envira-gallery-captioned-data envira-gallery-captioned-data-base\"><\/div><\/div><\/div><div id=\"envira-gallery-item-20645\" class=\"envira-gallery-item envira-gallery-item-37 envira-lazy-load enviratope-item\" style=\"padding-left: 5px; padding-bottom: 10px; padding-right: 5px;\"  itemscope itemtype=\"https:\/\/schema.org\/ImageObject\"><div class=\"envira-gallery-item-inner\"><div class=\"envira-gallery-position-overlay envira-gallery-top-left\"><\/div><div class=\"envira-gallery-position-overlay envira-gallery-top-right\"><\/div><div class=\"envira-gallery-position-overlay envira-gallery-bottom-left\"><\/div><div class=\"envira-gallery-position-overlay envira-gallery-bottom-right\"><\/div><a class=\"envira-gallery-20702 envira-gallery-link\" href=\"https:\/\/regese.ch\/fussball\/wp-content\/uploads\/2025\/05\/FC-Prishtina-FCK05_28-05-25-37.jpg\" title=\"FC Prishtina - FCK05_28-05-25-37\" data-caption=\"\" data-envira-item-id=\"20645\" data-envira-retina=\"https:\/\/regese.ch\/fussball\/wp-content\/uploads\/2025\/05\/FC-Prishtina-FCK05_28-05-25-37.jpg\" data-thumb=\"https:\/\/regese.ch\/fussball\/wp-content\/uploads\/2025\/05\/FC-Prishtina-FCK05_28-05-25-37-75x50_c.jpg\" data-title=\"FC Prishtina - FCK05_28-05-25-37\" data-envirabox='20702' itemprop=\"contentUrl\"><div class=\"envira-lazy\" style=\"padding-bottom: 75%;\" data-envira-changed=\"false\" data-width=\"640\" data-height=\"480\"><img loading=\"lazy\" decoding=\"async\" src=\"https:\/\/regese.ch\/fussball\/wp-content\/uploads\/2025\/05\/FC-Prishtina-FCK05_28-05-25-37-1536x1024.jpg\" alt=\"\" class=\"envira-gallery-image envira-gallery-image-37    envira-lazy\" height=\"480\" id=\"envira-gallery-image-20645\" srcset=\"data:image\/gif;base64,R0lGODlhAQABAIAAAP\/\/\/\/\/\/\/yH5BAEKAAEALAAAAAABAAEAAAICTAEAOw==\" tabindex=\"-1\" title=\"FC Prishtina - FCK05_28-05-25-37\" width=\"640\" data-caption=\"\" data-envira-gallery-id=\"20702\" data-envira-index=\"36\" data-envira-item-id=\"20645\" data-envira-src=\"https:\/\/regese.ch\/fussball\/wp-content\/uploads\/2025\/05\/FC-Prishtina-FCK05_28-05-25-37-1536x1024.jpg\" data-envira-srcset=\"https:\/\/regese.ch\/fussball\/wp-content\/uploads\/2025\/05\/FC-Prishtina-FCK05_28-05-25-37-1536x1024.jpg 400w, https:\/\/regese.ch\/fussball\/wp-content\/uploads\/2025\/05\/FC-Prishtina-FCK05_28-05-25-37-1536x1024.jpg 2x\" data-title=\"FC Prishtina - FCK05_28-05-25-37\" itemprop=\"thumbnailUrl\"  data-envirabox=\"20702\" \/><\/div><\/a><div class=\"envira-gallery-captioned-data envira-gallery-captioned-data-base\"><\/div><\/div><\/div><div id=\"envira-gallery-item-20646\" class=\"envira-gallery-item envira-gallery-item-38 envira-lazy-load enviratope-item\" style=\"padding-left: 5px; padding-bottom: 10px; padding-right: 5px;\"  itemscope itemtype=\"https:\/\/schema.org\/ImageObject\"><div class=\"envira-gallery-item-inner\"><div class=\"envira-gallery-position-overlay envira-gallery-top-left\"><\/div><div class=\"envira-gallery-position-overlay envira-gallery-top-right\"><\/div><div class=\"envira-gallery-position-overlay envira-gallery-bottom-left\"><\/div><div class=\"envira-gallery-position-overlay envira-gallery-bottom-right\"><\/div><a class=\"envira-gallery-20702 envira-gallery-link\" href=\"https:\/\/regese.ch\/fussball\/wp-content\/uploads\/2025\/05\/FC-Prishtina-FCK05_28-05-25-38.jpg\" title=\"FC Prishtina - FCK05_28-05-25-38\" data-caption=\"\" data-envira-item-id=\"20646\" data-envira-retina=\"https:\/\/regese.ch\/fussball\/wp-content\/uploads\/2025\/05\/FC-Prishtina-FCK05_28-05-25-38.jpg\" data-thumb=\"https:\/\/regese.ch\/fussball\/wp-content\/uploads\/2025\/05\/FC-Prishtina-FCK05_28-05-25-38-75x50_c.jpg\" data-title=\"FC Prishtina - FCK05_28-05-25-38\" data-envirabox='20702' itemprop=\"contentUrl\"><div class=\"envira-lazy\" style=\"padding-bottom: 75%;\" data-envira-changed=\"false\" data-width=\"640\" data-height=\"480\"><img loading=\"lazy\" decoding=\"async\" src=\"https:\/\/regese.ch\/fussball\/wp-content\/uploads\/2025\/05\/FC-Prishtina-FCK05_28-05-25-38-1536x1024.jpg\" alt=\"\" class=\"envira-gallery-image envira-gallery-image-38    envira-lazy\" height=\"480\" id=\"envira-gallery-image-20646\" srcset=\"data:image\/gif;base64,R0lGODlhAQABAIAAAP\/\/\/\/\/\/\/yH5BAEKAAEALAAAAAABAAEAAAICTAEAOw==\" tabindex=\"-1\" title=\"FC Prishtina - FCK05_28-05-25-38\" width=\"640\" data-caption=\"\" data-envira-gallery-id=\"20702\" data-envira-index=\"37\" data-envira-item-id=\"20646\" data-envira-src=\"https:\/\/regese.ch\/fussball\/wp-content\/uploads\/2025\/05\/FC-Prishtina-FCK05_28-05-25-38-1536x1024.jpg\" data-envira-srcset=\"https:\/\/regese.ch\/fussball\/wp-content\/uploads\/2025\/05\/FC-Prishtina-FCK05_28-05-25-38-1536x1024.jpg 400w, https:\/\/regese.ch\/fussball\/wp-content\/uploads\/2025\/05\/FC-Prishtina-FCK05_28-05-25-38-1536x1024.jpg 2x\" data-title=\"FC Prishtina - FCK05_28-05-25-38\" itemprop=\"thumbnailUrl\"  data-envirabox=\"20702\" \/><\/div><\/a><div class=\"envira-gallery-captioned-data envira-gallery-captioned-data-base\"><\/div><\/div><\/div><div id=\"envira-gallery-item-20647\" class=\"envira-gallery-item envira-gallery-item-39 envira-lazy-load enviratope-item\" style=\"padding-left: 5px; padding-bottom: 10px; padding-right: 5px;\"  itemscope itemtype=\"https:\/\/schema.org\/ImageObject\"><div class=\"envira-gallery-item-inner\"><div class=\"envira-gallery-position-overlay envira-gallery-top-left\"><\/div><div class=\"envira-gallery-position-overlay envira-gallery-top-right\"><\/div><div class=\"envira-gallery-position-overlay envira-gallery-bottom-left\"><\/div><div class=\"envira-gallery-position-overlay envira-gallery-bottom-right\"><\/div><a class=\"envira-gallery-20702 envira-gallery-link\" href=\"https:\/\/regese.ch\/fussball\/wp-content\/uploads\/2025\/05\/FC-Prishtina-FCK05_28-05-25-39.jpg\" title=\"FC Prishtina - FCK05_28-05-25-39\" data-caption=\"\" data-envira-item-id=\"20647\" data-envira-retina=\"https:\/\/regese.ch\/fussball\/wp-content\/uploads\/2025\/05\/FC-Prishtina-FCK05_28-05-25-39.jpg\" data-thumb=\"https:\/\/regese.ch\/fussball\/wp-content\/uploads\/2025\/05\/FC-Prishtina-FCK05_28-05-25-39-75x50_c.jpg\" data-title=\"FC Prishtina - FCK05_28-05-25-39\" data-envirabox='20702' itemprop=\"contentUrl\"><div class=\"envira-lazy\" style=\"padding-bottom: 75%;\" data-envira-changed=\"false\" data-width=\"640\" data-height=\"480\"><img loading=\"lazy\" decoding=\"async\" src=\"https:\/\/regese.ch\/fussball\/wp-content\/uploads\/2025\/05\/FC-Prishtina-FCK05_28-05-25-39-1536x1024.jpg\" alt=\"\" class=\"envira-gallery-image envira-gallery-image-39    envira-lazy\" height=\"480\" id=\"envira-gallery-image-20647\" srcset=\"data:image\/gif;base64,R0lGODlhAQABAIAAAP\/\/\/\/\/\/\/yH5BAEKAAEALAAAAAABAAEAAAICTAEAOw==\" tabindex=\"-1\" title=\"FC Prishtina - FCK05_28-05-25-39\" width=\"640\" data-caption=\"\" data-envira-gallery-id=\"20702\" data-envira-index=\"38\" data-envira-item-id=\"20647\" data-envira-src=\"https:\/\/regese.ch\/fussball\/wp-content\/uploads\/2025\/05\/FC-Prishtina-FCK05_28-05-25-39-1536x1024.jpg\" data-envira-srcset=\"https:\/\/regese.ch\/fussball\/wp-content\/uploads\/2025\/05\/FC-Prishtina-FCK05_28-05-25-39-1536x1024.jpg 400w, https:\/\/regese.ch\/fussball\/wp-content\/uploads\/2025\/05\/FC-Prishtina-FCK05_28-05-25-39-1536x1024.jpg 2x\" data-title=\"FC Prishtina - FCK05_28-05-25-39\" itemprop=\"thumbnailUrl\"  data-envirabox=\"20702\" \/><\/div><\/a><div class=\"envira-gallery-captioned-data envira-gallery-captioned-data-base\"><\/div><\/div><\/div><div id=\"envira-gallery-item-20648\" class=\"envira-gallery-item envira-gallery-item-40 envira-lazy-load enviratope-item\" style=\"padding-left: 5px; padding-bottom: 10px; padding-right: 5px;\"  itemscope itemtype=\"https:\/\/schema.org\/ImageObject\"><div class=\"envira-gallery-item-inner\"><div class=\"envira-gallery-position-overlay envira-gallery-top-left\"><\/div><div class=\"envira-gallery-position-overlay envira-gallery-top-right\"><\/div><div class=\"envira-gallery-position-overlay envira-gallery-bottom-left\"><\/div><div class=\"envira-gallery-position-overlay envira-gallery-bottom-right\"><\/div><a class=\"envira-gallery-20702 envira-gallery-link\" href=\"https:\/\/regese.ch\/fussball\/wp-content\/uploads\/2025\/05\/FC-Prishtina-FCK05_28-05-25-40.jpg\" title=\"FC Prishtina - FCK05_28-05-25-40\" data-caption=\"\" data-envira-item-id=\"20648\" data-envira-retina=\"https:\/\/regese.ch\/fussball\/wp-content\/uploads\/2025\/05\/FC-Prishtina-FCK05_28-05-25-40.jpg\" data-thumb=\"https:\/\/regese.ch\/fussball\/wp-content\/uploads\/2025\/05\/FC-Prishtina-FCK05_28-05-25-40-75x50_c.jpg\" data-title=\"FC Prishtina - FCK05_28-05-25-40\" data-envirabox='20702' itemprop=\"contentUrl\"><div class=\"envira-lazy\" style=\"padding-bottom: 75%;\" data-envira-changed=\"false\" data-width=\"640\" data-height=\"480\"><img loading=\"lazy\" decoding=\"async\" src=\"https:\/\/regese.ch\/fussball\/wp-content\/uploads\/2025\/05\/FC-Prishtina-FCK05_28-05-25-40-1536x1024.jpg\" alt=\"\" class=\"envira-gallery-image envira-gallery-image-40    envira-lazy\" height=\"480\" id=\"envira-gallery-image-20648\" srcset=\"data:image\/gif;base64,R0lGODlhAQABAIAAAP\/\/\/\/\/\/\/yH5BAEKAAEALAAAAAABAAEAAAICTAEAOw==\" tabindex=\"-1\" title=\"FC Prishtina - FCK05_28-05-25-40\" width=\"640\" data-caption=\"\" data-envira-gallery-id=\"20702\" data-envira-index=\"39\" data-envira-item-id=\"20648\" data-envira-src=\"https:\/\/regese.ch\/fussball\/wp-content\/uploads\/2025\/05\/FC-Prishtina-FCK05_28-05-25-40-1536x1024.jpg\" data-envira-srcset=\"https:\/\/regese.ch\/fussball\/wp-content\/uploads\/2025\/05\/FC-Prishtina-FCK05_28-05-25-40-1536x1024.jpg 400w, https:\/\/regese.ch\/fussball\/wp-content\/uploads\/2025\/05\/FC-Prishtina-FCK05_28-05-25-40-1536x1024.jpg 2x\" data-title=\"FC Prishtina - FCK05_28-05-25-40\" itemprop=\"thumbnailUrl\"  data-envirabox=\"20702\" \/><\/div><\/a><div class=\"envira-gallery-captioned-data envira-gallery-captioned-data-base\"><\/div><\/div><\/div><div id=\"envira-gallery-item-20649\" class=\"envira-gallery-item envira-gallery-item-41 envira-lazy-load enviratope-item\" style=\"padding-left: 5px; padding-bottom: 10px; padding-right: 5px;\"  itemscope itemtype=\"https:\/\/schema.org\/ImageObject\"><div class=\"envira-gallery-item-inner\"><div class=\"envira-gallery-position-overlay envira-gallery-top-left\"><\/div><div class=\"envira-gallery-position-overlay envira-gallery-top-right\"><\/div><div class=\"envira-gallery-position-overlay envira-gallery-bottom-left\"><\/div><div class=\"envira-gallery-position-overlay envira-gallery-bottom-right\"><\/div><a class=\"envira-gallery-20702 envira-gallery-link\" href=\"https:\/\/regese.ch\/fussball\/wp-content\/uploads\/2025\/05\/FC-Prishtina-FCK05_28-05-25-41.jpg\" title=\"FC Prishtina - FCK05_28-05-25-41\" data-caption=\"\" data-envira-item-id=\"20649\" data-envira-retina=\"https:\/\/regese.ch\/fussball\/wp-content\/uploads\/2025\/05\/FC-Prishtina-FCK05_28-05-25-41.jpg\" data-thumb=\"https:\/\/regese.ch\/fussball\/wp-content\/uploads\/2025\/05\/FC-Prishtina-FCK05_28-05-25-41-75x50_c.jpg\" data-title=\"FC Prishtina - FCK05_28-05-25-41\" data-envirabox='20702' itemprop=\"contentUrl\"><div class=\"envira-lazy\" style=\"padding-bottom: 75%;\" data-envira-changed=\"false\" data-width=\"640\" data-height=\"480\"><img loading=\"lazy\" decoding=\"async\" src=\"https:\/\/regese.ch\/fussball\/wp-content\/uploads\/2025\/05\/FC-Prishtina-FCK05_28-05-25-41.jpg\" alt=\"\" class=\"envira-gallery-image envira-gallery-image-41    envira-lazy\" height=\"480\" id=\"envira-gallery-image-20649\" srcset=\"data:image\/gif;base64,R0lGODlhAQABAIAAAP\/\/\/\/\/\/\/yH5BAEKAAEALAAAAAABAAEAAAICTAEAOw==\" tabindex=\"-1\" title=\"FC Prishtina - FCK05_28-05-25-41\" width=\"640\" data-caption=\"\" data-envira-gallery-id=\"20702\" data-envira-index=\"40\" data-envira-item-id=\"20649\" data-envira-src=\"https:\/\/regese.ch\/fussball\/wp-content\/uploads\/2025\/05\/FC-Prishtina-FCK05_28-05-25-41.jpg\" data-envira-srcset=\"https:\/\/regese.ch\/fussball\/wp-content\/uploads\/2025\/05\/FC-Prishtina-FCK05_28-05-25-41.jpg 400w, https:\/\/regese.ch\/fussball\/wp-content\/uploads\/2025\/05\/FC-Prishtina-FCK05_28-05-25-41.jpg 2x\" data-title=\"FC Prishtina - FCK05_28-05-25-41\" itemprop=\"thumbnailUrl\"  data-envirabox=\"20702\" \/><\/div><\/a><div class=\"envira-gallery-captioned-data envira-gallery-captioned-data-base\"><\/div><\/div><\/div><div id=\"envira-gallery-item-20650\" class=\"envira-gallery-item envira-gallery-item-42 envira-lazy-load enviratope-item\" style=\"padding-left: 5px; padding-bottom: 10px; padding-right: 5px;\"  itemscope itemtype=\"https:\/\/schema.org\/ImageObject\"><div class=\"envira-gallery-item-inner\"><div class=\"envira-gallery-position-overlay envira-gallery-top-left\"><\/div><div class=\"envira-gallery-position-overlay envira-gallery-top-right\"><\/div><div class=\"envira-gallery-position-overlay envira-gallery-bottom-left\"><\/div><div class=\"envira-gallery-position-overlay envira-gallery-bottom-right\"><\/div><a class=\"envira-gallery-20702 envira-gallery-link\" href=\"https:\/\/regese.ch\/fussball\/wp-content\/uploads\/2025\/05\/FC-Prishtina-FCK05_28-05-25-43.jpg\" title=\"FC Prishtina - FCK05_28-05-25-43\" data-caption=\"\" data-envira-item-id=\"20650\" data-envira-retina=\"https:\/\/regese.ch\/fussball\/wp-content\/uploads\/2025\/05\/FC-Prishtina-FCK05_28-05-25-43.jpg\" data-thumb=\"https:\/\/regese.ch\/fussball\/wp-content\/uploads\/2025\/05\/FC-Prishtina-FCK05_28-05-25-43-75x50_c.jpg\" data-title=\"FC Prishtina - FCK05_28-05-25-43\" data-envirabox='20702' itemprop=\"contentUrl\"><div class=\"envira-lazy\" style=\"padding-bottom: 75%;\" data-envira-changed=\"false\" data-width=\"640\" data-height=\"480\"><img loading=\"lazy\" decoding=\"async\" src=\"https:\/\/regese.ch\/fussball\/wp-content\/uploads\/2025\/05\/FC-Prishtina-FCK05_28-05-25-43-1536x1024.jpg\" alt=\"\" class=\"envira-gallery-image envira-gallery-image-42    envira-lazy\" height=\"480\" id=\"envira-gallery-image-20650\" srcset=\"data:image\/gif;base64,R0lGODlhAQABAIAAAP\/\/\/\/\/\/\/yH5BAEKAAEALAAAAAABAAEAAAICTAEAOw==\" tabindex=\"-1\" title=\"FC Prishtina - FCK05_28-05-25-43\" width=\"640\" data-caption=\"\" data-envira-gallery-id=\"20702\" data-envira-index=\"41\" data-envira-item-id=\"20650\" data-envira-src=\"https:\/\/regese.ch\/fussball\/wp-content\/uploads\/2025\/05\/FC-Prishtina-FCK05_28-05-25-43-1536x1024.jpg\" data-envira-srcset=\"https:\/\/regese.ch\/fussball\/wp-content\/uploads\/2025\/05\/FC-Prishtina-FCK05_28-05-25-43-1536x1024.jpg 400w, https:\/\/regese.ch\/fussball\/wp-content\/uploads\/2025\/05\/FC-Prishtina-FCK05_28-05-25-43-1536x1024.jpg 2x\" data-title=\"FC Prishtina - FCK05_28-05-25-43\" itemprop=\"thumbnailUrl\"  data-envirabox=\"20702\" \/><\/div><\/a><div class=\"envira-gallery-captioned-data envira-gallery-captioned-data-base\"><\/div><\/div><\/div><div id=\"envira-gallery-item-20651\" class=\"envira-gallery-item envira-gallery-item-43 envira-lazy-load enviratope-item\" style=\"padding-left: 5px; padding-bottom: 10px; padding-right: 5px;\"  itemscope itemtype=\"https:\/\/schema.org\/ImageObject\"><div class=\"envira-gallery-item-inner\"><div class=\"envira-gallery-position-overlay envira-gallery-top-left\"><\/div><div class=\"envira-gallery-position-overlay envira-gallery-top-right\"><\/div><div class=\"envira-gallery-position-overlay envira-gallery-bottom-left\"><\/div><div class=\"envira-gallery-position-overlay envira-gallery-bottom-right\"><\/div><a class=\"envira-gallery-20702 envira-gallery-link\" href=\"https:\/\/regese.ch\/fussball\/wp-content\/uploads\/2025\/05\/FC-Prishtina-FCK05_28-05-25-44.jpg\" title=\"FC Prishtina - FCK05_28-05-25-44\" data-caption=\"\" data-envira-item-id=\"20651\" data-envira-retina=\"https:\/\/regese.ch\/fussball\/wp-content\/uploads\/2025\/05\/FC-Prishtina-FCK05_28-05-25-44.jpg\" data-thumb=\"https:\/\/regese.ch\/fussball\/wp-content\/uploads\/2025\/05\/FC-Prishtina-FCK05_28-05-25-44-75x50_c.jpg\" data-title=\"FC Prishtina - FCK05_28-05-25-44\" data-envirabox='20702' itemprop=\"contentUrl\"><div class=\"envira-lazy\" style=\"padding-bottom: 75%;\" data-envira-changed=\"false\" data-width=\"640\" data-height=\"480\"><img loading=\"lazy\" decoding=\"async\" src=\"https:\/\/regese.ch\/fussball\/wp-content\/uploads\/2025\/05\/FC-Prishtina-FCK05_28-05-25-44-1536x1024.jpg\" alt=\"\" class=\"envira-gallery-image envira-gallery-image-43    envira-lazy\" height=\"480\" id=\"envira-gallery-image-20651\" srcset=\"data:image\/gif;base64,R0lGODlhAQABAIAAAP\/\/\/\/\/\/\/yH5BAEKAAEALAAAAAABAAEAAAICTAEAOw==\" tabindex=\"-1\" title=\"FC Prishtina - FCK05_28-05-25-44\" width=\"640\" data-caption=\"\" data-envira-gallery-id=\"20702\" data-envira-index=\"42\" data-envira-item-id=\"20651\" data-envira-src=\"https:\/\/regese.ch\/fussball\/wp-content\/uploads\/2025\/05\/FC-Prishtina-FCK05_28-05-25-44-1536x1024.jpg\" data-envira-srcset=\"https:\/\/regese.ch\/fussball\/wp-content\/uploads\/2025\/05\/FC-Prishtina-FCK05_28-05-25-44-1536x1024.jpg 400w, https:\/\/regese.ch\/fussball\/wp-content\/uploads\/2025\/05\/FC-Prishtina-FCK05_28-05-25-44-1536x1024.jpg 2x\" data-title=\"FC Prishtina - FCK05_28-05-25-44\" itemprop=\"thumbnailUrl\"  data-envirabox=\"20702\" \/><\/div><\/a><div class=\"envira-gallery-captioned-data envira-gallery-captioned-data-base\"><\/div><\/div><\/div><div id=\"envira-gallery-item-20652\" class=\"envira-gallery-item envira-gallery-item-44 envira-lazy-load enviratope-item\" style=\"padding-left: 5px; padding-bottom: 10px; padding-right: 5px;\"  itemscope itemtype=\"https:\/\/schema.org\/ImageObject\"><div class=\"envira-gallery-item-inner\"><div class=\"envira-gallery-position-overlay envira-gallery-top-left\"><\/div><div class=\"envira-gallery-position-overlay envira-gallery-top-right\"><\/div><div class=\"envira-gallery-position-overlay envira-gallery-bottom-left\"><\/div><div class=\"envira-gallery-position-overlay envira-gallery-bottom-right\"><\/div><a class=\"envira-gallery-20702 envira-gallery-link\" href=\"https:\/\/regese.ch\/fussball\/wp-content\/uploads\/2025\/05\/FC-Prishtina-FCK05_28-05-25-45.jpg\" title=\"FC Prishtina - FCK05_28-05-25-45\" data-caption=\"\" data-envira-item-id=\"20652\" data-envira-retina=\"https:\/\/regese.ch\/fussball\/wp-content\/uploads\/2025\/05\/FC-Prishtina-FCK05_28-05-25-45.jpg\" data-thumb=\"https:\/\/regese.ch\/fussball\/wp-content\/uploads\/2025\/05\/FC-Prishtina-FCK05_28-05-25-45-75x50_c.jpg\" data-title=\"FC Prishtina - FCK05_28-05-25-45\" data-envirabox='20702' itemprop=\"contentUrl\"><div class=\"envira-lazy\" style=\"padding-bottom: 75%;\" data-envira-changed=\"false\" data-width=\"640\" data-height=\"480\"><img loading=\"lazy\" decoding=\"async\" src=\"https:\/\/regese.ch\/fussball\/wp-content\/uploads\/2025\/05\/FC-Prishtina-FCK05_28-05-25-45-1536x1024.jpg\" alt=\"\" class=\"envira-gallery-image envira-gallery-image-44    envira-lazy\" height=\"480\" id=\"envira-gallery-image-20652\" srcset=\"data:image\/gif;base64,R0lGODlhAQABAIAAAP\/\/\/\/\/\/\/yH5BAEKAAEALAAAAAABAAEAAAICTAEAOw==\" tabindex=\"-1\" title=\"FC Prishtina - FCK05_28-05-25-45\" width=\"640\" data-caption=\"\" data-envira-gallery-id=\"20702\" data-envira-index=\"43\" data-envira-item-id=\"20652\" data-envira-src=\"https:\/\/regese.ch\/fussball\/wp-content\/uploads\/2025\/05\/FC-Prishtina-FCK05_28-05-25-45-1536x1024.jpg\" data-envira-srcset=\"https:\/\/regese.ch\/fussball\/wp-content\/uploads\/2025\/05\/FC-Prishtina-FCK05_28-05-25-45-1536x1024.jpg 400w, https:\/\/regese.ch\/fussball\/wp-content\/uploads\/2025\/05\/FC-Prishtina-FCK05_28-05-25-45-1536x1024.jpg 2x\" data-title=\"FC Prishtina - FCK05_28-05-25-45\" itemprop=\"thumbnailUrl\"  data-envirabox=\"20702\" \/><\/div><\/a><div class=\"envira-gallery-captioned-data envira-gallery-captioned-data-base\"><\/div><\/div><\/div><div id=\"envira-gallery-item-20653\" class=\"envira-gallery-item envira-gallery-item-45 envira-lazy-load enviratope-item\" style=\"padding-left: 5px; padding-bottom: 10px; padding-right: 5px;\"  itemscope itemtype=\"https:\/\/schema.org\/ImageObject\"><div class=\"envira-gallery-item-inner\"><div class=\"envira-gallery-position-overlay envira-gallery-top-left\"><\/div><div class=\"envira-gallery-position-overlay envira-gallery-top-right\"><\/div><div class=\"envira-gallery-position-overlay envira-gallery-bottom-left\"><\/div><div class=\"envira-gallery-position-overlay envira-gallery-bottom-right\"><\/div><a class=\"envira-gallery-20702 envira-gallery-link\" href=\"https:\/\/regese.ch\/fussball\/wp-content\/uploads\/2025\/05\/FC-Prishtina-FCK05_28-05-25-46.jpg\" title=\"FC Prishtina - FCK05_28-05-25-46\" data-caption=\"\" data-envira-item-id=\"20653\" data-envira-retina=\"https:\/\/regese.ch\/fussball\/wp-content\/uploads\/2025\/05\/FC-Prishtina-FCK05_28-05-25-46.jpg\" data-thumb=\"https:\/\/regese.ch\/fussball\/wp-content\/uploads\/2025\/05\/FC-Prishtina-FCK05_28-05-25-46-75x50_c.jpg\" data-title=\"FC Prishtina - FCK05_28-05-25-46\" data-envirabox='20702' itemprop=\"contentUrl\"><div class=\"envira-lazy\" style=\"padding-bottom: 75%;\" data-envira-changed=\"false\" data-width=\"640\" data-height=\"480\"><img loading=\"lazy\" decoding=\"async\" src=\"https:\/\/regese.ch\/fussball\/wp-content\/uploads\/2025\/05\/FC-Prishtina-FCK05_28-05-25-46-1536x1024.jpg\" alt=\"\" class=\"envira-gallery-image envira-gallery-image-45    envira-lazy\" height=\"480\" id=\"envira-gallery-image-20653\" srcset=\"data:image\/gif;base64,R0lGODlhAQABAIAAAP\/\/\/\/\/\/\/yH5BAEKAAEALAAAAAABAAEAAAICTAEAOw==\" tabindex=\"-1\" title=\"FC Prishtina - FCK05_28-05-25-46\" width=\"640\" data-caption=\"\" data-envira-gallery-id=\"20702\" data-envira-index=\"44\" data-envira-item-id=\"20653\" data-envira-src=\"https:\/\/regese.ch\/fussball\/wp-content\/uploads\/2025\/05\/FC-Prishtina-FCK05_28-05-25-46-1536x1024.jpg\" data-envira-srcset=\"https:\/\/regese.ch\/fussball\/wp-content\/uploads\/2025\/05\/FC-Prishtina-FCK05_28-05-25-46-1536x1024.jpg 400w, https:\/\/regese.ch\/fussball\/wp-content\/uploads\/2025\/05\/FC-Prishtina-FCK05_28-05-25-46-1536x1024.jpg 2x\" data-title=\"FC Prishtina - FCK05_28-05-25-46\" itemprop=\"thumbnailUrl\"  data-envirabox=\"20702\" \/><\/div><\/a><div class=\"envira-gallery-captioned-data envira-gallery-captioned-data-base\"><\/div><\/div><\/div><div id=\"envira-gallery-item-20654\" class=\"envira-gallery-item envira-gallery-item-46 envira-lazy-load enviratope-item\" style=\"padding-left: 5px; padding-bottom: 10px; padding-right: 5px;\"  itemscope itemtype=\"https:\/\/schema.org\/ImageObject\"><div class=\"envira-gallery-item-inner\"><div class=\"envira-gallery-position-overlay envira-gallery-top-left\"><\/div><div class=\"envira-gallery-position-overlay envira-gallery-top-right\"><\/div><div class=\"envira-gallery-position-overlay envira-gallery-bottom-left\"><\/div><div class=\"envira-gallery-position-overlay envira-gallery-bottom-right\"><\/div><a class=\"envira-gallery-20702 envira-gallery-link\" href=\"https:\/\/regese.ch\/fussball\/wp-content\/uploads\/2025\/05\/FC-Prishtina-FCK05_28-05-25-47.jpg\" title=\"FC Prishtina - FCK05_28-05-25-47\" data-caption=\"\" data-envira-item-id=\"20654\" data-envira-retina=\"https:\/\/regese.ch\/fussball\/wp-content\/uploads\/2025\/05\/FC-Prishtina-FCK05_28-05-25-47.jpg\" data-thumb=\"https:\/\/regese.ch\/fussball\/wp-content\/uploads\/2025\/05\/FC-Prishtina-FCK05_28-05-25-47-75x50_c.jpg\" data-title=\"FC Prishtina - FCK05_28-05-25-47\" data-envirabox='20702' itemprop=\"contentUrl\"><div class=\"envira-lazy\" style=\"padding-bottom: 75%;\" data-envira-changed=\"false\" data-width=\"640\" data-height=\"480\"><img loading=\"lazy\" decoding=\"async\" src=\"https:\/\/regese.ch\/fussball\/wp-content\/uploads\/2025\/05\/FC-Prishtina-FCK05_28-05-25-47-1536x1024.jpg\" alt=\"\" class=\"envira-gallery-image envira-gallery-image-46    envira-lazy\" height=\"480\" id=\"envira-gallery-image-20654\" srcset=\"data:image\/gif;base64,R0lGODlhAQABAIAAAP\/\/\/\/\/\/\/yH5BAEKAAEALAAAAAABAAEAAAICTAEAOw==\" tabindex=\"-1\" title=\"FC Prishtina - FCK05_28-05-25-47\" width=\"640\" data-caption=\"\" data-envira-gallery-id=\"20702\" data-envira-index=\"45\" data-envira-item-id=\"20654\" data-envira-src=\"https:\/\/regese.ch\/fussball\/wp-content\/uploads\/2025\/05\/FC-Prishtina-FCK05_28-05-25-47-1536x1024.jpg\" data-envira-srcset=\"https:\/\/regese.ch\/fussball\/wp-content\/uploads\/2025\/05\/FC-Prishtina-FCK05_28-05-25-47-1536x1024.jpg 400w, https:\/\/regese.ch\/fussball\/wp-content\/uploads\/2025\/05\/FC-Prishtina-FCK05_28-05-25-47-1536x1024.jpg 2x\" data-title=\"FC Prishtina - FCK05_28-05-25-47\" itemprop=\"thumbnailUrl\"  data-envirabox=\"20702\" \/><\/div><\/a><div class=\"envira-gallery-captioned-data envira-gallery-captioned-data-base\"><\/div><\/div><\/div><div id=\"envira-gallery-item-20655\" class=\"envira-gallery-item envira-gallery-item-47 envira-lazy-load enviratope-item\" style=\"padding-left: 5px; padding-bottom: 10px; padding-right: 5px;\"  itemscope itemtype=\"https:\/\/schema.org\/ImageObject\"><div class=\"envira-gallery-item-inner\"><div class=\"envira-gallery-position-overlay envira-gallery-top-left\"><\/div><div class=\"envira-gallery-position-overlay envira-gallery-top-right\"><\/div><div class=\"envira-gallery-position-overlay envira-gallery-bottom-left\"><\/div><div class=\"envira-gallery-position-overlay envira-gallery-bottom-right\"><\/div><a class=\"envira-gallery-20702 envira-gallery-link\" href=\"https:\/\/regese.ch\/fussball\/wp-content\/uploads\/2025\/05\/FC-Prishtina-FCK05_28-05-25-48.jpg\" title=\"FC Prishtina - FCK05_28-05-25-48\" data-caption=\"\" data-envira-item-id=\"20655\" data-envira-retina=\"https:\/\/regese.ch\/fussball\/wp-content\/uploads\/2025\/05\/FC-Prishtina-FCK05_28-05-25-48.jpg\" data-thumb=\"https:\/\/regese.ch\/fussball\/wp-content\/uploads\/2025\/05\/FC-Prishtina-FCK05_28-05-25-48-75x50_c.jpg\" data-title=\"FC Prishtina - FCK05_28-05-25-48\" data-envirabox='20702' itemprop=\"contentUrl\"><div class=\"envira-lazy\" style=\"padding-bottom: 75%;\" data-envira-changed=\"false\" data-width=\"640\" data-height=\"480\"><img loading=\"lazy\" decoding=\"async\" src=\"https:\/\/regese.ch\/fussball\/wp-content\/uploads\/2025\/05\/FC-Prishtina-FCK05_28-05-25-48-1536x1024.jpg\" alt=\"\" class=\"envira-gallery-image envira-gallery-image-47    envira-lazy\" height=\"480\" id=\"envira-gallery-image-20655\" srcset=\"data:image\/gif;base64,R0lGODlhAQABAIAAAP\/\/\/\/\/\/\/yH5BAEKAAEALAAAAAABAAEAAAICTAEAOw==\" tabindex=\"-1\" title=\"FC Prishtina - FCK05_28-05-25-48\" width=\"640\" data-caption=\"\" data-envira-gallery-id=\"20702\" data-envira-index=\"46\" data-envira-item-id=\"20655\" data-envira-src=\"https:\/\/regese.ch\/fussball\/wp-content\/uploads\/2025\/05\/FC-Prishtina-FCK05_28-05-25-48-1536x1024.jpg\" data-envira-srcset=\"https:\/\/regese.ch\/fussball\/wp-content\/uploads\/2025\/05\/FC-Prishtina-FCK05_28-05-25-48-1536x1024.jpg 400w, https:\/\/regese.ch\/fussball\/wp-content\/uploads\/2025\/05\/FC-Prishtina-FCK05_28-05-25-48-1536x1024.jpg 2x\" data-title=\"FC Prishtina - FCK05_28-05-25-48\" itemprop=\"thumbnailUrl\"  data-envirabox=\"20702\" \/><\/div><\/a><div class=\"envira-gallery-captioned-data envira-gallery-captioned-data-base\"><\/div><\/div><\/div><div id=\"envira-gallery-item-20656\" class=\"envira-gallery-item envira-gallery-item-48 envira-lazy-load enviratope-item\" style=\"padding-left: 5px; padding-bottom: 10px; padding-right: 5px;\"  itemscope itemtype=\"https:\/\/schema.org\/ImageObject\"><div class=\"envira-gallery-item-inner\"><div class=\"envira-gallery-position-overlay envira-gallery-top-left\"><\/div><div class=\"envira-gallery-position-overlay envira-gallery-top-right\"><\/div><div class=\"envira-gallery-position-overlay envira-gallery-bottom-left\"><\/div><div class=\"envira-gallery-position-overlay envira-gallery-bottom-right\"><\/div><a class=\"envira-gallery-20702 envira-gallery-link\" href=\"https:\/\/regese.ch\/fussball\/wp-content\/uploads\/2025\/05\/FC-Prishtina-FCK05_28-05-25-49.jpg\" title=\"FC Prishtina - FCK05_28-05-25-49\" data-caption=\"\" data-envira-item-id=\"20656\" data-envira-retina=\"https:\/\/regese.ch\/fussball\/wp-content\/uploads\/2025\/05\/FC-Prishtina-FCK05_28-05-25-49.jpg\" data-thumb=\"https:\/\/regese.ch\/fussball\/wp-content\/uploads\/2025\/05\/FC-Prishtina-FCK05_28-05-25-49-75x50_c.jpg\" data-title=\"FC Prishtina - FCK05_28-05-25-49\" data-envirabox='20702' itemprop=\"contentUrl\"><div class=\"envira-lazy\" style=\"padding-bottom: 75%;\" data-envira-changed=\"false\" data-width=\"640\" data-height=\"480\"><img loading=\"lazy\" decoding=\"async\" src=\"https:\/\/regese.ch\/fussball\/wp-content\/uploads\/2025\/05\/FC-Prishtina-FCK05_28-05-25-49-1536x1024.jpg\" alt=\"\" class=\"envira-gallery-image envira-gallery-image-48    envira-lazy\" height=\"480\" id=\"envira-gallery-image-20656\" srcset=\"data:image\/gif;base64,R0lGODlhAQABAIAAAP\/\/\/\/\/\/\/yH5BAEKAAEALAAAAAABAAEAAAICTAEAOw==\" tabindex=\"-1\" title=\"FC Prishtina - FCK05_28-05-25-49\" width=\"640\" data-caption=\"\" data-envira-gallery-id=\"20702\" data-envira-index=\"47\" data-envira-item-id=\"20656\" data-envira-src=\"https:\/\/regese.ch\/fussball\/wp-content\/uploads\/2025\/05\/FC-Prishtina-FCK05_28-05-25-49-1536x1024.jpg\" data-envira-srcset=\"https:\/\/regese.ch\/fussball\/wp-content\/uploads\/2025\/05\/FC-Prishtina-FCK05_28-05-25-49-1536x1024.jpg 400w, https:\/\/regese.ch\/fussball\/wp-content\/uploads\/2025\/05\/FC-Prishtina-FCK05_28-05-25-49-1536x1024.jpg 2x\" data-title=\"FC Prishtina - FCK05_28-05-25-49\" itemprop=\"thumbnailUrl\"  data-envirabox=\"20702\" \/><\/div><\/a><div class=\"envira-gallery-captioned-data envira-gallery-captioned-data-base\"><\/div><\/div><\/div><div id=\"envira-gallery-item-20657\" class=\"envira-gallery-item envira-gallery-item-49 envira-lazy-load enviratope-item\" style=\"padding-left: 5px; padding-bottom: 10px; padding-right: 5px;\"  itemscope itemtype=\"https:\/\/schema.org\/ImageObject\"><div class=\"envira-gallery-item-inner\"><div class=\"envira-gallery-position-overlay envira-gallery-top-left\"><\/div><div class=\"envira-gallery-position-overlay envira-gallery-top-right\"><\/div><div class=\"envira-gallery-position-overlay envira-gallery-bottom-left\"><\/div><div class=\"envira-gallery-position-overlay envira-gallery-bottom-right\"><\/div><a class=\"envira-gallery-20702 envira-gallery-link\" href=\"https:\/\/regese.ch\/fussball\/wp-content\/uploads\/2025\/05\/FC-Prishtina-FCK05_28-05-25-50.jpg\" title=\"FC Prishtina - FCK05_28-05-25-50\" data-caption=\"\" data-envira-item-id=\"20657\" data-envira-retina=\"https:\/\/regese.ch\/fussball\/wp-content\/uploads\/2025\/05\/FC-Prishtina-FCK05_28-05-25-50.jpg\" data-thumb=\"https:\/\/regese.ch\/fussball\/wp-content\/uploads\/2025\/05\/FC-Prishtina-FCK05_28-05-25-50-75x50_c.jpg\" data-title=\"FC Prishtina - FCK05_28-05-25-50\" data-envirabox='20702' itemprop=\"contentUrl\"><div class=\"envira-lazy\" style=\"padding-bottom: 75%;\" data-envira-changed=\"false\" data-width=\"640\" data-height=\"480\"><img loading=\"lazy\" decoding=\"async\" src=\"https:\/\/regese.ch\/fussball\/wp-content\/uploads\/2025\/05\/FC-Prishtina-FCK05_28-05-25-50-1536x1024.jpg\" alt=\"\" class=\"envira-gallery-image envira-gallery-image-49    envira-lazy\" height=\"480\" id=\"envira-gallery-image-20657\" srcset=\"data:image\/gif;base64,R0lGODlhAQABAIAAAP\/\/\/\/\/\/\/yH5BAEKAAEALAAAAAABAAEAAAICTAEAOw==\" tabindex=\"-1\" title=\"FC Prishtina - FCK05_28-05-25-50\" width=\"640\" data-caption=\"\" data-envira-gallery-id=\"20702\" data-envira-index=\"48\" data-envira-item-id=\"20657\" data-envira-src=\"https:\/\/regese.ch\/fussball\/wp-content\/uploads\/2025\/05\/FC-Prishtina-FCK05_28-05-25-50-1536x1024.jpg\" data-envira-srcset=\"https:\/\/regese.ch\/fussball\/wp-content\/uploads\/2025\/05\/FC-Prishtina-FCK05_28-05-25-50-1536x1024.jpg 400w, https:\/\/regese.ch\/fussball\/wp-content\/uploads\/2025\/05\/FC-Prishtina-FCK05_28-05-25-50-1536x1024.jpg 2x\" data-title=\"FC Prishtina - FCK05_28-05-25-50\" itemprop=\"thumbnailUrl\"  data-envirabox=\"20702\" \/><\/div><\/a><div class=\"envira-gallery-captioned-data envira-gallery-captioned-data-base\"><\/div><\/div><\/div><div id=\"envira-gallery-item-20658\" class=\"envira-gallery-item envira-gallery-item-50 envira-lazy-load enviratope-item\" style=\"padding-left: 5px; padding-bottom: 10px; padding-right: 5px;\"  itemscope itemtype=\"https:\/\/schema.org\/ImageObject\"><div class=\"envira-gallery-item-inner\"><div class=\"envira-gallery-position-overlay envira-gallery-top-left\"><\/div><div class=\"envira-gallery-position-overlay envira-gallery-top-right\"><\/div><div class=\"envira-gallery-position-overlay envira-gallery-bottom-left\"><\/div><div class=\"envira-gallery-position-overlay envira-gallery-bottom-right\"><\/div><a class=\"envira-gallery-20702 envira-gallery-link\" href=\"https:\/\/regese.ch\/fussball\/wp-content\/uploads\/2025\/05\/FC-Prishtina-FCK05_28-05-25-51.jpg\" title=\"FC Prishtina - FCK05_28-05-25-51\" data-caption=\"\" data-envira-item-id=\"20658\" data-envira-retina=\"https:\/\/regese.ch\/fussball\/wp-content\/uploads\/2025\/05\/FC-Prishtina-FCK05_28-05-25-51.jpg\" data-thumb=\"https:\/\/regese.ch\/fussball\/wp-content\/uploads\/2025\/05\/FC-Prishtina-FCK05_28-05-25-51-75x50_c.jpg\" data-title=\"FC Prishtina - FCK05_28-05-25-51\" data-envirabox='20702' itemprop=\"contentUrl\"><div class=\"envira-lazy\" style=\"padding-bottom: 75%;\" data-envira-changed=\"false\" data-width=\"640\" data-height=\"480\"><img loading=\"lazy\" decoding=\"async\" src=\"https:\/\/regese.ch\/fussball\/wp-content\/uploads\/2025\/05\/FC-Prishtina-FCK05_28-05-25-51-1536x1024.jpg\" alt=\"\" class=\"envira-gallery-image envira-gallery-image-50    envira-lazy\" height=\"480\" id=\"envira-gallery-image-20658\" srcset=\"data:image\/gif;base64,R0lGODlhAQABAIAAAP\/\/\/\/\/\/\/yH5BAEKAAEALAAAAAABAAEAAAICTAEAOw==\" tabindex=\"-1\" title=\"FC Prishtina - FCK05_28-05-25-51\" width=\"640\" data-caption=\"\" data-envira-gallery-id=\"20702\" data-envira-index=\"49\" data-envira-item-id=\"20658\" data-envira-src=\"https:\/\/regese.ch\/fussball\/wp-content\/uploads\/2025\/05\/FC-Prishtina-FCK05_28-05-25-51-1536x1024.jpg\" data-envira-srcset=\"https:\/\/regese.ch\/fussball\/wp-content\/uploads\/2025\/05\/FC-Prishtina-FCK05_28-05-25-51-1536x1024.jpg 400w, https:\/\/regese.ch\/fussball\/wp-content\/uploads\/2025\/05\/FC-Prishtina-FCK05_28-05-25-51-1536x1024.jpg 2x\" data-title=\"FC Prishtina - FCK05_28-05-25-51\" itemprop=\"thumbnailUrl\"  data-envirabox=\"20702\" \/><\/div><\/a><div class=\"envira-gallery-captioned-data envira-gallery-captioned-data-base\"><\/div><\/div><\/div><div id=\"envira-gallery-item-20659\" class=\"envira-gallery-item envira-gallery-item-51 envira-lazy-load enviratope-item\" style=\"padding-left: 5px; padding-bottom: 10px; padding-right: 5px;\"  itemscope itemtype=\"https:\/\/schema.org\/ImageObject\"><div class=\"envira-gallery-item-inner\"><div class=\"envira-gallery-position-overlay envira-gallery-top-left\"><\/div><div class=\"envira-gallery-position-overlay envira-gallery-top-right\"><\/div><div class=\"envira-gallery-position-overlay envira-gallery-bottom-left\"><\/div><div class=\"envira-gallery-position-overlay envira-gallery-bottom-right\"><\/div><a class=\"envira-gallery-20702 envira-gallery-link\" href=\"https:\/\/regese.ch\/fussball\/wp-content\/uploads\/2025\/05\/FC-Prishtina-FCK05_28-05-25-52.jpg\" title=\"FC Prishtina - FCK05_28-05-25-52\" data-caption=\"\" data-envira-item-id=\"20659\" data-envira-retina=\"https:\/\/regese.ch\/fussball\/wp-content\/uploads\/2025\/05\/FC-Prishtina-FCK05_28-05-25-52.jpg\" data-thumb=\"https:\/\/regese.ch\/fussball\/wp-content\/uploads\/2025\/05\/FC-Prishtina-FCK05_28-05-25-52-75x50_c.jpg\" data-title=\"FC Prishtina - FCK05_28-05-25-52\" data-envirabox='20702' itemprop=\"contentUrl\"><div class=\"envira-lazy\" style=\"padding-bottom: 75%;\" data-envira-changed=\"false\" data-width=\"640\" data-height=\"480\"><img loading=\"lazy\" decoding=\"async\" src=\"https:\/\/regese.ch\/fussball\/wp-content\/uploads\/2025\/05\/FC-Prishtina-FCK05_28-05-25-52-1536x1024.jpg\" alt=\"\" class=\"envira-gallery-image envira-gallery-image-51    envira-lazy\" height=\"480\" id=\"envira-gallery-image-20659\" srcset=\"data:image\/gif;base64,R0lGODlhAQABAIAAAP\/\/\/\/\/\/\/yH5BAEKAAEALAAAAAABAAEAAAICTAEAOw==\" tabindex=\"-1\" title=\"FC Prishtina - FCK05_28-05-25-52\" width=\"640\" data-caption=\"\" data-envira-gallery-id=\"20702\" data-envira-index=\"50\" data-envira-item-id=\"20659\" data-envira-src=\"https:\/\/regese.ch\/fussball\/wp-content\/uploads\/2025\/05\/FC-Prishtina-FCK05_28-05-25-52-1536x1024.jpg\" data-envira-srcset=\"https:\/\/regese.ch\/fussball\/wp-content\/uploads\/2025\/05\/FC-Prishtina-FCK05_28-05-25-52-1536x1024.jpg 400w, https:\/\/regese.ch\/fussball\/wp-content\/uploads\/2025\/05\/FC-Prishtina-FCK05_28-05-25-52-1536x1024.jpg 2x\" data-title=\"FC Prishtina - FCK05_28-05-25-52\" itemprop=\"thumbnailUrl\"  data-envirabox=\"20702\" \/><\/div><\/a><div class=\"envira-gallery-captioned-data envira-gallery-captioned-data-base\"><\/div><\/div><\/div><div id=\"envira-gallery-item-20660\" class=\"envira-gallery-item envira-gallery-item-52 envira-lazy-load enviratope-item\" style=\"padding-left: 5px; padding-bottom: 10px; padding-right: 5px;\"  itemscope itemtype=\"https:\/\/schema.org\/ImageObject\"><div class=\"envira-gallery-item-inner\"><div class=\"envira-gallery-position-overlay envira-gallery-top-left\"><\/div><div class=\"envira-gallery-position-overlay envira-gallery-top-right\"><\/div><div class=\"envira-gallery-position-overlay envira-gallery-bottom-left\"><\/div><div class=\"envira-gallery-position-overlay envira-gallery-bottom-right\"><\/div><a class=\"envira-gallery-20702 envira-gallery-link\" href=\"https:\/\/regese.ch\/fussball\/wp-content\/uploads\/2025\/05\/FC-Prishtina-FCK05_28-05-25-53.jpg\" title=\"FC Prishtina - FCK05_28-05-25-53\" data-caption=\"\" data-envira-item-id=\"20660\" data-envira-retina=\"https:\/\/regese.ch\/fussball\/wp-content\/uploads\/2025\/05\/FC-Prishtina-FCK05_28-05-25-53.jpg\" data-thumb=\"https:\/\/regese.ch\/fussball\/wp-content\/uploads\/2025\/05\/FC-Prishtina-FCK05_28-05-25-53-75x50_c.jpg\" data-title=\"FC Prishtina - FCK05_28-05-25-53\" data-envirabox='20702' itemprop=\"contentUrl\"><div class=\"envira-lazy\" style=\"padding-bottom: 75%;\" data-envira-changed=\"false\" data-width=\"640\" data-height=\"480\"><img loading=\"lazy\" decoding=\"async\" src=\"https:\/\/regese.ch\/fussball\/wp-content\/uploads\/2025\/05\/FC-Prishtina-FCK05_28-05-25-53-1024x1536.jpg\" alt=\"\" class=\"envira-gallery-image envira-gallery-image-52    envira-lazy\" height=\"480\" id=\"envira-gallery-image-20660\" srcset=\"data:image\/gif;base64,R0lGODlhAQABAIAAAP\/\/\/\/\/\/\/yH5BAEKAAEALAAAAAABAAEAAAICTAEAOw==\" tabindex=\"-1\" title=\"FC Prishtina - FCK05_28-05-25-53\" width=\"640\" data-caption=\"\" data-envira-gallery-id=\"20702\" data-envira-index=\"51\" data-envira-item-id=\"20660\" data-envira-src=\"https:\/\/regese.ch\/fussball\/wp-content\/uploads\/2025\/05\/FC-Prishtina-FCK05_28-05-25-53-1024x1536.jpg\" data-envira-srcset=\"https:\/\/regese.ch\/fussball\/wp-content\/uploads\/2025\/05\/FC-Prishtina-FCK05_28-05-25-53-1024x1536.jpg 400w, https:\/\/regese.ch\/fussball\/wp-content\/uploads\/2025\/05\/FC-Prishtina-FCK05_28-05-25-53-1024x1536.jpg 2x\" data-title=\"FC Prishtina - FCK05_28-05-25-53\" itemprop=\"thumbnailUrl\"  data-envirabox=\"20702\" \/><\/div><\/a><div class=\"envira-gallery-captioned-data envira-gallery-captioned-data-base\"><\/div><\/div><\/div><div id=\"envira-gallery-item-20661\" class=\"envira-gallery-item envira-gallery-item-53 envira-lazy-load enviratope-item\" style=\"padding-left: 5px; padding-bottom: 10px; padding-right: 5px;\"  itemscope itemtype=\"https:\/\/schema.org\/ImageObject\"><div class=\"envira-gallery-item-inner\"><div class=\"envira-gallery-position-overlay envira-gallery-top-left\"><\/div><div class=\"envira-gallery-position-overlay envira-gallery-top-right\"><\/div><div class=\"envira-gallery-position-overlay envira-gallery-bottom-left\"><\/div><div class=\"envira-gallery-position-overlay envira-gallery-bottom-right\"><\/div><a class=\"envira-gallery-20702 envira-gallery-link\" href=\"https:\/\/regese.ch\/fussball\/wp-content\/uploads\/2025\/05\/FC-Prishtina-FCK05_28-05-25-54.jpg\" title=\"FC Prishtina - FCK05_28-05-25-54\" data-caption=\"\" data-envira-item-id=\"20661\" data-envira-retina=\"https:\/\/regese.ch\/fussball\/wp-content\/uploads\/2025\/05\/FC-Prishtina-FCK05_28-05-25-54.jpg\" data-thumb=\"https:\/\/regese.ch\/fussball\/wp-content\/uploads\/2025\/05\/FC-Prishtina-FCK05_28-05-25-54-75x50_c.jpg\" data-title=\"FC Prishtina - FCK05_28-05-25-54\" data-envirabox='20702' itemprop=\"contentUrl\"><div class=\"envira-lazy\" style=\"padding-bottom: 75%;\" data-envira-changed=\"false\" data-width=\"640\" data-height=\"480\"><img loading=\"lazy\" decoding=\"async\" src=\"https:\/\/regese.ch\/fussball\/wp-content\/uploads\/2025\/05\/FC-Prishtina-FCK05_28-05-25-54-1536x1024.jpg\" alt=\"\" class=\"envira-gallery-image envira-gallery-image-53    envira-lazy\" height=\"480\" id=\"envira-gallery-image-20661\" srcset=\"data:image\/gif;base64,R0lGODlhAQABAIAAAP\/\/\/\/\/\/\/yH5BAEKAAEALAAAAAABAAEAAAICTAEAOw==\" tabindex=\"-1\" title=\"FC Prishtina - FCK05_28-05-25-54\" width=\"640\" data-caption=\"\" data-envira-gallery-id=\"20702\" data-envira-index=\"52\" data-envira-item-id=\"20661\" data-envira-src=\"https:\/\/regese.ch\/fussball\/wp-content\/uploads\/2025\/05\/FC-Prishtina-FCK05_28-05-25-54-1536x1024.jpg\" data-envira-srcset=\"https:\/\/regese.ch\/fussball\/wp-content\/uploads\/2025\/05\/FC-Prishtina-FCK05_28-05-25-54-1536x1024.jpg 400w, https:\/\/regese.ch\/fussball\/wp-content\/uploads\/2025\/05\/FC-Prishtina-FCK05_28-05-25-54-1536x1024.jpg 2x\" data-title=\"FC Prishtina - FCK05_28-05-25-54\" itemprop=\"thumbnailUrl\"  data-envirabox=\"20702\" \/><\/div><\/a><div class=\"envira-gallery-captioned-data envira-gallery-captioned-data-base\"><\/div><\/div><\/div><div id=\"envira-gallery-item-20662\" class=\"envira-gallery-item envira-gallery-item-54 envira-lazy-load enviratope-item\" style=\"padding-left: 5px; padding-bottom: 10px; padding-right: 5px;\"  itemscope itemtype=\"https:\/\/schema.org\/ImageObject\"><div class=\"envira-gallery-item-inner\"><div class=\"envira-gallery-position-overlay envira-gallery-top-left\"><\/div><div class=\"envira-gallery-position-overlay envira-gallery-top-right\"><\/div><div class=\"envira-gallery-position-overlay envira-gallery-bottom-left\"><\/div><div class=\"envira-gallery-position-overlay envira-gallery-bottom-right\"><\/div><a class=\"envira-gallery-20702 envira-gallery-link\" href=\"https:\/\/regese.ch\/fussball\/wp-content\/uploads\/2025\/05\/FC-Prishtina-FCK05_28-05-25-55.jpg\" title=\"FC Prishtina - FCK05_28-05-25-55\" data-caption=\"\" data-envira-item-id=\"20662\" data-envira-retina=\"https:\/\/regese.ch\/fussball\/wp-content\/uploads\/2025\/05\/FC-Prishtina-FCK05_28-05-25-55.jpg\" data-thumb=\"https:\/\/regese.ch\/fussball\/wp-content\/uploads\/2025\/05\/FC-Prishtina-FCK05_28-05-25-55-75x50_c.jpg\" data-title=\"FC Prishtina - FCK05_28-05-25-55\" data-envirabox='20702' itemprop=\"contentUrl\"><div class=\"envira-lazy\" style=\"padding-bottom: 75%;\" data-envira-changed=\"false\" data-width=\"640\" data-height=\"480\"><img loading=\"lazy\" decoding=\"async\" src=\"https:\/\/regese.ch\/fussball\/wp-content\/uploads\/2025\/05\/FC-Prishtina-FCK05_28-05-25-55-1536x1024.jpg\" alt=\"\" class=\"envira-gallery-image envira-gallery-image-54    envira-lazy\" height=\"480\" id=\"envira-gallery-image-20662\" srcset=\"data:image\/gif;base64,R0lGODlhAQABAIAAAP\/\/\/\/\/\/\/yH5BAEKAAEALAAAAAABAAEAAAICTAEAOw==\" tabindex=\"-1\" title=\"FC Prishtina - FCK05_28-05-25-55\" width=\"640\" data-caption=\"\" data-envira-gallery-id=\"20702\" data-envira-index=\"53\" data-envira-item-id=\"20662\" data-envira-src=\"https:\/\/regese.ch\/fussball\/wp-content\/uploads\/2025\/05\/FC-Prishtina-FCK05_28-05-25-55-1536x1024.jpg\" data-envira-srcset=\"https:\/\/regese.ch\/fussball\/wp-content\/uploads\/2025\/05\/FC-Prishtina-FCK05_28-05-25-55-1536x1024.jpg 400w, https:\/\/regese.ch\/fussball\/wp-content\/uploads\/2025\/05\/FC-Prishtina-FCK05_28-05-25-55-1536x1024.jpg 2x\" data-title=\"FC Prishtina - FCK05_28-05-25-55\" itemprop=\"thumbnailUrl\"  data-envirabox=\"20702\" \/><\/div><\/a><div class=\"envira-gallery-captioned-data envira-gallery-captioned-data-base\"><\/div><\/div><\/div><div id=\"envira-gallery-item-20663\" class=\"envira-gallery-item envira-gallery-item-55 envira-lazy-load enviratope-item\" style=\"padding-left: 5px; padding-bottom: 10px; padding-right: 5px;\"  itemscope itemtype=\"https:\/\/schema.org\/ImageObject\"><div class=\"envira-gallery-item-inner\"><div class=\"envira-gallery-position-overlay envira-gallery-top-left\"><\/div><div class=\"envira-gallery-position-overlay envira-gallery-top-right\"><\/div><div class=\"envira-gallery-position-overlay envira-gallery-bottom-left\"><\/div><div class=\"envira-gallery-position-overlay envira-gallery-bottom-right\"><\/div><a class=\"envira-gallery-20702 envira-gallery-link\" href=\"https:\/\/regese.ch\/fussball\/wp-content\/uploads\/2025\/05\/FC-Prishtina-FCK05_28-05-25-56.jpg\" title=\"FC Prishtina - FCK05_28-05-25-56\" data-caption=\"\" data-envira-item-id=\"20663\" data-envira-retina=\"https:\/\/regese.ch\/fussball\/wp-content\/uploads\/2025\/05\/FC-Prishtina-FCK05_28-05-25-56.jpg\" data-thumb=\"https:\/\/regese.ch\/fussball\/wp-content\/uploads\/2025\/05\/FC-Prishtina-FCK05_28-05-25-56-75x50_c.jpg\" data-title=\"FC Prishtina - FCK05_28-05-25-56\" data-envirabox='20702' itemprop=\"contentUrl\"><div class=\"envira-lazy\" style=\"padding-bottom: 75%;\" data-envira-changed=\"false\" data-width=\"640\" data-height=\"480\"><img loading=\"lazy\" decoding=\"async\" src=\"https:\/\/regese.ch\/fussball\/wp-content\/uploads\/2025\/05\/FC-Prishtina-FCK05_28-05-25-56-1536x1024.jpg\" alt=\"\" class=\"envira-gallery-image envira-gallery-image-55    envira-lazy\" height=\"480\" id=\"envira-gallery-image-20663\" srcset=\"data:image\/gif;base64,R0lGODlhAQABAIAAAP\/\/\/\/\/\/\/yH5BAEKAAEALAAAAAABAAEAAAICTAEAOw==\" tabindex=\"-1\" title=\"FC Prishtina - FCK05_28-05-25-56\" width=\"640\" data-caption=\"\" data-envira-gallery-id=\"20702\" data-envira-index=\"54\" data-envira-item-id=\"20663\" data-envira-src=\"https:\/\/regese.ch\/fussball\/wp-content\/uploads\/2025\/05\/FC-Prishtina-FCK05_28-05-25-56-1536x1024.jpg\" data-envira-srcset=\"https:\/\/regese.ch\/fussball\/wp-content\/uploads\/2025\/05\/FC-Prishtina-FCK05_28-05-25-56-1536x1024.jpg 400w, https:\/\/regese.ch\/fussball\/wp-content\/uploads\/2025\/05\/FC-Prishtina-FCK05_28-05-25-56-1536x1024.jpg 2x\" data-title=\"FC Prishtina - FCK05_28-05-25-56\" itemprop=\"thumbnailUrl\"  data-envirabox=\"20702\" \/><\/div><\/a><div class=\"envira-gallery-captioned-data envira-gallery-captioned-data-base\"><\/div><\/div><\/div><div id=\"envira-gallery-item-20664\" class=\"envira-gallery-item envira-gallery-item-56 envira-lazy-load enviratope-item\" style=\"padding-left: 5px; padding-bottom: 10px; padding-right: 5px;\"  itemscope itemtype=\"https:\/\/schema.org\/ImageObject\"><div class=\"envira-gallery-item-inner\"><div class=\"envira-gallery-position-overlay envira-gallery-top-left\"><\/div><div class=\"envira-gallery-position-overlay envira-gallery-top-right\"><\/div><div class=\"envira-gallery-position-overlay envira-gallery-bottom-left\"><\/div><div class=\"envira-gallery-position-overlay envira-gallery-bottom-right\"><\/div><a class=\"envira-gallery-20702 envira-gallery-link\" href=\"https:\/\/regese.ch\/fussball\/wp-content\/uploads\/2025\/05\/FC-Prishtina-FCK05_28-05-25-57.jpg\" title=\"FC Prishtina - FCK05_28-05-25-57\" data-caption=\"\" data-envira-item-id=\"20664\" data-envira-retina=\"https:\/\/regese.ch\/fussball\/wp-content\/uploads\/2025\/05\/FC-Prishtina-FCK05_28-05-25-57.jpg\" data-thumb=\"https:\/\/regese.ch\/fussball\/wp-content\/uploads\/2025\/05\/FC-Prishtina-FCK05_28-05-25-57-75x50_c.jpg\" data-title=\"FC Prishtina - FCK05_28-05-25-57\" data-envirabox='20702' itemprop=\"contentUrl\"><div class=\"envira-lazy\" style=\"padding-bottom: 75%;\" data-envira-changed=\"false\" data-width=\"640\" data-height=\"480\"><img loading=\"lazy\" decoding=\"async\" src=\"https:\/\/regese.ch\/fussball\/wp-content\/uploads\/2025\/05\/FC-Prishtina-FCK05_28-05-25-57-1536x1024.jpg\" alt=\"\" class=\"envira-gallery-image envira-gallery-image-56    envira-lazy\" height=\"480\" id=\"envira-gallery-image-20664\" srcset=\"data:image\/gif;base64,R0lGODlhAQABAIAAAP\/\/\/\/\/\/\/yH5BAEKAAEALAAAAAABAAEAAAICTAEAOw==\" tabindex=\"-1\" title=\"FC Prishtina - FCK05_28-05-25-57\" width=\"640\" data-caption=\"\" data-envira-gallery-id=\"20702\" data-envira-index=\"55\" data-envira-item-id=\"20664\" data-envira-src=\"https:\/\/regese.ch\/fussball\/wp-content\/uploads\/2025\/05\/FC-Prishtina-FCK05_28-05-25-57-1536x1024.jpg\" data-envira-srcset=\"https:\/\/regese.ch\/fussball\/wp-content\/uploads\/2025\/05\/FC-Prishtina-FCK05_28-05-25-57-1536x1024.jpg 400w, https:\/\/regese.ch\/fussball\/wp-content\/uploads\/2025\/05\/FC-Prishtina-FCK05_28-05-25-57-1536x1024.jpg 2x\" data-title=\"FC Prishtina - FCK05_28-05-25-57\" itemprop=\"thumbnailUrl\"  data-envirabox=\"20702\" \/><\/div><\/a><div class=\"envira-gallery-captioned-data envira-gallery-captioned-data-base\"><\/div><\/div><\/div><div id=\"envira-gallery-item-20665\" class=\"envira-gallery-item envira-gallery-item-57 envira-lazy-load enviratope-item\" style=\"padding-left: 5px; padding-bottom: 10px; padding-right: 5px;\"  itemscope itemtype=\"https:\/\/schema.org\/ImageObject\"><div class=\"envira-gallery-item-inner\"><div class=\"envira-gallery-position-overlay envira-gallery-top-left\"><\/div><div class=\"envira-gallery-position-overlay envira-gallery-top-right\"><\/div><div class=\"envira-gallery-position-overlay envira-gallery-bottom-left\"><\/div><div class=\"envira-gallery-position-overlay envira-gallery-bottom-right\"><\/div><a class=\"envira-gallery-20702 envira-gallery-link\" href=\"https:\/\/regese.ch\/fussball\/wp-content\/uploads\/2025\/05\/FC-Prishtina-FCK05_28-05-25-58.jpg\" title=\"FC Prishtina - FCK05_28-05-25-58\" data-caption=\"\" data-envira-item-id=\"20665\" data-envira-retina=\"https:\/\/regese.ch\/fussball\/wp-content\/uploads\/2025\/05\/FC-Prishtina-FCK05_28-05-25-58.jpg\" data-thumb=\"https:\/\/regese.ch\/fussball\/wp-content\/uploads\/2025\/05\/FC-Prishtina-FCK05_28-05-25-58-75x50_c.jpg\" data-title=\"FC Prishtina - FCK05_28-05-25-58\" data-envirabox='20702' itemprop=\"contentUrl\"><div class=\"envira-lazy\" style=\"padding-bottom: 75%;\" data-envira-changed=\"false\" data-width=\"640\" data-height=\"480\"><img loading=\"lazy\" decoding=\"async\" src=\"https:\/\/regese.ch\/fussball\/wp-content\/uploads\/2025\/05\/FC-Prishtina-FCK05_28-05-25-58-1536x1024.jpg\" alt=\"\" class=\"envira-gallery-image envira-gallery-image-57    envira-lazy\" height=\"480\" id=\"envira-gallery-image-20665\" srcset=\"data:image\/gif;base64,R0lGODlhAQABAIAAAP\/\/\/\/\/\/\/yH5BAEKAAEALAAAAAABAAEAAAICTAEAOw==\" tabindex=\"-1\" title=\"FC Prishtina - FCK05_28-05-25-58\" width=\"640\" data-caption=\"\" data-envira-gallery-id=\"20702\" data-envira-index=\"56\" data-envira-item-id=\"20665\" data-envira-src=\"https:\/\/regese.ch\/fussball\/wp-content\/uploads\/2025\/05\/FC-Prishtina-FCK05_28-05-25-58-1536x1024.jpg\" data-envira-srcset=\"https:\/\/regese.ch\/fussball\/wp-content\/uploads\/2025\/05\/FC-Prishtina-FCK05_28-05-25-58-1536x1024.jpg 400w, https:\/\/regese.ch\/fussball\/wp-content\/uploads\/2025\/05\/FC-Prishtina-FCK05_28-05-25-58-1536x1024.jpg 2x\" data-title=\"FC Prishtina - FCK05_28-05-25-58\" itemprop=\"thumbnailUrl\"  data-envirabox=\"20702\" \/><\/div><\/a><div class=\"envira-gallery-captioned-data envira-gallery-captioned-data-base\"><\/div><\/div><\/div><div id=\"envira-gallery-item-20666\" class=\"envira-gallery-item envira-gallery-item-58 envira-lazy-load enviratope-item\" style=\"padding-left: 5px; padding-bottom: 10px; padding-right: 5px;\"  itemscope itemtype=\"https:\/\/schema.org\/ImageObject\"><div class=\"envira-gallery-item-inner\"><div class=\"envira-gallery-position-overlay envira-gallery-top-left\"><\/div><div class=\"envira-gallery-position-overlay envira-gallery-top-right\"><\/div><div class=\"envira-gallery-position-overlay envira-gallery-bottom-left\"><\/div><div class=\"envira-gallery-position-overlay envira-gallery-bottom-right\"><\/div><a class=\"envira-gallery-20702 envira-gallery-link\" href=\"https:\/\/regese.ch\/fussball\/wp-content\/uploads\/2025\/05\/FC-Prishtina-FCK05_28-05-25-59.jpg\" title=\"FC Prishtina - FCK05_28-05-25-59\" data-caption=\"\" data-envira-item-id=\"20666\" data-envira-retina=\"https:\/\/regese.ch\/fussball\/wp-content\/uploads\/2025\/05\/FC-Prishtina-FCK05_28-05-25-59.jpg\" data-thumb=\"https:\/\/regese.ch\/fussball\/wp-content\/uploads\/2025\/05\/FC-Prishtina-FCK05_28-05-25-59-75x50_c.jpg\" data-title=\"FC Prishtina - FCK05_28-05-25-59\" data-envirabox='20702' itemprop=\"contentUrl\"><div class=\"envira-lazy\" style=\"padding-bottom: 75%;\" data-envira-changed=\"false\" data-width=\"640\" data-height=\"480\"><img loading=\"lazy\" decoding=\"async\" src=\"https:\/\/regese.ch\/fussball\/wp-content\/uploads\/2025\/05\/FC-Prishtina-FCK05_28-05-25-59-1536x1024.jpg\" alt=\"\" class=\"envira-gallery-image envira-gallery-image-58    envira-lazy\" height=\"480\" id=\"envira-gallery-image-20666\" srcset=\"data:image\/gif;base64,R0lGODlhAQABAIAAAP\/\/\/\/\/\/\/yH5BAEKAAEALAAAAAABAAEAAAICTAEAOw==\" tabindex=\"-1\" title=\"FC Prishtina - FCK05_28-05-25-59\" width=\"640\" data-caption=\"\" data-envira-gallery-id=\"20702\" data-envira-index=\"57\" data-envira-item-id=\"20666\" data-envira-src=\"https:\/\/regese.ch\/fussball\/wp-content\/uploads\/2025\/05\/FC-Prishtina-FCK05_28-05-25-59-1536x1024.jpg\" data-envira-srcset=\"https:\/\/regese.ch\/fussball\/wp-content\/uploads\/2025\/05\/FC-Prishtina-FCK05_28-05-25-59-1536x1024.jpg 400w, https:\/\/regese.ch\/fussball\/wp-content\/uploads\/2025\/05\/FC-Prishtina-FCK05_28-05-25-59-1536x1024.jpg 2x\" data-title=\"FC Prishtina - FCK05_28-05-25-59\" itemprop=\"thumbnailUrl\"  data-envirabox=\"20702\" \/><\/div><\/a><div class=\"envira-gallery-captioned-data envira-gallery-captioned-data-base\"><\/div><\/div><\/div><div id=\"envira-gallery-item-20667\" class=\"envira-gallery-item envira-gallery-item-59 envira-lazy-load enviratope-item\" style=\"padding-left: 5px; padding-bottom: 10px; padding-right: 5px;\"  itemscope itemtype=\"https:\/\/schema.org\/ImageObject\"><div class=\"envira-gallery-item-inner\"><div class=\"envira-gallery-position-overlay envira-gallery-top-left\"><\/div><div class=\"envira-gallery-position-overlay envira-gallery-top-right\"><\/div><div class=\"envira-gallery-position-overlay envira-gallery-bottom-left\"><\/div><div class=\"envira-gallery-position-overlay envira-gallery-bottom-right\"><\/div><a class=\"envira-gallery-20702 envira-gallery-link\" href=\"https:\/\/regese.ch\/fussball\/wp-content\/uploads\/2025\/05\/FC-Prishtina-FCK05_28-05-25-60.jpg\" title=\"FC Prishtina - FCK05_28-05-25-60\" data-caption=\"\" data-envira-item-id=\"20667\" data-envira-retina=\"https:\/\/regese.ch\/fussball\/wp-content\/uploads\/2025\/05\/FC-Prishtina-FCK05_28-05-25-60.jpg\" data-thumb=\"https:\/\/regese.ch\/fussball\/wp-content\/uploads\/2025\/05\/FC-Prishtina-FCK05_28-05-25-60-75x50_c.jpg\" data-title=\"FC Prishtina - FCK05_28-05-25-60\" data-envirabox='20702' itemprop=\"contentUrl\"><div class=\"envira-lazy\" style=\"padding-bottom: 75%;\" data-envira-changed=\"false\" data-width=\"640\" data-height=\"480\"><img loading=\"lazy\" decoding=\"async\" src=\"https:\/\/regese.ch\/fussball\/wp-content\/uploads\/2025\/05\/FC-Prishtina-FCK05_28-05-25-60-1536x1024.jpg\" alt=\"\" class=\"envira-gallery-image envira-gallery-image-59    envira-lazy\" height=\"480\" id=\"envira-gallery-image-20667\" srcset=\"data:image\/gif;base64,R0lGODlhAQABAIAAAP\/\/\/\/\/\/\/yH5BAEKAAEALAAAAAABAAEAAAICTAEAOw==\" tabindex=\"-1\" title=\"FC Prishtina - FCK05_28-05-25-60\" width=\"640\" data-caption=\"\" data-envira-gallery-id=\"20702\" data-envira-index=\"58\" data-envira-item-id=\"20667\" data-envira-src=\"https:\/\/regese.ch\/fussball\/wp-content\/uploads\/2025\/05\/FC-Prishtina-FCK05_28-05-25-60-1536x1024.jpg\" data-envira-srcset=\"https:\/\/regese.ch\/fussball\/wp-content\/uploads\/2025\/05\/FC-Prishtina-FCK05_28-05-25-60-1536x1024.jpg 400w, https:\/\/regese.ch\/fussball\/wp-content\/uploads\/2025\/05\/FC-Prishtina-FCK05_28-05-25-60-1536x1024.jpg 2x\" data-title=\"FC Prishtina - FCK05_28-05-25-60\" itemprop=\"thumbnailUrl\"  data-envirabox=\"20702\" \/><\/div><\/a><div class=\"envira-gallery-captioned-data envira-gallery-captioned-data-base\"><\/div><\/div><\/div><div id=\"envira-gallery-item-20668\" class=\"envira-gallery-item envira-gallery-item-60 envira-lazy-load enviratope-item\" style=\"padding-left: 5px; padding-bottom: 10px; padding-right: 5px;\"  itemscope itemtype=\"https:\/\/schema.org\/ImageObject\"><div class=\"envira-gallery-item-inner\"><div class=\"envira-gallery-position-overlay envira-gallery-top-left\"><\/div><div class=\"envira-gallery-position-overlay envira-gallery-top-right\"><\/div><div class=\"envira-gallery-position-overlay envira-gallery-bottom-left\"><\/div><div class=\"envira-gallery-position-overlay envira-gallery-bottom-right\"><\/div><a class=\"envira-gallery-20702 envira-gallery-link\" href=\"https:\/\/regese.ch\/fussball\/wp-content\/uploads\/2025\/05\/FC-Prishtina-FCK05_28-05-25-61.jpg\" title=\"FC Prishtina - FCK05_28-05-25-61\" data-caption=\"\" data-envira-item-id=\"20668\" data-envira-retina=\"https:\/\/regese.ch\/fussball\/wp-content\/uploads\/2025\/05\/FC-Prishtina-FCK05_28-05-25-61.jpg\" data-thumb=\"https:\/\/regese.ch\/fussball\/wp-content\/uploads\/2025\/05\/FC-Prishtina-FCK05_28-05-25-61-75x50_c.jpg\" data-title=\"FC Prishtina - FCK05_28-05-25-61\" data-envirabox='20702' itemprop=\"contentUrl\"><div class=\"envira-lazy\" style=\"padding-bottom: 75%;\" data-envira-changed=\"false\" data-width=\"640\" data-height=\"480\"><img loading=\"lazy\" decoding=\"async\" src=\"https:\/\/regese.ch\/fussball\/wp-content\/uploads\/2025\/05\/FC-Prishtina-FCK05_28-05-25-61-1536x1024.jpg\" alt=\"\" class=\"envira-gallery-image envira-gallery-image-60    envira-lazy\" height=\"480\" id=\"envira-gallery-image-20668\" srcset=\"data:image\/gif;base64,R0lGODlhAQABAIAAAP\/\/\/\/\/\/\/yH5BAEKAAEALAAAAAABAAEAAAICTAEAOw==\" tabindex=\"-1\" title=\"FC Prishtina - FCK05_28-05-25-61\" width=\"640\" data-caption=\"\" data-envira-gallery-id=\"20702\" data-envira-index=\"59\" data-envira-item-id=\"20668\" data-envira-src=\"https:\/\/regese.ch\/fussball\/wp-content\/uploads\/2025\/05\/FC-Prishtina-FCK05_28-05-25-61-1536x1024.jpg\" data-envira-srcset=\"https:\/\/regese.ch\/fussball\/wp-content\/uploads\/2025\/05\/FC-Prishtina-FCK05_28-05-25-61-1536x1024.jpg 400w, https:\/\/regese.ch\/fussball\/wp-content\/uploads\/2025\/05\/FC-Prishtina-FCK05_28-05-25-61-1536x1024.jpg 2x\" data-title=\"FC Prishtina - FCK05_28-05-25-61\" itemprop=\"thumbnailUrl\"  data-envirabox=\"20702\" \/><\/div><\/a><div class=\"envira-gallery-captioned-data envira-gallery-captioned-data-base\"><\/div><\/div><\/div><div id=\"envira-gallery-item-20669\" class=\"envira-gallery-item envira-gallery-item-61 envira-lazy-load enviratope-item\" style=\"padding-left: 5px; padding-bottom: 10px; padding-right: 5px;\"  itemscope itemtype=\"https:\/\/schema.org\/ImageObject\"><div class=\"envira-gallery-item-inner\"><div class=\"envira-gallery-position-overlay envira-gallery-top-left\"><\/div><div class=\"envira-gallery-position-overlay envira-gallery-top-right\"><\/div><div class=\"envira-gallery-position-overlay envira-gallery-bottom-left\"><\/div><div class=\"envira-gallery-position-overlay envira-gallery-bottom-right\"><\/div><a class=\"envira-gallery-20702 envira-gallery-link\" href=\"https:\/\/regese.ch\/fussball\/wp-content\/uploads\/2025\/05\/FC-Prishtina-FCK05_28-05-25-62.jpg\" title=\"FC Prishtina - FCK05_28-05-25-62\" data-caption=\"\" data-envira-item-id=\"20669\" data-envira-retina=\"https:\/\/regese.ch\/fussball\/wp-content\/uploads\/2025\/05\/FC-Prishtina-FCK05_28-05-25-62.jpg\" data-thumb=\"https:\/\/regese.ch\/fussball\/wp-content\/uploads\/2025\/05\/FC-Prishtina-FCK05_28-05-25-62-75x50_c.jpg\" data-title=\"FC Prishtina - FCK05_28-05-25-62\" data-envirabox='20702' itemprop=\"contentUrl\"><div class=\"envira-lazy\" style=\"padding-bottom: 75%;\" data-envira-changed=\"false\" data-width=\"640\" data-height=\"480\"><img loading=\"lazy\" decoding=\"async\" src=\"https:\/\/regese.ch\/fussball\/wp-content\/uploads\/2025\/05\/FC-Prishtina-FCK05_28-05-25-62-1536x1024.jpg\" alt=\"\" class=\"envira-gallery-image envira-gallery-image-61    envira-lazy\" height=\"480\" id=\"envira-gallery-image-20669\" srcset=\"data:image\/gif;base64,R0lGODlhAQABAIAAAP\/\/\/\/\/\/\/yH5BAEKAAEALAAAAAABAAEAAAICTAEAOw==\" tabindex=\"-1\" title=\"FC Prishtina - FCK05_28-05-25-62\" width=\"640\" data-caption=\"\" data-envira-gallery-id=\"20702\" data-envira-index=\"60\" data-envira-item-id=\"20669\" data-envira-src=\"https:\/\/regese.ch\/fussball\/wp-content\/uploads\/2025\/05\/FC-Prishtina-FCK05_28-05-25-62-1536x1024.jpg\" data-envira-srcset=\"https:\/\/regese.ch\/fussball\/wp-content\/uploads\/2025\/05\/FC-Prishtina-FCK05_28-05-25-62-1536x1024.jpg 400w, https:\/\/regese.ch\/fussball\/wp-content\/uploads\/2025\/05\/FC-Prishtina-FCK05_28-05-25-62-1536x1024.jpg 2x\" data-title=\"FC Prishtina - FCK05_28-05-25-62\" itemprop=\"thumbnailUrl\"  data-envirabox=\"20702\" \/><\/div><\/a><div class=\"envira-gallery-captioned-data envira-gallery-captioned-data-base\"><\/div><\/div><\/div><div id=\"envira-gallery-item-20670\" class=\"envira-gallery-item envira-gallery-item-62 envira-lazy-load enviratope-item\" style=\"padding-left: 5px; padding-bottom: 10px; padding-right: 5px;\"  itemscope itemtype=\"https:\/\/schema.org\/ImageObject\"><div class=\"envira-gallery-item-inner\"><div class=\"envira-gallery-position-overlay envira-gallery-top-left\"><\/div><div class=\"envira-gallery-position-overlay envira-gallery-top-right\"><\/div><div class=\"envira-gallery-position-overlay envira-gallery-bottom-left\"><\/div><div class=\"envira-gallery-position-overlay envira-gallery-bottom-right\"><\/div><a class=\"envira-gallery-20702 envira-gallery-link\" href=\"https:\/\/regese.ch\/fussball\/wp-content\/uploads\/2025\/05\/FC-Prishtina-FCK05_28-05-25-63.jpg\" title=\"FC Prishtina - FCK05_28-05-25-63\" data-caption=\"\" data-envira-item-id=\"20670\" data-envira-retina=\"https:\/\/regese.ch\/fussball\/wp-content\/uploads\/2025\/05\/FC-Prishtina-FCK05_28-05-25-63.jpg\" data-thumb=\"https:\/\/regese.ch\/fussball\/wp-content\/uploads\/2025\/05\/FC-Prishtina-FCK05_28-05-25-63-75x50_c.jpg\" data-title=\"FC Prishtina - FCK05_28-05-25-63\" data-envirabox='20702' itemprop=\"contentUrl\"><div class=\"envira-lazy\" style=\"padding-bottom: 75%;\" data-envira-changed=\"false\" data-width=\"640\" data-height=\"480\"><img loading=\"lazy\" decoding=\"async\" src=\"https:\/\/regese.ch\/fussball\/wp-content\/uploads\/2025\/05\/FC-Prishtina-FCK05_28-05-25-63-1536x1024.jpg\" alt=\"\" class=\"envira-gallery-image envira-gallery-image-62    envira-lazy\" height=\"480\" id=\"envira-gallery-image-20670\" srcset=\"data:image\/gif;base64,R0lGODlhAQABAIAAAP\/\/\/\/\/\/\/yH5BAEKAAEALAAAAAABAAEAAAICTAEAOw==\" tabindex=\"-1\" title=\"FC Prishtina - FCK05_28-05-25-63\" width=\"640\" data-caption=\"\" data-envira-gallery-id=\"20702\" data-envira-index=\"61\" data-envira-item-id=\"20670\" data-envira-src=\"https:\/\/regese.ch\/fussball\/wp-content\/uploads\/2025\/05\/FC-Prishtina-FCK05_28-05-25-63-1536x1024.jpg\" data-envira-srcset=\"https:\/\/regese.ch\/fussball\/wp-content\/uploads\/2025\/05\/FC-Prishtina-FCK05_28-05-25-63-1536x1024.jpg 400w, https:\/\/regese.ch\/fussball\/wp-content\/uploads\/2025\/05\/FC-Prishtina-FCK05_28-05-25-63-1536x1024.jpg 2x\" data-title=\"FC Prishtina - FCK05_28-05-25-63\" itemprop=\"thumbnailUrl\"  data-envirabox=\"20702\" \/><\/div><\/a><div class=\"envira-gallery-captioned-data envira-gallery-captioned-data-base\"><\/div><\/div><\/div><div id=\"envira-gallery-item-20671\" class=\"envira-gallery-item envira-gallery-item-63 envira-lazy-load enviratope-item\" style=\"padding-left: 5px; padding-bottom: 10px; padding-right: 5px;\"  itemscope itemtype=\"https:\/\/schema.org\/ImageObject\"><div class=\"envira-gallery-item-inner\"><div class=\"envira-gallery-position-overlay envira-gallery-top-left\"><\/div><div class=\"envira-gallery-position-overlay envira-gallery-top-right\"><\/div><div class=\"envira-gallery-position-overlay envira-gallery-bottom-left\"><\/div><div class=\"envira-gallery-position-overlay envira-gallery-bottom-right\"><\/div><a class=\"envira-gallery-20702 envira-gallery-link\" href=\"https:\/\/regese.ch\/fussball\/wp-content\/uploads\/2025\/05\/FC-Prishtina-FCK05_28-05-25-64.jpg\" title=\"FC Prishtina - FCK05_28-05-25-64\" data-caption=\"\" data-envira-item-id=\"20671\" data-envira-retina=\"https:\/\/regese.ch\/fussball\/wp-content\/uploads\/2025\/05\/FC-Prishtina-FCK05_28-05-25-64.jpg\" data-thumb=\"https:\/\/regese.ch\/fussball\/wp-content\/uploads\/2025\/05\/FC-Prishtina-FCK05_28-05-25-64-75x50_c.jpg\" data-title=\"FC Prishtina - FCK05_28-05-25-64\" data-envirabox='20702' itemprop=\"contentUrl\"><div class=\"envira-lazy\" style=\"padding-bottom: 75%;\" data-envira-changed=\"false\" data-width=\"640\" data-height=\"480\"><img loading=\"lazy\" decoding=\"async\" src=\"https:\/\/regese.ch\/fussball\/wp-content\/uploads\/2025\/05\/FC-Prishtina-FCK05_28-05-25-64-1536x1024.jpg\" alt=\"\" class=\"envira-gallery-image envira-gallery-image-63    envira-lazy\" height=\"480\" id=\"envira-gallery-image-20671\" srcset=\"data:image\/gif;base64,R0lGODlhAQABAIAAAP\/\/\/\/\/\/\/yH5BAEKAAEALAAAAAABAAEAAAICTAEAOw==\" tabindex=\"-1\" title=\"FC Prishtina - FCK05_28-05-25-64\" width=\"640\" data-caption=\"\" data-envira-gallery-id=\"20702\" data-envira-index=\"62\" data-envira-item-id=\"20671\" data-envira-src=\"https:\/\/regese.ch\/fussball\/wp-content\/uploads\/2025\/05\/FC-Prishtina-FCK05_28-05-25-64-1536x1024.jpg\" data-envira-srcset=\"https:\/\/regese.ch\/fussball\/wp-content\/uploads\/2025\/05\/FC-Prishtina-FCK05_28-05-25-64-1536x1024.jpg 400w, https:\/\/regese.ch\/fussball\/wp-content\/uploads\/2025\/05\/FC-Prishtina-FCK05_28-05-25-64-1536x1024.jpg 2x\" data-title=\"FC Prishtina - FCK05_28-05-25-64\" itemprop=\"thumbnailUrl\"  data-envirabox=\"20702\" \/><\/div><\/a><div class=\"envira-gallery-captioned-data envira-gallery-captioned-data-base\"><\/div><\/div><\/div><div id=\"envira-gallery-item-20672\" class=\"envira-gallery-item envira-gallery-item-64 envira-lazy-load enviratope-item\" style=\"padding-left: 5px; padding-bottom: 10px; padding-right: 5px;\"  itemscope itemtype=\"https:\/\/schema.org\/ImageObject\"><div class=\"envira-gallery-item-inner\"><div class=\"envira-gallery-position-overlay envira-gallery-top-left\"><\/div><div class=\"envira-gallery-position-overlay envira-gallery-top-right\"><\/div><div class=\"envira-gallery-position-overlay envira-gallery-bottom-left\"><\/div><div class=\"envira-gallery-position-overlay envira-gallery-bottom-right\"><\/div><a class=\"envira-gallery-20702 envira-gallery-link\" href=\"https:\/\/regese.ch\/fussball\/wp-content\/uploads\/2025\/05\/FC-Prishtina-FCK05_28-05-25-65.jpg\" title=\"FC Prishtina - FCK05_28-05-25-65\" data-caption=\"\" data-envira-item-id=\"20672\" data-envira-retina=\"https:\/\/regese.ch\/fussball\/wp-content\/uploads\/2025\/05\/FC-Prishtina-FCK05_28-05-25-65.jpg\" data-thumb=\"https:\/\/regese.ch\/fussball\/wp-content\/uploads\/2025\/05\/FC-Prishtina-FCK05_28-05-25-65-75x50_c.jpg\" data-title=\"FC Prishtina - FCK05_28-05-25-65\" data-envirabox='20702' itemprop=\"contentUrl\"><div class=\"envira-lazy\" style=\"padding-bottom: 75%;\" data-envira-changed=\"false\" data-width=\"640\" data-height=\"480\"><img loading=\"lazy\" decoding=\"async\" src=\"https:\/\/regese.ch\/fussball\/wp-content\/uploads\/2025\/05\/FC-Prishtina-FCK05_28-05-25-65-1536x1024.jpg\" alt=\"\" class=\"envira-gallery-image envira-gallery-image-64    envira-lazy\" height=\"480\" id=\"envira-gallery-image-20672\" srcset=\"data:image\/gif;base64,R0lGODlhAQABAIAAAP\/\/\/\/\/\/\/yH5BAEKAAEALAAAAAABAAEAAAICTAEAOw==\" tabindex=\"-1\" title=\"FC Prishtina - FCK05_28-05-25-65\" width=\"640\" data-caption=\"\" data-envira-gallery-id=\"20702\" data-envira-index=\"63\" data-envira-item-id=\"20672\" data-envira-src=\"https:\/\/regese.ch\/fussball\/wp-content\/uploads\/2025\/05\/FC-Prishtina-FCK05_28-05-25-65-1536x1024.jpg\" data-envira-srcset=\"https:\/\/regese.ch\/fussball\/wp-content\/uploads\/2025\/05\/FC-Prishtina-FCK05_28-05-25-65-1536x1024.jpg 400w, https:\/\/regese.ch\/fussball\/wp-content\/uploads\/2025\/05\/FC-Prishtina-FCK05_28-05-25-65-1536x1024.jpg 2x\" data-title=\"FC Prishtina - FCK05_28-05-25-65\" itemprop=\"thumbnailUrl\"  data-envirabox=\"20702\" \/><\/div><\/a><div class=\"envira-gallery-captioned-data envira-gallery-captioned-data-base\"><\/div><\/div><\/div><div id=\"envira-gallery-item-20673\" class=\"envira-gallery-item envira-gallery-item-65 envira-lazy-load enviratope-item\" style=\"padding-left: 5px; padding-bottom: 10px; padding-right: 5px;\"  itemscope itemtype=\"https:\/\/schema.org\/ImageObject\"><div class=\"envira-gallery-item-inner\"><div class=\"envira-gallery-position-overlay envira-gallery-top-left\"><\/div><div class=\"envira-gallery-position-overlay envira-gallery-top-right\"><\/div><div class=\"envira-gallery-position-overlay envira-gallery-bottom-left\"><\/div><div class=\"envira-gallery-position-overlay envira-gallery-bottom-right\"><\/div><a class=\"envira-gallery-20702 envira-gallery-link\" href=\"https:\/\/regese.ch\/fussball\/wp-content\/uploads\/2025\/05\/FC-Prishtina-FCK05_28-05-25-66.jpg\" title=\"FC Prishtina - FCK05_28-05-25-66\" data-caption=\"\" data-envira-item-id=\"20673\" data-envira-retina=\"https:\/\/regese.ch\/fussball\/wp-content\/uploads\/2025\/05\/FC-Prishtina-FCK05_28-05-25-66.jpg\" data-thumb=\"https:\/\/regese.ch\/fussball\/wp-content\/uploads\/2025\/05\/FC-Prishtina-FCK05_28-05-25-66-75x50_c.jpg\" data-title=\"FC Prishtina - FCK05_28-05-25-66\" data-envirabox='20702' itemprop=\"contentUrl\"><div class=\"envira-lazy\" style=\"padding-bottom: 75%;\" data-envira-changed=\"false\" data-width=\"640\" data-height=\"480\"><img loading=\"lazy\" decoding=\"async\" src=\"https:\/\/regese.ch\/fussball\/wp-content\/uploads\/2025\/05\/FC-Prishtina-FCK05_28-05-25-66-1536x1024.jpg\" alt=\"\" class=\"envira-gallery-image envira-gallery-image-65    envira-lazy\" height=\"480\" id=\"envira-gallery-image-20673\" srcset=\"data:image\/gif;base64,R0lGODlhAQABAIAAAP\/\/\/\/\/\/\/yH5BAEKAAEALAAAAAABAAEAAAICTAEAOw==\" tabindex=\"-1\" title=\"FC Prishtina - FCK05_28-05-25-66\" width=\"640\" data-caption=\"\" data-envira-gallery-id=\"20702\" data-envira-index=\"64\" data-envira-item-id=\"20673\" data-envira-src=\"https:\/\/regese.ch\/fussball\/wp-content\/uploads\/2025\/05\/FC-Prishtina-FCK05_28-05-25-66-1536x1024.jpg\" data-envira-srcset=\"https:\/\/regese.ch\/fussball\/wp-content\/uploads\/2025\/05\/FC-Prishtina-FCK05_28-05-25-66-1536x1024.jpg 400w, https:\/\/regese.ch\/fussball\/wp-content\/uploads\/2025\/05\/FC-Prishtina-FCK05_28-05-25-66-1536x1024.jpg 2x\" data-title=\"FC Prishtina - FCK05_28-05-25-66\" itemprop=\"thumbnailUrl\"  data-envirabox=\"20702\" \/><\/div><\/a><div class=\"envira-gallery-captioned-data envira-gallery-captioned-data-base\"><\/div><\/div><\/div><div id=\"envira-gallery-item-20674\" class=\"envira-gallery-item envira-gallery-item-66 envira-lazy-load enviratope-item\" style=\"padding-left: 5px; padding-bottom: 10px; padding-right: 5px;\"  itemscope itemtype=\"https:\/\/schema.org\/ImageObject\"><div class=\"envira-gallery-item-inner\"><div class=\"envira-gallery-position-overlay envira-gallery-top-left\"><\/div><div class=\"envira-gallery-position-overlay envira-gallery-top-right\"><\/div><div class=\"envira-gallery-position-overlay envira-gallery-bottom-left\"><\/div><div class=\"envira-gallery-position-overlay envira-gallery-bottom-right\"><\/div><a class=\"envira-gallery-20702 envira-gallery-link\" href=\"https:\/\/regese.ch\/fussball\/wp-content\/uploads\/2025\/05\/FC-Prishtina-FCK05_28-05-25-67.jpg\" title=\"FC Prishtina - FCK05_28-05-25-67\" data-caption=\"\" data-envira-item-id=\"20674\" data-envira-retina=\"https:\/\/regese.ch\/fussball\/wp-content\/uploads\/2025\/05\/FC-Prishtina-FCK05_28-05-25-67.jpg\" data-thumb=\"https:\/\/regese.ch\/fussball\/wp-content\/uploads\/2025\/05\/FC-Prishtina-FCK05_28-05-25-67-75x50_c.jpg\" data-title=\"FC Prishtina - FCK05_28-05-25-67\" data-envirabox='20702' itemprop=\"contentUrl\"><div class=\"envira-lazy\" style=\"padding-bottom: 75%;\" data-envira-changed=\"false\" data-width=\"640\" data-height=\"480\"><img loading=\"lazy\" decoding=\"async\" src=\"https:\/\/regese.ch\/fussball\/wp-content\/uploads\/2025\/05\/FC-Prishtina-FCK05_28-05-25-67-1536x1024.jpg\" alt=\"\" class=\"envira-gallery-image envira-gallery-image-66    envira-lazy\" height=\"480\" id=\"envira-gallery-image-20674\" srcset=\"data:image\/gif;base64,R0lGODlhAQABAIAAAP\/\/\/\/\/\/\/yH5BAEKAAEALAAAAAABAAEAAAICTAEAOw==\" tabindex=\"-1\" title=\"FC Prishtina - FCK05_28-05-25-67\" width=\"640\" data-caption=\"\" data-envira-gallery-id=\"20702\" data-envira-index=\"65\" data-envira-item-id=\"20674\" data-envira-src=\"https:\/\/regese.ch\/fussball\/wp-content\/uploads\/2025\/05\/FC-Prishtina-FCK05_28-05-25-67-1536x1024.jpg\" data-envira-srcset=\"https:\/\/regese.ch\/fussball\/wp-content\/uploads\/2025\/05\/FC-Prishtina-FCK05_28-05-25-67-1536x1024.jpg 400w, https:\/\/regese.ch\/fussball\/wp-content\/uploads\/2025\/05\/FC-Prishtina-FCK05_28-05-25-67-1536x1024.jpg 2x\" data-title=\"FC Prishtina - FCK05_28-05-25-67\" itemprop=\"thumbnailUrl\"  data-envirabox=\"20702\" \/><\/div><\/a><div class=\"envira-gallery-captioned-data envira-gallery-captioned-data-base\"><\/div><\/div><\/div><div id=\"envira-gallery-item-20675\" class=\"envira-gallery-item envira-gallery-item-67 envira-lazy-load enviratope-item\" style=\"padding-left: 5px; padding-bottom: 10px; padding-right: 5px;\"  itemscope itemtype=\"https:\/\/schema.org\/ImageObject\"><div class=\"envira-gallery-item-inner\"><div class=\"envira-gallery-position-overlay envira-gallery-top-left\"><\/div><div class=\"envira-gallery-position-overlay envira-gallery-top-right\"><\/div><div class=\"envira-gallery-position-overlay envira-gallery-bottom-left\"><\/div><div class=\"envira-gallery-position-overlay envira-gallery-bottom-right\"><\/div><a class=\"envira-gallery-20702 envira-gallery-link\" href=\"https:\/\/regese.ch\/fussball\/wp-content\/uploads\/2025\/05\/FC-Prishtina-FCK05_28-05-25-68.jpg\" title=\"FC Prishtina - FCK05_28-05-25-68\" data-caption=\"\" data-envira-item-id=\"20675\" data-envira-retina=\"https:\/\/regese.ch\/fussball\/wp-content\/uploads\/2025\/05\/FC-Prishtina-FCK05_28-05-25-68.jpg\" data-thumb=\"https:\/\/regese.ch\/fussball\/wp-content\/uploads\/2025\/05\/FC-Prishtina-FCK05_28-05-25-68-75x50_c.jpg\" data-title=\"FC Prishtina - FCK05_28-05-25-68\" data-envirabox='20702' itemprop=\"contentUrl\"><div class=\"envira-lazy\" style=\"padding-bottom: 75%;\" data-envira-changed=\"false\" data-width=\"640\" data-height=\"480\"><img loading=\"lazy\" decoding=\"async\" src=\"https:\/\/regese.ch\/fussball\/wp-content\/uploads\/2025\/05\/FC-Prishtina-FCK05_28-05-25-68-1536x1024.jpg\" alt=\"\" class=\"envira-gallery-image envira-gallery-image-67    envira-lazy\" height=\"480\" id=\"envira-gallery-image-20675\" srcset=\"data:image\/gif;base64,R0lGODlhAQABAIAAAP\/\/\/\/\/\/\/yH5BAEKAAEALAAAAAABAAEAAAICTAEAOw==\" tabindex=\"-1\" title=\"FC Prishtina - FCK05_28-05-25-68\" width=\"640\" data-caption=\"\" data-envira-gallery-id=\"20702\" data-envira-index=\"66\" data-envira-item-id=\"20675\" data-envira-src=\"https:\/\/regese.ch\/fussball\/wp-content\/uploads\/2025\/05\/FC-Prishtina-FCK05_28-05-25-68-1536x1024.jpg\" data-envira-srcset=\"https:\/\/regese.ch\/fussball\/wp-content\/uploads\/2025\/05\/FC-Prishtina-FCK05_28-05-25-68-1536x1024.jpg 400w, https:\/\/regese.ch\/fussball\/wp-content\/uploads\/2025\/05\/FC-Prishtina-FCK05_28-05-25-68-1536x1024.jpg 2x\" data-title=\"FC Prishtina - FCK05_28-05-25-68\" itemprop=\"thumbnailUrl\"  data-envirabox=\"20702\" \/><\/div><\/a><div class=\"envira-gallery-captioned-data envira-gallery-captioned-data-base\"><\/div><\/div><\/div><div id=\"envira-gallery-item-20676\" class=\"envira-gallery-item envira-gallery-item-68 envira-lazy-load enviratope-item\" style=\"padding-left: 5px; padding-bottom: 10px; padding-right: 5px;\"  itemscope itemtype=\"https:\/\/schema.org\/ImageObject\"><div class=\"envira-gallery-item-inner\"><div class=\"envira-gallery-position-overlay envira-gallery-top-left\"><\/div><div class=\"envira-gallery-position-overlay envira-gallery-top-right\"><\/div><div class=\"envira-gallery-position-overlay envira-gallery-bottom-left\"><\/div><div class=\"envira-gallery-position-overlay envira-gallery-bottom-right\"><\/div><a class=\"envira-gallery-20702 envira-gallery-link\" href=\"https:\/\/regese.ch\/fussball\/wp-content\/uploads\/2025\/05\/FC-Prishtina-FCK05_28-05-25-69.jpg\" title=\"FC Prishtina - FCK05_28-05-25-69\" data-caption=\"\" data-envira-item-id=\"20676\" data-envira-retina=\"https:\/\/regese.ch\/fussball\/wp-content\/uploads\/2025\/05\/FC-Prishtina-FCK05_28-05-25-69.jpg\" data-thumb=\"https:\/\/regese.ch\/fussball\/wp-content\/uploads\/2025\/05\/FC-Prishtina-FCK05_28-05-25-69-75x50_c.jpg\" data-title=\"FC Prishtina - FCK05_28-05-25-69\" data-envirabox='20702' itemprop=\"contentUrl\"><div class=\"envira-lazy\" style=\"padding-bottom: 75%;\" data-envira-changed=\"false\" data-width=\"640\" data-height=\"480\"><img loading=\"lazy\" decoding=\"async\" src=\"https:\/\/regese.ch\/fussball\/wp-content\/uploads\/2025\/05\/FC-Prishtina-FCK05_28-05-25-69-1536x1024.jpg\" alt=\"\" class=\"envira-gallery-image envira-gallery-image-68    envira-lazy\" height=\"480\" id=\"envira-gallery-image-20676\" srcset=\"data:image\/gif;base64,R0lGODlhAQABAIAAAP\/\/\/\/\/\/\/yH5BAEKAAEALAAAAAABAAEAAAICTAEAOw==\" tabindex=\"-1\" title=\"FC Prishtina - FCK05_28-05-25-69\" width=\"640\" data-caption=\"\" data-envira-gallery-id=\"20702\" data-envira-index=\"67\" data-envira-item-id=\"20676\" data-envira-src=\"https:\/\/regese.ch\/fussball\/wp-content\/uploads\/2025\/05\/FC-Prishtina-FCK05_28-05-25-69-1536x1024.jpg\" data-envira-srcset=\"https:\/\/regese.ch\/fussball\/wp-content\/uploads\/2025\/05\/FC-Prishtina-FCK05_28-05-25-69-1536x1024.jpg 400w, https:\/\/regese.ch\/fussball\/wp-content\/uploads\/2025\/05\/FC-Prishtina-FCK05_28-05-25-69-1536x1024.jpg 2x\" data-title=\"FC Prishtina - FCK05_28-05-25-69\" itemprop=\"thumbnailUrl\"  data-envirabox=\"20702\" \/><\/div><\/a><div class=\"envira-gallery-captioned-data envira-gallery-captioned-data-base\"><\/div><\/div><\/div><div id=\"envira-gallery-item-20677\" class=\"envira-gallery-item envira-gallery-item-69 envira-lazy-load enviratope-item\" style=\"padding-left: 5px; padding-bottom: 10px; padding-right: 5px;\"  itemscope itemtype=\"https:\/\/schema.org\/ImageObject\"><div class=\"envira-gallery-item-inner\"><div class=\"envira-gallery-position-overlay envira-gallery-top-left\"><\/div><div class=\"envira-gallery-position-overlay envira-gallery-top-right\"><\/div><div class=\"envira-gallery-position-overlay envira-gallery-bottom-left\"><\/div><div class=\"envira-gallery-position-overlay envira-gallery-bottom-right\"><\/div><a class=\"envira-gallery-20702 envira-gallery-link\" href=\"https:\/\/regese.ch\/fussball\/wp-content\/uploads\/2025\/05\/FC-Prishtina-FCK05_28-05-25-70.jpg\" title=\"FC Prishtina - FCK05_28-05-25-70\" data-caption=\"\" data-envira-item-id=\"20677\" data-envira-retina=\"https:\/\/regese.ch\/fussball\/wp-content\/uploads\/2025\/05\/FC-Prishtina-FCK05_28-05-25-70.jpg\" data-thumb=\"https:\/\/regese.ch\/fussball\/wp-content\/uploads\/2025\/05\/FC-Prishtina-FCK05_28-05-25-70-75x50_c.jpg\" data-title=\"FC Prishtina - FCK05_28-05-25-70\" data-envirabox='20702' itemprop=\"contentUrl\"><div class=\"envira-lazy\" style=\"padding-bottom: 75%;\" data-envira-changed=\"false\" data-width=\"640\" data-height=\"480\"><img loading=\"lazy\" decoding=\"async\" src=\"https:\/\/regese.ch\/fussball\/wp-content\/uploads\/2025\/05\/FC-Prishtina-FCK05_28-05-25-70-1536x1024.jpg\" alt=\"\" class=\"envira-gallery-image envira-gallery-image-69    envira-lazy\" height=\"480\" id=\"envira-gallery-image-20677\" srcset=\"data:image\/gif;base64,R0lGODlhAQABAIAAAP\/\/\/\/\/\/\/yH5BAEKAAEALAAAAAABAAEAAAICTAEAOw==\" tabindex=\"-1\" title=\"FC Prishtina - FCK05_28-05-25-70\" width=\"640\" data-caption=\"\" data-envira-gallery-id=\"20702\" data-envira-index=\"68\" data-envira-item-id=\"20677\" data-envira-src=\"https:\/\/regese.ch\/fussball\/wp-content\/uploads\/2025\/05\/FC-Prishtina-FCK05_28-05-25-70-1536x1024.jpg\" data-envira-srcset=\"https:\/\/regese.ch\/fussball\/wp-content\/uploads\/2025\/05\/FC-Prishtina-FCK05_28-05-25-70-1536x1024.jpg 400w, https:\/\/regese.ch\/fussball\/wp-content\/uploads\/2025\/05\/FC-Prishtina-FCK05_28-05-25-70-1536x1024.jpg 2x\" data-title=\"FC Prishtina - FCK05_28-05-25-70\" itemprop=\"thumbnailUrl\"  data-envirabox=\"20702\" \/><\/div><\/a><div class=\"envira-gallery-captioned-data envira-gallery-captioned-data-base\"><\/div><\/div><\/div><div id=\"envira-gallery-item-20678\" class=\"envira-gallery-item envira-gallery-item-70 envira-lazy-load enviratope-item\" style=\"padding-left: 5px; padding-bottom: 10px; padding-right: 5px;\"  itemscope itemtype=\"https:\/\/schema.org\/ImageObject\"><div class=\"envira-gallery-item-inner\"><div class=\"envira-gallery-position-overlay envira-gallery-top-left\"><\/div><div class=\"envira-gallery-position-overlay envira-gallery-top-right\"><\/div><div class=\"envira-gallery-position-overlay envira-gallery-bottom-left\"><\/div><div class=\"envira-gallery-position-overlay envira-gallery-bottom-right\"><\/div><a class=\"envira-gallery-20702 envira-gallery-link\" href=\"https:\/\/regese.ch\/fussball\/wp-content\/uploads\/2025\/05\/FC-Prishtina-FCK05_28-05-25-71.jpg\" title=\"FC Prishtina - FCK05_28-05-25-71\" data-caption=\"\" data-envira-item-id=\"20678\" data-envira-retina=\"https:\/\/regese.ch\/fussball\/wp-content\/uploads\/2025\/05\/FC-Prishtina-FCK05_28-05-25-71.jpg\" data-thumb=\"https:\/\/regese.ch\/fussball\/wp-content\/uploads\/2025\/05\/FC-Prishtina-FCK05_28-05-25-71-75x50_c.jpg\" data-title=\"FC Prishtina - FCK05_28-05-25-71\" data-envirabox='20702' itemprop=\"contentUrl\"><div class=\"envira-lazy\" style=\"padding-bottom: 75%;\" data-envira-changed=\"false\" data-width=\"640\" data-height=\"480\"><img loading=\"lazy\" decoding=\"async\" src=\"https:\/\/regese.ch\/fussball\/wp-content\/uploads\/2025\/05\/FC-Prishtina-FCK05_28-05-25-71-1536x1024.jpg\" alt=\"\" class=\"envira-gallery-image envira-gallery-image-70    envira-lazy\" height=\"480\" id=\"envira-gallery-image-20678\" srcset=\"data:image\/gif;base64,R0lGODlhAQABAIAAAP\/\/\/\/\/\/\/yH5BAEKAAEALAAAAAABAAEAAAICTAEAOw==\" tabindex=\"-1\" title=\"FC Prishtina - FCK05_28-05-25-71\" width=\"640\" data-caption=\"\" data-envira-gallery-id=\"20702\" data-envira-index=\"69\" data-envira-item-id=\"20678\" data-envira-src=\"https:\/\/regese.ch\/fussball\/wp-content\/uploads\/2025\/05\/FC-Prishtina-FCK05_28-05-25-71-1536x1024.jpg\" data-envira-srcset=\"https:\/\/regese.ch\/fussball\/wp-content\/uploads\/2025\/05\/FC-Prishtina-FCK05_28-05-25-71-1536x1024.jpg 400w, https:\/\/regese.ch\/fussball\/wp-content\/uploads\/2025\/05\/FC-Prishtina-FCK05_28-05-25-71-1536x1024.jpg 2x\" data-title=\"FC Prishtina - FCK05_28-05-25-71\" itemprop=\"thumbnailUrl\"  data-envirabox=\"20702\" \/><\/div><\/a><div class=\"envira-gallery-captioned-data envira-gallery-captioned-data-base\"><\/div><\/div><\/div><div id=\"envira-gallery-item-20679\" class=\"envira-gallery-item envira-gallery-item-71 envira-lazy-load enviratope-item\" style=\"padding-left: 5px; padding-bottom: 10px; padding-right: 5px;\"  itemscope itemtype=\"https:\/\/schema.org\/ImageObject\"><div class=\"envira-gallery-item-inner\"><div class=\"envira-gallery-position-overlay envira-gallery-top-left\"><\/div><div class=\"envira-gallery-position-overlay envira-gallery-top-right\"><\/div><div class=\"envira-gallery-position-overlay envira-gallery-bottom-left\"><\/div><div class=\"envira-gallery-position-overlay envira-gallery-bottom-right\"><\/div><a class=\"envira-gallery-20702 envira-gallery-link\" href=\"https:\/\/regese.ch\/fussball\/wp-content\/uploads\/2025\/05\/FC-Prishtina-FCK05_28-05-25-72.jpg\" title=\"FC Prishtina - FCK05_28-05-25-72\" data-caption=\"\" data-envira-item-id=\"20679\" data-envira-retina=\"https:\/\/regese.ch\/fussball\/wp-content\/uploads\/2025\/05\/FC-Prishtina-FCK05_28-05-25-72.jpg\" data-thumb=\"https:\/\/regese.ch\/fussball\/wp-content\/uploads\/2025\/05\/FC-Prishtina-FCK05_28-05-25-72-75x50_c.jpg\" data-title=\"FC Prishtina - FCK05_28-05-25-72\" data-envirabox='20702' itemprop=\"contentUrl\"><div class=\"envira-lazy\" style=\"padding-bottom: 75%;\" data-envira-changed=\"false\" data-width=\"640\" data-height=\"480\"><img loading=\"lazy\" decoding=\"async\" src=\"https:\/\/regese.ch\/fussball\/wp-content\/uploads\/2025\/05\/FC-Prishtina-FCK05_28-05-25-72-1536x1024.jpg\" alt=\"\" class=\"envira-gallery-image envira-gallery-image-71    envira-lazy\" height=\"480\" id=\"envira-gallery-image-20679\" srcset=\"data:image\/gif;base64,R0lGODlhAQABAIAAAP\/\/\/\/\/\/\/yH5BAEKAAEALAAAAAABAAEAAAICTAEAOw==\" tabindex=\"-1\" title=\"FC Prishtina - FCK05_28-05-25-72\" width=\"640\" data-caption=\"\" data-envira-gallery-id=\"20702\" data-envira-index=\"70\" data-envira-item-id=\"20679\" data-envira-src=\"https:\/\/regese.ch\/fussball\/wp-content\/uploads\/2025\/05\/FC-Prishtina-FCK05_28-05-25-72-1536x1024.jpg\" data-envira-srcset=\"https:\/\/regese.ch\/fussball\/wp-content\/uploads\/2025\/05\/FC-Prishtina-FCK05_28-05-25-72-1536x1024.jpg 400w, https:\/\/regese.ch\/fussball\/wp-content\/uploads\/2025\/05\/FC-Prishtina-FCK05_28-05-25-72-1536x1024.jpg 2x\" data-title=\"FC Prishtina - FCK05_28-05-25-72\" itemprop=\"thumbnailUrl\"  data-envirabox=\"20702\" \/><\/div><\/a><div class=\"envira-gallery-captioned-data envira-gallery-captioned-data-base\"><\/div><\/div><\/div><div id=\"envira-gallery-item-20680\" class=\"envira-gallery-item envira-gallery-item-72 envira-lazy-load enviratope-item\" style=\"padding-left: 5px; padding-bottom: 10px; padding-right: 5px;\"  itemscope itemtype=\"https:\/\/schema.org\/ImageObject\"><div class=\"envira-gallery-item-inner\"><div class=\"envira-gallery-position-overlay envira-gallery-top-left\"><\/div><div class=\"envira-gallery-position-overlay envira-gallery-top-right\"><\/div><div class=\"envira-gallery-position-overlay envira-gallery-bottom-left\"><\/div><div class=\"envira-gallery-position-overlay envira-gallery-bottom-right\"><\/div><a class=\"envira-gallery-20702 envira-gallery-link\" href=\"https:\/\/regese.ch\/fussball\/wp-content\/uploads\/2025\/05\/FC-Prishtina-FCK05_28-05-25-73.jpg\" title=\"FC Prishtina - FCK05_28-05-25-73\" data-caption=\"\" data-envira-item-id=\"20680\" data-envira-retina=\"https:\/\/regese.ch\/fussball\/wp-content\/uploads\/2025\/05\/FC-Prishtina-FCK05_28-05-25-73.jpg\" data-thumb=\"https:\/\/regese.ch\/fussball\/wp-content\/uploads\/2025\/05\/FC-Prishtina-FCK05_28-05-25-73-75x50_c.jpg\" data-title=\"FC Prishtina - FCK05_28-05-25-73\" data-envirabox='20702' itemprop=\"contentUrl\"><div class=\"envira-lazy\" style=\"padding-bottom: 75%;\" data-envira-changed=\"false\" data-width=\"640\" data-height=\"480\"><img loading=\"lazy\" decoding=\"async\" src=\"https:\/\/regese.ch\/fussball\/wp-content\/uploads\/2025\/05\/FC-Prishtina-FCK05_28-05-25-73.jpg\" alt=\"\" class=\"envira-gallery-image envira-gallery-image-72    envira-lazy\" height=\"480\" id=\"envira-gallery-image-20680\" srcset=\"data:image\/gif;base64,R0lGODlhAQABAIAAAP\/\/\/\/\/\/\/yH5BAEKAAEALAAAAAABAAEAAAICTAEAOw==\" tabindex=\"-1\" title=\"FC Prishtina - FCK05_28-05-25-73\" width=\"640\" data-caption=\"\" data-envira-gallery-id=\"20702\" data-envira-index=\"71\" data-envira-item-id=\"20680\" data-envira-src=\"https:\/\/regese.ch\/fussball\/wp-content\/uploads\/2025\/05\/FC-Prishtina-FCK05_28-05-25-73.jpg\" data-envira-srcset=\"https:\/\/regese.ch\/fussball\/wp-content\/uploads\/2025\/05\/FC-Prishtina-FCK05_28-05-25-73.jpg 400w, https:\/\/regese.ch\/fussball\/wp-content\/uploads\/2025\/05\/FC-Prishtina-FCK05_28-05-25-73.jpg 2x\" data-title=\"FC Prishtina - FCK05_28-05-25-73\" itemprop=\"thumbnailUrl\"  data-envirabox=\"20702\" \/><\/div><\/a><div class=\"envira-gallery-captioned-data envira-gallery-captioned-data-base\"><\/div><\/div><\/div><div id=\"envira-gallery-item-20681\" class=\"envira-gallery-item envira-gallery-item-73 envira-lazy-load enviratope-item\" style=\"padding-left: 5px; padding-bottom: 10px; padding-right: 5px;\"  itemscope itemtype=\"https:\/\/schema.org\/ImageObject\"><div class=\"envira-gallery-item-inner\"><div class=\"envira-gallery-position-overlay envira-gallery-top-left\"><\/div><div class=\"envira-gallery-position-overlay envira-gallery-top-right\"><\/div><div class=\"envira-gallery-position-overlay envira-gallery-bottom-left\"><\/div><div class=\"envira-gallery-position-overlay envira-gallery-bottom-right\"><\/div><a class=\"envira-gallery-20702 envira-gallery-link\" href=\"https:\/\/regese.ch\/fussball\/wp-content\/uploads\/2025\/05\/FC-Prishtina-FCK05_28-05-25-74.jpg\" title=\"FC Prishtina - FCK05_28-05-25-74\" data-caption=\"\" data-envira-item-id=\"20681\" data-envira-retina=\"https:\/\/regese.ch\/fussball\/wp-content\/uploads\/2025\/05\/FC-Prishtina-FCK05_28-05-25-74.jpg\" data-thumb=\"https:\/\/regese.ch\/fussball\/wp-content\/uploads\/2025\/05\/FC-Prishtina-FCK05_28-05-25-74-75x50_c.jpg\" data-title=\"FC Prishtina - FCK05_28-05-25-74\" data-envirabox='20702' itemprop=\"contentUrl\"><div class=\"envira-lazy\" style=\"padding-bottom: 75%;\" data-envira-changed=\"false\" data-width=\"640\" data-height=\"480\"><img loading=\"lazy\" decoding=\"async\" src=\"https:\/\/regese.ch\/fussball\/wp-content\/uploads\/2025\/05\/FC-Prishtina-FCK05_28-05-25-74-1536x1024.jpg\" alt=\"\" class=\"envira-gallery-image envira-gallery-image-73    envira-lazy\" height=\"480\" id=\"envira-gallery-image-20681\" srcset=\"data:image\/gif;base64,R0lGODlhAQABAIAAAP\/\/\/\/\/\/\/yH5BAEKAAEALAAAAAABAAEAAAICTAEAOw==\" tabindex=\"-1\" title=\"FC Prishtina - FCK05_28-05-25-74\" width=\"640\" data-caption=\"\" data-envira-gallery-id=\"20702\" data-envira-index=\"72\" data-envira-item-id=\"20681\" data-envira-src=\"https:\/\/regese.ch\/fussball\/wp-content\/uploads\/2025\/05\/FC-Prishtina-FCK05_28-05-25-74-1536x1024.jpg\" data-envira-srcset=\"https:\/\/regese.ch\/fussball\/wp-content\/uploads\/2025\/05\/FC-Prishtina-FCK05_28-05-25-74-1536x1024.jpg 400w, https:\/\/regese.ch\/fussball\/wp-content\/uploads\/2025\/05\/FC-Prishtina-FCK05_28-05-25-74-1536x1024.jpg 2x\" data-title=\"FC Prishtina - FCK05_28-05-25-74\" itemprop=\"thumbnailUrl\"  data-envirabox=\"20702\" \/><\/div><\/a><div class=\"envira-gallery-captioned-data envira-gallery-captioned-data-base\"><\/div><\/div><\/div><div id=\"envira-gallery-item-20682\" class=\"envira-gallery-item envira-gallery-item-74 envira-lazy-load enviratope-item\" style=\"padding-left: 5px; padding-bottom: 10px; padding-right: 5px;\"  itemscope itemtype=\"https:\/\/schema.org\/ImageObject\"><div class=\"envira-gallery-item-inner\"><div class=\"envira-gallery-position-overlay envira-gallery-top-left\"><\/div><div class=\"envira-gallery-position-overlay envira-gallery-top-right\"><\/div><div class=\"envira-gallery-position-overlay envira-gallery-bottom-left\"><\/div><div class=\"envira-gallery-position-overlay envira-gallery-bottom-right\"><\/div><a class=\"envira-gallery-20702 envira-gallery-link\" href=\"https:\/\/regese.ch\/fussball\/wp-content\/uploads\/2025\/05\/FC-Prishtina-FCK05_28-05-25-75.jpg\" title=\"FC Prishtina - FCK05_28-05-25-75\" data-caption=\"\" data-envira-item-id=\"20682\" data-envira-retina=\"https:\/\/regese.ch\/fussball\/wp-content\/uploads\/2025\/05\/FC-Prishtina-FCK05_28-05-25-75.jpg\" data-thumb=\"https:\/\/regese.ch\/fussball\/wp-content\/uploads\/2025\/05\/FC-Prishtina-FCK05_28-05-25-75-75x50_c.jpg\" data-title=\"FC Prishtina - FCK05_28-05-25-75\" data-envirabox='20702' itemprop=\"contentUrl\"><div class=\"envira-lazy\" style=\"padding-bottom: 75%;\" data-envira-changed=\"false\" data-width=\"640\" data-height=\"480\"><img loading=\"lazy\" decoding=\"async\" src=\"https:\/\/regese.ch\/fussball\/wp-content\/uploads\/2025\/05\/FC-Prishtina-FCK05_28-05-25-75-1536x1024.jpg\" alt=\"\" class=\"envira-gallery-image envira-gallery-image-74    envira-lazy\" height=\"480\" id=\"envira-gallery-image-20682\" srcset=\"data:image\/gif;base64,R0lGODlhAQABAIAAAP\/\/\/\/\/\/\/yH5BAEKAAEALAAAAAABAAEAAAICTAEAOw==\" tabindex=\"-1\" title=\"FC Prishtina - FCK05_28-05-25-75\" width=\"640\" data-caption=\"\" data-envira-gallery-id=\"20702\" data-envira-index=\"73\" data-envira-item-id=\"20682\" data-envira-src=\"https:\/\/regese.ch\/fussball\/wp-content\/uploads\/2025\/05\/FC-Prishtina-FCK05_28-05-25-75-1536x1024.jpg\" data-envira-srcset=\"https:\/\/regese.ch\/fussball\/wp-content\/uploads\/2025\/05\/FC-Prishtina-FCK05_28-05-25-75-1536x1024.jpg 400w, https:\/\/regese.ch\/fussball\/wp-content\/uploads\/2025\/05\/FC-Prishtina-FCK05_28-05-25-75-1536x1024.jpg 2x\" data-title=\"FC Prishtina - FCK05_28-05-25-75\" itemprop=\"thumbnailUrl\"  data-envirabox=\"20702\" \/><\/div><\/a><div class=\"envira-gallery-captioned-data envira-gallery-captioned-data-base\"><\/div><\/div><\/div><div id=\"envira-gallery-item-20683\" class=\"envira-gallery-item envira-gallery-item-75 envira-lazy-load enviratope-item\" style=\"padding-left: 5px; padding-bottom: 10px; padding-right: 5px;\"  itemscope itemtype=\"https:\/\/schema.org\/ImageObject\"><div class=\"envira-gallery-item-inner\"><div class=\"envira-gallery-position-overlay envira-gallery-top-left\"><\/div><div class=\"envira-gallery-position-overlay envira-gallery-top-right\"><\/div><div class=\"envira-gallery-position-overlay envira-gallery-bottom-left\"><\/div><div class=\"envira-gallery-position-overlay envira-gallery-bottom-right\"><\/div><a class=\"envira-gallery-20702 envira-gallery-link\" href=\"https:\/\/regese.ch\/fussball\/wp-content\/uploads\/2025\/05\/FC-Prishtina-FCK05_28-05-25-76.jpg\" title=\"FC Prishtina - FCK05_28-05-25-76\" data-caption=\"\" data-envira-item-id=\"20683\" data-envira-retina=\"https:\/\/regese.ch\/fussball\/wp-content\/uploads\/2025\/05\/FC-Prishtina-FCK05_28-05-25-76.jpg\" data-thumb=\"https:\/\/regese.ch\/fussball\/wp-content\/uploads\/2025\/05\/FC-Prishtina-FCK05_28-05-25-76-75x50_c.jpg\" data-title=\"FC Prishtina - FCK05_28-05-25-76\" data-envirabox='20702' itemprop=\"contentUrl\"><div class=\"envira-lazy\" style=\"padding-bottom: 75%;\" data-envira-changed=\"false\" data-width=\"640\" data-height=\"480\"><img loading=\"lazy\" decoding=\"async\" src=\"https:\/\/regese.ch\/fussball\/wp-content\/uploads\/2025\/05\/FC-Prishtina-FCK05_28-05-25-76-1536x1024.jpg\" alt=\"\" class=\"envira-gallery-image envira-gallery-image-75    envira-lazy\" height=\"480\" id=\"envira-gallery-image-20683\" srcset=\"data:image\/gif;base64,R0lGODlhAQABAIAAAP\/\/\/\/\/\/\/yH5BAEKAAEALAAAAAABAAEAAAICTAEAOw==\" tabindex=\"-1\" title=\"FC Prishtina - FCK05_28-05-25-76\" width=\"640\" data-caption=\"\" data-envira-gallery-id=\"20702\" data-envira-index=\"74\" data-envira-item-id=\"20683\" data-envira-src=\"https:\/\/regese.ch\/fussball\/wp-content\/uploads\/2025\/05\/FC-Prishtina-FCK05_28-05-25-76-1536x1024.jpg\" data-envira-srcset=\"https:\/\/regese.ch\/fussball\/wp-content\/uploads\/2025\/05\/FC-Prishtina-FCK05_28-05-25-76-1536x1024.jpg 400w, https:\/\/regese.ch\/fussball\/wp-content\/uploads\/2025\/05\/FC-Prishtina-FCK05_28-05-25-76-1536x1024.jpg 2x\" data-title=\"FC Prishtina - FCK05_28-05-25-76\" itemprop=\"thumbnailUrl\"  data-envirabox=\"20702\" \/><\/div><\/a><div class=\"envira-gallery-captioned-data envira-gallery-captioned-data-base\"><\/div><\/div><\/div><div id=\"envira-gallery-item-20684\" class=\"envira-gallery-item envira-gallery-item-76 envira-lazy-load enviratope-item\" style=\"padding-left: 5px; padding-bottom: 10px; padding-right: 5px;\"  itemscope itemtype=\"https:\/\/schema.org\/ImageObject\"><div class=\"envira-gallery-item-inner\"><div class=\"envira-gallery-position-overlay envira-gallery-top-left\"><\/div><div class=\"envira-gallery-position-overlay envira-gallery-top-right\"><\/div><div class=\"envira-gallery-position-overlay envira-gallery-bottom-left\"><\/div><div class=\"envira-gallery-position-overlay envira-gallery-bottom-right\"><\/div><a class=\"envira-gallery-20702 envira-gallery-link\" href=\"https:\/\/regese.ch\/fussball\/wp-content\/uploads\/2025\/05\/FC-Prishtina-FCK05_28-05-25-77.jpg\" title=\"FC Prishtina - FCK05_28-05-25-77\" data-caption=\"\" data-envira-item-id=\"20684\" data-envira-retina=\"https:\/\/regese.ch\/fussball\/wp-content\/uploads\/2025\/05\/FC-Prishtina-FCK05_28-05-25-77.jpg\" data-thumb=\"https:\/\/regese.ch\/fussball\/wp-content\/uploads\/2025\/05\/FC-Prishtina-FCK05_28-05-25-77-75x50_c.jpg\" data-title=\"FC Prishtina - FCK05_28-05-25-77\" data-envirabox='20702' itemprop=\"contentUrl\"><div class=\"envira-lazy\" style=\"padding-bottom: 75%;\" data-envira-changed=\"false\" data-width=\"640\" data-height=\"480\"><img loading=\"lazy\" decoding=\"async\" src=\"https:\/\/regese.ch\/fussball\/wp-content\/uploads\/2025\/05\/FC-Prishtina-FCK05_28-05-25-77-1536x1024.jpg\" alt=\"\" class=\"envira-gallery-image envira-gallery-image-76    envira-lazy\" height=\"480\" id=\"envira-gallery-image-20684\" srcset=\"data:image\/gif;base64,R0lGODlhAQABAIAAAP\/\/\/\/\/\/\/yH5BAEKAAEALAAAAAABAAEAAAICTAEAOw==\" tabindex=\"-1\" title=\"FC Prishtina - FCK05_28-05-25-77\" width=\"640\" data-caption=\"\" data-envira-gallery-id=\"20702\" data-envira-index=\"75\" data-envira-item-id=\"20684\" data-envira-src=\"https:\/\/regese.ch\/fussball\/wp-content\/uploads\/2025\/05\/FC-Prishtina-FCK05_28-05-25-77-1536x1024.jpg\" data-envira-srcset=\"https:\/\/regese.ch\/fussball\/wp-content\/uploads\/2025\/05\/FC-Prishtina-FCK05_28-05-25-77-1536x1024.jpg 400w, https:\/\/regese.ch\/fussball\/wp-content\/uploads\/2025\/05\/FC-Prishtina-FCK05_28-05-25-77-1536x1024.jpg 2x\" data-title=\"FC Prishtina - FCK05_28-05-25-77\" itemprop=\"thumbnailUrl\"  data-envirabox=\"20702\" \/><\/div><\/a><div class=\"envira-gallery-captioned-data envira-gallery-captioned-data-base\"><\/div><\/div><\/div><div id=\"envira-gallery-item-20685\" class=\"envira-gallery-item envira-gallery-item-77 envira-lazy-load enviratope-item\" style=\"padding-left: 5px; padding-bottom: 10px; padding-right: 5px;\"  itemscope itemtype=\"https:\/\/schema.org\/ImageObject\"><div class=\"envira-gallery-item-inner\"><div class=\"envira-gallery-position-overlay envira-gallery-top-left\"><\/div><div class=\"envira-gallery-position-overlay envira-gallery-top-right\"><\/div><div class=\"envira-gallery-position-overlay envira-gallery-bottom-left\"><\/div><div class=\"envira-gallery-position-overlay envira-gallery-bottom-right\"><\/div><a class=\"envira-gallery-20702 envira-gallery-link\" href=\"https:\/\/regese.ch\/fussball\/wp-content\/uploads\/2025\/05\/FC-Prishtina-FCK05_28-05-25-78.jpg\" title=\"FC Prishtina - FCK05_28-05-25-78\" data-caption=\"\" data-envira-item-id=\"20685\" data-envira-retina=\"https:\/\/regese.ch\/fussball\/wp-content\/uploads\/2025\/05\/FC-Prishtina-FCK05_28-05-25-78.jpg\" data-thumb=\"https:\/\/regese.ch\/fussball\/wp-content\/uploads\/2025\/05\/FC-Prishtina-FCK05_28-05-25-78-75x50_c.jpg\" data-title=\"FC Prishtina - FCK05_28-05-25-78\" data-envirabox='20702' itemprop=\"contentUrl\"><div class=\"envira-lazy\" style=\"padding-bottom: 75%;\" data-envira-changed=\"false\" data-width=\"640\" data-height=\"480\"><img loading=\"lazy\" decoding=\"async\" src=\"https:\/\/regese.ch\/fussball\/wp-content\/uploads\/2025\/05\/FC-Prishtina-FCK05_28-05-25-78-1536x1024.jpg\" alt=\"\" class=\"envira-gallery-image envira-gallery-image-77    envira-lazy\" height=\"480\" id=\"envira-gallery-image-20685\" srcset=\"data:image\/gif;base64,R0lGODlhAQABAIAAAP\/\/\/\/\/\/\/yH5BAEKAAEALAAAAAABAAEAAAICTAEAOw==\" tabindex=\"-1\" title=\"FC Prishtina - FCK05_28-05-25-78\" width=\"640\" data-caption=\"\" data-envira-gallery-id=\"20702\" data-envira-index=\"76\" data-envira-item-id=\"20685\" data-envira-src=\"https:\/\/regese.ch\/fussball\/wp-content\/uploads\/2025\/05\/FC-Prishtina-FCK05_28-05-25-78-1536x1024.jpg\" data-envira-srcset=\"https:\/\/regese.ch\/fussball\/wp-content\/uploads\/2025\/05\/FC-Prishtina-FCK05_28-05-25-78-1536x1024.jpg 400w, https:\/\/regese.ch\/fussball\/wp-content\/uploads\/2025\/05\/FC-Prishtina-FCK05_28-05-25-78-1536x1024.jpg 2x\" data-title=\"FC Prishtina - FCK05_28-05-25-78\" itemprop=\"thumbnailUrl\"  data-envirabox=\"20702\" \/><\/div><\/a><div class=\"envira-gallery-captioned-data envira-gallery-captioned-data-base\"><\/div><\/div><\/div><div id=\"envira-gallery-item-20686\" class=\"envira-gallery-item envira-gallery-item-78 envira-lazy-load enviratope-item\" style=\"padding-left: 5px; padding-bottom: 10px; padding-right: 5px;\"  itemscope itemtype=\"https:\/\/schema.org\/ImageObject\"><div class=\"envira-gallery-item-inner\"><div class=\"envira-gallery-position-overlay envira-gallery-top-left\"><\/div><div class=\"envira-gallery-position-overlay envira-gallery-top-right\"><\/div><div class=\"envira-gallery-position-overlay envira-gallery-bottom-left\"><\/div><div class=\"envira-gallery-position-overlay envira-gallery-bottom-right\"><\/div><a class=\"envira-gallery-20702 envira-gallery-link\" href=\"https:\/\/regese.ch\/fussball\/wp-content\/uploads\/2025\/05\/FC-Prishtina-FCK05_28-05-25-79.jpg\" title=\"FC Prishtina - FCK05_28-05-25-79\" data-caption=\"\" data-envira-item-id=\"20686\" data-envira-retina=\"https:\/\/regese.ch\/fussball\/wp-content\/uploads\/2025\/05\/FC-Prishtina-FCK05_28-05-25-79.jpg\" data-thumb=\"https:\/\/regese.ch\/fussball\/wp-content\/uploads\/2025\/05\/FC-Prishtina-FCK05_28-05-25-79-75x50_c.jpg\" data-title=\"FC Prishtina - FCK05_28-05-25-79\" data-envirabox='20702' itemprop=\"contentUrl\"><div class=\"envira-lazy\" style=\"padding-bottom: 75%;\" data-envira-changed=\"false\" data-width=\"640\" data-height=\"480\"><img loading=\"lazy\" decoding=\"async\" src=\"https:\/\/regese.ch\/fussball\/wp-content\/uploads\/2025\/05\/FC-Prishtina-FCK05_28-05-25-79.jpg\" alt=\"\" class=\"envira-gallery-image envira-gallery-image-78    envira-lazy\" height=\"480\" id=\"envira-gallery-image-20686\" srcset=\"data:image\/gif;base64,R0lGODlhAQABAIAAAP\/\/\/\/\/\/\/yH5BAEKAAEALAAAAAABAAEAAAICTAEAOw==\" tabindex=\"-1\" title=\"FC Prishtina - FCK05_28-05-25-79\" width=\"640\" data-caption=\"\" data-envira-gallery-id=\"20702\" data-envira-index=\"77\" data-envira-item-id=\"20686\" data-envira-src=\"https:\/\/regese.ch\/fussball\/wp-content\/uploads\/2025\/05\/FC-Prishtina-FCK05_28-05-25-79.jpg\" data-envira-srcset=\"https:\/\/regese.ch\/fussball\/wp-content\/uploads\/2025\/05\/FC-Prishtina-FCK05_28-05-25-79.jpg 400w, https:\/\/regese.ch\/fussball\/wp-content\/uploads\/2025\/05\/FC-Prishtina-FCK05_28-05-25-79.jpg 2x\" data-title=\"FC Prishtina - FCK05_28-05-25-79\" itemprop=\"thumbnailUrl\"  data-envirabox=\"20702\" \/><\/div><\/a><div class=\"envira-gallery-captioned-data envira-gallery-captioned-data-base\"><\/div><\/div><\/div><div id=\"envira-gallery-item-20687\" class=\"envira-gallery-item envira-gallery-item-79 envira-lazy-load enviratope-item\" style=\"padding-left: 5px; padding-bottom: 10px; padding-right: 5px;\"  itemscope itemtype=\"https:\/\/schema.org\/ImageObject\"><div class=\"envira-gallery-item-inner\"><div class=\"envira-gallery-position-overlay envira-gallery-top-left\"><\/div><div class=\"envira-gallery-position-overlay envira-gallery-top-right\"><\/div><div class=\"envira-gallery-position-overlay envira-gallery-bottom-left\"><\/div><div class=\"envira-gallery-position-overlay envira-gallery-bottom-right\"><\/div><a class=\"envira-gallery-20702 envira-gallery-link\" href=\"https:\/\/regese.ch\/fussball\/wp-content\/uploads\/2025\/05\/FC-Prishtina-FCK05_28-05-25-80.jpg\" title=\"FC Prishtina - FCK05_28-05-25-80\" data-caption=\"\" data-envira-item-id=\"20687\" data-envira-retina=\"https:\/\/regese.ch\/fussball\/wp-content\/uploads\/2025\/05\/FC-Prishtina-FCK05_28-05-25-80.jpg\" data-thumb=\"https:\/\/regese.ch\/fussball\/wp-content\/uploads\/2025\/05\/FC-Prishtina-FCK05_28-05-25-80-75x50_c.jpg\" data-title=\"FC Prishtina - FCK05_28-05-25-80\" data-envirabox='20702' itemprop=\"contentUrl\"><div class=\"envira-lazy\" style=\"padding-bottom: 75%;\" data-envira-changed=\"false\" data-width=\"640\" data-height=\"480\"><img loading=\"lazy\" decoding=\"async\" src=\"https:\/\/regese.ch\/fussball\/wp-content\/uploads\/2025\/05\/FC-Prishtina-FCK05_28-05-25-80-1536x1024.jpg\" alt=\"\" class=\"envira-gallery-image envira-gallery-image-79    envira-lazy\" height=\"480\" id=\"envira-gallery-image-20687\" srcset=\"data:image\/gif;base64,R0lGODlhAQABAIAAAP\/\/\/\/\/\/\/yH5BAEKAAEALAAAAAABAAEAAAICTAEAOw==\" tabindex=\"-1\" title=\"FC Prishtina - FCK05_28-05-25-80\" width=\"640\" data-caption=\"\" data-envira-gallery-id=\"20702\" data-envira-index=\"78\" data-envira-item-id=\"20687\" data-envira-src=\"https:\/\/regese.ch\/fussball\/wp-content\/uploads\/2025\/05\/FC-Prishtina-FCK05_28-05-25-80-1536x1024.jpg\" data-envira-srcset=\"https:\/\/regese.ch\/fussball\/wp-content\/uploads\/2025\/05\/FC-Prishtina-FCK05_28-05-25-80-1536x1024.jpg 400w, https:\/\/regese.ch\/fussball\/wp-content\/uploads\/2025\/05\/FC-Prishtina-FCK05_28-05-25-80-1536x1024.jpg 2x\" data-title=\"FC Prishtina - FCK05_28-05-25-80\" itemprop=\"thumbnailUrl\"  data-envirabox=\"20702\" \/><\/div><\/a><div class=\"envira-gallery-captioned-data envira-gallery-captioned-data-base\"><\/div><\/div><\/div><div id=\"envira-gallery-item-20688\" class=\"envira-gallery-item envira-gallery-item-80 envira-lazy-load enviratope-item\" style=\"padding-left: 5px; padding-bottom: 10px; padding-right: 5px;\"  itemscope itemtype=\"https:\/\/schema.org\/ImageObject\"><div class=\"envira-gallery-item-inner\"><div class=\"envira-gallery-position-overlay envira-gallery-top-left\"><\/div><div class=\"envira-gallery-position-overlay envira-gallery-top-right\"><\/div><div class=\"envira-gallery-position-overlay envira-gallery-bottom-left\"><\/div><div class=\"envira-gallery-position-overlay envira-gallery-bottom-right\"><\/div><a class=\"envira-gallery-20702 envira-gallery-link\" href=\"https:\/\/regese.ch\/fussball\/wp-content\/uploads\/2025\/05\/FC-Prishtina-FCK05_28-05-25-81.jpg\" title=\"FC Prishtina - FCK05_28-05-25-81\" data-caption=\"\" data-envira-item-id=\"20688\" data-envira-retina=\"https:\/\/regese.ch\/fussball\/wp-content\/uploads\/2025\/05\/FC-Prishtina-FCK05_28-05-25-81.jpg\" data-thumb=\"https:\/\/regese.ch\/fussball\/wp-content\/uploads\/2025\/05\/FC-Prishtina-FCK05_28-05-25-81-75x50_c.jpg\" data-title=\"FC Prishtina - FCK05_28-05-25-81\" data-envirabox='20702' itemprop=\"contentUrl\"><div class=\"envira-lazy\" style=\"padding-bottom: 75%;\" data-envira-changed=\"false\" data-width=\"640\" data-height=\"480\"><img loading=\"lazy\" decoding=\"async\" src=\"https:\/\/regese.ch\/fussball\/wp-content\/uploads\/2025\/05\/FC-Prishtina-FCK05_28-05-25-81-1536x1024.jpg\" alt=\"\" class=\"envira-gallery-image envira-gallery-image-80    envira-lazy\" height=\"480\" id=\"envira-gallery-image-20688\" srcset=\"data:image\/gif;base64,R0lGODlhAQABAIAAAP\/\/\/\/\/\/\/yH5BAEKAAEALAAAAAABAAEAAAICTAEAOw==\" tabindex=\"-1\" title=\"FC Prishtina - FCK05_28-05-25-81\" width=\"640\" data-caption=\"\" data-envira-gallery-id=\"20702\" data-envira-index=\"79\" data-envira-item-id=\"20688\" data-envira-src=\"https:\/\/regese.ch\/fussball\/wp-content\/uploads\/2025\/05\/FC-Prishtina-FCK05_28-05-25-81-1536x1024.jpg\" data-envira-srcset=\"https:\/\/regese.ch\/fussball\/wp-content\/uploads\/2025\/05\/FC-Prishtina-FCK05_28-05-25-81-1536x1024.jpg 400w, https:\/\/regese.ch\/fussball\/wp-content\/uploads\/2025\/05\/FC-Prishtina-FCK05_28-05-25-81-1536x1024.jpg 2x\" data-title=\"FC Prishtina - FCK05_28-05-25-81\" itemprop=\"thumbnailUrl\"  data-envirabox=\"20702\" \/><\/div><\/a><div class=\"envira-gallery-captioned-data envira-gallery-captioned-data-base\"><\/div><\/div><\/div><div id=\"envira-gallery-item-20692\" class=\"envira-gallery-item envira-gallery-item-81 envira-lazy-load enviratope-item\" style=\"padding-left: 5px; padding-bottom: 10px; padding-right: 5px;\"  itemscope itemtype=\"https:\/\/schema.org\/ImageObject\"><div class=\"envira-gallery-item-inner\"><div class=\"envira-gallery-position-overlay envira-gallery-top-left\"><\/div><div class=\"envira-gallery-position-overlay envira-gallery-top-right\"><\/div><div class=\"envira-gallery-position-overlay envira-gallery-bottom-left\"><\/div><div class=\"envira-gallery-position-overlay envira-gallery-bottom-right\"><\/div><a class=\"envira-gallery-20702 envira-gallery-link\" href=\"https:\/\/regese.ch\/fussball\/wp-content\/uploads\/2025\/05\/Felle-haelt-1.jpg\" title=\"Felle h\u00e4lt-1\" data-caption=\"\" data-envira-item-id=\"20692\" data-envira-retina=\"https:\/\/regese.ch\/fussball\/wp-content\/uploads\/2025\/05\/Felle-haelt-1.jpg\" data-thumb=\"https:\/\/regese.ch\/fussball\/wp-content\/uploads\/2025\/05\/Felle-haelt-1-75x50_c.jpg\" data-title=\"Felle h&auml;lt-1\" data-envirabox='20702' itemprop=\"contentUrl\"><div class=\"envira-lazy\" style=\"padding-bottom: 75%;\" data-envira-changed=\"false\" data-width=\"640\" data-height=\"480\"><img loading=\"lazy\" decoding=\"async\" src=\"https:\/\/regese.ch\/fussball\/wp-content\/uploads\/2025\/05\/Felle-haelt-1-1536x1024.jpg\" alt=\"\" class=\"envira-gallery-image envira-gallery-image-81    envira-lazy\" height=\"480\" id=\"envira-gallery-image-20692\" srcset=\"data:image\/gif;base64,R0lGODlhAQABAIAAAP\/\/\/\/\/\/\/yH5BAEKAAEALAAAAAABAAEAAAICTAEAOw==\" tabindex=\"-1\" title=\"Felle h\u00e4lt-1\" width=\"640\" data-caption=\"\" data-envira-gallery-id=\"20702\" data-envira-index=\"80\" data-envira-item-id=\"20692\" data-envira-src=\"https:\/\/regese.ch\/fussball\/wp-content\/uploads\/2025\/05\/Felle-haelt-1-1536x1024.jpg\" data-envira-srcset=\"https:\/\/regese.ch\/fussball\/wp-content\/uploads\/2025\/05\/Felle-haelt-1-1536x1024.jpg 400w, https:\/\/regese.ch\/fussball\/wp-content\/uploads\/2025\/05\/Felle-haelt-1-1536x1024.jpg 2x\" data-title=\"Felle h&auml;lt-1\" itemprop=\"thumbnailUrl\"  data-envirabox=\"20702\" \/><\/div><\/a><div class=\"envira-gallery-captioned-data envira-gallery-captioned-data-base\"><\/div><\/div><\/div><div id=\"envira-gallery-item-20693\" class=\"envira-gallery-item envira-gallery-item-82 envira-lazy-load enviratope-item\" style=\"padding-left: 5px; padding-bottom: 10px; padding-right: 5px;\"  itemscope itemtype=\"https:\/\/schema.org\/ImageObject\"><div class=\"envira-gallery-item-inner\"><div class=\"envira-gallery-position-overlay envira-gallery-top-left\"><\/div><div class=\"envira-gallery-position-overlay envira-gallery-top-right\"><\/div><div class=\"envira-gallery-position-overlay envira-gallery-bottom-left\"><\/div><div class=\"envira-gallery-position-overlay envira-gallery-bottom-right\"><\/div><a class=\"envira-gallery-20702 envira-gallery-link\" href=\"https:\/\/regese.ch\/fussball\/wp-content\/uploads\/2025\/05\/Felle-haelt-2.jpg\" title=\"Felle h\u00e4lt-2\" data-caption=\"\" data-envira-item-id=\"20693\" data-envira-retina=\"https:\/\/regese.ch\/fussball\/wp-content\/uploads\/2025\/05\/Felle-haelt-2.jpg\" data-thumb=\"https:\/\/regese.ch\/fussball\/wp-content\/uploads\/2025\/05\/Felle-haelt-2-75x50_c.jpg\" data-title=\"Felle h&auml;lt-2\" data-envirabox='20702' itemprop=\"contentUrl\"><div class=\"envira-lazy\" style=\"padding-bottom: 75%;\" data-envira-changed=\"false\" data-width=\"640\" data-height=\"480\"><img loading=\"lazy\" decoding=\"async\" src=\"https:\/\/regese.ch\/fussball\/wp-content\/uploads\/2025\/05\/Felle-haelt-2-1536x1024.jpg\" alt=\"\" class=\"envira-gallery-image envira-gallery-image-82    envira-lazy\" height=\"480\" id=\"envira-gallery-image-20693\" srcset=\"data:image\/gif;base64,R0lGODlhAQABAIAAAP\/\/\/\/\/\/\/yH5BAEKAAEALAAAAAABAAEAAAICTAEAOw==\" tabindex=\"-1\" title=\"Felle h\u00e4lt-2\" width=\"640\" data-caption=\"\" data-envira-gallery-id=\"20702\" data-envira-index=\"81\" data-envira-item-id=\"20693\" data-envira-src=\"https:\/\/regese.ch\/fussball\/wp-content\/uploads\/2025\/05\/Felle-haelt-2-1536x1024.jpg\" data-envira-srcset=\"https:\/\/regese.ch\/fussball\/wp-content\/uploads\/2025\/05\/Felle-haelt-2-1536x1024.jpg 400w, https:\/\/regese.ch\/fussball\/wp-content\/uploads\/2025\/05\/Felle-haelt-2-1536x1024.jpg 2x\" data-title=\"Felle h&auml;lt-2\" itemprop=\"thumbnailUrl\"  data-envirabox=\"20702\" \/><\/div><\/a><div class=\"envira-gallery-captioned-data envira-gallery-captioned-data-base\"><\/div><\/div><\/div><div id=\"envira-gallery-item-20694\" class=\"envira-gallery-item envira-gallery-item-83 envira-lazy-load enviratope-item\" style=\"padding-left: 5px; padding-bottom: 10px; padding-right: 5px;\"  itemscope itemtype=\"https:\/\/schema.org\/ImageObject\"><div class=\"envira-gallery-item-inner\"><div class=\"envira-gallery-position-overlay envira-gallery-top-left\"><\/div><div class=\"envira-gallery-position-overlay envira-gallery-top-right\"><\/div><div class=\"envira-gallery-position-overlay envira-gallery-bottom-left\"><\/div><div class=\"envira-gallery-position-overlay envira-gallery-bottom-right\"><\/div><a class=\"envira-gallery-20702 envira-gallery-link\" href=\"https:\/\/regese.ch\/fussball\/wp-content\/uploads\/2025\/05\/Felle-haelt-3.jpg\" title=\"Felle h\u00e4lt-3\" data-caption=\"\" data-envira-item-id=\"20694\" data-envira-retina=\"https:\/\/regese.ch\/fussball\/wp-content\/uploads\/2025\/05\/Felle-haelt-3.jpg\" data-thumb=\"https:\/\/regese.ch\/fussball\/wp-content\/uploads\/2025\/05\/Felle-haelt-3-75x50_c.jpg\" data-title=\"Felle h&auml;lt-3\" data-envirabox='20702' itemprop=\"contentUrl\"><div class=\"envira-lazy\" style=\"padding-bottom: 75%;\" data-envira-changed=\"false\" data-width=\"640\" data-height=\"480\"><img loading=\"lazy\" decoding=\"async\" src=\"https:\/\/regese.ch\/fussball\/wp-content\/uploads\/2025\/05\/Felle-haelt-3-1536x1024.jpg\" alt=\"\" class=\"envira-gallery-image envira-gallery-image-83    envira-lazy\" height=\"480\" id=\"envira-gallery-image-20694\" srcset=\"data:image\/gif;base64,R0lGODlhAQABAIAAAP\/\/\/\/\/\/\/yH5BAEKAAEALAAAAAABAAEAAAICTAEAOw==\" tabindex=\"-1\" title=\"Felle h\u00e4lt-3\" width=\"640\" data-caption=\"\" data-envira-gallery-id=\"20702\" data-envira-index=\"82\" data-envira-item-id=\"20694\" data-envira-src=\"https:\/\/regese.ch\/fussball\/wp-content\/uploads\/2025\/05\/Felle-haelt-3-1536x1024.jpg\" data-envira-srcset=\"https:\/\/regese.ch\/fussball\/wp-content\/uploads\/2025\/05\/Felle-haelt-3-1536x1024.jpg 400w, https:\/\/regese.ch\/fussball\/wp-content\/uploads\/2025\/05\/Felle-haelt-3-1536x1024.jpg 2x\" data-title=\"Felle h&auml;lt-3\" itemprop=\"thumbnailUrl\"  data-envirabox=\"20702\" \/><\/div><\/a><div class=\"envira-gallery-captioned-data envira-gallery-captioned-data-base\"><\/div><\/div><\/div><div id=\"envira-gallery-item-20695\" class=\"envira-gallery-item envira-gallery-item-84 envira-lazy-load enviratope-item\" style=\"padding-left: 5px; padding-bottom: 10px; padding-right: 5px;\"  itemscope itemtype=\"https:\/\/schema.org\/ImageObject\"><div class=\"envira-gallery-item-inner\"><div class=\"envira-gallery-position-overlay envira-gallery-top-left\"><\/div><div class=\"envira-gallery-position-overlay envira-gallery-top-right\"><\/div><div class=\"envira-gallery-position-overlay envira-gallery-bottom-left\"><\/div><div class=\"envira-gallery-position-overlay envira-gallery-bottom-right\"><\/div><a class=\"envira-gallery-20702 envira-gallery-link\" href=\"https:\/\/regese.ch\/fussball\/wp-content\/uploads\/2025\/05\/Felle-haelt-4.jpg\" title=\"Felle h\u00e4lt-4\" data-caption=\"\" data-envira-item-id=\"20695\" data-envira-retina=\"https:\/\/regese.ch\/fussball\/wp-content\/uploads\/2025\/05\/Felle-haelt-4.jpg\" data-thumb=\"https:\/\/regese.ch\/fussball\/wp-content\/uploads\/2025\/05\/Felle-haelt-4-75x50_c.jpg\" data-title=\"Felle h&auml;lt-4\" data-envirabox='20702' itemprop=\"contentUrl\"><div class=\"envira-lazy\" style=\"padding-bottom: 75%;\" data-envira-changed=\"false\" data-width=\"640\" data-height=\"480\"><img loading=\"lazy\" decoding=\"async\" src=\"https:\/\/regese.ch\/fussball\/wp-content\/uploads\/2025\/05\/Felle-haelt-4-1536x1024.jpg\" alt=\"\" class=\"envira-gallery-image envira-gallery-image-84    envira-lazy\" height=\"480\" id=\"envira-gallery-image-20695\" srcset=\"data:image\/gif;base64,R0lGODlhAQABAIAAAP\/\/\/\/\/\/\/yH5BAEKAAEALAAAAAABAAEAAAICTAEAOw==\" tabindex=\"-1\" title=\"Felle h\u00e4lt-4\" width=\"640\" data-caption=\"\" data-envira-gallery-id=\"20702\" data-envira-index=\"83\" data-envira-item-id=\"20695\" data-envira-src=\"https:\/\/regese.ch\/fussball\/wp-content\/uploads\/2025\/05\/Felle-haelt-4-1536x1024.jpg\" data-envira-srcset=\"https:\/\/regese.ch\/fussball\/wp-content\/uploads\/2025\/05\/Felle-haelt-4-1536x1024.jpg 400w, https:\/\/regese.ch\/fussball\/wp-content\/uploads\/2025\/05\/Felle-haelt-4-1536x1024.jpg 2x\" data-title=\"Felle h&auml;lt-4\" itemprop=\"thumbnailUrl\"  data-envirabox=\"20702\" \/><\/div><\/a><div class=\"envira-gallery-captioned-data envira-gallery-captioned-data-base\"><\/div><\/div><\/div><div id=\"envira-gallery-item-20696\" class=\"envira-gallery-item envira-gallery-item-85 envira-lazy-load enviratope-item\" style=\"padding-left: 5px; padding-bottom: 10px; padding-right: 5px;\"  itemscope itemtype=\"https:\/\/schema.org\/ImageObject\"><div class=\"envira-gallery-item-inner\"><div class=\"envira-gallery-position-overlay envira-gallery-top-left\"><\/div><div class=\"envira-gallery-position-overlay envira-gallery-top-right\"><\/div><div class=\"envira-gallery-position-overlay envira-gallery-bottom-left\"><\/div><div class=\"envira-gallery-position-overlay envira-gallery-bottom-right\"><\/div><a class=\"envira-gallery-20702 envira-gallery-link\" href=\"https:\/\/regese.ch\/fussball\/wp-content\/uploads\/2025\/05\/Felle-haelt-5.jpg\" title=\"Felle h\u00e4lt-5\" data-caption=\"\" data-envira-item-id=\"20696\" data-envira-retina=\"https:\/\/regese.ch\/fussball\/wp-content\/uploads\/2025\/05\/Felle-haelt-5.jpg\" data-thumb=\"https:\/\/regese.ch\/fussball\/wp-content\/uploads\/2025\/05\/Felle-haelt-5-75x50_c.jpg\" data-title=\"Felle h&auml;lt-5\" data-envirabox='20702' itemprop=\"contentUrl\"><div class=\"envira-lazy\" style=\"padding-bottom: 75%;\" data-envira-changed=\"false\" data-width=\"640\" data-height=\"480\"><img loading=\"lazy\" decoding=\"async\" src=\"https:\/\/regese.ch\/fussball\/wp-content\/uploads\/2025\/05\/Felle-haelt-5-1536x1024.jpg\" alt=\"\" class=\"envira-gallery-image envira-gallery-image-85    envira-lazy\" height=\"480\" id=\"envira-gallery-image-20696\" srcset=\"data:image\/gif;base64,R0lGODlhAQABAIAAAP\/\/\/\/\/\/\/yH5BAEKAAEALAAAAAABAAEAAAICTAEAOw==\" tabindex=\"-1\" title=\"Felle h\u00e4lt-5\" width=\"640\" data-caption=\"\" data-envira-gallery-id=\"20702\" data-envira-index=\"84\" data-envira-item-id=\"20696\" data-envira-src=\"https:\/\/regese.ch\/fussball\/wp-content\/uploads\/2025\/05\/Felle-haelt-5-1536x1024.jpg\" data-envira-srcset=\"https:\/\/regese.ch\/fussball\/wp-content\/uploads\/2025\/05\/Felle-haelt-5-1536x1024.jpg 400w, https:\/\/regese.ch\/fussball\/wp-content\/uploads\/2025\/05\/Felle-haelt-5-1536x1024.jpg 2x\" data-title=\"Felle h&auml;lt-5\" itemprop=\"thumbnailUrl\"  data-envirabox=\"20702\" \/><\/div><\/a><div class=\"envira-gallery-captioned-data envira-gallery-captioned-data-base\"><\/div><\/div><\/div><div id=\"envira-gallery-item-20697\" class=\"envira-gallery-item envira-gallery-item-86 envira-lazy-load enviratope-item\" style=\"padding-left: 5px; padding-bottom: 10px; padding-right: 5px;\"  itemscope itemtype=\"https:\/\/schema.org\/ImageObject\"><div class=\"envira-gallery-item-inner\"><div class=\"envira-gallery-position-overlay envira-gallery-top-left\"><\/div><div class=\"envira-gallery-position-overlay envira-gallery-top-right\"><\/div><div class=\"envira-gallery-position-overlay envira-gallery-bottom-left\"><\/div><div class=\"envira-gallery-position-overlay envira-gallery-bottom-right\"><\/div><a class=\"envira-gallery-20702 envira-gallery-link\" href=\"https:\/\/regese.ch\/fussball\/wp-content\/uploads\/2025\/05\/Felle-haelt-6.jpg\" title=\"Felle h\u00e4lt-6\" data-caption=\"\" data-envira-item-id=\"20697\" data-envira-retina=\"https:\/\/regese.ch\/fussball\/wp-content\/uploads\/2025\/05\/Felle-haelt-6.jpg\" data-thumb=\"https:\/\/regese.ch\/fussball\/wp-content\/uploads\/2025\/05\/Felle-haelt-6-75x50_c.jpg\" data-title=\"Felle h&auml;lt-6\" data-envirabox='20702' itemprop=\"contentUrl\"><div class=\"envira-lazy\" style=\"padding-bottom: 75%;\" data-envira-changed=\"false\" data-width=\"640\" data-height=\"480\"><img loading=\"lazy\" decoding=\"async\" src=\"https:\/\/regese.ch\/fussball\/wp-content\/uploads\/2025\/05\/Felle-haelt-6-1536x1024.jpg\" alt=\"\" class=\"envira-gallery-image envira-gallery-image-86    envira-lazy\" height=\"480\" id=\"envira-gallery-image-20697\" srcset=\"data:image\/gif;base64,R0lGODlhAQABAIAAAP\/\/\/\/\/\/\/yH5BAEKAAEALAAAAAABAAEAAAICTAEAOw==\" tabindex=\"-1\" title=\"Felle h\u00e4lt-6\" width=\"640\" data-caption=\"\" data-envira-gallery-id=\"20702\" data-envira-index=\"85\" data-envira-item-id=\"20697\" data-envira-src=\"https:\/\/regese.ch\/fussball\/wp-content\/uploads\/2025\/05\/Felle-haelt-6-1536x1024.jpg\" data-envira-srcset=\"https:\/\/regese.ch\/fussball\/wp-content\/uploads\/2025\/05\/Felle-haelt-6-1536x1024.jpg 400w, https:\/\/regese.ch\/fussball\/wp-content\/uploads\/2025\/05\/Felle-haelt-6-1536x1024.jpg 2x\" data-title=\"Felle h&auml;lt-6\" itemprop=\"thumbnailUrl\"  data-envirabox=\"20702\" \/><\/div><\/a><div class=\"envira-gallery-captioned-data envira-gallery-captioned-data-base\"><\/div><\/div><\/div><\/div><\/div><noscript><img src='https:\/\/regese.ch\/fussball\/wp-content\/uploads\/2025\/05\/FC-Prishtina-FCK05_28-05-25-1.jpg' alt='' class='envira_noscript_images ' \/><img src='https:\/\/regese.ch\/fussball\/wp-content\/uploads\/2025\/05\/FC-Prishtina-FCK05_28-05-25-2.jpg' alt='' class='envira_noscript_images ' \/><img src='https:\/\/regese.ch\/fussball\/wp-content\/uploads\/2025\/05\/FC-Prishtina-FCK05_28-05-25-3.jpg' alt='' class='envira_noscript_images ' \/><img src='https:\/\/regese.ch\/fussball\/wp-content\/uploads\/2025\/05\/FC-Prishtina-FCK05_28-05-25-4.jpg' alt='' class='envira_noscript_images ' \/><img src='https:\/\/regese.ch\/fussball\/wp-content\/uploads\/2025\/05\/FC-Prishtina-FCK05_28-05-25-5.jpg' alt='' class='envira_noscript_images ' \/><img src='https:\/\/regese.ch\/fussball\/wp-content\/uploads\/2025\/05\/FC-Prishtina-FCK05_28-05-25-6.jpg' alt='' class='envira_noscript_images ' \/><img src='https:\/\/regese.ch\/fussball\/wp-content\/uploads\/2025\/05\/FC-Prishtina-FCK05_28-05-25-7.jpg' alt='' class='envira_noscript_images ' \/><img src='https:\/\/regese.ch\/fussball\/wp-content\/uploads\/2025\/05\/FC-Prishtina-FCK05_28-05-25-8.jpg' alt='' class='envira_noscript_images ' \/><img src='https:\/\/regese.ch\/fussball\/wp-content\/uploads\/2025\/05\/FC-Prishtina-FCK05_28-05-25-9.jpg' alt='' class='envira_noscript_images ' \/><img src='https:\/\/regese.ch\/fussball\/wp-content\/uploads\/2025\/05\/FC-Prishtina-FCK05_28-05-25-10.jpg' alt='' class='envira_noscript_images ' \/><img src='https:\/\/regese.ch\/fussball\/wp-content\/uploads\/2025\/05\/FC-Prishtina-FCK05_28-05-25-11.jpg' alt='' class='envira_noscript_images ' \/><img src='https:\/\/regese.ch\/fussball\/wp-content\/uploads\/2025\/05\/FC-Prishtina-FCK05_28-05-25-12.jpg' alt='' class='envira_noscript_images ' \/><img src='https:\/\/regese.ch\/fussball\/wp-content\/uploads\/2025\/05\/FC-Prishtina-FCK05_28-05-25-13.jpg' alt='' class='envira_noscript_images ' \/><img src='https:\/\/regese.ch\/fussball\/wp-content\/uploads\/2025\/05\/FC-Prishtina-FCK05_28-05-25-14.jpg' alt='' class='envira_noscript_images ' \/><img src='https:\/\/regese.ch\/fussball\/wp-content\/uploads\/2025\/05\/FC-Prishtina-FCK05_28-05-25-15.jpg' alt='' class='envira_noscript_images ' \/><img src='https:\/\/regese.ch\/fussball\/wp-content\/uploads\/2025\/05\/FC-Prishtina-FCK05_28-05-25-16.jpg' alt='' class='envira_noscript_images ' \/><img src='https:\/\/regese.ch\/fussball\/wp-content\/uploads\/2025\/05\/FC-Prishtina-FCK05_28-05-25-17.jpg' alt='' class='envira_noscript_images ' \/><img src='https:\/\/regese.ch\/fussball\/wp-content\/uploads\/2025\/05\/FC-Prishtina-FCK05_28-05-25-18.jpg' alt='' class='envira_noscript_images ' \/><img src='https:\/\/regese.ch\/fussball\/wp-content\/uploads\/2025\/05\/FC-Prishtina-FCK05_28-05-25-19.jpg' alt='' class='envira_noscript_images ' \/><img src='https:\/\/regese.ch\/fussball\/wp-content\/uploads\/2025\/05\/FC-Prishtina-FCK05_28-05-25-20.jpg' alt='' class='envira_noscript_images ' \/><img src='https:\/\/regese.ch\/fussball\/wp-content\/uploads\/2025\/05\/FC-Prishtina-FCK05_28-05-25-21.jpg' alt='' class='envira_noscript_images ' \/><img src='https:\/\/regese.ch\/fussball\/wp-content\/uploads\/2025\/05\/FC-Prishtina-FCK05_28-05-25-22.jpg' alt='' class='envira_noscript_images ' \/><img src='https:\/\/regese.ch\/fussball\/wp-content\/uploads\/2025\/05\/FC-Prishtina-FCK05_28-05-25-23.jpg' alt='' class='envira_noscript_images ' \/><img src='https:\/\/regese.ch\/fussball\/wp-content\/uploads\/2025\/05\/FC-Prishtina-FCK05_28-05-25-24.jpg' alt='' class='envira_noscript_images ' \/><img src='https:\/\/regese.ch\/fussball\/wp-content\/uploads\/2025\/05\/FC-Prishtina-FCK05_28-05-25-25.jpg' alt='' class='envira_noscript_images ' \/><img src='https:\/\/regese.ch\/fussball\/wp-content\/uploads\/2025\/05\/FC-Prishtina-FCK05_28-05-25-26.jpg' alt='' class='envira_noscript_images ' \/><img src='https:\/\/regese.ch\/fussball\/wp-content\/uploads\/2025\/05\/FC-Prishtina-FCK05_28-05-25-27.jpg' alt='' class='envira_noscript_images ' \/><img src='https:\/\/regese.ch\/fussball\/wp-content\/uploads\/2025\/05\/FC-Prishtina-FCK05_28-05-25-28.jpg' alt='' class='envira_noscript_images ' \/><img src='https:\/\/regese.ch\/fussball\/wp-content\/uploads\/2025\/05\/FC-Prishtina-FCK05_28-05-25-29.jpg' alt='' class='envira_noscript_images ' \/><img src='https:\/\/regese.ch\/fussball\/wp-content\/uploads\/2025\/05\/FC-Prishtina-FCK05_28-05-25-30.jpg' alt='' class='envira_noscript_images ' \/><img src='https:\/\/regese.ch\/fussball\/wp-content\/uploads\/2025\/05\/FC-Prishtina-FCK05_28-05-25-31.jpg' alt='' class='envira_noscript_images ' \/><img src='https:\/\/regese.ch\/fussball\/wp-content\/uploads\/2025\/05\/FC-Prishtina-FCK05_28-05-25-32.jpg' alt='' class='envira_noscript_images ' \/><img src='https:\/\/regese.ch\/fussball\/wp-content\/uploads\/2025\/05\/FC-Prishtina-FCK05_28-05-25-33.jpg' alt='' class='envira_noscript_images ' \/><img src='https:\/\/regese.ch\/fussball\/wp-content\/uploads\/2025\/05\/FC-Prishtina-FCK05_28-05-25-34.jpg' alt='' class='envira_noscript_images ' \/><img src='https:\/\/regese.ch\/fussball\/wp-content\/uploads\/2025\/05\/FC-Prishtina-FCK05_28-05-25-35.jpg' alt='' class='envira_noscript_images ' \/><img src='https:\/\/regese.ch\/fussball\/wp-content\/uploads\/2025\/05\/FC-Prishtina-FCK05_28-05-25-36.jpg' alt='' class='envira_noscript_images ' \/><img src='https:\/\/regese.ch\/fussball\/wp-content\/uploads\/2025\/05\/FC-Prishtina-FCK05_28-05-25-37.jpg' alt='' class='envira_noscript_images ' \/><img src='https:\/\/regese.ch\/fussball\/wp-content\/uploads\/2025\/05\/FC-Prishtina-FCK05_28-05-25-38.jpg' alt='' class='envira_noscript_images ' \/><img src='https:\/\/regese.ch\/fussball\/wp-content\/uploads\/2025\/05\/FC-Prishtina-FCK05_28-05-25-39.jpg' alt='' class='envira_noscript_images ' \/><img src='https:\/\/regese.ch\/fussball\/wp-content\/uploads\/2025\/05\/FC-Prishtina-FCK05_28-05-25-40.jpg' alt='' class='envira_noscript_images ' \/><img src='https:\/\/regese.ch\/fussball\/wp-content\/uploads\/2025\/05\/FC-Prishtina-FCK05_28-05-25-41.jpg' alt='' class='envira_noscript_images ' \/><img src='https:\/\/regese.ch\/fussball\/wp-content\/uploads\/2025\/05\/FC-Prishtina-FCK05_28-05-25-43.jpg' alt='' class='envira_noscript_images ' \/><img src='https:\/\/regese.ch\/fussball\/wp-content\/uploads\/2025\/05\/FC-Prishtina-FCK05_28-05-25-44.jpg' alt='' class='envira_noscript_images ' \/><img src='https:\/\/regese.ch\/fussball\/wp-content\/uploads\/2025\/05\/FC-Prishtina-FCK05_28-05-25-45.jpg' alt='' class='envira_noscript_images ' \/><img src='https:\/\/regese.ch\/fussball\/wp-content\/uploads\/2025\/05\/FC-Prishtina-FCK05_28-05-25-46.jpg' alt='' class='envira_noscript_images ' \/><img src='https:\/\/regese.ch\/fussball\/wp-content\/uploads\/2025\/05\/FC-Prishtina-FCK05_28-05-25-47.jpg' alt='' class='envira_noscript_images ' \/><img src='https:\/\/regese.ch\/fussball\/wp-content\/uploads\/2025\/05\/FC-Prishtina-FCK05_28-05-25-48.jpg' alt='' class='envira_noscript_images ' \/><img src='https:\/\/regese.ch\/fussball\/wp-content\/uploads\/2025\/05\/FC-Prishtina-FCK05_28-05-25-49.jpg' alt='' class='envira_noscript_images ' \/><img src='https:\/\/regese.ch\/fussball\/wp-content\/uploads\/2025\/05\/FC-Prishtina-FCK05_28-05-25-50.jpg' alt='' class='envira_noscript_images ' \/><img src='https:\/\/regese.ch\/fussball\/wp-content\/uploads\/2025\/05\/FC-Prishtina-FCK05_28-05-25-51.jpg' alt='' class='envira_noscript_images ' \/><img src='https:\/\/regese.ch\/fussball\/wp-content\/uploads\/2025\/05\/FC-Prishtina-FCK05_28-05-25-52.jpg' alt='' class='envira_noscript_images ' \/><img src='https:\/\/regese.ch\/fussball\/wp-content\/uploads\/2025\/05\/FC-Prishtina-FCK05_28-05-25-53.jpg' alt='' class='envira_noscript_images ' \/><img src='https:\/\/regese.ch\/fussball\/wp-content\/uploads\/2025\/05\/FC-Prishtina-FCK05_28-05-25-54.jpg' alt='' class='envira_noscript_images ' \/><img src='https:\/\/regese.ch\/fussball\/wp-content\/uploads\/2025\/05\/FC-Prishtina-FCK05_28-05-25-55.jpg' alt='' class='envira_noscript_images ' \/><img src='https:\/\/regese.ch\/fussball\/wp-content\/uploads\/2025\/05\/FC-Prishtina-FCK05_28-05-25-56.jpg' alt='' class='envira_noscript_images ' \/><img src='https:\/\/regese.ch\/fussball\/wp-content\/uploads\/2025\/05\/FC-Prishtina-FCK05_28-05-25-57.jpg' alt='' class='envira_noscript_images ' \/><img src='https:\/\/regese.ch\/fussball\/wp-content\/uploads\/2025\/05\/FC-Prishtina-FCK05_28-05-25-58.jpg' alt='' class='envira_noscript_images ' \/><img src='https:\/\/regese.ch\/fussball\/wp-content\/uploads\/2025\/05\/FC-Prishtina-FCK05_28-05-25-59.jpg' alt='' class='envira_noscript_images ' \/><img src='https:\/\/regese.ch\/fussball\/wp-content\/uploads\/2025\/05\/FC-Prishtina-FCK05_28-05-25-60.jpg' alt='' class='envira_noscript_images ' \/><img src='https:\/\/regese.ch\/fussball\/wp-content\/uploads\/2025\/05\/FC-Prishtina-FCK05_28-05-25-61.jpg' alt='' class='envira_noscript_images ' \/><img src='https:\/\/regese.ch\/fussball\/wp-content\/uploads\/2025\/05\/FC-Prishtina-FCK05_28-05-25-62.jpg' alt='' class='envira_noscript_images ' \/><img src='https:\/\/regese.ch\/fussball\/wp-content\/uploads\/2025\/05\/FC-Prishtina-FCK05_28-05-25-63.jpg' alt='' class='envira_noscript_images ' \/><img src='https:\/\/regese.ch\/fussball\/wp-content\/uploads\/2025\/05\/FC-Prishtina-FCK05_28-05-25-64.jpg' alt='' class='envira_noscript_images ' \/><img src='https:\/\/regese.ch\/fussball\/wp-content\/uploads\/2025\/05\/FC-Prishtina-FCK05_28-05-25-65.jpg' alt='' class='envira_noscript_images ' \/><img src='https:\/\/regese.ch\/fussball\/wp-content\/uploads\/2025\/05\/FC-Prishtina-FCK05_28-05-25-66.jpg' alt='' class='envira_noscript_images ' \/><img src='https:\/\/regese.ch\/fussball\/wp-content\/uploads\/2025\/05\/FC-Prishtina-FCK05_28-05-25-67.jpg' alt='' class='envira_noscript_images ' \/><img src='https:\/\/regese.ch\/fussball\/wp-content\/uploads\/2025\/05\/FC-Prishtina-FCK05_28-05-25-68.jpg' alt='' class='envira_noscript_images ' \/><img src='https:\/\/regese.ch\/fussball\/wp-content\/uploads\/2025\/05\/FC-Prishtina-FCK05_28-05-25-69.jpg' alt='' class='envira_noscript_images ' \/><img src='https:\/\/regese.ch\/fussball\/wp-content\/uploads\/2025\/05\/FC-Prishtina-FCK05_28-05-25-70.jpg' alt='' class='envira_noscript_images ' \/><img src='https:\/\/regese.ch\/fussball\/wp-content\/uploads\/2025\/05\/FC-Prishtina-FCK05_28-05-25-71.jpg' alt='' class='envira_noscript_images ' \/><img src='https:\/\/regese.ch\/fussball\/wp-content\/uploads\/2025\/05\/FC-Prishtina-FCK05_28-05-25-72.jpg' alt='' class='envira_noscript_images ' \/><img src='https:\/\/regese.ch\/fussball\/wp-content\/uploads\/2025\/05\/FC-Prishtina-FCK05_28-05-25-73.jpg' alt='' class='envira_noscript_images ' \/><img src='https:\/\/regese.ch\/fussball\/wp-content\/uploads\/2025\/05\/FC-Prishtina-FCK05_28-05-25-74.jpg' alt='' class='envira_noscript_images ' \/><img src='https:\/\/regese.ch\/fussball\/wp-content\/uploads\/2025\/05\/FC-Prishtina-FCK05_28-05-25-75.jpg' alt='' class='envira_noscript_images ' \/><img src='https:\/\/regese.ch\/fussball\/wp-content\/uploads\/2025\/05\/FC-Prishtina-FCK05_28-05-25-76.jpg' alt='' class='envira_noscript_images ' \/><img src='https:\/\/regese.ch\/fussball\/wp-content\/uploads\/2025\/05\/FC-Prishtina-FCK05_28-05-25-77.jpg' alt='' class='envira_noscript_images ' \/><img src='https:\/\/regese.ch\/fussball\/wp-content\/uploads\/2025\/05\/FC-Prishtina-FCK05_28-05-25-78.jpg' alt='' class='envira_noscript_images ' \/><img src='https:\/\/regese.ch\/fussball\/wp-content\/uploads\/2025\/05\/FC-Prishtina-FCK05_28-05-25-79.jpg' alt='' class='envira_noscript_images ' \/><img src='https:\/\/regese.ch\/fussball\/wp-content\/uploads\/2025\/05\/FC-Prishtina-FCK05_28-05-25-80.jpg' alt='' class='envira_noscript_images ' \/><img src='https:\/\/regese.ch\/fussball\/wp-content\/uploads\/2025\/05\/FC-Prishtina-FCK05_28-05-25-81.jpg' alt='' class='envira_noscript_images ' \/><img src='https:\/\/regese.ch\/fussball\/wp-content\/uploads\/2025\/05\/Felle-haelt-1.jpg' alt='' class='envira_noscript_images ' \/><img src='https:\/\/regese.ch\/fussball\/wp-content\/uploads\/2025\/05\/Felle-haelt-2.jpg' alt='' class='envira_noscript_images ' \/><img src='https:\/\/regese.ch\/fussball\/wp-content\/uploads\/2025\/05\/Felle-haelt-3.jpg' alt='' class='envira_noscript_images ' \/><img src='https:\/\/regese.ch\/fussball\/wp-content\/uploads\/2025\/05\/Felle-haelt-4.jpg' alt='' class='envira_noscript_images ' \/><img src='https:\/\/regese.ch\/fussball\/wp-content\/uploads\/2025\/05\/Felle-haelt-5.jpg' alt='' class='envira_noscript_images ' \/><img src='https:\/\/regese.ch\/fussball\/wp-content\/uploads\/2025\/05\/Felle-haelt-6.jpg' alt='' class='envira_noscript_images ' \/><\/noscript><\/div>\n\n\n\n<div data-wp-interactive=\"core\/file\" class=\"wp-block-file\"><object data-wp-bind--hidden=\"!state.hasPdfPreview\" hidden class=\"wp-block-file__embed\" data=\"https:\/\/regese.ch\/fussball\/wp-content\/uploads\/2025\/05\/Aufstiegs-Playoff_-FC-Kreuzlingen-gewinnt-bei-Prishtina-Bern-2_0.pdf\" type=\"application\/pdf\" style=\"width:100%;height:600px\" aria-label=\"Einbettung von Aufstiegs-Playoff FC Kreuzlingen gewinnt bei Prishtina Bern 2_0.\"><\/object><a id=\"wp-block-file--media-e99ac808-02ab-444c-a5bc-9cc46fff93ce\" href=\"https:\/\/regese.ch\/fussball\/wp-content\/uploads\/2025\/05\/Aufstiegs-Playoff_-FC-Kreuzlingen-gewinnt-bei-Prishtina-Bern-2_0.pdf\">Aufstiegs-Playoff FC Kreuzlingen gewinnt bei Prishtina Bern 2_0<\/a><a href=\"https:\/\/regese.ch\/fussball\/wp-content\/uploads\/2025\/05\/Aufstiegs-Playoff_-FC-Kreuzlingen-gewinnt-bei-Prishtina-Bern-2_0.pdf\" class=\"wp-block-file__button wp-element-button\" download aria-describedby=\"wp-block-file--media-e99ac808-02ab-444c-a5bc-9cc46fff93ce\">Download<\/a><\/div>\n\n\n\n<p>Auf instagram folgen<\/p>\n\n\n\n<figure class=\"wp-block-image\" id=\"block-945f2e57-4048-4b18-98cd-e7792ac1fc64\"><img decoding=\"async\" src=\"https:\/\/regese.ch\/fussball\/wp-content\/uploads\/2022\/08\/fck05_ese_qr4-261x300.png\" alt=\"This image has an empty alt attribute; its file name is fck05_ese_qr4-261x300.png\"\/><\/figure>\n\n\n\n<p id=\"block-c7331b14-4dad-4026-8eba-6eff6bf3f1ef\">Aktuelle Tabelle Saison 24 &#8211; 25<\/p>\n\n\n<div id=\"fp-widget_root-2kBjKW1i1pAKFtRk3frbeczhnOn\"><a href=\"https:\/\/www.fupa.net\/club\/fc-kreuzlingen\" target=\"_blank\" rel=\"noopener\">FC Kreuzlingen auf FuPa<\/a><\/div>\n<p><script src=\"https:\/\/widget-api.fupa.net\/vendor\/widget.js?v1\"><\/script><\/p>\n\n\n\n<p>Unser Spielplan f\u00fcr die Saison 24 &#8211; 25:<\/p>\n\n\n\n<p><\/p>\n\n\n<div id=\"fp-widget_root-2kBj3ZHUcadlhP26bAp3GmBaeya\"><a href=\"https:\/\/www.fupa.net\/club\/fc-kreuzlingen\" target=\"_blank\" rel=\"noopener\">FC Kreuzlingen auf FuPa<\/a><\/div>\n<p><script src=\"https:\/\/widget-api.fupa.net\/vendor\/widget.js?v1\"><\/script><\/p>\n\n\n\n<p><\/p>\n","protected":false},"excerpt":{"rendered":"<p>Wahnsinn, was unsere Mannschaft im Ausw\u00e4rtsspiel abgeliefert hat! Mit einem verdienten 2:0 Sieg hat sie das Tor zum Finalspiel weit aufgestossen! Aber alles der Reihe nach.. Als Meister der 1. Liga Classic Gruppe 3 hat sich unser FCK f\u00fcr die Playoff-Spiele um den Aufstieg qualifiziert. Unser erster Gegner heisst FC Pristhina Bern. Einen tollen, lesenswerten &#8230; <a title=\"FC Pristhina Bern &#8211; FCK 05 &#8211; Playoffspiel &#8211; 28- 05 &#8211; 2025\" class=\"read-more\" href=\"https:\/\/regese.ch\/fussball\/fc-pristhina-bern-fck-05-playoffspiel-28-05-2025\/\" aria-label=\"Read more about FC Pristhina Bern &#8211; FCK 05 &#8211; Playoffspiel &#8211; 28- 05 &#8211; 2025\">Read more<\/a><\/p>\n","protected":false},"author":1,"featured_media":20634,"comment_status":"open","ping_status":"closed","sticky":false,"template":"","format":"standard","meta":{"footnotes":""},"categories":[113,20],"tags":[],"class_list":["post-20605","post","type-post","status-publish","format-standard","has-post-thumbnail","hentry","category-fck-05-saison-24-25","category-fussballblicke"],"yoast_head":"<!-- This site is optimized with the Yoast SEO plugin v27.4 - https:\/\/yoast.com\/product\/yoast-seo-wordpress\/ -->\n<title>FC Pristhina Bern - FCK 05 - Playoffspiel - 28- 05 - 2025 | Fussballblicke | Erich Seeger<\/title>\n<meta name=\"robots\" content=\"index, follow, max-snippet:-1, max-image-preview:large, max-video-preview:-1\" \/>\n<link rel=\"canonical\" href=\"https:\/\/regese.ch\/fussball\/fc-pristhina-bern-fck-05-playoffspiel-28-05-2025\/\" \/>\n<meta property=\"og:locale\" content=\"de_DE\" \/>\n<meta property=\"og:type\" content=\"article\" \/>\n<meta property=\"og:title\" content=\"FC Pristhina Bern - FCK 05 - Playoffspiel - 28- 05 - 2025 | Fussballblicke | Erich Seeger\" \/>\n<meta property=\"og:description\" content=\"Wahnsinn, was unsere Mannschaft im Ausw\u00e4rtsspiel abgeliefert hat! Mit einem verdienten 2:0 Sieg hat sie das Tor zum Finalspiel weit aufgestossen! Aber alles der Reihe nach.. Als Meister der 1. Liga Classic Gruppe 3 hat sich unser FCK f\u00fcr die Playoff-Spiele um den Aufstieg qualifiziert. Unser erster Gegner heisst FC Pristhina Bern. Einen tollen, lesenswerten ... Read more\" \/>\n<meta property=\"og:url\" content=\"https:\/\/regese.ch\/fussball\/fc-pristhina-bern-fck-05-playoffspiel-28-05-2025\/\" \/>\n<meta property=\"og:site_name\" content=\"Fussballblicke\" \/>\n<meta property=\"article:published_time\" content=\"2025-05-29T17:29:28+00:00\" \/>\n<meta property=\"article:modified_time\" content=\"2025-05-29T18:05:29+00:00\" \/>\n<meta property=\"og:image\" content=\"https:\/\/regese.ch\/fussball\/wp-content\/uploads\/2025\/05\/FC-Prishtina-FCK05_28-05-25-26.jpg\" \/>\n\t<meta property=\"og:image:width\" content=\"2000\" \/>\n\t<meta property=\"og:image:height\" content=\"1333\" \/>\n\t<meta property=\"og:image:type\" content=\"image\/jpeg\" \/>\n<meta name=\"author\" content=\"admin\" \/>\n<meta name=\"twitter:card\" content=\"summary_large_image\" \/>\n<meta name=\"twitter:label1\" content=\"Geschrieben von\" \/>\n\t<meta name=\"twitter:data1\" content=\"admin\" \/>\n\t<meta name=\"twitter:label2\" content=\"Gesch\u00e4tzte Lesezeit\" \/>\n\t<meta name=\"twitter:data2\" content=\"6\u00a0Minuten\" \/>\n<script type=\"application\/ld+json\" class=\"yoast-schema-graph\">{\"@context\":\"https:\\\/\\\/schema.org\",\"@graph\":[{\"@type\":\"Article\",\"@id\":\"https:\\\/\\\/regese.ch\\\/fussball\\\/fc-pristhina-bern-fck-05-playoffspiel-28-05-2025\\\/#article\",\"isPartOf\":{\"@id\":\"https:\\\/\\\/regese.ch\\\/fussball\\\/fc-pristhina-bern-fck-05-playoffspiel-28-05-2025\\\/\"},\"author\":{\"name\":\"admin\",\"@id\":\"https:\\\/\\\/regese.ch\\\/fussball\\\/#\\\/schema\\\/person\\\/ddd2578315ccba2ed485145ed081d710\"},\"headline\":\"FC Pristhina Bern &#8211; FCK 05 &#8211; Playoffspiel &#8211; 28- 05 &#8211; 2025\",\"datePublished\":\"2025-05-29T17:29:28+00:00\",\"dateModified\":\"2025-05-29T18:05:29+00:00\",\"mainEntityOfPage\":{\"@id\":\"https:\\\/\\\/regese.ch\\\/fussball\\\/fc-pristhina-bern-fck-05-playoffspiel-28-05-2025\\\/\"},\"wordCount\":443,\"commentCount\":0,\"publisher\":{\"@id\":\"https:\\\/\\\/regese.ch\\\/fussball\\\/#\\\/schema\\\/person\\\/ddd2578315ccba2ed485145ed081d710\"},\"image\":{\"@id\":\"https:\\\/\\\/regese.ch\\\/fussball\\\/fc-pristhina-bern-fck-05-playoffspiel-28-05-2025\\\/#primaryimage\"},\"thumbnailUrl\":\"https:\\\/\\\/regese.ch\\\/fussball\\\/wp-content\\\/uploads\\\/2025\\\/05\\\/FC-Prishtina-FCK05_28-05-25-26.jpg\",\"articleSection\":[\"FCK 05 Saison 24-25\",\"Fussballblicke\"],\"inLanguage\":\"de-CH\",\"potentialAction\":[{\"@type\":\"CommentAction\",\"name\":\"Comment\",\"target\":[\"https:\\\/\\\/regese.ch\\\/fussball\\\/fc-pristhina-bern-fck-05-playoffspiel-28-05-2025\\\/#respond\"]}]},{\"@type\":\"WebPage\",\"@id\":\"https:\\\/\\\/regese.ch\\\/fussball\\\/fc-pristhina-bern-fck-05-playoffspiel-28-05-2025\\\/\",\"url\":\"https:\\\/\\\/regese.ch\\\/fussball\\\/fc-pristhina-bern-fck-05-playoffspiel-28-05-2025\\\/\",\"name\":\"FC Pristhina Bern - FCK 05 - Playoffspiel - 28- 05 - 2025 | Fussballblicke | Erich Seeger\",\"isPartOf\":{\"@id\":\"https:\\\/\\\/regese.ch\\\/fussball\\\/#website\"},\"primaryImageOfPage\":{\"@id\":\"https:\\\/\\\/regese.ch\\\/fussball\\\/fc-pristhina-bern-fck-05-playoffspiel-28-05-2025\\\/#primaryimage\"},\"image\":{\"@id\":\"https:\\\/\\\/regese.ch\\\/fussball\\\/fc-pristhina-bern-fck-05-playoffspiel-28-05-2025\\\/#primaryimage\"},\"thumbnailUrl\":\"https:\\\/\\\/regese.ch\\\/fussball\\\/wp-content\\\/uploads\\\/2025\\\/05\\\/FC-Prishtina-FCK05_28-05-25-26.jpg\",\"datePublished\":\"2025-05-29T17:29:28+00:00\",\"dateModified\":\"2025-05-29T18:05:29+00:00\",\"breadcrumb\":{\"@id\":\"https:\\\/\\\/regese.ch\\\/fussball\\\/fc-pristhina-bern-fck-05-playoffspiel-28-05-2025\\\/#breadcrumb\"},\"inLanguage\":\"de-CH\",\"potentialAction\":[{\"@type\":\"ReadAction\",\"target\":[\"https:\\\/\\\/regese.ch\\\/fussball\\\/fc-pristhina-bern-fck-05-playoffspiel-28-05-2025\\\/\"]}]},{\"@type\":\"ImageObject\",\"inLanguage\":\"de-CH\",\"@id\":\"https:\\\/\\\/regese.ch\\\/fussball\\\/fc-pristhina-bern-fck-05-playoffspiel-28-05-2025\\\/#primaryimage\",\"url\":\"https:\\\/\\\/regese.ch\\\/fussball\\\/wp-content\\\/uploads\\\/2025\\\/05\\\/FC-Prishtina-FCK05_28-05-25-26.jpg\",\"contentUrl\":\"https:\\\/\\\/regese.ch\\\/fussball\\\/wp-content\\\/uploads\\\/2025\\\/05\\\/FC-Prishtina-FCK05_28-05-25-26.jpg\",\"width\":2000,\"height\":1333},{\"@type\":\"BreadcrumbList\",\"@id\":\"https:\\\/\\\/regese.ch\\\/fussball\\\/fc-pristhina-bern-fck-05-playoffspiel-28-05-2025\\\/#breadcrumb\",\"itemListElement\":[{\"@type\":\"ListItem\",\"position\":1,\"name\":\"Home\",\"item\":\"https:\\\/\\\/regese.ch\\\/fussball\\\/\"},{\"@type\":\"ListItem\",\"position\":2,\"name\":\"FC Pristhina Bern &#8211; FCK 05 &#8211; Playoffspiel &#8211; 28- 05 &#8211; 2025\"}]},{\"@type\":\"WebSite\",\"@id\":\"https:\\\/\\\/regese.ch\\\/fussball\\\/#website\",\"url\":\"https:\\\/\\\/regese.ch\\\/fussball\\\/\",\"name\":\"Fussballblicke | Fussballbilder vom FC Kreuzlingen. Und mehr\",\"description\":\"\",\"publisher\":{\"@id\":\"https:\\\/\\\/regese.ch\\\/fussball\\\/#\\\/schema\\\/person\\\/ddd2578315ccba2ed485145ed081d710\"},\"alternateName\":\"Fussballbilder FC Kreuzlingen\",\"potentialAction\":[{\"@type\":\"SearchAction\",\"target\":{\"@type\":\"EntryPoint\",\"urlTemplate\":\"https:\\\/\\\/regese.ch\\\/fussball\\\/?s={search_term_string}\"},\"query-input\":{\"@type\":\"PropertyValueSpecification\",\"valueRequired\":true,\"valueName\":\"search_term_string\"}}],\"inLanguage\":\"de-CH\"},{\"@type\":[\"Person\",\"Organization\"],\"@id\":\"https:\\\/\\\/regese.ch\\\/fussball\\\/#\\\/schema\\\/person\\\/ddd2578315ccba2ed485145ed081d710\",\"name\":\"admin\",\"image\":{\"@type\":\"ImageObject\",\"inLanguage\":\"de-CH\",\"@id\":\"https:\\\/\\\/regese.ch\\\/fussball\\\/wp-content\\\/uploads\\\/2022\\\/03\\\/cropped-AdobeStock_294761021-fUSSBALLBLICK-Breit.png\",\"url\":\"https:\\\/\\\/regese.ch\\\/fussball\\\/wp-content\\\/uploads\\\/2022\\\/03\\\/cropped-AdobeStock_294761021-fUSSBALLBLICK-Breit.png\",\"contentUrl\":\"https:\\\/\\\/regese.ch\\\/fussball\\\/wp-content\\\/uploads\\\/2022\\\/03\\\/cropped-AdobeStock_294761021-fUSSBALLBLICK-Breit.png\",\"width\":1500,\"height\":300,\"caption\":\"admin\"},\"logo\":{\"@id\":\"https:\\\/\\\/regese.ch\\\/fussball\\\/wp-content\\\/uploads\\\/2022\\\/03\\\/cropped-AdobeStock_294761021-fUSSBALLBLICK-Breit.png\"},\"sameAs\":[\"instagram.com\\\/fck05_ese\"]}]}<\/script>\n<!-- \/ Yoast SEO plugin. -->","yoast_head_json":{"title":"FC Pristhina Bern - FCK 05 - Playoffspiel - 28- 05 - 2025 | Fussballblicke | Erich Seeger","robots":{"index":"index","follow":"follow","max-snippet":"max-snippet:-1","max-image-preview":"max-image-preview:large","max-video-preview":"max-video-preview:-1"},"canonical":"https:\/\/regese.ch\/fussball\/fc-pristhina-bern-fck-05-playoffspiel-28-05-2025\/","og_locale":"de_DE","og_type":"article","og_title":"FC Pristhina Bern - FCK 05 - Playoffspiel - 28- 05 - 2025 | Fussballblicke | Erich Seeger","og_description":"Wahnsinn, was unsere Mannschaft im Ausw\u00e4rtsspiel abgeliefert hat! Mit einem verdienten 2:0 Sieg hat sie das Tor zum Finalspiel weit aufgestossen! Aber alles der Reihe nach.. Als Meister der 1. Liga Classic Gruppe 3 hat sich unser FCK f\u00fcr die Playoff-Spiele um den Aufstieg qualifiziert. Unser erster Gegner heisst FC Pristhina Bern. Einen tollen, lesenswerten ... Read more","og_url":"https:\/\/regese.ch\/fussball\/fc-pristhina-bern-fck-05-playoffspiel-28-05-2025\/","og_site_name":"Fussballblicke","article_published_time":"2025-05-29T17:29:28+00:00","article_modified_time":"2025-05-29T18:05:29+00:00","og_image":[{"width":2000,"height":1333,"url":"https:\/\/regese.ch\/fussball\/wp-content\/uploads\/2025\/05\/FC-Prishtina-FCK05_28-05-25-26.jpg","type":"image\/jpeg"}],"author":"admin","twitter_card":"summary_large_image","twitter_misc":{"Geschrieben von":"admin","Gesch\u00e4tzte Lesezeit":"6\u00a0Minuten"},"schema":{"@context":"https:\/\/schema.org","@graph":[{"@type":"Article","@id":"https:\/\/regese.ch\/fussball\/fc-pristhina-bern-fck-05-playoffspiel-28-05-2025\/#article","isPartOf":{"@id":"https:\/\/regese.ch\/fussball\/fc-pristhina-bern-fck-05-playoffspiel-28-05-2025\/"},"author":{"name":"admin","@id":"https:\/\/regese.ch\/fussball\/#\/schema\/person\/ddd2578315ccba2ed485145ed081d710"},"headline":"FC Pristhina Bern &#8211; FCK 05 &#8211; Playoffspiel &#8211; 28- 05 &#8211; 2025","datePublished":"2025-05-29T17:29:28+00:00","dateModified":"2025-05-29T18:05:29+00:00","mainEntityOfPage":{"@id":"https:\/\/regese.ch\/fussball\/fc-pristhina-bern-fck-05-playoffspiel-28-05-2025\/"},"wordCount":443,"commentCount":0,"publisher":{"@id":"https:\/\/regese.ch\/fussball\/#\/schema\/person\/ddd2578315ccba2ed485145ed081d710"},"image":{"@id":"https:\/\/regese.ch\/fussball\/fc-pristhina-bern-fck-05-playoffspiel-28-05-2025\/#primaryimage"},"thumbnailUrl":"https:\/\/regese.ch\/fussball\/wp-content\/uploads\/2025\/05\/FC-Prishtina-FCK05_28-05-25-26.jpg","articleSection":["FCK 05 Saison 24-25","Fussballblicke"],"inLanguage":"de-CH","potentialAction":[{"@type":"CommentAction","name":"Comment","target":["https:\/\/regese.ch\/fussball\/fc-pristhina-bern-fck-05-playoffspiel-28-05-2025\/#respond"]}]},{"@type":"WebPage","@id":"https:\/\/regese.ch\/fussball\/fc-pristhina-bern-fck-05-playoffspiel-28-05-2025\/","url":"https:\/\/regese.ch\/fussball\/fc-pristhina-bern-fck-05-playoffspiel-28-05-2025\/","name":"FC Pristhina Bern - FCK 05 - Playoffspiel - 28- 05 - 2025 | Fussballblicke | Erich Seeger","isPartOf":{"@id":"https:\/\/regese.ch\/fussball\/#website"},"primaryImageOfPage":{"@id":"https:\/\/regese.ch\/fussball\/fc-pristhina-bern-fck-05-playoffspiel-28-05-2025\/#primaryimage"},"image":{"@id":"https:\/\/regese.ch\/fussball\/fc-pristhina-bern-fck-05-playoffspiel-28-05-2025\/#primaryimage"},"thumbnailUrl":"https:\/\/regese.ch\/fussball\/wp-content\/uploads\/2025\/05\/FC-Prishtina-FCK05_28-05-25-26.jpg","datePublished":"2025-05-29T17:29:28+00:00","dateModified":"2025-05-29T18:05:29+00:00","breadcrumb":{"@id":"https:\/\/regese.ch\/fussball\/fc-pristhina-bern-fck-05-playoffspiel-28-05-2025\/#breadcrumb"},"inLanguage":"de-CH","potentialAction":[{"@type":"ReadAction","target":["https:\/\/regese.ch\/fussball\/fc-pristhina-bern-fck-05-playoffspiel-28-05-2025\/"]}]},{"@type":"ImageObject","inLanguage":"de-CH","@id":"https:\/\/regese.ch\/fussball\/fc-pristhina-bern-fck-05-playoffspiel-28-05-2025\/#primaryimage","url":"https:\/\/regese.ch\/fussball\/wp-content\/uploads\/2025\/05\/FC-Prishtina-FCK05_28-05-25-26.jpg","contentUrl":"https:\/\/regese.ch\/fussball\/wp-content\/uploads\/2025\/05\/FC-Prishtina-FCK05_28-05-25-26.jpg","width":2000,"height":1333},{"@type":"BreadcrumbList","@id":"https:\/\/regese.ch\/fussball\/fc-pristhina-bern-fck-05-playoffspiel-28-05-2025\/#breadcrumb","itemListElement":[{"@type":"ListItem","position":1,"name":"Home","item":"https:\/\/regese.ch\/fussball\/"},{"@type":"ListItem","position":2,"name":"FC Pristhina Bern &#8211; FCK 05 &#8211; Playoffspiel &#8211; 28- 05 &#8211; 2025"}]},{"@type":"WebSite","@id":"https:\/\/regese.ch\/fussball\/#website","url":"https:\/\/regese.ch\/fussball\/","name":"Fussballblicke | Fussballbilder vom FC Kreuzlingen. Und mehr","description":"","publisher":{"@id":"https:\/\/regese.ch\/fussball\/#\/schema\/person\/ddd2578315ccba2ed485145ed081d710"},"alternateName":"Fussballbilder FC Kreuzlingen","potentialAction":[{"@type":"SearchAction","target":{"@type":"EntryPoint","urlTemplate":"https:\/\/regese.ch\/fussball\/?s={search_term_string}"},"query-input":{"@type":"PropertyValueSpecification","valueRequired":true,"valueName":"search_term_string"}}],"inLanguage":"de-CH"},{"@type":["Person","Organization"],"@id":"https:\/\/regese.ch\/fussball\/#\/schema\/person\/ddd2578315ccba2ed485145ed081d710","name":"admin","image":{"@type":"ImageObject","inLanguage":"de-CH","@id":"https:\/\/regese.ch\/fussball\/wp-content\/uploads\/2022\/03\/cropped-AdobeStock_294761021-fUSSBALLBLICK-Breit.png","url":"https:\/\/regese.ch\/fussball\/wp-content\/uploads\/2022\/03\/cropped-AdobeStock_294761021-fUSSBALLBLICK-Breit.png","contentUrl":"https:\/\/regese.ch\/fussball\/wp-content\/uploads\/2022\/03\/cropped-AdobeStock_294761021-fUSSBALLBLICK-Breit.png","width":1500,"height":300,"caption":"admin"},"logo":{"@id":"https:\/\/regese.ch\/fussball\/wp-content\/uploads\/2022\/03\/cropped-AdobeStock_294761021-fUSSBALLBLICK-Breit.png"},"sameAs":["instagram.com\/fck05_ese"]}]}},"_links":{"self":[{"href":"https:\/\/regese.ch\/fussball\/wp-json\/wp\/v2\/posts\/20605","targetHints":{"allow":["GET"]}}],"collection":[{"href":"https:\/\/regese.ch\/fussball\/wp-json\/wp\/v2\/posts"}],"about":[{"href":"https:\/\/regese.ch\/fussball\/wp-json\/wp\/v2\/types\/post"}],"author":[{"embeddable":true,"href":"https:\/\/regese.ch\/fussball\/wp-json\/wp\/v2\/users\/1"}],"replies":[{"embeddable":true,"href":"https:\/\/regese.ch\/fussball\/wp-json\/wp\/v2\/comments?post=20605"}],"version-history":[{"count":12,"href":"https:\/\/regese.ch\/fussball\/wp-json\/wp\/v2\/posts\/20605\/revisions"}],"predecessor-version":[{"id":20715,"href":"https:\/\/regese.ch\/fussball\/wp-json\/wp\/v2\/posts\/20605\/revisions\/20715"}],"wp:featuredmedia":[{"embeddable":true,"href":"https:\/\/regese.ch\/fussball\/wp-json\/wp\/v2\/media\/20634"}],"wp:attachment":[{"href":"https:\/\/regese.ch\/fussball\/wp-json\/wp\/v2\/media?parent=20605"}],"wp:term":[{"taxonomy":"category","embeddable":true,"href":"https:\/\/regese.ch\/fussball\/wp-json\/wp\/v2\/categories?post=20605"},{"taxonomy":"post_tag","embeddable":true,"href":"https:\/\/regese.ch\/fussball\/wp-json\/wp\/v2\/tags?post=20605"}],"curies":[{"name":"wp","href":"https:\/\/api.w.org\/{rel}","templated":true}]}}